{"id":10009,"date":"2020-04-22T16:09:29","date_gmt":"2020-04-22T14:09:29","guid":{"rendered":"https:\/\/news.save.ch\/?p=10009"},"modified":"2020-04-22T16:09:29","modified_gmt":"2020-04-22T14:09:29","slug":"5g-bundesrat-entscheidet-ueber-weiteres-vorgehen","status":null,"type":"post","link":"https:\/\/news.save.ch\/de\/5g-bundesrat-entscheidet-ueber-weiteres-vorgehen\/","title":{"rendered":"5G: Bundesrat entscheidet \u00fcber weiteres Vorgehen"},"content":{"rendered":"<figure id=\"attachment_10010\" aria-describedby=\"caption-attachment-10010\" style=\"width: 680px\" class=\"wp-caption aligncenter\"><img loading=\"lazy\" decoding=\"async\" class=\"wp-image-10010 size-medium\" src=\"https:\/\/news.save.ch\/wp-content\/uploads\/2020\/04\/Depositphotos_215436176_s-2019.jpg\" alt=\"5G\" width=\"680\" height=\"383\" srcset=\"https:\/\/news.save.ch\/wp-content\/uploads\/2020\/04\/Depositphotos_215436176_s-2019.jpg 1000w, https:\/\/news.save.ch\/wp-content\/uploads\/2020\/04\/Depositphotos_215436176_s-2019-375x211.jpg 375w\" sizes=\"auto, (max-width: 680px) 100vw, 680px\" \/><figcaption id=\"caption-attachment-10010\" class=\"wp-caption-text\">\u00a9 depositphotos, nirutdps<\/figcaption><\/figure>\n<p>Der Bundesrat hat am 22. April 2020 das weitere Vorgehen bez\u00fcglich der f\u00fcnften Generation des Mobilfunks (5G) festgelegt. Man habe dabei ber\u00fccksichtigt, dass 5G bei der Digitalisierung eine wichtige Rolle spiele. Gleichzeitig habe man dem Umstand Rechnung getragen, dass die Einf\u00fchrung des 5G-Standards sowie der Ausbau des 5G-Netzes in den Kantonen und in Teilen der Bev\u00f6lkerung Vorbehalte wecke. Man habe sich bei dem Entscheid ausserdem auf den Bericht der Arbeitsgruppe <a href=\"https:\/\/www.bafu.admin.ch\/bafu\/de\/home\/themen\/elektrosmog\/dossiers\/bericht-arbeitsgruppe-mobilfunk-und-strahlung.html\">\u00abMobilfunk und Strahlung\u00bb<\/a> abgest\u00fctzt, der seit November 2019 vorliege, so der Bundesrat.<\/p>\n<p><strong>Vollzugshilfe f\u00fcr adaptive Antennen<\/strong><\/p>\n<p>Zum weiteren Vorgehen geh\u00f6rt zun\u00e4chst, dass das Uvek eine Vollzugshilfe f\u00fcr den Umgang mit den neuen adaptiven Antennen erarbeiten wird, wie es in der bundesr\u00e4tlichen Mitteilung heisst. Adaptive Antennen w\u00fcrden Signale gezielt in Richtung der Nutzerinnen und Nutzer senden. Um Transparenz zu schaffen, wie stark die Bev\u00f6lkerung durch solche Antennen tats\u00e4chlich belastet w\u00fcrde, seien zun\u00e4chst Testmessungen notwendig. Gest\u00fctzt auf diese Ergebnisse werde das Uvek eine Vollzugshilfe erarbeiten. Bis diese vorliege, seien adaptive Antennen wie konventionelle Antennen zu beurteilen. Damit sei der Schutz der Bev\u00f6lkerung jederzeit gew\u00e4hrleistet, so die Pressemitteilung.<\/p>\n<p><strong>Anlagegrenzwerte werden beibehalten<\/strong><\/p>\n<p>Daneben hat der Bundesrat entschieden, die sechs begleitenden Massnahmen umzusetzen, welche die Arbeitsgruppe \u00abMobilfunk und Strahlung\u00bb in ihrem Bericht vorschl\u00e4gt: Priorit\u00e4t haben die Weiterentwicklung des Monitorings der Strahlenbelastung sowie die Schaffung der neuen umweltmedizinischen Beratungsstelle f\u00fcr nichtionisierende Strahlung. Zudem sind Vereinfachungen und Harmonisierungen im Vollzug, eine bessere Information der Bev\u00f6lkerung und eine Intensivierung der Forschung zu den gesundheitlichen Auswirkungen von Mobilfunk und Strahlung vorgesehen.<\/p>\n<p>Beibehalten m\u00f6chte der Bundesrat zurzeit die geltenden Anlagegrenzwerte zum Schutz der Bev\u00f6lkerung vor nichtionisierender Strahlung. Die Arbeitsgruppe habe sich in diesem Punkt nicht auf eine gemeinsame Empfehlung einigen k\u00f6nnen, heisst es. Das Parlament habe es in j\u00fcngerer Vergangenheit zweimal abgelehnt, die Grenzwerte f\u00fcr die Strahlenbelastung zu lockern.<\/p>\n<p><strong>Nachhaltiges Mobilfunknetz<\/strong><\/p>\n<p>Als weiteres Element f\u00fcr den Umgang mit Mobilfunk und 5G will das Uvek die Arbeiten zur Beantwortung des Postulats 19.4043 H\u00e4berli-Koller \u00abNachhaltiges Mobilfunknetz\u00bb rasch vorantreiben. Das Uvek wird dem Bundesrat bis Ende 2021 einen Bericht \u00fcber die M\u00f6glichkeiten zur nachhaltigen Ausgestaltung der Mobilfunknetze vorlegen. Dieser Bericht soll eine bessere Entscheidungsgrundlage auch f\u00fcr zuk\u00fcnftige Mobilfunktechnologien liefern, wie es abschliessend in der Pressemeldung des Bundesrates heisst.<\/p>\n<p><strong>Was sagt der \u00abVerein Schutz vor Strahlung\u00bb?<\/strong><\/p>\n<p>Der <a href=\"https:\/\/schutz-vor-strahlung.ch\/\">Verein \u00abSchutz vor Strahlung\u00bb<\/a> begr\u00fcsst die geplante Vorgehensweise, wenn auch unter gewissen Vorbehalten, wie er schreibt.<\/p>\n<p>Das Parlament habe in den vergangenen Jahren zwei Mal eine Erh\u00f6hung der Grenzwerte abgelehnt. So mache es nun auch der Bundesrat, der die aktuellen Grenzwerte nicht lockere. Der Verein \u00abSchutz vor Strahlung\u00bb freue sich \u00fcber diesen Entscheid. Zugleich mahnt er aber, dass in der k\u00fcnftigen Vollzugsempfehlung f\u00fcr adaptive Antennen auf jedenfall die maximale Leistung der Sendeanlage und kein gemittelter Wert ber\u00fccksichtigt werden d\u00fcrfe. Denn eine Mittelung w\u00fcrde einer indirekten Grenzwerterh\u00f6hung gleichkommen.<\/p>\n<p><strong>\u00dcbergangsregelung sch\u00fctzt ungen\u00fcgend<\/strong><\/p>\n<p>Das Uvek wird im Auftrag des Bundesrates, gest\u00fctzt auf Testmessungen, die Vollzugsempfehlung f\u00fcr adaptive Antennen erarbeiten. Bis diese vorl\u00e4ge, seien adaptive Antennen wie konventionelle Antennen zu beurteilen. Diese \u00dcbergangsregelung sch\u00fctzt laut Rebekka Meier vom Verein \u00abSchutz vor Strahlung\u00bb jedoch nicht vor einer \u00dcberschreitung der Grenzwerte: \u00abGem\u00e4ss \u00dcbergangsregelung vom Bundesrat wird derjenige Moment beurteilt, in dem die adaptive Antenne in die Breite strahlt (Abb. 1, siehe unten). Bei einer Fokussierung des Signals (Abb. 2, siehe unten) k\u00f6nnen unsere Grenzwerte jedoch \u00fcberschritten werden. Adaptive Antennen m\u00fcssen darum zwingend im Moment des maximalen Antennengewinns (Abb. 2) beurteilt werden, um den Vorsorgewert beizubehalten und d\u00fcrfen nicht wie herk\u00f6mmliche Antennen beurteilt werden.\u00bb<\/p>\n<p>Weiter k\u00f6nnen sich adaptive Antennen selbstst\u00e4ndig den Nutzerbed\u00fcrfnissen anpassen und ver\u00e4ndern bis zu 83 Millionen Mal pro Tag ihre Einstellungen, wie der Verein ferner schreibt. Kontrolliert w\u00fcrden sie jedoch nur ein Mal pro Tag, denn das vorhandene Qualit\u00e4tssicherungsystem ist laut Bundesamt f\u00fcr Umwelt nicht f\u00fcr adaptive Antennen weiterentwickelt worden. Solange, bis die Vollzugshilfe also nicht erarbeitet sei, existiere kein Qualit\u00e4tssicherungsystem f\u00fcr adaptive Antennen und damit keine Kontrolle.<\/p>\n<p>Der Verein fordert deshalb die Bau\u00e4mter auf, angesichts der grossen Unsicherheiten bez\u00fcglich Kontrolle, Messungen und Gesundheitsrisiken auf Baubewilligungen zu verzichten und die Verfahren bis auf Weiteres aufs Eis zu legen. Stattdessen sollten die Gemeinden den Fokus auf ein gemeindeeigenes Glasfasernetz legen.<\/p>\n<figure id=\"attachment_10015\" aria-describedby=\"caption-attachment-10015\" style=\"width: 680px\" class=\"wp-caption aligncenter\"><img loading=\"lazy\" decoding=\"async\" class=\"size-medium wp-image-10015\" src=\"https:\/\/news.save.ch\/wp-content\/uploads\/2020\/04\/Strahlung.jpg\" alt=\"\" width=\"680\" height=\"275\" \/><figcaption id=\"caption-attachment-10015\" class=\"wp-caption-text\">\u00a9 Verein <em>\u00ab<\/em>Schutz vor Strahlung\u00bb<\/figcaption><\/figure>\n<p>&nbsp;<\/p>\n<p><em>Quelle: Bundesrat, Verein\u00a0\u00abSchutz vor Strahlung\u00bb<\/em><\/p>\n<p><em>Siehe auch Artikel \u00ab<a href=\"https:\/\/news.save.ch\/eu-bewertet-sicherheitsrisiken-von-5g-netzen\/\">EU bewertet Sicherheitsrisiken von 5G-Netzen\u00bb<\/a><\/em><\/p>\n<p>&nbsp;<\/p>\n<p>&nbsp;<\/p>\n","protected":false},"excerpt":{"rendered":"<p>Der Bundesrat hat am 22. April 2020 das weitere Vorgehen bez\u00fcglich der f\u00fcnften Generation des Mobilfunks (5G) festgelegt. Man habe dabei ber\u00fccksichtigt, dass 5G bei der Digitalisierung eine wichtige Rolle spiele. Gleichzeitig habe man dem Umstand Rechnung getragen, dass die Einf\u00fchrung des 5G-Standards sowie der Ausbau des 5G-Netzes in den Kantonen und in Teilen der [&hellip;]<\/p>\n","protected":false},"author":8,"featured_media":10010,"comment_status":"closed","ping_status":"closed","sticky":false,"template":"","format":"standard","meta":{"_acf_changed":false,"pgc_sgb_lightbox_settings":"","footnotes":""},"categories":[1],"tags":[439,159,821,647,822],"class_list":["post-10009","post","type-post","status-publish","format-standard","has-post-thumbnail","hentry","category-allgemein","tag-5g","tag-digitalisierung","tag-mobilfunk","tag-mobilfunknetz","tag-verein-schutz-vor-strahlung"],"acf":[],"hkrextid":null,"publication":null,"issue":null,"workflow":null,"startPage":null,"spitzmarke":null,"_posts_by_tag_page_fields":{"widget_title":"","widget_tags":""},"_at_widget":"1","_yoast_wpseo_primary_category":"1","_yoast_wpseo_focuskw_text_input":"5G","_yoast_wpseo_opengraph-image":null,"_yoast_wpseo_opengraph-description":null,"_yoast_wpseo_opengraph-title":null,"enclosure":null,"_yoast_wpseo_twitter-title":null,"_yoast_wpseo_twitter-description":null,"_yoast_wpseo_twitter-image":null,"_wp_old_slug":null,"_yoast_wpseo_title":null,"_yoast_wpseo_canonical":null,"yoast_head":"<!-- This site is optimized with the Yoast SEO plugin v27.5 - https:\/\/yoast.com\/product\/yoast-seo-wordpress\/ -->\n<title>5G: Bundesrat entscheidet \u00fcber weiteres Vorgehen - Save<\/title>\n<meta name=\"description\" content=\"Der Bundesrat hat das weitere Vorgehen im Bereich Mobilfunk und 5G festgelegt.\" \/>\n<meta name=\"robots\" content=\"index, follow, max-snippet:-1, max-image-preview:large, max-video-preview:-1\" \/>\n<link rel=\"canonical\" href=\"https:\/\/news.save.ch\/de\/5g-bundesrat-entscheidet-ueber-weiteres-vorgehen\/\" \/>\n<meta property=\"og:locale\" content=\"de_DE\" \/>\n<meta property=\"og:type\" content=\"article\" \/>\n<meta property=\"og:title\" content=\"5G: Bundesrat entscheidet \u00fcber weiteres Vorgehen - Save\" \/>\n<meta property=\"og:description\" content=\"Der Bundesrat hat das weitere Vorgehen im Bereich Mobilfunk und 5G festgelegt.\" \/>\n<meta property=\"og:url\" content=\"https:\/\/news.save.ch\/de\/5g-bundesrat-entscheidet-ueber-weiteres-vorgehen\/\" \/>\n<meta property=\"og:site_name\" content=\"Save\" \/>\n<meta property=\"article:published_time\" content=\"2020-04-22T14:09:29+00:00\" \/>\n<meta property=\"og:image\" content=\"https:\/\/news.save.ch\/wp-content\/uploads\/2020\/04\/Depositphotos_215436176_s-2019.jpg\" \/>\n\t<meta property=\"og:image:width\" content=\"1000\" \/>\n\t<meta property=\"og:image:height\" content=\"563\" \/>\n\t<meta property=\"og:image:type\" content=\"image\/jpeg\" \/>\n<meta name=\"author\" content=\"Roger Str\u00e4ssle\" \/>\n<meta name=\"twitter:card\" content=\"summary_large_image\" \/>\n<meta name=\"twitter:label1\" content=\"Geschrieben von\" \/>\n\t<meta name=\"twitter:data1\" content=\"Roger Str\u00e4ssle\" \/>\n\t<meta name=\"twitter:label2\" content=\"Gesch\u00e4tzte Lesezeit\" \/>\n\t<meta name=\"twitter:data2\" content=\"4\u00a0Minuten\" \/>\n<script type=\"application\/ld+json\" class=\"yoast-schema-graph\">{\"@context\":\"https:\\\/\\\/schema.org\",\"@graph\":[{\"@type\":\"Article\",\"@id\":\"https:\\\/\\\/news.save.ch\\\/5g-bundesrat-entscheidet-ueber-weiteres-vorgehen\\\/#article\",\"isPartOf\":{\"@id\":\"https:\\\/\\\/news.save.ch\\\/5g-bundesrat-entscheidet-ueber-weiteres-vorgehen\\\/\"},\"author\":{\"name\":\"Roger Str\u00e4ssle\",\"@id\":\"https:\\\/\\\/news.save.ch\\\/de\\\/#\\\/schema\\\/person\\\/d5022db048e0e2b9785c50e5b24da5aa\"},\"headline\":\"5G: Bundesrat entscheidet \u00fcber weiteres Vorgehen\",\"datePublished\":\"2020-04-22T14:09:29+00:00\",\"mainEntityOfPage\":{\"@id\":\"https:\\\/\\\/news.save.ch\\\/5g-bundesrat-entscheidet-ueber-weiteres-vorgehen\\\/\"},\"wordCount\":766,\"publisher\":{\"@id\":\"https:\\\/\\\/news.save.ch\\\/de\\\/#organization\"},\"image\":{\"@id\":\"https:\\\/\\\/news.save.ch\\\/5g-bundesrat-entscheidet-ueber-weiteres-vorgehen\\\/#primaryimage\"},\"thumbnailUrl\":\"https:\\\/\\\/news.save.ch\\\/wp-content\\\/uploads\\\/2020\\\/04\\\/Depositphotos_215436176_s-2019.jpg\",\"keywords\":[\"5G\",\"Digitalisierung\",\"Mobilfunk\",\"Mobilfunknetz\",\"Verein \u00abSchutz vor Strahlung\u00bb\"],\"articleSection\":[\"ALLGEMEIN\"],\"inLanguage\":\"de\"},{\"@type\":\"WebPage\",\"@id\":\"https:\\\/\\\/news.save.ch\\\/5g-bundesrat-entscheidet-ueber-weiteres-vorgehen\\\/\",\"url\":\"https:\\\/\\\/news.save.ch\\\/5g-bundesrat-entscheidet-ueber-weiteres-vorgehen\\\/\",\"name\":\"5G: Bundesrat entscheidet \u00fcber weiteres Vorgehen - Save\",\"isPartOf\":{\"@id\":\"https:\\\/\\\/news.save.ch\\\/de\\\/#website\"},\"primaryImageOfPage\":{\"@id\":\"https:\\\/\\\/news.save.ch\\\/5g-bundesrat-entscheidet-ueber-weiteres-vorgehen\\\/#primaryimage\"},\"image\":{\"@id\":\"https:\\\/\\\/news.save.ch\\\/5g-bundesrat-entscheidet-ueber-weiteres-vorgehen\\\/#primaryimage\"},\"thumbnailUrl\":\"https:\\\/\\\/news.save.ch\\\/wp-content\\\/uploads\\\/2020\\\/04\\\/Depositphotos_215436176_s-2019.jpg\",\"datePublished\":\"2020-04-22T14:09:29+00:00\",\"description\":\"Der Bundesrat hat das weitere Vorgehen im Bereich Mobilfunk und 5G festgelegt.\",\"breadcrumb\":{\"@id\":\"https:\\\/\\\/news.save.ch\\\/5g-bundesrat-entscheidet-ueber-weiteres-vorgehen\\\/#breadcrumb\"},\"inLanguage\":\"de\",\"potentialAction\":[{\"@type\":\"ReadAction\",\"target\":[\"https:\\\/\\\/news.save.ch\\\/5g-bundesrat-entscheidet-ueber-weiteres-vorgehen\\\/\"]}]},{\"@type\":\"ImageObject\",\"inLanguage\":\"de\",\"@id\":\"https:\\\/\\\/news.save.ch\\\/5g-bundesrat-entscheidet-ueber-weiteres-vorgehen\\\/#primaryimage\",\"url\":\"https:\\\/\\\/news.save.ch\\\/wp-content\\\/uploads\\\/2020\\\/04\\\/Depositphotos_215436176_s-2019.jpg\",\"contentUrl\":\"https:\\\/\\\/news.save.ch\\\/wp-content\\\/uploads\\\/2020\\\/04\\\/Depositphotos_215436176_s-2019.jpg\",\"width\":1000,\"height\":563,\"caption\":\"\u00a9 depositphotos, nirutdps\"},{\"@type\":\"BreadcrumbList\",\"@id\":\"https:\\\/\\\/news.save.ch\\\/5g-bundesrat-entscheidet-ueber-weiteres-vorgehen\\\/#breadcrumb\",\"itemListElement\":[{\"@type\":\"ListItem\",\"position\":1,\"name\":\"Home\",\"item\":\"https:\\\/\\\/news.save.ch\\\/de\\\/\"},{\"@type\":\"ListItem\",\"position\":2,\"name\":\"5G: Bundesrat entscheidet \u00fcber weiteres Vorgehen\"}]},{\"@type\":\"WebSite\",\"@id\":\"https:\\\/\\\/news.save.ch\\\/de\\\/#website\",\"url\":\"https:\\\/\\\/news.save.ch\\\/de\\\/\",\"name\":\"Save\",\"description\":\"Schweizer Fachzeitschrift f\u00fcr Sicherheit\",\"publisher\":{\"@id\":\"https:\\\/\\\/news.save.ch\\\/de\\\/#organization\"},\"potentialAction\":[{\"@type\":\"SearchAction\",\"target\":{\"@type\":\"EntryPoint\",\"urlTemplate\":\"https:\\\/\\\/news.save.ch\\\/de\\\/?s={search_term_string}\"},\"query-input\":{\"@type\":\"PropertyValueSpecification\",\"valueRequired\":true,\"valueName\":\"search_term_string\"}}],\"inLanguage\":\"de\"},{\"@type\":\"Organization\",\"@id\":\"https:\\\/\\\/news.save.ch\\\/de\\\/#organization\",\"name\":\"Sicherheitsforum\",\"url\":\"https:\\\/\\\/news.save.ch\\\/de\\\/\",\"logo\":{\"@type\":\"ImageObject\",\"inLanguage\":\"de\",\"@id\":\"https:\\\/\\\/news.save.ch\\\/de\\\/#\\\/schema\\\/logo\\\/image\\\/\",\"url\":\"https:\\\/\\\/news.save.ch\\\/wp-content\\\/uploads\\\/2022\\\/06\\\/Logo_SF_2012.png\",\"contentUrl\":\"https:\\\/\\\/news.save.ch\\\/wp-content\\\/uploads\\\/2022\\\/06\\\/Logo_SF_2012.png\",\"width\":1100,\"height\":91,\"caption\":\"Sicherheitsforum\"},\"image\":{\"@id\":\"https:\\\/\\\/news.save.ch\\\/de\\\/#\\\/schema\\\/logo\\\/image\\\/\"}},{\"@type\":\"Person\",\"@id\":\"https:\\\/\\\/news.save.ch\\\/de\\\/#\\\/schema\\\/person\\\/d5022db048e0e2b9785c50e5b24da5aa\",\"name\":\"Roger Str\u00e4ssle\",\"image\":{\"@type\":\"ImageObject\",\"inLanguage\":\"de\",\"@id\":\"https:\\\/\\\/secure.gravatar.com\\\/avatar\\\/862a5569d087de48e5856e32f45d719a03804c891d6deb8d4f71a660e79e4a47?s=96&d=mm&r=g\",\"url\":\"https:\\\/\\\/secure.gravatar.com\\\/avatar\\\/862a5569d087de48e5856e32f45d719a03804c891d6deb8d4f71a660e79e4a47?s=96&d=mm&r=g\",\"contentUrl\":\"https:\\\/\\\/secure.gravatar.com\\\/avatar\\\/862a5569d087de48e5856e32f45d719a03804c891d6deb8d4f71a660e79e4a47?s=96&d=mm&r=g\",\"caption\":\"Roger Str\u00e4ssle\"},\"url\":\"https:\\\/\\\/news.save.ch\\\/de\\\/author\\\/roger-straessle\\\/\"}]}<\/script>\n<!-- \/ Yoast SEO plugin. -->","yoast_head_json":{"title":"5G: Bundesrat entscheidet \u00fcber weiteres Vorgehen - Save","description":"Der Bundesrat hat das weitere Vorgehen im Bereich Mobilfunk und 5G festgelegt.","robots":{"index":"index","follow":"follow","max-snippet":"max-snippet:-1","max-image-preview":"max-image-preview:large","max-video-preview":"max-video-preview:-1"},"canonical":"https:\/\/news.save.ch\/de\/5g-bundesrat-entscheidet-ueber-weiteres-vorgehen\/","og_locale":"de_DE","og_type":"article","og_title":"5G: Bundesrat entscheidet \u00fcber weiteres Vorgehen - Save","og_description":"Der Bundesrat hat das weitere Vorgehen im Bereich Mobilfunk und 5G festgelegt.","og_url":"https:\/\/news.save.ch\/de\/5g-bundesrat-entscheidet-ueber-weiteres-vorgehen\/","og_site_name":"Save","article_published_time":"2020-04-22T14:09:29+00:00","og_image":[{"width":1000,"height":563,"url":"https:\/\/news.save.ch\/wp-content\/uploads\/2020\/04\/Depositphotos_215436176_s-2019.jpg","type":"image\/jpeg"}],"author":"Roger Str\u00e4ssle","twitter_card":"summary_large_image","twitter_misc":{"Geschrieben von":"Roger Str\u00e4ssle","Gesch\u00e4tzte Lesezeit":"4\u00a0Minuten"},"schema":{"@context":"https:\/\/schema.org","@graph":[{"@type":"Article","@id":"https:\/\/news.save.ch\/5g-bundesrat-entscheidet-ueber-weiteres-vorgehen\/#article","isPartOf":{"@id":"https:\/\/news.save.ch\/5g-bundesrat-entscheidet-ueber-weiteres-vorgehen\/"},"author":{"name":"Roger Str\u00e4ssle","@id":"https:\/\/news.save.ch\/de\/#\/schema\/person\/d5022db048e0e2b9785c50e5b24da5aa"},"headline":"5G: Bundesrat entscheidet \u00fcber weiteres Vorgehen","datePublished":"2020-04-22T14:09:29+00:00","mainEntityOfPage":{"@id":"https:\/\/news.save.ch\/5g-bundesrat-entscheidet-ueber-weiteres-vorgehen\/"},"wordCount":766,"publisher":{"@id":"https:\/\/news.save.ch\/de\/#organization"},"image":{"@id":"https:\/\/news.save.ch\/5g-bundesrat-entscheidet-ueber-weiteres-vorgehen\/#primaryimage"},"thumbnailUrl":"https:\/\/news.save.ch\/wp-content\/uploads\/2020\/04\/Depositphotos_215436176_s-2019.jpg","keywords":["5G","Digitalisierung","Mobilfunk","Mobilfunknetz","Verein \u00abSchutz vor Strahlung\u00bb"],"articleSection":["ALLGEMEIN"],"inLanguage":"de"},{"@type":"WebPage","@id":"https:\/\/news.save.ch\/5g-bundesrat-entscheidet-ueber-weiteres-vorgehen\/","url":"https:\/\/news.save.ch\/5g-bundesrat-entscheidet-ueber-weiteres-vorgehen\/","name":"5G: Bundesrat entscheidet \u00fcber weiteres Vorgehen - Save","isPartOf":{"@id":"https:\/\/news.save.ch\/de\/#website"},"primaryImageOfPage":{"@id":"https:\/\/news.save.ch\/5g-bundesrat-entscheidet-ueber-weiteres-vorgehen\/#primaryimage"},"image":{"@id":"https:\/\/news.save.ch\/5g-bundesrat-entscheidet-ueber-weiteres-vorgehen\/#primaryimage"},"thumbnailUrl":"https:\/\/news.save.ch\/wp-content\/uploads\/2020\/04\/Depositphotos_215436176_s-2019.jpg","datePublished":"2020-04-22T14:09:29+00:00","description":"Der Bundesrat hat das weitere Vorgehen im Bereich Mobilfunk und 5G festgelegt.","breadcrumb":{"@id":"https:\/\/news.save.ch\/5g-bundesrat-entscheidet-ueber-weiteres-vorgehen\/#breadcrumb"},"inLanguage":"de","potentialAction":[{"@type":"ReadAction","target":["https:\/\/news.save.ch\/5g-bundesrat-entscheidet-ueber-weiteres-vorgehen\/"]}]},{"@type":"ImageObject","inLanguage":"de","@id":"https:\/\/news.save.ch\/5g-bundesrat-entscheidet-ueber-weiteres-vorgehen\/#primaryimage","url":"https:\/\/news.save.ch\/wp-content\/uploads\/2020\/04\/Depositphotos_215436176_s-2019.jpg","contentUrl":"https:\/\/news.save.ch\/wp-content\/uploads\/2020\/04\/Depositphotos_215436176_s-2019.jpg","width":1000,"height":563,"caption":"\u00a9 depositphotos, nirutdps"},{"@type":"BreadcrumbList","@id":"https:\/\/news.save.ch\/5g-bundesrat-entscheidet-ueber-weiteres-vorgehen\/#breadcrumb","itemListElement":[{"@type":"ListItem","position":1,"name":"Home","item":"https:\/\/news.save.ch\/de\/"},{"@type":"ListItem","position":2,"name":"5G: Bundesrat entscheidet \u00fcber weiteres Vorgehen"}]},{"@type":"WebSite","@id":"https:\/\/news.save.ch\/de\/#website","url":"https:\/\/news.save.ch\/de\/","name":"Save","description":"Schweizer Fachzeitschrift f\u00fcr Sicherheit","publisher":{"@id":"https:\/\/news.save.ch\/de\/#organization"},"potentialAction":[{"@type":"SearchAction","target":{"@type":"EntryPoint","urlTemplate":"https:\/\/news.save.ch\/de\/?s={search_term_string}"},"query-input":{"@type":"PropertyValueSpecification","valueRequired":true,"valueName":"search_term_string"}}],"inLanguage":"de"},{"@type":"Organization","@id":"https:\/\/news.save.ch\/de\/#organization","name":"Sicherheitsforum","url":"https:\/\/news.save.ch\/de\/","logo":{"@type":"ImageObject","inLanguage":"de","@id":"https:\/\/news.save.ch\/de\/#\/schema\/logo\/image\/","url":"https:\/\/news.save.ch\/wp-content\/uploads\/2022\/06\/Logo_SF_2012.png","contentUrl":"https:\/\/news.save.ch\/wp-content\/uploads\/2022\/06\/Logo_SF_2012.png","width":1100,"height":91,"caption":"Sicherheitsforum"},"image":{"@id":"https:\/\/news.save.ch\/de\/#\/schema\/logo\/image\/"}},{"@type":"Person","@id":"https:\/\/news.save.ch\/de\/#\/schema\/person\/d5022db048e0e2b9785c50e5b24da5aa","name":"Roger Str\u00e4ssle","image":{"@type":"ImageObject","inLanguage":"de","@id":"https:\/\/secure.gravatar.com\/avatar\/862a5569d087de48e5856e32f45d719a03804c891d6deb8d4f71a660e79e4a47?s=96&d=mm&r=g","url":"https:\/\/secure.gravatar.com\/avatar\/862a5569d087de48e5856e32f45d719a03804c891d6deb8d4f71a660e79e4a47?s=96&d=mm&r=g","contentUrl":"https:\/\/secure.gravatar.com\/avatar\/862a5569d087de48e5856e32f45d719a03804c891d6deb8d4f71a660e79e4a47?s=96&d=mm&r=g","caption":"Roger Str\u00e4ssle"},"url":"https:\/\/news.save.ch\/de\/author\/roger-straessle\/"}]}},"_links":{"self":[{"href":"https:\/\/news.save.ch\/de\/wp-json\/wp\/v2\/posts\/10009","targetHints":{"allow":["GET"]}}],"collection":[{"href":"https:\/\/news.save.ch\/de\/wp-json\/wp\/v2\/posts"}],"about":[{"href":"https:\/\/news.save.ch\/de\/wp-json\/wp\/v2\/types\/post"}],"author":[{"embeddable":true,"href":"https:\/\/news.save.ch\/de\/wp-json\/wp\/v2\/users\/8"}],"replies":[{"embeddable":true,"href":"https:\/\/news.save.ch\/de\/wp-json\/wp\/v2\/comments?post=10009"}],"version-history":[{"count":0,"href":"https:\/\/news.save.ch\/de\/wp-json\/wp\/v2\/posts\/10009\/revisions"}],"wp:featuredmedia":[{"embeddable":true,"href":"https:\/\/news.save.ch\/de\/wp-json\/wp\/v2\/media\/10010"}],"wp:attachment":[{"href":"https:\/\/news.save.ch\/de\/wp-json\/wp\/v2\/media?parent=10009"}],"wp:term":[{"taxonomy":"category","embeddable":true,"href":"https:\/\/news.save.ch\/de\/wp-json\/wp\/v2\/categories?post=10009"},{"taxonomy":"post_tag","embeddable":true,"href":"https:\/\/news.save.ch\/de\/wp-json\/wp\/v2\/tags?post=10009"}],"curies":[{"name":"wp","href":"https:\/\/api.w.org\/{rel}","templated":true}]}}