{"id":10062,"date":"2020-05-04T09:33:13","date_gmt":"2020-05-04T07:33:13","guid":{"rendered":"https:\/\/news.save.ch\/?p=10062"},"modified":"2020-05-04T09:33:13","modified_gmt":"2020-05-04T07:33:13","slug":"esti-zunahme-der-maengel-bei-elektrischen-erzeugnissen","status":null,"type":"post","link":"https:\/\/news.save.ch\/de\/esti-zunahme-der-maengel-bei-elektrischen-erzeugnissen\/","title":{"rendered":"Esti: Zunahme der M\u00e4ngel bei elektrischen Produkten"},"content":{"rendered":"<figure id=\"attachment_10063\" aria-describedby=\"caption-attachment-10063\" style=\"width: 680px\" class=\"wp-caption aligncenter\"><img loading=\"lazy\" decoding=\"async\" class=\"size-medium wp-image-10063\" src=\"https:\/\/news.save.ch\/wp-content\/uploads\/2020\/05\/ESTI.jpg\" alt=\"\" width=\"680\" height=\"575\" srcset=\"https:\/\/news.save.ch\/wp-content\/uploads\/2020\/05\/ESTI.jpg 744w, https:\/\/news.save.ch\/wp-content\/uploads\/2020\/05\/ESTI-355x300.jpg 355w\" sizes=\"auto, (max-width: 680px) 100vw, 680px\" \/><figcaption id=\"caption-attachment-10063\" class=\"wp-caption-text\">\u00a9 Esti<\/figcaption><\/figure>\n<p>Insgesamt wiesen 296 Erzeugnisse formelle oder technische M\u00e4ngel auf, was 19% aller kontrollierten elektrischen Erzeugnisse entspricht, wie das Starkstrominspektorat schreibt. Darin enthalten seien 188 Produkte mit sicherheitstechnischen M\u00e4ngeln, welche zu potenziellen Gefahren wie Stromschlag, Verbr\u00fchung, Rauchbildung und Brand f\u00fchren k\u00f6nnen.<\/p>\n<p><strong>Verkaufsverbote auch f\u00fcr Atex-Produkte<\/strong><\/p>\n<p>Bei einer m\u00f6glichen Gef\u00e4hrdung von Personen oder beim Fehlen von Konformit\u00e4tsnachweisen kann das Esti das Bereitstellen eines Erzeugnisses auf dem Markt verbieten. 2019 habe man aus diesen Gr\u00fcnden 131 Verkaufsverbote ausgesprochen. Besonders betroffen waren Ladeger\u00e4te, Wasserkocher, zahlreiche Ger\u00e4te mit unzul\u00e4ssigem ausl\u00e4ndischen Stecker, Reiseadapter, Ladekabel f\u00fcr die Elektromobilit\u00e4t und Akkus f\u00fcr verschiedenartige Ger\u00e4te. \u00dcberdies wurden verschiedene Produkte f\u00fcr den professionellen Einsatz in explosionsgef\u00e4hrdeten Bereichen (Atex) der Industrie verboten, wie das Esti ferner schreibt.<\/p>\n<p>Der Verkauf von Elektroger\u00e4ten mit einem unzul\u00e4ssigen ausl\u00e4ndischen Stecker (beispielsweise Schuko-Stecker) sei in der Schweiz grunds\u00e4tzlich verboten, da beim Versuch des Einsteckens in die Steckdose oder durch unzul\u00e4ssige Manipulationen an der Steckverbindung spannungsf\u00fchrende Teile ber\u00fchrt werden k\u00f6nnen. Weiter k\u00f6nnten solche Ger\u00e4te beim Betrieb \u00fcberlastet werden und im schlimmsten Fall einen Brand bewirken, so das Esti. Konsumenten sollten solche Ger\u00e4te generell zur\u00fcckweisen und sie k\u00f6nnen dem Starkstrominspektorat zus\u00e4tzlich unter <a href=\"https:\/\/www.esti.admin.ch\">www.esti.admin.ch<\/a> mit dem Kontaktformular eine Meldung erstatten, wie die Organisation betont.<\/p>\n<p><strong>Vorsicht bei Online-Eink\u00e4ufen<\/strong><\/p>\n<p>Weiterhin sei grosse Vorsicht geboten bei Online-Eink\u00e4ufen von auffallend preisg\u00fcnstigen elektrischen Ger\u00e4ten direkt aus Fernost. Oft seien diese Ger\u00e4te Nachahmerprodukte, welche \u00fcber eine l\u00e4ngere Betriebsdauer aufgrund von elektrisch minderwertigen Bauteilen und einer inkorrekten Bauweise unsicher werden k\u00f6nnten. F\u00fcr Konsumenten sei dies kaum erkennbar.<\/p>\n<p>In 34 F\u00e4llen haben Wirtschaftsakteure in der Schweiz in Zusammenarbeit mit dem Esti mangelhafte Produkte vom Markt genommen, wie es in der Medienmitteilung heisst. In 21 F\u00e4llen habe man den R\u00fcckruf oder die Sicherheitsinformation zus\u00e4tzlich auf der Website des B\u00fcros f\u00fcr Konsumentenfragen BFK unter <a href=\"https:\/\/www.konsum.admin.ch\">www.konsum.admin.c<\/a>h ver\u00f6ffentlicht. Dies betraf Kaffeemaschinen und weitere Haushaltger\u00e4te, \u00d6lradiatoren, Deckenleuchten, Akkus von Notebooks und Schiffsmotoren, Ladeger\u00e4te, USB-Netzadapter sowie diverse Produkte f\u00fcr den gewerblichen Einsatz.<\/p>\n<p><strong>Was ist wichtig beim Kauf?<\/strong><\/p>\n<p>Konsumenten sollten beim Kauf von elektrischen Ger\u00e4ten auf einen korrekten Schweizer Stecker, einen erreichbaren und kompetenten Kundendienst, verst\u00e4ndliche Bedienungsanleitungen und auf am Ger\u00e4t angebrachte Pr\u00fcfzeichen achten. Ein anerkanntes Schweizer Pr\u00fcfzeichen sei das freiwillige Sicherheitszeichen des Esti. Ger\u00e4te mit dem Sicherheitszeichen seien unter <a href=\"https:\/\/www.esti.admin.ch\">www.esti.admin.ch<\/a> ver\u00f6ffentlicht. Ger\u00e4te mit anerkannten Pr\u00fcfzeichen w\u00fcrden h\u00f6here Anspr\u00fcche an die Produktesicherheit nachweisen und b\u00f6ten Konsumenten damit einen Mehrwert, so das Starkstrominspektorat.<\/p>\n<p><em>Quelle: Esti<\/em><\/p>\n<blockquote>\n<p>Markt\u00fcberwachung<\/p>\n<p>Die Markt\u00fcberwachung durch das Eidgen\u00f6ssische Starkstrominspektorat (Esti) wird schweizweit durchgef\u00fchrt und erfolgt gem\u00e4ss der Verordnung \u00fcber elektrische Niederspannungserzeugnisse (NEV; SR 734.26). Elektrische Erzeugnisse f\u00fcr Haushalt, B\u00fcro, Gewerbe und Industrie werden stichprobenweise auf ihre Konformit\u00e4t und Sicherheit hin \u00fcberpr\u00fcft.<\/p>\n<p>1538 Erzeugnisse wurden laut Esti im Internet sowie mit Kontrollen bei Grossverteilern, Fachm\u00e4rkten, Herstellern und Messen f\u00fcr die \u00dcberpr\u00fcfung erfasst. \u00dcberpr\u00fcfungen erfolgten auch aufgrund von erhaltenen Meldungen durch Konsumenten und Fachpersonen aus dem Elektrobereich.<\/p>\n<\/blockquote>\n<p>&nbsp;<\/p>\n<p>&nbsp;<\/p>\n","protected":false},"excerpt":{"rendered":"<p>Insgesamt wiesen 296 Erzeugnisse formelle oder technische M\u00e4ngel auf, was 19% aller kontrollierten elektrischen Erzeugnisse entspricht, wie das Starkstrominspektorat schreibt. Darin enthalten seien 188 Produkte mit sicherheitstechnischen M\u00e4ngeln, welche zu potenziellen Gefahren wie Stromschlag, Verbr\u00fchung, Rauchbildung und Brand f\u00fchren k\u00f6nnen. Verkaufsverbote auch f\u00fcr Atex-Produkte Bei einer m\u00f6glichen Gef\u00e4hrdung von Personen oder beim Fehlen von Konformit\u00e4tsnachweisen [&hellip;]<\/p>\n","protected":false},"author":8,"featured_media":10064,"comment_status":"closed","ping_status":"closed","sticky":false,"template":"","format":"standard","meta":{"_acf_changed":false,"pgc_sgb_lightbox_settings":"","footnotes":""},"categories":[1,67],"tags":[842,479,837,838,839,840,841],"class_list":["post-10062","post","type-post","status-publish","format-standard","has-post-thumbnail","hentry","category-allgemein","category-brandschutz","tag-elektrische-erzeugnisse","tag-elektrische-geraete","tag-esti","tag-online-einkaeufe","tag-schuko-stecker","tag-sicherheitsinvormationen","tag-starkstrominspektorat"],"acf":[],"hkrextid":null,"publication":null,"issue":null,"workflow":null,"startPage":null,"spitzmarke":null,"_posts_by_tag_page_fields":{"widget_title":"","widget_tags":""},"_at_widget":"1","_yoast_wpseo_primary_category":"4","_yoast_wpseo_focuskw_text_input":"Esti","_yoast_wpseo_opengraph-image":null,"_yoast_wpseo_opengraph-description":null,"_yoast_wpseo_opengraph-title":null,"enclosure":null,"_yoast_wpseo_twitter-title":null,"_yoast_wpseo_twitter-description":null,"_yoast_wpseo_twitter-image":null,"_wp_old_slug":null,"_yoast_wpseo_title":null,"_yoast_wpseo_canonical":null,"yoast_head":"<!-- This site is optimized with the Yoast SEO plugin v27.4 - https:\/\/yoast.com\/product\/yoast-seo-wordpress\/ -->\n<title>Esti: Zunahme der M\u00e4ngel bei elektrischen Produkten - Save<\/title>\n<meta name=\"description\" content=\"Jedes f\u00fcnfte der im Jahr 2019 \u00fcberpr\u00fcften elektrischen Erzeugnisse wies M\u00e4ngel auf. Es mussten laut ESTI 131 Verkaufsverbote ausgesprochen werden.\" \/>\n<meta name=\"robots\" content=\"index, follow, max-snippet:-1, max-image-preview:large, max-video-preview:-1\" \/>\n<link rel=\"canonical\" href=\"https:\/\/news.save.ch\/de\/esti-zunahme-der-maengel-bei-elektrischen-erzeugnissen\/\" \/>\n<meta property=\"og:locale\" content=\"de_DE\" \/>\n<meta property=\"og:type\" content=\"article\" \/>\n<meta property=\"og:title\" content=\"Esti: Zunahme der M\u00e4ngel bei elektrischen Produkten - Save\" \/>\n<meta property=\"og:description\" content=\"Jedes f\u00fcnfte der im Jahr 2019 \u00fcberpr\u00fcften elektrischen Erzeugnisse wies M\u00e4ngel auf. Es mussten laut ESTI 131 Verkaufsverbote ausgesprochen werden.\" \/>\n<meta property=\"og:url\" content=\"https:\/\/news.save.ch\/de\/esti-zunahme-der-maengel-bei-elektrischen-erzeugnissen\/\" \/>\n<meta property=\"og:site_name\" content=\"Save\" \/>\n<meta property=\"article:published_time\" content=\"2020-05-04T07:33:13+00:00\" \/>\n<meta property=\"og:image\" content=\"https:\/\/news.save.ch\/wp-content\/uploads\/2020\/05\/Depositphotos_35571481_s-2019.jpg\" \/>\n\t<meta property=\"og:image:width\" content=\"999\" \/>\n\t<meta property=\"og:image:height\" content=\"664\" \/>\n\t<meta property=\"og:image:type\" content=\"image\/jpeg\" \/>\n<meta name=\"author\" content=\"Roger Str\u00e4ssle\" \/>\n<meta name=\"twitter:card\" content=\"summary_large_image\" \/>\n<meta name=\"twitter:label1\" content=\"Geschrieben von\" \/>\n\t<meta name=\"twitter:data1\" content=\"Roger Str\u00e4ssle\" \/>\n\t<meta name=\"twitter:label2\" content=\"Gesch\u00e4tzte Lesezeit\" \/>\n\t<meta name=\"twitter:data2\" content=\"3\u00a0Minuten\" \/>\n<script type=\"application\/ld+json\" class=\"yoast-schema-graph\">{\"@context\":\"https:\\\/\\\/schema.org\",\"@graph\":[{\"@type\":\"Article\",\"@id\":\"https:\\\/\\\/news.save.ch\\\/esti-zunahme-der-maengel-bei-elektrischen-erzeugnissen\\\/#article\",\"isPartOf\":{\"@id\":\"https:\\\/\\\/news.save.ch\\\/esti-zunahme-der-maengel-bei-elektrischen-erzeugnissen\\\/\"},\"author\":{\"name\":\"Roger Str\u00e4ssle\",\"@id\":\"https:\\\/\\\/news.save.ch\\\/de\\\/#\\\/schema\\\/person\\\/d5022db048e0e2b9785c50e5b24da5aa\"},\"headline\":\"Esti: Zunahme der M\u00e4ngel bei elektrischen Produkten\",\"datePublished\":\"2020-05-04T07:33:13+00:00\",\"mainEntityOfPage\":{\"@id\":\"https:\\\/\\\/news.save.ch\\\/esti-zunahme-der-maengel-bei-elektrischen-erzeugnissen\\\/\"},\"wordCount\":549,\"publisher\":{\"@id\":\"https:\\\/\\\/news.save.ch\\\/de\\\/#organization\"},\"image\":{\"@id\":\"https:\\\/\\\/news.save.ch\\\/esti-zunahme-der-maengel-bei-elektrischen-erzeugnissen\\\/#primaryimage\"},\"thumbnailUrl\":\"https:\\\/\\\/news.save.ch\\\/wp-content\\\/uploads\\\/2020\\\/05\\\/Depositphotos_35571481_s-2019.jpg\",\"keywords\":[\"elektrische Erzeugnisse\",\"Elektrische Ger\u00e4te\",\"ESTI\",\"Online-Eink\u00e4ufe\",\"Schuko-Stecker\",\"Sicherheitsinvormationen\",\"Starkstrominspektorat\"],\"articleSection\":[\"ALLGEMEIN\",\"BRANDSCHUTZ\"],\"inLanguage\":\"de\"},{\"@type\":\"WebPage\",\"@id\":\"https:\\\/\\\/news.save.ch\\\/esti-zunahme-der-maengel-bei-elektrischen-erzeugnissen\\\/\",\"url\":\"https:\\\/\\\/news.save.ch\\\/esti-zunahme-der-maengel-bei-elektrischen-erzeugnissen\\\/\",\"name\":\"Esti: Zunahme der M\u00e4ngel bei elektrischen Produkten - Save\",\"isPartOf\":{\"@id\":\"https:\\\/\\\/news.save.ch\\\/de\\\/#website\"},\"primaryImageOfPage\":{\"@id\":\"https:\\\/\\\/news.save.ch\\\/esti-zunahme-der-maengel-bei-elektrischen-erzeugnissen\\\/#primaryimage\"},\"image\":{\"@id\":\"https:\\\/\\\/news.save.ch\\\/esti-zunahme-der-maengel-bei-elektrischen-erzeugnissen\\\/#primaryimage\"},\"thumbnailUrl\":\"https:\\\/\\\/news.save.ch\\\/wp-content\\\/uploads\\\/2020\\\/05\\\/Depositphotos_35571481_s-2019.jpg\",\"datePublished\":\"2020-05-04T07:33:13+00:00\",\"description\":\"Jedes f\u00fcnfte der im Jahr 2019 \u00fcberpr\u00fcften elektrischen Erzeugnisse wies M\u00e4ngel auf. Es mussten laut ESTI 131 Verkaufsverbote ausgesprochen werden.\",\"breadcrumb\":{\"@id\":\"https:\\\/\\\/news.save.ch\\\/esti-zunahme-der-maengel-bei-elektrischen-erzeugnissen\\\/#breadcrumb\"},\"inLanguage\":\"de\",\"potentialAction\":[{\"@type\":\"ReadAction\",\"target\":[\"https:\\\/\\\/news.save.ch\\\/esti-zunahme-der-maengel-bei-elektrischen-erzeugnissen\\\/\"]}]},{\"@type\":\"ImageObject\",\"inLanguage\":\"de\",\"@id\":\"https:\\\/\\\/news.save.ch\\\/esti-zunahme-der-maengel-bei-elektrischen-erzeugnissen\\\/#primaryimage\",\"url\":\"https:\\\/\\\/news.save.ch\\\/wp-content\\\/uploads\\\/2020\\\/05\\\/Depositphotos_35571481_s-2019.jpg\",\"contentUrl\":\"https:\\\/\\\/news.save.ch\\\/wp-content\\\/uploads\\\/2020\\\/05\\\/Depositphotos_35571481_s-2019.jpg\",\"width\":999,\"height\":664,\"caption\":\"\u00a9 depositphotos, AkuBest79\"},{\"@type\":\"BreadcrumbList\",\"@id\":\"https:\\\/\\\/news.save.ch\\\/esti-zunahme-der-maengel-bei-elektrischen-erzeugnissen\\\/#breadcrumb\",\"itemListElement\":[{\"@type\":\"ListItem\",\"position\":1,\"name\":\"Home\",\"item\":\"https:\\\/\\\/news.save.ch\\\/de\\\/\"},{\"@type\":\"ListItem\",\"position\":2,\"name\":\"Esti: Zunahme der M\u00e4ngel bei elektrischen Produkten\"}]},{\"@type\":\"WebSite\",\"@id\":\"https:\\\/\\\/news.save.ch\\\/de\\\/#website\",\"url\":\"https:\\\/\\\/news.save.ch\\\/de\\\/\",\"name\":\"Save\",\"description\":\"Schweizer Fachzeitschrift f\u00fcr Sicherheit\",\"publisher\":{\"@id\":\"https:\\\/\\\/news.save.ch\\\/de\\\/#organization\"},\"potentialAction\":[{\"@type\":\"SearchAction\",\"target\":{\"@type\":\"EntryPoint\",\"urlTemplate\":\"https:\\\/\\\/news.save.ch\\\/de\\\/?s={search_term_string}\"},\"query-input\":{\"@type\":\"PropertyValueSpecification\",\"valueRequired\":true,\"valueName\":\"search_term_string\"}}],\"inLanguage\":\"de\"},{\"@type\":\"Organization\",\"@id\":\"https:\\\/\\\/news.save.ch\\\/de\\\/#organization\",\"name\":\"Sicherheitsforum\",\"url\":\"https:\\\/\\\/news.save.ch\\\/de\\\/\",\"logo\":{\"@type\":\"ImageObject\",\"inLanguage\":\"de\",\"@id\":\"https:\\\/\\\/news.save.ch\\\/de\\\/#\\\/schema\\\/logo\\\/image\\\/\",\"url\":\"https:\\\/\\\/news.save.ch\\\/wp-content\\\/uploads\\\/2022\\\/06\\\/Logo_SF_2012.png\",\"contentUrl\":\"https:\\\/\\\/news.save.ch\\\/wp-content\\\/uploads\\\/2022\\\/06\\\/Logo_SF_2012.png\",\"width\":1100,\"height\":91,\"caption\":\"Sicherheitsforum\"},\"image\":{\"@id\":\"https:\\\/\\\/news.save.ch\\\/de\\\/#\\\/schema\\\/logo\\\/image\\\/\"}},{\"@type\":\"Person\",\"@id\":\"https:\\\/\\\/news.save.ch\\\/de\\\/#\\\/schema\\\/person\\\/d5022db048e0e2b9785c50e5b24da5aa\",\"name\":\"Roger Str\u00e4ssle\",\"image\":{\"@type\":\"ImageObject\",\"inLanguage\":\"de\",\"@id\":\"https:\\\/\\\/secure.gravatar.com\\\/avatar\\\/862a5569d087de48e5856e32f45d719a03804c891d6deb8d4f71a660e79e4a47?s=96&d=mm&r=g\",\"url\":\"https:\\\/\\\/secure.gravatar.com\\\/avatar\\\/862a5569d087de48e5856e32f45d719a03804c891d6deb8d4f71a660e79e4a47?s=96&d=mm&r=g\",\"contentUrl\":\"https:\\\/\\\/secure.gravatar.com\\\/avatar\\\/862a5569d087de48e5856e32f45d719a03804c891d6deb8d4f71a660e79e4a47?s=96&d=mm&r=g\",\"caption\":\"Roger Str\u00e4ssle\"},\"url\":\"https:\\\/\\\/news.save.ch\\\/de\\\/author\\\/roger-straessle\\\/\"}]}<\/script>\n<!-- \/ Yoast SEO plugin. -->","yoast_head_json":{"title":"Esti: Zunahme der M\u00e4ngel bei elektrischen Produkten - Save","description":"Jedes f\u00fcnfte der im Jahr 2019 \u00fcberpr\u00fcften elektrischen Erzeugnisse wies M\u00e4ngel auf. Es mussten laut ESTI 131 Verkaufsverbote ausgesprochen werden.","robots":{"index":"index","follow":"follow","max-snippet":"max-snippet:-1","max-image-preview":"max-image-preview:large","max-video-preview":"max-video-preview:-1"},"canonical":"https:\/\/news.save.ch\/de\/esti-zunahme-der-maengel-bei-elektrischen-erzeugnissen\/","og_locale":"de_DE","og_type":"article","og_title":"Esti: Zunahme der M\u00e4ngel bei elektrischen Produkten - Save","og_description":"Jedes f\u00fcnfte der im Jahr 2019 \u00fcberpr\u00fcften elektrischen Erzeugnisse wies M\u00e4ngel auf. Es mussten laut ESTI 131 Verkaufsverbote ausgesprochen werden.","og_url":"https:\/\/news.save.ch\/de\/esti-zunahme-der-maengel-bei-elektrischen-erzeugnissen\/","og_site_name":"Save","article_published_time":"2020-05-04T07:33:13+00:00","og_image":[{"width":999,"height":664,"url":"https:\/\/news.save.ch\/wp-content\/uploads\/2020\/05\/Depositphotos_35571481_s-2019.jpg","type":"image\/jpeg"}],"author":"Roger Str\u00e4ssle","twitter_card":"summary_large_image","twitter_misc":{"Geschrieben von":"Roger Str\u00e4ssle","Gesch\u00e4tzte Lesezeit":"3\u00a0Minuten"},"schema":{"@context":"https:\/\/schema.org","@graph":[{"@type":"Article","@id":"https:\/\/news.save.ch\/esti-zunahme-der-maengel-bei-elektrischen-erzeugnissen\/#article","isPartOf":{"@id":"https:\/\/news.save.ch\/esti-zunahme-der-maengel-bei-elektrischen-erzeugnissen\/"},"author":{"name":"Roger Str\u00e4ssle","@id":"https:\/\/news.save.ch\/de\/#\/schema\/person\/d5022db048e0e2b9785c50e5b24da5aa"},"headline":"Esti: Zunahme der M\u00e4ngel bei elektrischen Produkten","datePublished":"2020-05-04T07:33:13+00:00","mainEntityOfPage":{"@id":"https:\/\/news.save.ch\/esti-zunahme-der-maengel-bei-elektrischen-erzeugnissen\/"},"wordCount":549,"publisher":{"@id":"https:\/\/news.save.ch\/de\/#organization"},"image":{"@id":"https:\/\/news.save.ch\/esti-zunahme-der-maengel-bei-elektrischen-erzeugnissen\/#primaryimage"},"thumbnailUrl":"https:\/\/news.save.ch\/wp-content\/uploads\/2020\/05\/Depositphotos_35571481_s-2019.jpg","keywords":["elektrische Erzeugnisse","Elektrische Ger\u00e4te","ESTI","Online-Eink\u00e4ufe","Schuko-Stecker","Sicherheitsinvormationen","Starkstrominspektorat"],"articleSection":["ALLGEMEIN","BRANDSCHUTZ"],"inLanguage":"de"},{"@type":"WebPage","@id":"https:\/\/news.save.ch\/esti-zunahme-der-maengel-bei-elektrischen-erzeugnissen\/","url":"https:\/\/news.save.ch\/esti-zunahme-der-maengel-bei-elektrischen-erzeugnissen\/","name":"Esti: Zunahme der M\u00e4ngel bei elektrischen Produkten - Save","isPartOf":{"@id":"https:\/\/news.save.ch\/de\/#website"},"primaryImageOfPage":{"@id":"https:\/\/news.save.ch\/esti-zunahme-der-maengel-bei-elektrischen-erzeugnissen\/#primaryimage"},"image":{"@id":"https:\/\/news.save.ch\/esti-zunahme-der-maengel-bei-elektrischen-erzeugnissen\/#primaryimage"},"thumbnailUrl":"https:\/\/news.save.ch\/wp-content\/uploads\/2020\/05\/Depositphotos_35571481_s-2019.jpg","datePublished":"2020-05-04T07:33:13+00:00","description":"Jedes f\u00fcnfte der im Jahr 2019 \u00fcberpr\u00fcften elektrischen Erzeugnisse wies M\u00e4ngel auf. Es mussten laut ESTI 131 Verkaufsverbote ausgesprochen werden.","breadcrumb":{"@id":"https:\/\/news.save.ch\/esti-zunahme-der-maengel-bei-elektrischen-erzeugnissen\/#breadcrumb"},"inLanguage":"de","potentialAction":[{"@type":"ReadAction","target":["https:\/\/news.save.ch\/esti-zunahme-der-maengel-bei-elektrischen-erzeugnissen\/"]}]},{"@type":"ImageObject","inLanguage":"de","@id":"https:\/\/news.save.ch\/esti-zunahme-der-maengel-bei-elektrischen-erzeugnissen\/#primaryimage","url":"https:\/\/news.save.ch\/wp-content\/uploads\/2020\/05\/Depositphotos_35571481_s-2019.jpg","contentUrl":"https:\/\/news.save.ch\/wp-content\/uploads\/2020\/05\/Depositphotos_35571481_s-2019.jpg","width":999,"height":664,"caption":"\u00a9 depositphotos, AkuBest79"},{"@type":"BreadcrumbList","@id":"https:\/\/news.save.ch\/esti-zunahme-der-maengel-bei-elektrischen-erzeugnissen\/#breadcrumb","itemListElement":[{"@type":"ListItem","position":1,"name":"Home","item":"https:\/\/news.save.ch\/de\/"},{"@type":"ListItem","position":2,"name":"Esti: Zunahme der M\u00e4ngel bei elektrischen Produkten"}]},{"@type":"WebSite","@id":"https:\/\/news.save.ch\/de\/#website","url":"https:\/\/news.save.ch\/de\/","name":"Save","description":"Schweizer Fachzeitschrift f\u00fcr Sicherheit","publisher":{"@id":"https:\/\/news.save.ch\/de\/#organization"},"potentialAction":[{"@type":"SearchAction","target":{"@type":"EntryPoint","urlTemplate":"https:\/\/news.save.ch\/de\/?s={search_term_string}"},"query-input":{"@type":"PropertyValueSpecification","valueRequired":true,"valueName":"search_term_string"}}],"inLanguage":"de"},{"@type":"Organization","@id":"https:\/\/news.save.ch\/de\/#organization","name":"Sicherheitsforum","url":"https:\/\/news.save.ch\/de\/","logo":{"@type":"ImageObject","inLanguage":"de","@id":"https:\/\/news.save.ch\/de\/#\/schema\/logo\/image\/","url":"https:\/\/news.save.ch\/wp-content\/uploads\/2022\/06\/Logo_SF_2012.png","contentUrl":"https:\/\/news.save.ch\/wp-content\/uploads\/2022\/06\/Logo_SF_2012.png","width":1100,"height":91,"caption":"Sicherheitsforum"},"image":{"@id":"https:\/\/news.save.ch\/de\/#\/schema\/logo\/image\/"}},{"@type":"Person","@id":"https:\/\/news.save.ch\/de\/#\/schema\/person\/d5022db048e0e2b9785c50e5b24da5aa","name":"Roger Str\u00e4ssle","image":{"@type":"ImageObject","inLanguage":"de","@id":"https:\/\/secure.gravatar.com\/avatar\/862a5569d087de48e5856e32f45d719a03804c891d6deb8d4f71a660e79e4a47?s=96&d=mm&r=g","url":"https:\/\/secure.gravatar.com\/avatar\/862a5569d087de48e5856e32f45d719a03804c891d6deb8d4f71a660e79e4a47?s=96&d=mm&r=g","contentUrl":"https:\/\/secure.gravatar.com\/avatar\/862a5569d087de48e5856e32f45d719a03804c891d6deb8d4f71a660e79e4a47?s=96&d=mm&r=g","caption":"Roger Str\u00e4ssle"},"url":"https:\/\/news.save.ch\/de\/author\/roger-straessle\/"}]}},"_links":{"self":[{"href":"https:\/\/news.save.ch\/de\/wp-json\/wp\/v2\/posts\/10062","targetHints":{"allow":["GET"]}}],"collection":[{"href":"https:\/\/news.save.ch\/de\/wp-json\/wp\/v2\/posts"}],"about":[{"href":"https:\/\/news.save.ch\/de\/wp-json\/wp\/v2\/types\/post"}],"author":[{"embeddable":true,"href":"https:\/\/news.save.ch\/de\/wp-json\/wp\/v2\/users\/8"}],"replies":[{"embeddable":true,"href":"https:\/\/news.save.ch\/de\/wp-json\/wp\/v2\/comments?post=10062"}],"version-history":[{"count":0,"href":"https:\/\/news.save.ch\/de\/wp-json\/wp\/v2\/posts\/10062\/revisions"}],"wp:featuredmedia":[{"embeddable":true,"href":"https:\/\/news.save.ch\/de\/wp-json\/wp\/v2\/media\/10064"}],"wp:attachment":[{"href":"https:\/\/news.save.ch\/de\/wp-json\/wp\/v2\/media?parent=10062"}],"wp:term":[{"taxonomy":"category","embeddable":true,"href":"https:\/\/news.save.ch\/de\/wp-json\/wp\/v2\/categories?post=10062"},{"taxonomy":"post_tag","embeddable":true,"href":"https:\/\/news.save.ch\/de\/wp-json\/wp\/v2\/tags?post=10062"}],"curies":[{"name":"wp","href":"https:\/\/api.w.org\/{rel}","templated":true}]}}