{"id":10324,"date":"2023-01-30T07:48:23","date_gmt":"2023-01-30T06:48:23","guid":{"rendered":"https:\/\/news.save.ch\/?p=10324"},"modified":"2023-07-27T03:16:34","modified_gmt":"2023-07-27T01:16:34","slug":"mit-den-jahren-steigt-der-lichtbedarf","status":null,"type":"post","link":"https:\/\/news.save.ch\/de\/mit-den-jahren-steigt-der-lichtbedarf\/","title":{"rendered":"Mit den Jahren steigt der Lichtbedarf"},"content":{"rendered":"<figure id=\"attachment_10326\" aria-describedby=\"caption-attachment-10326\" style=\"width: 1000px\" class=\"wp-caption alignnone\"><img loading=\"lazy\" decoding=\"async\" class=\"wp-image-10326 size-full\" src=\"https:\/\/news.save.ch\/wp-content\/uploads\/2023\/01\/Depositphotos_178704844_S.jpg\" alt=\"Lichtmanagementsystem\" width=\"1000\" height=\"530\" srcset=\"https:\/\/news.save.ch\/wp-content\/uploads\/2023\/01\/Depositphotos_178704844_S.jpg 1000w, https:\/\/news.save.ch\/wp-content\/uploads\/2023\/01\/Depositphotos_178704844_S-680x360.jpg 680w, https:\/\/news.save.ch\/wp-content\/uploads\/2023\/01\/Depositphotos_178704844_S-768x407.jpg 768w, https:\/\/news.save.ch\/wp-content\/uploads\/2023\/01\/Depositphotos_178704844_S-18x10.jpg 18w, https:\/\/news.save.ch\/wp-content\/uploads\/2023\/01\/Depositphotos_178704844_S-375x199.jpg 375w, https:\/\/news.save.ch\/wp-content\/uploads\/2023\/01\/Depositphotos_178704844_S-660x350.jpg 660w\" sizes=\"auto, (max-width: 1000px) 100vw, 1000px\" \/><figcaption id=\"caption-attachment-10326\" class=\"wp-caption-text\">Bild: depositphotos<\/figcaption><\/figure>\n<p>Dass mit dem Alter die Sehkraft nachl\u00e4sst, ist bekannt. Weit weniger verbreitet ist das Wissen, wie fr\u00fch dieser Prozess beginnt. Schon ab 30 Jahren geht es langsam los: Farb- und Tiefenwahrnehmung lassen nach, und bei Helligkeitsunterschieden dauert die Anpassung l\u00e4nger. Um gut zu sehen, hat ein F\u00fcnfzigj\u00e4hriger bereits einen mehr als dreimal so hohen Lichtbedarf wie ein Zwanzigj\u00e4hriger. H\u00f6here Beleuchtungsst\u00e4rken am Arbeitsplatz und zu Hause helfen, die schw\u00e4chere Sehleistung auszugleichen, r\u00e4t die Brancheninitiative licht.de.<\/p>\n<p>F\u00fcr gute Sicht muss gerade in Zeiten der Energieknappheit zu Hause nicht rund um die Uhr \u00abFestbeleuchtung\u00bb eingeschaltet sein. Aber f\u00fcr bestimmte T\u00e4tigkeiten sollten Lichtquellen mit h\u00f6heren Beleuchtungsst\u00e4rken zur Verf\u00fcgung stehen \u2013 etwa f\u00fcr die Arbeit im Homeoffice, am Spiegel im Bad oder in der K\u00fcche, um Unf\u00e4lle mit scharfen Messen und heissen Pfannen zu vermeiden. Ideal ist eine dimmbare Beleuchtung f\u00fcr ein gutes Arbeits- oder Putzlicht und eine behagliche Lichtatmosph\u00e4re am Abend.<\/p>\n<h3>Keine Blendung<\/h3>\n<p>Das \u00e4ltere Auge ist blendungsempfindlicher. So werden leicht Hindernisse \u00fcbersehen und die Gefahr zu st\u00fcrzen steigt. Hochwertige Leuchtenabdeckungen und ein hoher Anteil indirekter Beleuchtung mindern Blendung. Beim Wechsel von Hell zu Dunkel brauchen die Augen mit zunehmendem Lebensalter l\u00e4nger, um sich anzupassen (Adaptation).<\/p>\n<h3>Ergonomisch arbeiten<\/h3>\n<p>Um bei der Arbeit Farben richtig zu erkennen, braucht es Lichtquellen mit sehr guter Farbwiedergabe (mindestens Ra 80). F\u00fcr die Arbeitspl\u00e4tze \u00e4lterer Mitarbeitenden empfiehlt die Arbeitsst\u00e4ttennorm DIN EN 12464-1 h\u00f6here, modifizierte Werte. Sie lassen sich recht einfach mit zus\u00e4tzlichen Schreibtisch-, Arbeitsplatz- oder Stehleuchten nachr\u00fcsten. Gutes Lichtdesign plant diese Anforderungen von Beginn an ein. Mit einer Lichtsteuerung wird die Planung energieeffizient umgesetzt. Ein Beispiel: Sind in einem B\u00fcro mit mehreren vernetzten Stehleuchten nicht alle Arbeitspl\u00e4tze besetzt, dimmen sich die tempor\u00e4r nicht ben\u00f6tigten Leuchten auf ein weniger helles, indirektes Licht. So entstehen keine zu grossen Helligkeitsunterschiede und Mitarbeitende k\u00f6nnen sich immer noch gut orientieren.<\/p>\n<figure id=\"attachment_10327\" aria-describedby=\"caption-attachment-10327\" style=\"width: 768px\" class=\"wp-caption alignnone\"><img loading=\"lazy\" decoding=\"async\" class=\"wp-image-10327 size-large\" src=\"https:\/\/news.save.ch\/wp-content\/uploads\/2023\/01\/Licht_Pressebild-1024x683.jpg\" alt=\"Mit den Jahren steigt der Lichtbedarf\" width=\"768\" height=\"512\" \/><figcaption id=\"caption-attachment-10327\" class=\"wp-caption-text\">\u00c4ltere Mitarbeitende ben\u00f6tigen mehr Licht. Im Homeoffice oder im B\u00fcro helfen zus\u00e4tzliche Arbeitsplatzleuchten. (Foto: licht.de\/Ridi)<\/figcaption><\/figure>\n<h3>Ganz nebenbei den Biorhythmus st\u00e4rken<\/h3>\n<p>Wer zu Hause Leuchten und Leuchtmittel mit mehreren Einstellungen f\u00fcr Helligkeit und Lichtfarbe hat, kann damit auch seinem Biorhythmus etwas Gutes tun. Helles, k\u00fchles Licht am Morgen bringt den K\u00f6rper in Schwung und gedimmtes r\u00f6tliches Licht gegen Abend l\u00e4sst ihn zur Ruhe kommen. So wird die innere Uhr getaktet, das Wohlbefinden steigt und der Nachtschlaf kann sich verbessern.<\/p>\n<div class=\"news-text-wrap\">\n<div class=\"news-single-content\">\n<p>In Arbeitsst\u00e4tten steuert das Lichtmanagementsystem diese und weitere Parameter f\u00fcr eine Beleuchtung mit visuellen, biologischen und emotionalen Lichtwirkungen ganz automatisch. Das integrative Lichtkonzept dahinter heisst Human Centric Lighting (HCL). Davon profitieren besonders \u00e4ltere Mitarbeiter: Weil durch die Tr\u00fcbung der Linsen mit der Zeit immer weniger Licht ins Auge gelangt, f\u00e4llt bei ihnen die positive, lichtbedingte Aktivierung der biologischen Prozesse im K\u00f6rper schw\u00e4cher aus.<\/p>\n<p><em>Quelle: licht.de<\/em><\/p>\n<\/div>\n<\/div>\n<p>&nbsp;<\/p>\n","protected":false},"excerpt":{"rendered":"<p>Dass mit dem Alter die Sehkraft nachl\u00e4sst, ist bekannt. Weit weniger verbreitet ist das Wissen, wie fr\u00fch dieser Prozess beginnt. Schon ab 30 Jahren geht es langsam los: Farb- und Tiefenwahrnehmung lassen nach, und bei Helligkeitsunterschieden dauert die Anpassung l\u00e4nger. Um gut zu sehen, hat ein F\u00fcnfzigj\u00e4hriger bereits einen mehr als dreimal so hohen Lichtbedarf [&hellip;]<\/p>\n","protected":false},"author":9,"featured_media":10326,"comment_status":"closed","ping_status":"closed","sticky":false,"template":"","format":"standard","meta":{"_acf_changed":false,"pgc_sgb_lightbox_settings":"","footnotes":""},"categories":[3314],"tags":[6168,1798,1801,3655,6169,3657,3654,3656,3653],"class_list":["post-10324","post","type-post","status-publish","format-standard","has-post-thumbnail","hentry","category-health-safety","tag-beleuchtungsstaerken","tag-biorhythmus","tag-blendung","tag-blendungsempfindlichkeit","tag-ergonomisch","tag-farbwiedergabe","tag-lichtbedarf","tag-lichtmanagementsystem","tag-sehkraft"],"acf":[],"hkrextid":null,"publication":null,"issue":null,"workflow":null,"startPage":null,"spitzmarke":null,"_posts_by_tag_page_fields":null,"_at_widget":null,"_yoast_wpseo_primary_category":"","_yoast_wpseo_focuskw_text_input":null,"_yoast_wpseo_opengraph-image":null,"_yoast_wpseo_opengraph-description":null,"_yoast_wpseo_opengraph-title":null,"enclosure":null,"_yoast_wpseo_twitter-title":null,"_yoast_wpseo_twitter-description":null,"_yoast_wpseo_twitter-image":null,"_wp_old_slug":null,"_yoast_wpseo_title":null,"_yoast_wpseo_canonical":null,"yoast_head":"<!-- This site is optimized with the Yoast SEO plugin v27.4 - https:\/\/yoast.com\/product\/yoast-seo-wordpress\/ -->\n<title>Mit den Jahren steigt der Lichtbedarf - Save<\/title>\n<meta name=\"description\" content=\"Schon ab Mitte 30 brauchen viele Menschen mehr Licht \u2013 und wissen es nicht.\" \/>\n<meta name=\"robots\" content=\"index, follow, max-snippet:-1, max-image-preview:large, max-video-preview:-1\" \/>\n<link rel=\"canonical\" href=\"https:\/\/news.save.ch\/de\/mit-den-jahren-steigt-der-lichtbedarf\/\" \/>\n<meta property=\"og:locale\" content=\"de_DE\" \/>\n<meta property=\"og:type\" content=\"article\" \/>\n<meta property=\"og:title\" content=\"Mit den Jahren steigt der Lichtbedarf - Save\" \/>\n<meta property=\"og:description\" content=\"Schon ab Mitte 30 brauchen viele Menschen mehr Licht \u2013 und wissen es nicht.\" \/>\n<meta property=\"og:url\" content=\"https:\/\/news.save.ch\/de\/mit-den-jahren-steigt-der-lichtbedarf\/\" \/>\n<meta property=\"og:site_name\" content=\"Save\" \/>\n<meta property=\"article:published_time\" content=\"2023-01-30T06:48:23+00:00\" \/>\n<meta property=\"article:modified_time\" content=\"2023-07-27T01:16:34+00:00\" \/>\n<meta property=\"og:image\" content=\"https:\/\/news.save.ch\/wp-content\/uploads\/2023\/01\/Depositphotos_178704844_S.jpg\" \/>\n\t<meta property=\"og:image:width\" content=\"1000\" \/>\n\t<meta property=\"og:image:height\" content=\"530\" \/>\n\t<meta property=\"og:image:type\" content=\"image\/jpeg\" \/>\n<meta name=\"author\" content=\"Simon Gr\u00f6flin\" \/>\n<meta name=\"twitter:card\" content=\"summary_large_image\" \/>\n<meta name=\"twitter:label1\" content=\"Geschrieben von\" \/>\n\t<meta name=\"twitter:data1\" content=\"Simon Gr\u00f6flin\" \/>\n\t<meta name=\"twitter:label2\" content=\"Gesch\u00e4tzte Lesezeit\" \/>\n\t<meta name=\"twitter:data2\" content=\"3\u00a0Minuten\" \/>\n<script type=\"application\/ld+json\" class=\"yoast-schema-graph\">{\"@context\":\"https:\\\/\\\/schema.org\",\"@graph\":[{\"@type\":\"Article\",\"@id\":\"https:\\\/\\\/news.save.ch\\\/mit-den-jahren-steigt-der-lichtbedarf\\\/#article\",\"isPartOf\":{\"@id\":\"https:\\\/\\\/news.save.ch\\\/mit-den-jahren-steigt-der-lichtbedarf\\\/\"},\"author\":{\"name\":\"Simon Gr\u00f6flin\",\"@id\":\"https:\\\/\\\/news.save.ch\\\/de\\\/#\\\/schema\\\/person\\\/ad4ef21102fd6125312409ac57d5296d\"},\"headline\":\"Mit den Jahren steigt der Lichtbedarf\",\"datePublished\":\"2023-01-30T06:48:23+00:00\",\"dateModified\":\"2023-07-27T01:16:34+00:00\",\"mainEntityOfPage\":{\"@id\":\"https:\\\/\\\/news.save.ch\\\/mit-den-jahren-steigt-der-lichtbedarf\\\/\"},\"wordCount\":512,\"publisher\":{\"@id\":\"https:\\\/\\\/news.save.ch\\\/de\\\/#organization\"},\"image\":{\"@id\":\"https:\\\/\\\/news.save.ch\\\/mit-den-jahren-steigt-der-lichtbedarf\\\/#primaryimage\"},\"thumbnailUrl\":\"https:\\\/\\\/news.save.ch\\\/wp-content\\\/uploads\\\/2023\\\/01\\\/Depositphotos_178704844_S.jpg\",\"keywords\":[\"Beleuchtungsst\u00e4rken\",\"Biorhythmus\",\"Blendung\",\"Blendungsempfindlichkeit\",\"Ergonomisch\",\"Farbwiedergabe\",\"Lichtbedarf\",\"Lichtmanagementsystem\",\"Sehkraft\"],\"articleSection\":[\"HEALTH &amp; SAFETY\"],\"inLanguage\":\"de\"},{\"@type\":\"WebPage\",\"@id\":\"https:\\\/\\\/news.save.ch\\\/mit-den-jahren-steigt-der-lichtbedarf\\\/\",\"url\":\"https:\\\/\\\/news.save.ch\\\/mit-den-jahren-steigt-der-lichtbedarf\\\/\",\"name\":\"Mit den Jahren steigt der Lichtbedarf - Save\",\"isPartOf\":{\"@id\":\"https:\\\/\\\/news.save.ch\\\/de\\\/#website\"},\"primaryImageOfPage\":{\"@id\":\"https:\\\/\\\/news.save.ch\\\/mit-den-jahren-steigt-der-lichtbedarf\\\/#primaryimage\"},\"image\":{\"@id\":\"https:\\\/\\\/news.save.ch\\\/mit-den-jahren-steigt-der-lichtbedarf\\\/#primaryimage\"},\"thumbnailUrl\":\"https:\\\/\\\/news.save.ch\\\/wp-content\\\/uploads\\\/2023\\\/01\\\/Depositphotos_178704844_S.jpg\",\"datePublished\":\"2023-01-30T06:48:23+00:00\",\"dateModified\":\"2023-07-27T01:16:34+00:00\",\"description\":\"Schon ab Mitte 30 brauchen viele Menschen mehr Licht \u2013 und wissen es nicht.\",\"breadcrumb\":{\"@id\":\"https:\\\/\\\/news.save.ch\\\/mit-den-jahren-steigt-der-lichtbedarf\\\/#breadcrumb\"},\"inLanguage\":\"de\",\"potentialAction\":[{\"@type\":\"ReadAction\",\"target\":[\"https:\\\/\\\/news.save.ch\\\/mit-den-jahren-steigt-der-lichtbedarf\\\/\"]}]},{\"@type\":\"ImageObject\",\"inLanguage\":\"de\",\"@id\":\"https:\\\/\\\/news.save.ch\\\/mit-den-jahren-steigt-der-lichtbedarf\\\/#primaryimage\",\"url\":\"https:\\\/\\\/news.save.ch\\\/wp-content\\\/uploads\\\/2023\\\/01\\\/Depositphotos_178704844_S.jpg\",\"contentUrl\":\"https:\\\/\\\/news.save.ch\\\/wp-content\\\/uploads\\\/2023\\\/01\\\/Depositphotos_178704844_S.jpg\",\"width\":1000,\"height\":530,\"caption\":\"Bild: depositphotos\"},{\"@type\":\"BreadcrumbList\",\"@id\":\"https:\\\/\\\/news.save.ch\\\/mit-den-jahren-steigt-der-lichtbedarf\\\/#breadcrumb\",\"itemListElement\":[{\"@type\":\"ListItem\",\"position\":1,\"name\":\"Home\",\"item\":\"https:\\\/\\\/news.save.ch\\\/de\\\/\"},{\"@type\":\"ListItem\",\"position\":2,\"name\":\"Mit den Jahren steigt der Lichtbedarf\"}]},{\"@type\":\"WebSite\",\"@id\":\"https:\\\/\\\/news.save.ch\\\/de\\\/#website\",\"url\":\"https:\\\/\\\/news.save.ch\\\/de\\\/\",\"name\":\"Save\",\"description\":\"Schweizer Fachzeitschrift f\u00fcr Sicherheit\",\"publisher\":{\"@id\":\"https:\\\/\\\/news.save.ch\\\/de\\\/#organization\"},\"potentialAction\":[{\"@type\":\"SearchAction\",\"target\":{\"@type\":\"EntryPoint\",\"urlTemplate\":\"https:\\\/\\\/news.save.ch\\\/de\\\/?s={search_term_string}\"},\"query-input\":{\"@type\":\"PropertyValueSpecification\",\"valueRequired\":true,\"valueName\":\"search_term_string\"}}],\"inLanguage\":\"de\"},{\"@type\":\"Organization\",\"@id\":\"https:\\\/\\\/news.save.ch\\\/de\\\/#organization\",\"name\":\"Sicherheitsforum\",\"url\":\"https:\\\/\\\/news.save.ch\\\/de\\\/\",\"logo\":{\"@type\":\"ImageObject\",\"inLanguage\":\"de\",\"@id\":\"https:\\\/\\\/news.save.ch\\\/de\\\/#\\\/schema\\\/logo\\\/image\\\/\",\"url\":\"https:\\\/\\\/news.save.ch\\\/wp-content\\\/uploads\\\/2022\\\/06\\\/Logo_SF_2012.png\",\"contentUrl\":\"https:\\\/\\\/news.save.ch\\\/wp-content\\\/uploads\\\/2022\\\/06\\\/Logo_SF_2012.png\",\"width\":1100,\"height\":91,\"caption\":\"Sicherheitsforum\"},\"image\":{\"@id\":\"https:\\\/\\\/news.save.ch\\\/de\\\/#\\\/schema\\\/logo\\\/image\\\/\"}},{\"@type\":\"Person\",\"@id\":\"https:\\\/\\\/news.save.ch\\\/de\\\/#\\\/schema\\\/person\\\/ad4ef21102fd6125312409ac57d5296d\",\"name\":\"Simon Gr\u00f6flin\",\"image\":{\"@type\":\"ImageObject\",\"inLanguage\":\"de\",\"@id\":\"https:\\\/\\\/secure.gravatar.com\\\/avatar\\\/6ddceb80eb734354635539e0ea5140bb7c41e42de7c45c9a2ab9921b5d5c9a83?s=96&d=mm&r=g\",\"url\":\"https:\\\/\\\/secure.gravatar.com\\\/avatar\\\/6ddceb80eb734354635539e0ea5140bb7c41e42de7c45c9a2ab9921b5d5c9a83?s=96&d=mm&r=g\",\"contentUrl\":\"https:\\\/\\\/secure.gravatar.com\\\/avatar\\\/6ddceb80eb734354635539e0ea5140bb7c41e42de7c45c9a2ab9921b5d5c9a83?s=96&d=mm&r=g\",\"caption\":\"Simon Gr\u00f6flin\"},\"url\":\"https:\\\/\\\/news.save.ch\\\/de\\\/author\\\/simon-groeflin\\\/\"}]}<\/script>\n<!-- \/ Yoast SEO plugin. -->","yoast_head_json":{"title":"Mit den Jahren steigt der Lichtbedarf - Save","description":"Schon ab Mitte 30 brauchen viele Menschen mehr Licht \u2013 und wissen es nicht.","robots":{"index":"index","follow":"follow","max-snippet":"max-snippet:-1","max-image-preview":"max-image-preview:large","max-video-preview":"max-video-preview:-1"},"canonical":"https:\/\/news.save.ch\/de\/mit-den-jahren-steigt-der-lichtbedarf\/","og_locale":"de_DE","og_type":"article","og_title":"Mit den Jahren steigt der Lichtbedarf - Save","og_description":"Schon ab Mitte 30 brauchen viele Menschen mehr Licht \u2013 und wissen es nicht.","og_url":"https:\/\/news.save.ch\/de\/mit-den-jahren-steigt-der-lichtbedarf\/","og_site_name":"Save","article_published_time":"2023-01-30T06:48:23+00:00","article_modified_time":"2023-07-27T01:16:34+00:00","og_image":[{"width":1000,"height":530,"url":"https:\/\/news.save.ch\/wp-content\/uploads\/2023\/01\/Depositphotos_178704844_S.jpg","type":"image\/jpeg"}],"author":"Simon Gr\u00f6flin","twitter_card":"summary_large_image","twitter_misc":{"Geschrieben von":"Simon Gr\u00f6flin","Gesch\u00e4tzte Lesezeit":"3\u00a0Minuten"},"schema":{"@context":"https:\/\/schema.org","@graph":[{"@type":"Article","@id":"https:\/\/news.save.ch\/mit-den-jahren-steigt-der-lichtbedarf\/#article","isPartOf":{"@id":"https:\/\/news.save.ch\/mit-den-jahren-steigt-der-lichtbedarf\/"},"author":{"name":"Simon Gr\u00f6flin","@id":"https:\/\/news.save.ch\/de\/#\/schema\/person\/ad4ef21102fd6125312409ac57d5296d"},"headline":"Mit den Jahren steigt der Lichtbedarf","datePublished":"2023-01-30T06:48:23+00:00","dateModified":"2023-07-27T01:16:34+00:00","mainEntityOfPage":{"@id":"https:\/\/news.save.ch\/mit-den-jahren-steigt-der-lichtbedarf\/"},"wordCount":512,"publisher":{"@id":"https:\/\/news.save.ch\/de\/#organization"},"image":{"@id":"https:\/\/news.save.ch\/mit-den-jahren-steigt-der-lichtbedarf\/#primaryimage"},"thumbnailUrl":"https:\/\/news.save.ch\/wp-content\/uploads\/2023\/01\/Depositphotos_178704844_S.jpg","keywords":["Beleuchtungsst\u00e4rken","Biorhythmus","Blendung","Blendungsempfindlichkeit","Ergonomisch","Farbwiedergabe","Lichtbedarf","Lichtmanagementsystem","Sehkraft"],"articleSection":["HEALTH &amp; SAFETY"],"inLanguage":"de"},{"@type":"WebPage","@id":"https:\/\/news.save.ch\/mit-den-jahren-steigt-der-lichtbedarf\/","url":"https:\/\/news.save.ch\/mit-den-jahren-steigt-der-lichtbedarf\/","name":"Mit den Jahren steigt der Lichtbedarf - Save","isPartOf":{"@id":"https:\/\/news.save.ch\/de\/#website"},"primaryImageOfPage":{"@id":"https:\/\/news.save.ch\/mit-den-jahren-steigt-der-lichtbedarf\/#primaryimage"},"image":{"@id":"https:\/\/news.save.ch\/mit-den-jahren-steigt-der-lichtbedarf\/#primaryimage"},"thumbnailUrl":"https:\/\/news.save.ch\/wp-content\/uploads\/2023\/01\/Depositphotos_178704844_S.jpg","datePublished":"2023-01-30T06:48:23+00:00","dateModified":"2023-07-27T01:16:34+00:00","description":"Schon ab Mitte 30 brauchen viele Menschen mehr Licht \u2013 und wissen es nicht.","breadcrumb":{"@id":"https:\/\/news.save.ch\/mit-den-jahren-steigt-der-lichtbedarf\/#breadcrumb"},"inLanguage":"de","potentialAction":[{"@type":"ReadAction","target":["https:\/\/news.save.ch\/mit-den-jahren-steigt-der-lichtbedarf\/"]}]},{"@type":"ImageObject","inLanguage":"de","@id":"https:\/\/news.save.ch\/mit-den-jahren-steigt-der-lichtbedarf\/#primaryimage","url":"https:\/\/news.save.ch\/wp-content\/uploads\/2023\/01\/Depositphotos_178704844_S.jpg","contentUrl":"https:\/\/news.save.ch\/wp-content\/uploads\/2023\/01\/Depositphotos_178704844_S.jpg","width":1000,"height":530,"caption":"Bild: depositphotos"},{"@type":"BreadcrumbList","@id":"https:\/\/news.save.ch\/mit-den-jahren-steigt-der-lichtbedarf\/#breadcrumb","itemListElement":[{"@type":"ListItem","position":1,"name":"Home","item":"https:\/\/news.save.ch\/de\/"},{"@type":"ListItem","position":2,"name":"Mit den Jahren steigt der Lichtbedarf"}]},{"@type":"WebSite","@id":"https:\/\/news.save.ch\/de\/#website","url":"https:\/\/news.save.ch\/de\/","name":"Save","description":"Schweizer Fachzeitschrift f\u00fcr Sicherheit","publisher":{"@id":"https:\/\/news.save.ch\/de\/#organization"},"potentialAction":[{"@type":"SearchAction","target":{"@type":"EntryPoint","urlTemplate":"https:\/\/news.save.ch\/de\/?s={search_term_string}"},"query-input":{"@type":"PropertyValueSpecification","valueRequired":true,"valueName":"search_term_string"}}],"inLanguage":"de"},{"@type":"Organization","@id":"https:\/\/news.save.ch\/de\/#organization","name":"Sicherheitsforum","url":"https:\/\/news.save.ch\/de\/","logo":{"@type":"ImageObject","inLanguage":"de","@id":"https:\/\/news.save.ch\/de\/#\/schema\/logo\/image\/","url":"https:\/\/news.save.ch\/wp-content\/uploads\/2022\/06\/Logo_SF_2012.png","contentUrl":"https:\/\/news.save.ch\/wp-content\/uploads\/2022\/06\/Logo_SF_2012.png","width":1100,"height":91,"caption":"Sicherheitsforum"},"image":{"@id":"https:\/\/news.save.ch\/de\/#\/schema\/logo\/image\/"}},{"@type":"Person","@id":"https:\/\/news.save.ch\/de\/#\/schema\/person\/ad4ef21102fd6125312409ac57d5296d","name":"Simon Gr\u00f6flin","image":{"@type":"ImageObject","inLanguage":"de","@id":"https:\/\/secure.gravatar.com\/avatar\/6ddceb80eb734354635539e0ea5140bb7c41e42de7c45c9a2ab9921b5d5c9a83?s=96&d=mm&r=g","url":"https:\/\/secure.gravatar.com\/avatar\/6ddceb80eb734354635539e0ea5140bb7c41e42de7c45c9a2ab9921b5d5c9a83?s=96&d=mm&r=g","contentUrl":"https:\/\/secure.gravatar.com\/avatar\/6ddceb80eb734354635539e0ea5140bb7c41e42de7c45c9a2ab9921b5d5c9a83?s=96&d=mm&r=g","caption":"Simon Gr\u00f6flin"},"url":"https:\/\/news.save.ch\/de\/author\/simon-groeflin\/"}]}},"_links":{"self":[{"href":"https:\/\/news.save.ch\/de\/wp-json\/wp\/v2\/posts\/10324","targetHints":{"allow":["GET"]}}],"collection":[{"href":"https:\/\/news.save.ch\/de\/wp-json\/wp\/v2\/posts"}],"about":[{"href":"https:\/\/news.save.ch\/de\/wp-json\/wp\/v2\/types\/post"}],"author":[{"embeddable":true,"href":"https:\/\/news.save.ch\/de\/wp-json\/wp\/v2\/users\/9"}],"replies":[{"embeddable":true,"href":"https:\/\/news.save.ch\/de\/wp-json\/wp\/v2\/comments?post=10324"}],"version-history":[{"count":3,"href":"https:\/\/news.save.ch\/de\/wp-json\/wp\/v2\/posts\/10324\/revisions"}],"predecessor-version":[{"id":19680,"href":"https:\/\/news.save.ch\/de\/wp-json\/wp\/v2\/posts\/10324\/revisions\/19680"}],"wp:featuredmedia":[{"embeddable":true,"href":"https:\/\/news.save.ch\/de\/wp-json\/wp\/v2\/media\/10326"}],"wp:attachment":[{"href":"https:\/\/news.save.ch\/de\/wp-json\/wp\/v2\/media?parent=10324"}],"wp:term":[{"taxonomy":"category","embeddable":true,"href":"https:\/\/news.save.ch\/de\/wp-json\/wp\/v2\/categories?post=10324"},{"taxonomy":"post_tag","embeddable":true,"href":"https:\/\/news.save.ch\/de\/wp-json\/wp\/v2\/tags?post=10324"}],"curies":[{"name":"wp","href":"https:\/\/api.w.org\/{rel}","templated":true}]}}