{"id":10411,"date":"2020-07-20T10:00:42","date_gmt":"2020-07-20T08:00:42","guid":{"rendered":"https:\/\/news.save.ch\/?p=10411"},"modified":"2023-03-14T08:59:18","modified_gmt":"2023-03-14T07:59:18","slug":"videoueberwachung-damit-das-volle-potenzial-ausgeschoepft-werden-kann","status":null,"type":"post","link":"https:\/\/news.save.ch\/de\/videoueberwachung-damit-das-volle-potenzial-ausgeschoepft-werden-kann\/","title":{"rendered":"Video\u00fcberwachung: Damit das volle Potenzial ausgesch\u00f6pft werden kann"},"content":{"rendered":"<figure id=\"attachment_10412\" aria-describedby=\"caption-attachment-10412\" style=\"width: 680px\" class=\"wp-caption aligncenter\"><img loading=\"lazy\" decoding=\"async\" class=\"size-medium wp-image-10412\" src=\"https:\/\/news.save.ch\/wp-content\/uploads\/2020\/07\/depositphotos-Andrey-Popov.jpg\" alt=\"\" width=\"680\" height=\"454\" srcset=\"https:\/\/news.save.ch\/wp-content\/uploads\/2020\/07\/depositphotos-Andrey-Popov.jpg 999w, https:\/\/news.save.ch\/wp-content\/uploads\/2020\/07\/depositphotos-Andrey-Popov-375x250.jpg 375w\" sizes=\"auto, (max-width: 680px) 100vw, 680px\" \/><figcaption id=\"caption-attachment-10412\" class=\"wp-caption-text\">\u00a9 depositphotos, Andrey Popov<\/figcaption><\/figure>\n<p>Die Video\u00fcberwachungssysteme werden immer besser. Im Verlauf der letzten f\u00fcnf Jahre hat sich im Bereich Bildgebung, Bildwiedergabe (Lichtempfindlichkeit, Datenkomprimierung, Sch\u00e4rfe und Detailwiedergabe) sehr viel zum Guten entwickelt. Aus polizeilicher und forensischer Sicht nimmt das f\u00fcr die Strafverfolgung verwertbare Videobild an Bedeutung weiter zu. Aber: Nicht immer bedeutet gr\u00f6sser und schneller auch besser!<\/p>\n<p>Oft werden alte Strukturen und Arbeitsweisen in eine neue Technologie \u00fcberf\u00fchrt. Zielf\u00fchrender ist es jedoch, diese den neuen Technologien anzupassen. Um die neuen M\u00f6glichkeiten eines Kamerasystems optimal nutzen zu k\u00f6nnen, muss sich der Betreiber vor der Montage und der Einstellung einer Kamera bewusst die Frage stellen, was und zu welchem Zweck aufgezeichnet werden soll.<\/p>\n<p>Gegen Einbruch kann man sich zum Beispiel nur mit einem aktiven, alarmausl\u00f6senden Videosystem mit Perimeterschutz sch\u00fctzen. Dieses Konzept n\u00fctzt gegen einen Raub aber nichts, denn hier ist eine Kamera oft nur ein dokumentierender Bestandteil innerhalb der gesamten Sicherheitsstrategie.<\/p>\n<p>Die Auseinandersetzung mit der Wahl des Schutzziels, der Art der zu erwartenden Delikte, den dazu m\u00f6glichen Modi Operandi (Tatvorgehen und T\u00e4terverhalten) und wer als potenzielle T\u00e4terschaft infrage kommen kann, ist hierbei elementar. Wenn ein Einbruch bei Nacht die h\u00f6here Eintrittswahrscheinlichkeit hat als ein Diebstahl bei Tag, muss die Kamera bei geringem Lichteinfall in der Lage sein, kontrastreiche Bilder ohne Bewegungsunsch\u00e4rfe zu erzeugen.<\/p>\n<p><strong>Kameraeigenschaften<\/strong><\/p>\n<p>F\u00fcr jeden Anwendungszweck sowie jedes Schutzziel sollten daher die folgenden Kameraeigenschaften gewissenhaft gepr\u00fcft werden: Detailwiedergabe, Aufnahmewinkel resp. Bildverzerrung, Kontrastverhalten und Farbechtheit, Lichtempfindlichkeit und Bild\u00adrauschen.<\/p>\n<p>Erst wenn diese Punkte klar definiert sind, kann ein konkretes, den Anforderungen entsprechendes Kameramodell seinen Nutzen aussch\u00f6pfen.<\/p>\n<p>Die Grundeinstellung einer Kamera passt ohne individuelle Anpassung in der Regel nicht zur spezifischen Schutzzielanforderung. Angepasste beziehungsweise optimierte Einstellungen dienen mit einem optimalen Aufzeichnungsergebnis nicht nur dem Betreiber als potenziellem Gesch\u00e4digten, sondern auch der Strafverfolgung bei der Kl\u00e4rung von Straftaten.<\/p>\n<blockquote>\n<p><em>Was im Zusammenhang mit Video\u00fcberwachungssystemen weiter zu beachten ist, erfahren Sie, liebe Leserinnen und Leser, in unserer Spezialausgabe Video-Security-Spezial, die am 25. August erscheint. <\/em><\/p>\n<p><em>In der Printausgabe Video\u00fcberwachung nehmen unsere Fachautoren zudem \u00dcberwachungskameras unter die Lupe: die Ergebnisse zeigen interessante und f\u00fcr Sie n\u00fctzliche Aspekte auf. Nebst weiteren Themen ver\u00f6ffentlicht das SicherheitsForum in der Spezialausgabe auch eine Markt- und Hersteller\u00fcbersicht.<\/em><\/p>\n<p><em>Hier geht es zur <a href=\"https:\/\/news.save.ch\/sicherheitsforum\/\">Abo-Bestellung<\/a>.<\/em><\/p>\n<\/blockquote>\n<p><em>\u00a0<\/em><\/p>\n<p>&nbsp;<\/p>\n<p>&nbsp;<\/p>\n","protected":false},"excerpt":{"rendered":"<p>Die Video\u00fcberwachungssysteme werden immer besser. Im Verlauf der letzten f\u00fcnf Jahre hat sich im Bereich Bildgebung, Bildwiedergabe (Lichtempfindlichkeit, Datenkomprimierung, Sch\u00e4rfe und Detailwiedergabe) sehr viel zum Guten entwickelt. Aus polizeilicher und forensischer Sicht nimmt das f\u00fcr die Strafverfolgung verwertbare Videobild an Bedeutung weiter zu. Aber: Nicht immer bedeutet gr\u00f6sser und schneller auch besser! Oft werden alte [&hellip;]<\/p>\n","protected":false},"author":8,"featured_media":10412,"comment_status":"closed","ping_status":"closed","sticky":false,"template":"","format":"standard","meta":{"_acf_changed":false,"pgc_sgb_lightbox_settings":"","footnotes":""},"categories":[3312],"tags":[947,78],"class_list":["post-10411","post","type-post","status-publish","format-standard","has-post-thumbnail","hentry","category-sicherheit","tag-video-security-spezial","tag-videoueberwachung"],"acf":[],"hkrextid":null,"publication":null,"issue":null,"workflow":null,"startPage":null,"spitzmarke":null,"_posts_by_tag_page_fields":{"widget_title":"","widget_tags":""},"_at_widget":"1","_yoast_wpseo_primary_category":"529","_yoast_wpseo_focuskw_text_input":"Video\u00fcberwachung","_yoast_wpseo_opengraph-image":null,"_yoast_wpseo_opengraph-description":null,"_yoast_wpseo_opengraph-title":null,"enclosure":null,"_yoast_wpseo_twitter-title":null,"_yoast_wpseo_twitter-description":null,"_yoast_wpseo_twitter-image":null,"_wp_old_slug":null,"_yoast_wpseo_title":null,"_yoast_wpseo_canonical":null,"yoast_head":"<!-- This site is optimized with the Yoast SEO plugin v27.5 - https:\/\/yoast.com\/product\/yoast-seo-wordpress\/ -->\n<title>Video\u00fcberwachung: Damit das volle Potenzial ausgesch\u00f6pft werden kann - Save<\/title>\n<meta name=\"description\" content=\"Die Fachzeitschrift SicherheitsForum ver\u00f6ffentlicht am 25. August 2020 eine Spezialausgabe zum Thema Video\u00fcberwachung.\" \/>\n<meta name=\"robots\" content=\"index, follow, max-snippet:-1, max-image-preview:large, max-video-preview:-1\" \/>\n<link rel=\"canonical\" href=\"https:\/\/news.save.ch\/de\/videoueberwachung-damit-das-volle-potenzial-ausgeschoepft-werden-kann\/\" \/>\n<meta property=\"og:locale\" content=\"de_DE\" \/>\n<meta property=\"og:type\" content=\"article\" \/>\n<meta property=\"og:title\" content=\"Video\u00fcberwachung: Damit das volle Potenzial ausgesch\u00f6pft werden kann - Save\" \/>\n<meta property=\"og:description\" content=\"Die Fachzeitschrift SicherheitsForum ver\u00f6ffentlicht am 25. August 2020 eine Spezialausgabe zum Thema Video\u00fcberwachung.\" \/>\n<meta property=\"og:url\" content=\"https:\/\/news.save.ch\/de\/videoueberwachung-damit-das-volle-potenzial-ausgeschoepft-werden-kann\/\" \/>\n<meta property=\"og:site_name\" content=\"Save\" \/>\n<meta property=\"article:published_time\" content=\"2020-07-20T08:00:42+00:00\" \/>\n<meta property=\"article:modified_time\" content=\"2023-03-14T07:59:18+00:00\" \/>\n<meta property=\"og:image\" content=\"https:\/\/news.save.ch\/wp-content\/uploads\/2020\/07\/depositphotos-Andrey-Popov.jpg\" \/>\n\t<meta property=\"og:image:width\" content=\"999\" \/>\n\t<meta property=\"og:image:height\" content=\"667\" \/>\n\t<meta property=\"og:image:type\" content=\"image\/jpeg\" \/>\n<meta name=\"author\" content=\"Roger Str\u00e4ssle\" \/>\n<meta name=\"twitter:card\" content=\"summary_large_image\" \/>\n<meta name=\"twitter:label1\" content=\"Geschrieben von\" \/>\n\t<meta name=\"twitter:data1\" content=\"Roger Str\u00e4ssle\" \/>\n\t<meta name=\"twitter:label2\" content=\"Gesch\u00e4tzte Lesezeit\" \/>\n\t<meta name=\"twitter:data2\" content=\"2\u00a0Minuten\" \/>\n<script type=\"application\/ld+json\" class=\"yoast-schema-graph\">{\"@context\":\"https:\\\/\\\/schema.org\",\"@graph\":[{\"@type\":\"Article\",\"@id\":\"https:\\\/\\\/news.save.ch\\\/videoueberwachung-damit-das-volle-potenzial-ausgeschoepft-werden-kann\\\/#article\",\"isPartOf\":{\"@id\":\"https:\\\/\\\/news.save.ch\\\/videoueberwachung-damit-das-volle-potenzial-ausgeschoepft-werden-kann\\\/\"},\"author\":{\"name\":\"Roger Str\u00e4ssle\",\"@id\":\"https:\\\/\\\/news.save.ch\\\/de\\\/#\\\/schema\\\/person\\\/d5022db048e0e2b9785c50e5b24da5aa\"},\"headline\":\"Video\u00fcberwachung: Damit das volle Potenzial ausgesch\u00f6pft werden kann\",\"datePublished\":\"2020-07-20T08:00:42+00:00\",\"dateModified\":\"2023-03-14T07:59:18+00:00\",\"mainEntityOfPage\":{\"@id\":\"https:\\\/\\\/news.save.ch\\\/videoueberwachung-damit-das-volle-potenzial-ausgeschoepft-werden-kann\\\/\"},\"wordCount\":403,\"publisher\":{\"@id\":\"https:\\\/\\\/news.save.ch\\\/de\\\/#organization\"},\"image\":{\"@id\":\"https:\\\/\\\/news.save.ch\\\/videoueberwachung-damit-das-volle-potenzial-ausgeschoepft-werden-kann\\\/#primaryimage\"},\"thumbnailUrl\":\"https:\\\/\\\/news.save.ch\\\/wp-content\\\/uploads\\\/2020\\\/07\\\/depositphotos-Andrey-Popov.jpg\",\"keywords\":[\"Video Security Spezial\",\"Video\u00fcberwachung\"],\"articleSection\":[\"SICHERHEIT\"],\"inLanguage\":\"de\"},{\"@type\":\"WebPage\",\"@id\":\"https:\\\/\\\/news.save.ch\\\/videoueberwachung-damit-das-volle-potenzial-ausgeschoepft-werden-kann\\\/\",\"url\":\"https:\\\/\\\/news.save.ch\\\/videoueberwachung-damit-das-volle-potenzial-ausgeschoepft-werden-kann\\\/\",\"name\":\"Video\u00fcberwachung: Damit das volle Potenzial ausgesch\u00f6pft werden kann - Save\",\"isPartOf\":{\"@id\":\"https:\\\/\\\/news.save.ch\\\/de\\\/#website\"},\"primaryImageOfPage\":{\"@id\":\"https:\\\/\\\/news.save.ch\\\/videoueberwachung-damit-das-volle-potenzial-ausgeschoepft-werden-kann\\\/#primaryimage\"},\"image\":{\"@id\":\"https:\\\/\\\/news.save.ch\\\/videoueberwachung-damit-das-volle-potenzial-ausgeschoepft-werden-kann\\\/#primaryimage\"},\"thumbnailUrl\":\"https:\\\/\\\/news.save.ch\\\/wp-content\\\/uploads\\\/2020\\\/07\\\/depositphotos-Andrey-Popov.jpg\",\"datePublished\":\"2020-07-20T08:00:42+00:00\",\"dateModified\":\"2023-03-14T07:59:18+00:00\",\"description\":\"Die Fachzeitschrift SicherheitsForum ver\u00f6ffentlicht am 25. August 2020 eine Spezialausgabe zum Thema Video\u00fcberwachung.\",\"breadcrumb\":{\"@id\":\"https:\\\/\\\/news.save.ch\\\/videoueberwachung-damit-das-volle-potenzial-ausgeschoepft-werden-kann\\\/#breadcrumb\"},\"inLanguage\":\"de\",\"potentialAction\":[{\"@type\":\"ReadAction\",\"target\":[\"https:\\\/\\\/news.save.ch\\\/videoueberwachung-damit-das-volle-potenzial-ausgeschoepft-werden-kann\\\/\"]}]},{\"@type\":\"ImageObject\",\"inLanguage\":\"de\",\"@id\":\"https:\\\/\\\/news.save.ch\\\/videoueberwachung-damit-das-volle-potenzial-ausgeschoepft-werden-kann\\\/#primaryimage\",\"url\":\"https:\\\/\\\/news.save.ch\\\/wp-content\\\/uploads\\\/2020\\\/07\\\/depositphotos-Andrey-Popov.jpg\",\"contentUrl\":\"https:\\\/\\\/news.save.ch\\\/wp-content\\\/uploads\\\/2020\\\/07\\\/depositphotos-Andrey-Popov.jpg\",\"width\":999,\"height\":667,\"caption\":\"\u00a9 depositphotos, Andrey Popov\"},{\"@type\":\"BreadcrumbList\",\"@id\":\"https:\\\/\\\/news.save.ch\\\/videoueberwachung-damit-das-volle-potenzial-ausgeschoepft-werden-kann\\\/#breadcrumb\",\"itemListElement\":[{\"@type\":\"ListItem\",\"position\":1,\"name\":\"Home\",\"item\":\"https:\\\/\\\/news.save.ch\\\/de\\\/\"},{\"@type\":\"ListItem\",\"position\":2,\"name\":\"Video\u00fcberwachung: Damit das volle Potenzial ausgesch\u00f6pft werden kann\"}]},{\"@type\":\"WebSite\",\"@id\":\"https:\\\/\\\/news.save.ch\\\/de\\\/#website\",\"url\":\"https:\\\/\\\/news.save.ch\\\/de\\\/\",\"name\":\"Save\",\"description\":\"Schweizer Fachzeitschrift f\u00fcr Sicherheit\",\"publisher\":{\"@id\":\"https:\\\/\\\/news.save.ch\\\/de\\\/#organization\"},\"potentialAction\":[{\"@type\":\"SearchAction\",\"target\":{\"@type\":\"EntryPoint\",\"urlTemplate\":\"https:\\\/\\\/news.save.ch\\\/de\\\/?s={search_term_string}\"},\"query-input\":{\"@type\":\"PropertyValueSpecification\",\"valueRequired\":true,\"valueName\":\"search_term_string\"}}],\"inLanguage\":\"de\"},{\"@type\":\"Organization\",\"@id\":\"https:\\\/\\\/news.save.ch\\\/de\\\/#organization\",\"name\":\"Sicherheitsforum\",\"url\":\"https:\\\/\\\/news.save.ch\\\/de\\\/\",\"logo\":{\"@type\":\"ImageObject\",\"inLanguage\":\"de\",\"@id\":\"https:\\\/\\\/news.save.ch\\\/de\\\/#\\\/schema\\\/logo\\\/image\\\/\",\"url\":\"https:\\\/\\\/news.save.ch\\\/wp-content\\\/uploads\\\/2022\\\/06\\\/Logo_SF_2012.png\",\"contentUrl\":\"https:\\\/\\\/news.save.ch\\\/wp-content\\\/uploads\\\/2022\\\/06\\\/Logo_SF_2012.png\",\"width\":1100,\"height\":91,\"caption\":\"Sicherheitsforum\"},\"image\":{\"@id\":\"https:\\\/\\\/news.save.ch\\\/de\\\/#\\\/schema\\\/logo\\\/image\\\/\"}},{\"@type\":\"Person\",\"@id\":\"https:\\\/\\\/news.save.ch\\\/de\\\/#\\\/schema\\\/person\\\/d5022db048e0e2b9785c50e5b24da5aa\",\"name\":\"Roger Str\u00e4ssle\",\"image\":{\"@type\":\"ImageObject\",\"inLanguage\":\"de\",\"@id\":\"https:\\\/\\\/secure.gravatar.com\\\/avatar\\\/862a5569d087de48e5856e32f45d719a03804c891d6deb8d4f71a660e79e4a47?s=96&d=mm&r=g\",\"url\":\"https:\\\/\\\/secure.gravatar.com\\\/avatar\\\/862a5569d087de48e5856e32f45d719a03804c891d6deb8d4f71a660e79e4a47?s=96&d=mm&r=g\",\"contentUrl\":\"https:\\\/\\\/secure.gravatar.com\\\/avatar\\\/862a5569d087de48e5856e32f45d719a03804c891d6deb8d4f71a660e79e4a47?s=96&d=mm&r=g\",\"caption\":\"Roger Str\u00e4ssle\"},\"url\":\"https:\\\/\\\/news.save.ch\\\/de\\\/author\\\/roger-straessle\\\/\"}]}<\/script>\n<!-- \/ Yoast SEO plugin. -->","yoast_head_json":{"title":"Video\u00fcberwachung: Damit das volle Potenzial ausgesch\u00f6pft werden kann - Save","description":"Die Fachzeitschrift SicherheitsForum ver\u00f6ffentlicht am 25. August 2020 eine Spezialausgabe zum Thema Video\u00fcberwachung.","robots":{"index":"index","follow":"follow","max-snippet":"max-snippet:-1","max-image-preview":"max-image-preview:large","max-video-preview":"max-video-preview:-1"},"canonical":"https:\/\/news.save.ch\/de\/videoueberwachung-damit-das-volle-potenzial-ausgeschoepft-werden-kann\/","og_locale":"de_DE","og_type":"article","og_title":"Video\u00fcberwachung: Damit das volle Potenzial ausgesch\u00f6pft werden kann - Save","og_description":"Die Fachzeitschrift SicherheitsForum ver\u00f6ffentlicht am 25. August 2020 eine Spezialausgabe zum Thema Video\u00fcberwachung.","og_url":"https:\/\/news.save.ch\/de\/videoueberwachung-damit-das-volle-potenzial-ausgeschoepft-werden-kann\/","og_site_name":"Save","article_published_time":"2020-07-20T08:00:42+00:00","article_modified_time":"2023-03-14T07:59:18+00:00","og_image":[{"width":999,"height":667,"url":"https:\/\/news.save.ch\/wp-content\/uploads\/2020\/07\/depositphotos-Andrey-Popov.jpg","type":"image\/jpeg"}],"author":"Roger Str\u00e4ssle","twitter_card":"summary_large_image","twitter_misc":{"Geschrieben von":"Roger Str\u00e4ssle","Gesch\u00e4tzte Lesezeit":"2\u00a0Minuten"},"schema":{"@context":"https:\/\/schema.org","@graph":[{"@type":"Article","@id":"https:\/\/news.save.ch\/videoueberwachung-damit-das-volle-potenzial-ausgeschoepft-werden-kann\/#article","isPartOf":{"@id":"https:\/\/news.save.ch\/videoueberwachung-damit-das-volle-potenzial-ausgeschoepft-werden-kann\/"},"author":{"name":"Roger Str\u00e4ssle","@id":"https:\/\/news.save.ch\/de\/#\/schema\/person\/d5022db048e0e2b9785c50e5b24da5aa"},"headline":"Video\u00fcberwachung: Damit das volle Potenzial ausgesch\u00f6pft werden kann","datePublished":"2020-07-20T08:00:42+00:00","dateModified":"2023-03-14T07:59:18+00:00","mainEntityOfPage":{"@id":"https:\/\/news.save.ch\/videoueberwachung-damit-das-volle-potenzial-ausgeschoepft-werden-kann\/"},"wordCount":403,"publisher":{"@id":"https:\/\/news.save.ch\/de\/#organization"},"image":{"@id":"https:\/\/news.save.ch\/videoueberwachung-damit-das-volle-potenzial-ausgeschoepft-werden-kann\/#primaryimage"},"thumbnailUrl":"https:\/\/news.save.ch\/wp-content\/uploads\/2020\/07\/depositphotos-Andrey-Popov.jpg","keywords":["Video Security Spezial","Video\u00fcberwachung"],"articleSection":["SICHERHEIT"],"inLanguage":"de"},{"@type":"WebPage","@id":"https:\/\/news.save.ch\/videoueberwachung-damit-das-volle-potenzial-ausgeschoepft-werden-kann\/","url":"https:\/\/news.save.ch\/videoueberwachung-damit-das-volle-potenzial-ausgeschoepft-werden-kann\/","name":"Video\u00fcberwachung: Damit das volle Potenzial ausgesch\u00f6pft werden kann - Save","isPartOf":{"@id":"https:\/\/news.save.ch\/de\/#website"},"primaryImageOfPage":{"@id":"https:\/\/news.save.ch\/videoueberwachung-damit-das-volle-potenzial-ausgeschoepft-werden-kann\/#primaryimage"},"image":{"@id":"https:\/\/news.save.ch\/videoueberwachung-damit-das-volle-potenzial-ausgeschoepft-werden-kann\/#primaryimage"},"thumbnailUrl":"https:\/\/news.save.ch\/wp-content\/uploads\/2020\/07\/depositphotos-Andrey-Popov.jpg","datePublished":"2020-07-20T08:00:42+00:00","dateModified":"2023-03-14T07:59:18+00:00","description":"Die Fachzeitschrift SicherheitsForum ver\u00f6ffentlicht am 25. August 2020 eine Spezialausgabe zum Thema Video\u00fcberwachung.","breadcrumb":{"@id":"https:\/\/news.save.ch\/videoueberwachung-damit-das-volle-potenzial-ausgeschoepft-werden-kann\/#breadcrumb"},"inLanguage":"de","potentialAction":[{"@type":"ReadAction","target":["https:\/\/news.save.ch\/videoueberwachung-damit-das-volle-potenzial-ausgeschoepft-werden-kann\/"]}]},{"@type":"ImageObject","inLanguage":"de","@id":"https:\/\/news.save.ch\/videoueberwachung-damit-das-volle-potenzial-ausgeschoepft-werden-kann\/#primaryimage","url":"https:\/\/news.save.ch\/wp-content\/uploads\/2020\/07\/depositphotos-Andrey-Popov.jpg","contentUrl":"https:\/\/news.save.ch\/wp-content\/uploads\/2020\/07\/depositphotos-Andrey-Popov.jpg","width":999,"height":667,"caption":"\u00a9 depositphotos, Andrey Popov"},{"@type":"BreadcrumbList","@id":"https:\/\/news.save.ch\/videoueberwachung-damit-das-volle-potenzial-ausgeschoepft-werden-kann\/#breadcrumb","itemListElement":[{"@type":"ListItem","position":1,"name":"Home","item":"https:\/\/news.save.ch\/de\/"},{"@type":"ListItem","position":2,"name":"Video\u00fcberwachung: Damit das volle Potenzial ausgesch\u00f6pft werden kann"}]},{"@type":"WebSite","@id":"https:\/\/news.save.ch\/de\/#website","url":"https:\/\/news.save.ch\/de\/","name":"Save","description":"Schweizer Fachzeitschrift f\u00fcr Sicherheit","publisher":{"@id":"https:\/\/news.save.ch\/de\/#organization"},"potentialAction":[{"@type":"SearchAction","target":{"@type":"EntryPoint","urlTemplate":"https:\/\/news.save.ch\/de\/?s={search_term_string}"},"query-input":{"@type":"PropertyValueSpecification","valueRequired":true,"valueName":"search_term_string"}}],"inLanguage":"de"},{"@type":"Organization","@id":"https:\/\/news.save.ch\/de\/#organization","name":"Sicherheitsforum","url":"https:\/\/news.save.ch\/de\/","logo":{"@type":"ImageObject","inLanguage":"de","@id":"https:\/\/news.save.ch\/de\/#\/schema\/logo\/image\/","url":"https:\/\/news.save.ch\/wp-content\/uploads\/2022\/06\/Logo_SF_2012.png","contentUrl":"https:\/\/news.save.ch\/wp-content\/uploads\/2022\/06\/Logo_SF_2012.png","width":1100,"height":91,"caption":"Sicherheitsforum"},"image":{"@id":"https:\/\/news.save.ch\/de\/#\/schema\/logo\/image\/"}},{"@type":"Person","@id":"https:\/\/news.save.ch\/de\/#\/schema\/person\/d5022db048e0e2b9785c50e5b24da5aa","name":"Roger Str\u00e4ssle","image":{"@type":"ImageObject","inLanguage":"de","@id":"https:\/\/secure.gravatar.com\/avatar\/862a5569d087de48e5856e32f45d719a03804c891d6deb8d4f71a660e79e4a47?s=96&d=mm&r=g","url":"https:\/\/secure.gravatar.com\/avatar\/862a5569d087de48e5856e32f45d719a03804c891d6deb8d4f71a660e79e4a47?s=96&d=mm&r=g","contentUrl":"https:\/\/secure.gravatar.com\/avatar\/862a5569d087de48e5856e32f45d719a03804c891d6deb8d4f71a660e79e4a47?s=96&d=mm&r=g","caption":"Roger Str\u00e4ssle"},"url":"https:\/\/news.save.ch\/de\/author\/roger-straessle\/"}]}},"_links":{"self":[{"href":"https:\/\/news.save.ch\/de\/wp-json\/wp\/v2\/posts\/10411","targetHints":{"allow":["GET"]}}],"collection":[{"href":"https:\/\/news.save.ch\/de\/wp-json\/wp\/v2\/posts"}],"about":[{"href":"https:\/\/news.save.ch\/de\/wp-json\/wp\/v2\/types\/post"}],"author":[{"embeddable":true,"href":"https:\/\/news.save.ch\/de\/wp-json\/wp\/v2\/users\/8"}],"replies":[{"embeddable":true,"href":"https:\/\/news.save.ch\/de\/wp-json\/wp\/v2\/comments?post=10411"}],"version-history":[{"count":1,"href":"https:\/\/news.save.ch\/de\/wp-json\/wp\/v2\/posts\/10411\/revisions"}],"predecessor-version":[{"id":17910,"href":"https:\/\/news.save.ch\/de\/wp-json\/wp\/v2\/posts\/10411\/revisions\/17910"}],"wp:featuredmedia":[{"embeddable":true,"href":"https:\/\/news.save.ch\/de\/wp-json\/wp\/v2\/media\/10412"}],"wp:attachment":[{"href":"https:\/\/news.save.ch\/de\/wp-json\/wp\/v2\/media?parent=10411"}],"wp:term":[{"taxonomy":"category","embeddable":true,"href":"https:\/\/news.save.ch\/de\/wp-json\/wp\/v2\/categories?post=10411"},{"taxonomy":"post_tag","embeddable":true,"href":"https:\/\/news.save.ch\/de\/wp-json\/wp\/v2\/tags?post=10411"}],"curies":[{"name":"wp","href":"https:\/\/api.w.org\/{rel}","templated":true}]}}