{"id":10577,"date":"2020-09-11T14:36:06","date_gmt":"2020-09-11T12:36:06","guid":{"rendered":"https:\/\/news.save.ch\/?p=10577"},"modified":"2020-09-11T14:36:06","modified_gmt":"2020-09-11T12:36:06","slug":"weltkarte-zur-bewertung-der-covid-19-auswirkungen-lanciert","status":null,"type":"post","link":"https:\/\/news.save.ch\/de\/weltkarte-zur-bewertung-der-covid-19-auswirkungen-lanciert\/","title":{"rendered":"Karte zur Bewertung der Covid-19-Auswirkungen lanciert"},"content":{"rendered":"<figure id=\"attachment_10579\" aria-describedby=\"caption-attachment-10579\" style=\"width: 680px\" class=\"wp-caption aligncenter\"><img loading=\"lazy\" decoding=\"async\" class=\"wp-image-10579 size-medium\" src=\"https:\/\/news.save.ch\/wp-content\/uploads\/2020\/09\/map.jpg\" alt=\"\u00abCovid-19 Impact Map\u00bb\" width=\"680\" height=\"417\" srcset=\"https:\/\/news.save.ch\/wp-content\/uploads\/2020\/09\/map.jpg 985w, https:\/\/news.save.ch\/wp-content\/uploads\/2020\/09\/map-375x230.jpg 375w\" sizes=\"auto, (max-width: 680px) 100vw, 680px\" \/><figcaption id=\"caption-attachment-10579\" class=\"wp-caption-text\">Die <a href=\"https:\/\/www.internationalsos.com\/medical-and-security-services\/covid-19\">\u00abCovid-19 Impact Map\u00bb<\/a>. \u00a9 International SOS<\/figcaption><\/figure>\n<p>Weltweit sind Unternehmen dabei, ihre Gesch\u00e4ftst\u00e4tigkeit wieder hochzufahren \u2013 <a href=\"https:\/\/www.internationalsos.com\/\">International SOS<\/a> unterst\u00fctzt sie mit der neuen <a href=\"https:\/\/www.internationalsos.com\/medical-and-security-services\/covid-19\">\u00abCovid-19 Impact Map\u00bb<\/a>: Die Weltkarte stellt f\u00fcr alle L\u00e4nder die Auswirkungen von COVID-19 auf Gesundheit, Sicherheit und Logistik und damit auf den lokalen Gesch\u00e4ftsbetrieb in einer zusammenfassenden Bewertung dar. Als erste ihrer Art b\u00fcndelt die Karte Informationen und Analysen zu gesch\u00e4ftsentscheidenden Indikatoren (1), die von Covid-19 betroffen sind, wie die Organisation in ihrer Medienmitteilung schreibt.<\/p>\n<p><strong>Erg\u00e4nzung zur \u00abRisk Map\u00bb<\/strong><\/p>\n<p>Die \u00abCovid-19 Impact Map\u00bb ist \u00f6ffentlich zug\u00e4nglich. Sie erg\u00e4nze die \u00abInternational SOS Risk Map\u00bb, die bereits die Themen Gesundheit, Sicherheit, inklusive Verkehrssicherheit umfasse.<\/p>\n<p>Um internationalen Unternehmen Informationen f\u00fcr alle L\u00e4nder der Welt (1) zur Verf\u00fcgung zu stellen, w\u00fcrden die Daten, auf denen die \u00abCovid-19 Impact Map\u00bb beruhe, t\u00e4glich aktualisiert. Die Analyse ber\u00fccksichtige folgende Faktoren:<\/p>\n<ul>\n<li>Covid-19-Fallzahlen im 14-t\u00e4gigen gleitenden Durchschnitt<\/li>\n<li>das Umfeld der Gesundheits- und Sicherheitsrisiken<\/li>\n<li>Reisebeschr\u00e4nkungen im jeweiligen Inland sowie Beschr\u00e4nkungen f\u00fcr Auslandsreisen<\/li>\n<li>vorhandene Massnahmen gegen Covid-19 und ihre Wirksamkeit<\/li>\n<\/ul>\n<p>Mit der \u00abCovid-19 Impact Map\u00bb helfe man den Kunden, ihre lokalen Aktionspl\u00e4ne und ihre globale Strategie mit konkreten, in Echtzeit aktualisierten Informationen zu versorgen, so C\u00e9dric Fraissinet, Gesch\u00e4ftsf\u00fchrer Schweiz und Italien bei International SOS. Dies erm\u00f6gliche, die Auswirkungen der Pandemie auf ihre Teams und Gesch\u00e4ftst\u00e4tigkeit zu minimieren.<\/p>\n<p><strong>Ganzheitlicher Ansatz f\u00fcr Sicherheitsrisiken<\/strong><\/p>\n<p>\u00abNebst Covid-19 m\u00fcssen Unternehmen auch auf die so genannten Gesundheits- und Sicherheitsrisiken zweiten und dritten Grades aufmerksam gemacht werden\u00bb, f\u00fcgt Gautier Porot hinzu, Security Director bei International SOS. Es werde auch weiter Naturkatastrophen, politische Spannungen, Wahlen und Unruhen geben, und die Pandemie werde einige dieser Ereignisse noch versch\u00e4rfen. Ein ganzheitlicher Ansatz sei unerl\u00e4sslich, um alle Risiken zu bewerten und geeignete Strategien umzusetzen. Dies, um das Unternehmen und seine Mitarbeitenden zu sch\u00fctzen, aber auch um die Gesch\u00e4ftskontinuit\u00e4t und damit die Resilienz des Unternehmens und deren Teams zu gew\u00e4hrleisten.<\/p>\n<p><strong>\u00abCovid-19 Impact Map\u00bb <\/strong><\/p>\n<p>Die \u00abCovid-19 Impact Map\u00bb steht gem\u00e4ss Angaben f\u00fcr folgende Auswirkungen von Covid-19 auf den Gesch\u00e4ftsbetrieb (siehe Tabelle):<\/p>\n<figure id=\"attachment_10578\" aria-describedby=\"caption-attachment-10578\" style=\"width: 680px\" class=\"wp-caption aligncenter\"><img loading=\"lazy\" decoding=\"async\" class=\"size-medium wp-image-10578\" src=\"https:\/\/news.save.ch\/wp-content\/uploads\/2020\/09\/International-Grafik_1.jpg\" alt=\"\" width=\"680\" height=\"267\" \/><figcaption id=\"caption-attachment-10578\" class=\"wp-caption-text\">\u00a9 International SOS<\/figcaption><\/figure>\n<p>Auf dieser Grundlage habe International SOS die Schweiz mit dem Status \u00abNiedrig\u00bb klassiert. Der Parameter ber\u00fccksichtige die Dynamik der Epidemie im entsprechenden Land. Gem\u00e4ss Stand heute sei die wirtschaftliche Aktivit\u00e4t mit leichten Einschr\u00e4nkungen m\u00f6glich. Die meisten Unternehmen in verschiedensten Sektoren seien wie bis anhin aktiv.<\/p>\n<p>Erg\u00e4nzend zu den Einstufungen der \u00abCovid-19 Impact Map\u00bb biete International SOS exklusiv f\u00fcr Kunden detaillierte logistische Informationen zur Einreise in bestimmte L\u00e4nder und Regionen (Inbound Travel Impact Scales). Diese umfassten unter anderem Informationen zu Einschr\u00e4nkungen des Flugverkehrs sowie Einreisebestimmungen. Ebenso w\u00fcrden Kunden Zugang zu den Variablen hinter der Impact Map und Empfehlungen von Experten erhalten, um die Pandemieauswirkungen auf den Gesch\u00e4ftsbetrieb zu minimieren.<\/p>\n<p><em>(1) F\u00fcr jedes Land wird ein Gesamtwert angegeben. Es ist jedoch zu beachten, dass die Auswirkungen von Covid-19 in einzelnen Orten eines Landes sehr verschieden ausfallen k\u00f6nnen, es also Unterschiede \u2013 z.B. zwischen Kantonen, Gemeinden oder St\u00e4dten \u2013 geben kann.<\/em><\/p>\n<p>&nbsp;<\/p>\n<p><em>Quelle: International SOS <\/em><\/p>\n","protected":false},"excerpt":{"rendered":"<p>Weltweit sind Unternehmen dabei, ihre Gesch\u00e4ftst\u00e4tigkeit wieder hochzufahren \u2013 International SOS unterst\u00fctzt sie mit der neuen \u00abCovid-19 Impact Map\u00bb: Die Weltkarte stellt f\u00fcr alle L\u00e4nder die Auswirkungen von COVID-19 auf Gesundheit, Sicherheit und Logistik und damit auf den lokalen Gesch\u00e4ftsbetrieb in einer zusammenfassenden Bewertung dar. Als erste ihrer Art b\u00fcndelt die Karte Informationen und Analysen [&hellip;]<\/p>\n","protected":false},"author":8,"featured_media":10579,"comment_status":"closed","ping_status":"closed","sticky":false,"template":"","format":"standard","meta":{"_acf_changed":false,"pgc_sgb_lightbox_settings":"","footnotes":""},"categories":[1],"tags":[1011,1012,632,1010,1009],"class_list":["post-10577","post","type-post","status-publish","format-standard","has-post-thumbnail","hentry","category-allgemein","tag-covid-19-impact-map","tag-risk-map","tag-covid-19","tag-internationale-unternehmen","tag-sicherheitsrisiken"],"acf":[],"hkrextid":null,"publication":null,"issue":null,"workflow":null,"startPage":null,"spitzmarke":null,"_posts_by_tag_page_fields":{"widget_title":"","widget_tags":""},"_at_widget":"1","_yoast_wpseo_primary_category":"1","_yoast_wpseo_focuskw_text_input":"\u00abCovid-19 Impact Map\u00bb","_yoast_wpseo_opengraph-image":null,"_yoast_wpseo_opengraph-description":null,"_yoast_wpseo_opengraph-title":null,"enclosure":null,"_yoast_wpseo_twitter-title":null,"_yoast_wpseo_twitter-description":null,"_yoast_wpseo_twitter-image":null,"_wp_old_slug":null,"_yoast_wpseo_title":null,"_yoast_wpseo_canonical":null,"yoast_head":"<!-- This site is optimized with the Yoast SEO plugin v27.4 - https:\/\/yoast.com\/product\/yoast-seo-wordpress\/ -->\n<title>Karte zur Bewertung der Covid-19-Auswirkungen lanciert - Save<\/title>\n<meta name=\"description\" content=\"Die Organisation International SOS hat eine Karte zur Bewertung der Covid-19-Auswirkungen pro Land und auf deren Gesch\u00e4ftsbetrieb lanciert.\" \/>\n<meta name=\"robots\" content=\"index, follow, max-snippet:-1, max-image-preview:large, max-video-preview:-1\" \/>\n<link rel=\"canonical\" href=\"https:\/\/news.save.ch\/de\/weltkarte-zur-bewertung-der-covid-19-auswirkungen-lanciert\/\" \/>\n<meta property=\"og:locale\" content=\"de_DE\" \/>\n<meta property=\"og:type\" content=\"article\" \/>\n<meta property=\"og:title\" content=\"Karte zur Bewertung der Covid-19-Auswirkungen lanciert - Save\" \/>\n<meta property=\"og:description\" content=\"Die Organisation International SOS hat eine Karte zur Bewertung der Covid-19-Auswirkungen pro Land und auf deren Gesch\u00e4ftsbetrieb lanciert.\" \/>\n<meta property=\"og:url\" content=\"https:\/\/news.save.ch\/de\/weltkarte-zur-bewertung-der-covid-19-auswirkungen-lanciert\/\" \/>\n<meta property=\"og:site_name\" content=\"Save\" \/>\n<meta property=\"article:published_time\" content=\"2020-09-11T12:36:06+00:00\" \/>\n<meta property=\"og:image\" content=\"https:\/\/news.save.ch\/wp-content\/uploads\/2020\/09\/map.jpg\" \/>\n\t<meta property=\"og:image:width\" content=\"985\" \/>\n\t<meta property=\"og:image:height\" content=\"604\" \/>\n\t<meta property=\"og:image:type\" content=\"image\/jpeg\" \/>\n<meta name=\"author\" content=\"Roger Str\u00e4ssle\" \/>\n<meta name=\"twitter:card\" content=\"summary_large_image\" \/>\n<meta name=\"twitter:label1\" content=\"Geschrieben von\" \/>\n\t<meta name=\"twitter:data1\" content=\"Roger Str\u00e4ssle\" \/>\n\t<meta name=\"twitter:label2\" content=\"Gesch\u00e4tzte Lesezeit\" \/>\n\t<meta name=\"twitter:data2\" content=\"3\u00a0Minuten\" \/>\n<script type=\"application\/ld+json\" class=\"yoast-schema-graph\">{\"@context\":\"https:\\\/\\\/schema.org\",\"@graph\":[{\"@type\":\"Article\",\"@id\":\"https:\\\/\\\/news.save.ch\\\/weltkarte-zur-bewertung-der-covid-19-auswirkungen-lanciert\\\/#article\",\"isPartOf\":{\"@id\":\"https:\\\/\\\/news.save.ch\\\/weltkarte-zur-bewertung-der-covid-19-auswirkungen-lanciert\\\/\"},\"author\":{\"name\":\"Roger Str\u00e4ssle\",\"@id\":\"https:\\\/\\\/news.save.ch\\\/de\\\/#\\\/schema\\\/person\\\/d5022db048e0e2b9785c50e5b24da5aa\"},\"headline\":\"Karte zur Bewertung der Covid-19-Auswirkungen lanciert\",\"datePublished\":\"2020-09-11T12:36:06+00:00\",\"mainEntityOfPage\":{\"@id\":\"https:\\\/\\\/news.save.ch\\\/weltkarte-zur-bewertung-der-covid-19-auswirkungen-lanciert\\\/\"},\"wordCount\":544,\"publisher\":{\"@id\":\"https:\\\/\\\/news.save.ch\\\/de\\\/#organization\"},\"image\":{\"@id\":\"https:\\\/\\\/news.save.ch\\\/weltkarte-zur-bewertung-der-covid-19-auswirkungen-lanciert\\\/#primaryimage\"},\"thumbnailUrl\":\"https:\\\/\\\/news.save.ch\\\/wp-content\\\/uploads\\\/2020\\\/09\\\/map.jpg\",\"keywords\":[\"\u00abCovid-19 Impact Map\u00bb\",\"\u00abRisk Map\u00bb\",\"Covid-19\",\"internationale Unternehmen\",\"Sicherheitsrisiken\"],\"articleSection\":[\"ALLGEMEIN\"],\"inLanguage\":\"de\"},{\"@type\":\"WebPage\",\"@id\":\"https:\\\/\\\/news.save.ch\\\/weltkarte-zur-bewertung-der-covid-19-auswirkungen-lanciert\\\/\",\"url\":\"https:\\\/\\\/news.save.ch\\\/weltkarte-zur-bewertung-der-covid-19-auswirkungen-lanciert\\\/\",\"name\":\"Karte zur Bewertung der Covid-19-Auswirkungen lanciert - Save\",\"isPartOf\":{\"@id\":\"https:\\\/\\\/news.save.ch\\\/de\\\/#website\"},\"primaryImageOfPage\":{\"@id\":\"https:\\\/\\\/news.save.ch\\\/weltkarte-zur-bewertung-der-covid-19-auswirkungen-lanciert\\\/#primaryimage\"},\"image\":{\"@id\":\"https:\\\/\\\/news.save.ch\\\/weltkarte-zur-bewertung-der-covid-19-auswirkungen-lanciert\\\/#primaryimage\"},\"thumbnailUrl\":\"https:\\\/\\\/news.save.ch\\\/wp-content\\\/uploads\\\/2020\\\/09\\\/map.jpg\",\"datePublished\":\"2020-09-11T12:36:06+00:00\",\"description\":\"Die Organisation International SOS hat eine Karte zur Bewertung der Covid-19-Auswirkungen pro Land und auf deren Gesch\u00e4ftsbetrieb lanciert.\",\"breadcrumb\":{\"@id\":\"https:\\\/\\\/news.save.ch\\\/weltkarte-zur-bewertung-der-covid-19-auswirkungen-lanciert\\\/#breadcrumb\"},\"inLanguage\":\"de\",\"potentialAction\":[{\"@type\":\"ReadAction\",\"target\":[\"https:\\\/\\\/news.save.ch\\\/weltkarte-zur-bewertung-der-covid-19-auswirkungen-lanciert\\\/\"]}]},{\"@type\":\"ImageObject\",\"inLanguage\":\"de\",\"@id\":\"https:\\\/\\\/news.save.ch\\\/weltkarte-zur-bewertung-der-covid-19-auswirkungen-lanciert\\\/#primaryimage\",\"url\":\"https:\\\/\\\/news.save.ch\\\/wp-content\\\/uploads\\\/2020\\\/09\\\/map.jpg\",\"contentUrl\":\"https:\\\/\\\/news.save.ch\\\/wp-content\\\/uploads\\\/2020\\\/09\\\/map.jpg\",\"width\":985,\"height\":604,\"caption\":\"\u00a9 International SOS\"},{\"@type\":\"BreadcrumbList\",\"@id\":\"https:\\\/\\\/news.save.ch\\\/weltkarte-zur-bewertung-der-covid-19-auswirkungen-lanciert\\\/#breadcrumb\",\"itemListElement\":[{\"@type\":\"ListItem\",\"position\":1,\"name\":\"Home\",\"item\":\"https:\\\/\\\/news.save.ch\\\/de\\\/\"},{\"@type\":\"ListItem\",\"position\":2,\"name\":\"Karte zur Bewertung der Covid-19-Auswirkungen lanciert\"}]},{\"@type\":\"WebSite\",\"@id\":\"https:\\\/\\\/news.save.ch\\\/de\\\/#website\",\"url\":\"https:\\\/\\\/news.save.ch\\\/de\\\/\",\"name\":\"Save\",\"description\":\"Schweizer Fachzeitschrift f\u00fcr Sicherheit\",\"publisher\":{\"@id\":\"https:\\\/\\\/news.save.ch\\\/de\\\/#organization\"},\"potentialAction\":[{\"@type\":\"SearchAction\",\"target\":{\"@type\":\"EntryPoint\",\"urlTemplate\":\"https:\\\/\\\/news.save.ch\\\/de\\\/?s={search_term_string}\"},\"query-input\":{\"@type\":\"PropertyValueSpecification\",\"valueRequired\":true,\"valueName\":\"search_term_string\"}}],\"inLanguage\":\"de\"},{\"@type\":\"Organization\",\"@id\":\"https:\\\/\\\/news.save.ch\\\/de\\\/#organization\",\"name\":\"Sicherheitsforum\",\"url\":\"https:\\\/\\\/news.save.ch\\\/de\\\/\",\"logo\":{\"@type\":\"ImageObject\",\"inLanguage\":\"de\",\"@id\":\"https:\\\/\\\/news.save.ch\\\/de\\\/#\\\/schema\\\/logo\\\/image\\\/\",\"url\":\"https:\\\/\\\/news.save.ch\\\/wp-content\\\/uploads\\\/2022\\\/06\\\/Logo_SF_2012.png\",\"contentUrl\":\"https:\\\/\\\/news.save.ch\\\/wp-content\\\/uploads\\\/2022\\\/06\\\/Logo_SF_2012.png\",\"width\":1100,\"height\":91,\"caption\":\"Sicherheitsforum\"},\"image\":{\"@id\":\"https:\\\/\\\/news.save.ch\\\/de\\\/#\\\/schema\\\/logo\\\/image\\\/\"}},{\"@type\":\"Person\",\"@id\":\"https:\\\/\\\/news.save.ch\\\/de\\\/#\\\/schema\\\/person\\\/d5022db048e0e2b9785c50e5b24da5aa\",\"name\":\"Roger Str\u00e4ssle\",\"image\":{\"@type\":\"ImageObject\",\"inLanguage\":\"de\",\"@id\":\"https:\\\/\\\/secure.gravatar.com\\\/avatar\\\/862a5569d087de48e5856e32f45d719a03804c891d6deb8d4f71a660e79e4a47?s=96&d=mm&r=g\",\"url\":\"https:\\\/\\\/secure.gravatar.com\\\/avatar\\\/862a5569d087de48e5856e32f45d719a03804c891d6deb8d4f71a660e79e4a47?s=96&d=mm&r=g\",\"contentUrl\":\"https:\\\/\\\/secure.gravatar.com\\\/avatar\\\/862a5569d087de48e5856e32f45d719a03804c891d6deb8d4f71a660e79e4a47?s=96&d=mm&r=g\",\"caption\":\"Roger Str\u00e4ssle\"},\"url\":\"https:\\\/\\\/news.save.ch\\\/de\\\/author\\\/roger-straessle\\\/\"}]}<\/script>\n<!-- \/ Yoast SEO plugin. -->","yoast_head_json":{"title":"Karte zur Bewertung der Covid-19-Auswirkungen lanciert - Save","description":"Die Organisation International SOS hat eine Karte zur Bewertung der Covid-19-Auswirkungen pro Land und auf deren Gesch\u00e4ftsbetrieb lanciert.","robots":{"index":"index","follow":"follow","max-snippet":"max-snippet:-1","max-image-preview":"max-image-preview:large","max-video-preview":"max-video-preview:-1"},"canonical":"https:\/\/news.save.ch\/de\/weltkarte-zur-bewertung-der-covid-19-auswirkungen-lanciert\/","og_locale":"de_DE","og_type":"article","og_title":"Karte zur Bewertung der Covid-19-Auswirkungen lanciert - Save","og_description":"Die Organisation International SOS hat eine Karte zur Bewertung der Covid-19-Auswirkungen pro Land und auf deren Gesch\u00e4ftsbetrieb lanciert.","og_url":"https:\/\/news.save.ch\/de\/weltkarte-zur-bewertung-der-covid-19-auswirkungen-lanciert\/","og_site_name":"Save","article_published_time":"2020-09-11T12:36:06+00:00","og_image":[{"width":985,"height":604,"url":"https:\/\/news.save.ch\/wp-content\/uploads\/2020\/09\/map.jpg","type":"image\/jpeg"}],"author":"Roger Str\u00e4ssle","twitter_card":"summary_large_image","twitter_misc":{"Geschrieben von":"Roger Str\u00e4ssle","Gesch\u00e4tzte Lesezeit":"3\u00a0Minuten"},"schema":{"@context":"https:\/\/schema.org","@graph":[{"@type":"Article","@id":"https:\/\/news.save.ch\/weltkarte-zur-bewertung-der-covid-19-auswirkungen-lanciert\/#article","isPartOf":{"@id":"https:\/\/news.save.ch\/weltkarte-zur-bewertung-der-covid-19-auswirkungen-lanciert\/"},"author":{"name":"Roger Str\u00e4ssle","@id":"https:\/\/news.save.ch\/de\/#\/schema\/person\/d5022db048e0e2b9785c50e5b24da5aa"},"headline":"Karte zur Bewertung der Covid-19-Auswirkungen lanciert","datePublished":"2020-09-11T12:36:06+00:00","mainEntityOfPage":{"@id":"https:\/\/news.save.ch\/weltkarte-zur-bewertung-der-covid-19-auswirkungen-lanciert\/"},"wordCount":544,"publisher":{"@id":"https:\/\/news.save.ch\/de\/#organization"},"image":{"@id":"https:\/\/news.save.ch\/weltkarte-zur-bewertung-der-covid-19-auswirkungen-lanciert\/#primaryimage"},"thumbnailUrl":"https:\/\/news.save.ch\/wp-content\/uploads\/2020\/09\/map.jpg","keywords":["\u00abCovid-19 Impact Map\u00bb","\u00abRisk Map\u00bb","Covid-19","internationale Unternehmen","Sicherheitsrisiken"],"articleSection":["ALLGEMEIN"],"inLanguage":"de"},{"@type":"WebPage","@id":"https:\/\/news.save.ch\/weltkarte-zur-bewertung-der-covid-19-auswirkungen-lanciert\/","url":"https:\/\/news.save.ch\/weltkarte-zur-bewertung-der-covid-19-auswirkungen-lanciert\/","name":"Karte zur Bewertung der Covid-19-Auswirkungen lanciert - Save","isPartOf":{"@id":"https:\/\/news.save.ch\/de\/#website"},"primaryImageOfPage":{"@id":"https:\/\/news.save.ch\/weltkarte-zur-bewertung-der-covid-19-auswirkungen-lanciert\/#primaryimage"},"image":{"@id":"https:\/\/news.save.ch\/weltkarte-zur-bewertung-der-covid-19-auswirkungen-lanciert\/#primaryimage"},"thumbnailUrl":"https:\/\/news.save.ch\/wp-content\/uploads\/2020\/09\/map.jpg","datePublished":"2020-09-11T12:36:06+00:00","description":"Die Organisation International SOS hat eine Karte zur Bewertung der Covid-19-Auswirkungen pro Land und auf deren Gesch\u00e4ftsbetrieb lanciert.","breadcrumb":{"@id":"https:\/\/news.save.ch\/weltkarte-zur-bewertung-der-covid-19-auswirkungen-lanciert\/#breadcrumb"},"inLanguage":"de","potentialAction":[{"@type":"ReadAction","target":["https:\/\/news.save.ch\/weltkarte-zur-bewertung-der-covid-19-auswirkungen-lanciert\/"]}]},{"@type":"ImageObject","inLanguage":"de","@id":"https:\/\/news.save.ch\/weltkarte-zur-bewertung-der-covid-19-auswirkungen-lanciert\/#primaryimage","url":"https:\/\/news.save.ch\/wp-content\/uploads\/2020\/09\/map.jpg","contentUrl":"https:\/\/news.save.ch\/wp-content\/uploads\/2020\/09\/map.jpg","width":985,"height":604,"caption":"\u00a9 International SOS"},{"@type":"BreadcrumbList","@id":"https:\/\/news.save.ch\/weltkarte-zur-bewertung-der-covid-19-auswirkungen-lanciert\/#breadcrumb","itemListElement":[{"@type":"ListItem","position":1,"name":"Home","item":"https:\/\/news.save.ch\/de\/"},{"@type":"ListItem","position":2,"name":"Karte zur Bewertung der Covid-19-Auswirkungen lanciert"}]},{"@type":"WebSite","@id":"https:\/\/news.save.ch\/de\/#website","url":"https:\/\/news.save.ch\/de\/","name":"Save","description":"Schweizer Fachzeitschrift f\u00fcr Sicherheit","publisher":{"@id":"https:\/\/news.save.ch\/de\/#organization"},"potentialAction":[{"@type":"SearchAction","target":{"@type":"EntryPoint","urlTemplate":"https:\/\/news.save.ch\/de\/?s={search_term_string}"},"query-input":{"@type":"PropertyValueSpecification","valueRequired":true,"valueName":"search_term_string"}}],"inLanguage":"de"},{"@type":"Organization","@id":"https:\/\/news.save.ch\/de\/#organization","name":"Sicherheitsforum","url":"https:\/\/news.save.ch\/de\/","logo":{"@type":"ImageObject","inLanguage":"de","@id":"https:\/\/news.save.ch\/de\/#\/schema\/logo\/image\/","url":"https:\/\/news.save.ch\/wp-content\/uploads\/2022\/06\/Logo_SF_2012.png","contentUrl":"https:\/\/news.save.ch\/wp-content\/uploads\/2022\/06\/Logo_SF_2012.png","width":1100,"height":91,"caption":"Sicherheitsforum"},"image":{"@id":"https:\/\/news.save.ch\/de\/#\/schema\/logo\/image\/"}},{"@type":"Person","@id":"https:\/\/news.save.ch\/de\/#\/schema\/person\/d5022db048e0e2b9785c50e5b24da5aa","name":"Roger Str\u00e4ssle","image":{"@type":"ImageObject","inLanguage":"de","@id":"https:\/\/secure.gravatar.com\/avatar\/862a5569d087de48e5856e32f45d719a03804c891d6deb8d4f71a660e79e4a47?s=96&d=mm&r=g","url":"https:\/\/secure.gravatar.com\/avatar\/862a5569d087de48e5856e32f45d719a03804c891d6deb8d4f71a660e79e4a47?s=96&d=mm&r=g","contentUrl":"https:\/\/secure.gravatar.com\/avatar\/862a5569d087de48e5856e32f45d719a03804c891d6deb8d4f71a660e79e4a47?s=96&d=mm&r=g","caption":"Roger Str\u00e4ssle"},"url":"https:\/\/news.save.ch\/de\/author\/roger-straessle\/"}]}},"_links":{"self":[{"href":"https:\/\/news.save.ch\/de\/wp-json\/wp\/v2\/posts\/10577","targetHints":{"allow":["GET"]}}],"collection":[{"href":"https:\/\/news.save.ch\/de\/wp-json\/wp\/v2\/posts"}],"about":[{"href":"https:\/\/news.save.ch\/de\/wp-json\/wp\/v2\/types\/post"}],"author":[{"embeddable":true,"href":"https:\/\/news.save.ch\/de\/wp-json\/wp\/v2\/users\/8"}],"replies":[{"embeddable":true,"href":"https:\/\/news.save.ch\/de\/wp-json\/wp\/v2\/comments?post=10577"}],"version-history":[{"count":0,"href":"https:\/\/news.save.ch\/de\/wp-json\/wp\/v2\/posts\/10577\/revisions"}],"wp:featuredmedia":[{"embeddable":true,"href":"https:\/\/news.save.ch\/de\/wp-json\/wp\/v2\/media\/10579"}],"wp:attachment":[{"href":"https:\/\/news.save.ch\/de\/wp-json\/wp\/v2\/media?parent=10577"}],"wp:term":[{"taxonomy":"category","embeddable":true,"href":"https:\/\/news.save.ch\/de\/wp-json\/wp\/v2\/categories?post=10577"},{"taxonomy":"post_tag","embeddable":true,"href":"https:\/\/news.save.ch\/de\/wp-json\/wp\/v2\/tags?post=10577"}],"curies":[{"name":"wp","href":"https:\/\/api.w.org\/{rel}","templated":true}]}}