{"id":10636,"date":"2020-09-28T10:45:46","date_gmt":"2020-09-28T08:45:46","guid":{"rendered":"https:\/\/news.save.ch\/?p=10636"},"modified":"2023-03-14T08:56:34","modified_gmt":"2023-03-14T07:56:34","slug":"viele-it-security-manager-halten-ihre-unternehmen-fuer-erpressbar","status":null,"type":"post","link":"https:\/\/news.save.ch\/de\/viele-it-security-manager-halten-ihre-unternehmen-fuer-erpressbar\/","title":{"rendered":"Viele IT-Security-Manager halten ihr Unternehmen f\u00fcr erpressbar"},"content":{"rendered":"<figure id=\"attachment_10637\" aria-describedby=\"caption-attachment-10637\" style=\"width: 680px\" class=\"wp-caption aligncenter\"><img loading=\"lazy\" decoding=\"async\" class=\"size-medium wp-image-10637\" src=\"https:\/\/news.save.ch\/wp-content\/uploads\/2020\/09\/Depositphotos_40873681_s-2019.jpg\" alt=\"\" width=\"680\" height=\"488\" srcset=\"https:\/\/news.save.ch\/wp-content\/uploads\/2020\/09\/Depositphotos_40873681_s-2019.jpg 1000w, https:\/\/news.save.ch\/wp-content\/uploads\/2020\/09\/Depositphotos_40873681_s-2019-375x269.jpg 375w\" sizes=\"auto, (max-width: 680px) 100vw, 680px\" \/><figcaption id=\"caption-attachment-10637\" class=\"wp-caption-text\">\u00a9 depositphotos, nevarpp<\/figcaption><\/figure>\n<p>Nachfolgend die wichtigsten Ergebnisse der Bitdefender-Studie:<\/p>\n<p>Sieben von zehn der befragten Top-Manager (71%) glauben, dass Cyberkriegsf\u00fchrung eine Bedrohung f\u00fcr ihre Organisation darstellt. Zugleich r\u00e4umt etwas mehr als ein F\u00fcnftel (22%) ein, keine Strategie zur Eind\u00e4mmung dieses Risikos zu haben. Die H\u00e4lfte aller Befragten (50%) stimmen darin \u00fcberein, dass zunehmende Cyberkriegsaktivit\u00e4ten in den n\u00e4chsten 12 Monaten der Wirtschaft schaden werden.<\/p>\n<p><strong>Ransomware: Ein boomendes Gesch\u00e4ftsmodell <\/strong><\/p>\n<p>43% der IT-Sicherheits-Fachleute berichteten, dass sie im Zuge der Pandemie einen Anstieg der L\u00f6segeld-Angriffe beobachteten. 63% rechnen in den n\u00e4chsten 12 bis 18 Monaten mit einer weiteren Zunahme. 49% der Topmanager bef\u00fcrchten, dass eine Ransomware-Attacke ihr Unternehmen in den n\u00e4chsten 12 bis 18 Monaten ausl\u00f6schen k\u00f6nnte, wenn sie ihre Investitionen in die Sicherheit nicht erh\u00f6hen. Und sogar 59% von ihnen glauben, dass ihr Unternehmen eine Zahlung leisten w\u00fcrde, um zu verhindern, dass Informationen ver\u00f6ffentlicht werden.<\/p>\n<p><strong>Mehr Verst\u00e4ndnis schaffen, um Investitionen zu erreichen<\/strong><\/p>\n<p>Die H\u00e4lfte (51%) aller Befragten stimmt der Aussage zu, dass sich die Art und Weise, wie sie \u00fcber Cybersicherheit kommunizieren, dramatisch \u00e4ndern muss, damit die notwendigen Investitionen in diesem Bereich erfolgen. Zwei F\u00fcnftel (41%) glauben, dass in Zukunft mehr Kommunikation mit der breiteren \u00d6ffentlichkeit und Kunden erforderlich ist, damit alle, sowohl innerhalb als auch ausserhalb der Organisation, die Risiken besser verstehen. 38% fordern eine bessere Kommunikation mit der Gesch\u00e4ftsf\u00fchrung, damit diese die Risiken versteht. 39% w\u00fcnschen eine weniger technische Sprache, damit ihre gesamte Organisation die Gefahren versteht und lernt, wie sie sich sch\u00fctzen kann.<\/p>\n<p><strong>Mehr Vielfalt, um Unternehmen robuster zu machen<\/strong><\/p>\n<p>\u00dcber ein Viertel (28%) der befragten Topmanager sagen voraus, dass es Unternehmen in den Ruin treiben wird, wenn der derzeitige Mangel an IT-Sicherheitsfachkr\u00e4ften weitere f\u00fcnf Jahre anh\u00e4lt. 52% aller Befragten meinen, dass der Mangel an Vielfalt in der Cybersicherheit Anlass zur Sorge gibt. 40% der Topmanager fordern, dass die Cybersicherheitsindustrie die Gesellschaft um sie herum widerspiegeln muss. Dar\u00fcber hinaus sind 76% der Meinung, dass bei den in der IT-Sicherheit T\u00e4tigen vielf\u00e4ltigere F\u00e4higkeiten ben\u00f6tigt werden. 39% aller Befragten sagen, dass Neurodiversit\u00e4t die Cybersicherheit st\u00e4rken wird, also eine st\u00e4rkere Einbindung von Menschen im Autismus-Spektrum oder mit Legasthenie, Dyspraxie, ADHS und anderen neurologischen Besonderheiten.<\/p>\n<p>Liviu Arsene, Global Cybersecurity Researcher bei Bitdefender, kommt zu dem Schluss: \u201e2020 war ein Jahr des Wandels &#8211; auch f\u00fcr die Sicherheitsindustrie. Die Sicherheitslandschaft entwickelt sich rasch weiter und versucht, sich an die neue Normalit\u00e4t anzupassen, von verteilten Belegschaften bis hin zu neuen Bedrohungen. Um in dieser neuen Sicherheitslandschaft erfolgreich zu bestehen, m\u00fcssen wir anfangen, dar\u00fcber nachzudenken, wie wir die Qualifikationsl\u00fccke auf andere Weise schliessen k\u00f6nnen &#8211; wir m\u00fcssen die Vielfalt in den Fokus r\u00fccken, besonders die Neurodiversit\u00e4t.\u201c<\/p>\n<p><strong>Kein Notfallplan f\u00fcr Corona<\/strong><\/p>\n<p>Bereits im Juni hatte Bitdefender in einer Teilauswertung Daten zum Einfluss der Corona-Krise auf die IT-Sicherheit ver\u00f6ffentlicht. Zu den Ergebnissen z\u00e4hlte hier, dass eine \u00fcberw\u00e4ltigende Mehrheit daran glaubt, dass die Pandemie die Art und Weise, wie ihre Unternehmen arbeiten, dauerhaft ver\u00e4ndern wird. Die H\u00e4lfte schlitterte ohne passenden Notfallplan in die Pandemie-Situation.<\/p>\n<p>&nbsp;<\/p>\n<p><em>Der vollst\u00e4ndige Studienbericht &#8222;10 in 10&#8220; ist verf\u00fcgbar unter <a href=\"https:\/\/www.bitdefender.com\/files\/News\/CaseStudies\/study\/368\/Bitdefender-10-in-10-Report.pdf\">https:\/\/www.bitdefender.com\/files\/News\/CaseStudies\/study\/368\/Bitdefender-10-in-10-Report.pdf<\/a><\/em><\/p>\n<p><em>Der auf den gleichen Befragungen basierende Bericht \u201eThe Indelible Impact of Covid-19 on Cybersecurity\u201c liegt vor unter <a href=\"https:\/\/www.bitdefender.com\/files\/News\/CaseStudies\/study\/348\/Bitdefender-10-IN-10-The-Indelible-Impact-of-COVID-19-on-Cybersecurity.pdf\">https:\/\/www.bitdefender.com\/files\/News\/CaseStudies\/study\/348\/Bitdefender-10-IN-10-The-Indelible-Impact-of-COVID-19-on-Cybersecurity.pdf<\/a><\/em><\/p>\n<p>&nbsp;<\/p>\n<blockquote>\n<p><strong>\u00dcber die Studie &#8222;10 in 10&#8220;<\/strong><\/p>\n<p>F\u00fcr die Studie \u201e10 in 10\u201c wurden im Mai diesen Jahres 6\u2018724 Cybersecurity- und IT-Mitarbeiter in Grossbritannien, den USA, Australien, Neuseeland, Deutschland, Frankreich, Italien, Spanien, D\u00e4nemark und Schweden durch das Marktforschungsinstitut Sapio Research befragt. Der Bericht repr\u00e4sentiert einen breiten Querschnitt von Organisationen und Branchen, von jungen KMU ab 100 Angestellten bis hin zu b\u00f6rsennotierten Unternehmen mit mehr als 10\u2018000 Besch\u00e4ftigten in einer Vielzahl von Branchen, darunter Finanzen, Verwaltung und Energie. Alle Teilnehmer der Studie nutzen Datensicherheitsl\u00f6sungen und Software-Sicherheitsprodukte oder haben Entscheidungsbefugnis dar\u00fcber. 23 Prozent der Teilnehmer geh\u00f6ren dem Topmanagement an, sind also zum Beispiel CISOs, CSOs und CIOs.<\/p>\n<\/blockquote>\n","protected":false},"excerpt":{"rendered":"<p>Nachfolgend die wichtigsten Ergebnisse der Bitdefender-Studie: Sieben von zehn der befragten Top-Manager (71%) glauben, dass Cyberkriegsf\u00fchrung eine Bedrohung f\u00fcr ihre Organisation darstellt. Zugleich r\u00e4umt etwas mehr als ein F\u00fcnftel (22%) ein, keine Strategie zur Eind\u00e4mmung dieses Risikos zu haben. Die H\u00e4lfte aller Befragten (50%) stimmen darin \u00fcberein, dass zunehmende Cyberkriegsaktivit\u00e4ten in den n\u00e4chsten 12 Monaten [&hellip;]<\/p>\n","protected":false},"author":8,"featured_media":10637,"comment_status":"closed","ping_status":"closed","sticky":false,"template":"","format":"standard","meta":{"_acf_changed":false,"pgc_sgb_lightbox_settings":"","footnotes":""},"categories":[3313],"tags":[1024,376,64],"class_list":["post-10636","post","type-post","status-publish","format-standard","has-post-thumbnail","hentry","category-digitalisierung","tag-cyberkrieg","tag-ransomware","tag-studie"],"acf":[],"hkrextid":null,"publication":null,"issue":null,"workflow":null,"startPage":null,"spitzmarke":null,"_posts_by_tag_page_fields":{"widget_title":"","widget_tags":""},"_at_widget":"1","_yoast_wpseo_primary_category":"2","_yoast_wpseo_focuskw_text_input":"Ransomware","_yoast_wpseo_opengraph-image":null,"_yoast_wpseo_opengraph-description":null,"_yoast_wpseo_opengraph-title":null,"enclosure":null,"_yoast_wpseo_twitter-title":null,"_yoast_wpseo_twitter-description":null,"_yoast_wpseo_twitter-image":null,"_wp_old_slug":null,"_yoast_wpseo_title":null,"_yoast_wpseo_canonical":null,"yoast_head":"<!-- This site is optimized with the Yoast SEO plugin v27.5 - https:\/\/yoast.com\/product\/yoast-seo-wordpress\/ -->\n<title>Viele IT-Security-Manager halten ihr Unternehmen f\u00fcr erpressbar - Save<\/title>\n<meta name=\"description\" content=\"Gem\u00e4ss Studie glaubt die H\u00e4lfte der Befragten im Topmanagement, dass eine Ransomware-Attacke ihr Unternehmen ausl\u00f6schen k\u00f6nnte.\" \/>\n<meta name=\"robots\" content=\"index, follow, max-snippet:-1, max-image-preview:large, max-video-preview:-1\" \/>\n<link rel=\"canonical\" href=\"https:\/\/news.save.ch\/de\/viele-it-security-manager-halten-ihre-unternehmen-fuer-erpressbar\/\" \/>\n<meta property=\"og:locale\" content=\"de_DE\" \/>\n<meta property=\"og:type\" content=\"article\" \/>\n<meta property=\"og:title\" content=\"Viele IT-Security-Manager halten ihr Unternehmen f\u00fcr erpressbar - Save\" \/>\n<meta property=\"og:description\" content=\"Gem\u00e4ss Studie glaubt die H\u00e4lfte der Befragten im Topmanagement, dass eine Ransomware-Attacke ihr Unternehmen ausl\u00f6schen k\u00f6nnte.\" \/>\n<meta property=\"og:url\" content=\"https:\/\/news.save.ch\/de\/viele-it-security-manager-halten-ihre-unternehmen-fuer-erpressbar\/\" \/>\n<meta property=\"og:site_name\" content=\"Save\" \/>\n<meta property=\"article:published_time\" content=\"2020-09-28T08:45:46+00:00\" \/>\n<meta property=\"article:modified_time\" content=\"2023-03-14T07:56:34+00:00\" \/>\n<meta property=\"og:image\" content=\"https:\/\/news.save.ch\/wp-content\/uploads\/2020\/09\/Depositphotos_40873681_s-2019.jpg\" \/>\n\t<meta property=\"og:image:width\" content=\"1000\" \/>\n\t<meta property=\"og:image:height\" content=\"718\" \/>\n\t<meta property=\"og:image:type\" content=\"image\/jpeg\" \/>\n<meta name=\"author\" content=\"Roger Str\u00e4ssle\" \/>\n<meta name=\"twitter:card\" content=\"summary_large_image\" \/>\n<meta name=\"twitter:label1\" content=\"Geschrieben von\" \/>\n\t<meta name=\"twitter:data1\" content=\"Roger Str\u00e4ssle\" \/>\n\t<meta name=\"twitter:label2\" content=\"Gesch\u00e4tzte Lesezeit\" \/>\n\t<meta name=\"twitter:data2\" content=\"3\u00a0Minuten\" \/>\n<script type=\"application\/ld+json\" class=\"yoast-schema-graph\">{\"@context\":\"https:\\\/\\\/schema.org\",\"@graph\":[{\"@type\":\"Article\",\"@id\":\"https:\\\/\\\/news.save.ch\\\/viele-it-security-manager-halten-ihre-unternehmen-fuer-erpressbar\\\/#article\",\"isPartOf\":{\"@id\":\"https:\\\/\\\/news.save.ch\\\/viele-it-security-manager-halten-ihre-unternehmen-fuer-erpressbar\\\/\"},\"author\":{\"name\":\"Roger Str\u00e4ssle\",\"@id\":\"https:\\\/\\\/news.save.ch\\\/de\\\/#\\\/schema\\\/person\\\/d5022db048e0e2b9785c50e5b24da5aa\"},\"headline\":\"Viele IT-Security-Manager halten ihr Unternehmen f\u00fcr erpressbar\",\"datePublished\":\"2020-09-28T08:45:46+00:00\",\"dateModified\":\"2023-03-14T07:56:34+00:00\",\"mainEntityOfPage\":{\"@id\":\"https:\\\/\\\/news.save.ch\\\/viele-it-security-manager-halten-ihre-unternehmen-fuer-erpressbar\\\/\"},\"wordCount\":683,\"publisher\":{\"@id\":\"https:\\\/\\\/news.save.ch\\\/de\\\/#organization\"},\"image\":{\"@id\":\"https:\\\/\\\/news.save.ch\\\/viele-it-security-manager-halten-ihre-unternehmen-fuer-erpressbar\\\/#primaryimage\"},\"thumbnailUrl\":\"https:\\\/\\\/news.save.ch\\\/wp-content\\\/uploads\\\/2020\\\/09\\\/Depositphotos_40873681_s-2019.jpg\",\"keywords\":[\"Cyberkrieg\",\"Ransomware\",\"Studie\"],\"articleSection\":[\"DIGITALISIERUNG\"],\"inLanguage\":\"de\"},{\"@type\":\"WebPage\",\"@id\":\"https:\\\/\\\/news.save.ch\\\/viele-it-security-manager-halten-ihre-unternehmen-fuer-erpressbar\\\/\",\"url\":\"https:\\\/\\\/news.save.ch\\\/viele-it-security-manager-halten-ihre-unternehmen-fuer-erpressbar\\\/\",\"name\":\"Viele IT-Security-Manager halten ihr Unternehmen f\u00fcr erpressbar - Save\",\"isPartOf\":{\"@id\":\"https:\\\/\\\/news.save.ch\\\/de\\\/#website\"},\"primaryImageOfPage\":{\"@id\":\"https:\\\/\\\/news.save.ch\\\/viele-it-security-manager-halten-ihre-unternehmen-fuer-erpressbar\\\/#primaryimage\"},\"image\":{\"@id\":\"https:\\\/\\\/news.save.ch\\\/viele-it-security-manager-halten-ihre-unternehmen-fuer-erpressbar\\\/#primaryimage\"},\"thumbnailUrl\":\"https:\\\/\\\/news.save.ch\\\/wp-content\\\/uploads\\\/2020\\\/09\\\/Depositphotos_40873681_s-2019.jpg\",\"datePublished\":\"2020-09-28T08:45:46+00:00\",\"dateModified\":\"2023-03-14T07:56:34+00:00\",\"description\":\"Gem\u00e4ss Studie glaubt die H\u00e4lfte der Befragten im Topmanagement, dass eine Ransomware-Attacke ihr Unternehmen ausl\u00f6schen k\u00f6nnte.\",\"breadcrumb\":{\"@id\":\"https:\\\/\\\/news.save.ch\\\/viele-it-security-manager-halten-ihre-unternehmen-fuer-erpressbar\\\/#breadcrumb\"},\"inLanguage\":\"de\",\"potentialAction\":[{\"@type\":\"ReadAction\",\"target\":[\"https:\\\/\\\/news.save.ch\\\/viele-it-security-manager-halten-ihre-unternehmen-fuer-erpressbar\\\/\"]}]},{\"@type\":\"ImageObject\",\"inLanguage\":\"de\",\"@id\":\"https:\\\/\\\/news.save.ch\\\/viele-it-security-manager-halten-ihre-unternehmen-fuer-erpressbar\\\/#primaryimage\",\"url\":\"https:\\\/\\\/news.save.ch\\\/wp-content\\\/uploads\\\/2020\\\/09\\\/Depositphotos_40873681_s-2019.jpg\",\"contentUrl\":\"https:\\\/\\\/news.save.ch\\\/wp-content\\\/uploads\\\/2020\\\/09\\\/Depositphotos_40873681_s-2019.jpg\",\"width\":1000,\"height\":718,\"caption\":\"\u00a9 depositphotos, nevarpp\"},{\"@type\":\"BreadcrumbList\",\"@id\":\"https:\\\/\\\/news.save.ch\\\/viele-it-security-manager-halten-ihre-unternehmen-fuer-erpressbar\\\/#breadcrumb\",\"itemListElement\":[{\"@type\":\"ListItem\",\"position\":1,\"name\":\"Home\",\"item\":\"https:\\\/\\\/news.save.ch\\\/de\\\/\"},{\"@type\":\"ListItem\",\"position\":2,\"name\":\"Viele IT-Security-Manager halten ihr Unternehmen f\u00fcr erpressbar\"}]},{\"@type\":\"WebSite\",\"@id\":\"https:\\\/\\\/news.save.ch\\\/de\\\/#website\",\"url\":\"https:\\\/\\\/news.save.ch\\\/de\\\/\",\"name\":\"Save\",\"description\":\"Schweizer Fachzeitschrift f\u00fcr Sicherheit\",\"publisher\":{\"@id\":\"https:\\\/\\\/news.save.ch\\\/de\\\/#organization\"},\"potentialAction\":[{\"@type\":\"SearchAction\",\"target\":{\"@type\":\"EntryPoint\",\"urlTemplate\":\"https:\\\/\\\/news.save.ch\\\/de\\\/?s={search_term_string}\"},\"query-input\":{\"@type\":\"PropertyValueSpecification\",\"valueRequired\":true,\"valueName\":\"search_term_string\"}}],\"inLanguage\":\"de\"},{\"@type\":\"Organization\",\"@id\":\"https:\\\/\\\/news.save.ch\\\/de\\\/#organization\",\"name\":\"Sicherheitsforum\",\"url\":\"https:\\\/\\\/news.save.ch\\\/de\\\/\",\"logo\":{\"@type\":\"ImageObject\",\"inLanguage\":\"de\",\"@id\":\"https:\\\/\\\/news.save.ch\\\/de\\\/#\\\/schema\\\/logo\\\/image\\\/\",\"url\":\"https:\\\/\\\/news.save.ch\\\/wp-content\\\/uploads\\\/2022\\\/06\\\/Logo_SF_2012.png\",\"contentUrl\":\"https:\\\/\\\/news.save.ch\\\/wp-content\\\/uploads\\\/2022\\\/06\\\/Logo_SF_2012.png\",\"width\":1100,\"height\":91,\"caption\":\"Sicherheitsforum\"},\"image\":{\"@id\":\"https:\\\/\\\/news.save.ch\\\/de\\\/#\\\/schema\\\/logo\\\/image\\\/\"}},{\"@type\":\"Person\",\"@id\":\"https:\\\/\\\/news.save.ch\\\/de\\\/#\\\/schema\\\/person\\\/d5022db048e0e2b9785c50e5b24da5aa\",\"name\":\"Roger Str\u00e4ssle\",\"image\":{\"@type\":\"ImageObject\",\"inLanguage\":\"de\",\"@id\":\"https:\\\/\\\/secure.gravatar.com\\\/avatar\\\/862a5569d087de48e5856e32f45d719a03804c891d6deb8d4f71a660e79e4a47?s=96&d=mm&r=g\",\"url\":\"https:\\\/\\\/secure.gravatar.com\\\/avatar\\\/862a5569d087de48e5856e32f45d719a03804c891d6deb8d4f71a660e79e4a47?s=96&d=mm&r=g\",\"contentUrl\":\"https:\\\/\\\/secure.gravatar.com\\\/avatar\\\/862a5569d087de48e5856e32f45d719a03804c891d6deb8d4f71a660e79e4a47?s=96&d=mm&r=g\",\"caption\":\"Roger Str\u00e4ssle\"},\"url\":\"https:\\\/\\\/news.save.ch\\\/de\\\/author\\\/roger-straessle\\\/\"}]}<\/script>\n<!-- \/ Yoast SEO plugin. -->","yoast_head_json":{"title":"Viele IT-Security-Manager halten ihr Unternehmen f\u00fcr erpressbar - Save","description":"Gem\u00e4ss Studie glaubt die H\u00e4lfte der Befragten im Topmanagement, dass eine Ransomware-Attacke ihr Unternehmen ausl\u00f6schen k\u00f6nnte.","robots":{"index":"index","follow":"follow","max-snippet":"max-snippet:-1","max-image-preview":"max-image-preview:large","max-video-preview":"max-video-preview:-1"},"canonical":"https:\/\/news.save.ch\/de\/viele-it-security-manager-halten-ihre-unternehmen-fuer-erpressbar\/","og_locale":"de_DE","og_type":"article","og_title":"Viele IT-Security-Manager halten ihr Unternehmen f\u00fcr erpressbar - Save","og_description":"Gem\u00e4ss Studie glaubt die H\u00e4lfte der Befragten im Topmanagement, dass eine Ransomware-Attacke ihr Unternehmen ausl\u00f6schen k\u00f6nnte.","og_url":"https:\/\/news.save.ch\/de\/viele-it-security-manager-halten-ihre-unternehmen-fuer-erpressbar\/","og_site_name":"Save","article_published_time":"2020-09-28T08:45:46+00:00","article_modified_time":"2023-03-14T07:56:34+00:00","og_image":[{"width":1000,"height":718,"url":"https:\/\/news.save.ch\/wp-content\/uploads\/2020\/09\/Depositphotos_40873681_s-2019.jpg","type":"image\/jpeg"}],"author":"Roger Str\u00e4ssle","twitter_card":"summary_large_image","twitter_misc":{"Geschrieben von":"Roger Str\u00e4ssle","Gesch\u00e4tzte Lesezeit":"3\u00a0Minuten"},"schema":{"@context":"https:\/\/schema.org","@graph":[{"@type":"Article","@id":"https:\/\/news.save.ch\/viele-it-security-manager-halten-ihre-unternehmen-fuer-erpressbar\/#article","isPartOf":{"@id":"https:\/\/news.save.ch\/viele-it-security-manager-halten-ihre-unternehmen-fuer-erpressbar\/"},"author":{"name":"Roger Str\u00e4ssle","@id":"https:\/\/news.save.ch\/de\/#\/schema\/person\/d5022db048e0e2b9785c50e5b24da5aa"},"headline":"Viele IT-Security-Manager halten ihr Unternehmen f\u00fcr erpressbar","datePublished":"2020-09-28T08:45:46+00:00","dateModified":"2023-03-14T07:56:34+00:00","mainEntityOfPage":{"@id":"https:\/\/news.save.ch\/viele-it-security-manager-halten-ihre-unternehmen-fuer-erpressbar\/"},"wordCount":683,"publisher":{"@id":"https:\/\/news.save.ch\/de\/#organization"},"image":{"@id":"https:\/\/news.save.ch\/viele-it-security-manager-halten-ihre-unternehmen-fuer-erpressbar\/#primaryimage"},"thumbnailUrl":"https:\/\/news.save.ch\/wp-content\/uploads\/2020\/09\/Depositphotos_40873681_s-2019.jpg","keywords":["Cyberkrieg","Ransomware","Studie"],"articleSection":["DIGITALISIERUNG"],"inLanguage":"de"},{"@type":"WebPage","@id":"https:\/\/news.save.ch\/viele-it-security-manager-halten-ihre-unternehmen-fuer-erpressbar\/","url":"https:\/\/news.save.ch\/viele-it-security-manager-halten-ihre-unternehmen-fuer-erpressbar\/","name":"Viele IT-Security-Manager halten ihr Unternehmen f\u00fcr erpressbar - Save","isPartOf":{"@id":"https:\/\/news.save.ch\/de\/#website"},"primaryImageOfPage":{"@id":"https:\/\/news.save.ch\/viele-it-security-manager-halten-ihre-unternehmen-fuer-erpressbar\/#primaryimage"},"image":{"@id":"https:\/\/news.save.ch\/viele-it-security-manager-halten-ihre-unternehmen-fuer-erpressbar\/#primaryimage"},"thumbnailUrl":"https:\/\/news.save.ch\/wp-content\/uploads\/2020\/09\/Depositphotos_40873681_s-2019.jpg","datePublished":"2020-09-28T08:45:46+00:00","dateModified":"2023-03-14T07:56:34+00:00","description":"Gem\u00e4ss Studie glaubt die H\u00e4lfte der Befragten im Topmanagement, dass eine Ransomware-Attacke ihr Unternehmen ausl\u00f6schen k\u00f6nnte.","breadcrumb":{"@id":"https:\/\/news.save.ch\/viele-it-security-manager-halten-ihre-unternehmen-fuer-erpressbar\/#breadcrumb"},"inLanguage":"de","potentialAction":[{"@type":"ReadAction","target":["https:\/\/news.save.ch\/viele-it-security-manager-halten-ihre-unternehmen-fuer-erpressbar\/"]}]},{"@type":"ImageObject","inLanguage":"de","@id":"https:\/\/news.save.ch\/viele-it-security-manager-halten-ihre-unternehmen-fuer-erpressbar\/#primaryimage","url":"https:\/\/news.save.ch\/wp-content\/uploads\/2020\/09\/Depositphotos_40873681_s-2019.jpg","contentUrl":"https:\/\/news.save.ch\/wp-content\/uploads\/2020\/09\/Depositphotos_40873681_s-2019.jpg","width":1000,"height":718,"caption":"\u00a9 depositphotos, nevarpp"},{"@type":"BreadcrumbList","@id":"https:\/\/news.save.ch\/viele-it-security-manager-halten-ihre-unternehmen-fuer-erpressbar\/#breadcrumb","itemListElement":[{"@type":"ListItem","position":1,"name":"Home","item":"https:\/\/news.save.ch\/de\/"},{"@type":"ListItem","position":2,"name":"Viele IT-Security-Manager halten ihr Unternehmen f\u00fcr erpressbar"}]},{"@type":"WebSite","@id":"https:\/\/news.save.ch\/de\/#website","url":"https:\/\/news.save.ch\/de\/","name":"Save","description":"Schweizer Fachzeitschrift f\u00fcr Sicherheit","publisher":{"@id":"https:\/\/news.save.ch\/de\/#organization"},"potentialAction":[{"@type":"SearchAction","target":{"@type":"EntryPoint","urlTemplate":"https:\/\/news.save.ch\/de\/?s={search_term_string}"},"query-input":{"@type":"PropertyValueSpecification","valueRequired":true,"valueName":"search_term_string"}}],"inLanguage":"de"},{"@type":"Organization","@id":"https:\/\/news.save.ch\/de\/#organization","name":"Sicherheitsforum","url":"https:\/\/news.save.ch\/de\/","logo":{"@type":"ImageObject","inLanguage":"de","@id":"https:\/\/news.save.ch\/de\/#\/schema\/logo\/image\/","url":"https:\/\/news.save.ch\/wp-content\/uploads\/2022\/06\/Logo_SF_2012.png","contentUrl":"https:\/\/news.save.ch\/wp-content\/uploads\/2022\/06\/Logo_SF_2012.png","width":1100,"height":91,"caption":"Sicherheitsforum"},"image":{"@id":"https:\/\/news.save.ch\/de\/#\/schema\/logo\/image\/"}},{"@type":"Person","@id":"https:\/\/news.save.ch\/de\/#\/schema\/person\/d5022db048e0e2b9785c50e5b24da5aa","name":"Roger Str\u00e4ssle","image":{"@type":"ImageObject","inLanguage":"de","@id":"https:\/\/secure.gravatar.com\/avatar\/862a5569d087de48e5856e32f45d719a03804c891d6deb8d4f71a660e79e4a47?s=96&d=mm&r=g","url":"https:\/\/secure.gravatar.com\/avatar\/862a5569d087de48e5856e32f45d719a03804c891d6deb8d4f71a660e79e4a47?s=96&d=mm&r=g","contentUrl":"https:\/\/secure.gravatar.com\/avatar\/862a5569d087de48e5856e32f45d719a03804c891d6deb8d4f71a660e79e4a47?s=96&d=mm&r=g","caption":"Roger Str\u00e4ssle"},"url":"https:\/\/news.save.ch\/de\/author\/roger-straessle\/"}]}},"_links":{"self":[{"href":"https:\/\/news.save.ch\/de\/wp-json\/wp\/v2\/posts\/10636","targetHints":{"allow":["GET"]}}],"collection":[{"href":"https:\/\/news.save.ch\/de\/wp-json\/wp\/v2\/posts"}],"about":[{"href":"https:\/\/news.save.ch\/de\/wp-json\/wp\/v2\/types\/post"}],"author":[{"embeddable":true,"href":"https:\/\/news.save.ch\/de\/wp-json\/wp\/v2\/users\/8"}],"replies":[{"embeddable":true,"href":"https:\/\/news.save.ch\/de\/wp-json\/wp\/v2\/comments?post=10636"}],"version-history":[{"count":1,"href":"https:\/\/news.save.ch\/de\/wp-json\/wp\/v2\/posts\/10636\/revisions"}],"predecessor-version":[{"id":17307,"href":"https:\/\/news.save.ch\/de\/wp-json\/wp\/v2\/posts\/10636\/revisions\/17307"}],"wp:featuredmedia":[{"embeddable":true,"href":"https:\/\/news.save.ch\/de\/wp-json\/wp\/v2\/media\/10637"}],"wp:attachment":[{"href":"https:\/\/news.save.ch\/de\/wp-json\/wp\/v2\/media?parent=10636"}],"wp:term":[{"taxonomy":"category","embeddable":true,"href":"https:\/\/news.save.ch\/de\/wp-json\/wp\/v2\/categories?post=10636"},{"taxonomy":"post_tag","embeddable":true,"href":"https:\/\/news.save.ch\/de\/wp-json\/wp\/v2\/tags?post=10636"}],"curies":[{"name":"wp","href":"https:\/\/api.w.org\/{rel}","templated":true}]}}