{"id":10701,"date":"2020-10-23T15:34:49","date_gmt":"2020-10-23T13:34:49","guid":{"rendered":"https:\/\/news.save.ch\/?p=10701"},"modified":"2023-03-14T08:56:33","modified_gmt":"2023-03-14T07:56:33","slug":"was-hat-datenschutz-mit-haendewaschen-zu-tun","status":null,"type":"post","link":"https:\/\/news.save.ch\/de\/was-hat-datenschutz-mit-haendewaschen-zu-tun\/","title":{"rendered":"Was hat Datenschutz mit H\u00e4ndewaschen zu tun?"},"content":{"rendered":"<figure id=\"attachment_10703\" aria-describedby=\"caption-attachment-10703\" style=\"width: 680px\" class=\"wp-caption aligncenter\"><img loading=\"lazy\" decoding=\"async\" class=\"wp-image-10703 size-medium\" src=\"https:\/\/news.save.ch\/wp-content\/uploads\/2020\/10\/Depositphotos_349363728_s-2019.jpg\" alt=\"IT-Hygiene\" width=\"680\" height=\"454\" srcset=\"https:\/\/news.save.ch\/wp-content\/uploads\/2020\/10\/Depositphotos_349363728_s-2019.jpg 1000w, https:\/\/news.save.ch\/wp-content\/uploads\/2020\/10\/Depositphotos_349363728_s-2019-375x251.jpg 375w\" sizes=\"auto, (max-width: 680px) 100vw, 680px\" \/><figcaption id=\"caption-attachment-10703\" class=\"wp-caption-text\">\u00a9 depositphotos, artursz<\/figcaption><\/figure>\n<p>Sich die H\u00e4nde zu waschen ist f\u00fcr die meisten zu einer Selbstverst\u00e4ndlichkeit geworden. Dieselbe Vorsicht lassen Unternehmen und ihre Mitarbeiter allerdings nicht immer walten, wenn es um die mobile Kommunikation geht. Gerade in den installierten Anwendungen k\u00f6nnen sich Malware &amp; Co. verstecken. Eine App ist schnell heruntergeladen und der Nutzer macht sich meistens keine grossen Gedanken \u00fcber die Folgen: Auf welche Daten und Kommunikationskan\u00e4le greift die Anwendung zu? Was steht genau in den Tiefen der selten gelesenen Nutzungsbedingungen? Verwenden Mitarbeiter ein Firmenhandy privat oder ein privates Smartphone f\u00fcr gesch\u00e4ftliche Aufgaben, ist dadurch die Einhaltung von Datenschutzbestimmungen gef\u00e4hrdet.<\/p>\n<p>Deshalb sollten Unternehmen folgende Regeln beachten:<\/p>\n<ul>\n<li>Die Brisanz des Themas muss verinnerlicht werden. Die Sorglosigkeit von Mitarbeitern beim Umgang mit Smartphones und Tablets beruht vielfach auf Wissensdefiziten. Umso wichtiger sind Schulungen und Trainings, damit IT-Hygienemassnahmen zur Selbstverst\u00e4ndlichkeit werden. Alle Besch\u00e4ftigten sollten ausserdem verbindliche und einheitliche Regelungen f\u00fcr den Schutz der IT und der Daten im Unternehmen erhalten. Der sorgsame Umgang mit sensiblen Daten muss zudem von den Vorgesetzten vorgelebt werden. All diese Massnahmen verhindern, dass Mitarbeiter arglos gef\u00e4hrliche Apps herunterladen.<\/li>\n<li>Nur benutzerfreundliche Tools anbieten. Sicherheitsvorkehrungen sollten Mitarbeiter in ihrer Arbeit m\u00f6glichst nicht einschr\u00e4nken, denn nur anwenderfreundliche L\u00f6sungen setzen sich durch. Unternehmens-Apps m\u00fcssen deshalb genauso einfach zu bedienen sein, wie Nutzer es von ihren privaten Anwendungen gewohnt sind. Genauso entscheidend ist es, involvierte Abteilungen in die Auswahl von Tools miteinzubeziehen, um so die Business-Anforderungen der jeweiligen Mitarbeiter abzudecken.<\/li>\n<li>Private und gesch\u00e4ftliche Daten strikt voneinander trennen. Viele Apps haben eingebettete Funktionen zur Datenexfiltration, also zum Abzug von privaten Daten. Im Fall von WhatsApp beispielsweise ist das der intransparente Zugriff auf die Kontaktliste, in der auch gesch\u00e4ftliche Kontakte gespeichert sein k\u00f6nnen. Das stellt einen Verstoss gegen die Vorgaben der DSGVO dar, da personenbezogene Daten nicht ohne Zustimmung verarbeitet und weitergeleitet werden d\u00fcrfen. Gegen diesen Datenabfluss hilft nur eine strikte Trennung von privaten und gesch\u00e4ftlichen Daten. Sie verhindert zudem, dass Daten per Copy-and-Paste einfach hin- und hergeschoben werden k\u00f6nnen.<\/li>\n<li>Verschl\u00fcsselung und Authentifizierung keinesfalls vergessen. Gesch\u00e4ftliche Daten m\u00fcssen zudem verschl\u00fcsselt sein, sowohl auf dem Ger\u00e4t als auch bei der \u00dcbertragung. Der Zugriff auf Systeme wie Filesharing oder Intranet muss \u00fcber einen abgesicherten Kanal erfolgen. Der Unternehmensbereich sollte zudem durch PIN, TouchID, FaceID oder \u2013 f\u00fcr noch mehr Schutz \u2013 mittels Smartcard abgesichert werden. So bleiben die Daten auch bei Diebstahl oder Verlust des Ger\u00e4ts vor Missbrauch gesch\u00fctzt.<\/li>\n<\/ul>\n<p>\u201eEine Container-L\u00f6sung wie SecurePIM trennt auf mobilen Endger\u00e4ten den gesch\u00e4ftlichen strikt vom privaten Bereich. Die Daten und Dokumente werden nach h\u00f6chsten Standards verschl\u00fcsselt gespeichert und Ende-zu-Ende verschl\u00fcsselt \u00fcbertragen. Das schafft einen \u201aeinbruchsicheren\u2019 Bereich zur Abwehr gegen Cyber-Kriminelle und gleichzeitig ist die Einhaltung der DSGVO garantiert\u201c, erkl\u00e4rt Christian Mueller, Chief Marketing Officer von Virtual Solution in M\u00fcnchen. \u201eDie wirtschaftlichen Folgen einer schlechten IT-Hygiene werden gerne untersch\u00e4tzt. Daten- und Identit\u00e4tsdiebstahl, Missbrauch der gestohlenen Daten und zum Beispiel Erpressungsversuche k\u00f6nnen Umsatz- und Vertrauensverluste nach sich ziehen. Ausserdem drohen hohe Strafzahlungen wegen Verletzung der DSGVO-Bestimmungen. Die Einhaltung von Datenschutz und -sicherheit muss deshalb wie H\u00e4ndewaschen zur st\u00e4ndigen Routine werden.\u201c<\/p>\n<p><em>Quelle: Virtual Solution<\/em><\/p>\n<p>&nbsp;<\/p>\n","protected":false},"excerpt":{"rendered":"<p>Sich die H\u00e4nde zu waschen ist f\u00fcr die meisten zu einer Selbstverst\u00e4ndlichkeit geworden. Dieselbe Vorsicht lassen Unternehmen und ihre Mitarbeiter allerdings nicht immer walten, wenn es um die mobile Kommunikation geht. Gerade in den installierten Anwendungen k\u00f6nnen sich Malware &amp; Co. verstecken. Eine App ist schnell heruntergeladen und der Nutzer macht sich meistens keine grossen [&hellip;]<\/p>\n","protected":false},"author":8,"featured_media":10703,"comment_status":"closed","ping_status":"closed","sticky":false,"template":"","format":"standard","meta":{"_acf_changed":false,"pgc_sgb_lightbox_settings":"","footnotes":""},"categories":[3313],"tags":[118,1041],"class_list":["post-10701","post","type-post","status-publish","format-standard","has-post-thumbnail","hentry","category-digitalisierung","tag-datenschutz","tag-it-hygiene"],"acf":[],"hkrextid":null,"publication":null,"issue":null,"workflow":null,"startPage":null,"spitzmarke":null,"_posts_by_tag_page_fields":{"widget_title":"","widget_tags":""},"_at_widget":"1","_yoast_wpseo_primary_category":"2","_yoast_wpseo_focuskw_text_input":"IT-Hygiene","_yoast_wpseo_opengraph-image":null,"_yoast_wpseo_opengraph-description":null,"_yoast_wpseo_opengraph-title":null,"enclosure":null,"_yoast_wpseo_twitter-title":null,"_yoast_wpseo_twitter-description":null,"_yoast_wpseo_twitter-image":null,"_wp_old_slug":null,"_yoast_wpseo_title":null,"_yoast_wpseo_canonical":null,"yoast_head":"<!-- This site is optimized with the Yoast SEO plugin v27.5 - https:\/\/yoast.com\/product\/yoast-seo-wordpress\/ -->\n<title>Was hat Datenschutz mit H\u00e4ndewaschen zu tun? - Save<\/title>\n<meta name=\"description\" content=\"H\u00e4ndewaschen ist eine wirksame Hygiene-Massnahme. Unternehmen sollten das Thema Datenschutz nach dem gleichen Prinzip angehen.\" \/>\n<meta name=\"robots\" content=\"index, follow, max-snippet:-1, max-image-preview:large, max-video-preview:-1\" \/>\n<link rel=\"canonical\" href=\"https:\/\/news.save.ch\/de\/was-hat-datenschutz-mit-haendewaschen-zu-tun\/\" \/>\n<meta property=\"og:locale\" content=\"de_DE\" \/>\n<meta property=\"og:type\" content=\"article\" \/>\n<meta property=\"og:title\" content=\"Was hat Datenschutz mit H\u00e4ndewaschen zu tun? - Save\" \/>\n<meta property=\"og:description\" content=\"H\u00e4ndewaschen ist eine wirksame Hygiene-Massnahme. Unternehmen sollten das Thema Datenschutz nach dem gleichen Prinzip angehen.\" \/>\n<meta property=\"og:url\" content=\"https:\/\/news.save.ch\/de\/was-hat-datenschutz-mit-haendewaschen-zu-tun\/\" \/>\n<meta property=\"og:site_name\" content=\"Save\" \/>\n<meta property=\"article:published_time\" content=\"2020-10-23T13:34:49+00:00\" \/>\n<meta property=\"article:modified_time\" content=\"2023-03-14T07:56:33+00:00\" \/>\n<meta property=\"og:image\" content=\"https:\/\/news.save.ch\/wp-content\/uploads\/2020\/10\/Depositphotos_349363728_s-2019.jpg\" \/>\n\t<meta property=\"og:image:width\" content=\"1000\" \/>\n\t<meta property=\"og:image:height\" content=\"668\" \/>\n\t<meta property=\"og:image:type\" content=\"image\/jpeg\" \/>\n<meta name=\"author\" content=\"Roger Str\u00e4ssle\" \/>\n<meta name=\"twitter:card\" content=\"summary_large_image\" \/>\n<meta name=\"twitter:label1\" content=\"Geschrieben von\" \/>\n\t<meta name=\"twitter:data1\" content=\"Roger Str\u00e4ssle\" \/>\n\t<meta name=\"twitter:label2\" content=\"Gesch\u00e4tzte Lesezeit\" \/>\n\t<meta name=\"twitter:data2\" content=\"3\u00a0Minuten\" \/>\n<script type=\"application\/ld+json\" class=\"yoast-schema-graph\">{\"@context\":\"https:\\\/\\\/schema.org\",\"@graph\":[{\"@type\":\"Article\",\"@id\":\"https:\\\/\\\/news.save.ch\\\/was-hat-datenschutz-mit-haendewaschen-zu-tun\\\/#article\",\"isPartOf\":{\"@id\":\"https:\\\/\\\/news.save.ch\\\/was-hat-datenschutz-mit-haendewaschen-zu-tun\\\/\"},\"author\":{\"name\":\"Roger Str\u00e4ssle\",\"@id\":\"https:\\\/\\\/news.save.ch\\\/de\\\/#\\\/schema\\\/person\\\/d5022db048e0e2b9785c50e5b24da5aa\"},\"headline\":\"Was hat Datenschutz mit H\u00e4ndewaschen zu tun?\",\"datePublished\":\"2020-10-23T13:34:49+00:00\",\"dateModified\":\"2023-03-14T07:56:33+00:00\",\"mainEntityOfPage\":{\"@id\":\"https:\\\/\\\/news.save.ch\\\/was-hat-datenschutz-mit-haendewaschen-zu-tun\\\/\"},\"wordCount\":556,\"publisher\":{\"@id\":\"https:\\\/\\\/news.save.ch\\\/de\\\/#organization\"},\"image\":{\"@id\":\"https:\\\/\\\/news.save.ch\\\/was-hat-datenschutz-mit-haendewaschen-zu-tun\\\/#primaryimage\"},\"thumbnailUrl\":\"https:\\\/\\\/news.save.ch\\\/wp-content\\\/uploads\\\/2020\\\/10\\\/Depositphotos_349363728_s-2019.jpg\",\"keywords\":[\"Datenschutz\",\"IT-Hygiene\"],\"articleSection\":[\"DIGITALISIERUNG\"],\"inLanguage\":\"de\"},{\"@type\":\"WebPage\",\"@id\":\"https:\\\/\\\/news.save.ch\\\/was-hat-datenschutz-mit-haendewaschen-zu-tun\\\/\",\"url\":\"https:\\\/\\\/news.save.ch\\\/was-hat-datenschutz-mit-haendewaschen-zu-tun\\\/\",\"name\":\"Was hat Datenschutz mit H\u00e4ndewaschen zu tun? - Save\",\"isPartOf\":{\"@id\":\"https:\\\/\\\/news.save.ch\\\/de\\\/#website\"},\"primaryImageOfPage\":{\"@id\":\"https:\\\/\\\/news.save.ch\\\/was-hat-datenschutz-mit-haendewaschen-zu-tun\\\/#primaryimage\"},\"image\":{\"@id\":\"https:\\\/\\\/news.save.ch\\\/was-hat-datenschutz-mit-haendewaschen-zu-tun\\\/#primaryimage\"},\"thumbnailUrl\":\"https:\\\/\\\/news.save.ch\\\/wp-content\\\/uploads\\\/2020\\\/10\\\/Depositphotos_349363728_s-2019.jpg\",\"datePublished\":\"2020-10-23T13:34:49+00:00\",\"dateModified\":\"2023-03-14T07:56:33+00:00\",\"description\":\"H\u00e4ndewaschen ist eine wirksame Hygiene-Massnahme. Unternehmen sollten das Thema Datenschutz nach dem gleichen Prinzip angehen.\",\"breadcrumb\":{\"@id\":\"https:\\\/\\\/news.save.ch\\\/was-hat-datenschutz-mit-haendewaschen-zu-tun\\\/#breadcrumb\"},\"inLanguage\":\"de\",\"potentialAction\":[{\"@type\":\"ReadAction\",\"target\":[\"https:\\\/\\\/news.save.ch\\\/was-hat-datenschutz-mit-haendewaschen-zu-tun\\\/\"]}]},{\"@type\":\"ImageObject\",\"inLanguage\":\"de\",\"@id\":\"https:\\\/\\\/news.save.ch\\\/was-hat-datenschutz-mit-haendewaschen-zu-tun\\\/#primaryimage\",\"url\":\"https:\\\/\\\/news.save.ch\\\/wp-content\\\/uploads\\\/2020\\\/10\\\/Depositphotos_349363728_s-2019.jpg\",\"contentUrl\":\"https:\\\/\\\/news.save.ch\\\/wp-content\\\/uploads\\\/2020\\\/10\\\/Depositphotos_349363728_s-2019.jpg\",\"width\":1000,\"height\":668,\"caption\":\"\u00a9 depositphotos, artursz\"},{\"@type\":\"BreadcrumbList\",\"@id\":\"https:\\\/\\\/news.save.ch\\\/was-hat-datenschutz-mit-haendewaschen-zu-tun\\\/#breadcrumb\",\"itemListElement\":[{\"@type\":\"ListItem\",\"position\":1,\"name\":\"Home\",\"item\":\"https:\\\/\\\/news.save.ch\\\/de\\\/\"},{\"@type\":\"ListItem\",\"position\":2,\"name\":\"Was hat Datenschutz mit H\u00e4ndewaschen zu tun?\"}]},{\"@type\":\"WebSite\",\"@id\":\"https:\\\/\\\/news.save.ch\\\/de\\\/#website\",\"url\":\"https:\\\/\\\/news.save.ch\\\/de\\\/\",\"name\":\"Save\",\"description\":\"Schweizer Fachzeitschrift f\u00fcr Sicherheit\",\"publisher\":{\"@id\":\"https:\\\/\\\/news.save.ch\\\/de\\\/#organization\"},\"potentialAction\":[{\"@type\":\"SearchAction\",\"target\":{\"@type\":\"EntryPoint\",\"urlTemplate\":\"https:\\\/\\\/news.save.ch\\\/de\\\/?s={search_term_string}\"},\"query-input\":{\"@type\":\"PropertyValueSpecification\",\"valueRequired\":true,\"valueName\":\"search_term_string\"}}],\"inLanguage\":\"de\"},{\"@type\":\"Organization\",\"@id\":\"https:\\\/\\\/news.save.ch\\\/de\\\/#organization\",\"name\":\"Sicherheitsforum\",\"url\":\"https:\\\/\\\/news.save.ch\\\/de\\\/\",\"logo\":{\"@type\":\"ImageObject\",\"inLanguage\":\"de\",\"@id\":\"https:\\\/\\\/news.save.ch\\\/de\\\/#\\\/schema\\\/logo\\\/image\\\/\",\"url\":\"https:\\\/\\\/news.save.ch\\\/wp-content\\\/uploads\\\/2022\\\/06\\\/Logo_SF_2012.png\",\"contentUrl\":\"https:\\\/\\\/news.save.ch\\\/wp-content\\\/uploads\\\/2022\\\/06\\\/Logo_SF_2012.png\",\"width\":1100,\"height\":91,\"caption\":\"Sicherheitsforum\"},\"image\":{\"@id\":\"https:\\\/\\\/news.save.ch\\\/de\\\/#\\\/schema\\\/logo\\\/image\\\/\"}},{\"@type\":\"Person\",\"@id\":\"https:\\\/\\\/news.save.ch\\\/de\\\/#\\\/schema\\\/person\\\/d5022db048e0e2b9785c50e5b24da5aa\",\"name\":\"Roger Str\u00e4ssle\",\"image\":{\"@type\":\"ImageObject\",\"inLanguage\":\"de\",\"@id\":\"https:\\\/\\\/secure.gravatar.com\\\/avatar\\\/862a5569d087de48e5856e32f45d719a03804c891d6deb8d4f71a660e79e4a47?s=96&d=mm&r=g\",\"url\":\"https:\\\/\\\/secure.gravatar.com\\\/avatar\\\/862a5569d087de48e5856e32f45d719a03804c891d6deb8d4f71a660e79e4a47?s=96&d=mm&r=g\",\"contentUrl\":\"https:\\\/\\\/secure.gravatar.com\\\/avatar\\\/862a5569d087de48e5856e32f45d719a03804c891d6deb8d4f71a660e79e4a47?s=96&d=mm&r=g\",\"caption\":\"Roger Str\u00e4ssle\"},\"url\":\"https:\\\/\\\/news.save.ch\\\/de\\\/author\\\/roger-straessle\\\/\"}]}<\/script>\n<!-- \/ Yoast SEO plugin. -->","yoast_head_json":{"title":"Was hat Datenschutz mit H\u00e4ndewaschen zu tun? - Save","description":"H\u00e4ndewaschen ist eine wirksame Hygiene-Massnahme. Unternehmen sollten das Thema Datenschutz nach dem gleichen Prinzip angehen.","robots":{"index":"index","follow":"follow","max-snippet":"max-snippet:-1","max-image-preview":"max-image-preview:large","max-video-preview":"max-video-preview:-1"},"canonical":"https:\/\/news.save.ch\/de\/was-hat-datenschutz-mit-haendewaschen-zu-tun\/","og_locale":"de_DE","og_type":"article","og_title":"Was hat Datenschutz mit H\u00e4ndewaschen zu tun? - Save","og_description":"H\u00e4ndewaschen ist eine wirksame Hygiene-Massnahme. Unternehmen sollten das Thema Datenschutz nach dem gleichen Prinzip angehen.","og_url":"https:\/\/news.save.ch\/de\/was-hat-datenschutz-mit-haendewaschen-zu-tun\/","og_site_name":"Save","article_published_time":"2020-10-23T13:34:49+00:00","article_modified_time":"2023-03-14T07:56:33+00:00","og_image":[{"width":1000,"height":668,"url":"https:\/\/news.save.ch\/wp-content\/uploads\/2020\/10\/Depositphotos_349363728_s-2019.jpg","type":"image\/jpeg"}],"author":"Roger Str\u00e4ssle","twitter_card":"summary_large_image","twitter_misc":{"Geschrieben von":"Roger Str\u00e4ssle","Gesch\u00e4tzte Lesezeit":"3\u00a0Minuten"},"schema":{"@context":"https:\/\/schema.org","@graph":[{"@type":"Article","@id":"https:\/\/news.save.ch\/was-hat-datenschutz-mit-haendewaschen-zu-tun\/#article","isPartOf":{"@id":"https:\/\/news.save.ch\/was-hat-datenschutz-mit-haendewaschen-zu-tun\/"},"author":{"name":"Roger Str\u00e4ssle","@id":"https:\/\/news.save.ch\/de\/#\/schema\/person\/d5022db048e0e2b9785c50e5b24da5aa"},"headline":"Was hat Datenschutz mit H\u00e4ndewaschen zu tun?","datePublished":"2020-10-23T13:34:49+00:00","dateModified":"2023-03-14T07:56:33+00:00","mainEntityOfPage":{"@id":"https:\/\/news.save.ch\/was-hat-datenschutz-mit-haendewaschen-zu-tun\/"},"wordCount":556,"publisher":{"@id":"https:\/\/news.save.ch\/de\/#organization"},"image":{"@id":"https:\/\/news.save.ch\/was-hat-datenschutz-mit-haendewaschen-zu-tun\/#primaryimage"},"thumbnailUrl":"https:\/\/news.save.ch\/wp-content\/uploads\/2020\/10\/Depositphotos_349363728_s-2019.jpg","keywords":["Datenschutz","IT-Hygiene"],"articleSection":["DIGITALISIERUNG"],"inLanguage":"de"},{"@type":"WebPage","@id":"https:\/\/news.save.ch\/was-hat-datenschutz-mit-haendewaschen-zu-tun\/","url":"https:\/\/news.save.ch\/was-hat-datenschutz-mit-haendewaschen-zu-tun\/","name":"Was hat Datenschutz mit H\u00e4ndewaschen zu tun? - Save","isPartOf":{"@id":"https:\/\/news.save.ch\/de\/#website"},"primaryImageOfPage":{"@id":"https:\/\/news.save.ch\/was-hat-datenschutz-mit-haendewaschen-zu-tun\/#primaryimage"},"image":{"@id":"https:\/\/news.save.ch\/was-hat-datenschutz-mit-haendewaschen-zu-tun\/#primaryimage"},"thumbnailUrl":"https:\/\/news.save.ch\/wp-content\/uploads\/2020\/10\/Depositphotos_349363728_s-2019.jpg","datePublished":"2020-10-23T13:34:49+00:00","dateModified":"2023-03-14T07:56:33+00:00","description":"H\u00e4ndewaschen ist eine wirksame Hygiene-Massnahme. Unternehmen sollten das Thema Datenschutz nach dem gleichen Prinzip angehen.","breadcrumb":{"@id":"https:\/\/news.save.ch\/was-hat-datenschutz-mit-haendewaschen-zu-tun\/#breadcrumb"},"inLanguage":"de","potentialAction":[{"@type":"ReadAction","target":["https:\/\/news.save.ch\/was-hat-datenschutz-mit-haendewaschen-zu-tun\/"]}]},{"@type":"ImageObject","inLanguage":"de","@id":"https:\/\/news.save.ch\/was-hat-datenschutz-mit-haendewaschen-zu-tun\/#primaryimage","url":"https:\/\/news.save.ch\/wp-content\/uploads\/2020\/10\/Depositphotos_349363728_s-2019.jpg","contentUrl":"https:\/\/news.save.ch\/wp-content\/uploads\/2020\/10\/Depositphotos_349363728_s-2019.jpg","width":1000,"height":668,"caption":"\u00a9 depositphotos, artursz"},{"@type":"BreadcrumbList","@id":"https:\/\/news.save.ch\/was-hat-datenschutz-mit-haendewaschen-zu-tun\/#breadcrumb","itemListElement":[{"@type":"ListItem","position":1,"name":"Home","item":"https:\/\/news.save.ch\/de\/"},{"@type":"ListItem","position":2,"name":"Was hat Datenschutz mit H\u00e4ndewaschen zu tun?"}]},{"@type":"WebSite","@id":"https:\/\/news.save.ch\/de\/#website","url":"https:\/\/news.save.ch\/de\/","name":"Save","description":"Schweizer Fachzeitschrift f\u00fcr Sicherheit","publisher":{"@id":"https:\/\/news.save.ch\/de\/#organization"},"potentialAction":[{"@type":"SearchAction","target":{"@type":"EntryPoint","urlTemplate":"https:\/\/news.save.ch\/de\/?s={search_term_string}"},"query-input":{"@type":"PropertyValueSpecification","valueRequired":true,"valueName":"search_term_string"}}],"inLanguage":"de"},{"@type":"Organization","@id":"https:\/\/news.save.ch\/de\/#organization","name":"Sicherheitsforum","url":"https:\/\/news.save.ch\/de\/","logo":{"@type":"ImageObject","inLanguage":"de","@id":"https:\/\/news.save.ch\/de\/#\/schema\/logo\/image\/","url":"https:\/\/news.save.ch\/wp-content\/uploads\/2022\/06\/Logo_SF_2012.png","contentUrl":"https:\/\/news.save.ch\/wp-content\/uploads\/2022\/06\/Logo_SF_2012.png","width":1100,"height":91,"caption":"Sicherheitsforum"},"image":{"@id":"https:\/\/news.save.ch\/de\/#\/schema\/logo\/image\/"}},{"@type":"Person","@id":"https:\/\/news.save.ch\/de\/#\/schema\/person\/d5022db048e0e2b9785c50e5b24da5aa","name":"Roger Str\u00e4ssle","image":{"@type":"ImageObject","inLanguage":"de","@id":"https:\/\/secure.gravatar.com\/avatar\/862a5569d087de48e5856e32f45d719a03804c891d6deb8d4f71a660e79e4a47?s=96&d=mm&r=g","url":"https:\/\/secure.gravatar.com\/avatar\/862a5569d087de48e5856e32f45d719a03804c891d6deb8d4f71a660e79e4a47?s=96&d=mm&r=g","contentUrl":"https:\/\/secure.gravatar.com\/avatar\/862a5569d087de48e5856e32f45d719a03804c891d6deb8d4f71a660e79e4a47?s=96&d=mm&r=g","caption":"Roger Str\u00e4ssle"},"url":"https:\/\/news.save.ch\/de\/author\/roger-straessle\/"}]}},"_links":{"self":[{"href":"https:\/\/news.save.ch\/de\/wp-json\/wp\/v2\/posts\/10701","targetHints":{"allow":["GET"]}}],"collection":[{"href":"https:\/\/news.save.ch\/de\/wp-json\/wp\/v2\/posts"}],"about":[{"href":"https:\/\/news.save.ch\/de\/wp-json\/wp\/v2\/types\/post"}],"author":[{"embeddable":true,"href":"https:\/\/news.save.ch\/de\/wp-json\/wp\/v2\/users\/8"}],"replies":[{"embeddable":true,"href":"https:\/\/news.save.ch\/de\/wp-json\/wp\/v2\/comments?post=10701"}],"version-history":[{"count":1,"href":"https:\/\/news.save.ch\/de\/wp-json\/wp\/v2\/posts\/10701\/revisions"}],"predecessor-version":[{"id":17302,"href":"https:\/\/news.save.ch\/de\/wp-json\/wp\/v2\/posts\/10701\/revisions\/17302"}],"wp:featuredmedia":[{"embeddable":true,"href":"https:\/\/news.save.ch\/de\/wp-json\/wp\/v2\/media\/10703"}],"wp:attachment":[{"href":"https:\/\/news.save.ch\/de\/wp-json\/wp\/v2\/media?parent=10701"}],"wp:term":[{"taxonomy":"category","embeddable":true,"href":"https:\/\/news.save.ch\/de\/wp-json\/wp\/v2\/categories?post=10701"},{"taxonomy":"post_tag","embeddable":true,"href":"https:\/\/news.save.ch\/de\/wp-json\/wp\/v2\/tags?post=10701"}],"curies":[{"name":"wp","href":"https:\/\/api.w.org\/{rel}","templated":true}]}}