{"id":10771,"date":"2020-11-04T12:00:59","date_gmt":"2020-11-04T11:00:59","guid":{"rendered":"https:\/\/news.save.ch\/?p=10771"},"modified":"2020-11-04T12:00:59","modified_gmt":"2020-11-04T11:00:59","slug":"mark-burkhard-wird-neuer-kkpks-praesident","status":null,"type":"post","link":"https:\/\/news.save.ch\/de\/mark-burkhard-wird-neuer-kkpks-praesident\/","title":{"rendered":"Mark Burkhard wird neuer KKPKS-Pr\u00e4sident"},"content":{"rendered":"<figure id=\"attachment_10773\" aria-describedby=\"caption-attachment-10773\" style=\"width: 680px\" class=\"wp-caption aligncenter\"><img loading=\"lazy\" decoding=\"async\" class=\"size-medium wp-image-10773\" src=\"https:\/\/news.save.ch\/wp-content\/uploads\/2020\/11\/Burkhard-1-1.jpg\" alt=\"\" width=\"680\" height=\"565\" \/><figcaption id=\"caption-attachment-10773\" class=\"wp-caption-text\">Der Baselbieter Polizeikommandant Mark Burkhard.<br \/>\u00a9 KKPKS<\/figcaption><\/figure>\n<p>Die <a href=\"https:\/\/www.kkpks.ch\/\">KKPKS<\/a> hat an ihrer Jahresversammlung vom 3. November 2020 Mark Burkhard zum neuen Pr\u00e4sidenten gew\u00e4hlt. Der diplomierte National\u00f6konom und Informatik-Ingenieur ist seit 2013 Kommandant der Polizei Basel-Landschaft. Bis anhin leitete er als Vorstandsmitglied der KKPKS auch die Vorhaben zur Harmonisierung der Schweizerischen Polizeiinformatik. Er freue sich auf die neue Herausforderung, sagt der 56-j\u00e4hrige Mark Burkhard: \u00abIch m\u00f6chte, dass wir weiterhin qualitativ hochstehende polizeiliche Leistungen f\u00fcr die Bev\u00f6lkerung erbringen. Daf\u00fcr braucht es eine gute korps- und kantons\u00fcbergreifende Zusammenarbeit der Polizeien und ihrer Partner\u00bb. Des Weiteren sei es wichtig, \u00abdass wir den Anschluss an die technologische Entwicklung im Kriminalit\u00e4tsgeschehen nicht verlieren\u00bb, so Burkhard.<\/p>\n<p><strong>Drei Fragen an den neuen Mann an der Spitze der KKPKS<\/strong><\/p>\n<p><em><strong>Terroranschl\u00e4ge in Frankreich und jetzt auch in Wien: Was heisst das f\u00fcr die Sicherheit der Schweiz?<\/strong><\/em><\/p>\n<p><em>Burkhard:<\/em> Die Terrorgefahr ist auch in der Schweiz seit einiger Zeit erh\u00f6ht. Nach den j\u00fcngsten Anschl\u00e4gen in den Nachbarl\u00e4ndern wird die Lage auch hierzulande laufend neu beurteilt. Gest\u00fctzt darauf werden die Sicherheitsdispositive in den Kantonen \u00fcberpr\u00fcft und, falls n\u00f6tig, zus\u00e4tzliche Massnahmen wie beispielsweise die Erh\u00f6hung der polizeilichen Pr\u00e4senz im \u00f6ffentlichen Raum ergriffen.<\/p>\n<p><em><strong>Welches sind Ihre wichtigsten Herausforderungen 2021?<\/strong><\/em><\/p>\n<p><em>Burkhard:<\/em> Prim\u00e4r geht es darum, die Folgen der Corona-Pandemie zu bew\u00e4ltigen. Je nach Lageentwicklung wird die Polizei st\u00e4rker oder schw\u00e4cher gefordert sein. Andere Entwicklungen k\u00f6nnen diesen Fokus aber jederzeit ver\u00e4ndern, wie die Anschl\u00e4ge in Frankreich und Wien zeigen. Zus\u00e4tzlich unternehmen die Polizeien grosse Anstrengungen, um die stark wachsende Internet-Kriminalit\u00e4t zu bek\u00e4mpfen.<\/p>\n<p><strong>Wo steht die Schweiz diesbez\u00fcglich, wo m\u00fcssen Sie als KKPKS-Pr\u00e4sident in Sache Cyber-Security Akzente setzen?\u00a0 <\/strong><\/p>\n<p><em>Burkhard:\u00a0<\/em>Zur Bek\u00e4mpfung der Cyberkriminalit\u00e4t haben die schweizerischen Polizeikorps das \u00abNetzwerk zur Bek\u00e4mpfung der digitalen Kriminalit\u00e4t\u00bb (NEDIK) gegr\u00fcndet. Darin arbeiten der Bund und alle Kantonspolizeien zusammen. Sie \u00fcberwachen die Kriminalit\u00e4tsentwicklung, sprechen ihre Leistungsfelder ab und koordinieren gemeinsame Aktionen. Diese Zusammenarbeit gilt es weiter zu festigen und auszubauen. Zudem ist der \u00d6ffentlichkeit besser zu kommunizieren, welche Anstrengungen die Polizeikorps in der Bek\u00e4mpfung der Internetkriminalit\u00e4t bereits unternehmen.<\/p>\n<p><em>Interview: R. Str\u00e4ssle<\/em><\/p>\n<blockquote>\n<p><strong>Stefan Bl\u00e4tter seit 2014 im Amt<\/strong><\/p>\n<p>Mark Burkhard tritt die Nachfolge von Stefan Bl\u00e4ttler, Kommandant der Kantonspolizei Bern, an. Der 61-J\u00e4hrige blickt auf ein bewegtes Pr\u00e4sidium zur\u00fcck. So war er Ende Oktober 2014 zum KKPKS-Pr\u00e4sidenten gew\u00e4hlt worden, kurze Zeit bevor Terroranschl\u00e4ge im nahen Ausland auch die Sicherheitslage in der Schweiz und damit die polizeiliche Arbeit nachhaltig beeinflussten. Und auch die Corona-Situation in seinem letzten Pr\u00e4sidialjahr habe auch die Schweizer Polizeikorps und die KKPKS gefordert. Meilensteine w\u00e4hrend seines Pr\u00e4sidiums wurden unter anderem mit der Einf\u00fchrung des neuen Bildungspolitischen Gesamtkonzeptes Polizei 2020 sowie der Bildung des Netzwerk Ermittlungsunterst\u00fctzung Digitale Kriminalit\u00e4tsbek\u00e4mpfung (NEDIK) 2018 erreicht, wie es abschliessend in der Pressemitteilung der\u00a0Konferenz der kantonalen Polizeikommandanten der Schweiz\u00a0heisst.<\/p>\n<\/blockquote>\n<p>&nbsp;<\/p>\n","protected":false},"excerpt":{"rendered":"<p>Die KKPKS hat an ihrer Jahresversammlung vom 3. November 2020 Mark Burkhard zum neuen Pr\u00e4sidenten gew\u00e4hlt. Der diplomierte National\u00f6konom und Informatik-Ingenieur ist seit 2013 Kommandant der Polizei Basel-Landschaft. Bis anhin leitete er als Vorstandsmitglied der KKPKS auch die Vorhaben zur Harmonisierung der Schweizerischen Polizeiinformatik. Er freue sich auf die neue Herausforderung, sagt der 56-j\u00e4hrige Mark [&hellip;]<\/p>\n","protected":false},"author":8,"featured_media":10773,"comment_status":"closed","ping_status":"closed","sticky":false,"template":"","format":"standard","meta":{"_acf_changed":false,"pgc_sgb_lightbox_settings":"","footnotes":""},"categories":[1],"tags":[239,1065,1066],"class_list":["post-10771","post","type-post","status-publish","format-standard","has-post-thumbnail","hentry","category-allgemein","tag-kkpks","tag-mark-burkhard","tag-stefan-blaettler"],"acf":[],"hkrextid":null,"publication":null,"issue":null,"workflow":null,"startPage":null,"spitzmarke":null,"_posts_by_tag_page_fields":{"widget_title":"","widget_tags":""},"_at_widget":"1","_yoast_wpseo_primary_category":"1","_yoast_wpseo_focuskw_text_input":"KKPKS","_yoast_wpseo_opengraph-image":null,"_yoast_wpseo_opengraph-description":null,"_yoast_wpseo_opengraph-title":null,"enclosure":null,"_yoast_wpseo_twitter-title":null,"_yoast_wpseo_twitter-description":null,"_yoast_wpseo_twitter-image":null,"_wp_old_slug":null,"_yoast_wpseo_title":null,"_yoast_wpseo_canonical":null,"yoast_head":"<!-- This site is optimized with the Yoast SEO plugin v27.4 - https:\/\/yoast.com\/product\/yoast-seo-wordpress\/ -->\n<title>Mark Burkhard wird neuer KKPKS-Pr\u00e4sident - Save<\/title>\n<meta name=\"description\" content=\"Der neue Pr\u00e4sident der Konferenz der kantonalen Polizeikommandanten der Schweiz (KKPKS) heisst Mark Burkhard, er ist Baselbieter Polizeikommandant.\" \/>\n<meta name=\"robots\" content=\"index, follow, max-snippet:-1, max-image-preview:large, max-video-preview:-1\" \/>\n<link rel=\"canonical\" href=\"https:\/\/news.save.ch\/de\/mark-burkhard-wird-neuer-kkpks-praesident\/\" \/>\n<meta property=\"og:locale\" content=\"de_DE\" \/>\n<meta property=\"og:type\" content=\"article\" \/>\n<meta property=\"og:title\" content=\"Mark Burkhard wird neuer KKPKS-Pr\u00e4sident - Save\" \/>\n<meta property=\"og:description\" content=\"Der neue Pr\u00e4sident der Konferenz der kantonalen Polizeikommandanten der Schweiz (KKPKS) heisst Mark Burkhard, er ist Baselbieter Polizeikommandant.\" \/>\n<meta property=\"og:url\" content=\"https:\/\/news.save.ch\/de\/mark-burkhard-wird-neuer-kkpks-praesident\/\" \/>\n<meta property=\"og:site_name\" content=\"Save\" \/>\n<meta property=\"article:published_time\" content=\"2020-11-04T11:00:59+00:00\" \/>\n<meta property=\"og:image\" content=\"https:\/\/news.save.ch\/wp-content\/uploads\/2020\/11\/Burkhard-1-1-scaled.jpg\" \/>\n\t<meta property=\"og:image:width\" content=\"1400\" \/>\n\t<meta property=\"og:image:height\" content=\"1163\" \/>\n\t<meta property=\"og:image:type\" content=\"image\/jpeg\" \/>\n<meta name=\"author\" content=\"Roger Str\u00e4ssle\" \/>\n<meta name=\"twitter:card\" content=\"summary_large_image\" \/>\n<meta name=\"twitter:label1\" content=\"Geschrieben von\" \/>\n\t<meta name=\"twitter:data1\" content=\"Roger Str\u00e4ssle\" \/>\n\t<meta name=\"twitter:label2\" content=\"Gesch\u00e4tzte Lesezeit\" \/>\n\t<meta name=\"twitter:data2\" content=\"3\u00a0Minuten\" \/>\n<script type=\"application\/ld+json\" class=\"yoast-schema-graph\">{\"@context\":\"https:\\\/\\\/schema.org\",\"@graph\":[{\"@type\":\"Article\",\"@id\":\"https:\\\/\\\/news.save.ch\\\/mark-burkhard-wird-neuer-kkpks-praesident\\\/#article\",\"isPartOf\":{\"@id\":\"https:\\\/\\\/news.save.ch\\\/mark-burkhard-wird-neuer-kkpks-praesident\\\/\"},\"author\":{\"name\":\"Roger Str\u00e4ssle\",\"@id\":\"https:\\\/\\\/news.save.ch\\\/de\\\/#\\\/schema\\\/person\\\/d5022db048e0e2b9785c50e5b24da5aa\"},\"headline\":\"Mark Burkhard wird neuer KKPKS-Pr\u00e4sident\",\"datePublished\":\"2020-11-04T11:00:59+00:00\",\"mainEntityOfPage\":{\"@id\":\"https:\\\/\\\/news.save.ch\\\/mark-burkhard-wird-neuer-kkpks-praesident\\\/\"},\"wordCount\":507,\"publisher\":{\"@id\":\"https:\\\/\\\/news.save.ch\\\/de\\\/#organization\"},\"image\":{\"@id\":\"https:\\\/\\\/news.save.ch\\\/mark-burkhard-wird-neuer-kkpks-praesident\\\/#primaryimage\"},\"thumbnailUrl\":\"https:\\\/\\\/news.save.ch\\\/wp-content\\\/uploads\\\/2020\\\/11\\\/Burkhard-1-1-scaled.jpg\",\"keywords\":[\"KKPKS\",\"Mark Burkhard\",\"Stefan Bl\u00e4ttler\"],\"articleSection\":[\"ALLGEMEIN\"],\"inLanguage\":\"de\"},{\"@type\":\"WebPage\",\"@id\":\"https:\\\/\\\/news.save.ch\\\/mark-burkhard-wird-neuer-kkpks-praesident\\\/\",\"url\":\"https:\\\/\\\/news.save.ch\\\/mark-burkhard-wird-neuer-kkpks-praesident\\\/\",\"name\":\"Mark Burkhard wird neuer KKPKS-Pr\u00e4sident - Save\",\"isPartOf\":{\"@id\":\"https:\\\/\\\/news.save.ch\\\/de\\\/#website\"},\"primaryImageOfPage\":{\"@id\":\"https:\\\/\\\/news.save.ch\\\/mark-burkhard-wird-neuer-kkpks-praesident\\\/#primaryimage\"},\"image\":{\"@id\":\"https:\\\/\\\/news.save.ch\\\/mark-burkhard-wird-neuer-kkpks-praesident\\\/#primaryimage\"},\"thumbnailUrl\":\"https:\\\/\\\/news.save.ch\\\/wp-content\\\/uploads\\\/2020\\\/11\\\/Burkhard-1-1-scaled.jpg\",\"datePublished\":\"2020-11-04T11:00:59+00:00\",\"description\":\"Der neue Pr\u00e4sident der Konferenz der kantonalen Polizeikommandanten der Schweiz (KKPKS) heisst Mark Burkhard, er ist Baselbieter Polizeikommandant.\",\"breadcrumb\":{\"@id\":\"https:\\\/\\\/news.save.ch\\\/mark-burkhard-wird-neuer-kkpks-praesident\\\/#breadcrumb\"},\"inLanguage\":\"de\",\"potentialAction\":[{\"@type\":\"ReadAction\",\"target\":[\"https:\\\/\\\/news.save.ch\\\/mark-burkhard-wird-neuer-kkpks-praesident\\\/\"]}]},{\"@type\":\"ImageObject\",\"inLanguage\":\"de\",\"@id\":\"https:\\\/\\\/news.save.ch\\\/mark-burkhard-wird-neuer-kkpks-praesident\\\/#primaryimage\",\"url\":\"https:\\\/\\\/news.save.ch\\\/wp-content\\\/uploads\\\/2020\\\/11\\\/Burkhard-1-1-scaled.jpg\",\"contentUrl\":\"https:\\\/\\\/news.save.ch\\\/wp-content\\\/uploads\\\/2020\\\/11\\\/Burkhard-1-1-scaled.jpg\",\"width\":1400,\"height\":1163,\"caption\":\"Der Baselbieter Polizeikommandant Mark Burkhard. \u00a9 KKPKS\"},{\"@type\":\"BreadcrumbList\",\"@id\":\"https:\\\/\\\/news.save.ch\\\/mark-burkhard-wird-neuer-kkpks-praesident\\\/#breadcrumb\",\"itemListElement\":[{\"@type\":\"ListItem\",\"position\":1,\"name\":\"Home\",\"item\":\"https:\\\/\\\/news.save.ch\\\/de\\\/\"},{\"@type\":\"ListItem\",\"position\":2,\"name\":\"Mark Burkhard wird neuer KKPKS-Pr\u00e4sident\"}]},{\"@type\":\"WebSite\",\"@id\":\"https:\\\/\\\/news.save.ch\\\/de\\\/#website\",\"url\":\"https:\\\/\\\/news.save.ch\\\/de\\\/\",\"name\":\"Save\",\"description\":\"Schweizer Fachzeitschrift f\u00fcr Sicherheit\",\"publisher\":{\"@id\":\"https:\\\/\\\/news.save.ch\\\/de\\\/#organization\"},\"potentialAction\":[{\"@type\":\"SearchAction\",\"target\":{\"@type\":\"EntryPoint\",\"urlTemplate\":\"https:\\\/\\\/news.save.ch\\\/de\\\/?s={search_term_string}\"},\"query-input\":{\"@type\":\"PropertyValueSpecification\",\"valueRequired\":true,\"valueName\":\"search_term_string\"}}],\"inLanguage\":\"de\"},{\"@type\":\"Organization\",\"@id\":\"https:\\\/\\\/news.save.ch\\\/de\\\/#organization\",\"name\":\"Sicherheitsforum\",\"url\":\"https:\\\/\\\/news.save.ch\\\/de\\\/\",\"logo\":{\"@type\":\"ImageObject\",\"inLanguage\":\"de\",\"@id\":\"https:\\\/\\\/news.save.ch\\\/de\\\/#\\\/schema\\\/logo\\\/image\\\/\",\"url\":\"https:\\\/\\\/news.save.ch\\\/wp-content\\\/uploads\\\/2022\\\/06\\\/Logo_SF_2012.png\",\"contentUrl\":\"https:\\\/\\\/news.save.ch\\\/wp-content\\\/uploads\\\/2022\\\/06\\\/Logo_SF_2012.png\",\"width\":1100,\"height\":91,\"caption\":\"Sicherheitsforum\"},\"image\":{\"@id\":\"https:\\\/\\\/news.save.ch\\\/de\\\/#\\\/schema\\\/logo\\\/image\\\/\"}},{\"@type\":\"Person\",\"@id\":\"https:\\\/\\\/news.save.ch\\\/de\\\/#\\\/schema\\\/person\\\/d5022db048e0e2b9785c50e5b24da5aa\",\"name\":\"Roger Str\u00e4ssle\",\"image\":{\"@type\":\"ImageObject\",\"inLanguage\":\"de\",\"@id\":\"https:\\\/\\\/secure.gravatar.com\\\/avatar\\\/862a5569d087de48e5856e32f45d719a03804c891d6deb8d4f71a660e79e4a47?s=96&d=mm&r=g\",\"url\":\"https:\\\/\\\/secure.gravatar.com\\\/avatar\\\/862a5569d087de48e5856e32f45d719a03804c891d6deb8d4f71a660e79e4a47?s=96&d=mm&r=g\",\"contentUrl\":\"https:\\\/\\\/secure.gravatar.com\\\/avatar\\\/862a5569d087de48e5856e32f45d719a03804c891d6deb8d4f71a660e79e4a47?s=96&d=mm&r=g\",\"caption\":\"Roger Str\u00e4ssle\"},\"url\":\"https:\\\/\\\/news.save.ch\\\/de\\\/author\\\/roger-straessle\\\/\"}]}<\/script>\n<!-- \/ Yoast SEO plugin. -->","yoast_head_json":{"title":"Mark Burkhard wird neuer KKPKS-Pr\u00e4sident - Save","description":"Der neue Pr\u00e4sident der Konferenz der kantonalen Polizeikommandanten der Schweiz (KKPKS) heisst Mark Burkhard, er ist Baselbieter Polizeikommandant.","robots":{"index":"index","follow":"follow","max-snippet":"max-snippet:-1","max-image-preview":"max-image-preview:large","max-video-preview":"max-video-preview:-1"},"canonical":"https:\/\/news.save.ch\/de\/mark-burkhard-wird-neuer-kkpks-praesident\/","og_locale":"de_DE","og_type":"article","og_title":"Mark Burkhard wird neuer KKPKS-Pr\u00e4sident - Save","og_description":"Der neue Pr\u00e4sident der Konferenz der kantonalen Polizeikommandanten der Schweiz (KKPKS) heisst Mark Burkhard, er ist Baselbieter Polizeikommandant.","og_url":"https:\/\/news.save.ch\/de\/mark-burkhard-wird-neuer-kkpks-praesident\/","og_site_name":"Save","article_published_time":"2020-11-04T11:00:59+00:00","og_image":[{"width":1400,"height":1163,"url":"https:\/\/news.save.ch\/wp-content\/uploads\/2020\/11\/Burkhard-1-1-scaled.jpg","type":"image\/jpeg"}],"author":"Roger Str\u00e4ssle","twitter_card":"summary_large_image","twitter_misc":{"Geschrieben von":"Roger Str\u00e4ssle","Gesch\u00e4tzte Lesezeit":"3\u00a0Minuten"},"schema":{"@context":"https:\/\/schema.org","@graph":[{"@type":"Article","@id":"https:\/\/news.save.ch\/mark-burkhard-wird-neuer-kkpks-praesident\/#article","isPartOf":{"@id":"https:\/\/news.save.ch\/mark-burkhard-wird-neuer-kkpks-praesident\/"},"author":{"name":"Roger Str\u00e4ssle","@id":"https:\/\/news.save.ch\/de\/#\/schema\/person\/d5022db048e0e2b9785c50e5b24da5aa"},"headline":"Mark Burkhard wird neuer KKPKS-Pr\u00e4sident","datePublished":"2020-11-04T11:00:59+00:00","mainEntityOfPage":{"@id":"https:\/\/news.save.ch\/mark-burkhard-wird-neuer-kkpks-praesident\/"},"wordCount":507,"publisher":{"@id":"https:\/\/news.save.ch\/de\/#organization"},"image":{"@id":"https:\/\/news.save.ch\/mark-burkhard-wird-neuer-kkpks-praesident\/#primaryimage"},"thumbnailUrl":"https:\/\/news.save.ch\/wp-content\/uploads\/2020\/11\/Burkhard-1-1-scaled.jpg","keywords":["KKPKS","Mark Burkhard","Stefan Bl\u00e4ttler"],"articleSection":["ALLGEMEIN"],"inLanguage":"de"},{"@type":"WebPage","@id":"https:\/\/news.save.ch\/mark-burkhard-wird-neuer-kkpks-praesident\/","url":"https:\/\/news.save.ch\/mark-burkhard-wird-neuer-kkpks-praesident\/","name":"Mark Burkhard wird neuer KKPKS-Pr\u00e4sident - Save","isPartOf":{"@id":"https:\/\/news.save.ch\/de\/#website"},"primaryImageOfPage":{"@id":"https:\/\/news.save.ch\/mark-burkhard-wird-neuer-kkpks-praesident\/#primaryimage"},"image":{"@id":"https:\/\/news.save.ch\/mark-burkhard-wird-neuer-kkpks-praesident\/#primaryimage"},"thumbnailUrl":"https:\/\/news.save.ch\/wp-content\/uploads\/2020\/11\/Burkhard-1-1-scaled.jpg","datePublished":"2020-11-04T11:00:59+00:00","description":"Der neue Pr\u00e4sident der Konferenz der kantonalen Polizeikommandanten der Schweiz (KKPKS) heisst Mark Burkhard, er ist Baselbieter Polizeikommandant.","breadcrumb":{"@id":"https:\/\/news.save.ch\/mark-burkhard-wird-neuer-kkpks-praesident\/#breadcrumb"},"inLanguage":"de","potentialAction":[{"@type":"ReadAction","target":["https:\/\/news.save.ch\/mark-burkhard-wird-neuer-kkpks-praesident\/"]}]},{"@type":"ImageObject","inLanguage":"de","@id":"https:\/\/news.save.ch\/mark-burkhard-wird-neuer-kkpks-praesident\/#primaryimage","url":"https:\/\/news.save.ch\/wp-content\/uploads\/2020\/11\/Burkhard-1-1-scaled.jpg","contentUrl":"https:\/\/news.save.ch\/wp-content\/uploads\/2020\/11\/Burkhard-1-1-scaled.jpg","width":1400,"height":1163,"caption":"Der Baselbieter Polizeikommandant Mark Burkhard. \u00a9 KKPKS"},{"@type":"BreadcrumbList","@id":"https:\/\/news.save.ch\/mark-burkhard-wird-neuer-kkpks-praesident\/#breadcrumb","itemListElement":[{"@type":"ListItem","position":1,"name":"Home","item":"https:\/\/news.save.ch\/de\/"},{"@type":"ListItem","position":2,"name":"Mark Burkhard wird neuer KKPKS-Pr\u00e4sident"}]},{"@type":"WebSite","@id":"https:\/\/news.save.ch\/de\/#website","url":"https:\/\/news.save.ch\/de\/","name":"Save","description":"Schweizer Fachzeitschrift f\u00fcr Sicherheit","publisher":{"@id":"https:\/\/news.save.ch\/de\/#organization"},"potentialAction":[{"@type":"SearchAction","target":{"@type":"EntryPoint","urlTemplate":"https:\/\/news.save.ch\/de\/?s={search_term_string}"},"query-input":{"@type":"PropertyValueSpecification","valueRequired":true,"valueName":"search_term_string"}}],"inLanguage":"de"},{"@type":"Organization","@id":"https:\/\/news.save.ch\/de\/#organization","name":"Sicherheitsforum","url":"https:\/\/news.save.ch\/de\/","logo":{"@type":"ImageObject","inLanguage":"de","@id":"https:\/\/news.save.ch\/de\/#\/schema\/logo\/image\/","url":"https:\/\/news.save.ch\/wp-content\/uploads\/2022\/06\/Logo_SF_2012.png","contentUrl":"https:\/\/news.save.ch\/wp-content\/uploads\/2022\/06\/Logo_SF_2012.png","width":1100,"height":91,"caption":"Sicherheitsforum"},"image":{"@id":"https:\/\/news.save.ch\/de\/#\/schema\/logo\/image\/"}},{"@type":"Person","@id":"https:\/\/news.save.ch\/de\/#\/schema\/person\/d5022db048e0e2b9785c50e5b24da5aa","name":"Roger Str\u00e4ssle","image":{"@type":"ImageObject","inLanguage":"de","@id":"https:\/\/secure.gravatar.com\/avatar\/862a5569d087de48e5856e32f45d719a03804c891d6deb8d4f71a660e79e4a47?s=96&d=mm&r=g","url":"https:\/\/secure.gravatar.com\/avatar\/862a5569d087de48e5856e32f45d719a03804c891d6deb8d4f71a660e79e4a47?s=96&d=mm&r=g","contentUrl":"https:\/\/secure.gravatar.com\/avatar\/862a5569d087de48e5856e32f45d719a03804c891d6deb8d4f71a660e79e4a47?s=96&d=mm&r=g","caption":"Roger Str\u00e4ssle"},"url":"https:\/\/news.save.ch\/de\/author\/roger-straessle\/"}]}},"_links":{"self":[{"href":"https:\/\/news.save.ch\/de\/wp-json\/wp\/v2\/posts\/10771","targetHints":{"allow":["GET"]}}],"collection":[{"href":"https:\/\/news.save.ch\/de\/wp-json\/wp\/v2\/posts"}],"about":[{"href":"https:\/\/news.save.ch\/de\/wp-json\/wp\/v2\/types\/post"}],"author":[{"embeddable":true,"href":"https:\/\/news.save.ch\/de\/wp-json\/wp\/v2\/users\/8"}],"replies":[{"embeddable":true,"href":"https:\/\/news.save.ch\/de\/wp-json\/wp\/v2\/comments?post=10771"}],"version-history":[{"count":0,"href":"https:\/\/news.save.ch\/de\/wp-json\/wp\/v2\/posts\/10771\/revisions"}],"wp:featuredmedia":[{"embeddable":true,"href":"https:\/\/news.save.ch\/de\/wp-json\/wp\/v2\/media\/10773"}],"wp:attachment":[{"href":"https:\/\/news.save.ch\/de\/wp-json\/wp\/v2\/media?parent=10771"}],"wp:term":[{"taxonomy":"category","embeddable":true,"href":"https:\/\/news.save.ch\/de\/wp-json\/wp\/v2\/categories?post=10771"},{"taxonomy":"post_tag","embeddable":true,"href":"https:\/\/news.save.ch\/de\/wp-json\/wp\/v2\/tags?post=10771"}],"curies":[{"name":"wp","href":"https:\/\/api.w.org\/{rel}","templated":true}]}}