{"id":1081,"date":"2016-02-10T15:26:47","date_gmt":"2016-02-10T14:26:47","guid":{"rendered":"https:\/\/dev.sicherheitsforum.ch\/?p=1081"},"modified":"2023-03-14T08:57:25","modified_gmt":"2023-03-14T07:57:25","slug":"abraxas-gutmann-wird-neuer-ceo","status":null,"type":"post","link":"https:\/\/news.save.ch\/de\/abraxas-gutmann-wird-neuer-ceo\/","title":{"rendered":"Abraxas: Gutmann wird neuer CEO"},"content":{"rendered":"<figure id=\"attachment_1082\" aria-describedby=\"caption-attachment-1082\" style=\"width: 608px\" class=\"wp-caption alignnone\"><img loading=\"lazy\" decoding=\"async\" class=\"wp-image-1082 size-full\" src=\"https:\/\/news.save.ch\/wp-content\/uploads\/2016\/12\/Abraxas-Gutmann-wird-neuer-CEO-reto_gutmann-it-security.jpg\" width=\"608\" height=\"827\" srcset=\"https:\/\/news.save.ch\/wp-content\/uploads\/2016\/12\/Abraxas-Gutmann-wird-neuer-CEO-reto_gutmann-it-security.jpg 608w, https:\/\/news.save.ch\/wp-content\/uploads\/2016\/12\/Abraxas-Gutmann-wird-neuer-CEO-reto_gutmann-it-security-221x300.jpg 221w\" sizes=\"auto, (max-width: 608px) 100vw, 608px\" \/><figcaption id=\"caption-attachment-1082\" class=\"wp-caption-text\">Reto Gutmann<\/figcaption><\/figure>\n<figure id=\"attachment_1083\" aria-describedby=\"caption-attachment-1083\" style=\"width: 675px\" class=\"wp-caption alignnone\"><img loading=\"lazy\" decoding=\"async\" class=\"wp-image-1083 size-full\" src=\"https:\/\/news.save.ch\/wp-content\/uploads\/2016\/12\/Abraxas-Gutmann-wird-neuer-CEO-reto_gutmann2-it-security.jpg\" alt=\"F\u00e9lix Mauron\" width=\"675\" height=\"827\" srcset=\"https:\/\/news.save.ch\/wp-content\/uploads\/2016\/12\/Abraxas-Gutmann-wird-neuer-CEO-reto_gutmann2-it-security.jpg 675w, https:\/\/news.save.ch\/wp-content\/uploads\/2016\/12\/Abraxas-Gutmann-wird-neuer-CEO-reto_gutmann2-it-security-245x300.jpg 245w\" sizes=\"auto, (max-width: 675px) 100vw, 675px\" \/><figcaption id=\"caption-attachment-1083\" class=\"wp-caption-text\">F\u00e9lix Mauron<\/figcaption><\/figure>\n<p>Nach dem Abgang seines Vorg\u00e4ngers als CEO der <a href=\"https:\/\/www.abraxas.ch\" target=\"_blank\" data-cke-saved-href=\"https:\/\/www.abraxas.ch\" rel=\"noopener\">Abraxas<\/a> Informatik AG vor drei Jahren habe CFO F\u00e9lix Mauron dessen Amt auf Wunsch des Verwaltungsrats zus\u00e4tzlich \u00fcbernommen. Nach der erfolgreichen Stabilisierung des Unternehmens habe Mauron nun den Verwaltungsrat gebeten, ihn vorzeitig von der Doppelbelastung zu entbinden. &#8222;Der Verwaltungsrat freut sich, dass F\u00e9lix Mauron Abraxas erhalten bleibt und das Amt des CFO weiterf\u00fchrt&#8220;, sagt VR-Pr\u00e4sident Paul Glutz.<\/p>\n<p><strong>Der neue CEO<\/strong><\/p>\n<p>Das Amt des CEO wird per 1. Mai 2016 von Reto Gutmann \u00fcbernommen, der von der Leitung der ETH Informatik zu Abraxas wechselt. Gutmann ist seit September 2013 Mitglied und Vizepr\u00e4sident des Verwaltungsrats der Abraxas und hat an der Entwicklung der aktuellen Unternehmensstrategie massgeblich mitgewirkt, wie es heisst. Als fr\u00fcherer CEO von Siemens IT Solutions and Services AG kenne er den Schweizer IT-Markt aus langj\u00e4hriger Erfahrung. Sein Mandat als Verwaltungsrat der Abraxas wird er anl\u00e4sslich des Wechsels zur Verf\u00fcgung stellen.<\/p>\n","protected":false},"excerpt":{"rendered":"<p>Nach dem Abgang seines Vorg\u00e4ngers als CEO der Abraxas Informatik AG vor drei Jahren habe CFO F\u00e9lix Mauron dessen Amt auf Wunsch des Verwaltungsrats zus\u00e4tzlich \u00fcbernommen. Nach der erfolgreichen Stabilisierung des Unternehmens habe Mauron nun den Verwaltungsrat gebeten, ihn vorzeitig von der Doppelbelastung zu entbinden. &#8222;Der Verwaltungsrat freut sich, dass F\u00e9lix Mauron Abraxas erhalten bleibt [&hellip;]<\/p>\n","protected":false},"author":1,"featured_media":1082,"comment_status":"open","ping_status":"open","sticky":false,"template":"","format":"standard","meta":{"_acf_changed":false,"pgc_sgb_lightbox_settings":"","footnotes":""},"categories":[3313],"tags":[63,65],"class_list":["post-1081","post","type-post","status-publish","format-standard","has-post-thumbnail","hentry","category-digitalisierung","tag-it-security","tag-unternehmen"],"acf":[],"hkrextid":null,"publication":null,"issue":null,"workflow":null,"startPage":null,"spitzmarke":null,"_posts_by_tag_page_fields":{"widget_title":"","widget_tags":""},"_at_widget":"1","_yoast_wpseo_primary_category":"2","_yoast_wpseo_focuskw_text_input":"Gutmann","_yoast_wpseo_opengraph-image":"https:\/\/news.save.ch\/wp-content\/uploads\/2016\/12\/Abraxas-Gutmann-wird-neuer-CEO-reto_gutmann-it-security.jpg","_yoast_wpseo_opengraph-description":"Per 1. Mai 2016 kommt es in der Gesch\u00e4ftsleitung der Abraxas Informatik AG zu einem Wechsel.","_yoast_wpseo_opengraph-title":"Abraxas: Gutmann wird neuer CEO","enclosure":null,"_yoast_wpseo_twitter-title":null,"_yoast_wpseo_twitter-description":null,"_yoast_wpseo_twitter-image":null,"_wp_old_slug":null,"_yoast_wpseo_title":null,"_yoast_wpseo_canonical":null,"yoast_head":"<!-- This site is optimized with the Yoast SEO plugin v27.5 - https:\/\/yoast.com\/product\/yoast-seo-wordpress\/ -->\n<title>Abraxas: Gutmann wird neuer CEO - Save<\/title>\n<meta name=\"description\" content=\"Per 1. Mai 2016 kommt es in der Gesch\u00e4ftsleitung der Abraxas Informatik AG zu einem Wechsel. Reto Gutmann wird neuer CEO\" \/>\n<meta name=\"robots\" content=\"index, follow, max-snippet:-1, max-image-preview:large, max-video-preview:-1\" \/>\n<link rel=\"canonical\" href=\"https:\/\/news.save.ch\/de\/abraxas-gutmann-wird-neuer-ceo\/\" \/>\n<meta property=\"og:locale\" content=\"de_DE\" \/>\n<meta property=\"og:type\" content=\"article\" \/>\n<meta property=\"og:title\" content=\"Abraxas: Gutmann wird neuer CEO\" \/>\n<meta property=\"og:description\" content=\"Per 1. Mai 2016 kommt es in der Gesch\u00e4ftsleitung der Abraxas Informatik AG zu einem Wechsel.\" \/>\n<meta property=\"og:url\" content=\"https:\/\/news.save.ch\/de\/abraxas-gutmann-wird-neuer-ceo\/\" \/>\n<meta property=\"og:site_name\" content=\"Save\" \/>\n<meta property=\"article:published_time\" content=\"2016-02-10T14:26:47+00:00\" \/>\n<meta property=\"article:modified_time\" content=\"2023-03-14T07:57:25+00:00\" \/>\n<meta property=\"og:image\" content=\"https:\/\/news.save.ch\/wp-content\/uploads\/2016\/12\/Abraxas-Gutmann-wird-neuer-CEO-reto_gutmann-it-security.jpg\" \/>\n<meta name=\"author\" content=\"admin\" \/>\n<meta name=\"twitter:card\" content=\"summary_large_image\" \/>\n<meta name=\"twitter:label1\" content=\"Geschrieben von\" \/>\n\t<meta name=\"twitter:data1\" content=\"admin\" \/>\n\t<meta name=\"twitter:label2\" content=\"Gesch\u00e4tzte Lesezeit\" \/>\n\t<meta name=\"twitter:data2\" content=\"1\u00a0Minute\" \/>\n<script type=\"application\/ld+json\" class=\"yoast-schema-graph\">{\"@context\":\"https:\\\/\\\/schema.org\",\"@graph\":[{\"@type\":\"Article\",\"@id\":\"https:\\\/\\\/news.save.ch\\\/abraxas-gutmann-wird-neuer-ceo\\\/#article\",\"isPartOf\":{\"@id\":\"https:\\\/\\\/news.save.ch\\\/abraxas-gutmann-wird-neuer-ceo\\\/\"},\"author\":{\"name\":\"admin\",\"@id\":\"https:\\\/\\\/news.save.ch\\\/de\\\/#\\\/schema\\\/person\\\/d49e199490bad7c70d64b9ab51142f2b\"},\"headline\":\"Abraxas: Gutmann wird neuer CEO\",\"datePublished\":\"2016-02-10T14:26:47+00:00\",\"dateModified\":\"2023-03-14T07:57:25+00:00\",\"mainEntityOfPage\":{\"@id\":\"https:\\\/\\\/news.save.ch\\\/abraxas-gutmann-wird-neuer-ceo\\\/\"},\"wordCount\":180,\"commentCount\":0,\"publisher\":{\"@id\":\"https:\\\/\\\/news.save.ch\\\/de\\\/#organization\"},\"image\":{\"@id\":\"https:\\\/\\\/news.save.ch\\\/abraxas-gutmann-wird-neuer-ceo\\\/#primaryimage\"},\"thumbnailUrl\":\"https:\\\/\\\/news.save.ch\\\/wp-content\\\/uploads\\\/2016\\\/12\\\/Abraxas-Gutmann-wird-neuer-CEO-reto_gutmann-it-security.jpg\",\"keywords\":[\"IT-SECURITY\",\"Unternehmen\"],\"articleSection\":[\"DIGITALISIERUNG\"],\"inLanguage\":\"de\"},{\"@type\":\"WebPage\",\"@id\":\"https:\\\/\\\/news.save.ch\\\/abraxas-gutmann-wird-neuer-ceo\\\/\",\"url\":\"https:\\\/\\\/news.save.ch\\\/abraxas-gutmann-wird-neuer-ceo\\\/\",\"name\":\"Abraxas: Gutmann wird neuer CEO - Save\",\"isPartOf\":{\"@id\":\"https:\\\/\\\/news.save.ch\\\/de\\\/#website\"},\"primaryImageOfPage\":{\"@id\":\"https:\\\/\\\/news.save.ch\\\/abraxas-gutmann-wird-neuer-ceo\\\/#primaryimage\"},\"image\":{\"@id\":\"https:\\\/\\\/news.save.ch\\\/abraxas-gutmann-wird-neuer-ceo\\\/#primaryimage\"},\"thumbnailUrl\":\"https:\\\/\\\/news.save.ch\\\/wp-content\\\/uploads\\\/2016\\\/12\\\/Abraxas-Gutmann-wird-neuer-CEO-reto_gutmann-it-security.jpg\",\"datePublished\":\"2016-02-10T14:26:47+00:00\",\"dateModified\":\"2023-03-14T07:57:25+00:00\",\"description\":\"Per 1. Mai 2016 kommt es in der Gesch\u00e4ftsleitung der Abraxas Informatik AG zu einem Wechsel. Reto Gutmann wird neuer CEO\",\"breadcrumb\":{\"@id\":\"https:\\\/\\\/news.save.ch\\\/abraxas-gutmann-wird-neuer-ceo\\\/#breadcrumb\"},\"inLanguage\":\"de\",\"potentialAction\":[{\"@type\":\"ReadAction\",\"target\":[\"https:\\\/\\\/news.save.ch\\\/abraxas-gutmann-wird-neuer-ceo\\\/\"]}]},{\"@type\":\"ImageObject\",\"inLanguage\":\"de\",\"@id\":\"https:\\\/\\\/news.save.ch\\\/abraxas-gutmann-wird-neuer-ceo\\\/#primaryimage\",\"url\":\"https:\\\/\\\/news.save.ch\\\/wp-content\\\/uploads\\\/2016\\\/12\\\/Abraxas-Gutmann-wird-neuer-CEO-reto_gutmann-it-security.jpg\",\"contentUrl\":\"https:\\\/\\\/news.save.ch\\\/wp-content\\\/uploads\\\/2016\\\/12\\\/Abraxas-Gutmann-wird-neuer-CEO-reto_gutmann-it-security.jpg\",\"width\":608,\"height\":827,\"caption\":\"Reto Gutmann\"},{\"@type\":\"BreadcrumbList\",\"@id\":\"https:\\\/\\\/news.save.ch\\\/abraxas-gutmann-wird-neuer-ceo\\\/#breadcrumb\",\"itemListElement\":[{\"@type\":\"ListItem\",\"position\":1,\"name\":\"Home\",\"item\":\"https:\\\/\\\/news.save.ch\\\/de\\\/\"},{\"@type\":\"ListItem\",\"position\":2,\"name\":\"Abraxas: Gutmann wird neuer CEO\"}]},{\"@type\":\"WebSite\",\"@id\":\"https:\\\/\\\/news.save.ch\\\/de\\\/#website\",\"url\":\"https:\\\/\\\/news.save.ch\\\/de\\\/\",\"name\":\"Save\",\"description\":\"Schweizer Fachzeitschrift f\u00fcr Sicherheit\",\"publisher\":{\"@id\":\"https:\\\/\\\/news.save.ch\\\/de\\\/#organization\"},\"potentialAction\":[{\"@type\":\"SearchAction\",\"target\":{\"@type\":\"EntryPoint\",\"urlTemplate\":\"https:\\\/\\\/news.save.ch\\\/de\\\/?s={search_term_string}\"},\"query-input\":{\"@type\":\"PropertyValueSpecification\",\"valueRequired\":true,\"valueName\":\"search_term_string\"}}],\"inLanguage\":\"de\"},{\"@type\":\"Organization\",\"@id\":\"https:\\\/\\\/news.save.ch\\\/de\\\/#organization\",\"name\":\"Sicherheitsforum\",\"url\":\"https:\\\/\\\/news.save.ch\\\/de\\\/\",\"logo\":{\"@type\":\"ImageObject\",\"inLanguage\":\"de\",\"@id\":\"https:\\\/\\\/news.save.ch\\\/de\\\/#\\\/schema\\\/logo\\\/image\\\/\",\"url\":\"https:\\\/\\\/news.save.ch\\\/wp-content\\\/uploads\\\/2022\\\/06\\\/Logo_SF_2012.png\",\"contentUrl\":\"https:\\\/\\\/news.save.ch\\\/wp-content\\\/uploads\\\/2022\\\/06\\\/Logo_SF_2012.png\",\"width\":1100,\"height\":91,\"caption\":\"Sicherheitsforum\"},\"image\":{\"@id\":\"https:\\\/\\\/news.save.ch\\\/de\\\/#\\\/schema\\\/logo\\\/image\\\/\"}},{\"@type\":\"Person\",\"@id\":\"https:\\\/\\\/news.save.ch\\\/de\\\/#\\\/schema\\\/person\\\/d49e199490bad7c70d64b9ab51142f2b\",\"name\":\"admin\",\"image\":{\"@type\":\"ImageObject\",\"inLanguage\":\"de\",\"@id\":\"https:\\\/\\\/secure.gravatar.com\\\/avatar\\\/ae2f4d718e6c49043e314ce431e7e645d646302a24a5ef5a8bc8e3f5a032e319?s=96&d=mm&r=g\",\"url\":\"https:\\\/\\\/secure.gravatar.com\\\/avatar\\\/ae2f4d718e6c49043e314ce431e7e645d646302a24a5ef5a8bc8e3f5a032e319?s=96&d=mm&r=g\",\"contentUrl\":\"https:\\\/\\\/secure.gravatar.com\\\/avatar\\\/ae2f4d718e6c49043e314ce431e7e645d646302a24a5ef5a8bc8e3f5a032e319?s=96&d=mm&r=g\",\"caption\":\"admin\"},\"sameAs\":[\"https:\\\/\\\/develop.organisator.galledia.ch\"],\"url\":\"https:\\\/\\\/news.save.ch\\\/de\\\/author\\\/admin\\\/\"}]}<\/script>\n<!-- \/ Yoast SEO plugin. -->","yoast_head_json":{"title":"Abraxas: Gutmann wird neuer CEO - Save","description":"Per 1. Mai 2016 kommt es in der Gesch\u00e4ftsleitung der Abraxas Informatik AG zu einem Wechsel. Reto Gutmann wird neuer CEO","robots":{"index":"index","follow":"follow","max-snippet":"max-snippet:-1","max-image-preview":"max-image-preview:large","max-video-preview":"max-video-preview:-1"},"canonical":"https:\/\/news.save.ch\/de\/abraxas-gutmann-wird-neuer-ceo\/","og_locale":"de_DE","og_type":"article","og_title":"Abraxas: Gutmann wird neuer CEO","og_description":"Per 1. Mai 2016 kommt es in der Gesch\u00e4ftsleitung der Abraxas Informatik AG zu einem Wechsel.","og_url":"https:\/\/news.save.ch\/de\/abraxas-gutmann-wird-neuer-ceo\/","og_site_name":"Save","article_published_time":"2016-02-10T14:26:47+00:00","article_modified_time":"2023-03-14T07:57:25+00:00","og_image":[{"url":"https:\/\/news.save.ch\/wp-content\/uploads\/2016\/12\/Abraxas-Gutmann-wird-neuer-CEO-reto_gutmann-it-security.jpg","type":"","width":"","height":""}],"author":"admin","twitter_card":"summary_large_image","twitter_misc":{"Geschrieben von":"admin","Gesch\u00e4tzte Lesezeit":"1\u00a0Minute"},"schema":{"@context":"https:\/\/schema.org","@graph":[{"@type":"Article","@id":"https:\/\/news.save.ch\/abraxas-gutmann-wird-neuer-ceo\/#article","isPartOf":{"@id":"https:\/\/news.save.ch\/abraxas-gutmann-wird-neuer-ceo\/"},"author":{"name":"admin","@id":"https:\/\/news.save.ch\/de\/#\/schema\/person\/d49e199490bad7c70d64b9ab51142f2b"},"headline":"Abraxas: Gutmann wird neuer CEO","datePublished":"2016-02-10T14:26:47+00:00","dateModified":"2023-03-14T07:57:25+00:00","mainEntityOfPage":{"@id":"https:\/\/news.save.ch\/abraxas-gutmann-wird-neuer-ceo\/"},"wordCount":180,"commentCount":0,"publisher":{"@id":"https:\/\/news.save.ch\/de\/#organization"},"image":{"@id":"https:\/\/news.save.ch\/abraxas-gutmann-wird-neuer-ceo\/#primaryimage"},"thumbnailUrl":"https:\/\/news.save.ch\/wp-content\/uploads\/2016\/12\/Abraxas-Gutmann-wird-neuer-CEO-reto_gutmann-it-security.jpg","keywords":["IT-SECURITY","Unternehmen"],"articleSection":["DIGITALISIERUNG"],"inLanguage":"de"},{"@type":"WebPage","@id":"https:\/\/news.save.ch\/abraxas-gutmann-wird-neuer-ceo\/","url":"https:\/\/news.save.ch\/abraxas-gutmann-wird-neuer-ceo\/","name":"Abraxas: Gutmann wird neuer CEO - Save","isPartOf":{"@id":"https:\/\/news.save.ch\/de\/#website"},"primaryImageOfPage":{"@id":"https:\/\/news.save.ch\/abraxas-gutmann-wird-neuer-ceo\/#primaryimage"},"image":{"@id":"https:\/\/news.save.ch\/abraxas-gutmann-wird-neuer-ceo\/#primaryimage"},"thumbnailUrl":"https:\/\/news.save.ch\/wp-content\/uploads\/2016\/12\/Abraxas-Gutmann-wird-neuer-CEO-reto_gutmann-it-security.jpg","datePublished":"2016-02-10T14:26:47+00:00","dateModified":"2023-03-14T07:57:25+00:00","description":"Per 1. Mai 2016 kommt es in der Gesch\u00e4ftsleitung der Abraxas Informatik AG zu einem Wechsel. Reto Gutmann wird neuer CEO","breadcrumb":{"@id":"https:\/\/news.save.ch\/abraxas-gutmann-wird-neuer-ceo\/#breadcrumb"},"inLanguage":"de","potentialAction":[{"@type":"ReadAction","target":["https:\/\/news.save.ch\/abraxas-gutmann-wird-neuer-ceo\/"]}]},{"@type":"ImageObject","inLanguage":"de","@id":"https:\/\/news.save.ch\/abraxas-gutmann-wird-neuer-ceo\/#primaryimage","url":"https:\/\/news.save.ch\/wp-content\/uploads\/2016\/12\/Abraxas-Gutmann-wird-neuer-CEO-reto_gutmann-it-security.jpg","contentUrl":"https:\/\/news.save.ch\/wp-content\/uploads\/2016\/12\/Abraxas-Gutmann-wird-neuer-CEO-reto_gutmann-it-security.jpg","width":608,"height":827,"caption":"Reto Gutmann"},{"@type":"BreadcrumbList","@id":"https:\/\/news.save.ch\/abraxas-gutmann-wird-neuer-ceo\/#breadcrumb","itemListElement":[{"@type":"ListItem","position":1,"name":"Home","item":"https:\/\/news.save.ch\/de\/"},{"@type":"ListItem","position":2,"name":"Abraxas: Gutmann wird neuer CEO"}]},{"@type":"WebSite","@id":"https:\/\/news.save.ch\/de\/#website","url":"https:\/\/news.save.ch\/de\/","name":"Save","description":"Schweizer Fachzeitschrift f\u00fcr Sicherheit","publisher":{"@id":"https:\/\/news.save.ch\/de\/#organization"},"potentialAction":[{"@type":"SearchAction","target":{"@type":"EntryPoint","urlTemplate":"https:\/\/news.save.ch\/de\/?s={search_term_string}"},"query-input":{"@type":"PropertyValueSpecification","valueRequired":true,"valueName":"search_term_string"}}],"inLanguage":"de"},{"@type":"Organization","@id":"https:\/\/news.save.ch\/de\/#organization","name":"Sicherheitsforum","url":"https:\/\/news.save.ch\/de\/","logo":{"@type":"ImageObject","inLanguage":"de","@id":"https:\/\/news.save.ch\/de\/#\/schema\/logo\/image\/","url":"https:\/\/news.save.ch\/wp-content\/uploads\/2022\/06\/Logo_SF_2012.png","contentUrl":"https:\/\/news.save.ch\/wp-content\/uploads\/2022\/06\/Logo_SF_2012.png","width":1100,"height":91,"caption":"Sicherheitsforum"},"image":{"@id":"https:\/\/news.save.ch\/de\/#\/schema\/logo\/image\/"}},{"@type":"Person","@id":"https:\/\/news.save.ch\/de\/#\/schema\/person\/d49e199490bad7c70d64b9ab51142f2b","name":"admin","image":{"@type":"ImageObject","inLanguage":"de","@id":"https:\/\/secure.gravatar.com\/avatar\/ae2f4d718e6c49043e314ce431e7e645d646302a24a5ef5a8bc8e3f5a032e319?s=96&d=mm&r=g","url":"https:\/\/secure.gravatar.com\/avatar\/ae2f4d718e6c49043e314ce431e7e645d646302a24a5ef5a8bc8e3f5a032e319?s=96&d=mm&r=g","contentUrl":"https:\/\/secure.gravatar.com\/avatar\/ae2f4d718e6c49043e314ce431e7e645d646302a24a5ef5a8bc8e3f5a032e319?s=96&d=mm&r=g","caption":"admin"},"sameAs":["https:\/\/develop.organisator.galledia.ch"],"url":"https:\/\/news.save.ch\/de\/author\/admin\/"}]}},"_links":{"self":[{"href":"https:\/\/news.save.ch\/de\/wp-json\/wp\/v2\/posts\/1081","targetHints":{"allow":["GET"]}}],"collection":[{"href":"https:\/\/news.save.ch\/de\/wp-json\/wp\/v2\/posts"}],"about":[{"href":"https:\/\/news.save.ch\/de\/wp-json\/wp\/v2\/types\/post"}],"author":[{"embeddable":true,"href":"https:\/\/news.save.ch\/de\/wp-json\/wp\/v2\/users\/1"}],"replies":[{"embeddable":true,"href":"https:\/\/news.save.ch\/de\/wp-json\/wp\/v2\/comments?post=1081"}],"version-history":[{"count":1,"href":"https:\/\/news.save.ch\/de\/wp-json\/wp\/v2\/posts\/1081\/revisions"}],"predecessor-version":[{"id":17667,"href":"https:\/\/news.save.ch\/de\/wp-json\/wp\/v2\/posts\/1081\/revisions\/17667"}],"wp:featuredmedia":[{"embeddable":true,"href":"https:\/\/news.save.ch\/de\/wp-json\/wp\/v2\/media\/1082"}],"wp:attachment":[{"href":"https:\/\/news.save.ch\/de\/wp-json\/wp\/v2\/media?parent=1081"}],"wp:term":[{"taxonomy":"category","embeddable":true,"href":"https:\/\/news.save.ch\/de\/wp-json\/wp\/v2\/categories?post=1081"},{"taxonomy":"post_tag","embeddable":true,"href":"https:\/\/news.save.ch\/de\/wp-json\/wp\/v2\/tags?post=1081"}],"curies":[{"name":"wp","href":"https:\/\/api.w.org\/{rel}","templated":true}]}}