{"id":11183,"date":"2021-01-06T14:36:22","date_gmt":"2021-01-06T13:36:22","guid":{"rendered":"https:\/\/news.save.ch\/?p=11183"},"modified":"2023-08-15T06:28:48","modified_gmt":"2023-08-15T04:28:48","slug":"swiss-safety-center-hat-eine-neue-chefin","status":null,"type":"post","link":"https:\/\/news.save.ch\/de\/swiss-safety-center-hat-eine-neue-chefin\/","title":{"rendered":"Das Swiss Safety Center hat eine neue Chefin"},"content":{"rendered":"<p><img loading=\"lazy\" decoding=\"async\" class=\"alignnone wp-image-11186 size-full\" src=\"https:\/\/news.save.ch\/wp-content\/uploads\/2021\/01\/Elisabetta_Carrea_teaser.jpg\" alt=\"Elisabetta Carrea\" width=\"731\" height=\"579\" srcset=\"https:\/\/news.save.ch\/wp-content\/uploads\/2021\/01\/Elisabetta_Carrea_teaser.jpg 731w, https:\/\/news.save.ch\/wp-content\/uploads\/2021\/01\/Elisabetta_Carrea_teaser-375x297.jpg 375w\" sizes=\"auto, (max-width: 731px) 100vw, 731px\" \/><\/p>\n<p>Der Verwaltungsrat des Swiss Safety Center hat zum Jahresbeginn mit Dr. Elisabetta Carrea eine neue Unternehmensleiterin gek\u00fcrt.\u00a0Elisabetta Carrea stiess laut Mitteilung des Konzerns im M\u00e4rz 2018 zur Swiss Safety Center AG. Zu diesem Zeitpunkt leitete sie bereits erfolgreich den Gesch\u00e4ftsbereich Expertise Services mit Dienstleistungen und Qualifizierungen im Bereich Brandschutz, Umweltsicherheit, Arbeitssicherheit und Integrales Risikomanagement.<\/p>\n<p>Carrea ist promovierte Verfahrensingenieurin und verf\u00fcge \u00fcber langj\u00e4hrige Erfahrung als Projektleiterin im Anlagebau und im Energiebereich. Im Rahmen ihrer neuen Aufgabe st\u00fcnden vor allem die Mitarbeitenden im Fokus, aber auch Kernthemen wie Marktwachstum und Innovationen im Zusammenhang mit Industrie 4.0 und Digitalisierung, wie Swiss Safety Center weiter schreibt.<\/p>\n<p>Raffael Schubiger, Direktor des SVTI, wird Verwaltungsratspr\u00e4sident der Swiss Safety Center AG und konzentriert sich zuk\u00fcnftig auf die strategische F\u00fchrung und Ausrichtung der Unternehmensgruppe, bestehend aus dem SVTI Schweizerischer Verein f\u00fcr technische Inspektionen und der Swiss Safety Center AG.<\/p>\n<p><em>Quelle: Swiss Safety Center\u00a0<\/em><\/p>\n","protected":false},"excerpt":{"rendered":"<p>Der Verwaltungsrat des Swiss Safety Center hat zum Jahresbeginn mit Dr. Elisabetta Carrea eine neue Unternehmensleiterin gek\u00fcrt.\u00a0Elisabetta Carrea stiess laut Mitteilung des Konzerns im M\u00e4rz 2018 zur Swiss Safety Center AG. Zu diesem Zeitpunkt leitete sie bereits erfolgreich den Gesch\u00e4ftsbereich Expertise Services mit Dienstleistungen und Qualifizierungen im Bereich Brandschutz, Umweltsicherheit, Arbeitssicherheit und Integrales Risikomanagement. Carrea [&hellip;]<\/p>\n","protected":false},"author":9,"featured_media":11186,"comment_status":"closed","ping_status":"closed","sticky":false,"template":"","format":"standard","meta":{"_acf_changed":false,"pgc_sgb_lightbox_settings":"","footnotes":""},"categories":[1,67],"tags":[156,5868,5869,446,466,6228],"class_list":["post-11183","post","type-post","status-publish","format-standard","has-post-thumbnail","hentry","category-allgemein","category-brandschutz","tag-brandschutz","tag-elisabetta-carrea","tag-expertise-services","tag-svti","tag-swiss-safety-center","tag-verfahrensingenieurin"],"acf":[],"hkrextid":null,"publication":null,"issue":null,"workflow":null,"startPage":null,"spitzmarke":null,"_posts_by_tag_page_fields":{"widget_title":"","widget_tags":""},"_at_widget":"1","_yoast_wpseo_primary_category":"1","_yoast_wpseo_focuskw_text_input":null,"_yoast_wpseo_opengraph-image":null,"_yoast_wpseo_opengraph-description":null,"_yoast_wpseo_opengraph-title":null,"enclosure":null,"_yoast_wpseo_twitter-title":null,"_yoast_wpseo_twitter-description":null,"_yoast_wpseo_twitter-image":null,"_wp_old_slug":null,"_yoast_wpseo_title":null,"_yoast_wpseo_canonical":null,"yoast_head":"<!-- This site is optimized with the Yoast SEO plugin v27.4 - https:\/\/yoast.com\/product\/yoast-seo-wordpress\/ -->\n<title>Das Swiss Safety Center hat eine neue Chefin - Save<\/title>\n<meta name=\"description\" content=\"Das Swiss Safety Center erh\u00e4lt eine neue Frau an der Spitze. Elisabetta Carrea leitete schon 2018 den Gesch\u00e4ftsbereich Expertise Services im Bereich Brandschutz, Umweltsicherheit, Arbeitssicherheit und Risk Management. Der bisherige CEO, Raffael Schubiger, wird Verwaltungsratspr\u00e4sident des Unternehmens.\" \/>\n<meta name=\"robots\" content=\"index, follow, max-snippet:-1, max-image-preview:large, max-video-preview:-1\" \/>\n<link rel=\"canonical\" href=\"https:\/\/news.save.ch\/de\/swiss-safety-center-hat-eine-neue-chefin\/\" \/>\n<meta property=\"og:locale\" content=\"de_DE\" \/>\n<meta property=\"og:type\" content=\"article\" \/>\n<meta property=\"og:title\" content=\"Das Swiss Safety Center hat eine neue Chefin - Save\" \/>\n<meta property=\"og:description\" content=\"Das Swiss Safety Center erh\u00e4lt eine neue Frau an der Spitze. Elisabetta Carrea leitete schon 2018 den Gesch\u00e4ftsbereich Expertise Services im Bereich Brandschutz, Umweltsicherheit, Arbeitssicherheit und Risk Management. Der bisherige CEO, Raffael Schubiger, wird Verwaltungsratspr\u00e4sident des Unternehmens.\" \/>\n<meta property=\"og:url\" content=\"https:\/\/news.save.ch\/de\/swiss-safety-center-hat-eine-neue-chefin\/\" \/>\n<meta property=\"og:site_name\" content=\"Save\" \/>\n<meta property=\"article:published_time\" content=\"2021-01-06T13:36:22+00:00\" \/>\n<meta property=\"article:modified_time\" content=\"2023-08-15T04:28:48+00:00\" \/>\n<meta property=\"og:image\" content=\"https:\/\/news.save.ch\/wp-content\/uploads\/2021\/01\/Elisabetta_Carrea_teaser.jpg\" \/>\n\t<meta property=\"og:image:width\" content=\"731\" \/>\n\t<meta property=\"og:image:height\" content=\"579\" \/>\n\t<meta property=\"og:image:type\" content=\"image\/jpeg\" \/>\n<meta name=\"author\" content=\"Simon Gr\u00f6flin\" \/>\n<meta name=\"twitter:card\" content=\"summary_large_image\" \/>\n<meta name=\"twitter:label1\" content=\"Geschrieben von\" \/>\n\t<meta name=\"twitter:data1\" content=\"Simon Gr\u00f6flin\" \/>\n\t<meta name=\"twitter:label2\" content=\"Gesch\u00e4tzte Lesezeit\" \/>\n\t<meta name=\"twitter:data2\" content=\"2\u00a0Minuten\" \/>\n<script type=\"application\/ld+json\" class=\"yoast-schema-graph\">{\"@context\":\"https:\\\/\\\/schema.org\",\"@graph\":[{\"@type\":\"Article\",\"@id\":\"https:\\\/\\\/news.save.ch\\\/swiss-safety-center-hat-eine-neue-chefin\\\/#article\",\"isPartOf\":{\"@id\":\"https:\\\/\\\/news.save.ch\\\/swiss-safety-center-hat-eine-neue-chefin\\\/\"},\"author\":{\"name\":\"Simon Gr\u00f6flin\",\"@id\":\"https:\\\/\\\/news.save.ch\\\/de\\\/#\\\/schema\\\/person\\\/ad4ef21102fd6125312409ac57d5296d\"},\"headline\":\"Das Swiss Safety Center hat eine neue Chefin\",\"datePublished\":\"2021-01-06T13:36:22+00:00\",\"dateModified\":\"2023-08-15T04:28:48+00:00\",\"mainEntityOfPage\":{\"@id\":\"https:\\\/\\\/news.save.ch\\\/swiss-safety-center-hat-eine-neue-chefin\\\/\"},\"wordCount\":162,\"publisher\":{\"@id\":\"https:\\\/\\\/news.save.ch\\\/de\\\/#organization\"},\"image\":{\"@id\":\"https:\\\/\\\/news.save.ch\\\/swiss-safety-center-hat-eine-neue-chefin\\\/#primaryimage\"},\"thumbnailUrl\":\"https:\\\/\\\/news.save.ch\\\/wp-content\\\/uploads\\\/2021\\\/01\\\/Elisabetta_Carrea_teaser.jpg\",\"keywords\":[\"Brandschutz\",\"Elisabetta Carrea\",\"Expertise Services\",\"SVTI\",\"Swiss Safety Center\",\"Verfahrensingenieurin\"],\"articleSection\":[\"ALLGEMEIN\",\"BRANDSCHUTZ\"],\"inLanguage\":\"de\"},{\"@type\":\"WebPage\",\"@id\":\"https:\\\/\\\/news.save.ch\\\/swiss-safety-center-hat-eine-neue-chefin\\\/\",\"url\":\"https:\\\/\\\/news.save.ch\\\/swiss-safety-center-hat-eine-neue-chefin\\\/\",\"name\":\"Das Swiss Safety Center hat eine neue Chefin - Save\",\"isPartOf\":{\"@id\":\"https:\\\/\\\/news.save.ch\\\/de\\\/#website\"},\"primaryImageOfPage\":{\"@id\":\"https:\\\/\\\/news.save.ch\\\/swiss-safety-center-hat-eine-neue-chefin\\\/#primaryimage\"},\"image\":{\"@id\":\"https:\\\/\\\/news.save.ch\\\/swiss-safety-center-hat-eine-neue-chefin\\\/#primaryimage\"},\"thumbnailUrl\":\"https:\\\/\\\/news.save.ch\\\/wp-content\\\/uploads\\\/2021\\\/01\\\/Elisabetta_Carrea_teaser.jpg\",\"datePublished\":\"2021-01-06T13:36:22+00:00\",\"dateModified\":\"2023-08-15T04:28:48+00:00\",\"description\":\"Das Swiss Safety Center erh\u00e4lt eine neue Frau an der Spitze. Elisabetta Carrea leitete schon 2018 den Gesch\u00e4ftsbereich Expertise Services im Bereich Brandschutz, Umweltsicherheit, Arbeitssicherheit und Risk Management. Der bisherige CEO, Raffael Schubiger, wird Verwaltungsratspr\u00e4sident des Unternehmens.\",\"breadcrumb\":{\"@id\":\"https:\\\/\\\/news.save.ch\\\/swiss-safety-center-hat-eine-neue-chefin\\\/#breadcrumb\"},\"inLanguage\":\"de\",\"potentialAction\":[{\"@type\":\"ReadAction\",\"target\":[\"https:\\\/\\\/news.save.ch\\\/swiss-safety-center-hat-eine-neue-chefin\\\/\"]}]},{\"@type\":\"ImageObject\",\"inLanguage\":\"de\",\"@id\":\"https:\\\/\\\/news.save.ch\\\/swiss-safety-center-hat-eine-neue-chefin\\\/#primaryimage\",\"url\":\"https:\\\/\\\/news.save.ch\\\/wp-content\\\/uploads\\\/2021\\\/01\\\/Elisabetta_Carrea_teaser.jpg\",\"contentUrl\":\"https:\\\/\\\/news.save.ch\\\/wp-content\\\/uploads\\\/2021\\\/01\\\/Elisabetta_Carrea_teaser.jpg\",\"width\":731,\"height\":579,\"caption\":\"Elisabetta Carrera ist neuer CEO im Swiss Safety Center\"},{\"@type\":\"BreadcrumbList\",\"@id\":\"https:\\\/\\\/news.save.ch\\\/swiss-safety-center-hat-eine-neue-chefin\\\/#breadcrumb\",\"itemListElement\":[{\"@type\":\"ListItem\",\"position\":1,\"name\":\"Home\",\"item\":\"https:\\\/\\\/news.save.ch\\\/de\\\/\"},{\"@type\":\"ListItem\",\"position\":2,\"name\":\"Das Swiss Safety Center hat eine neue Chefin\"}]},{\"@type\":\"WebSite\",\"@id\":\"https:\\\/\\\/news.save.ch\\\/de\\\/#website\",\"url\":\"https:\\\/\\\/news.save.ch\\\/de\\\/\",\"name\":\"Save\",\"description\":\"Schweizer Fachzeitschrift f\u00fcr Sicherheit\",\"publisher\":{\"@id\":\"https:\\\/\\\/news.save.ch\\\/de\\\/#organization\"},\"potentialAction\":[{\"@type\":\"SearchAction\",\"target\":{\"@type\":\"EntryPoint\",\"urlTemplate\":\"https:\\\/\\\/news.save.ch\\\/de\\\/?s={search_term_string}\"},\"query-input\":{\"@type\":\"PropertyValueSpecification\",\"valueRequired\":true,\"valueName\":\"search_term_string\"}}],\"inLanguage\":\"de\"},{\"@type\":\"Organization\",\"@id\":\"https:\\\/\\\/news.save.ch\\\/de\\\/#organization\",\"name\":\"Sicherheitsforum\",\"url\":\"https:\\\/\\\/news.save.ch\\\/de\\\/\",\"logo\":{\"@type\":\"ImageObject\",\"inLanguage\":\"de\",\"@id\":\"https:\\\/\\\/news.save.ch\\\/de\\\/#\\\/schema\\\/logo\\\/image\\\/\",\"url\":\"https:\\\/\\\/news.save.ch\\\/wp-content\\\/uploads\\\/2022\\\/06\\\/Logo_SF_2012.png\",\"contentUrl\":\"https:\\\/\\\/news.save.ch\\\/wp-content\\\/uploads\\\/2022\\\/06\\\/Logo_SF_2012.png\",\"width\":1100,\"height\":91,\"caption\":\"Sicherheitsforum\"},\"image\":{\"@id\":\"https:\\\/\\\/news.save.ch\\\/de\\\/#\\\/schema\\\/logo\\\/image\\\/\"}},{\"@type\":\"Person\",\"@id\":\"https:\\\/\\\/news.save.ch\\\/de\\\/#\\\/schema\\\/person\\\/ad4ef21102fd6125312409ac57d5296d\",\"name\":\"Simon Gr\u00f6flin\",\"image\":{\"@type\":\"ImageObject\",\"inLanguage\":\"de\",\"@id\":\"https:\\\/\\\/secure.gravatar.com\\\/avatar\\\/6ddceb80eb734354635539e0ea5140bb7c41e42de7c45c9a2ab9921b5d5c9a83?s=96&d=mm&r=g\",\"url\":\"https:\\\/\\\/secure.gravatar.com\\\/avatar\\\/6ddceb80eb734354635539e0ea5140bb7c41e42de7c45c9a2ab9921b5d5c9a83?s=96&d=mm&r=g\",\"contentUrl\":\"https:\\\/\\\/secure.gravatar.com\\\/avatar\\\/6ddceb80eb734354635539e0ea5140bb7c41e42de7c45c9a2ab9921b5d5c9a83?s=96&d=mm&r=g\",\"caption\":\"Simon Gr\u00f6flin\"},\"url\":\"https:\\\/\\\/news.save.ch\\\/de\\\/author\\\/simon-groeflin\\\/\"}]}<\/script>\n<!-- \/ Yoast SEO plugin. -->","yoast_head_json":{"title":"Das Swiss Safety Center hat eine neue Chefin - Save","description":"Das Swiss Safety Center erh\u00e4lt eine neue Frau an der Spitze. Elisabetta Carrea leitete schon 2018 den Gesch\u00e4ftsbereich Expertise Services im Bereich Brandschutz, Umweltsicherheit, Arbeitssicherheit und Risk Management. Der bisherige CEO, Raffael Schubiger, wird Verwaltungsratspr\u00e4sident des Unternehmens.","robots":{"index":"index","follow":"follow","max-snippet":"max-snippet:-1","max-image-preview":"max-image-preview:large","max-video-preview":"max-video-preview:-1"},"canonical":"https:\/\/news.save.ch\/de\/swiss-safety-center-hat-eine-neue-chefin\/","og_locale":"de_DE","og_type":"article","og_title":"Das Swiss Safety Center hat eine neue Chefin - Save","og_description":"Das Swiss Safety Center erh\u00e4lt eine neue Frau an der Spitze. Elisabetta Carrea leitete schon 2018 den Gesch\u00e4ftsbereich Expertise Services im Bereich Brandschutz, Umweltsicherheit, Arbeitssicherheit und Risk Management. Der bisherige CEO, Raffael Schubiger, wird Verwaltungsratspr\u00e4sident des Unternehmens.","og_url":"https:\/\/news.save.ch\/de\/swiss-safety-center-hat-eine-neue-chefin\/","og_site_name":"Save","article_published_time":"2021-01-06T13:36:22+00:00","article_modified_time":"2023-08-15T04:28:48+00:00","og_image":[{"width":731,"height":579,"url":"https:\/\/news.save.ch\/wp-content\/uploads\/2021\/01\/Elisabetta_Carrea_teaser.jpg","type":"image\/jpeg"}],"author":"Simon Gr\u00f6flin","twitter_card":"summary_large_image","twitter_misc":{"Geschrieben von":"Simon Gr\u00f6flin","Gesch\u00e4tzte Lesezeit":"2\u00a0Minuten"},"schema":{"@context":"https:\/\/schema.org","@graph":[{"@type":"Article","@id":"https:\/\/news.save.ch\/swiss-safety-center-hat-eine-neue-chefin\/#article","isPartOf":{"@id":"https:\/\/news.save.ch\/swiss-safety-center-hat-eine-neue-chefin\/"},"author":{"name":"Simon Gr\u00f6flin","@id":"https:\/\/news.save.ch\/de\/#\/schema\/person\/ad4ef21102fd6125312409ac57d5296d"},"headline":"Das Swiss Safety Center hat eine neue Chefin","datePublished":"2021-01-06T13:36:22+00:00","dateModified":"2023-08-15T04:28:48+00:00","mainEntityOfPage":{"@id":"https:\/\/news.save.ch\/swiss-safety-center-hat-eine-neue-chefin\/"},"wordCount":162,"publisher":{"@id":"https:\/\/news.save.ch\/de\/#organization"},"image":{"@id":"https:\/\/news.save.ch\/swiss-safety-center-hat-eine-neue-chefin\/#primaryimage"},"thumbnailUrl":"https:\/\/news.save.ch\/wp-content\/uploads\/2021\/01\/Elisabetta_Carrea_teaser.jpg","keywords":["Brandschutz","Elisabetta Carrea","Expertise Services","SVTI","Swiss Safety Center","Verfahrensingenieurin"],"articleSection":["ALLGEMEIN","BRANDSCHUTZ"],"inLanguage":"de"},{"@type":"WebPage","@id":"https:\/\/news.save.ch\/swiss-safety-center-hat-eine-neue-chefin\/","url":"https:\/\/news.save.ch\/swiss-safety-center-hat-eine-neue-chefin\/","name":"Das Swiss Safety Center hat eine neue Chefin - Save","isPartOf":{"@id":"https:\/\/news.save.ch\/de\/#website"},"primaryImageOfPage":{"@id":"https:\/\/news.save.ch\/swiss-safety-center-hat-eine-neue-chefin\/#primaryimage"},"image":{"@id":"https:\/\/news.save.ch\/swiss-safety-center-hat-eine-neue-chefin\/#primaryimage"},"thumbnailUrl":"https:\/\/news.save.ch\/wp-content\/uploads\/2021\/01\/Elisabetta_Carrea_teaser.jpg","datePublished":"2021-01-06T13:36:22+00:00","dateModified":"2023-08-15T04:28:48+00:00","description":"Das Swiss Safety Center erh\u00e4lt eine neue Frau an der Spitze. Elisabetta Carrea leitete schon 2018 den Gesch\u00e4ftsbereich Expertise Services im Bereich Brandschutz, Umweltsicherheit, Arbeitssicherheit und Risk Management. Der bisherige CEO, Raffael Schubiger, wird Verwaltungsratspr\u00e4sident des Unternehmens.","breadcrumb":{"@id":"https:\/\/news.save.ch\/swiss-safety-center-hat-eine-neue-chefin\/#breadcrumb"},"inLanguage":"de","potentialAction":[{"@type":"ReadAction","target":["https:\/\/news.save.ch\/swiss-safety-center-hat-eine-neue-chefin\/"]}]},{"@type":"ImageObject","inLanguage":"de","@id":"https:\/\/news.save.ch\/swiss-safety-center-hat-eine-neue-chefin\/#primaryimage","url":"https:\/\/news.save.ch\/wp-content\/uploads\/2021\/01\/Elisabetta_Carrea_teaser.jpg","contentUrl":"https:\/\/news.save.ch\/wp-content\/uploads\/2021\/01\/Elisabetta_Carrea_teaser.jpg","width":731,"height":579,"caption":"Elisabetta Carrera ist neuer CEO im Swiss Safety Center"},{"@type":"BreadcrumbList","@id":"https:\/\/news.save.ch\/swiss-safety-center-hat-eine-neue-chefin\/#breadcrumb","itemListElement":[{"@type":"ListItem","position":1,"name":"Home","item":"https:\/\/news.save.ch\/de\/"},{"@type":"ListItem","position":2,"name":"Das Swiss Safety Center hat eine neue Chefin"}]},{"@type":"WebSite","@id":"https:\/\/news.save.ch\/de\/#website","url":"https:\/\/news.save.ch\/de\/","name":"Save","description":"Schweizer Fachzeitschrift f\u00fcr Sicherheit","publisher":{"@id":"https:\/\/news.save.ch\/de\/#organization"},"potentialAction":[{"@type":"SearchAction","target":{"@type":"EntryPoint","urlTemplate":"https:\/\/news.save.ch\/de\/?s={search_term_string}"},"query-input":{"@type":"PropertyValueSpecification","valueRequired":true,"valueName":"search_term_string"}}],"inLanguage":"de"},{"@type":"Organization","@id":"https:\/\/news.save.ch\/de\/#organization","name":"Sicherheitsforum","url":"https:\/\/news.save.ch\/de\/","logo":{"@type":"ImageObject","inLanguage":"de","@id":"https:\/\/news.save.ch\/de\/#\/schema\/logo\/image\/","url":"https:\/\/news.save.ch\/wp-content\/uploads\/2022\/06\/Logo_SF_2012.png","contentUrl":"https:\/\/news.save.ch\/wp-content\/uploads\/2022\/06\/Logo_SF_2012.png","width":1100,"height":91,"caption":"Sicherheitsforum"},"image":{"@id":"https:\/\/news.save.ch\/de\/#\/schema\/logo\/image\/"}},{"@type":"Person","@id":"https:\/\/news.save.ch\/de\/#\/schema\/person\/ad4ef21102fd6125312409ac57d5296d","name":"Simon Gr\u00f6flin","image":{"@type":"ImageObject","inLanguage":"de","@id":"https:\/\/secure.gravatar.com\/avatar\/6ddceb80eb734354635539e0ea5140bb7c41e42de7c45c9a2ab9921b5d5c9a83?s=96&d=mm&r=g","url":"https:\/\/secure.gravatar.com\/avatar\/6ddceb80eb734354635539e0ea5140bb7c41e42de7c45c9a2ab9921b5d5c9a83?s=96&d=mm&r=g","contentUrl":"https:\/\/secure.gravatar.com\/avatar\/6ddceb80eb734354635539e0ea5140bb7c41e42de7c45c9a2ab9921b5d5c9a83?s=96&d=mm&r=g","caption":"Simon Gr\u00f6flin"},"url":"https:\/\/news.save.ch\/de\/author\/simon-groeflin\/"}]}},"_links":{"self":[{"href":"https:\/\/news.save.ch\/de\/wp-json\/wp\/v2\/posts\/11183","targetHints":{"allow":["GET"]}}],"collection":[{"href":"https:\/\/news.save.ch\/de\/wp-json\/wp\/v2\/posts"}],"about":[{"href":"https:\/\/news.save.ch\/de\/wp-json\/wp\/v2\/types\/post"}],"author":[{"embeddable":true,"href":"https:\/\/news.save.ch\/de\/wp-json\/wp\/v2\/users\/9"}],"replies":[{"embeddable":true,"href":"https:\/\/news.save.ch\/de\/wp-json\/wp\/v2\/comments?post=11183"}],"version-history":[{"count":3,"href":"https:\/\/news.save.ch\/de\/wp-json\/wp\/v2\/posts\/11183\/revisions"}],"predecessor-version":[{"id":21800,"href":"https:\/\/news.save.ch\/de\/wp-json\/wp\/v2\/posts\/11183\/revisions\/21800"}],"wp:featuredmedia":[{"embeddable":true,"href":"https:\/\/news.save.ch\/de\/wp-json\/wp\/v2\/media\/11186"}],"wp:attachment":[{"href":"https:\/\/news.save.ch\/de\/wp-json\/wp\/v2\/media?parent=11183"}],"wp:term":[{"taxonomy":"category","embeddable":true,"href":"https:\/\/news.save.ch\/de\/wp-json\/wp\/v2\/categories?post=11183"},{"taxonomy":"post_tag","embeddable":true,"href":"https:\/\/news.save.ch\/de\/wp-json\/wp\/v2\/tags?post=11183"}],"curies":[{"name":"wp","href":"https:\/\/api.w.org\/{rel}","templated":true}]}}