{"id":11299,"date":"2021-01-18T09:00:07","date_gmt":"2021-01-18T08:00:07","guid":{"rendered":"https:\/\/news.save.ch\/?p=11299"},"modified":"2023-07-22T18:27:10","modified_gmt":"2023-07-22T16:27:10","slug":"umstrittene-brennelemente-beim-akw-leibstadt","status":null,"type":"post","link":"https:\/\/news.save.ch\/de\/umstrittene-brennelemente-beim-akw-leibstadt\/","title":{"rendered":"Umstrittene Brennelemente beim AKW Leibstadt"},"content":{"rendered":"<figure id=\"attachment_9014\" aria-describedby=\"caption-attachment-9014\" style=\"width: 1400px\" class=\"wp-caption alignnone\"><img loading=\"lazy\" decoding=\"async\" class=\"wp-image-9014 size-full\" src=\"https:\/\/news.save.ch\/wp-content\/uploads\/2019\/11\/Depositphotos_223779350_l-2015-scaled.jpg\" alt=\"AKW Leibstadt\" width=\"1400\" height=\"1050\" srcset=\"https:\/\/news.save.ch\/wp-content\/uploads\/2019\/11\/Depositphotos_223779350_l-2015-scaled.jpg 1400w, https:\/\/news.save.ch\/wp-content\/uploads\/2019\/11\/Depositphotos_223779350_l-2015-375x281.jpg 375w\" sizes=\"auto, (max-width: 1400px) 100vw, 1400px\" \/><figcaption id=\"caption-attachment-9014\" class=\"wp-caption-text\">\u00a9 depositphotos, PirenX<\/figcaption><\/figure>\n<p>Laut eines Berichts der Berliner Tageszeitung \u00ab<a href=\"https:\/\/taz.de\/Empoerung-ueber-Brennelement-Transport\/!5743502\/\" target=\"_blank\" rel=\"noopener\">taz<\/a>\u00bb droht der deutschen Firma Framatome, welche Brennelemente herstellt, eine <a href=\"https:\/\/www.bund-bawue.de\/service\/meldungen\/detail\/news\/bund-stellt-strafanzeige-wegen-des-verdachts-auf-illegalen-export-von-kernbrennstoffen\/\" target=\"_blank\" rel=\"noopener\">Anzeige<\/a> von dem deutschen Bund f\u00fcr Umwelt und Naturschutz Baden-W\u00fcrttemberg. Der Vorwurf: Im Dezember seien Brennelemente ohne Exportbewilligung ans Atomkraftwerk Leibstadt ausgeliefert worden.<\/p>\n<p>Die AKW-Betreiber widersprechen jedoch. Laut eines Sprechers gegen\u00fcber der \u00ab<a href=\"https:\/\/www.aargauerzeitung.ch\/aargau\/kanton-aargau\/bewilligt-oder-nicht-streit-um-lieferung-von-brennelementen-ans-akw-leibstadt-140453087\" target=\"_blank\" rel=\"noopener\">Aargauer Zeitung<\/a>\u00bb sollen die 72 Brennelemente vom Dezember durch eine Ausfuhrbewilligung abgedeckt sein, welche das deutsche Bundesamt f\u00fcr Wirtschaft und Ausfuhrkontrolle von dem Lieferanten erhalten habe. Auch die Transportgenehmigung liege vor, so das AKW Leibstadt.<\/p>\n<h2>M\u00f6gliche Freiheitsstrafe von bis zu f\u00fcnf Jahren<\/h2>\n<p>Jedoch d\u00fcrfte die rechtliche Auseinandersetzung, die sich schon seit mehreren Monaten hinzieht, das AKW noch weiterhin besch\u00e4ftigen. Derzeit wird \u00fcber den Widerspruch aus Baden-W\u00fcrttemberg vor dem Verwaltungsgericht in Frankfurt verhandelt.\u00a0Gem\u00e4ss dem deutschen Strafgesetzbuch droht beim ungenehmigten Export von Kernbrennstoffen eine Freiheitsstrafe von bis zu f\u00fcnf Jahren.<\/p>\n<p>Da der eingereichte Widerspruch gegen die Exportbewilligung, anders als in einem Fall bei Belgien, nicht von Einzelpersonen ausgeht, sondern von einem klageberechtigten Umweltverband, ist die Ausgangslage im Fall der Schweiz anders. Es zweifeln in Deutschland sowohl die Umweltorganisation als auch die zust\u00e4ndige Aufsichtsbeh\u00f6rde des Brennelemente-Exports in die Schweiz.<\/p>\n<p>Wird dem franz\u00f6sischen Atomkonzern Framatome die Zuverl\u00e4ssigkeit aberkannt, d\u00fcrfte dieser auch keine sonstigen Transporte mehr durchf\u00fchren.<\/p>\n<p><em>Quellen: Infosperber, \u00abtaz\u00bb, Aargauer Zeitung<\/em><\/p>\n","protected":false},"excerpt":{"rendered":"<p>Laut eines Berichts der Berliner Tageszeitung \u00abtaz\u00bb droht der deutschen Firma Framatome, welche Brennelemente herstellt, eine Anzeige von dem deutschen Bund f\u00fcr Umwelt und Naturschutz Baden-W\u00fcrttemberg. Der Vorwurf: Im Dezember seien Brennelemente ohne Exportbewilligung ans Atomkraftwerk Leibstadt ausgeliefert worden. Die AKW-Betreiber widersprechen jedoch. Laut eines Sprechers gegen\u00fcber der \u00abAargauer Zeitung\u00bb sollen die 72 Brennelemente vom [&hellip;]<\/p>\n","protected":false},"author":9,"featured_media":9014,"comment_status":"closed","ping_status":"closed","sticky":false,"template":"","format":"standard","meta":{"_acf_changed":false,"pgc_sgb_lightbox_settings":"","footnotes":""},"categories":[67,3312],"tags":[599,374,5850,5851,5848,5849,5847,1155],"class_list":["post-11299","post","type-post","status-publish","format-standard","has-post-thumbnail","hentry","category-brandschutz","category-sicherheit","tag-akw","tag-atomkraftwerk","tag-atomkraftwerk-leibstadt","tag-brennelemente","tag-bund-fuer-umwelt-und-naturschutz-baden-wuerttemberg","tag-exportbewilligung","tag-framatome","tag-leibstadt"],"acf":[],"hkrextid":null,"publication":null,"issue":null,"workflow":null,"startPage":null,"spitzmarke":null,"_posts_by_tag_page_fields":{"widget_title":"","widget_tags":""},"_at_widget":"1","_yoast_wpseo_primary_category":"","_yoast_wpseo_focuskw_text_input":null,"_yoast_wpseo_opengraph-image":null,"_yoast_wpseo_opengraph-description":null,"_yoast_wpseo_opengraph-title":null,"enclosure":null,"_yoast_wpseo_twitter-title":null,"_yoast_wpseo_twitter-description":null,"_yoast_wpseo_twitter-image":null,"_wp_old_slug":null,"_yoast_wpseo_title":null,"_yoast_wpseo_canonical":null,"yoast_head":"<!-- This site is optimized with the Yoast SEO plugin v27.5 - https:\/\/yoast.com\/product\/yoast-seo-wordpress\/ -->\n<title>Umstrittene Brennelemente beim AKW Leibstadt - Save<\/title>\n<meta name=\"description\" content=\"Das AKW Leibstadt soll im vergangenen Dezember ohne Ausfuhrbewilligung Brennelemente einer Firma aus Deutschland erhalten haben. Der Bund f\u00fcr Umwelt und Naturschutz Baden-W\u00fcrttemberg hat eine Anzeige eingereicht.\" \/>\n<meta name=\"robots\" content=\"index, follow, max-snippet:-1, max-image-preview:large, max-video-preview:-1\" \/>\n<link rel=\"canonical\" href=\"https:\/\/news.save.ch\/de\/umstrittene-brennelemente-beim-akw-leibstadt\/\" \/>\n<meta property=\"og:locale\" content=\"de_DE\" \/>\n<meta property=\"og:type\" content=\"article\" \/>\n<meta property=\"og:title\" content=\"Umstrittene Brennelemente beim AKW Leibstadt - Save\" \/>\n<meta property=\"og:description\" content=\"Das AKW Leibstadt soll im vergangenen Dezember ohne Ausfuhrbewilligung Brennelemente einer Firma aus Deutschland erhalten haben. Der Bund f\u00fcr Umwelt und Naturschutz Baden-W\u00fcrttemberg hat eine Anzeige eingereicht.\" \/>\n<meta property=\"og:url\" content=\"https:\/\/news.save.ch\/de\/umstrittene-brennelemente-beim-akw-leibstadt\/\" \/>\n<meta property=\"og:site_name\" content=\"Save\" \/>\n<meta property=\"article:published_time\" content=\"2021-01-18T08:00:07+00:00\" \/>\n<meta property=\"article:modified_time\" content=\"2023-07-22T16:27:10+00:00\" \/>\n<meta property=\"og:image\" content=\"https:\/\/news.save.ch\/wp-content\/uploads\/2019\/11\/Depositphotos_223779350_l-2015-scaled.jpg\" \/>\n\t<meta property=\"og:image:width\" content=\"1400\" \/>\n\t<meta property=\"og:image:height\" content=\"1050\" \/>\n\t<meta property=\"og:image:type\" content=\"image\/jpeg\" \/>\n<meta name=\"author\" content=\"Simon Gr\u00f6flin\" \/>\n<meta name=\"twitter:card\" content=\"summary_large_image\" \/>\n<meta name=\"twitter:label1\" content=\"Geschrieben von\" \/>\n\t<meta name=\"twitter:data1\" content=\"Simon Gr\u00f6flin\" \/>\n\t<meta name=\"twitter:label2\" content=\"Gesch\u00e4tzte Lesezeit\" \/>\n\t<meta name=\"twitter:data2\" content=\"2\u00a0Minuten\" \/>\n<script type=\"application\/ld+json\" class=\"yoast-schema-graph\">{\"@context\":\"https:\\\/\\\/schema.org\",\"@graph\":[{\"@type\":\"Article\",\"@id\":\"https:\\\/\\\/news.save.ch\\\/umstrittene-brennelemente-beim-akw-leibstadt\\\/#article\",\"isPartOf\":{\"@id\":\"https:\\\/\\\/news.save.ch\\\/umstrittene-brennelemente-beim-akw-leibstadt\\\/\"},\"author\":{\"name\":\"Simon Gr\u00f6flin\",\"@id\":\"https:\\\/\\\/news.save.ch\\\/de\\\/#\\\/schema\\\/person\\\/ad4ef21102fd6125312409ac57d5296d\"},\"headline\":\"Umstrittene Brennelemente beim AKW Leibstadt\",\"datePublished\":\"2021-01-18T08:00:07+00:00\",\"dateModified\":\"2023-07-22T16:27:10+00:00\",\"mainEntityOfPage\":{\"@id\":\"https:\\\/\\\/news.save.ch\\\/umstrittene-brennelemente-beim-akw-leibstadt\\\/\"},\"wordCount\":236,\"publisher\":{\"@id\":\"https:\\\/\\\/news.save.ch\\\/de\\\/#organization\"},\"image\":{\"@id\":\"https:\\\/\\\/news.save.ch\\\/umstrittene-brennelemente-beim-akw-leibstadt\\\/#primaryimage\"},\"thumbnailUrl\":\"https:\\\/\\\/news.save.ch\\\/wp-content\\\/uploads\\\/2019\\\/11\\\/Depositphotos_223779350_l-2015-scaled.jpg\",\"keywords\":[\"AKW\",\"Atomkraftwerk\",\"Atomkraftwerk Leibstadt\",\"Brennelemente\",\"Bund f\u00fcr Umwelt und Naturschutz Baden-W\u00fcrttemberg\",\"Exportbewilligung\",\"Framatome\",\"Leibstadt\"],\"articleSection\":[\"BRANDSCHUTZ\",\"SICHERHEIT\"],\"inLanguage\":\"de\"},{\"@type\":\"WebPage\",\"@id\":\"https:\\\/\\\/news.save.ch\\\/umstrittene-brennelemente-beim-akw-leibstadt\\\/\",\"url\":\"https:\\\/\\\/news.save.ch\\\/umstrittene-brennelemente-beim-akw-leibstadt\\\/\",\"name\":\"Umstrittene Brennelemente beim AKW Leibstadt - Save\",\"isPartOf\":{\"@id\":\"https:\\\/\\\/news.save.ch\\\/de\\\/#website\"},\"primaryImageOfPage\":{\"@id\":\"https:\\\/\\\/news.save.ch\\\/umstrittene-brennelemente-beim-akw-leibstadt\\\/#primaryimage\"},\"image\":{\"@id\":\"https:\\\/\\\/news.save.ch\\\/umstrittene-brennelemente-beim-akw-leibstadt\\\/#primaryimage\"},\"thumbnailUrl\":\"https:\\\/\\\/news.save.ch\\\/wp-content\\\/uploads\\\/2019\\\/11\\\/Depositphotos_223779350_l-2015-scaled.jpg\",\"datePublished\":\"2021-01-18T08:00:07+00:00\",\"dateModified\":\"2023-07-22T16:27:10+00:00\",\"description\":\"Das AKW Leibstadt soll im vergangenen Dezember ohne Ausfuhrbewilligung Brennelemente einer Firma aus Deutschland erhalten haben. Der Bund f\u00fcr Umwelt und Naturschutz Baden-W\u00fcrttemberg hat eine Anzeige eingereicht.\",\"breadcrumb\":{\"@id\":\"https:\\\/\\\/news.save.ch\\\/umstrittene-brennelemente-beim-akw-leibstadt\\\/#breadcrumb\"},\"inLanguage\":\"de\",\"potentialAction\":[{\"@type\":\"ReadAction\",\"target\":[\"https:\\\/\\\/news.save.ch\\\/umstrittene-brennelemente-beim-akw-leibstadt\\\/\"]}]},{\"@type\":\"ImageObject\",\"inLanguage\":\"de\",\"@id\":\"https:\\\/\\\/news.save.ch\\\/umstrittene-brennelemente-beim-akw-leibstadt\\\/#primaryimage\",\"url\":\"https:\\\/\\\/news.save.ch\\\/wp-content\\\/uploads\\\/2019\\\/11\\\/Depositphotos_223779350_l-2015-scaled.jpg\",\"contentUrl\":\"https:\\\/\\\/news.save.ch\\\/wp-content\\\/uploads\\\/2019\\\/11\\\/Depositphotos_223779350_l-2015-scaled.jpg\",\"width\":1400,\"height\":1050,\"caption\":\"\u00a9 depositphotos, PirenX\"},{\"@type\":\"BreadcrumbList\",\"@id\":\"https:\\\/\\\/news.save.ch\\\/umstrittene-brennelemente-beim-akw-leibstadt\\\/#breadcrumb\",\"itemListElement\":[{\"@type\":\"ListItem\",\"position\":1,\"name\":\"Home\",\"item\":\"https:\\\/\\\/news.save.ch\\\/de\\\/\"},{\"@type\":\"ListItem\",\"position\":2,\"name\":\"Umstrittene Brennelemente beim AKW Leibstadt\"}]},{\"@type\":\"WebSite\",\"@id\":\"https:\\\/\\\/news.save.ch\\\/de\\\/#website\",\"url\":\"https:\\\/\\\/news.save.ch\\\/de\\\/\",\"name\":\"Save\",\"description\":\"Schweizer Fachzeitschrift f\u00fcr Sicherheit\",\"publisher\":{\"@id\":\"https:\\\/\\\/news.save.ch\\\/de\\\/#organization\"},\"potentialAction\":[{\"@type\":\"SearchAction\",\"target\":{\"@type\":\"EntryPoint\",\"urlTemplate\":\"https:\\\/\\\/news.save.ch\\\/de\\\/?s={search_term_string}\"},\"query-input\":{\"@type\":\"PropertyValueSpecification\",\"valueRequired\":true,\"valueName\":\"search_term_string\"}}],\"inLanguage\":\"de\"},{\"@type\":\"Organization\",\"@id\":\"https:\\\/\\\/news.save.ch\\\/de\\\/#organization\",\"name\":\"Sicherheitsforum\",\"url\":\"https:\\\/\\\/news.save.ch\\\/de\\\/\",\"logo\":{\"@type\":\"ImageObject\",\"inLanguage\":\"de\",\"@id\":\"https:\\\/\\\/news.save.ch\\\/de\\\/#\\\/schema\\\/logo\\\/image\\\/\",\"url\":\"https:\\\/\\\/news.save.ch\\\/wp-content\\\/uploads\\\/2022\\\/06\\\/Logo_SF_2012.png\",\"contentUrl\":\"https:\\\/\\\/news.save.ch\\\/wp-content\\\/uploads\\\/2022\\\/06\\\/Logo_SF_2012.png\",\"width\":1100,\"height\":91,\"caption\":\"Sicherheitsforum\"},\"image\":{\"@id\":\"https:\\\/\\\/news.save.ch\\\/de\\\/#\\\/schema\\\/logo\\\/image\\\/\"}},{\"@type\":\"Person\",\"@id\":\"https:\\\/\\\/news.save.ch\\\/de\\\/#\\\/schema\\\/person\\\/ad4ef21102fd6125312409ac57d5296d\",\"name\":\"Simon Gr\u00f6flin\",\"image\":{\"@type\":\"ImageObject\",\"inLanguage\":\"de\",\"@id\":\"https:\\\/\\\/secure.gravatar.com\\\/avatar\\\/6ddceb80eb734354635539e0ea5140bb7c41e42de7c45c9a2ab9921b5d5c9a83?s=96&d=mm&r=g\",\"url\":\"https:\\\/\\\/secure.gravatar.com\\\/avatar\\\/6ddceb80eb734354635539e0ea5140bb7c41e42de7c45c9a2ab9921b5d5c9a83?s=96&d=mm&r=g\",\"contentUrl\":\"https:\\\/\\\/secure.gravatar.com\\\/avatar\\\/6ddceb80eb734354635539e0ea5140bb7c41e42de7c45c9a2ab9921b5d5c9a83?s=96&d=mm&r=g\",\"caption\":\"Simon Gr\u00f6flin\"},\"url\":\"https:\\\/\\\/news.save.ch\\\/de\\\/author\\\/simon-groeflin\\\/\"}]}<\/script>\n<!-- \/ Yoast SEO plugin. -->","yoast_head_json":{"title":"Umstrittene Brennelemente beim AKW Leibstadt - Save","description":"Das AKW Leibstadt soll im vergangenen Dezember ohne Ausfuhrbewilligung Brennelemente einer Firma aus Deutschland erhalten haben. Der Bund f\u00fcr Umwelt und Naturschutz Baden-W\u00fcrttemberg hat eine Anzeige eingereicht.","robots":{"index":"index","follow":"follow","max-snippet":"max-snippet:-1","max-image-preview":"max-image-preview:large","max-video-preview":"max-video-preview:-1"},"canonical":"https:\/\/news.save.ch\/de\/umstrittene-brennelemente-beim-akw-leibstadt\/","og_locale":"de_DE","og_type":"article","og_title":"Umstrittene Brennelemente beim AKW Leibstadt - Save","og_description":"Das AKW Leibstadt soll im vergangenen Dezember ohne Ausfuhrbewilligung Brennelemente einer Firma aus Deutschland erhalten haben. Der Bund f\u00fcr Umwelt und Naturschutz Baden-W\u00fcrttemberg hat eine Anzeige eingereicht.","og_url":"https:\/\/news.save.ch\/de\/umstrittene-brennelemente-beim-akw-leibstadt\/","og_site_name":"Save","article_published_time":"2021-01-18T08:00:07+00:00","article_modified_time":"2023-07-22T16:27:10+00:00","og_image":[{"width":1400,"height":1050,"url":"https:\/\/news.save.ch\/wp-content\/uploads\/2019\/11\/Depositphotos_223779350_l-2015-scaled.jpg","type":"image\/jpeg"}],"author":"Simon Gr\u00f6flin","twitter_card":"summary_large_image","twitter_misc":{"Geschrieben von":"Simon Gr\u00f6flin","Gesch\u00e4tzte Lesezeit":"2\u00a0Minuten"},"schema":{"@context":"https:\/\/schema.org","@graph":[{"@type":"Article","@id":"https:\/\/news.save.ch\/umstrittene-brennelemente-beim-akw-leibstadt\/#article","isPartOf":{"@id":"https:\/\/news.save.ch\/umstrittene-brennelemente-beim-akw-leibstadt\/"},"author":{"name":"Simon Gr\u00f6flin","@id":"https:\/\/news.save.ch\/de\/#\/schema\/person\/ad4ef21102fd6125312409ac57d5296d"},"headline":"Umstrittene Brennelemente beim AKW Leibstadt","datePublished":"2021-01-18T08:00:07+00:00","dateModified":"2023-07-22T16:27:10+00:00","mainEntityOfPage":{"@id":"https:\/\/news.save.ch\/umstrittene-brennelemente-beim-akw-leibstadt\/"},"wordCount":236,"publisher":{"@id":"https:\/\/news.save.ch\/de\/#organization"},"image":{"@id":"https:\/\/news.save.ch\/umstrittene-brennelemente-beim-akw-leibstadt\/#primaryimage"},"thumbnailUrl":"https:\/\/news.save.ch\/wp-content\/uploads\/2019\/11\/Depositphotos_223779350_l-2015-scaled.jpg","keywords":["AKW","Atomkraftwerk","Atomkraftwerk Leibstadt","Brennelemente","Bund f\u00fcr Umwelt und Naturschutz Baden-W\u00fcrttemberg","Exportbewilligung","Framatome","Leibstadt"],"articleSection":["BRANDSCHUTZ","SICHERHEIT"],"inLanguage":"de"},{"@type":"WebPage","@id":"https:\/\/news.save.ch\/umstrittene-brennelemente-beim-akw-leibstadt\/","url":"https:\/\/news.save.ch\/umstrittene-brennelemente-beim-akw-leibstadt\/","name":"Umstrittene Brennelemente beim AKW Leibstadt - Save","isPartOf":{"@id":"https:\/\/news.save.ch\/de\/#website"},"primaryImageOfPage":{"@id":"https:\/\/news.save.ch\/umstrittene-brennelemente-beim-akw-leibstadt\/#primaryimage"},"image":{"@id":"https:\/\/news.save.ch\/umstrittene-brennelemente-beim-akw-leibstadt\/#primaryimage"},"thumbnailUrl":"https:\/\/news.save.ch\/wp-content\/uploads\/2019\/11\/Depositphotos_223779350_l-2015-scaled.jpg","datePublished":"2021-01-18T08:00:07+00:00","dateModified":"2023-07-22T16:27:10+00:00","description":"Das AKW Leibstadt soll im vergangenen Dezember ohne Ausfuhrbewilligung Brennelemente einer Firma aus Deutschland erhalten haben. Der Bund f\u00fcr Umwelt und Naturschutz Baden-W\u00fcrttemberg hat eine Anzeige eingereicht.","breadcrumb":{"@id":"https:\/\/news.save.ch\/umstrittene-brennelemente-beim-akw-leibstadt\/#breadcrumb"},"inLanguage":"de","potentialAction":[{"@type":"ReadAction","target":["https:\/\/news.save.ch\/umstrittene-brennelemente-beim-akw-leibstadt\/"]}]},{"@type":"ImageObject","inLanguage":"de","@id":"https:\/\/news.save.ch\/umstrittene-brennelemente-beim-akw-leibstadt\/#primaryimage","url":"https:\/\/news.save.ch\/wp-content\/uploads\/2019\/11\/Depositphotos_223779350_l-2015-scaled.jpg","contentUrl":"https:\/\/news.save.ch\/wp-content\/uploads\/2019\/11\/Depositphotos_223779350_l-2015-scaled.jpg","width":1400,"height":1050,"caption":"\u00a9 depositphotos, PirenX"},{"@type":"BreadcrumbList","@id":"https:\/\/news.save.ch\/umstrittene-brennelemente-beim-akw-leibstadt\/#breadcrumb","itemListElement":[{"@type":"ListItem","position":1,"name":"Home","item":"https:\/\/news.save.ch\/de\/"},{"@type":"ListItem","position":2,"name":"Umstrittene Brennelemente beim AKW Leibstadt"}]},{"@type":"WebSite","@id":"https:\/\/news.save.ch\/de\/#website","url":"https:\/\/news.save.ch\/de\/","name":"Save","description":"Schweizer Fachzeitschrift f\u00fcr Sicherheit","publisher":{"@id":"https:\/\/news.save.ch\/de\/#organization"},"potentialAction":[{"@type":"SearchAction","target":{"@type":"EntryPoint","urlTemplate":"https:\/\/news.save.ch\/de\/?s={search_term_string}"},"query-input":{"@type":"PropertyValueSpecification","valueRequired":true,"valueName":"search_term_string"}}],"inLanguage":"de"},{"@type":"Organization","@id":"https:\/\/news.save.ch\/de\/#organization","name":"Sicherheitsforum","url":"https:\/\/news.save.ch\/de\/","logo":{"@type":"ImageObject","inLanguage":"de","@id":"https:\/\/news.save.ch\/de\/#\/schema\/logo\/image\/","url":"https:\/\/news.save.ch\/wp-content\/uploads\/2022\/06\/Logo_SF_2012.png","contentUrl":"https:\/\/news.save.ch\/wp-content\/uploads\/2022\/06\/Logo_SF_2012.png","width":1100,"height":91,"caption":"Sicherheitsforum"},"image":{"@id":"https:\/\/news.save.ch\/de\/#\/schema\/logo\/image\/"}},{"@type":"Person","@id":"https:\/\/news.save.ch\/de\/#\/schema\/person\/ad4ef21102fd6125312409ac57d5296d","name":"Simon Gr\u00f6flin","image":{"@type":"ImageObject","inLanguage":"de","@id":"https:\/\/secure.gravatar.com\/avatar\/6ddceb80eb734354635539e0ea5140bb7c41e42de7c45c9a2ab9921b5d5c9a83?s=96&d=mm&r=g","url":"https:\/\/secure.gravatar.com\/avatar\/6ddceb80eb734354635539e0ea5140bb7c41e42de7c45c9a2ab9921b5d5c9a83?s=96&d=mm&r=g","contentUrl":"https:\/\/secure.gravatar.com\/avatar\/6ddceb80eb734354635539e0ea5140bb7c41e42de7c45c9a2ab9921b5d5c9a83?s=96&d=mm&r=g","caption":"Simon Gr\u00f6flin"},"url":"https:\/\/news.save.ch\/de\/author\/simon-groeflin\/"}]}},"_links":{"self":[{"href":"https:\/\/news.save.ch\/de\/wp-json\/wp\/v2\/posts\/11299","targetHints":{"allow":["GET"]}}],"collection":[{"href":"https:\/\/news.save.ch\/de\/wp-json\/wp\/v2\/posts"}],"about":[{"href":"https:\/\/news.save.ch\/de\/wp-json\/wp\/v2\/types\/post"}],"author":[{"embeddable":true,"href":"https:\/\/news.save.ch\/de\/wp-json\/wp\/v2\/users\/9"}],"replies":[{"embeddable":true,"href":"https:\/\/news.save.ch\/de\/wp-json\/wp\/v2\/comments?post=11299"}],"version-history":[{"count":2,"href":"https:\/\/news.save.ch\/de\/wp-json\/wp\/v2\/posts\/11299\/revisions"}],"predecessor-version":[{"id":21250,"href":"https:\/\/news.save.ch\/de\/wp-json\/wp\/v2\/posts\/11299\/revisions\/21250"}],"wp:featuredmedia":[{"embeddable":true,"href":"https:\/\/news.save.ch\/de\/wp-json\/wp\/v2\/media\/9014"}],"wp:attachment":[{"href":"https:\/\/news.save.ch\/de\/wp-json\/wp\/v2\/media?parent=11299"}],"wp:term":[{"taxonomy":"category","embeddable":true,"href":"https:\/\/news.save.ch\/de\/wp-json\/wp\/v2\/categories?post=11299"},{"taxonomy":"post_tag","embeddable":true,"href":"https:\/\/news.save.ch\/de\/wp-json\/wp\/v2\/tags?post=11299"}],"curies":[{"name":"wp","href":"https:\/\/api.w.org\/{rel}","templated":true}]}}