{"id":11503,"date":"2021-02-15T10:17:14","date_gmt":"2021-02-15T09:17:14","guid":{"rendered":"https:\/\/news.save.ch\/?p=11503"},"modified":"2023-08-09T02:39:07","modified_gmt":"2023-08-09T00:39:07","slug":"die-fuenf-top-trends-fuer-physische-sicherheit-2021","status":null,"type":"post","link":"https:\/\/news.save.ch\/de\/die-fuenf-top-trends-fuer-physische-sicherheit-2021\/","title":{"rendered":"Die f\u00fcnf Top-Trends f\u00fcr physische Sicherheit 2021"},"content":{"rendered":"<p><img loading=\"lazy\" decoding=\"async\" class=\"alignnone wp-image-11508 size-full\" src=\"https:\/\/news.save.ch\/wp-content\/uploads\/2021\/02\/It-security_teaser.jpg\" alt=\"Sicherheit\" width=\"960\" height=\"540\" srcset=\"https:\/\/news.save.ch\/wp-content\/uploads\/2021\/02\/It-security_teaser.jpg 960w, https:\/\/news.save.ch\/wp-content\/uploads\/2021\/02\/It-security_teaser-375x211.jpg 375w\" sizes=\"auto, (max-width: 960px) 100vw, 960px\" \/><\/p>\n<p>Im Jahr 2021 wird zunehmend die physische Sicherheit in den Fokus der Unternehmen r\u00fccken. Geht es nach dem deutschen Technologiekonzern Genetec werden Unternehmen vermehrt auf zentrale, vereinheitlichte Sicherheitssysteme als verst\u00e4rkte Unternehmenstechnologie achten m\u00fcssen. So gewinnt aber auch der Schutz der Privatsph\u00e4re weiterhin an Bedeutung, zumal viele Unternehmen schnell beispielsweise L\u00f6sungen zur Fiebererkennung implementiert haben. Der Datenschutz werde jedoch vermehrt in das Design und in den Betrieb von IT-Systemen einfliessen. F\u00fcr die Sicherheitsbranche bedeutet das, dass Kunden nicht zwischen dem Schutz der Privatsph\u00e4re und der Gew\u00e4hrleistung der physischen Sicherheit w\u00e4hlen m\u00fcssen. Der Fokus auf den Datenschutz wird daher allgemein zunehmen.<\/p>\n<h2>Vertrauensw\u00fcrdige Sicherheitsl\u00f6sungen<\/h2>\n<p>Auch Genetec h\u00e4lt fest, dass Cybersecurity-Risiken im Jahr 2021 zunehmen werden. Vor allem Schulen, Krankenh\u00e4user, Privatunternehmen und Beh\u00f6rden waren im vergangenen Jahr von einer steigenden Anzahl von Cyberangriffen betroffen. Auch im dritten Quartal 2020 gab es laut Trend Micro fast vier Millionen Bedrohungen durch E-Mails und mehr als eine Million Zugriffe auf b\u00f6sartige Websites im Zusammenhang mit Covid-19. Der kurzfristige Umstieg auf Homeoffice trug ebenfalls stark zu dieser Entwicklung bei. Entscheidend wird es daher sein, vertrauensw\u00fcrdige Sicherheitsl\u00f6sungen auszuw\u00e4hlen. Verschl\u00fcsselung, Multi-Faktor-Authentifizierung und Passwortmanagement seien dabei die erste Verteidigungslinie.<\/p>\n<p>Ein weiteres Kriterium listet Genetec bei der zunehmenden \u00dcberpr\u00fcfung von Anbietern auf, da physische Sicherheitstechnologie mittlerweile ebenfalls ein integraler Bestandteil der IT-Strategie eines Unternehmens ist. Anbieter von physischen Sicherheitsl\u00f6sungen m\u00fcssen daher k\u00fcnftig h\u00f6here Anforderungen im Rahmen des Beschaffungsprozesses erf\u00fcllen, um diese als vertrauensw\u00fcrdigen, verl\u00e4sslichen Anbieter einzustufen. Die Einf\u00fchrung von Hybrid-Cloud-Modellen k\u00f6nnte ebenfalls an Bedeutung gewinnen.<\/p>\n<p><em>Quelle: Genetec<\/em><\/p>\n","protected":false},"excerpt":{"rendered":"<p>Im Jahr 2021 wird zunehmend die physische Sicherheit in den Fokus der Unternehmen r\u00fccken. Geht es nach dem deutschen Technologiekonzern Genetec werden Unternehmen vermehrt auf zentrale, vereinheitlichte Sicherheitssysteme als verst\u00e4rkte Unternehmenstechnologie achten m\u00fcssen. So gewinnt aber auch der Schutz der Privatsph\u00e4re weiterhin an Bedeutung, zumal viele Unternehmen schnell beispielsweise L\u00f6sungen zur Fiebererkennung implementiert haben. Der [&hellip;]<\/p>\n","protected":false},"author":9,"featured_media":11508,"comment_status":"closed","ping_status":"closed","sticky":false,"template":"","format":"standard","meta":{"_acf_changed":false,"pgc_sgb_lightbox_settings":"","footnotes":""},"categories":[1],"tags":[5757,118,5756,5755,310,5334,5758],"class_list":["post-11503","post","type-post","status-publish","format-standard","has-post-thumbnail","hentry","category-allgemein","tag-cybersecurity-risiken","tag-datenschutz","tag-genetec","tag-physische-sicherheit","tag-sicherheit","tag-sicherheitsloesungen","tag-vertrauenswuerdige"],"acf":[],"hkrextid":null,"publication":null,"issue":null,"workflow":null,"startPage":null,"spitzmarke":null,"_posts_by_tag_page_fields":{"widget_title":"","widget_tags":""},"_at_widget":"1","_yoast_wpseo_primary_category":"","_yoast_wpseo_focuskw_text_input":null,"_yoast_wpseo_opengraph-image":null,"_yoast_wpseo_opengraph-description":null,"_yoast_wpseo_opengraph-title":null,"enclosure":null,"_yoast_wpseo_twitter-title":null,"_yoast_wpseo_twitter-description":null,"_yoast_wpseo_twitter-image":null,"_wp_old_slug":null,"_yoast_wpseo_title":null,"_yoast_wpseo_canonical":null,"yoast_head":"<!-- This site is optimized with the Yoast SEO plugin v27.5 - https:\/\/yoast.com\/product\/yoast-seo-wordpress\/ -->\n<title>Die f\u00fcnf Top-Trends f\u00fcr physische Sicherheit 2021 - Save<\/title>\n<meta name=\"description\" content=\"Der Sicherheitstechnik-Anbieter Genetec sieht im Jahr 2021 f\u00fcnf Top-Trends f\u00fcr die physische Sicherheit.\" \/>\n<meta name=\"robots\" content=\"index, follow, max-snippet:-1, max-image-preview:large, max-video-preview:-1\" \/>\n<link rel=\"canonical\" href=\"https:\/\/news.save.ch\/de\/die-fuenf-top-trends-fuer-physische-sicherheit-2021\/\" \/>\n<meta property=\"og:locale\" content=\"de_DE\" \/>\n<meta property=\"og:type\" content=\"article\" \/>\n<meta property=\"og:title\" content=\"Die f\u00fcnf Top-Trends f\u00fcr physische Sicherheit 2021 - Save\" \/>\n<meta property=\"og:description\" content=\"Der Sicherheitstechnik-Anbieter Genetec sieht im Jahr 2021 f\u00fcnf Top-Trends f\u00fcr die physische Sicherheit.\" \/>\n<meta property=\"og:url\" content=\"https:\/\/news.save.ch\/de\/die-fuenf-top-trends-fuer-physische-sicherheit-2021\/\" \/>\n<meta property=\"og:site_name\" content=\"Save\" \/>\n<meta property=\"article:published_time\" content=\"2021-02-15T09:17:14+00:00\" \/>\n<meta property=\"article:modified_time\" content=\"2023-08-09T00:39:07+00:00\" \/>\n<meta property=\"og:image\" content=\"https:\/\/news.save.ch\/wp-content\/uploads\/2021\/02\/It-security_teaser.jpg\" \/>\n\t<meta property=\"og:image:width\" content=\"960\" \/>\n\t<meta property=\"og:image:height\" content=\"540\" \/>\n\t<meta property=\"og:image:type\" content=\"image\/jpeg\" \/>\n<meta name=\"author\" content=\"Simon Gr\u00f6flin\" \/>\n<meta name=\"twitter:card\" content=\"summary_large_image\" \/>\n<meta name=\"twitter:label1\" content=\"Geschrieben von\" \/>\n\t<meta name=\"twitter:data1\" content=\"Simon Gr\u00f6flin\" \/>\n\t<meta name=\"twitter:label2\" content=\"Gesch\u00e4tzte Lesezeit\" \/>\n\t<meta name=\"twitter:data2\" content=\"2\u00a0Minuten\" \/>\n<script type=\"application\/ld+json\" class=\"yoast-schema-graph\">{\"@context\":\"https:\\\/\\\/schema.org\",\"@graph\":[{\"@type\":\"Article\",\"@id\":\"https:\\\/\\\/news.save.ch\\\/die-fuenf-top-trends-fuer-physische-sicherheit-2021\\\/#article\",\"isPartOf\":{\"@id\":\"https:\\\/\\\/news.save.ch\\\/die-fuenf-top-trends-fuer-physische-sicherheit-2021\\\/\"},\"author\":{\"name\":\"Simon Gr\u00f6flin\",\"@id\":\"https:\\\/\\\/news.save.ch\\\/de\\\/#\\\/schema\\\/person\\\/ad4ef21102fd6125312409ac57d5296d\"},\"headline\":\"Die f\u00fcnf Top-Trends f\u00fcr physische Sicherheit 2021\",\"datePublished\":\"2021-02-15T09:17:14+00:00\",\"dateModified\":\"2023-08-09T00:39:07+00:00\",\"mainEntityOfPage\":{\"@id\":\"https:\\\/\\\/news.save.ch\\\/die-fuenf-top-trends-fuer-physische-sicherheit-2021\\\/\"},\"wordCount\":280,\"publisher\":{\"@id\":\"https:\\\/\\\/news.save.ch\\\/de\\\/#organization\"},\"image\":{\"@id\":\"https:\\\/\\\/news.save.ch\\\/die-fuenf-top-trends-fuer-physische-sicherheit-2021\\\/#primaryimage\"},\"thumbnailUrl\":\"https:\\\/\\\/news.save.ch\\\/wp-content\\\/uploads\\\/2021\\\/02\\\/It-security_teaser.jpg\",\"keywords\":[\"Cybersecurity-Risiken\",\"Datenschutz\",\"Genetec\",\"physische Sicherheit\",\"Sicherheit\",\"Sicherheitsl\u00f6sungen\",\"vertrauensw\u00fcrdige\"],\"articleSection\":[\"ALLGEMEIN\"],\"inLanguage\":\"de\"},{\"@type\":\"WebPage\",\"@id\":\"https:\\\/\\\/news.save.ch\\\/die-fuenf-top-trends-fuer-physische-sicherheit-2021\\\/\",\"url\":\"https:\\\/\\\/news.save.ch\\\/die-fuenf-top-trends-fuer-physische-sicherheit-2021\\\/\",\"name\":\"Die f\u00fcnf Top-Trends f\u00fcr physische Sicherheit 2021 - Save\",\"isPartOf\":{\"@id\":\"https:\\\/\\\/news.save.ch\\\/de\\\/#website\"},\"primaryImageOfPage\":{\"@id\":\"https:\\\/\\\/news.save.ch\\\/die-fuenf-top-trends-fuer-physische-sicherheit-2021\\\/#primaryimage\"},\"image\":{\"@id\":\"https:\\\/\\\/news.save.ch\\\/die-fuenf-top-trends-fuer-physische-sicherheit-2021\\\/#primaryimage\"},\"thumbnailUrl\":\"https:\\\/\\\/news.save.ch\\\/wp-content\\\/uploads\\\/2021\\\/02\\\/It-security_teaser.jpg\",\"datePublished\":\"2021-02-15T09:17:14+00:00\",\"dateModified\":\"2023-08-09T00:39:07+00:00\",\"description\":\"Der Sicherheitstechnik-Anbieter Genetec sieht im Jahr 2021 f\u00fcnf Top-Trends f\u00fcr die physische Sicherheit.\",\"breadcrumb\":{\"@id\":\"https:\\\/\\\/news.save.ch\\\/die-fuenf-top-trends-fuer-physische-sicherheit-2021\\\/#breadcrumb\"},\"inLanguage\":\"de\",\"potentialAction\":[{\"@type\":\"ReadAction\",\"target\":[\"https:\\\/\\\/news.save.ch\\\/die-fuenf-top-trends-fuer-physische-sicherheit-2021\\\/\"]}]},{\"@type\":\"ImageObject\",\"inLanguage\":\"de\",\"@id\":\"https:\\\/\\\/news.save.ch\\\/die-fuenf-top-trends-fuer-physische-sicherheit-2021\\\/#primaryimage\",\"url\":\"https:\\\/\\\/news.save.ch\\\/wp-content\\\/uploads\\\/2021\\\/02\\\/It-security_teaser.jpg\",\"contentUrl\":\"https:\\\/\\\/news.save.ch\\\/wp-content\\\/uploads\\\/2021\\\/02\\\/It-security_teaser.jpg\",\"width\":960,\"height\":540},{\"@type\":\"BreadcrumbList\",\"@id\":\"https:\\\/\\\/news.save.ch\\\/die-fuenf-top-trends-fuer-physische-sicherheit-2021\\\/#breadcrumb\",\"itemListElement\":[{\"@type\":\"ListItem\",\"position\":1,\"name\":\"Home\",\"item\":\"https:\\\/\\\/news.save.ch\\\/de\\\/\"},{\"@type\":\"ListItem\",\"position\":2,\"name\":\"Die f\u00fcnf Top-Trends f\u00fcr physische Sicherheit 2021\"}]},{\"@type\":\"WebSite\",\"@id\":\"https:\\\/\\\/news.save.ch\\\/de\\\/#website\",\"url\":\"https:\\\/\\\/news.save.ch\\\/de\\\/\",\"name\":\"Save\",\"description\":\"Schweizer Fachzeitschrift f\u00fcr Sicherheit\",\"publisher\":{\"@id\":\"https:\\\/\\\/news.save.ch\\\/de\\\/#organization\"},\"potentialAction\":[{\"@type\":\"SearchAction\",\"target\":{\"@type\":\"EntryPoint\",\"urlTemplate\":\"https:\\\/\\\/news.save.ch\\\/de\\\/?s={search_term_string}\"},\"query-input\":{\"@type\":\"PropertyValueSpecification\",\"valueRequired\":true,\"valueName\":\"search_term_string\"}}],\"inLanguage\":\"de\"},{\"@type\":\"Organization\",\"@id\":\"https:\\\/\\\/news.save.ch\\\/de\\\/#organization\",\"name\":\"Sicherheitsforum\",\"url\":\"https:\\\/\\\/news.save.ch\\\/de\\\/\",\"logo\":{\"@type\":\"ImageObject\",\"inLanguage\":\"de\",\"@id\":\"https:\\\/\\\/news.save.ch\\\/de\\\/#\\\/schema\\\/logo\\\/image\\\/\",\"url\":\"https:\\\/\\\/news.save.ch\\\/wp-content\\\/uploads\\\/2022\\\/06\\\/Logo_SF_2012.png\",\"contentUrl\":\"https:\\\/\\\/news.save.ch\\\/wp-content\\\/uploads\\\/2022\\\/06\\\/Logo_SF_2012.png\",\"width\":1100,\"height\":91,\"caption\":\"Sicherheitsforum\"},\"image\":{\"@id\":\"https:\\\/\\\/news.save.ch\\\/de\\\/#\\\/schema\\\/logo\\\/image\\\/\"}},{\"@type\":\"Person\",\"@id\":\"https:\\\/\\\/news.save.ch\\\/de\\\/#\\\/schema\\\/person\\\/ad4ef21102fd6125312409ac57d5296d\",\"name\":\"Simon Gr\u00f6flin\",\"image\":{\"@type\":\"ImageObject\",\"inLanguage\":\"de\",\"@id\":\"https:\\\/\\\/secure.gravatar.com\\\/avatar\\\/6ddceb80eb734354635539e0ea5140bb7c41e42de7c45c9a2ab9921b5d5c9a83?s=96&d=mm&r=g\",\"url\":\"https:\\\/\\\/secure.gravatar.com\\\/avatar\\\/6ddceb80eb734354635539e0ea5140bb7c41e42de7c45c9a2ab9921b5d5c9a83?s=96&d=mm&r=g\",\"contentUrl\":\"https:\\\/\\\/secure.gravatar.com\\\/avatar\\\/6ddceb80eb734354635539e0ea5140bb7c41e42de7c45c9a2ab9921b5d5c9a83?s=96&d=mm&r=g\",\"caption\":\"Simon Gr\u00f6flin\"},\"url\":\"https:\\\/\\\/news.save.ch\\\/de\\\/author\\\/simon-groeflin\\\/\"}]}<\/script>\n<!-- \/ Yoast SEO plugin. -->","yoast_head_json":{"title":"Die f\u00fcnf Top-Trends f\u00fcr physische Sicherheit 2021 - Save","description":"Der Sicherheitstechnik-Anbieter Genetec sieht im Jahr 2021 f\u00fcnf Top-Trends f\u00fcr die physische Sicherheit.","robots":{"index":"index","follow":"follow","max-snippet":"max-snippet:-1","max-image-preview":"max-image-preview:large","max-video-preview":"max-video-preview:-1"},"canonical":"https:\/\/news.save.ch\/de\/die-fuenf-top-trends-fuer-physische-sicherheit-2021\/","og_locale":"de_DE","og_type":"article","og_title":"Die f\u00fcnf Top-Trends f\u00fcr physische Sicherheit 2021 - Save","og_description":"Der Sicherheitstechnik-Anbieter Genetec sieht im Jahr 2021 f\u00fcnf Top-Trends f\u00fcr die physische Sicherheit.","og_url":"https:\/\/news.save.ch\/de\/die-fuenf-top-trends-fuer-physische-sicherheit-2021\/","og_site_name":"Save","article_published_time":"2021-02-15T09:17:14+00:00","article_modified_time":"2023-08-09T00:39:07+00:00","og_image":[{"width":960,"height":540,"url":"https:\/\/news.save.ch\/wp-content\/uploads\/2021\/02\/It-security_teaser.jpg","type":"image\/jpeg"}],"author":"Simon Gr\u00f6flin","twitter_card":"summary_large_image","twitter_misc":{"Geschrieben von":"Simon Gr\u00f6flin","Gesch\u00e4tzte Lesezeit":"2\u00a0Minuten"},"schema":{"@context":"https:\/\/schema.org","@graph":[{"@type":"Article","@id":"https:\/\/news.save.ch\/die-fuenf-top-trends-fuer-physische-sicherheit-2021\/#article","isPartOf":{"@id":"https:\/\/news.save.ch\/die-fuenf-top-trends-fuer-physische-sicherheit-2021\/"},"author":{"name":"Simon Gr\u00f6flin","@id":"https:\/\/news.save.ch\/de\/#\/schema\/person\/ad4ef21102fd6125312409ac57d5296d"},"headline":"Die f\u00fcnf Top-Trends f\u00fcr physische Sicherheit 2021","datePublished":"2021-02-15T09:17:14+00:00","dateModified":"2023-08-09T00:39:07+00:00","mainEntityOfPage":{"@id":"https:\/\/news.save.ch\/die-fuenf-top-trends-fuer-physische-sicherheit-2021\/"},"wordCount":280,"publisher":{"@id":"https:\/\/news.save.ch\/de\/#organization"},"image":{"@id":"https:\/\/news.save.ch\/die-fuenf-top-trends-fuer-physische-sicherheit-2021\/#primaryimage"},"thumbnailUrl":"https:\/\/news.save.ch\/wp-content\/uploads\/2021\/02\/It-security_teaser.jpg","keywords":["Cybersecurity-Risiken","Datenschutz","Genetec","physische Sicherheit","Sicherheit","Sicherheitsl\u00f6sungen","vertrauensw\u00fcrdige"],"articleSection":["ALLGEMEIN"],"inLanguage":"de"},{"@type":"WebPage","@id":"https:\/\/news.save.ch\/die-fuenf-top-trends-fuer-physische-sicherheit-2021\/","url":"https:\/\/news.save.ch\/die-fuenf-top-trends-fuer-physische-sicherheit-2021\/","name":"Die f\u00fcnf Top-Trends f\u00fcr physische Sicherheit 2021 - Save","isPartOf":{"@id":"https:\/\/news.save.ch\/de\/#website"},"primaryImageOfPage":{"@id":"https:\/\/news.save.ch\/die-fuenf-top-trends-fuer-physische-sicherheit-2021\/#primaryimage"},"image":{"@id":"https:\/\/news.save.ch\/die-fuenf-top-trends-fuer-physische-sicherheit-2021\/#primaryimage"},"thumbnailUrl":"https:\/\/news.save.ch\/wp-content\/uploads\/2021\/02\/It-security_teaser.jpg","datePublished":"2021-02-15T09:17:14+00:00","dateModified":"2023-08-09T00:39:07+00:00","description":"Der Sicherheitstechnik-Anbieter Genetec sieht im Jahr 2021 f\u00fcnf Top-Trends f\u00fcr die physische Sicherheit.","breadcrumb":{"@id":"https:\/\/news.save.ch\/die-fuenf-top-trends-fuer-physische-sicherheit-2021\/#breadcrumb"},"inLanguage":"de","potentialAction":[{"@type":"ReadAction","target":["https:\/\/news.save.ch\/die-fuenf-top-trends-fuer-physische-sicherheit-2021\/"]}]},{"@type":"ImageObject","inLanguage":"de","@id":"https:\/\/news.save.ch\/die-fuenf-top-trends-fuer-physische-sicherheit-2021\/#primaryimage","url":"https:\/\/news.save.ch\/wp-content\/uploads\/2021\/02\/It-security_teaser.jpg","contentUrl":"https:\/\/news.save.ch\/wp-content\/uploads\/2021\/02\/It-security_teaser.jpg","width":960,"height":540},{"@type":"BreadcrumbList","@id":"https:\/\/news.save.ch\/die-fuenf-top-trends-fuer-physische-sicherheit-2021\/#breadcrumb","itemListElement":[{"@type":"ListItem","position":1,"name":"Home","item":"https:\/\/news.save.ch\/de\/"},{"@type":"ListItem","position":2,"name":"Die f\u00fcnf Top-Trends f\u00fcr physische Sicherheit 2021"}]},{"@type":"WebSite","@id":"https:\/\/news.save.ch\/de\/#website","url":"https:\/\/news.save.ch\/de\/","name":"Save","description":"Schweizer Fachzeitschrift f\u00fcr Sicherheit","publisher":{"@id":"https:\/\/news.save.ch\/de\/#organization"},"potentialAction":[{"@type":"SearchAction","target":{"@type":"EntryPoint","urlTemplate":"https:\/\/news.save.ch\/de\/?s={search_term_string}"},"query-input":{"@type":"PropertyValueSpecification","valueRequired":true,"valueName":"search_term_string"}}],"inLanguage":"de"},{"@type":"Organization","@id":"https:\/\/news.save.ch\/de\/#organization","name":"Sicherheitsforum","url":"https:\/\/news.save.ch\/de\/","logo":{"@type":"ImageObject","inLanguage":"de","@id":"https:\/\/news.save.ch\/de\/#\/schema\/logo\/image\/","url":"https:\/\/news.save.ch\/wp-content\/uploads\/2022\/06\/Logo_SF_2012.png","contentUrl":"https:\/\/news.save.ch\/wp-content\/uploads\/2022\/06\/Logo_SF_2012.png","width":1100,"height":91,"caption":"Sicherheitsforum"},"image":{"@id":"https:\/\/news.save.ch\/de\/#\/schema\/logo\/image\/"}},{"@type":"Person","@id":"https:\/\/news.save.ch\/de\/#\/schema\/person\/ad4ef21102fd6125312409ac57d5296d","name":"Simon Gr\u00f6flin","image":{"@type":"ImageObject","inLanguage":"de","@id":"https:\/\/secure.gravatar.com\/avatar\/6ddceb80eb734354635539e0ea5140bb7c41e42de7c45c9a2ab9921b5d5c9a83?s=96&d=mm&r=g","url":"https:\/\/secure.gravatar.com\/avatar\/6ddceb80eb734354635539e0ea5140bb7c41e42de7c45c9a2ab9921b5d5c9a83?s=96&d=mm&r=g","contentUrl":"https:\/\/secure.gravatar.com\/avatar\/6ddceb80eb734354635539e0ea5140bb7c41e42de7c45c9a2ab9921b5d5c9a83?s=96&d=mm&r=g","caption":"Simon Gr\u00f6flin"},"url":"https:\/\/news.save.ch\/de\/author\/simon-groeflin\/"}]}},"_links":{"self":[{"href":"https:\/\/news.save.ch\/de\/wp-json\/wp\/v2\/posts\/11503","targetHints":{"allow":["GET"]}}],"collection":[{"href":"https:\/\/news.save.ch\/de\/wp-json\/wp\/v2\/posts"}],"about":[{"href":"https:\/\/news.save.ch\/de\/wp-json\/wp\/v2\/types\/post"}],"author":[{"embeddable":true,"href":"https:\/\/news.save.ch\/de\/wp-json\/wp\/v2\/users\/9"}],"replies":[{"embeddable":true,"href":"https:\/\/news.save.ch\/de\/wp-json\/wp\/v2\/comments?post=11503"}],"version-history":[{"count":3,"href":"https:\/\/news.save.ch\/de\/wp-json\/wp\/v2\/posts\/11503\/revisions"}],"predecessor-version":[{"id":21646,"href":"https:\/\/news.save.ch\/de\/wp-json\/wp\/v2\/posts\/11503\/revisions\/21646"}],"wp:featuredmedia":[{"embeddable":true,"href":"https:\/\/news.save.ch\/de\/wp-json\/wp\/v2\/media\/11508"}],"wp:attachment":[{"href":"https:\/\/news.save.ch\/de\/wp-json\/wp\/v2\/media?parent=11503"}],"wp:term":[{"taxonomy":"category","embeddable":true,"href":"https:\/\/news.save.ch\/de\/wp-json\/wp\/v2\/categories?post=11503"},{"taxonomy":"post_tag","embeddable":true,"href":"https:\/\/news.save.ch\/de\/wp-json\/wp\/v2\/tags?post=11503"}],"curies":[{"name":"wp","href":"https:\/\/api.w.org\/{rel}","templated":true}]}}