{"id":11796,"date":"2021-04-01T09:28:26","date_gmt":"2021-04-01T07:28:26","guid":{"rendered":"https:\/\/news.save.ch\/?p=11796"},"modified":"2023-08-09T01:27:47","modified_gmt":"2023-08-08T23:27:47","slug":"kommando-cyber-der-armee-bundesrat-faellt-neue-entscheide","status":null,"type":"post","link":"https:\/\/news.save.ch\/de\/kommando-cyber-der-armee-bundesrat-faellt-neue-entscheide\/","title":{"rendered":"Kommando Cyber der Armee: Bundesrat f\u00e4llt neue Entscheide"},"content":{"rendered":"<figure id=\"attachment_6268\" aria-describedby=\"caption-attachment-6268\" style=\"width: 872px\" class=\"wp-caption alignnone\"><img loading=\"lazy\" decoding=\"async\" class=\"wp-image-6268 size-full\" src=\"https:\/\/news.save.ch\/wp-content\/uploads\/2018\/04\/strategie.jpg\" alt=\"Kommando Cyber\" width=\"872\" height=\"602\" srcset=\"https:\/\/news.save.ch\/wp-content\/uploads\/2018\/04\/strategie.jpg 872w, https:\/\/news.save.ch\/wp-content\/uploads\/2018\/04\/strategie-375x259.jpg 375w\" sizes=\"auto, (max-width: 872px) 100vw, 872px\" \/><figcaption id=\"caption-attachment-6268\" class=\"wp-caption-text\">Quelle: Bund<\/figcaption><\/figure>\n<p>Die F\u00fchrungsbasisunterst\u00fctzung (FUB) der Armee soll auf Anfang 2024 in ein milit\u00e4risches \u00abKommando Cyber\u00bb umgewandelt werden. Dieses soll aus der gegenw\u00e4rtigen F\u00fchrungsbasisunterst\u00fctzung der Armee entstehen und eigenst\u00e4ndig werden. Die F\u00fchrungsbasisunterst\u00fctzung (FUB) wird laut einer Mitteilung des Bundesrats in Zukunft schwergewichtig die Informatikdienstleistungen der Milit\u00e4rverwaltung sicherstellen.<\/p>\n<p>Die Transformation soll im Rahmen einer Projektorganisation erfolgen und schrittweise die F\u00e4higkeiten f\u00fcr die neuen Aufgaben aufbauen. Als Projektleiter f\u00fcr die F\u00fchrungsbasisunterst\u00fctzung hat der Bundesrat den Division\u00e4r Alain Vuitel ernannt.\u00a0Chef FUB ad interim bis zum Abschluss der Transformation wird Thomas Fankhauser, der heute als Vizedirektor die Hauptabteilung Betrieb des Bundesamtes f\u00fcr Informatik und Telekommunikation (BIT) leitet. Ab Anfang 2024 soll das Kommando Cyber f\u00fcr die Einsatzbereiche Cyberabwehr, IKT-Leistungen, Kryptologie und elektronische Kriegsf\u00fchrung zust\u00e4ndig sein, w\u00e4hrend die FUB weiterhin die regul\u00e4ren Informatikdienstleistungen der Milit\u00e4rverwaltung sicherstellen.<\/p>\n<p>Der 56-j\u00e4hrige <a href=\"https:\/\/www.vtg.admin.ch\/de\/die-schweizer-armee\/hoehere-stabsoffiziere\/hso\/vuitel-alain.html\" target=\"_blank\" rel=\"noopener\">Alain Vuitel<\/a> hat nach der Matura an der Universit\u00e4t Neuenburg Wirtschaft studiert. 1989 trat er in den Dienst der Bundesverwaltung ein und \u00fcbte verschiedene Funktionen im Dienst der Armee aus. 2001 absolvierte er unter anderem eine Weiterbildung an der University of London, King\u2019s College und schloss dabei den Master of Arts with Merit in International Studies erfolgreich ab.\u00a0Auf den 1. Januar 2016 wurde Division\u00e4r Vuitel zum Chef Milit\u00e4rischer Nachrichtendienst ernannt und auf den 1. Januar 2018 im Rahmen der Weiterentwicklung der Armee (WEA) als Chef Milit\u00e4rischer Nachrichtendienst &amp; Dienst f\u00fcr Pr\u00e4ventiven Schutz der Armee best\u00e4tigt.<\/p>\n<p><em>Quelle: Der Bundesrat<\/em><\/p>\n","protected":false},"excerpt":{"rendered":"<p>Die F\u00fchrungsbasisunterst\u00fctzung (FUB) der Armee soll auf Anfang 2024 in ein milit\u00e4risches \u00abKommando Cyber\u00bb umgewandelt werden. Dieses soll aus der gegenw\u00e4rtigen F\u00fchrungsbasisunterst\u00fctzung der Armee entstehen und eigenst\u00e4ndig werden. Die F\u00fchrungsbasisunterst\u00fctzung (FUB) wird laut einer Mitteilung des Bundesrats in Zukunft schwergewichtig die Informatikdienstleistungen der Milit\u00e4rverwaltung sicherstellen. Die Transformation soll im Rahmen einer Projektorganisation erfolgen und schrittweise [&hellip;]<\/p>\n","protected":false},"author":9,"featured_media":6268,"comment_status":"closed","ping_status":"closed","sticky":false,"template":"","format":"standard","meta":{"_acf_changed":false,"pgc_sgb_lightbox_settings":"","footnotes":""},"categories":[1,3313],"tags":[5079,670,5624,5626,5625,5627,1079],"class_list":["post-11796","post","type-post","status-publish","format-standard","has-post-thumbnail","hentry","category-allgemein","category-digitalisierung","tag-alain-vuitel","tag-cybersicherheit","tag-fuehrungsbasisunterstuetzung","tag-informatikdienstleistungen","tag-kommando-cyber","tag-militaerverwaltung","tag-schweiz"],"acf":[],"hkrextid":null,"publication":null,"issue":null,"workflow":null,"startPage":null,"spitzmarke":null,"_posts_by_tag_page_fields":{"widget_title":"","widget_tags":""},"_at_widget":"1","_yoast_wpseo_primary_category":"1","_yoast_wpseo_focuskw_text_input":null,"_yoast_wpseo_opengraph-image":null,"_yoast_wpseo_opengraph-description":null,"_yoast_wpseo_opengraph-title":null,"enclosure":null,"_yoast_wpseo_twitter-title":null,"_yoast_wpseo_twitter-description":null,"_yoast_wpseo_twitter-image":null,"_wp_old_slug":null,"_yoast_wpseo_title":null,"_yoast_wpseo_canonical":null,"yoast_head":"<!-- This site is optimized with the Yoast SEO plugin v27.4 - https:\/\/yoast.com\/product\/yoast-seo-wordpress\/ -->\n<title>Kommando Cyber der Armee: Bundesrat f\u00e4llt neue Entscheide - Save<\/title>\n<meta name=\"description\" content=\"Die F\u00fchrungsbasisunterst\u00fctzung der Armee soll Anfang 2024 in ein Kommando Cyber weiterentwickelt werden. In einer Sitzung von Ende M\u00e4rz wurden nun erste personelle Entscheide gef\u00e4llt. Die offiziellen Ernennungen erfolgen auf den 1. Mai 2021.\" \/>\n<meta name=\"robots\" content=\"index, follow, max-snippet:-1, max-image-preview:large, max-video-preview:-1\" \/>\n<link rel=\"canonical\" href=\"https:\/\/news.save.ch\/de\/kommando-cyber-der-armee-bundesrat-faellt-neue-entscheide\/\" \/>\n<meta property=\"og:locale\" content=\"de_DE\" \/>\n<meta property=\"og:type\" content=\"article\" \/>\n<meta property=\"og:title\" content=\"Kommando Cyber der Armee: Bundesrat f\u00e4llt neue Entscheide - Save\" \/>\n<meta property=\"og:description\" content=\"Die F\u00fchrungsbasisunterst\u00fctzung der Armee soll Anfang 2024 in ein Kommando Cyber weiterentwickelt werden. In einer Sitzung von Ende M\u00e4rz wurden nun erste personelle Entscheide gef\u00e4llt. Die offiziellen Ernennungen erfolgen auf den 1. Mai 2021.\" \/>\n<meta property=\"og:url\" content=\"https:\/\/news.save.ch\/de\/kommando-cyber-der-armee-bundesrat-faellt-neue-entscheide\/\" \/>\n<meta property=\"og:site_name\" content=\"Save\" \/>\n<meta property=\"article:published_time\" content=\"2021-04-01T07:28:26+00:00\" \/>\n<meta property=\"article:modified_time\" content=\"2023-08-08T23:27:47+00:00\" \/>\n<meta property=\"og:image\" content=\"https:\/\/news.save.ch\/wp-content\/uploads\/2018\/04\/strategie.jpg\" \/>\n\t<meta property=\"og:image:width\" content=\"872\" \/>\n\t<meta property=\"og:image:height\" content=\"602\" \/>\n\t<meta property=\"og:image:type\" content=\"image\/jpeg\" \/>\n<meta name=\"author\" content=\"Simon Gr\u00f6flin\" \/>\n<meta name=\"twitter:card\" content=\"summary_large_image\" \/>\n<meta name=\"twitter:label1\" content=\"Geschrieben von\" \/>\n\t<meta name=\"twitter:data1\" content=\"Simon Gr\u00f6flin\" \/>\n\t<meta name=\"twitter:label2\" content=\"Gesch\u00e4tzte Lesezeit\" \/>\n\t<meta name=\"twitter:data2\" content=\"2\u00a0Minuten\" \/>\n<script type=\"application\/ld+json\" class=\"yoast-schema-graph\">{\"@context\":\"https:\\\/\\\/schema.org\",\"@graph\":[{\"@type\":\"Article\",\"@id\":\"https:\\\/\\\/news.save.ch\\\/kommando-cyber-der-armee-bundesrat-faellt-neue-entscheide\\\/#article\",\"isPartOf\":{\"@id\":\"https:\\\/\\\/news.save.ch\\\/kommando-cyber-der-armee-bundesrat-faellt-neue-entscheide\\\/\"},\"author\":{\"name\":\"Simon Gr\u00f6flin\",\"@id\":\"https:\\\/\\\/news.save.ch\\\/de\\\/#\\\/schema\\\/person\\\/ad4ef21102fd6125312409ac57d5296d\"},\"headline\":\"Kommando Cyber der Armee: Bundesrat f\u00e4llt neue Entscheide\",\"datePublished\":\"2021-04-01T07:28:26+00:00\",\"dateModified\":\"2023-08-08T23:27:47+00:00\",\"mainEntityOfPage\":{\"@id\":\"https:\\\/\\\/news.save.ch\\\/kommando-cyber-der-armee-bundesrat-faellt-neue-entscheide\\\/\"},\"wordCount\":273,\"publisher\":{\"@id\":\"https:\\\/\\\/news.save.ch\\\/de\\\/#organization\"},\"image\":{\"@id\":\"https:\\\/\\\/news.save.ch\\\/kommando-cyber-der-armee-bundesrat-faellt-neue-entscheide\\\/#primaryimage\"},\"thumbnailUrl\":\"https:\\\/\\\/news.save.ch\\\/wp-content\\\/uploads\\\/2018\\\/04\\\/strategie.jpg\",\"keywords\":[\"Alain Vuitel\",\"Cybersicherheit\",\"F\u00fchrungsbasisunterst\u00fctzung\",\"Informatikdienstleistungen\",\"Kommando Cyber\",\"Milit\u00e4rverwaltung\",\"Schweiz\"],\"articleSection\":[\"ALLGEMEIN\",\"DIGITALISIERUNG\"],\"inLanguage\":\"de\"},{\"@type\":\"WebPage\",\"@id\":\"https:\\\/\\\/news.save.ch\\\/kommando-cyber-der-armee-bundesrat-faellt-neue-entscheide\\\/\",\"url\":\"https:\\\/\\\/news.save.ch\\\/kommando-cyber-der-armee-bundesrat-faellt-neue-entscheide\\\/\",\"name\":\"Kommando Cyber der Armee: Bundesrat f\u00e4llt neue Entscheide - Save\",\"isPartOf\":{\"@id\":\"https:\\\/\\\/news.save.ch\\\/de\\\/#website\"},\"primaryImageOfPage\":{\"@id\":\"https:\\\/\\\/news.save.ch\\\/kommando-cyber-der-armee-bundesrat-faellt-neue-entscheide\\\/#primaryimage\"},\"image\":{\"@id\":\"https:\\\/\\\/news.save.ch\\\/kommando-cyber-der-armee-bundesrat-faellt-neue-entscheide\\\/#primaryimage\"},\"thumbnailUrl\":\"https:\\\/\\\/news.save.ch\\\/wp-content\\\/uploads\\\/2018\\\/04\\\/strategie.jpg\",\"datePublished\":\"2021-04-01T07:28:26+00:00\",\"dateModified\":\"2023-08-08T23:27:47+00:00\",\"description\":\"Die F\u00fchrungsbasisunterst\u00fctzung der Armee soll Anfang 2024 in ein Kommando Cyber weiterentwickelt werden. In einer Sitzung von Ende M\u00e4rz wurden nun erste personelle Entscheide gef\u00e4llt. Die offiziellen Ernennungen erfolgen auf den 1. Mai 2021.\",\"breadcrumb\":{\"@id\":\"https:\\\/\\\/news.save.ch\\\/kommando-cyber-der-armee-bundesrat-faellt-neue-entscheide\\\/#breadcrumb\"},\"inLanguage\":\"de\",\"potentialAction\":[{\"@type\":\"ReadAction\",\"target\":[\"https:\\\/\\\/news.save.ch\\\/kommando-cyber-der-armee-bundesrat-faellt-neue-entscheide\\\/\"]}]},{\"@type\":\"ImageObject\",\"inLanguage\":\"de\",\"@id\":\"https:\\\/\\\/news.save.ch\\\/kommando-cyber-der-armee-bundesrat-faellt-neue-entscheide\\\/#primaryimage\",\"url\":\"https:\\\/\\\/news.save.ch\\\/wp-content\\\/uploads\\\/2018\\\/04\\\/strategie.jpg\",\"contentUrl\":\"https:\\\/\\\/news.save.ch\\\/wp-content\\\/uploads\\\/2018\\\/04\\\/strategie.jpg\",\"width\":872,\"height\":602,\"caption\":\"Quelle: Bund\"},{\"@type\":\"BreadcrumbList\",\"@id\":\"https:\\\/\\\/news.save.ch\\\/kommando-cyber-der-armee-bundesrat-faellt-neue-entscheide\\\/#breadcrumb\",\"itemListElement\":[{\"@type\":\"ListItem\",\"position\":1,\"name\":\"Home\",\"item\":\"https:\\\/\\\/news.save.ch\\\/de\\\/\"},{\"@type\":\"ListItem\",\"position\":2,\"name\":\"Kommando Cyber der Armee: Bundesrat f\u00e4llt neue Entscheide\"}]},{\"@type\":\"WebSite\",\"@id\":\"https:\\\/\\\/news.save.ch\\\/de\\\/#website\",\"url\":\"https:\\\/\\\/news.save.ch\\\/de\\\/\",\"name\":\"Save\",\"description\":\"Schweizer Fachzeitschrift f\u00fcr Sicherheit\",\"publisher\":{\"@id\":\"https:\\\/\\\/news.save.ch\\\/de\\\/#organization\"},\"potentialAction\":[{\"@type\":\"SearchAction\",\"target\":{\"@type\":\"EntryPoint\",\"urlTemplate\":\"https:\\\/\\\/news.save.ch\\\/de\\\/?s={search_term_string}\"},\"query-input\":{\"@type\":\"PropertyValueSpecification\",\"valueRequired\":true,\"valueName\":\"search_term_string\"}}],\"inLanguage\":\"de\"},{\"@type\":\"Organization\",\"@id\":\"https:\\\/\\\/news.save.ch\\\/de\\\/#organization\",\"name\":\"Sicherheitsforum\",\"url\":\"https:\\\/\\\/news.save.ch\\\/de\\\/\",\"logo\":{\"@type\":\"ImageObject\",\"inLanguage\":\"de\",\"@id\":\"https:\\\/\\\/news.save.ch\\\/de\\\/#\\\/schema\\\/logo\\\/image\\\/\",\"url\":\"https:\\\/\\\/news.save.ch\\\/wp-content\\\/uploads\\\/2022\\\/06\\\/Logo_SF_2012.png\",\"contentUrl\":\"https:\\\/\\\/news.save.ch\\\/wp-content\\\/uploads\\\/2022\\\/06\\\/Logo_SF_2012.png\",\"width\":1100,\"height\":91,\"caption\":\"Sicherheitsforum\"},\"image\":{\"@id\":\"https:\\\/\\\/news.save.ch\\\/de\\\/#\\\/schema\\\/logo\\\/image\\\/\"}},{\"@type\":\"Person\",\"@id\":\"https:\\\/\\\/news.save.ch\\\/de\\\/#\\\/schema\\\/person\\\/ad4ef21102fd6125312409ac57d5296d\",\"name\":\"Simon Gr\u00f6flin\",\"image\":{\"@type\":\"ImageObject\",\"inLanguage\":\"de\",\"@id\":\"https:\\\/\\\/secure.gravatar.com\\\/avatar\\\/6ddceb80eb734354635539e0ea5140bb7c41e42de7c45c9a2ab9921b5d5c9a83?s=96&d=mm&r=g\",\"url\":\"https:\\\/\\\/secure.gravatar.com\\\/avatar\\\/6ddceb80eb734354635539e0ea5140bb7c41e42de7c45c9a2ab9921b5d5c9a83?s=96&d=mm&r=g\",\"contentUrl\":\"https:\\\/\\\/secure.gravatar.com\\\/avatar\\\/6ddceb80eb734354635539e0ea5140bb7c41e42de7c45c9a2ab9921b5d5c9a83?s=96&d=mm&r=g\",\"caption\":\"Simon Gr\u00f6flin\"},\"url\":\"https:\\\/\\\/news.save.ch\\\/de\\\/author\\\/simon-groeflin\\\/\"}]}<\/script>\n<!-- \/ Yoast SEO plugin. -->","yoast_head_json":{"title":"Kommando Cyber der Armee: Bundesrat f\u00e4llt neue Entscheide - Save","description":"Die F\u00fchrungsbasisunterst\u00fctzung der Armee soll Anfang 2024 in ein Kommando Cyber weiterentwickelt werden. In einer Sitzung von Ende M\u00e4rz wurden nun erste personelle Entscheide gef\u00e4llt. Die offiziellen Ernennungen erfolgen auf den 1. Mai 2021.","robots":{"index":"index","follow":"follow","max-snippet":"max-snippet:-1","max-image-preview":"max-image-preview:large","max-video-preview":"max-video-preview:-1"},"canonical":"https:\/\/news.save.ch\/de\/kommando-cyber-der-armee-bundesrat-faellt-neue-entscheide\/","og_locale":"de_DE","og_type":"article","og_title":"Kommando Cyber der Armee: Bundesrat f\u00e4llt neue Entscheide - Save","og_description":"Die F\u00fchrungsbasisunterst\u00fctzung der Armee soll Anfang 2024 in ein Kommando Cyber weiterentwickelt werden. In einer Sitzung von Ende M\u00e4rz wurden nun erste personelle Entscheide gef\u00e4llt. Die offiziellen Ernennungen erfolgen auf den 1. Mai 2021.","og_url":"https:\/\/news.save.ch\/de\/kommando-cyber-der-armee-bundesrat-faellt-neue-entscheide\/","og_site_name":"Save","article_published_time":"2021-04-01T07:28:26+00:00","article_modified_time":"2023-08-08T23:27:47+00:00","og_image":[{"width":872,"height":602,"url":"https:\/\/news.save.ch\/wp-content\/uploads\/2018\/04\/strategie.jpg","type":"image\/jpeg"}],"author":"Simon Gr\u00f6flin","twitter_card":"summary_large_image","twitter_misc":{"Geschrieben von":"Simon Gr\u00f6flin","Gesch\u00e4tzte Lesezeit":"2\u00a0Minuten"},"schema":{"@context":"https:\/\/schema.org","@graph":[{"@type":"Article","@id":"https:\/\/news.save.ch\/kommando-cyber-der-armee-bundesrat-faellt-neue-entscheide\/#article","isPartOf":{"@id":"https:\/\/news.save.ch\/kommando-cyber-der-armee-bundesrat-faellt-neue-entscheide\/"},"author":{"name":"Simon Gr\u00f6flin","@id":"https:\/\/news.save.ch\/de\/#\/schema\/person\/ad4ef21102fd6125312409ac57d5296d"},"headline":"Kommando Cyber der Armee: Bundesrat f\u00e4llt neue Entscheide","datePublished":"2021-04-01T07:28:26+00:00","dateModified":"2023-08-08T23:27:47+00:00","mainEntityOfPage":{"@id":"https:\/\/news.save.ch\/kommando-cyber-der-armee-bundesrat-faellt-neue-entscheide\/"},"wordCount":273,"publisher":{"@id":"https:\/\/news.save.ch\/de\/#organization"},"image":{"@id":"https:\/\/news.save.ch\/kommando-cyber-der-armee-bundesrat-faellt-neue-entscheide\/#primaryimage"},"thumbnailUrl":"https:\/\/news.save.ch\/wp-content\/uploads\/2018\/04\/strategie.jpg","keywords":["Alain Vuitel","Cybersicherheit","F\u00fchrungsbasisunterst\u00fctzung","Informatikdienstleistungen","Kommando Cyber","Milit\u00e4rverwaltung","Schweiz"],"articleSection":["ALLGEMEIN","DIGITALISIERUNG"],"inLanguage":"de"},{"@type":"WebPage","@id":"https:\/\/news.save.ch\/kommando-cyber-der-armee-bundesrat-faellt-neue-entscheide\/","url":"https:\/\/news.save.ch\/kommando-cyber-der-armee-bundesrat-faellt-neue-entscheide\/","name":"Kommando Cyber der Armee: Bundesrat f\u00e4llt neue Entscheide - Save","isPartOf":{"@id":"https:\/\/news.save.ch\/de\/#website"},"primaryImageOfPage":{"@id":"https:\/\/news.save.ch\/kommando-cyber-der-armee-bundesrat-faellt-neue-entscheide\/#primaryimage"},"image":{"@id":"https:\/\/news.save.ch\/kommando-cyber-der-armee-bundesrat-faellt-neue-entscheide\/#primaryimage"},"thumbnailUrl":"https:\/\/news.save.ch\/wp-content\/uploads\/2018\/04\/strategie.jpg","datePublished":"2021-04-01T07:28:26+00:00","dateModified":"2023-08-08T23:27:47+00:00","description":"Die F\u00fchrungsbasisunterst\u00fctzung der Armee soll Anfang 2024 in ein Kommando Cyber weiterentwickelt werden. In einer Sitzung von Ende M\u00e4rz wurden nun erste personelle Entscheide gef\u00e4llt. Die offiziellen Ernennungen erfolgen auf den 1. Mai 2021.","breadcrumb":{"@id":"https:\/\/news.save.ch\/kommando-cyber-der-armee-bundesrat-faellt-neue-entscheide\/#breadcrumb"},"inLanguage":"de","potentialAction":[{"@type":"ReadAction","target":["https:\/\/news.save.ch\/kommando-cyber-der-armee-bundesrat-faellt-neue-entscheide\/"]}]},{"@type":"ImageObject","inLanguage":"de","@id":"https:\/\/news.save.ch\/kommando-cyber-der-armee-bundesrat-faellt-neue-entscheide\/#primaryimage","url":"https:\/\/news.save.ch\/wp-content\/uploads\/2018\/04\/strategie.jpg","contentUrl":"https:\/\/news.save.ch\/wp-content\/uploads\/2018\/04\/strategie.jpg","width":872,"height":602,"caption":"Quelle: Bund"},{"@type":"BreadcrumbList","@id":"https:\/\/news.save.ch\/kommando-cyber-der-armee-bundesrat-faellt-neue-entscheide\/#breadcrumb","itemListElement":[{"@type":"ListItem","position":1,"name":"Home","item":"https:\/\/news.save.ch\/de\/"},{"@type":"ListItem","position":2,"name":"Kommando Cyber der Armee: Bundesrat f\u00e4llt neue Entscheide"}]},{"@type":"WebSite","@id":"https:\/\/news.save.ch\/de\/#website","url":"https:\/\/news.save.ch\/de\/","name":"Save","description":"Schweizer Fachzeitschrift f\u00fcr Sicherheit","publisher":{"@id":"https:\/\/news.save.ch\/de\/#organization"},"potentialAction":[{"@type":"SearchAction","target":{"@type":"EntryPoint","urlTemplate":"https:\/\/news.save.ch\/de\/?s={search_term_string}"},"query-input":{"@type":"PropertyValueSpecification","valueRequired":true,"valueName":"search_term_string"}}],"inLanguage":"de"},{"@type":"Organization","@id":"https:\/\/news.save.ch\/de\/#organization","name":"Sicherheitsforum","url":"https:\/\/news.save.ch\/de\/","logo":{"@type":"ImageObject","inLanguage":"de","@id":"https:\/\/news.save.ch\/de\/#\/schema\/logo\/image\/","url":"https:\/\/news.save.ch\/wp-content\/uploads\/2022\/06\/Logo_SF_2012.png","contentUrl":"https:\/\/news.save.ch\/wp-content\/uploads\/2022\/06\/Logo_SF_2012.png","width":1100,"height":91,"caption":"Sicherheitsforum"},"image":{"@id":"https:\/\/news.save.ch\/de\/#\/schema\/logo\/image\/"}},{"@type":"Person","@id":"https:\/\/news.save.ch\/de\/#\/schema\/person\/ad4ef21102fd6125312409ac57d5296d","name":"Simon Gr\u00f6flin","image":{"@type":"ImageObject","inLanguage":"de","@id":"https:\/\/secure.gravatar.com\/avatar\/6ddceb80eb734354635539e0ea5140bb7c41e42de7c45c9a2ab9921b5d5c9a83?s=96&d=mm&r=g","url":"https:\/\/secure.gravatar.com\/avatar\/6ddceb80eb734354635539e0ea5140bb7c41e42de7c45c9a2ab9921b5d5c9a83?s=96&d=mm&r=g","contentUrl":"https:\/\/secure.gravatar.com\/avatar\/6ddceb80eb734354635539e0ea5140bb7c41e42de7c45c9a2ab9921b5d5c9a83?s=96&d=mm&r=g","caption":"Simon Gr\u00f6flin"},"url":"https:\/\/news.save.ch\/de\/author\/simon-groeflin\/"}]}},"_links":{"self":[{"href":"https:\/\/news.save.ch\/de\/wp-json\/wp\/v2\/posts\/11796","targetHints":{"allow":["GET"]}}],"collection":[{"href":"https:\/\/news.save.ch\/de\/wp-json\/wp\/v2\/posts"}],"about":[{"href":"https:\/\/news.save.ch\/de\/wp-json\/wp\/v2\/types\/post"}],"author":[{"embeddable":true,"href":"https:\/\/news.save.ch\/de\/wp-json\/wp\/v2\/users\/9"}],"replies":[{"embeddable":true,"href":"https:\/\/news.save.ch\/de\/wp-json\/wp\/v2\/comments?post=11796"}],"version-history":[{"count":3,"href":"https:\/\/news.save.ch\/de\/wp-json\/wp\/v2\/posts\/11796\/revisions"}],"predecessor-version":[{"id":21615,"href":"https:\/\/news.save.ch\/de\/wp-json\/wp\/v2\/posts\/11796\/revisions\/21615"}],"wp:featuredmedia":[{"embeddable":true,"href":"https:\/\/news.save.ch\/de\/wp-json\/wp\/v2\/media\/6268"}],"wp:attachment":[{"href":"https:\/\/news.save.ch\/de\/wp-json\/wp\/v2\/media?parent=11796"}],"wp:term":[{"taxonomy":"category","embeddable":true,"href":"https:\/\/news.save.ch\/de\/wp-json\/wp\/v2\/categories?post=11796"},{"taxonomy":"post_tag","embeddable":true,"href":"https:\/\/news.save.ch\/de\/wp-json\/wp\/v2\/tags?post=11796"}],"curies":[{"name":"wp","href":"https:\/\/api.w.org\/{rel}","templated":true}]}}