{"id":11907,"date":"2021-04-28T09:23:30","date_gmt":"2021-04-28T07:23:30","guid":{"rendered":"https:\/\/news.save.ch\/?p=11907"},"modified":"2023-08-15T06:09:08","modified_gmt":"2023-08-15T04:09:08","slug":"diverse-ausfaelle-bei-teams","status":null,"type":"post","link":"https:\/\/news.save.ch\/de\/diverse-ausfaelle-bei-teams\/","title":{"rendered":"Diverse Ausf\u00e4lle bei Teams"},"content":{"rendered":"<p><img loading=\"lazy\" decoding=\"async\" class=\"alignnone wp-image-11908 size-full\" src=\"https:\/\/news.save.ch\/wp-content\/uploads\/2021\/04\/Microsoft_Teams.jpg\" alt=\"Microsoft Teams\" width=\"720\" height=\"406\" srcset=\"https:\/\/news.save.ch\/wp-content\/uploads\/2021\/04\/Microsoft_Teams.jpg 720w, https:\/\/news.save.ch\/wp-content\/uploads\/2021\/04\/Microsoft_Teams-375x211.jpg 375w\" sizes=\"auto, (max-width: 720px) 100vw, 720px\" \/><\/p>\n<p>Microsoft Teams hat seit Dienstagmittag mit diversen Ausf\u00e4llen zu k\u00e4mpfen. Viele Anwender konnten sich seit Dienstagmittag (Mitteleurop\u00e4ische Zeit) teils nicht einloggen, keine Chats schreiben oder ihre Kan\u00e4le nicht mehr sehen. Inzwischen soll jedoch laut \u00abHeise\u00bb wieder alles reibungslos laufen. Bei weiteren Problemen r\u00e4t Microsoft zu einem Neustart des Clients.<\/p>\n<p>Die Redmonder haben seither die Telemetriedaten unter die Lupe genommen. Die Ursache wurde\u00a0gefunden, jedoch ist nicht ganz klar, was den Fehler verursacht hat, da Microsoft nichts N\u00e4heres kommuniziert.<\/p>\n<p><em>Quelle: Heise.de\u00a0<\/em><\/p>\n","protected":false},"excerpt":{"rendered":"<p>Microsoft Teams hat seit Dienstagmittag mit diversen Ausf\u00e4llen zu k\u00e4mpfen. Viele Anwender konnten sich seit Dienstagmittag (Mitteleurop\u00e4ische Zeit) teils nicht einloggen, keine Chats schreiben oder ihre Kan\u00e4le nicht mehr sehen. Inzwischen soll jedoch laut \u00abHeise\u00bb wieder alles reibungslos laufen. Bei weiteren Problemen r\u00e4t Microsoft zu einem Neustart des Clients. Die Redmonder haben seither die Telemetriedaten [&hellip;]<\/p>\n","protected":false},"author":9,"featured_media":11908,"comment_status":"closed","ping_status":"closed","sticky":false,"template":"","format":"standard","meta":{"_acf_changed":false,"pgc_sgb_lightbox_settings":"","footnotes":""},"categories":[3313],"tags":[5576,1193,5579,5578,5577],"class_list":["post-11907","post","type-post","status-publish","format-standard","has-post-thumbnail","hentry","category-digitalisierung","tag-ausfaelle","tag-microsoft-teams","tag-neustart-des-clients","tag-redmonder","tag-telemetriedaten"],"acf":[],"hkrextid":null,"publication":null,"issue":null,"workflow":null,"startPage":null,"spitzmarke":null,"_posts_by_tag_page_fields":{"widget_title":"","widget_tags":""},"_at_widget":"1","_yoast_wpseo_primary_category":"","_yoast_wpseo_focuskw_text_input":null,"_yoast_wpseo_opengraph-image":null,"_yoast_wpseo_opengraph-description":null,"_yoast_wpseo_opengraph-title":null,"enclosure":null,"_yoast_wpseo_twitter-title":null,"_yoast_wpseo_twitter-description":null,"_yoast_wpseo_twitter-image":null,"_wp_old_slug":null,"_yoast_wpseo_title":null,"_yoast_wpseo_canonical":null,"yoast_head":"<!-- This site is optimized with the Yoast SEO plugin v27.5 - https:\/\/yoast.com\/product\/yoast-seo-wordpress\/ -->\n<title>Diverse Ausf\u00e4lle bei Teams - Save<\/title>\n<meta name=\"description\" content=\"Microsoft Teams hat weltweit mit Ausf\u00e4llen zu k\u00e4mpfen. Manche Menschen k\u00f6nnen sich nicht bei Teams anmelden, andere sehen ihre Kan\u00e4le nicht mehr.\" \/>\n<meta name=\"robots\" content=\"index, follow, max-snippet:-1, max-image-preview:large, max-video-preview:-1\" \/>\n<link rel=\"canonical\" href=\"https:\/\/news.save.ch\/de\/diverse-ausfaelle-bei-teams\/\" \/>\n<meta property=\"og:locale\" content=\"de_DE\" \/>\n<meta property=\"og:type\" content=\"article\" \/>\n<meta property=\"og:title\" content=\"Diverse Ausf\u00e4lle bei Teams - Save\" \/>\n<meta property=\"og:description\" content=\"Microsoft Teams hat weltweit mit Ausf\u00e4llen zu k\u00e4mpfen. Manche Menschen k\u00f6nnen sich nicht bei Teams anmelden, andere sehen ihre Kan\u00e4le nicht mehr.\" \/>\n<meta property=\"og:url\" content=\"https:\/\/news.save.ch\/de\/diverse-ausfaelle-bei-teams\/\" \/>\n<meta property=\"og:site_name\" content=\"Save\" \/>\n<meta property=\"article:published_time\" content=\"2021-04-28T07:23:30+00:00\" \/>\n<meta property=\"article:modified_time\" content=\"2023-08-15T04:09:08+00:00\" \/>\n<meta property=\"og:image\" content=\"https:\/\/news.save.ch\/wp-content\/uploads\/2021\/04\/Microsoft_Teams.jpg\" \/>\n\t<meta property=\"og:image:width\" content=\"720\" \/>\n\t<meta property=\"og:image:height\" content=\"406\" \/>\n\t<meta property=\"og:image:type\" content=\"image\/jpeg\" \/>\n<meta name=\"author\" content=\"Simon Gr\u00f6flin\" \/>\n<meta name=\"twitter:card\" content=\"summary_large_image\" \/>\n<meta name=\"twitter:label1\" content=\"Geschrieben von\" \/>\n\t<meta name=\"twitter:data1\" content=\"Simon Gr\u00f6flin\" \/>\n\t<meta name=\"twitter:label2\" content=\"Gesch\u00e4tzte Lesezeit\" \/>\n\t<meta name=\"twitter:data2\" content=\"1\u00a0Minute\" \/>\n<script type=\"application\/ld+json\" class=\"yoast-schema-graph\">{\"@context\":\"https:\\\/\\\/schema.org\",\"@graph\":[{\"@type\":\"Article\",\"@id\":\"https:\\\/\\\/news.save.ch\\\/diverse-ausfaelle-bei-teams\\\/#article\",\"isPartOf\":{\"@id\":\"https:\\\/\\\/news.save.ch\\\/diverse-ausfaelle-bei-teams\\\/\"},\"author\":{\"name\":\"Simon Gr\u00f6flin\",\"@id\":\"https:\\\/\\\/news.save.ch\\\/de\\\/#\\\/schema\\\/person\\\/ad4ef21102fd6125312409ac57d5296d\"},\"headline\":\"Diverse Ausf\u00e4lle bei Teams\",\"datePublished\":\"2021-04-28T07:23:30+00:00\",\"dateModified\":\"2023-08-15T04:09:08+00:00\",\"mainEntityOfPage\":{\"@id\":\"https:\\\/\\\/news.save.ch\\\/diverse-ausfaelle-bei-teams\\\/\"},\"wordCount\":92,\"publisher\":{\"@id\":\"https:\\\/\\\/news.save.ch\\\/de\\\/#organization\"},\"image\":{\"@id\":\"https:\\\/\\\/news.save.ch\\\/diverse-ausfaelle-bei-teams\\\/#primaryimage\"},\"thumbnailUrl\":\"https:\\\/\\\/news.save.ch\\\/wp-content\\\/uploads\\\/2021\\\/04\\\/Microsoft_Teams.jpg\",\"keywords\":[\"Ausf\u00e4lle\",\"Microsoft Teams\",\"Neustart des Clients\",\"Redmonder\",\"Telemetriedaten\"],\"articleSection\":[\"DIGITALISIERUNG\"],\"inLanguage\":\"de\"},{\"@type\":\"WebPage\",\"@id\":\"https:\\\/\\\/news.save.ch\\\/diverse-ausfaelle-bei-teams\\\/\",\"url\":\"https:\\\/\\\/news.save.ch\\\/diverse-ausfaelle-bei-teams\\\/\",\"name\":\"Diverse Ausf\u00e4lle bei Teams - Save\",\"isPartOf\":{\"@id\":\"https:\\\/\\\/news.save.ch\\\/de\\\/#website\"},\"primaryImageOfPage\":{\"@id\":\"https:\\\/\\\/news.save.ch\\\/diverse-ausfaelle-bei-teams\\\/#primaryimage\"},\"image\":{\"@id\":\"https:\\\/\\\/news.save.ch\\\/diverse-ausfaelle-bei-teams\\\/#primaryimage\"},\"thumbnailUrl\":\"https:\\\/\\\/news.save.ch\\\/wp-content\\\/uploads\\\/2021\\\/04\\\/Microsoft_Teams.jpg\",\"datePublished\":\"2021-04-28T07:23:30+00:00\",\"dateModified\":\"2023-08-15T04:09:08+00:00\",\"description\":\"Microsoft Teams hat weltweit mit Ausf\u00e4llen zu k\u00e4mpfen. Manche Menschen k\u00f6nnen sich nicht bei Teams anmelden, andere sehen ihre Kan\u00e4le nicht mehr.\",\"breadcrumb\":{\"@id\":\"https:\\\/\\\/news.save.ch\\\/diverse-ausfaelle-bei-teams\\\/#breadcrumb\"},\"inLanguage\":\"de\",\"potentialAction\":[{\"@type\":\"ReadAction\",\"target\":[\"https:\\\/\\\/news.save.ch\\\/diverse-ausfaelle-bei-teams\\\/\"]}]},{\"@type\":\"ImageObject\",\"inLanguage\":\"de\",\"@id\":\"https:\\\/\\\/news.save.ch\\\/diverse-ausfaelle-bei-teams\\\/#primaryimage\",\"url\":\"https:\\\/\\\/news.save.ch\\\/wp-content\\\/uploads\\\/2021\\\/04\\\/Microsoft_Teams.jpg\",\"contentUrl\":\"https:\\\/\\\/news.save.ch\\\/wp-content\\\/uploads\\\/2021\\\/04\\\/Microsoft_Teams.jpg\",\"width\":720,\"height\":406},{\"@type\":\"BreadcrumbList\",\"@id\":\"https:\\\/\\\/news.save.ch\\\/diverse-ausfaelle-bei-teams\\\/#breadcrumb\",\"itemListElement\":[{\"@type\":\"ListItem\",\"position\":1,\"name\":\"Home\",\"item\":\"https:\\\/\\\/news.save.ch\\\/de\\\/\"},{\"@type\":\"ListItem\",\"position\":2,\"name\":\"Diverse Ausf\u00e4lle bei Teams\"}]},{\"@type\":\"WebSite\",\"@id\":\"https:\\\/\\\/news.save.ch\\\/de\\\/#website\",\"url\":\"https:\\\/\\\/news.save.ch\\\/de\\\/\",\"name\":\"Save\",\"description\":\"Schweizer Fachzeitschrift f\u00fcr Sicherheit\",\"publisher\":{\"@id\":\"https:\\\/\\\/news.save.ch\\\/de\\\/#organization\"},\"potentialAction\":[{\"@type\":\"SearchAction\",\"target\":{\"@type\":\"EntryPoint\",\"urlTemplate\":\"https:\\\/\\\/news.save.ch\\\/de\\\/?s={search_term_string}\"},\"query-input\":{\"@type\":\"PropertyValueSpecification\",\"valueRequired\":true,\"valueName\":\"search_term_string\"}}],\"inLanguage\":\"de\"},{\"@type\":\"Organization\",\"@id\":\"https:\\\/\\\/news.save.ch\\\/de\\\/#organization\",\"name\":\"Sicherheitsforum\",\"url\":\"https:\\\/\\\/news.save.ch\\\/de\\\/\",\"logo\":{\"@type\":\"ImageObject\",\"inLanguage\":\"de\",\"@id\":\"https:\\\/\\\/news.save.ch\\\/de\\\/#\\\/schema\\\/logo\\\/image\\\/\",\"url\":\"https:\\\/\\\/news.save.ch\\\/wp-content\\\/uploads\\\/2022\\\/06\\\/Logo_SF_2012.png\",\"contentUrl\":\"https:\\\/\\\/news.save.ch\\\/wp-content\\\/uploads\\\/2022\\\/06\\\/Logo_SF_2012.png\",\"width\":1100,\"height\":91,\"caption\":\"Sicherheitsforum\"},\"image\":{\"@id\":\"https:\\\/\\\/news.save.ch\\\/de\\\/#\\\/schema\\\/logo\\\/image\\\/\"}},{\"@type\":\"Person\",\"@id\":\"https:\\\/\\\/news.save.ch\\\/de\\\/#\\\/schema\\\/person\\\/ad4ef21102fd6125312409ac57d5296d\",\"name\":\"Simon Gr\u00f6flin\",\"image\":{\"@type\":\"ImageObject\",\"inLanguage\":\"de\",\"@id\":\"https:\\\/\\\/secure.gravatar.com\\\/avatar\\\/6ddceb80eb734354635539e0ea5140bb7c41e42de7c45c9a2ab9921b5d5c9a83?s=96&d=mm&r=g\",\"url\":\"https:\\\/\\\/secure.gravatar.com\\\/avatar\\\/6ddceb80eb734354635539e0ea5140bb7c41e42de7c45c9a2ab9921b5d5c9a83?s=96&d=mm&r=g\",\"contentUrl\":\"https:\\\/\\\/secure.gravatar.com\\\/avatar\\\/6ddceb80eb734354635539e0ea5140bb7c41e42de7c45c9a2ab9921b5d5c9a83?s=96&d=mm&r=g\",\"caption\":\"Simon Gr\u00f6flin\"},\"url\":\"https:\\\/\\\/news.save.ch\\\/de\\\/author\\\/simon-groeflin\\\/\"}]}<\/script>\n<!-- \/ Yoast SEO plugin. -->","yoast_head_json":{"title":"Diverse Ausf\u00e4lle bei Teams - Save","description":"Microsoft Teams hat weltweit mit Ausf\u00e4llen zu k\u00e4mpfen. Manche Menschen k\u00f6nnen sich nicht bei Teams anmelden, andere sehen ihre Kan\u00e4le nicht mehr.","robots":{"index":"index","follow":"follow","max-snippet":"max-snippet:-1","max-image-preview":"max-image-preview:large","max-video-preview":"max-video-preview:-1"},"canonical":"https:\/\/news.save.ch\/de\/diverse-ausfaelle-bei-teams\/","og_locale":"de_DE","og_type":"article","og_title":"Diverse Ausf\u00e4lle bei Teams - Save","og_description":"Microsoft Teams hat weltweit mit Ausf\u00e4llen zu k\u00e4mpfen. Manche Menschen k\u00f6nnen sich nicht bei Teams anmelden, andere sehen ihre Kan\u00e4le nicht mehr.","og_url":"https:\/\/news.save.ch\/de\/diverse-ausfaelle-bei-teams\/","og_site_name":"Save","article_published_time":"2021-04-28T07:23:30+00:00","article_modified_time":"2023-08-15T04:09:08+00:00","og_image":[{"width":720,"height":406,"url":"https:\/\/news.save.ch\/wp-content\/uploads\/2021\/04\/Microsoft_Teams.jpg","type":"image\/jpeg"}],"author":"Simon Gr\u00f6flin","twitter_card":"summary_large_image","twitter_misc":{"Geschrieben von":"Simon Gr\u00f6flin","Gesch\u00e4tzte Lesezeit":"1\u00a0Minute"},"schema":{"@context":"https:\/\/schema.org","@graph":[{"@type":"Article","@id":"https:\/\/news.save.ch\/diverse-ausfaelle-bei-teams\/#article","isPartOf":{"@id":"https:\/\/news.save.ch\/diverse-ausfaelle-bei-teams\/"},"author":{"name":"Simon Gr\u00f6flin","@id":"https:\/\/news.save.ch\/de\/#\/schema\/person\/ad4ef21102fd6125312409ac57d5296d"},"headline":"Diverse Ausf\u00e4lle bei Teams","datePublished":"2021-04-28T07:23:30+00:00","dateModified":"2023-08-15T04:09:08+00:00","mainEntityOfPage":{"@id":"https:\/\/news.save.ch\/diverse-ausfaelle-bei-teams\/"},"wordCount":92,"publisher":{"@id":"https:\/\/news.save.ch\/de\/#organization"},"image":{"@id":"https:\/\/news.save.ch\/diverse-ausfaelle-bei-teams\/#primaryimage"},"thumbnailUrl":"https:\/\/news.save.ch\/wp-content\/uploads\/2021\/04\/Microsoft_Teams.jpg","keywords":["Ausf\u00e4lle","Microsoft Teams","Neustart des Clients","Redmonder","Telemetriedaten"],"articleSection":["DIGITALISIERUNG"],"inLanguage":"de"},{"@type":"WebPage","@id":"https:\/\/news.save.ch\/diverse-ausfaelle-bei-teams\/","url":"https:\/\/news.save.ch\/diverse-ausfaelle-bei-teams\/","name":"Diverse Ausf\u00e4lle bei Teams - Save","isPartOf":{"@id":"https:\/\/news.save.ch\/de\/#website"},"primaryImageOfPage":{"@id":"https:\/\/news.save.ch\/diverse-ausfaelle-bei-teams\/#primaryimage"},"image":{"@id":"https:\/\/news.save.ch\/diverse-ausfaelle-bei-teams\/#primaryimage"},"thumbnailUrl":"https:\/\/news.save.ch\/wp-content\/uploads\/2021\/04\/Microsoft_Teams.jpg","datePublished":"2021-04-28T07:23:30+00:00","dateModified":"2023-08-15T04:09:08+00:00","description":"Microsoft Teams hat weltweit mit Ausf\u00e4llen zu k\u00e4mpfen. Manche Menschen k\u00f6nnen sich nicht bei Teams anmelden, andere sehen ihre Kan\u00e4le nicht mehr.","breadcrumb":{"@id":"https:\/\/news.save.ch\/diverse-ausfaelle-bei-teams\/#breadcrumb"},"inLanguage":"de","potentialAction":[{"@type":"ReadAction","target":["https:\/\/news.save.ch\/diverse-ausfaelle-bei-teams\/"]}]},{"@type":"ImageObject","inLanguage":"de","@id":"https:\/\/news.save.ch\/diverse-ausfaelle-bei-teams\/#primaryimage","url":"https:\/\/news.save.ch\/wp-content\/uploads\/2021\/04\/Microsoft_Teams.jpg","contentUrl":"https:\/\/news.save.ch\/wp-content\/uploads\/2021\/04\/Microsoft_Teams.jpg","width":720,"height":406},{"@type":"BreadcrumbList","@id":"https:\/\/news.save.ch\/diverse-ausfaelle-bei-teams\/#breadcrumb","itemListElement":[{"@type":"ListItem","position":1,"name":"Home","item":"https:\/\/news.save.ch\/de\/"},{"@type":"ListItem","position":2,"name":"Diverse Ausf\u00e4lle bei Teams"}]},{"@type":"WebSite","@id":"https:\/\/news.save.ch\/de\/#website","url":"https:\/\/news.save.ch\/de\/","name":"Save","description":"Schweizer Fachzeitschrift f\u00fcr Sicherheit","publisher":{"@id":"https:\/\/news.save.ch\/de\/#organization"},"potentialAction":[{"@type":"SearchAction","target":{"@type":"EntryPoint","urlTemplate":"https:\/\/news.save.ch\/de\/?s={search_term_string}"},"query-input":{"@type":"PropertyValueSpecification","valueRequired":true,"valueName":"search_term_string"}}],"inLanguage":"de"},{"@type":"Organization","@id":"https:\/\/news.save.ch\/de\/#organization","name":"Sicherheitsforum","url":"https:\/\/news.save.ch\/de\/","logo":{"@type":"ImageObject","inLanguage":"de","@id":"https:\/\/news.save.ch\/de\/#\/schema\/logo\/image\/","url":"https:\/\/news.save.ch\/wp-content\/uploads\/2022\/06\/Logo_SF_2012.png","contentUrl":"https:\/\/news.save.ch\/wp-content\/uploads\/2022\/06\/Logo_SF_2012.png","width":1100,"height":91,"caption":"Sicherheitsforum"},"image":{"@id":"https:\/\/news.save.ch\/de\/#\/schema\/logo\/image\/"}},{"@type":"Person","@id":"https:\/\/news.save.ch\/de\/#\/schema\/person\/ad4ef21102fd6125312409ac57d5296d","name":"Simon Gr\u00f6flin","image":{"@type":"ImageObject","inLanguage":"de","@id":"https:\/\/secure.gravatar.com\/avatar\/6ddceb80eb734354635539e0ea5140bb7c41e42de7c45c9a2ab9921b5d5c9a83?s=96&d=mm&r=g","url":"https:\/\/secure.gravatar.com\/avatar\/6ddceb80eb734354635539e0ea5140bb7c41e42de7c45c9a2ab9921b5d5c9a83?s=96&d=mm&r=g","contentUrl":"https:\/\/secure.gravatar.com\/avatar\/6ddceb80eb734354635539e0ea5140bb7c41e42de7c45c9a2ab9921b5d5c9a83?s=96&d=mm&r=g","caption":"Simon Gr\u00f6flin"},"url":"https:\/\/news.save.ch\/de\/author\/simon-groeflin\/"}]}},"_links":{"self":[{"href":"https:\/\/news.save.ch\/de\/wp-json\/wp\/v2\/posts\/11907","targetHints":{"allow":["GET"]}}],"collection":[{"href":"https:\/\/news.save.ch\/de\/wp-json\/wp\/v2\/posts"}],"about":[{"href":"https:\/\/news.save.ch\/de\/wp-json\/wp\/v2\/types\/post"}],"author":[{"embeddable":true,"href":"https:\/\/news.save.ch\/de\/wp-json\/wp\/v2\/users\/9"}],"replies":[{"embeddable":true,"href":"https:\/\/news.save.ch\/de\/wp-json\/wp\/v2\/comments?post=11907"}],"version-history":[{"count":6,"href":"https:\/\/news.save.ch\/de\/wp-json\/wp\/v2\/posts\/11907\/revisions"}],"predecessor-version":[{"id":21791,"href":"https:\/\/news.save.ch\/de\/wp-json\/wp\/v2\/posts\/11907\/revisions\/21791"}],"wp:featuredmedia":[{"embeddable":true,"href":"https:\/\/news.save.ch\/de\/wp-json\/wp\/v2\/media\/11908"}],"wp:attachment":[{"href":"https:\/\/news.save.ch\/de\/wp-json\/wp\/v2\/media?parent=11907"}],"wp:term":[{"taxonomy":"category","embeddable":true,"href":"https:\/\/news.save.ch\/de\/wp-json\/wp\/v2\/categories?post=11907"},{"taxonomy":"post_tag","embeddable":true,"href":"https:\/\/news.save.ch\/de\/wp-json\/wp\/v2\/tags?post=11907"}],"curies":[{"name":"wp","href":"https:\/\/api.w.org\/{rel}","templated":true}]}}