{"id":12113,"date":"2021-06-07T07:15:31","date_gmt":"2021-06-07T05:15:31","guid":{"rendered":"https:\/\/news.save.ch\/?p=12113"},"modified":"2023-07-19T05:19:34","modified_gmt":"2023-07-19T03:19:34","slug":"strombedarf-schweiz-importabhaengigkeit-fuehrt-zu-wesentlichen-risiken","status":null,"type":"post","link":"https:\/\/news.save.ch\/de\/strombedarf-schweiz-importabhaengigkeit-fuehrt-zu-wesentlichen-risiken\/","title":{"rendered":"Strombedarf Schweiz: Importabh\u00e4ngigkeit f\u00fchrt zu wesentlichen Risiken"},"content":{"rendered":"<p><img loading=\"lazy\" decoding=\"async\" class=\"alignnone wp-image-12115 size-full\" src=\"https:\/\/news.save.ch\/wp-content\/uploads\/2021\/06\/Leibstadt_pixabay_teaser.jpg\" alt=\"Stromversorgung\" width=\"960\" height=\"506\" srcset=\"https:\/\/news.save.ch\/wp-content\/uploads\/2021\/06\/Leibstadt_pixabay_teaser.jpg 960w, https:\/\/news.save.ch\/wp-content\/uploads\/2021\/06\/Leibstadt_pixabay_teaser-375x198.jpg 375w\" sizes=\"auto, (max-width: 960px) 100vw, 960px\" \/><br \/>\n<em>\u00a9 Pixabay<\/em><\/p>\n<p>Wie ein Bericht der\u00a0Eidgen\u00f6ssische Elektrizit\u00e4tskommission (Elcom) zeigt, f\u00fchrt die hohe Importabh\u00e4ngigkeit der Schweiz beim Strombedarf zu wesentlichen Risiken w\u00e4hrend langer Zeit, zumal die Exportf\u00e4higkeit der Nachbarl\u00e4nder durch die Reduktion bzw. den Ausstieg aus Kern- und Kohleenergie verringert wird. Gleichzeitig steige die Abh\u00e4ngigkeit von politischen Entscheidungen im Ausland, sei dies von EU-Gremien oder von Regulatoren.<\/p>\n<p>Angesichts der enormen Bedeutung einer sicheren Stromversorgung bedeute es ein betr\u00e4chtliches Risiko, das System \u00fcber Jahre am Limit zu betreiben. Aufgrund dieser \u00dcberlegungen empfiehlt die Elcom, dass in der Schweiz mindestens so viel Winterproduktion bereitgestellt wird, dass im Winterhalbjahr nicht mehr als 10 TWh importiert werden m\u00fcssen.<\/p>\n<h2>Sehr gute Versorgungsqualit\u00e4t in der Schweiz<\/h2>\n<p>Die Schweiz geh\u00f6re aber dennoch zur Gruppe der L\u00e4nder mit der h\u00f6chsten Versorgungsqualit\u00e4t in Europa. Die Elcom berechnete wie in den Vorjahren die Stromversorgungsqualit\u00e4t basierend auf den Unterbrechungsmeldungen von mehr als drei Minuten der 94 gr\u00f6ssten Netzbetreiber in der Schweiz. Diese repr\u00e4sentieren 88 Prozent der Energieausspeisung in der Schweiz.<\/p>\n<p>Die Zahlen zeigen jedoch, dass sich die Unterdeckungen \u00fcberproportional im Vergleich mit \u00dcberdeckungen entwickeln. \u00dcberdeckungen m\u00fcssen von den Netzbetreibern zu Gunsten der Endkonsumenten verzinst werden, wohingegen f\u00fcr Unterdeckungen Zinsen verrechnet werden d\u00fcrfen.\u00a0 Auch k\u00f6nnten Netzbetreiber bewusst Unterdeckungen bilden, um aufgrund der derzeitigen g\u00fcnstigen Finanzierungsm\u00f6glichkeiten Zinsgewinne abzusch\u00f6pfen. Die Elcom werde ihre Aktivit\u00e4ten zur Reduktion der Unterdeckungen im laufenden Jahr verst\u00e4rken.<\/p>\n<p>Alle Dokumente sind auf der Webseite der ElCom (<a href=\"https:\/\/www.elcom.admin.ch\" target=\"_blank\" rel=\"noopener\">www.elcom.admin.ch<\/a>) einsehbar.<\/p>\n","protected":false},"excerpt":{"rendered":"<p>\u00a9 Pixabay Wie ein Bericht der\u00a0Eidgen\u00f6ssische Elektrizit\u00e4tskommission (Elcom) zeigt, f\u00fchrt die hohe Importabh\u00e4ngigkeit der Schweiz beim Strombedarf zu wesentlichen Risiken w\u00e4hrend langer Zeit, zumal die Exportf\u00e4higkeit der Nachbarl\u00e4nder durch die Reduktion bzw. den Ausstieg aus Kern- und Kohleenergie verringert wird. Gleichzeitig steige die Abh\u00e4ngigkeit von politischen Entscheidungen im Ausland, sei dies von EU-Gremien oder von [&hellip;]<\/p>\n","protected":false},"author":9,"featured_media":12115,"comment_status":"closed","ping_status":"closed","sticky":false,"template":"","format":"standard","meta":{"_acf_changed":false,"pgc_sgb_lightbox_settings":"","footnotes":""},"categories":[1],"tags":[1214,5490,601,387,5492,5491],"class_list":["post-12113","post","type-post","status-publish","format-standard","has-post-thumbnail","hentry","category-allgemein","tag-elcom","tag-importabhaengigkeit","tag-kernkraftwerk","tag-stromversorgung","tag-unterdeckungen","tag-versorgungsqualitaet"],"acf":[],"hkrextid":null,"publication":null,"issue":null,"workflow":null,"startPage":null,"spitzmarke":null,"_posts_by_tag_page_fields":{"widget_title":"","widget_tags":""},"_at_widget":"1","_yoast_wpseo_primary_category":"1","_yoast_wpseo_focuskw_text_input":null,"_yoast_wpseo_opengraph-image":null,"_yoast_wpseo_opengraph-description":null,"_yoast_wpseo_opengraph-title":null,"enclosure":null,"_yoast_wpseo_twitter-title":null,"_yoast_wpseo_twitter-description":null,"_yoast_wpseo_twitter-image":null,"_wp_old_slug":null,"_yoast_wpseo_title":null,"_yoast_wpseo_canonical":null,"yoast_head":"<!-- This site is optimized with the Yoast SEO plugin v27.5 - https:\/\/yoast.com\/product\/yoast-seo-wordpress\/ -->\n<title>Strombedarf Schweiz: Importabh\u00e4ngigkeit f\u00fchrt zu wesentlichen Risiken - Save<\/title>\n<meta name=\"description\" content=\"In der Schweiz besteht nach wie vor Handlungsbedarf bei der Stromversorgung im Winter. Dennoch geh\u00f6rt die Schweiz zu den L\u00e4ndern mit der h\u00f6chsten Stromversorgungsqualit\u00e4t in Europa. Das folgert die Eidgen\u00f6ssische Elektrizit\u00e4tskommission Elcom in Ihrer Jahresmedienkonferenz.\" \/>\n<meta name=\"robots\" content=\"index, follow, max-snippet:-1, max-image-preview:large, max-video-preview:-1\" \/>\n<link rel=\"canonical\" href=\"https:\/\/news.save.ch\/de\/strombedarf-schweiz-importabhaengigkeit-fuehrt-zu-wesentlichen-risiken\/\" \/>\n<meta property=\"og:locale\" content=\"de_DE\" \/>\n<meta property=\"og:type\" content=\"article\" \/>\n<meta property=\"og:title\" content=\"Strombedarf Schweiz: Importabh\u00e4ngigkeit f\u00fchrt zu wesentlichen Risiken - Save\" \/>\n<meta property=\"og:description\" content=\"In der Schweiz besteht nach wie vor Handlungsbedarf bei der Stromversorgung im Winter. Dennoch geh\u00f6rt die Schweiz zu den L\u00e4ndern mit der h\u00f6chsten Stromversorgungsqualit\u00e4t in Europa. Das folgert die Eidgen\u00f6ssische Elektrizit\u00e4tskommission Elcom in Ihrer Jahresmedienkonferenz.\" \/>\n<meta property=\"og:url\" content=\"https:\/\/news.save.ch\/de\/strombedarf-schweiz-importabhaengigkeit-fuehrt-zu-wesentlichen-risiken\/\" \/>\n<meta property=\"og:site_name\" content=\"Save\" \/>\n<meta property=\"article:published_time\" content=\"2021-06-07T05:15:31+00:00\" \/>\n<meta property=\"article:modified_time\" content=\"2023-07-19T03:19:34+00:00\" \/>\n<meta property=\"og:image\" content=\"https:\/\/news.save.ch\/wp-content\/uploads\/2021\/06\/Leibstadt_pixabay_teaser.jpg\" \/>\n\t<meta property=\"og:image:width\" content=\"960\" \/>\n\t<meta property=\"og:image:height\" content=\"506\" \/>\n\t<meta property=\"og:image:type\" content=\"image\/jpeg\" \/>\n<meta name=\"author\" content=\"Simon Gr\u00f6flin\" \/>\n<meta name=\"twitter:card\" content=\"summary_large_image\" \/>\n<meta name=\"twitter:label1\" content=\"Geschrieben von\" \/>\n\t<meta name=\"twitter:data1\" content=\"Simon Gr\u00f6flin\" \/>\n\t<meta name=\"twitter:label2\" content=\"Gesch\u00e4tzte Lesezeit\" \/>\n\t<meta name=\"twitter:data2\" content=\"2\u00a0Minuten\" \/>\n<script type=\"application\/ld+json\" class=\"yoast-schema-graph\">{\"@context\":\"https:\\\/\\\/schema.org\",\"@graph\":[{\"@type\":\"Article\",\"@id\":\"https:\\\/\\\/news.save.ch\\\/strombedarf-schweiz-importabhaengigkeit-fuehrt-zu-wesentlichen-risiken\\\/#article\",\"isPartOf\":{\"@id\":\"https:\\\/\\\/news.save.ch\\\/strombedarf-schweiz-importabhaengigkeit-fuehrt-zu-wesentlichen-risiken\\\/\"},\"author\":{\"name\":\"Simon Gr\u00f6flin\",\"@id\":\"https:\\\/\\\/news.save.ch\\\/de\\\/#\\\/schema\\\/person\\\/ad4ef21102fd6125312409ac57d5296d\"},\"headline\":\"Strombedarf Schweiz: Importabh\u00e4ngigkeit f\u00fchrt zu wesentlichen Risiken\",\"datePublished\":\"2021-06-07T05:15:31+00:00\",\"dateModified\":\"2023-07-19T03:19:34+00:00\",\"mainEntityOfPage\":{\"@id\":\"https:\\\/\\\/news.save.ch\\\/strombedarf-schweiz-importabhaengigkeit-fuehrt-zu-wesentlichen-risiken\\\/\"},\"wordCount\":263,\"publisher\":{\"@id\":\"https:\\\/\\\/news.save.ch\\\/de\\\/#organization\"},\"image\":{\"@id\":\"https:\\\/\\\/news.save.ch\\\/strombedarf-schweiz-importabhaengigkeit-fuehrt-zu-wesentlichen-risiken\\\/#primaryimage\"},\"thumbnailUrl\":\"https:\\\/\\\/news.save.ch\\\/wp-content\\\/uploads\\\/2021\\\/06\\\/Leibstadt_pixabay_teaser.jpg\",\"keywords\":[\"Elcom\",\"Importabh\u00e4ngigkeit\",\"Kernkraftwerk\",\"Stromversorgung\",\"Unterdeckungen\",\"Versorgungsqualit\u00e4t\"],\"articleSection\":[\"ALLGEMEIN\"],\"inLanguage\":\"de\"},{\"@type\":\"WebPage\",\"@id\":\"https:\\\/\\\/news.save.ch\\\/strombedarf-schweiz-importabhaengigkeit-fuehrt-zu-wesentlichen-risiken\\\/\",\"url\":\"https:\\\/\\\/news.save.ch\\\/strombedarf-schweiz-importabhaengigkeit-fuehrt-zu-wesentlichen-risiken\\\/\",\"name\":\"Strombedarf Schweiz: Importabh\u00e4ngigkeit f\u00fchrt zu wesentlichen Risiken - Save\",\"isPartOf\":{\"@id\":\"https:\\\/\\\/news.save.ch\\\/de\\\/#website\"},\"primaryImageOfPage\":{\"@id\":\"https:\\\/\\\/news.save.ch\\\/strombedarf-schweiz-importabhaengigkeit-fuehrt-zu-wesentlichen-risiken\\\/#primaryimage\"},\"image\":{\"@id\":\"https:\\\/\\\/news.save.ch\\\/strombedarf-schweiz-importabhaengigkeit-fuehrt-zu-wesentlichen-risiken\\\/#primaryimage\"},\"thumbnailUrl\":\"https:\\\/\\\/news.save.ch\\\/wp-content\\\/uploads\\\/2021\\\/06\\\/Leibstadt_pixabay_teaser.jpg\",\"datePublished\":\"2021-06-07T05:15:31+00:00\",\"dateModified\":\"2023-07-19T03:19:34+00:00\",\"description\":\"In der Schweiz besteht nach wie vor Handlungsbedarf bei der Stromversorgung im Winter. Dennoch geh\u00f6rt die Schweiz zu den L\u00e4ndern mit der h\u00f6chsten Stromversorgungsqualit\u00e4t in Europa. Das folgert die Eidgen\u00f6ssische Elektrizit\u00e4tskommission Elcom in Ihrer Jahresmedienkonferenz.\",\"breadcrumb\":{\"@id\":\"https:\\\/\\\/news.save.ch\\\/strombedarf-schweiz-importabhaengigkeit-fuehrt-zu-wesentlichen-risiken\\\/#breadcrumb\"},\"inLanguage\":\"de\",\"potentialAction\":[{\"@type\":\"ReadAction\",\"target\":[\"https:\\\/\\\/news.save.ch\\\/strombedarf-schweiz-importabhaengigkeit-fuehrt-zu-wesentlichen-risiken\\\/\"]}]},{\"@type\":\"ImageObject\",\"inLanguage\":\"de\",\"@id\":\"https:\\\/\\\/news.save.ch\\\/strombedarf-schweiz-importabhaengigkeit-fuehrt-zu-wesentlichen-risiken\\\/#primaryimage\",\"url\":\"https:\\\/\\\/news.save.ch\\\/wp-content\\\/uploads\\\/2021\\\/06\\\/Leibstadt_pixabay_teaser.jpg\",\"contentUrl\":\"https:\\\/\\\/news.save.ch\\\/wp-content\\\/uploads\\\/2021\\\/06\\\/Leibstadt_pixabay_teaser.jpg\",\"width\":960,\"height\":506},{\"@type\":\"BreadcrumbList\",\"@id\":\"https:\\\/\\\/news.save.ch\\\/strombedarf-schweiz-importabhaengigkeit-fuehrt-zu-wesentlichen-risiken\\\/#breadcrumb\",\"itemListElement\":[{\"@type\":\"ListItem\",\"position\":1,\"name\":\"Home\",\"item\":\"https:\\\/\\\/news.save.ch\\\/de\\\/\"},{\"@type\":\"ListItem\",\"position\":2,\"name\":\"Strombedarf Schweiz: Importabh\u00e4ngigkeit f\u00fchrt zu wesentlichen Risiken\"}]},{\"@type\":\"WebSite\",\"@id\":\"https:\\\/\\\/news.save.ch\\\/de\\\/#website\",\"url\":\"https:\\\/\\\/news.save.ch\\\/de\\\/\",\"name\":\"Save\",\"description\":\"Schweizer Fachzeitschrift f\u00fcr Sicherheit\",\"publisher\":{\"@id\":\"https:\\\/\\\/news.save.ch\\\/de\\\/#organization\"},\"potentialAction\":[{\"@type\":\"SearchAction\",\"target\":{\"@type\":\"EntryPoint\",\"urlTemplate\":\"https:\\\/\\\/news.save.ch\\\/de\\\/?s={search_term_string}\"},\"query-input\":{\"@type\":\"PropertyValueSpecification\",\"valueRequired\":true,\"valueName\":\"search_term_string\"}}],\"inLanguage\":\"de\"},{\"@type\":\"Organization\",\"@id\":\"https:\\\/\\\/news.save.ch\\\/de\\\/#organization\",\"name\":\"Sicherheitsforum\",\"url\":\"https:\\\/\\\/news.save.ch\\\/de\\\/\",\"logo\":{\"@type\":\"ImageObject\",\"inLanguage\":\"de\",\"@id\":\"https:\\\/\\\/news.save.ch\\\/de\\\/#\\\/schema\\\/logo\\\/image\\\/\",\"url\":\"https:\\\/\\\/news.save.ch\\\/wp-content\\\/uploads\\\/2022\\\/06\\\/Logo_SF_2012.png\",\"contentUrl\":\"https:\\\/\\\/news.save.ch\\\/wp-content\\\/uploads\\\/2022\\\/06\\\/Logo_SF_2012.png\",\"width\":1100,\"height\":91,\"caption\":\"Sicherheitsforum\"},\"image\":{\"@id\":\"https:\\\/\\\/news.save.ch\\\/de\\\/#\\\/schema\\\/logo\\\/image\\\/\"}},{\"@type\":\"Person\",\"@id\":\"https:\\\/\\\/news.save.ch\\\/de\\\/#\\\/schema\\\/person\\\/ad4ef21102fd6125312409ac57d5296d\",\"name\":\"Simon Gr\u00f6flin\",\"image\":{\"@type\":\"ImageObject\",\"inLanguage\":\"de\",\"@id\":\"https:\\\/\\\/secure.gravatar.com\\\/avatar\\\/6ddceb80eb734354635539e0ea5140bb7c41e42de7c45c9a2ab9921b5d5c9a83?s=96&d=mm&r=g\",\"url\":\"https:\\\/\\\/secure.gravatar.com\\\/avatar\\\/6ddceb80eb734354635539e0ea5140bb7c41e42de7c45c9a2ab9921b5d5c9a83?s=96&d=mm&r=g\",\"contentUrl\":\"https:\\\/\\\/secure.gravatar.com\\\/avatar\\\/6ddceb80eb734354635539e0ea5140bb7c41e42de7c45c9a2ab9921b5d5c9a83?s=96&d=mm&r=g\",\"caption\":\"Simon Gr\u00f6flin\"},\"url\":\"https:\\\/\\\/news.save.ch\\\/de\\\/author\\\/simon-groeflin\\\/\"}]}<\/script>\n<!-- \/ Yoast SEO plugin. -->","yoast_head_json":{"title":"Strombedarf Schweiz: Importabh\u00e4ngigkeit f\u00fchrt zu wesentlichen Risiken - Save","description":"In der Schweiz besteht nach wie vor Handlungsbedarf bei der Stromversorgung im Winter. Dennoch geh\u00f6rt die Schweiz zu den L\u00e4ndern mit der h\u00f6chsten Stromversorgungsqualit\u00e4t in Europa. Das folgert die Eidgen\u00f6ssische Elektrizit\u00e4tskommission Elcom in Ihrer Jahresmedienkonferenz.","robots":{"index":"index","follow":"follow","max-snippet":"max-snippet:-1","max-image-preview":"max-image-preview:large","max-video-preview":"max-video-preview:-1"},"canonical":"https:\/\/news.save.ch\/de\/strombedarf-schweiz-importabhaengigkeit-fuehrt-zu-wesentlichen-risiken\/","og_locale":"de_DE","og_type":"article","og_title":"Strombedarf Schweiz: Importabh\u00e4ngigkeit f\u00fchrt zu wesentlichen Risiken - Save","og_description":"In der Schweiz besteht nach wie vor Handlungsbedarf bei der Stromversorgung im Winter. Dennoch geh\u00f6rt die Schweiz zu den L\u00e4ndern mit der h\u00f6chsten Stromversorgungsqualit\u00e4t in Europa. Das folgert die Eidgen\u00f6ssische Elektrizit\u00e4tskommission Elcom in Ihrer Jahresmedienkonferenz.","og_url":"https:\/\/news.save.ch\/de\/strombedarf-schweiz-importabhaengigkeit-fuehrt-zu-wesentlichen-risiken\/","og_site_name":"Save","article_published_time":"2021-06-07T05:15:31+00:00","article_modified_time":"2023-07-19T03:19:34+00:00","og_image":[{"width":960,"height":506,"url":"https:\/\/news.save.ch\/wp-content\/uploads\/2021\/06\/Leibstadt_pixabay_teaser.jpg","type":"image\/jpeg"}],"author":"Simon Gr\u00f6flin","twitter_card":"summary_large_image","twitter_misc":{"Geschrieben von":"Simon Gr\u00f6flin","Gesch\u00e4tzte Lesezeit":"2\u00a0Minuten"},"schema":{"@context":"https:\/\/schema.org","@graph":[{"@type":"Article","@id":"https:\/\/news.save.ch\/strombedarf-schweiz-importabhaengigkeit-fuehrt-zu-wesentlichen-risiken\/#article","isPartOf":{"@id":"https:\/\/news.save.ch\/strombedarf-schweiz-importabhaengigkeit-fuehrt-zu-wesentlichen-risiken\/"},"author":{"name":"Simon Gr\u00f6flin","@id":"https:\/\/news.save.ch\/de\/#\/schema\/person\/ad4ef21102fd6125312409ac57d5296d"},"headline":"Strombedarf Schweiz: Importabh\u00e4ngigkeit f\u00fchrt zu wesentlichen Risiken","datePublished":"2021-06-07T05:15:31+00:00","dateModified":"2023-07-19T03:19:34+00:00","mainEntityOfPage":{"@id":"https:\/\/news.save.ch\/strombedarf-schweiz-importabhaengigkeit-fuehrt-zu-wesentlichen-risiken\/"},"wordCount":263,"publisher":{"@id":"https:\/\/news.save.ch\/de\/#organization"},"image":{"@id":"https:\/\/news.save.ch\/strombedarf-schweiz-importabhaengigkeit-fuehrt-zu-wesentlichen-risiken\/#primaryimage"},"thumbnailUrl":"https:\/\/news.save.ch\/wp-content\/uploads\/2021\/06\/Leibstadt_pixabay_teaser.jpg","keywords":["Elcom","Importabh\u00e4ngigkeit","Kernkraftwerk","Stromversorgung","Unterdeckungen","Versorgungsqualit\u00e4t"],"articleSection":["ALLGEMEIN"],"inLanguage":"de"},{"@type":"WebPage","@id":"https:\/\/news.save.ch\/strombedarf-schweiz-importabhaengigkeit-fuehrt-zu-wesentlichen-risiken\/","url":"https:\/\/news.save.ch\/strombedarf-schweiz-importabhaengigkeit-fuehrt-zu-wesentlichen-risiken\/","name":"Strombedarf Schweiz: Importabh\u00e4ngigkeit f\u00fchrt zu wesentlichen Risiken - Save","isPartOf":{"@id":"https:\/\/news.save.ch\/de\/#website"},"primaryImageOfPage":{"@id":"https:\/\/news.save.ch\/strombedarf-schweiz-importabhaengigkeit-fuehrt-zu-wesentlichen-risiken\/#primaryimage"},"image":{"@id":"https:\/\/news.save.ch\/strombedarf-schweiz-importabhaengigkeit-fuehrt-zu-wesentlichen-risiken\/#primaryimage"},"thumbnailUrl":"https:\/\/news.save.ch\/wp-content\/uploads\/2021\/06\/Leibstadt_pixabay_teaser.jpg","datePublished":"2021-06-07T05:15:31+00:00","dateModified":"2023-07-19T03:19:34+00:00","description":"In der Schweiz besteht nach wie vor Handlungsbedarf bei der Stromversorgung im Winter. Dennoch geh\u00f6rt die Schweiz zu den L\u00e4ndern mit der h\u00f6chsten Stromversorgungsqualit\u00e4t in Europa. Das folgert die Eidgen\u00f6ssische Elektrizit\u00e4tskommission Elcom in Ihrer Jahresmedienkonferenz.","breadcrumb":{"@id":"https:\/\/news.save.ch\/strombedarf-schweiz-importabhaengigkeit-fuehrt-zu-wesentlichen-risiken\/#breadcrumb"},"inLanguage":"de","potentialAction":[{"@type":"ReadAction","target":["https:\/\/news.save.ch\/strombedarf-schweiz-importabhaengigkeit-fuehrt-zu-wesentlichen-risiken\/"]}]},{"@type":"ImageObject","inLanguage":"de","@id":"https:\/\/news.save.ch\/strombedarf-schweiz-importabhaengigkeit-fuehrt-zu-wesentlichen-risiken\/#primaryimage","url":"https:\/\/news.save.ch\/wp-content\/uploads\/2021\/06\/Leibstadt_pixabay_teaser.jpg","contentUrl":"https:\/\/news.save.ch\/wp-content\/uploads\/2021\/06\/Leibstadt_pixabay_teaser.jpg","width":960,"height":506},{"@type":"BreadcrumbList","@id":"https:\/\/news.save.ch\/strombedarf-schweiz-importabhaengigkeit-fuehrt-zu-wesentlichen-risiken\/#breadcrumb","itemListElement":[{"@type":"ListItem","position":1,"name":"Home","item":"https:\/\/news.save.ch\/de\/"},{"@type":"ListItem","position":2,"name":"Strombedarf Schweiz: Importabh\u00e4ngigkeit f\u00fchrt zu wesentlichen Risiken"}]},{"@type":"WebSite","@id":"https:\/\/news.save.ch\/de\/#website","url":"https:\/\/news.save.ch\/de\/","name":"Save","description":"Schweizer Fachzeitschrift f\u00fcr Sicherheit","publisher":{"@id":"https:\/\/news.save.ch\/de\/#organization"},"potentialAction":[{"@type":"SearchAction","target":{"@type":"EntryPoint","urlTemplate":"https:\/\/news.save.ch\/de\/?s={search_term_string}"},"query-input":{"@type":"PropertyValueSpecification","valueRequired":true,"valueName":"search_term_string"}}],"inLanguage":"de"},{"@type":"Organization","@id":"https:\/\/news.save.ch\/de\/#organization","name":"Sicherheitsforum","url":"https:\/\/news.save.ch\/de\/","logo":{"@type":"ImageObject","inLanguage":"de","@id":"https:\/\/news.save.ch\/de\/#\/schema\/logo\/image\/","url":"https:\/\/news.save.ch\/wp-content\/uploads\/2022\/06\/Logo_SF_2012.png","contentUrl":"https:\/\/news.save.ch\/wp-content\/uploads\/2022\/06\/Logo_SF_2012.png","width":1100,"height":91,"caption":"Sicherheitsforum"},"image":{"@id":"https:\/\/news.save.ch\/de\/#\/schema\/logo\/image\/"}},{"@type":"Person","@id":"https:\/\/news.save.ch\/de\/#\/schema\/person\/ad4ef21102fd6125312409ac57d5296d","name":"Simon Gr\u00f6flin","image":{"@type":"ImageObject","inLanguage":"de","@id":"https:\/\/secure.gravatar.com\/avatar\/6ddceb80eb734354635539e0ea5140bb7c41e42de7c45c9a2ab9921b5d5c9a83?s=96&d=mm&r=g","url":"https:\/\/secure.gravatar.com\/avatar\/6ddceb80eb734354635539e0ea5140bb7c41e42de7c45c9a2ab9921b5d5c9a83?s=96&d=mm&r=g","contentUrl":"https:\/\/secure.gravatar.com\/avatar\/6ddceb80eb734354635539e0ea5140bb7c41e42de7c45c9a2ab9921b5d5c9a83?s=96&d=mm&r=g","caption":"Simon Gr\u00f6flin"},"url":"https:\/\/news.save.ch\/de\/author\/simon-groeflin\/"}]}},"_links":{"self":[{"href":"https:\/\/news.save.ch\/de\/wp-json\/wp\/v2\/posts\/12113","targetHints":{"allow":["GET"]}}],"collection":[{"href":"https:\/\/news.save.ch\/de\/wp-json\/wp\/v2\/posts"}],"about":[{"href":"https:\/\/news.save.ch\/de\/wp-json\/wp\/v2\/types\/post"}],"author":[{"embeddable":true,"href":"https:\/\/news.save.ch\/de\/wp-json\/wp\/v2\/users\/9"}],"replies":[{"embeddable":true,"href":"https:\/\/news.save.ch\/de\/wp-json\/wp\/v2\/comments?post=12113"}],"version-history":[{"count":2,"href":"https:\/\/news.save.ch\/de\/wp-json\/wp\/v2\/posts\/12113\/revisions"}],"predecessor-version":[{"id":21012,"href":"https:\/\/news.save.ch\/de\/wp-json\/wp\/v2\/posts\/12113\/revisions\/21012"}],"wp:featuredmedia":[{"embeddable":true,"href":"https:\/\/news.save.ch\/de\/wp-json\/wp\/v2\/media\/12115"}],"wp:attachment":[{"href":"https:\/\/news.save.ch\/de\/wp-json\/wp\/v2\/media?parent=12113"}],"wp:term":[{"taxonomy":"category","embeddable":true,"href":"https:\/\/news.save.ch\/de\/wp-json\/wp\/v2\/categories?post=12113"},{"taxonomy":"post_tag","embeddable":true,"href":"https:\/\/news.save.ch\/de\/wp-json\/wp\/v2\/tags?post=12113"}],"curies":[{"name":"wp","href":"https:\/\/api.w.org\/{rel}","templated":true}]}}