{"id":12240,"date":"2021-06-22T16:44:06","date_gmt":"2021-06-22T14:44:06","guid":{"rendered":"https:\/\/news.save.ch\/?p=12240"},"modified":"2023-08-05T10:35:24","modified_gmt":"2023-08-05T08:35:24","slug":"sicherheit-ist-schwer-messbar","status":null,"type":"post","link":"https:\/\/news.save.ch\/de\/sicherheit-ist-schwer-messbar\/","title":{"rendered":"\u00abSicherheit ist schwer messbar\u00bb"},"content":{"rendered":"<figure id=\"attachment_12243\" aria-describedby=\"caption-attachment-12243\" style=\"width: 993px\" class=\"wp-caption alignnone\"><img loading=\"lazy\" decoding=\"async\" class=\"wp-image-12243 size-full\" src=\"https:\/\/news.save.ch\/wp-content\/uploads\/2021\/06\/Schuetz_teaser.png\" alt=\"Cybersicherheit\" width=\"993\" height=\"745\" srcset=\"https:\/\/news.save.ch\/wp-content\/uploads\/2021\/06\/Schuetz_teaser.png 993w, https:\/\/news.save.ch\/wp-content\/uploads\/2021\/06\/Schuetz_teaser-375x281.png 375w\" sizes=\"auto, (max-width: 993px) 100vw, 993px\" \/><figcaption id=\"caption-attachment-12243\" class=\"wp-caption-text\">\u00a9 KEYSTONE-SDA\u2009\/\u2009Ga\u00ebtan Bally<\/figcaption><\/figure>\n<p><strong>Herr Sch\u00fctz, was sind derzeit f\u00fcr Sie die gr\u00f6ssten Herausforderungen Ihrer Agenda?\u00a0\u00a0<\/strong><\/p>\n<p>Bei den operativen Herausforderungen steht die Ausbreitung von Cyberrisiken im Vordergrund. Das Beispiel der Sicherheitsl\u00fccken bei den Exchange-Servern zeigt, dass Sicherheitsvorf\u00e4lle bei weit verbreiteten Produkten schnell Hun\u00adderte oder Tausende von Anwendern \u00adbetreffen. Weiter ist es nach wie vor unsere oberste Priorit\u00e4t, die kritischen In\u00adfrastrukturen und den Bund selber vor gezielten Angriffen zu sch\u00fctzen. Hier machen vor allem die immer ausge\u00adkl\u00fcgelteren Strategien der Angreifer und besonders die Angriffe \u00fcber die Supply Chain die Abwehr immer anspruchsvoller.<\/p>\n<p>Politisch stehen wir vor der Schwierigkeit, dass einerseits demokratische Verfahren viel Zeit in Anspruch nehmen, andererseits die Digitalisierung interna\u00adtional schnell fortschreitet. Wir m\u00fcssen plausibel und effizient die Cybersicherheit von Anfang an in Digitalisierungsbestrebungen einbeziehen, um bei Politik und Bev\u00f6lkerung das Vertrauen in diese Technologien zu f\u00f6rdern und die politischen Entscheidungsprozesse entsprechend schlank zu halten.<\/p>\n<p><strong>Melani hat letztes Jahr eine Zunahme von Ransomware-Attacken auf industrielle Kontrollsysteme registriert (Stichwort \u00abEkans\u00bb). Inwiefern sollte \u00abSnake\u00bb\/\u00abEkans\u00bb als Warnung begriffen werden, dass durch die Konvergenz von IT und ICS bzw. OT ernste Sicherheitsrisiken entstanden sind?<\/strong><\/p>\n<p>Die Konvergenz von IT und OT kann nicht aufgehalten werden. Umso wichtiger ist es zum Beispiel, entsprechend klare Schnittstellen und Sicherheitszonen einzurichten. Die Sicherheit muss von Beginn weg in die Planung der Infrastruktur einfliessen und \u00fcber den gesamten Entwicklungsprozess bis in den Betrieb umgesetzt werden. Ich empfehle hier zum Beispiel den Ansatz von Domain-driven Design, welches es erlaubt, IT optimal auf die gestellten Anforderungen inklusive Sicherheitsanforderungen auszurichten.<\/p>\n<p><strong>Haben Sie die Schweiz schon sicherer gemacht und welches sind Ihre wichtigsten Ziele, die Sie als Cyberchef des Bundes noch dieses Jahr erreichen wollen?<\/strong><\/p>\n<p>Sicherheit ist schwer messbar und letztendlich m\u00fcssen andere entscheiden, ob meine T\u00e4tigkeiten schon einen sinnvollen Beitrag zur Cybersicherheit der Schweiz hervorgebracht haben. Ich bin jedoch \u00fcberzeugt, dass wir schon einiges erreicht haben. Wir haben die Organisation im Bund gesch\u00e4rft und gest\u00e4rkt. Konkret \u00adhaben wir zum Beispiel eine nationale Anlaufstelle geschaffen, wo Firmen, Beh\u00f6rden sowie B\u00fcrgerinnen und B\u00fcrger Cybervorf\u00e4lle zentral melden k\u00f6nnen. Diese leitet die Anfragen an die zust\u00e4ndige Stelle, auch ausserhalb des Bundes, weiter. Ebenfalls haben wir Informationen zum pr\u00e4ventiven Schutz auf unserer neuen Homepage einfacher verf\u00fcgbar gemacht. Bei der Sicherheit der Swiss Covid App haben wir das Testen der Sicherheit koordiniert und dabei nicht nur selber getestet, sondern auch die \u00d6ffentlichkeit eingebunden. Dies, um nur einige Beispiele zu nennen.<\/p>\n<p>Aus meiner Sicht besteht jedoch sowohl bei der Wirtschaft wie auch den Beh\u00f6rden in verschiedenen Bereichen des Grundschutzes noch Nachholbedarf. Bei den meisten erfolgreichen Angriffen werden Schwachstellen ausgenutzt, die schon lange bekannt sind und h\u00e4tten beseitigt werden k\u00f6nnen. Unser langfristiges Ziel ist es, dass das NCSC die erforderlichen Rahmenbedingungen schafft, die es den Beh\u00f6rden und KMU erm\u00f6glichen, mit vertretbarem Aufwand die Eigen\u00adverant\u00adwor\u00adtung zum Cyberschutz wahrzunehmen und M\u00f6glichkeiten der Digitalisierung zu nutzen. Bis Ende dieses Jahres m\u00f6chten wir verschiedene Schritte zur Erreichung dieses Zieles machen. Wir werden dem Bundesrat eine Vorlage zur Einf\u00fchrung \u00adeiner Meldepflicht f\u00fcr Cyberangriffe vorlegen, wir werden mit Partnerorganisationen im Mai eine Awareness-Kampagne durchf\u00fchren und arbeiten mit den kritischen Infrastrukturen am Ausbau des Informationsaustausches zu Cyberrisiken.<\/p>\n<p><strong>Sie wollen f\u00fcr das Nationale Zentrum f\u00fcr Cybersicherheit noch dieses Jahr mehr Fachkr\u00e4fte engagieren. Finden Sie diese \u00fcberhaupt?\u00a0<\/strong><\/p>\n<p>Das NCSC hat bisher keine Probleme gehabt, geeignete Fachleute zu finden. Wir verf\u00fcgen \u00fcber ein breites Netzwerk zu Spezialisten und stellen immer wieder erfreut fest, dass viele dieser Spezialisten motiviert sind, ihr Expertenwissen f\u00fcr die Sicherheit der Schweiz einzusetzen.<\/p>\n<p><em>Das vollst\u00e4ndige Interview lesen Sie in der gedruckten Ausgabe SicherheitsForum 2-2021.<br \/>\nSie wollen die Artikel dieser Ausgabe lesen? Dann schliessen Sie gleich <a href=\"https:\/\/news.save.ch\/sicherheitsforum\/\" target=\"_blank\" rel=\"noopener\">hier<\/a> ein Abonnement ab.<\/em><\/p>\n","protected":false},"excerpt":{"rendered":"<p>Herr Sch\u00fctz, was sind derzeit f\u00fcr Sie die gr\u00f6ssten Herausforderungen Ihrer Agenda?\u00a0\u00a0 Bei den operativen Herausforderungen steht die Ausbreitung von Cyberrisiken im Vordergrund. Das Beispiel der Sicherheitsl\u00fccken bei den Exchange-Servern zeigt, dass Sicherheitsvorf\u00e4lle bei weit verbreiteten Produkten schnell Hun\u00adderte oder Tausende von Anwendern \u00adbetreffen. Weiter ist es nach wie vor unsere oberste Priorit\u00e4t, die kritischen [&hellip;]<\/p>\n","protected":false},"author":9,"featured_media":12243,"comment_status":"closed","ping_status":"closed","sticky":false,"template":"","format":"standard","meta":{"_acf_changed":false,"pgc_sgb_lightbox_settings":"","footnotes":""},"categories":[1],"tags":[4053,670,159,6251,1227,1044,1079,4224],"class_list":["post-12240","post","type-post","status-publish","format-standard","has-post-thumbnail","hentry","category-allgemein","tag-cyberrisiken","tag-cybersicherheit","tag-digitalisierung","tag-exchange-servern","tag-florian-schuetz","tag-ncsc","tag-schweiz","tag-sicherheitsluecken"],"acf":[],"hkrextid":null,"publication":null,"issue":null,"workflow":null,"startPage":null,"spitzmarke":null,"_posts_by_tag_page_fields":{"widget_title":"","widget_tags":""},"_at_widget":"1","_yoast_wpseo_primary_category":"","_yoast_wpseo_focuskw_text_input":null,"_yoast_wpseo_opengraph-image":null,"_yoast_wpseo_opengraph-description":null,"_yoast_wpseo_opengraph-title":null,"enclosure":null,"_yoast_wpseo_twitter-title":null,"_yoast_wpseo_twitter-description":null,"_yoast_wpseo_twitter-image":null,"_wp_old_slug":"das-internet-of-things-ist-eigentlich-eine-gute-sache","_yoast_wpseo_title":null,"_yoast_wpseo_canonical":null,"yoast_head":"<!-- This site is optimized with the Yoast SEO plugin v27.4 - https:\/\/yoast.com\/product\/yoast-seo-wordpress\/ -->\n<title>\u00abSicherheit ist schwer messbar\u00bb - Save<\/title>\n<meta name=\"description\" content=\"Florian Sch\u00fctz ist der erste Cyberdelegierte des Bundes. Im Interview mit dem SicherheitsForum erkl\u00e4rt er, warum die Industrie vermehrt von Cyberattacken betroffen ist und welche wichtigen Cybersicherheitsziele auf der Agenda stehen.\" \/>\n<meta name=\"robots\" content=\"index, follow, max-snippet:-1, max-image-preview:large, max-video-preview:-1\" \/>\n<link rel=\"canonical\" href=\"https:\/\/news.save.ch\/de\/sicherheit-ist-schwer-messbar\/\" \/>\n<meta property=\"og:locale\" content=\"de_DE\" \/>\n<meta property=\"og:type\" content=\"article\" \/>\n<meta property=\"og:title\" content=\"\u00abSicherheit ist schwer messbar\u00bb - Save\" \/>\n<meta property=\"og:description\" content=\"Florian Sch\u00fctz ist der erste Cyberdelegierte des Bundes. Im Interview mit dem SicherheitsForum erkl\u00e4rt er, warum die Industrie vermehrt von Cyberattacken betroffen ist und welche wichtigen Cybersicherheitsziele auf der Agenda stehen.\" \/>\n<meta property=\"og:url\" content=\"https:\/\/news.save.ch\/de\/sicherheit-ist-schwer-messbar\/\" \/>\n<meta property=\"og:site_name\" content=\"Save\" \/>\n<meta property=\"article:published_time\" content=\"2021-06-22T14:44:06+00:00\" \/>\n<meta property=\"article:modified_time\" content=\"2023-08-05T08:35:24+00:00\" \/>\n<meta property=\"og:image\" content=\"https:\/\/news.save.ch\/wp-content\/uploads\/2021\/06\/Schuetz_teaser.png\" \/>\n\t<meta property=\"og:image:width\" content=\"993\" \/>\n\t<meta property=\"og:image:height\" content=\"745\" \/>\n\t<meta property=\"og:image:type\" content=\"image\/png\" \/>\n<meta name=\"author\" content=\"Simon Gr\u00f6flin\" \/>\n<meta name=\"twitter:card\" content=\"summary_large_image\" \/>\n<meta name=\"twitter:label1\" content=\"Geschrieben von\" \/>\n\t<meta name=\"twitter:data1\" content=\"Simon Gr\u00f6flin\" \/>\n\t<meta name=\"twitter:label2\" content=\"Gesch\u00e4tzte Lesezeit\" \/>\n\t<meta name=\"twitter:data2\" content=\"4\u00a0Minuten\" \/>\n<script type=\"application\/ld+json\" class=\"yoast-schema-graph\">{\"@context\":\"https:\\\/\\\/schema.org\",\"@graph\":[{\"@type\":\"Article\",\"@id\":\"https:\\\/\\\/news.save.ch\\\/sicherheit-ist-schwer-messbar\\\/#article\",\"isPartOf\":{\"@id\":\"https:\\\/\\\/news.save.ch\\\/sicherheit-ist-schwer-messbar\\\/\"},\"author\":{\"name\":\"Simon Gr\u00f6flin\",\"@id\":\"https:\\\/\\\/news.save.ch\\\/de\\\/#\\\/schema\\\/person\\\/ad4ef21102fd6125312409ac57d5296d\"},\"headline\":\"\u00abSicherheit ist schwer messbar\u00bb\",\"datePublished\":\"2021-06-22T14:44:06+00:00\",\"dateModified\":\"2023-08-05T08:35:24+00:00\",\"mainEntityOfPage\":{\"@id\":\"https:\\\/\\\/news.save.ch\\\/sicherheit-ist-schwer-messbar\\\/\"},\"wordCount\":650,\"publisher\":{\"@id\":\"https:\\\/\\\/news.save.ch\\\/de\\\/#organization\"},\"image\":{\"@id\":\"https:\\\/\\\/news.save.ch\\\/sicherheit-ist-schwer-messbar\\\/#primaryimage\"},\"thumbnailUrl\":\"https:\\\/\\\/news.save.ch\\\/wp-content\\\/uploads\\\/2021\\\/06\\\/Schuetz_teaser.png\",\"keywords\":[\"Cyberrisiken\",\"Cybersicherheit\",\"Digitalisierung\",\"Exchange-Servern\",\"Florian Sch\u00fctz\",\"NCSC\",\"Schweiz\",\"Sicherheitsl\u00fccken\"],\"articleSection\":[\"ALLGEMEIN\"],\"inLanguage\":\"de\"},{\"@type\":\"WebPage\",\"@id\":\"https:\\\/\\\/news.save.ch\\\/sicherheit-ist-schwer-messbar\\\/\",\"url\":\"https:\\\/\\\/news.save.ch\\\/sicherheit-ist-schwer-messbar\\\/\",\"name\":\"\u00abSicherheit ist schwer messbar\u00bb - Save\",\"isPartOf\":{\"@id\":\"https:\\\/\\\/news.save.ch\\\/de\\\/#website\"},\"primaryImageOfPage\":{\"@id\":\"https:\\\/\\\/news.save.ch\\\/sicherheit-ist-schwer-messbar\\\/#primaryimage\"},\"image\":{\"@id\":\"https:\\\/\\\/news.save.ch\\\/sicherheit-ist-schwer-messbar\\\/#primaryimage\"},\"thumbnailUrl\":\"https:\\\/\\\/news.save.ch\\\/wp-content\\\/uploads\\\/2021\\\/06\\\/Schuetz_teaser.png\",\"datePublished\":\"2021-06-22T14:44:06+00:00\",\"dateModified\":\"2023-08-05T08:35:24+00:00\",\"description\":\"Florian Sch\u00fctz ist der erste Cyberdelegierte des Bundes. Im Interview mit dem SicherheitsForum erkl\u00e4rt er, warum die Industrie vermehrt von Cyberattacken betroffen ist und welche wichtigen Cybersicherheitsziele auf der Agenda stehen.\",\"breadcrumb\":{\"@id\":\"https:\\\/\\\/news.save.ch\\\/sicherheit-ist-schwer-messbar\\\/#breadcrumb\"},\"inLanguage\":\"de\",\"potentialAction\":[{\"@type\":\"ReadAction\",\"target\":[\"https:\\\/\\\/news.save.ch\\\/sicherheit-ist-schwer-messbar\\\/\"]}]},{\"@type\":\"ImageObject\",\"inLanguage\":\"de\",\"@id\":\"https:\\\/\\\/news.save.ch\\\/sicherheit-ist-schwer-messbar\\\/#primaryimage\",\"url\":\"https:\\\/\\\/news.save.ch\\\/wp-content\\\/uploads\\\/2021\\\/06\\\/Schuetz_teaser.png\",\"contentUrl\":\"https:\\\/\\\/news.save.ch\\\/wp-content\\\/uploads\\\/2021\\\/06\\\/Schuetz_teaser.png\",\"width\":993,\"height\":745,\"caption\":\"\u00a9 KEYSTONE-SDA\u2009\\\/\u2009Ga\u00ebtan Bally\"},{\"@type\":\"BreadcrumbList\",\"@id\":\"https:\\\/\\\/news.save.ch\\\/sicherheit-ist-schwer-messbar\\\/#breadcrumb\",\"itemListElement\":[{\"@type\":\"ListItem\",\"position\":1,\"name\":\"Home\",\"item\":\"https:\\\/\\\/news.save.ch\\\/de\\\/\"},{\"@type\":\"ListItem\",\"position\":2,\"name\":\"\u00abSicherheit ist schwer messbar\u00bb\"}]},{\"@type\":\"WebSite\",\"@id\":\"https:\\\/\\\/news.save.ch\\\/de\\\/#website\",\"url\":\"https:\\\/\\\/news.save.ch\\\/de\\\/\",\"name\":\"Save\",\"description\":\"Schweizer Fachzeitschrift f\u00fcr Sicherheit\",\"publisher\":{\"@id\":\"https:\\\/\\\/news.save.ch\\\/de\\\/#organization\"},\"potentialAction\":[{\"@type\":\"SearchAction\",\"target\":{\"@type\":\"EntryPoint\",\"urlTemplate\":\"https:\\\/\\\/news.save.ch\\\/de\\\/?s={search_term_string}\"},\"query-input\":{\"@type\":\"PropertyValueSpecification\",\"valueRequired\":true,\"valueName\":\"search_term_string\"}}],\"inLanguage\":\"de\"},{\"@type\":\"Organization\",\"@id\":\"https:\\\/\\\/news.save.ch\\\/de\\\/#organization\",\"name\":\"Sicherheitsforum\",\"url\":\"https:\\\/\\\/news.save.ch\\\/de\\\/\",\"logo\":{\"@type\":\"ImageObject\",\"inLanguage\":\"de\",\"@id\":\"https:\\\/\\\/news.save.ch\\\/de\\\/#\\\/schema\\\/logo\\\/image\\\/\",\"url\":\"https:\\\/\\\/news.save.ch\\\/wp-content\\\/uploads\\\/2022\\\/06\\\/Logo_SF_2012.png\",\"contentUrl\":\"https:\\\/\\\/news.save.ch\\\/wp-content\\\/uploads\\\/2022\\\/06\\\/Logo_SF_2012.png\",\"width\":1100,\"height\":91,\"caption\":\"Sicherheitsforum\"},\"image\":{\"@id\":\"https:\\\/\\\/news.save.ch\\\/de\\\/#\\\/schema\\\/logo\\\/image\\\/\"}},{\"@type\":\"Person\",\"@id\":\"https:\\\/\\\/news.save.ch\\\/de\\\/#\\\/schema\\\/person\\\/ad4ef21102fd6125312409ac57d5296d\",\"name\":\"Simon Gr\u00f6flin\",\"image\":{\"@type\":\"ImageObject\",\"inLanguage\":\"de\",\"@id\":\"https:\\\/\\\/secure.gravatar.com\\\/avatar\\\/6ddceb80eb734354635539e0ea5140bb7c41e42de7c45c9a2ab9921b5d5c9a83?s=96&d=mm&r=g\",\"url\":\"https:\\\/\\\/secure.gravatar.com\\\/avatar\\\/6ddceb80eb734354635539e0ea5140bb7c41e42de7c45c9a2ab9921b5d5c9a83?s=96&d=mm&r=g\",\"contentUrl\":\"https:\\\/\\\/secure.gravatar.com\\\/avatar\\\/6ddceb80eb734354635539e0ea5140bb7c41e42de7c45c9a2ab9921b5d5c9a83?s=96&d=mm&r=g\",\"caption\":\"Simon Gr\u00f6flin\"},\"url\":\"https:\\\/\\\/news.save.ch\\\/de\\\/author\\\/simon-groeflin\\\/\"}]}<\/script>\n<!-- \/ Yoast SEO plugin. -->","yoast_head_json":{"title":"\u00abSicherheit ist schwer messbar\u00bb - Save","description":"Florian Sch\u00fctz ist der erste Cyberdelegierte des Bundes. Im Interview mit dem SicherheitsForum erkl\u00e4rt er, warum die Industrie vermehrt von Cyberattacken betroffen ist und welche wichtigen Cybersicherheitsziele auf der Agenda stehen.","robots":{"index":"index","follow":"follow","max-snippet":"max-snippet:-1","max-image-preview":"max-image-preview:large","max-video-preview":"max-video-preview:-1"},"canonical":"https:\/\/news.save.ch\/de\/sicherheit-ist-schwer-messbar\/","og_locale":"de_DE","og_type":"article","og_title":"\u00abSicherheit ist schwer messbar\u00bb - Save","og_description":"Florian Sch\u00fctz ist der erste Cyberdelegierte des Bundes. Im Interview mit dem SicherheitsForum erkl\u00e4rt er, warum die Industrie vermehrt von Cyberattacken betroffen ist und welche wichtigen Cybersicherheitsziele auf der Agenda stehen.","og_url":"https:\/\/news.save.ch\/de\/sicherheit-ist-schwer-messbar\/","og_site_name":"Save","article_published_time":"2021-06-22T14:44:06+00:00","article_modified_time":"2023-08-05T08:35:24+00:00","og_image":[{"width":993,"height":745,"url":"https:\/\/news.save.ch\/wp-content\/uploads\/2021\/06\/Schuetz_teaser.png","type":"image\/png"}],"author":"Simon Gr\u00f6flin","twitter_card":"summary_large_image","twitter_misc":{"Geschrieben von":"Simon Gr\u00f6flin","Gesch\u00e4tzte Lesezeit":"4\u00a0Minuten"},"schema":{"@context":"https:\/\/schema.org","@graph":[{"@type":"Article","@id":"https:\/\/news.save.ch\/sicherheit-ist-schwer-messbar\/#article","isPartOf":{"@id":"https:\/\/news.save.ch\/sicherheit-ist-schwer-messbar\/"},"author":{"name":"Simon Gr\u00f6flin","@id":"https:\/\/news.save.ch\/de\/#\/schema\/person\/ad4ef21102fd6125312409ac57d5296d"},"headline":"\u00abSicherheit ist schwer messbar\u00bb","datePublished":"2021-06-22T14:44:06+00:00","dateModified":"2023-08-05T08:35:24+00:00","mainEntityOfPage":{"@id":"https:\/\/news.save.ch\/sicherheit-ist-schwer-messbar\/"},"wordCount":650,"publisher":{"@id":"https:\/\/news.save.ch\/de\/#organization"},"image":{"@id":"https:\/\/news.save.ch\/sicherheit-ist-schwer-messbar\/#primaryimage"},"thumbnailUrl":"https:\/\/news.save.ch\/wp-content\/uploads\/2021\/06\/Schuetz_teaser.png","keywords":["Cyberrisiken","Cybersicherheit","Digitalisierung","Exchange-Servern","Florian Sch\u00fctz","NCSC","Schweiz","Sicherheitsl\u00fccken"],"articleSection":["ALLGEMEIN"],"inLanguage":"de"},{"@type":"WebPage","@id":"https:\/\/news.save.ch\/sicherheit-ist-schwer-messbar\/","url":"https:\/\/news.save.ch\/sicherheit-ist-schwer-messbar\/","name":"\u00abSicherheit ist schwer messbar\u00bb - Save","isPartOf":{"@id":"https:\/\/news.save.ch\/de\/#website"},"primaryImageOfPage":{"@id":"https:\/\/news.save.ch\/sicherheit-ist-schwer-messbar\/#primaryimage"},"image":{"@id":"https:\/\/news.save.ch\/sicherheit-ist-schwer-messbar\/#primaryimage"},"thumbnailUrl":"https:\/\/news.save.ch\/wp-content\/uploads\/2021\/06\/Schuetz_teaser.png","datePublished":"2021-06-22T14:44:06+00:00","dateModified":"2023-08-05T08:35:24+00:00","description":"Florian Sch\u00fctz ist der erste Cyberdelegierte des Bundes. Im Interview mit dem SicherheitsForum erkl\u00e4rt er, warum die Industrie vermehrt von Cyberattacken betroffen ist und welche wichtigen Cybersicherheitsziele auf der Agenda stehen.","breadcrumb":{"@id":"https:\/\/news.save.ch\/sicherheit-ist-schwer-messbar\/#breadcrumb"},"inLanguage":"de","potentialAction":[{"@type":"ReadAction","target":["https:\/\/news.save.ch\/sicherheit-ist-schwer-messbar\/"]}]},{"@type":"ImageObject","inLanguage":"de","@id":"https:\/\/news.save.ch\/sicherheit-ist-schwer-messbar\/#primaryimage","url":"https:\/\/news.save.ch\/wp-content\/uploads\/2021\/06\/Schuetz_teaser.png","contentUrl":"https:\/\/news.save.ch\/wp-content\/uploads\/2021\/06\/Schuetz_teaser.png","width":993,"height":745,"caption":"\u00a9 KEYSTONE-SDA\u2009\/\u2009Ga\u00ebtan Bally"},{"@type":"BreadcrumbList","@id":"https:\/\/news.save.ch\/sicherheit-ist-schwer-messbar\/#breadcrumb","itemListElement":[{"@type":"ListItem","position":1,"name":"Home","item":"https:\/\/news.save.ch\/de\/"},{"@type":"ListItem","position":2,"name":"\u00abSicherheit ist schwer messbar\u00bb"}]},{"@type":"WebSite","@id":"https:\/\/news.save.ch\/de\/#website","url":"https:\/\/news.save.ch\/de\/","name":"Save","description":"Schweizer Fachzeitschrift f\u00fcr Sicherheit","publisher":{"@id":"https:\/\/news.save.ch\/de\/#organization"},"potentialAction":[{"@type":"SearchAction","target":{"@type":"EntryPoint","urlTemplate":"https:\/\/news.save.ch\/de\/?s={search_term_string}"},"query-input":{"@type":"PropertyValueSpecification","valueRequired":true,"valueName":"search_term_string"}}],"inLanguage":"de"},{"@type":"Organization","@id":"https:\/\/news.save.ch\/de\/#organization","name":"Sicherheitsforum","url":"https:\/\/news.save.ch\/de\/","logo":{"@type":"ImageObject","inLanguage":"de","@id":"https:\/\/news.save.ch\/de\/#\/schema\/logo\/image\/","url":"https:\/\/news.save.ch\/wp-content\/uploads\/2022\/06\/Logo_SF_2012.png","contentUrl":"https:\/\/news.save.ch\/wp-content\/uploads\/2022\/06\/Logo_SF_2012.png","width":1100,"height":91,"caption":"Sicherheitsforum"},"image":{"@id":"https:\/\/news.save.ch\/de\/#\/schema\/logo\/image\/"}},{"@type":"Person","@id":"https:\/\/news.save.ch\/de\/#\/schema\/person\/ad4ef21102fd6125312409ac57d5296d","name":"Simon Gr\u00f6flin","image":{"@type":"ImageObject","inLanguage":"de","@id":"https:\/\/secure.gravatar.com\/avatar\/6ddceb80eb734354635539e0ea5140bb7c41e42de7c45c9a2ab9921b5d5c9a83?s=96&d=mm&r=g","url":"https:\/\/secure.gravatar.com\/avatar\/6ddceb80eb734354635539e0ea5140bb7c41e42de7c45c9a2ab9921b5d5c9a83?s=96&d=mm&r=g","contentUrl":"https:\/\/secure.gravatar.com\/avatar\/6ddceb80eb734354635539e0ea5140bb7c41e42de7c45c9a2ab9921b5d5c9a83?s=96&d=mm&r=g","caption":"Simon Gr\u00f6flin"},"url":"https:\/\/news.save.ch\/de\/author\/simon-groeflin\/"}]}},"_links":{"self":[{"href":"https:\/\/news.save.ch\/de\/wp-json\/wp\/v2\/posts\/12240","targetHints":{"allow":["GET"]}}],"collection":[{"href":"https:\/\/news.save.ch\/de\/wp-json\/wp\/v2\/posts"}],"about":[{"href":"https:\/\/news.save.ch\/de\/wp-json\/wp\/v2\/types\/post"}],"author":[{"embeddable":true,"href":"https:\/\/news.save.ch\/de\/wp-json\/wp\/v2\/users\/9"}],"replies":[{"embeddable":true,"href":"https:\/\/news.save.ch\/de\/wp-json\/wp\/v2\/comments?post=12240"}],"version-history":[{"count":2,"href":"https:\/\/news.save.ch\/de\/wp-json\/wp\/v2\/posts\/12240\/revisions"}],"predecessor-version":[{"id":21567,"href":"https:\/\/news.save.ch\/de\/wp-json\/wp\/v2\/posts\/12240\/revisions\/21567"}],"wp:featuredmedia":[{"embeddable":true,"href":"https:\/\/news.save.ch\/de\/wp-json\/wp\/v2\/media\/12243"}],"wp:attachment":[{"href":"https:\/\/news.save.ch\/de\/wp-json\/wp\/v2\/media?parent=12240"}],"wp:term":[{"taxonomy":"category","embeddable":true,"href":"https:\/\/news.save.ch\/de\/wp-json\/wp\/v2\/categories?post=12240"},{"taxonomy":"post_tag","embeddable":true,"href":"https:\/\/news.save.ch\/de\/wp-json\/wp\/v2\/tags?post=12240"}],"curies":[{"name":"wp","href":"https:\/\/api.w.org\/{rel}","templated":true}]}}