{"id":1225,"date":"2016-04-25T16:47:50","date_gmt":"2016-04-25T14:47:50","guid":{"rendered":"https:\/\/dev.sicherheitsforum.ch\/?p=1225"},"modified":"2023-03-14T08:57:20","modified_gmt":"2023-03-14T07:57:20","slug":"informationssicherheit-und-datenschutz-beim-e-patientendossier","status":null,"type":"post","link":"https:\/\/news.save.ch\/de\/informationssicherheit-und-datenschutz-beim-e-patientendossier\/","title":{"rendered":"Informationssicherheit und Datenschutz beim E-Patientendossier"},"content":{"rendered":"<p><img loading=\"lazy\" decoding=\"async\" class=\"alignnone wp-image-1226 size-medium\" src=\"https:\/\/news.save.ch\/wp-content\/uploads\/2016\/12\/Informationssicherheit-und-Datenschutz-beim-E-Patientendossier-it-security.jpg\" alt=\"informationssicherheit-und-datenschutz-beim-e-patientendossier-it-security\" width=\"680\" height=\"454\" srcset=\"https:\/\/news.save.ch\/wp-content\/uploads\/2016\/12\/Informationssicherheit-und-Datenschutz-beim-E-Patientendossier-it-security.jpg 850w, https:\/\/news.save.ch\/wp-content\/uploads\/2016\/12\/Informationssicherheit-und-Datenschutz-beim-E-Patientendossier-it-security-375x250.jpg 375w\" sizes=\"auto, (max-width: 680px) 100vw, 680px\" \/><\/p>\n<p>Im Juni 2015 wurde das Bundesgesetz zum elektronischen Patientendossier (EPDG) von beiden eidgen\u00f6ssischen R\u00e4ten verabschiedet, 2017 soll es in Kraft gesetzt werden. Seitdem herrscht eine gewisse Verunsicherung, was die Leistungstr\u00e4ger an Vorbereitung zu erbringen haben. \u00dcber die operativen und finanziellen Herausforderungen gibt es vieles zu lesen. Was dagegen etwas im Hintergrund bleibt, ist die Frage nach Datensicherheit und Datenschutz; teilweise bekommt man den Eindruck, dass diese Themen bewusst ignoriert werden.<\/p>\n<p><em>Worauf kommt es an?<\/em><br \/>\nStellen Sie sich vor, die verschriebene Medikation wurde irrt\u00fcmlich oder absichtich ge\u00e4ndert: Dies kann fatale Folgen haben! Wenn Daten im Notfall nicht zur Verf\u00fcgung stehen, kann nicht situationsgerecht behandelt werden, auch dies w\u00e4re fatal. Zuletzt ist die Authentizit\u00e4t der Daten wichtig: Wer hat die Daten erfasst, mutiert, gel\u00f6scht etc.? Dies ist f\u00fcr die Nachvollziehbarkeit und allf\u00e4llige Sanktionierung wichtig. In letzter Zeit werden vermehrte F\u00e4lle von L\u00f6segeldforderungen nach Infektion durch \u201eransomware\u201c bekannt, auch im Spitalbereich. Spit\u00e4ler werden erpressbar oder erleiden direkt Schaden \u2013 dagegen gilt es sich zu wehren!<\/p>\n<p><em>Was braucht es daf\u00fcr? <\/em><br \/>\nDerzeit f\u00fchrt die Hochschule Luzern eine Studie im Spital Schwyz durch, um m\u00f6gliche Defizite und Risiken zu ermitteln und Massnahmen zu deren Mitigation zu empfehlen. Erste Ergebnisse zeigen, dass gerade kleinere Spit\u00e4ler nicht die Ressourcen wie grosse Zentrumskliniken haben, um die Migration isoliert zu planen. Sie sind dazu auf externe Dienstleister angewiesen. Wir als Hochschule begleiten dies durch Studien und Gutachten, um einen Beitrag zur Qualit\u00e4t beizusteuern.<\/p>\n<p>Wir m\u00f6chten aber auch unseren Beitrag zur Schulung betroffener Leistungserbringer anbieten. Wir wissen wie schwierig es f\u00fcr Personen aus dem Gesundheitswesen ist, sich mit dieser neuen, fremden und komplexen Materie zu befassen. In einer eint\u00e4gigen Konferenz am Dienstag, 14. Juni 2016 im Zentrum Dorfmatt Rotkreuz ZG geben Expertinnen und Experten aus dem Bundesamt f\u00fcr Gesundheit, Spit\u00e4lern, der Hochschule und der Praxis Hilfestellung, um sich den kommenden Herausforderungen stellen zu k\u00f6nnen. Hauptziel der Information Security in Health Conference ist es deshalb, dass Anwender, Anbieter, Patienten und Entscheidungstragende sinnvoller miteinander sprechen lernen. Nur so wird eine praxisgerechte Umsetzung der gesetzlichen Vorgaben m\u00f6glich sein. Weitere Informationen finden Sie auf: <a title=\"Link zur Homepage\" href=\"https:\/\/www.hslu.ch\/infosec-health\" target=\"_blank\" data-cke-saved-href=\"https:\/\/www.hslu.ch\/infosec-health\" rel=\"noopener\">www.hslu.ch\/infosec-health<\/a>.<\/p>\n<p><em>Dr. rer. nat. Peter E. Fischer, Leiter Kompetenzzentrum Informationssicherheit, Hochschule Luzern \u2013 Informatik<\/em><\/p>\n","protected":false},"excerpt":{"rendered":"<p>Im Juni 2015 wurde das Bundesgesetz zum elektronischen Patientendossier (EPDG) von beiden eidgen\u00f6ssischen R\u00e4ten verabschiedet, 2017 soll es in Kraft gesetzt werden. Seitdem herrscht eine gewisse Verunsicherung, was die Leistungstr\u00e4ger an Vorbereitung zu erbringen haben. \u00dcber die operativen und finanziellen Herausforderungen gibt es vieles zu lesen. Was dagegen etwas im Hintergrund bleibt, ist die Frage [&hellip;]<\/p>\n","protected":false},"author":1,"featured_media":1226,"comment_status":"open","ping_status":"open","sticky":false,"template":"","format":"standard","meta":{"_acf_changed":false,"pgc_sgb_lightbox_settings":"","footnotes":""},"categories":[3313],"tags":[96,62,63],"class_list":["post-1225","post","type-post","status-publish","format-standard","has-post-thumbnail","hentry","category-digitalisierung","tag-cyber-crime","tag-ict-sicherheit","tag-it-security"],"acf":[],"hkrextid":null,"publication":null,"issue":null,"workflow":null,"startPage":null,"spitzmarke":null,"_posts_by_tag_page_fields":{"widget_title":"","widget_tags":""},"_at_widget":"1","_yoast_wpseo_primary_category":"2","_yoast_wpseo_focuskw_text_input":"E-Patientendossier","_yoast_wpseo_opengraph-image":"https:\/\/news.save.ch\/wp-content\/uploads\/2016\/12\/Informationssicherheit-und-Datenschutz-beim-E-Patientendossier-it-security.jpg","_yoast_wpseo_opengraph-description":"Welche Massnahmen in Bezug auf Informationssicherheit des Patientendossiers schreibt das Gesetz vor? Wo liegen die Stolpersteine? Welche Erfahrungen aus der Praxis gibt es bereits? Informationssicherheit und Datenschutz sind Knackpunkte bei der Einf\u00fchrung des digitalen Datenverkehrs im Gesundheitswesen. Dazu kommt der zunehmende Kostendruck, dem die Leistungserbringer ausgesetzt sind. Vermittlungskompetenz zwischen Politik, Technik, Gesundheitswesen und Medizin wird wichtiger denn je.","_yoast_wpseo_opengraph-title":"Informationssicherheit und Datenschutz beim E-Patientendossier","enclosure":null,"_yoast_wpseo_twitter-title":null,"_yoast_wpseo_twitter-description":null,"_yoast_wpseo_twitter-image":null,"_wp_old_slug":null,"_yoast_wpseo_title":null,"_yoast_wpseo_canonical":null,"yoast_head":"<!-- This site is optimized with the Yoast SEO plugin v27.5 - https:\/\/yoast.com\/product\/yoast-seo-wordpress\/ -->\n<title>Informationssicherheit und Datenschutz beim E-Patientendossier - Save<\/title>\n<meta name=\"description\" content=\"Welche Massnahmen in Bezug auf Informationssicherheit des Patientendossiers schreibt das Gesetz vor?\" \/>\n<meta name=\"robots\" content=\"index, follow, max-snippet:-1, max-image-preview:large, max-video-preview:-1\" \/>\n<link rel=\"canonical\" href=\"https:\/\/news.save.ch\/de\/informationssicherheit-und-datenschutz-beim-e-patientendossier\/\" \/>\n<meta property=\"og:locale\" content=\"de_DE\" \/>\n<meta property=\"og:type\" content=\"article\" \/>\n<meta property=\"og:title\" content=\"Informationssicherheit und Datenschutz beim E-Patientendossier\" \/>\n<meta property=\"og:description\" content=\"Welche Massnahmen in Bezug auf Informationssicherheit des Patientendossiers schreibt das Gesetz vor? Wo liegen die Stolpersteine? Welche Erfahrungen aus der Praxis gibt es bereits? Informationssicherheit und Datenschutz sind Knackpunkte bei der Einf\u00fchrung des digitalen Datenverkehrs im Gesundheitswesen. Dazu kommt der zunehmende Kostendruck, dem die Leistungserbringer ausgesetzt sind. Vermittlungskompetenz zwischen Politik, Technik, Gesundheitswesen und Medizin wird wichtiger denn je.\" \/>\n<meta property=\"og:url\" content=\"https:\/\/news.save.ch\/de\/informationssicherheit-und-datenschutz-beim-e-patientendossier\/\" \/>\n<meta property=\"og:site_name\" content=\"Save\" \/>\n<meta property=\"article:published_time\" content=\"2016-04-25T14:47:50+00:00\" \/>\n<meta property=\"article:modified_time\" content=\"2023-03-14T07:57:20+00:00\" \/>\n<meta property=\"og:image\" content=\"https:\/\/news.save.ch\/wp-content\/uploads\/2016\/12\/Informationssicherheit-und-Datenschutz-beim-E-Patientendossier-it-security.jpg\" \/>\n<meta name=\"author\" content=\"admin\" \/>\n<meta name=\"twitter:card\" content=\"summary_large_image\" \/>\n<meta name=\"twitter:label1\" content=\"Geschrieben von\" \/>\n\t<meta name=\"twitter:data1\" content=\"admin\" \/>\n\t<meta name=\"twitter:label2\" content=\"Gesch\u00e4tzte Lesezeit\" \/>\n\t<meta name=\"twitter:data2\" content=\"2\u00a0Minuten\" \/>\n<script type=\"application\/ld+json\" class=\"yoast-schema-graph\">{\"@context\":\"https:\\\/\\\/schema.org\",\"@graph\":[{\"@type\":\"Article\",\"@id\":\"https:\\\/\\\/news.save.ch\\\/informationssicherheit-und-datenschutz-beim-e-patientendossier\\\/#article\",\"isPartOf\":{\"@id\":\"https:\\\/\\\/news.save.ch\\\/informationssicherheit-und-datenschutz-beim-e-patientendossier\\\/\"},\"author\":{\"name\":\"admin\",\"@id\":\"https:\\\/\\\/news.save.ch\\\/de\\\/#\\\/schema\\\/person\\\/d49e199490bad7c70d64b9ab51142f2b\"},\"headline\":\"Informationssicherheit und Datenschutz beim E-Patientendossier\",\"datePublished\":\"2016-04-25T14:47:50+00:00\",\"dateModified\":\"2023-03-14T07:57:20+00:00\",\"mainEntityOfPage\":{\"@id\":\"https:\\\/\\\/news.save.ch\\\/informationssicherheit-und-datenschutz-beim-e-patientendossier\\\/\"},\"wordCount\":381,\"commentCount\":0,\"publisher\":{\"@id\":\"https:\\\/\\\/news.save.ch\\\/de\\\/#organization\"},\"image\":{\"@id\":\"https:\\\/\\\/news.save.ch\\\/informationssicherheit-und-datenschutz-beim-e-patientendossier\\\/#primaryimage\"},\"thumbnailUrl\":\"https:\\\/\\\/news.save.ch\\\/wp-content\\\/uploads\\\/2016\\\/12\\\/Informationssicherheit-und-Datenschutz-beim-E-Patientendossier-it-security.jpg\",\"keywords\":[\"Cyber-Crime\",\"ICT-Sicherheit\",\"IT-SECURITY\"],\"articleSection\":[\"DIGITALISIERUNG\"],\"inLanguage\":\"de\"},{\"@type\":\"WebPage\",\"@id\":\"https:\\\/\\\/news.save.ch\\\/informationssicherheit-und-datenschutz-beim-e-patientendossier\\\/\",\"url\":\"https:\\\/\\\/news.save.ch\\\/informationssicherheit-und-datenschutz-beim-e-patientendossier\\\/\",\"name\":\"Informationssicherheit und Datenschutz beim E-Patientendossier - Save\",\"isPartOf\":{\"@id\":\"https:\\\/\\\/news.save.ch\\\/de\\\/#website\"},\"primaryImageOfPage\":{\"@id\":\"https:\\\/\\\/news.save.ch\\\/informationssicherheit-und-datenschutz-beim-e-patientendossier\\\/#primaryimage\"},\"image\":{\"@id\":\"https:\\\/\\\/news.save.ch\\\/informationssicherheit-und-datenschutz-beim-e-patientendossier\\\/#primaryimage\"},\"thumbnailUrl\":\"https:\\\/\\\/news.save.ch\\\/wp-content\\\/uploads\\\/2016\\\/12\\\/Informationssicherheit-und-Datenschutz-beim-E-Patientendossier-it-security.jpg\",\"datePublished\":\"2016-04-25T14:47:50+00:00\",\"dateModified\":\"2023-03-14T07:57:20+00:00\",\"description\":\"Welche Massnahmen in Bezug auf Informationssicherheit des Patientendossiers schreibt das Gesetz vor?\",\"breadcrumb\":{\"@id\":\"https:\\\/\\\/news.save.ch\\\/informationssicherheit-und-datenschutz-beim-e-patientendossier\\\/#breadcrumb\"},\"inLanguage\":\"de\",\"potentialAction\":[{\"@type\":\"ReadAction\",\"target\":[\"https:\\\/\\\/news.save.ch\\\/informationssicherheit-und-datenschutz-beim-e-patientendossier\\\/\"]}]},{\"@type\":\"ImageObject\",\"inLanguage\":\"de\",\"@id\":\"https:\\\/\\\/news.save.ch\\\/informationssicherheit-und-datenschutz-beim-e-patientendossier\\\/#primaryimage\",\"url\":\"https:\\\/\\\/news.save.ch\\\/wp-content\\\/uploads\\\/2016\\\/12\\\/Informationssicherheit-und-Datenschutz-beim-E-Patientendossier-it-security.jpg\",\"contentUrl\":\"https:\\\/\\\/news.save.ch\\\/wp-content\\\/uploads\\\/2016\\\/12\\\/Informationssicherheit-und-Datenschutz-beim-E-Patientendossier-it-security.jpg\",\"width\":850,\"height\":567},{\"@type\":\"BreadcrumbList\",\"@id\":\"https:\\\/\\\/news.save.ch\\\/informationssicherheit-und-datenschutz-beim-e-patientendossier\\\/#breadcrumb\",\"itemListElement\":[{\"@type\":\"ListItem\",\"position\":1,\"name\":\"Home\",\"item\":\"https:\\\/\\\/news.save.ch\\\/de\\\/\"},{\"@type\":\"ListItem\",\"position\":2,\"name\":\"Informationssicherheit und Datenschutz beim E-Patientendossier\"}]},{\"@type\":\"WebSite\",\"@id\":\"https:\\\/\\\/news.save.ch\\\/de\\\/#website\",\"url\":\"https:\\\/\\\/news.save.ch\\\/de\\\/\",\"name\":\"Save\",\"description\":\"Schweizer Fachzeitschrift f\u00fcr Sicherheit\",\"publisher\":{\"@id\":\"https:\\\/\\\/news.save.ch\\\/de\\\/#organization\"},\"potentialAction\":[{\"@type\":\"SearchAction\",\"target\":{\"@type\":\"EntryPoint\",\"urlTemplate\":\"https:\\\/\\\/news.save.ch\\\/de\\\/?s={search_term_string}\"},\"query-input\":{\"@type\":\"PropertyValueSpecification\",\"valueRequired\":true,\"valueName\":\"search_term_string\"}}],\"inLanguage\":\"de\"},{\"@type\":\"Organization\",\"@id\":\"https:\\\/\\\/news.save.ch\\\/de\\\/#organization\",\"name\":\"Sicherheitsforum\",\"url\":\"https:\\\/\\\/news.save.ch\\\/de\\\/\",\"logo\":{\"@type\":\"ImageObject\",\"inLanguage\":\"de\",\"@id\":\"https:\\\/\\\/news.save.ch\\\/de\\\/#\\\/schema\\\/logo\\\/image\\\/\",\"url\":\"https:\\\/\\\/news.save.ch\\\/wp-content\\\/uploads\\\/2022\\\/06\\\/Logo_SF_2012.png\",\"contentUrl\":\"https:\\\/\\\/news.save.ch\\\/wp-content\\\/uploads\\\/2022\\\/06\\\/Logo_SF_2012.png\",\"width\":1100,\"height\":91,\"caption\":\"Sicherheitsforum\"},\"image\":{\"@id\":\"https:\\\/\\\/news.save.ch\\\/de\\\/#\\\/schema\\\/logo\\\/image\\\/\"}},{\"@type\":\"Person\",\"@id\":\"https:\\\/\\\/news.save.ch\\\/de\\\/#\\\/schema\\\/person\\\/d49e199490bad7c70d64b9ab51142f2b\",\"name\":\"admin\",\"image\":{\"@type\":\"ImageObject\",\"inLanguage\":\"de\",\"@id\":\"https:\\\/\\\/secure.gravatar.com\\\/avatar\\\/ae2f4d718e6c49043e314ce431e7e645d646302a24a5ef5a8bc8e3f5a032e319?s=96&d=mm&r=g\",\"url\":\"https:\\\/\\\/secure.gravatar.com\\\/avatar\\\/ae2f4d718e6c49043e314ce431e7e645d646302a24a5ef5a8bc8e3f5a032e319?s=96&d=mm&r=g\",\"contentUrl\":\"https:\\\/\\\/secure.gravatar.com\\\/avatar\\\/ae2f4d718e6c49043e314ce431e7e645d646302a24a5ef5a8bc8e3f5a032e319?s=96&d=mm&r=g\",\"caption\":\"admin\"},\"sameAs\":[\"https:\\\/\\\/develop.organisator.galledia.ch\"],\"url\":\"https:\\\/\\\/news.save.ch\\\/de\\\/author\\\/admin\\\/\"}]}<\/script>\n<!-- \/ Yoast SEO plugin. -->","yoast_head_json":{"title":"Informationssicherheit und Datenschutz beim E-Patientendossier - Save","description":"Welche Massnahmen in Bezug auf Informationssicherheit des Patientendossiers schreibt das Gesetz vor?","robots":{"index":"index","follow":"follow","max-snippet":"max-snippet:-1","max-image-preview":"max-image-preview:large","max-video-preview":"max-video-preview:-1"},"canonical":"https:\/\/news.save.ch\/de\/informationssicherheit-und-datenschutz-beim-e-patientendossier\/","og_locale":"de_DE","og_type":"article","og_title":"Informationssicherheit und Datenschutz beim E-Patientendossier","og_description":"Welche Massnahmen in Bezug auf Informationssicherheit des Patientendossiers schreibt das Gesetz vor? Wo liegen die Stolpersteine? Welche Erfahrungen aus der Praxis gibt es bereits? Informationssicherheit und Datenschutz sind Knackpunkte bei der Einf\u00fchrung des digitalen Datenverkehrs im Gesundheitswesen. Dazu kommt der zunehmende Kostendruck, dem die Leistungserbringer ausgesetzt sind. Vermittlungskompetenz zwischen Politik, Technik, Gesundheitswesen und Medizin wird wichtiger denn je.","og_url":"https:\/\/news.save.ch\/de\/informationssicherheit-und-datenschutz-beim-e-patientendossier\/","og_site_name":"Save","article_published_time":"2016-04-25T14:47:50+00:00","article_modified_time":"2023-03-14T07:57:20+00:00","og_image":[{"url":"https:\/\/news.save.ch\/wp-content\/uploads\/2016\/12\/Informationssicherheit-und-Datenschutz-beim-E-Patientendossier-it-security.jpg","type":"","width":"","height":""}],"author":"admin","twitter_card":"summary_large_image","twitter_misc":{"Geschrieben von":"admin","Gesch\u00e4tzte Lesezeit":"2\u00a0Minuten"},"schema":{"@context":"https:\/\/schema.org","@graph":[{"@type":"Article","@id":"https:\/\/news.save.ch\/informationssicherheit-und-datenschutz-beim-e-patientendossier\/#article","isPartOf":{"@id":"https:\/\/news.save.ch\/informationssicherheit-und-datenschutz-beim-e-patientendossier\/"},"author":{"name":"admin","@id":"https:\/\/news.save.ch\/de\/#\/schema\/person\/d49e199490bad7c70d64b9ab51142f2b"},"headline":"Informationssicherheit und Datenschutz beim E-Patientendossier","datePublished":"2016-04-25T14:47:50+00:00","dateModified":"2023-03-14T07:57:20+00:00","mainEntityOfPage":{"@id":"https:\/\/news.save.ch\/informationssicherheit-und-datenschutz-beim-e-patientendossier\/"},"wordCount":381,"commentCount":0,"publisher":{"@id":"https:\/\/news.save.ch\/de\/#organization"},"image":{"@id":"https:\/\/news.save.ch\/informationssicherheit-und-datenschutz-beim-e-patientendossier\/#primaryimage"},"thumbnailUrl":"https:\/\/news.save.ch\/wp-content\/uploads\/2016\/12\/Informationssicherheit-und-Datenschutz-beim-E-Patientendossier-it-security.jpg","keywords":["Cyber-Crime","ICT-Sicherheit","IT-SECURITY"],"articleSection":["DIGITALISIERUNG"],"inLanguage":"de"},{"@type":"WebPage","@id":"https:\/\/news.save.ch\/informationssicherheit-und-datenschutz-beim-e-patientendossier\/","url":"https:\/\/news.save.ch\/informationssicherheit-und-datenschutz-beim-e-patientendossier\/","name":"Informationssicherheit und Datenschutz beim E-Patientendossier - Save","isPartOf":{"@id":"https:\/\/news.save.ch\/de\/#website"},"primaryImageOfPage":{"@id":"https:\/\/news.save.ch\/informationssicherheit-und-datenschutz-beim-e-patientendossier\/#primaryimage"},"image":{"@id":"https:\/\/news.save.ch\/informationssicherheit-und-datenschutz-beim-e-patientendossier\/#primaryimage"},"thumbnailUrl":"https:\/\/news.save.ch\/wp-content\/uploads\/2016\/12\/Informationssicherheit-und-Datenschutz-beim-E-Patientendossier-it-security.jpg","datePublished":"2016-04-25T14:47:50+00:00","dateModified":"2023-03-14T07:57:20+00:00","description":"Welche Massnahmen in Bezug auf Informationssicherheit des Patientendossiers schreibt das Gesetz vor?","breadcrumb":{"@id":"https:\/\/news.save.ch\/informationssicherheit-und-datenschutz-beim-e-patientendossier\/#breadcrumb"},"inLanguage":"de","potentialAction":[{"@type":"ReadAction","target":["https:\/\/news.save.ch\/informationssicherheit-und-datenschutz-beim-e-patientendossier\/"]}]},{"@type":"ImageObject","inLanguage":"de","@id":"https:\/\/news.save.ch\/informationssicherheit-und-datenschutz-beim-e-patientendossier\/#primaryimage","url":"https:\/\/news.save.ch\/wp-content\/uploads\/2016\/12\/Informationssicherheit-und-Datenschutz-beim-E-Patientendossier-it-security.jpg","contentUrl":"https:\/\/news.save.ch\/wp-content\/uploads\/2016\/12\/Informationssicherheit-und-Datenschutz-beim-E-Patientendossier-it-security.jpg","width":850,"height":567},{"@type":"BreadcrumbList","@id":"https:\/\/news.save.ch\/informationssicherheit-und-datenschutz-beim-e-patientendossier\/#breadcrumb","itemListElement":[{"@type":"ListItem","position":1,"name":"Home","item":"https:\/\/news.save.ch\/de\/"},{"@type":"ListItem","position":2,"name":"Informationssicherheit und Datenschutz beim E-Patientendossier"}]},{"@type":"WebSite","@id":"https:\/\/news.save.ch\/de\/#website","url":"https:\/\/news.save.ch\/de\/","name":"Save","description":"Schweizer Fachzeitschrift f\u00fcr Sicherheit","publisher":{"@id":"https:\/\/news.save.ch\/de\/#organization"},"potentialAction":[{"@type":"SearchAction","target":{"@type":"EntryPoint","urlTemplate":"https:\/\/news.save.ch\/de\/?s={search_term_string}"},"query-input":{"@type":"PropertyValueSpecification","valueRequired":true,"valueName":"search_term_string"}}],"inLanguage":"de"},{"@type":"Organization","@id":"https:\/\/news.save.ch\/de\/#organization","name":"Sicherheitsforum","url":"https:\/\/news.save.ch\/de\/","logo":{"@type":"ImageObject","inLanguage":"de","@id":"https:\/\/news.save.ch\/de\/#\/schema\/logo\/image\/","url":"https:\/\/news.save.ch\/wp-content\/uploads\/2022\/06\/Logo_SF_2012.png","contentUrl":"https:\/\/news.save.ch\/wp-content\/uploads\/2022\/06\/Logo_SF_2012.png","width":1100,"height":91,"caption":"Sicherheitsforum"},"image":{"@id":"https:\/\/news.save.ch\/de\/#\/schema\/logo\/image\/"}},{"@type":"Person","@id":"https:\/\/news.save.ch\/de\/#\/schema\/person\/d49e199490bad7c70d64b9ab51142f2b","name":"admin","image":{"@type":"ImageObject","inLanguage":"de","@id":"https:\/\/secure.gravatar.com\/avatar\/ae2f4d718e6c49043e314ce431e7e645d646302a24a5ef5a8bc8e3f5a032e319?s=96&d=mm&r=g","url":"https:\/\/secure.gravatar.com\/avatar\/ae2f4d718e6c49043e314ce431e7e645d646302a24a5ef5a8bc8e3f5a032e319?s=96&d=mm&r=g","contentUrl":"https:\/\/secure.gravatar.com\/avatar\/ae2f4d718e6c49043e314ce431e7e645d646302a24a5ef5a8bc8e3f5a032e319?s=96&d=mm&r=g","caption":"admin"},"sameAs":["https:\/\/develop.organisator.galledia.ch"],"url":"https:\/\/news.save.ch\/de\/author\/admin\/"}]}},"_links":{"self":[{"href":"https:\/\/news.save.ch\/de\/wp-json\/wp\/v2\/posts\/1225","targetHints":{"allow":["GET"]}}],"collection":[{"href":"https:\/\/news.save.ch\/de\/wp-json\/wp\/v2\/posts"}],"about":[{"href":"https:\/\/news.save.ch\/de\/wp-json\/wp\/v2\/types\/post"}],"author":[{"embeddable":true,"href":"https:\/\/news.save.ch\/de\/wp-json\/wp\/v2\/users\/1"}],"replies":[{"embeddable":true,"href":"https:\/\/news.save.ch\/de\/wp-json\/wp\/v2\/comments?post=1225"}],"version-history":[{"count":1,"href":"https:\/\/news.save.ch\/de\/wp-json\/wp\/v2\/posts\/1225\/revisions"}],"predecessor-version":[{"id":17633,"href":"https:\/\/news.save.ch\/de\/wp-json\/wp\/v2\/posts\/1225\/revisions\/17633"}],"wp:featuredmedia":[{"embeddable":true,"href":"https:\/\/news.save.ch\/de\/wp-json\/wp\/v2\/media\/1226"}],"wp:attachment":[{"href":"https:\/\/news.save.ch\/de\/wp-json\/wp\/v2\/media?parent=1225"}],"wp:term":[{"taxonomy":"category","embeddable":true,"href":"https:\/\/news.save.ch\/de\/wp-json\/wp\/v2\/categories?post=1225"},{"taxonomy":"post_tag","embeddable":true,"href":"https:\/\/news.save.ch\/de\/wp-json\/wp\/v2\/tags?post=1225"}],"curies":[{"name":"wp","href":"https:\/\/api.w.org\/{rel}","templated":true}]}}