{"id":1231,"date":"2016-09-30T10:19:47","date_gmt":"2016-09-30T08:19:47","guid":{"rendered":"http:\/\/dev.safety-plus.ch\/?p=1231"},"modified":"2023-03-14T09:05:36","modified_gmt":"2023-03-14T08:05:36","slug":"depressionen-am-arbeitsplatz-kosten-milliarden","status":null,"type":"post","link":"https:\/\/news.save.ch\/de\/depressionen-am-arbeitsplatz-kosten-milliarden\/","title":{"rendered":"Depressionen am Arbeitsplatz kosten Milliarden"},"content":{"rendered":"<figure id=\"attachment_1232\" aria-describedby=\"caption-attachment-1232\" style=\"width: 680px\" class=\"wp-caption alignnone\"><img loading=\"lazy\" decoding=\"async\" class=\"wp-image-1232 size-medium\" src=\"http:\/\/develop.safety-plus.ch\/wp-content\/uploads\/2016\/12\/Depressionen-am-Arbeitsplatz-kosten-Milliarden_safety-plus.jpg\" width=\"680\" height=\"453\" srcset=\"https:\/\/news.save.ch\/wp-content\/uploads\/2016\/12\/Depressionen-am-Arbeitsplatz-kosten-Milliarden_safety-plus.jpg 1000w, https:\/\/news.save.ch\/wp-content\/uploads\/2016\/12\/Depressionen-am-Arbeitsplatz-kosten-Milliarden_safety-plus-680x453.jpg 680w, https:\/\/news.save.ch\/wp-content\/uploads\/2016\/12\/Depressionen-am-Arbeitsplatz-kosten-Milliarden_safety-plus-768x511.jpg 768w, https:\/\/news.save.ch\/wp-content\/uploads\/2016\/12\/Depressionen-am-Arbeitsplatz-kosten-Milliarden_safety-plus-18x12.jpg 18w, https:\/\/news.save.ch\/wp-content\/uploads\/2016\/12\/Depressionen-am-Arbeitsplatz-kosten-Milliarden_safety-plus-375x250.jpg 375w, https:\/\/news.save.ch\/wp-content\/uploads\/2016\/12\/Depressionen-am-Arbeitsplatz-kosten-Milliarden_safety-plus-526x350.jpg 526w\" sizes=\"auto, (max-width: 680px) 100vw, 680px\" \/><figcaption id=\"caption-attachment-1232\" class=\"wp-caption-text\">Depressionen am Arbeitsplatz sind ein globales Problem.<\/figcaption><\/figure>\n<p>Depressionen am Arbeitsplatz sind in verschiedensten Kulturen ein Problem, das katastrophale Auswirkungen hat. Das zeigt eine Studie der <a href=\"http:\/\/lse.ac.uk\" target=\"_blank\" rel=\"noreferrer noopener\" data-cke-saved-href=\"http:\/\/lse.ac.uk\">London School of Economics and Political Science (LSE<\/a>). Denn allein in Brasilien, Kanada, China, Japan, S\u00fcdkorea, Mexiko, S\u00fcdafrika und den USA kosten Depressionen \u00fcber 246 Mrd. Dollar pro Jahr. Wenn Mitarbeiter trotz angeknackster Psyche arbeiten, ist das teurer, als wenn sie sich eine Auszeit g\u00f6nnen.<\/p>\n<p><strong>Globales Problem<\/strong><\/p>\n<p>Die Studie hat 8.000 Arbeitskr\u00e4fte in acht L\u00e4ndern sehr unterschiedlicher Wirtschaftsleistung und Mentalit\u00e4t erfasst. &#8222;Die Ergebnisse legen nahe, dass Depression ein Problem ist, das globale Aufmerksamkeit verdient, unabh\u00e4ngig von der wirtschaftlichen Entwicklung eines Landes, dem Volkseinkommen oder der Kultur&#8220;, betont LSE-Studienleiterin Sara Evans-Lacko. Denn eines ist all den untersuchten L\u00e4ndern gemein: Depression am Arbeitsplatz kostet gewaltig &#8211; vor allem, wenn Arbeitnehmer trotz ihrer psychischen Probleme einfach weiterarbeiten (&#8222;Pr\u00e4sentismus&#8220;).<\/p>\n<p>Den erhobenen Daten nach vernichtet dieses Weitermachen im Schnitt 1,2 Prozent des BIP und verursacht in den acht erfassten L\u00e4ndern Kosten von insgesamt 207 Mrd. Pfund. Das liegt auch daran, dass die Kosten des Weiterarbeitens trotz Depression f\u00fcnf bis zehn Mal so hoch sind wie die einer depressionsbedingten Auszeit. Besonders teuer wird Presenteeism bei hochgebildeten Arbeitskr\u00e4ften. Denn sie haben vergleichsweise oft F\u00fchrungsaufgaben, sodass ihre Probleme auf die Untergebenen abf\u00e4rben.<\/p>\n<p><iframe loading=\"lazy\" title=\"LSE Research | Sara Evans-Lacko: Global workplace depression\" width=\"768\" height=\"432\" src=\"https:\/\/www.youtube.com\/embed\/lrPMAMHjpPI?feature=oembed\" frameborder=\"0\" allow=\"accelerometer; autoplay; clipboard-write; encrypted-media; gyroscope; picture-in-picture; web-share\" allowfullscreen><\/iframe><\/p>\n<p>LSE-Studienleiterin Sara Evans-Lacko erkl\u00e4rt die globalen Auswirkungen von Depressionen am Arbeitsplatz.<\/p>\n<p><strong>Asiatische Scham<\/strong><\/p>\n<p>Aus asiatischen L\u00e4ndern gab es den Forschern zufolge weniger Berichte \u00fcber depressionsbedingte Produktivit\u00e4tsverluste. Allerdings d\u00fcrfte das an einer kulturell bedingten Scham liegen, mentale Probleme auch zuzugeben. In China und S\u00fcdkorea berichteten merklich weniger als zehn Prozent der Befragten von einer fr\u00fcheren Depressions-Diagnose. In Kanada, den USA und S\u00fcdafrika waren es dagegen ein F\u00fcnftel bis ein Viertel. Japaner wiederum nehmen am ehesten eine depressionsbedingte Auszeit &#8211; hauts\u00e4chlich aus Angst, dass sie bei Bekanntwerden des Problems ihren Job verlieren.<\/p>\n<p><em>Quelle: Pressetext<\/em><\/p>\n","protected":false},"excerpt":{"rendered":"<p>Depressionen am Arbeitsplatz sind in verschiedensten Kulturen ein Problem, das katastrophale Auswirkungen hat. Das zeigt eine Studie der London School of Economics and Political Science (LSE). Denn allein in Brasilien, Kanada, China, Japan, S\u00fcdkorea, Mexiko, S\u00fcdafrika und den USA kosten Depressionen \u00fcber 246 Mrd. Dollar pro Jahr. Wenn Mitarbeiter trotz angeknackster Psyche arbeiten, ist das [&hellip;]<\/p>\n","protected":false},"author":1,"featured_media":1232,"comment_status":"open","ping_status":"open","sticky":false,"template":"","format":"standard","meta":{"_acf_changed":false,"pgc_sgb_lightbox_settings":"","footnotes":""},"categories":[1,3314],"tags":[2581,2729],"class_list":["post-1231","post","type-post","status-publish","format-standard","has-post-thumbnail","hentry","category-allgemein","category-health-safety","tag-nachhaltige-wirtschaft","tag-psychische-gesundheit"],"acf":[],"hkrextid":null,"publication":null,"issue":null,"workflow":null,"startPage":null,"spitzmarke":null,"_posts_by_tag_page_fields":{"widget_title":"","widget_tags":""},"_at_widget":"1","_yoast_wpseo_primary_category":"3303","_yoast_wpseo_focuskw_text_input":"Depressionen","_yoast_wpseo_opengraph-image":null,"_yoast_wpseo_opengraph-description":null,"_yoast_wpseo_opengraph-title":null,"enclosure":null,"_yoast_wpseo_twitter-title":null,"_yoast_wpseo_twitter-description":null,"_yoast_wpseo_twitter-image":null,"_wp_old_slug":null,"_yoast_wpseo_title":null,"_yoast_wpseo_canonical":null,"yoast_head":"<!-- This site is optimized with the Yoast SEO plugin v27.5 - https:\/\/yoast.com\/product\/yoast-seo-wordpress\/ -->\n<title>Depressionen am Arbeitsplatz kosten Milliarden - Save<\/title>\n<meta name=\"description\" content=\"Mitarbeiter mit Depressionen kommen Unternehmen und der Volkswirtschaft teuer zu stehen - und zwar unabh\u00e4ngig von Kultur und Wirtschaftsleistung des Landes.\" \/>\n<meta name=\"robots\" content=\"index, follow, max-snippet:-1, max-image-preview:large, max-video-preview:-1\" \/>\n<link rel=\"canonical\" href=\"https:\/\/news.save.ch\/de\/depressionen-am-arbeitsplatz-kosten-milliarden\/\" \/>\n<meta property=\"og:locale\" content=\"de_DE\" \/>\n<meta property=\"og:type\" content=\"article\" \/>\n<meta property=\"og:title\" content=\"Depressionen am Arbeitsplatz kosten Milliarden - Save\" \/>\n<meta property=\"og:description\" content=\"Mitarbeiter mit Depressionen kommen Unternehmen und der Volkswirtschaft teuer zu stehen - und zwar unabh\u00e4ngig von Kultur und Wirtschaftsleistung des Landes.\" \/>\n<meta property=\"og:url\" content=\"https:\/\/news.save.ch\/de\/depressionen-am-arbeitsplatz-kosten-milliarden\/\" \/>\n<meta property=\"og:site_name\" content=\"Save\" \/>\n<meta property=\"article:published_time\" content=\"2016-09-30T08:19:47+00:00\" \/>\n<meta property=\"article:modified_time\" content=\"2023-03-14T08:05:36+00:00\" \/>\n<meta property=\"og:image\" content=\"https:\/\/news.save.ch\/wp-content\/uploads\/2016\/12\/Depressionen-am-Arbeitsplatz-kosten-Milliarden_safety-plus.jpg\" \/>\n\t<meta property=\"og:image:width\" content=\"1000\" \/>\n\t<meta property=\"og:image:height\" content=\"666\" \/>\n\t<meta property=\"og:image:type\" content=\"image\/jpeg\" \/>\n<meta name=\"author\" content=\"admin\" \/>\n<meta name=\"twitter:card\" content=\"summary_large_image\" \/>\n<meta name=\"twitter:label1\" content=\"Geschrieben von\" \/>\n\t<meta name=\"twitter:data1\" content=\"admin\" \/>\n\t<meta name=\"twitter:label2\" content=\"Gesch\u00e4tzte Lesezeit\" \/>\n\t<meta name=\"twitter:data2\" content=\"2\u00a0Minuten\" \/>\n<script type=\"application\/ld+json\" class=\"yoast-schema-graph\">{\"@context\":\"https:\\\/\\\/schema.org\",\"@graph\":[{\"@type\":\"Article\",\"@id\":\"https:\\\/\\\/news.save.ch\\\/depressionen-am-arbeitsplatz-kosten-milliarden\\\/#article\",\"isPartOf\":{\"@id\":\"https:\\\/\\\/news.save.ch\\\/depressionen-am-arbeitsplatz-kosten-milliarden\\\/\"},\"author\":{\"name\":\"admin\",\"@id\":\"https:\\\/\\\/news.save.ch\\\/de\\\/#\\\/schema\\\/person\\\/d49e199490bad7c70d64b9ab51142f2b\"},\"headline\":\"Depressionen am Arbeitsplatz kosten Milliarden\",\"datePublished\":\"2016-09-30T08:19:47+00:00\",\"dateModified\":\"2023-03-14T08:05:36+00:00\",\"mainEntityOfPage\":{\"@id\":\"https:\\\/\\\/news.save.ch\\\/depressionen-am-arbeitsplatz-kosten-milliarden\\\/\"},\"wordCount\":339,\"commentCount\":0,\"publisher\":{\"@id\":\"https:\\\/\\\/news.save.ch\\\/de\\\/#organization\"},\"image\":{\"@id\":\"https:\\\/\\\/news.save.ch\\\/depressionen-am-arbeitsplatz-kosten-milliarden\\\/#primaryimage\"},\"thumbnailUrl\":\"https:\\\/\\\/news.save.ch\\\/wp-content\\\/uploads\\\/2016\\\/12\\\/Depressionen-am-Arbeitsplatz-kosten-Milliarden_safety-plus.jpg\",\"keywords\":[\"Nachhaltige Wirtschaft\",\"Psychische Gesundheit\"],\"articleSection\":[\"ALLGEMEIN\",\"HEALTH &amp; SAFETY\"],\"inLanguage\":\"de\"},{\"@type\":\"WebPage\",\"@id\":\"https:\\\/\\\/news.save.ch\\\/depressionen-am-arbeitsplatz-kosten-milliarden\\\/\",\"url\":\"https:\\\/\\\/news.save.ch\\\/depressionen-am-arbeitsplatz-kosten-milliarden\\\/\",\"name\":\"Depressionen am Arbeitsplatz kosten Milliarden - Save\",\"isPartOf\":{\"@id\":\"https:\\\/\\\/news.save.ch\\\/de\\\/#website\"},\"primaryImageOfPage\":{\"@id\":\"https:\\\/\\\/news.save.ch\\\/depressionen-am-arbeitsplatz-kosten-milliarden\\\/#primaryimage\"},\"image\":{\"@id\":\"https:\\\/\\\/news.save.ch\\\/depressionen-am-arbeitsplatz-kosten-milliarden\\\/#primaryimage\"},\"thumbnailUrl\":\"https:\\\/\\\/news.save.ch\\\/wp-content\\\/uploads\\\/2016\\\/12\\\/Depressionen-am-Arbeitsplatz-kosten-Milliarden_safety-plus.jpg\",\"datePublished\":\"2016-09-30T08:19:47+00:00\",\"dateModified\":\"2023-03-14T08:05:36+00:00\",\"description\":\"Mitarbeiter mit Depressionen kommen Unternehmen und der Volkswirtschaft teuer zu stehen - und zwar unabh\u00e4ngig von Kultur und Wirtschaftsleistung des Landes.\",\"breadcrumb\":{\"@id\":\"https:\\\/\\\/news.save.ch\\\/depressionen-am-arbeitsplatz-kosten-milliarden\\\/#breadcrumb\"},\"inLanguage\":\"de\",\"potentialAction\":[{\"@type\":\"ReadAction\",\"target\":[\"https:\\\/\\\/news.save.ch\\\/depressionen-am-arbeitsplatz-kosten-milliarden\\\/\"]}]},{\"@type\":\"ImageObject\",\"inLanguage\":\"de\",\"@id\":\"https:\\\/\\\/news.save.ch\\\/depressionen-am-arbeitsplatz-kosten-milliarden\\\/#primaryimage\",\"url\":\"https:\\\/\\\/news.save.ch\\\/wp-content\\\/uploads\\\/2016\\\/12\\\/Depressionen-am-Arbeitsplatz-kosten-Milliarden_safety-plus.jpg\",\"contentUrl\":\"https:\\\/\\\/news.save.ch\\\/wp-content\\\/uploads\\\/2016\\\/12\\\/Depressionen-am-Arbeitsplatz-kosten-Milliarden_safety-plus.jpg\",\"width\":1000,\"height\":666,\"caption\":\"Depressionen am Arbeitsplatz sind ein globales Problem.\"},{\"@type\":\"BreadcrumbList\",\"@id\":\"https:\\\/\\\/news.save.ch\\\/depressionen-am-arbeitsplatz-kosten-milliarden\\\/#breadcrumb\",\"itemListElement\":[{\"@type\":\"ListItem\",\"position\":1,\"name\":\"Home\",\"item\":\"https:\\\/\\\/news.save.ch\\\/de\\\/\"},{\"@type\":\"ListItem\",\"position\":2,\"name\":\"Depressionen am Arbeitsplatz kosten Milliarden\"}]},{\"@type\":\"WebSite\",\"@id\":\"https:\\\/\\\/news.save.ch\\\/de\\\/#website\",\"url\":\"https:\\\/\\\/news.save.ch\\\/de\\\/\",\"name\":\"Save\",\"description\":\"Schweizer Fachzeitschrift f\u00fcr Sicherheit\",\"publisher\":{\"@id\":\"https:\\\/\\\/news.save.ch\\\/de\\\/#organization\"},\"potentialAction\":[{\"@type\":\"SearchAction\",\"target\":{\"@type\":\"EntryPoint\",\"urlTemplate\":\"https:\\\/\\\/news.save.ch\\\/de\\\/?s={search_term_string}\"},\"query-input\":{\"@type\":\"PropertyValueSpecification\",\"valueRequired\":true,\"valueName\":\"search_term_string\"}}],\"inLanguage\":\"de\"},{\"@type\":\"Organization\",\"@id\":\"https:\\\/\\\/news.save.ch\\\/de\\\/#organization\",\"name\":\"Sicherheitsforum\",\"url\":\"https:\\\/\\\/news.save.ch\\\/de\\\/\",\"logo\":{\"@type\":\"ImageObject\",\"inLanguage\":\"de\",\"@id\":\"https:\\\/\\\/news.save.ch\\\/de\\\/#\\\/schema\\\/logo\\\/image\\\/\",\"url\":\"https:\\\/\\\/news.save.ch\\\/wp-content\\\/uploads\\\/2022\\\/06\\\/Logo_SF_2012.png\",\"contentUrl\":\"https:\\\/\\\/news.save.ch\\\/wp-content\\\/uploads\\\/2022\\\/06\\\/Logo_SF_2012.png\",\"width\":1100,\"height\":91,\"caption\":\"Sicherheitsforum\"},\"image\":{\"@id\":\"https:\\\/\\\/news.save.ch\\\/de\\\/#\\\/schema\\\/logo\\\/image\\\/\"}},{\"@type\":\"Person\",\"@id\":\"https:\\\/\\\/news.save.ch\\\/de\\\/#\\\/schema\\\/person\\\/d49e199490bad7c70d64b9ab51142f2b\",\"name\":\"admin\",\"image\":{\"@type\":\"ImageObject\",\"inLanguage\":\"de\",\"@id\":\"https:\\\/\\\/secure.gravatar.com\\\/avatar\\\/ae2f4d718e6c49043e314ce431e7e645d646302a24a5ef5a8bc8e3f5a032e319?s=96&d=mm&r=g\",\"url\":\"https:\\\/\\\/secure.gravatar.com\\\/avatar\\\/ae2f4d718e6c49043e314ce431e7e645d646302a24a5ef5a8bc8e3f5a032e319?s=96&d=mm&r=g\",\"contentUrl\":\"https:\\\/\\\/secure.gravatar.com\\\/avatar\\\/ae2f4d718e6c49043e314ce431e7e645d646302a24a5ef5a8bc8e3f5a032e319?s=96&d=mm&r=g\",\"caption\":\"admin\"},\"sameAs\":[\"https:\\\/\\\/develop.organisator.galledia.ch\"],\"url\":\"https:\\\/\\\/news.save.ch\\\/de\\\/author\\\/admin\\\/\"}]}<\/script>\n<!-- \/ Yoast SEO plugin. -->","yoast_head_json":{"title":"Depressionen am Arbeitsplatz kosten Milliarden - Save","description":"Mitarbeiter mit Depressionen kommen Unternehmen und der Volkswirtschaft teuer zu stehen - und zwar unabh\u00e4ngig von Kultur und Wirtschaftsleistung des Landes.","robots":{"index":"index","follow":"follow","max-snippet":"max-snippet:-1","max-image-preview":"max-image-preview:large","max-video-preview":"max-video-preview:-1"},"canonical":"https:\/\/news.save.ch\/de\/depressionen-am-arbeitsplatz-kosten-milliarden\/","og_locale":"de_DE","og_type":"article","og_title":"Depressionen am Arbeitsplatz kosten Milliarden - Save","og_description":"Mitarbeiter mit Depressionen kommen Unternehmen und der Volkswirtschaft teuer zu stehen - und zwar unabh\u00e4ngig von Kultur und Wirtschaftsleistung des Landes.","og_url":"https:\/\/news.save.ch\/de\/depressionen-am-arbeitsplatz-kosten-milliarden\/","og_site_name":"Save","article_published_time":"2016-09-30T08:19:47+00:00","article_modified_time":"2023-03-14T08:05:36+00:00","og_image":[{"width":1000,"height":666,"url":"https:\/\/news.save.ch\/wp-content\/uploads\/2016\/12\/Depressionen-am-Arbeitsplatz-kosten-Milliarden_safety-plus.jpg","type":"image\/jpeg"}],"author":"admin","twitter_card":"summary_large_image","twitter_misc":{"Geschrieben von":"admin","Gesch\u00e4tzte Lesezeit":"2\u00a0Minuten"},"schema":{"@context":"https:\/\/schema.org","@graph":[{"@type":"Article","@id":"https:\/\/news.save.ch\/depressionen-am-arbeitsplatz-kosten-milliarden\/#article","isPartOf":{"@id":"https:\/\/news.save.ch\/depressionen-am-arbeitsplatz-kosten-milliarden\/"},"author":{"name":"admin","@id":"https:\/\/news.save.ch\/de\/#\/schema\/person\/d49e199490bad7c70d64b9ab51142f2b"},"headline":"Depressionen am Arbeitsplatz kosten Milliarden","datePublished":"2016-09-30T08:19:47+00:00","dateModified":"2023-03-14T08:05:36+00:00","mainEntityOfPage":{"@id":"https:\/\/news.save.ch\/depressionen-am-arbeitsplatz-kosten-milliarden\/"},"wordCount":339,"commentCount":0,"publisher":{"@id":"https:\/\/news.save.ch\/de\/#organization"},"image":{"@id":"https:\/\/news.save.ch\/depressionen-am-arbeitsplatz-kosten-milliarden\/#primaryimage"},"thumbnailUrl":"https:\/\/news.save.ch\/wp-content\/uploads\/2016\/12\/Depressionen-am-Arbeitsplatz-kosten-Milliarden_safety-plus.jpg","keywords":["Nachhaltige Wirtschaft","Psychische Gesundheit"],"articleSection":["ALLGEMEIN","HEALTH &amp; SAFETY"],"inLanguage":"de"},{"@type":"WebPage","@id":"https:\/\/news.save.ch\/depressionen-am-arbeitsplatz-kosten-milliarden\/","url":"https:\/\/news.save.ch\/depressionen-am-arbeitsplatz-kosten-milliarden\/","name":"Depressionen am Arbeitsplatz kosten Milliarden - Save","isPartOf":{"@id":"https:\/\/news.save.ch\/de\/#website"},"primaryImageOfPage":{"@id":"https:\/\/news.save.ch\/depressionen-am-arbeitsplatz-kosten-milliarden\/#primaryimage"},"image":{"@id":"https:\/\/news.save.ch\/depressionen-am-arbeitsplatz-kosten-milliarden\/#primaryimage"},"thumbnailUrl":"https:\/\/news.save.ch\/wp-content\/uploads\/2016\/12\/Depressionen-am-Arbeitsplatz-kosten-Milliarden_safety-plus.jpg","datePublished":"2016-09-30T08:19:47+00:00","dateModified":"2023-03-14T08:05:36+00:00","description":"Mitarbeiter mit Depressionen kommen Unternehmen und der Volkswirtschaft teuer zu stehen - und zwar unabh\u00e4ngig von Kultur und Wirtschaftsleistung des Landes.","breadcrumb":{"@id":"https:\/\/news.save.ch\/depressionen-am-arbeitsplatz-kosten-milliarden\/#breadcrumb"},"inLanguage":"de","potentialAction":[{"@type":"ReadAction","target":["https:\/\/news.save.ch\/depressionen-am-arbeitsplatz-kosten-milliarden\/"]}]},{"@type":"ImageObject","inLanguage":"de","@id":"https:\/\/news.save.ch\/depressionen-am-arbeitsplatz-kosten-milliarden\/#primaryimage","url":"https:\/\/news.save.ch\/wp-content\/uploads\/2016\/12\/Depressionen-am-Arbeitsplatz-kosten-Milliarden_safety-plus.jpg","contentUrl":"https:\/\/news.save.ch\/wp-content\/uploads\/2016\/12\/Depressionen-am-Arbeitsplatz-kosten-Milliarden_safety-plus.jpg","width":1000,"height":666,"caption":"Depressionen am Arbeitsplatz sind ein globales Problem."},{"@type":"BreadcrumbList","@id":"https:\/\/news.save.ch\/depressionen-am-arbeitsplatz-kosten-milliarden\/#breadcrumb","itemListElement":[{"@type":"ListItem","position":1,"name":"Home","item":"https:\/\/news.save.ch\/de\/"},{"@type":"ListItem","position":2,"name":"Depressionen am Arbeitsplatz kosten Milliarden"}]},{"@type":"WebSite","@id":"https:\/\/news.save.ch\/de\/#website","url":"https:\/\/news.save.ch\/de\/","name":"Save","description":"Schweizer Fachzeitschrift f\u00fcr Sicherheit","publisher":{"@id":"https:\/\/news.save.ch\/de\/#organization"},"potentialAction":[{"@type":"SearchAction","target":{"@type":"EntryPoint","urlTemplate":"https:\/\/news.save.ch\/de\/?s={search_term_string}"},"query-input":{"@type":"PropertyValueSpecification","valueRequired":true,"valueName":"search_term_string"}}],"inLanguage":"de"},{"@type":"Organization","@id":"https:\/\/news.save.ch\/de\/#organization","name":"Sicherheitsforum","url":"https:\/\/news.save.ch\/de\/","logo":{"@type":"ImageObject","inLanguage":"de","@id":"https:\/\/news.save.ch\/de\/#\/schema\/logo\/image\/","url":"https:\/\/news.save.ch\/wp-content\/uploads\/2022\/06\/Logo_SF_2012.png","contentUrl":"https:\/\/news.save.ch\/wp-content\/uploads\/2022\/06\/Logo_SF_2012.png","width":1100,"height":91,"caption":"Sicherheitsforum"},"image":{"@id":"https:\/\/news.save.ch\/de\/#\/schema\/logo\/image\/"}},{"@type":"Person","@id":"https:\/\/news.save.ch\/de\/#\/schema\/person\/d49e199490bad7c70d64b9ab51142f2b","name":"admin","image":{"@type":"ImageObject","inLanguage":"de","@id":"https:\/\/secure.gravatar.com\/avatar\/ae2f4d718e6c49043e314ce431e7e645d646302a24a5ef5a8bc8e3f5a032e319?s=96&d=mm&r=g","url":"https:\/\/secure.gravatar.com\/avatar\/ae2f4d718e6c49043e314ce431e7e645d646302a24a5ef5a8bc8e3f5a032e319?s=96&d=mm&r=g","contentUrl":"https:\/\/secure.gravatar.com\/avatar\/ae2f4d718e6c49043e314ce431e7e645d646302a24a5ef5a8bc8e3f5a032e319?s=96&d=mm&r=g","caption":"admin"},"sameAs":["https:\/\/develop.organisator.galledia.ch"],"url":"https:\/\/news.save.ch\/de\/author\/admin\/"}]}},"_links":{"self":[{"href":"https:\/\/news.save.ch\/de\/wp-json\/wp\/v2\/posts\/1231","targetHints":{"allow":["GET"]}}],"collection":[{"href":"https:\/\/news.save.ch\/de\/wp-json\/wp\/v2\/posts"}],"about":[{"href":"https:\/\/news.save.ch\/de\/wp-json\/wp\/v2\/types\/post"}],"author":[{"embeddable":true,"href":"https:\/\/news.save.ch\/de\/wp-json\/wp\/v2\/users\/1"}],"replies":[{"embeddable":true,"href":"https:\/\/news.save.ch\/de\/wp-json\/wp\/v2\/comments?post=1231"}],"version-history":[{"count":1,"href":"https:\/\/news.save.ch\/de\/wp-json\/wp\/v2\/posts\/1231\/revisions"}],"predecessor-version":[{"id":19020,"href":"https:\/\/news.save.ch\/de\/wp-json\/wp\/v2\/posts\/1231\/revisions\/19020"}],"wp:featuredmedia":[{"embeddable":true,"href":"https:\/\/news.save.ch\/de\/wp-json\/wp\/v2\/media\/1232"}],"wp:attachment":[{"href":"https:\/\/news.save.ch\/de\/wp-json\/wp\/v2\/media?parent=1231"}],"wp:term":[{"taxonomy":"category","embeddable":true,"href":"https:\/\/news.save.ch\/de\/wp-json\/wp\/v2\/categories?post=1231"},{"taxonomy":"post_tag","embeddable":true,"href":"https:\/\/news.save.ch\/de\/wp-json\/wp\/v2\/tags?post=1231"}],"curies":[{"name":"wp","href":"https:\/\/api.w.org\/{rel}","templated":true}]}}