{"id":1240,"date":"2016-10-04T10:27:34","date_gmt":"2016-10-04T08:27:34","guid":{"rendered":"http:\/\/dev.safety-plus.ch\/?p=1240"},"modified":"2016-10-04T10:27:34","modified_gmt":"2016-10-04T08:27:34","slug":"lernendenbarometer-2016-von-berufslehre-ueberzeugt","status":null,"type":"post","link":"https:\/\/news.save.ch\/de\/lernendenbarometer-2016-von-berufslehre-ueberzeugt\/","title":{"rendered":"Lernendenbarometer 2016: von Berufslehre \u00fcberzeugt"},"content":{"rendered":"<figure id=\"attachment_1241\" aria-describedby=\"caption-attachment-1241\" style=\"width: 680px\" class=\"wp-caption alignnone\"><img loading=\"lazy\" decoding=\"async\" class=\"wp-image-1241 size-medium\" src=\"http:\/\/develop.safety-plus.ch\/wp-content\/uploads\/2016\/12\/Lernendenbarometer-2016-von-Berufslehre-ueberzeugt_safety-plus.jpg\" width=\"680\" height=\"453\" \/><figcaption id=\"caption-attachment-1241\" class=\"wp-caption-text\">Die Zufriedenheit der Lehrlinge ist insgesamt gestiegen.<\/figcaption><\/figure>\n<p>Der Lernendenbarometer 2016 des Online-Lehrstellenportals <a href=\"https:\/\/www.yousty.ch\/\" target=\"_blank\" rel=\"noreferrer noopener\" data-cke-saved-href=\"https:\/\/www.yousty.ch\/\">yousti.ch<\/a>\u00a0zeigt: \u00dcber 80% der Lernenden in der Schweiz w\u00fcrden wieder eine Berufslehre absolvieren, wenn sie nochmals entscheiden m\u00fcssten. 81% dieser Lernenden geben wiederum an, mit einem Lehrabschluss besser f\u00fcr die Arbeitswelt ger\u00fcstet zu sein, als mit einem Universit\u00e4tsabschluss.<\/p>\n<p>Insgesamt sind 4\u2019356 dem Aufruf der Yousty AG gefolgt und haben zwischen 26. Mai und 21. Juni 2016 bei der grossen Online-Umfrage zur Zufriedenheit der Lernenden in der Deutschschweiz mitgemacht. Auf einer Skala von 1 bis 10 (h\u00f6chste Zufriedenheit) bewerteten die Jugendlichen die Zufriedenheit mit ihrer Lehrstelle dabei durchschnittlich mit hohen 7.2. Verglichen mit den Ergebnissen vom letzten Jahr ist die Zufriedenheit von einem Wert von 6.9 auf einen Wert von 7.2 gestiegen.<\/p>\n<p><strong>Arbeitsklima nach wie vor am wichtigsten <\/strong><\/p>\n<p>F\u00fcr die Zufriedenheit am Arbeitsplatz ist das Arbeitsklima mit einem Wert von 8.9 der relevanteste Faktor. Dicht dahinter folgen f\u00fcr die Lernenden interessante T\u00e4tigkeiten (8.6) und die Behandlung als gleichwertige Mitarbeitende im Betrieb (8.5). Besonders erfreulich ist auch die Tatsache, dass der Lohn (3.1) nur marginal einen Einfluss auf die Berufswahl respektive die Zufriedenheit hat. Urs Casty, Gr\u00fcnder und Gesch\u00e4ftsf\u00fchrer der Yousty AG, stimmen diese Ergebnisse zuversichtlich: \u00abDie Lernenden von heute glauben an die duale Berufsbildung. Sie entscheiden sich f\u00fcr ihre Lehrstelle aus Interesse an der T\u00e4tigkeit und nicht des Geldes wegen. Dies zeigt: Lehrstellen sind auch f\u00fcr gute Sch\u00fcler eine echte Alternative zum Gymnasium.\u00bb<\/p>\n<figure id=\"attachment_1242\" aria-describedby=\"caption-attachment-1242\" style=\"width: 1344px\" class=\"wp-caption alignnone\"><a href=\"http:\/\/develop.safety-plus.ch\/wp-content\/uploads\/2016\/12\/Lernendenbarometer-2016-von-Berufslehre-u\u0308berzeugt_safety-plus-2.jpg\"><img loading=\"lazy\" decoding=\"async\" class=\"size-full wp-image-1242\" src=\"http:\/\/develop.safety-plus.ch\/wp-content\/uploads\/2016\/12\/Lernendenbarometer-2016-von-Berufslehre-u\u0308berzeugt_safety-plus-2.jpg\" alt=\"\" width=\"1344\" height=\"905\" \/><\/a><figcaption id=\"caption-attachment-1242\" class=\"wp-caption-text\">Der wichtigste Faktor f\u00fcr die Zufriedenheit ist das Arbeitsklima.<\/figcaption><\/figure>\n<p><strong>Spitzenreiter Bern und Basel-Land<\/strong><\/p>\n<p>Die zufriedensten Lernenden absolvieren ihre Ausbildung in den Kantonen Bern (7.2) und Basel-Land (7.2), gefolgt von Basel-Stadt (7.1) und Zug (7.0). Zug hat im Vergleich zum letzten Jahr 3 Pl\u00e4tze verloren, Bern hingegen hat einen Platz wettgemacht. Auch der Kanton Z\u00fcrich musste seinen letztj\u00e4hrigen dritten Platz abgeben und ist auf den 5. Rang gefallen.<\/p>\n<p><strong>Beliebt sind Banken und Life Sciences <\/strong><\/p>\n<p>Banken und Versicherungen sowie Life Sciences (Chemie, Biologie, Physik und Pharma) bilden mit einem Wert von 7.6 die zufriedensten Lernenden aus. Dicht folgt die Branche IT, Kommunikation und Internet (7.5) und die Bronzemedaille geht dieses Jahr an die Branche Elektronik (7.3), die im Vergleich zum letzten Jahr stark an Zufriedenheit gewonnen hat.<\/p>\n<p><strong>Aufholbedarf bei KMU <\/strong><\/p>\n<p>Wird die Zufriedenheit in den Betrieben nach der Gr\u00f6sse des Unternehmens aufgeschl\u00fcsselt, f\u00e4llt auf: Je mehr Mitarbeitende ein Unternehmen hat, desto zufriedener sind die Lernenden. Aus den Ergebnissen geht hervor, dass mit steigender Betriebsgr\u00f6sse auch die Zufriedenheit der Lernenden mit ihren Berufsbildnern steigt. Laut Lernendenbarometer 2016 haben vor allem die folgenden Faktoren einen positiven Einfluss auf die Zufriedenheit: Gleichbehandlung als Mitarbeiter, gutes Arbeitsklima und weniger wiederkehrende Stresssituationen. F\u00fcr Domenica Mauch, Projektleiterin der Yousty AG, ist klar: \u00abDer Druck auf die KMUs ist gross. Dennoch stehen sie in der Pflicht, die Lernenden w\u00e4hrend der Berufslehre bestm\u00f6glich zu unterst\u00fctzen. Die beiden erstgenannten Faktoren f\u00fcr eine Zufriedenheitssteigerung k\u00f6nnen &#8211; wenn nicht m\u00fcssen &#8211; auch bei Kleinbetrieben umgesetzt werden. Vielleicht sehen wir den Erfolg bereits im Lernendenbarometer 2017 by yousty.ch.\u00bb<\/p>\n","protected":false},"excerpt":{"rendered":"<p>Der Lernendenbarometer 2016 des Online-Lehrstellenportals yousti.ch\u00a0zeigt: \u00dcber 80% der Lernenden in der Schweiz w\u00fcrden wieder eine Berufslehre absolvieren, wenn sie nochmals entscheiden m\u00fcssten. 81% dieser Lernenden geben wiederum an, mit einem Lehrabschluss besser f\u00fcr die Arbeitswelt ger\u00fcstet zu sein, als mit einem Universit\u00e4tsabschluss. Insgesamt sind 4\u2019356 dem Aufruf der Yousty AG gefolgt und haben zwischen [&hellip;]<\/p>\n","protected":false},"author":1,"featured_media":1241,"comment_status":"open","ping_status":"open","sticky":false,"template":"","format":"standard","meta":{"_acf_changed":false,"pgc_sgb_lightbox_settings":"","footnotes":""},"categories":[1],"tags":[183,293],"class_list":["post-1240","post","type-post","status-publish","format-standard","has-post-thumbnail","hentry","category-allgemein","tag-arbeitsplatzgestaltung","tag-aus-weiterbildung"],"acf":[],"hkrextid":null,"publication":null,"issue":null,"workflow":null,"startPage":null,"spitzmarke":null,"_posts_by_tag_page_fields":{"widget_title":"","widget_tags":""},"_at_widget":"1","_yoast_wpseo_primary_category":"1","_yoast_wpseo_focuskw_text_input":"Lernendenbarometer","_yoast_wpseo_opengraph-image":null,"_yoast_wpseo_opengraph-description":null,"_yoast_wpseo_opengraph-title":null,"enclosure":null,"_yoast_wpseo_twitter-title":null,"_yoast_wpseo_twitter-description":null,"_yoast_wpseo_twitter-image":null,"_wp_old_slug":null,"_yoast_wpseo_title":null,"_yoast_wpseo_canonical":null,"yoast_head":"<!-- This site is optimized with the Yoast SEO plugin v27.5 - https:\/\/yoast.com\/product\/yoast-seo-wordpress\/ -->\n<title>Lernendenbarometer 2016: von Berufslehre \u00fcberzeugt - Save<\/title>\n<meta name=\"description\" content=\"Der Lernendenbarometer 2016 zeigt, dass das duale Berufsbildungsmodell in der Schweiz von den Lernenden gesch\u00e4tzt wird.\" \/>\n<meta name=\"robots\" content=\"index, follow, max-snippet:-1, max-image-preview:large, max-video-preview:-1\" \/>\n<link rel=\"canonical\" href=\"https:\/\/news.save.ch\/de\/lernendenbarometer-2016-von-berufslehre-ueberzeugt\/\" \/>\n<meta property=\"og:locale\" content=\"de_DE\" \/>\n<meta property=\"og:type\" content=\"article\" \/>\n<meta property=\"og:title\" content=\"Lernendenbarometer 2016: von Berufslehre \u00fcberzeugt - Save\" \/>\n<meta property=\"og:description\" content=\"Der Lernendenbarometer 2016 zeigt, dass das duale Berufsbildungsmodell in der Schweiz von den Lernenden gesch\u00e4tzt wird.\" \/>\n<meta property=\"og:url\" content=\"https:\/\/news.save.ch\/de\/lernendenbarometer-2016-von-berufslehre-ueberzeugt\/\" \/>\n<meta property=\"og:site_name\" content=\"Save\" \/>\n<meta property=\"article:published_time\" content=\"2016-10-04T08:27:34+00:00\" \/>\n<meta property=\"og:image\" content=\"https:\/\/news.save.ch\/wp-content\/uploads\/2016\/12\/Lernendenbarometer-2016-von-Berufslehre-ueberzeugt_safety-plus-scaled-1.jpg\" \/>\n\t<meta property=\"og:image:width\" content=\"1200\" \/>\n\t<meta property=\"og:image:height\" content=\"801\" \/>\n\t<meta property=\"og:image:type\" content=\"image\/jpeg\" \/>\n<meta name=\"author\" content=\"admin\" \/>\n<meta name=\"twitter:card\" content=\"summary_large_image\" \/>\n<meta name=\"twitter:label1\" content=\"Geschrieben von\" \/>\n\t<meta name=\"twitter:data1\" content=\"admin\" \/>\n\t<meta name=\"twitter:label2\" content=\"Gesch\u00e4tzte Lesezeit\" \/>\n\t<meta name=\"twitter:data2\" content=\"3\u00a0Minuten\" \/>\n<script type=\"application\/ld+json\" class=\"yoast-schema-graph\">{\"@context\":\"https:\\\/\\\/schema.org\",\"@graph\":[{\"@type\":\"Article\",\"@id\":\"https:\\\/\\\/news.save.ch\\\/lernendenbarometer-2016-von-berufslehre-ueberzeugt\\\/#article\",\"isPartOf\":{\"@id\":\"https:\\\/\\\/news.save.ch\\\/lernendenbarometer-2016-von-berufslehre-ueberzeugt\\\/\"},\"author\":{\"name\":\"admin\",\"@id\":\"https:\\\/\\\/news.save.ch\\\/de\\\/#\\\/schema\\\/person\\\/d49e199490bad7c70d64b9ab51142f2b\"},\"headline\":\"Lernendenbarometer 2016: von Berufslehre \u00fcberzeugt\",\"datePublished\":\"2016-10-04T08:27:34+00:00\",\"mainEntityOfPage\":{\"@id\":\"https:\\\/\\\/news.save.ch\\\/lernendenbarometer-2016-von-berufslehre-ueberzeugt\\\/\"},\"wordCount\":513,\"commentCount\":2,\"publisher\":{\"@id\":\"https:\\\/\\\/news.save.ch\\\/de\\\/#organization\"},\"image\":{\"@id\":\"https:\\\/\\\/news.save.ch\\\/lernendenbarometer-2016-von-berufslehre-ueberzeugt\\\/#primaryimage\"},\"thumbnailUrl\":\"https:\\\/\\\/news.save.ch\\\/wp-content\\\/uploads\\\/2016\\\/12\\\/Lernendenbarometer-2016-von-Berufslehre-ueberzeugt_safety-plus-scaled-1.jpg\",\"keywords\":[\"Arbeitsplatzgestaltung\",\"Aus- &amp; Weiterbildung\"],\"articleSection\":[\"ALLGEMEIN\"],\"inLanguage\":\"de\"},{\"@type\":\"WebPage\",\"@id\":\"https:\\\/\\\/news.save.ch\\\/lernendenbarometer-2016-von-berufslehre-ueberzeugt\\\/\",\"url\":\"https:\\\/\\\/news.save.ch\\\/lernendenbarometer-2016-von-berufslehre-ueberzeugt\\\/\",\"name\":\"Lernendenbarometer 2016: von Berufslehre \u00fcberzeugt - Save\",\"isPartOf\":{\"@id\":\"https:\\\/\\\/news.save.ch\\\/de\\\/#website\"},\"primaryImageOfPage\":{\"@id\":\"https:\\\/\\\/news.save.ch\\\/lernendenbarometer-2016-von-berufslehre-ueberzeugt\\\/#primaryimage\"},\"image\":{\"@id\":\"https:\\\/\\\/news.save.ch\\\/lernendenbarometer-2016-von-berufslehre-ueberzeugt\\\/#primaryimage\"},\"thumbnailUrl\":\"https:\\\/\\\/news.save.ch\\\/wp-content\\\/uploads\\\/2016\\\/12\\\/Lernendenbarometer-2016-von-Berufslehre-ueberzeugt_safety-plus-scaled-1.jpg\",\"datePublished\":\"2016-10-04T08:27:34+00:00\",\"description\":\"Der Lernendenbarometer 2016 zeigt, dass das duale Berufsbildungsmodell in der Schweiz von den Lernenden gesch\u00e4tzt wird.\",\"breadcrumb\":{\"@id\":\"https:\\\/\\\/news.save.ch\\\/lernendenbarometer-2016-von-berufslehre-ueberzeugt\\\/#breadcrumb\"},\"inLanguage\":\"de\",\"potentialAction\":[{\"@type\":\"ReadAction\",\"target\":[\"https:\\\/\\\/news.save.ch\\\/lernendenbarometer-2016-von-berufslehre-ueberzeugt\\\/\"]}]},{\"@type\":\"ImageObject\",\"inLanguage\":\"de\",\"@id\":\"https:\\\/\\\/news.save.ch\\\/lernendenbarometer-2016-von-berufslehre-ueberzeugt\\\/#primaryimage\",\"url\":\"https:\\\/\\\/news.save.ch\\\/wp-content\\\/uploads\\\/2016\\\/12\\\/Lernendenbarometer-2016-von-Berufslehre-ueberzeugt_safety-plus-scaled-1.jpg\",\"contentUrl\":\"https:\\\/\\\/news.save.ch\\\/wp-content\\\/uploads\\\/2016\\\/12\\\/Lernendenbarometer-2016-von-Berufslehre-ueberzeugt_safety-plus-scaled-1.jpg\",\"width\":1200,\"height\":801,\"caption\":\"Die Zufriedenheit der Lehrlinge ist insgesamt gestiegen.\"},{\"@type\":\"BreadcrumbList\",\"@id\":\"https:\\\/\\\/news.save.ch\\\/lernendenbarometer-2016-von-berufslehre-ueberzeugt\\\/#breadcrumb\",\"itemListElement\":[{\"@type\":\"ListItem\",\"position\":1,\"name\":\"Home\",\"item\":\"https:\\\/\\\/news.save.ch\\\/de\\\/\"},{\"@type\":\"ListItem\",\"position\":2,\"name\":\"Lernendenbarometer 2016: von Berufslehre \u00fcberzeugt\"}]},{\"@type\":\"WebSite\",\"@id\":\"https:\\\/\\\/news.save.ch\\\/de\\\/#website\",\"url\":\"https:\\\/\\\/news.save.ch\\\/de\\\/\",\"name\":\"Save\",\"description\":\"Schweizer Fachzeitschrift f\u00fcr Sicherheit\",\"publisher\":{\"@id\":\"https:\\\/\\\/news.save.ch\\\/de\\\/#organization\"},\"potentialAction\":[{\"@type\":\"SearchAction\",\"target\":{\"@type\":\"EntryPoint\",\"urlTemplate\":\"https:\\\/\\\/news.save.ch\\\/de\\\/?s={search_term_string}\"},\"query-input\":{\"@type\":\"PropertyValueSpecification\",\"valueRequired\":true,\"valueName\":\"search_term_string\"}}],\"inLanguage\":\"de\"},{\"@type\":\"Organization\",\"@id\":\"https:\\\/\\\/news.save.ch\\\/de\\\/#organization\",\"name\":\"Sicherheitsforum\",\"url\":\"https:\\\/\\\/news.save.ch\\\/de\\\/\",\"logo\":{\"@type\":\"ImageObject\",\"inLanguage\":\"de\",\"@id\":\"https:\\\/\\\/news.save.ch\\\/de\\\/#\\\/schema\\\/logo\\\/image\\\/\",\"url\":\"https:\\\/\\\/news.save.ch\\\/wp-content\\\/uploads\\\/2022\\\/06\\\/Logo_SF_2012.png\",\"contentUrl\":\"https:\\\/\\\/news.save.ch\\\/wp-content\\\/uploads\\\/2022\\\/06\\\/Logo_SF_2012.png\",\"width\":1100,\"height\":91,\"caption\":\"Sicherheitsforum\"},\"image\":{\"@id\":\"https:\\\/\\\/news.save.ch\\\/de\\\/#\\\/schema\\\/logo\\\/image\\\/\"}},{\"@type\":\"Person\",\"@id\":\"https:\\\/\\\/news.save.ch\\\/de\\\/#\\\/schema\\\/person\\\/d49e199490bad7c70d64b9ab51142f2b\",\"name\":\"admin\",\"image\":{\"@type\":\"ImageObject\",\"inLanguage\":\"de\",\"@id\":\"https:\\\/\\\/secure.gravatar.com\\\/avatar\\\/ae2f4d718e6c49043e314ce431e7e645d646302a24a5ef5a8bc8e3f5a032e319?s=96&d=mm&r=g\",\"url\":\"https:\\\/\\\/secure.gravatar.com\\\/avatar\\\/ae2f4d718e6c49043e314ce431e7e645d646302a24a5ef5a8bc8e3f5a032e319?s=96&d=mm&r=g\",\"contentUrl\":\"https:\\\/\\\/secure.gravatar.com\\\/avatar\\\/ae2f4d718e6c49043e314ce431e7e645d646302a24a5ef5a8bc8e3f5a032e319?s=96&d=mm&r=g\",\"caption\":\"admin\"},\"sameAs\":[\"https:\\\/\\\/develop.organisator.galledia.ch\"],\"url\":\"https:\\\/\\\/news.save.ch\\\/de\\\/author\\\/admin\\\/\"}]}<\/script>\n<!-- \/ Yoast SEO plugin. -->","yoast_head_json":{"title":"Lernendenbarometer 2016: von Berufslehre \u00fcberzeugt - Save","description":"Der Lernendenbarometer 2016 zeigt, dass das duale Berufsbildungsmodell in der Schweiz von den Lernenden gesch\u00e4tzt wird.","robots":{"index":"index","follow":"follow","max-snippet":"max-snippet:-1","max-image-preview":"max-image-preview:large","max-video-preview":"max-video-preview:-1"},"canonical":"https:\/\/news.save.ch\/de\/lernendenbarometer-2016-von-berufslehre-ueberzeugt\/","og_locale":"de_DE","og_type":"article","og_title":"Lernendenbarometer 2016: von Berufslehre \u00fcberzeugt - Save","og_description":"Der Lernendenbarometer 2016 zeigt, dass das duale Berufsbildungsmodell in der Schweiz von den Lernenden gesch\u00e4tzt wird.","og_url":"https:\/\/news.save.ch\/de\/lernendenbarometer-2016-von-berufslehre-ueberzeugt\/","og_site_name":"Save","article_published_time":"2016-10-04T08:27:34+00:00","og_image":[{"width":1200,"height":801,"url":"https:\/\/news.save.ch\/wp-content\/uploads\/2016\/12\/Lernendenbarometer-2016-von-Berufslehre-ueberzeugt_safety-plus-scaled-1.jpg","type":"image\/jpeg"}],"author":"admin","twitter_card":"summary_large_image","twitter_misc":{"Geschrieben von":"admin","Gesch\u00e4tzte Lesezeit":"3\u00a0Minuten"},"schema":{"@context":"https:\/\/schema.org","@graph":[{"@type":"Article","@id":"https:\/\/news.save.ch\/lernendenbarometer-2016-von-berufslehre-ueberzeugt\/#article","isPartOf":{"@id":"https:\/\/news.save.ch\/lernendenbarometer-2016-von-berufslehre-ueberzeugt\/"},"author":{"name":"admin","@id":"https:\/\/news.save.ch\/de\/#\/schema\/person\/d49e199490bad7c70d64b9ab51142f2b"},"headline":"Lernendenbarometer 2016: von Berufslehre \u00fcberzeugt","datePublished":"2016-10-04T08:27:34+00:00","mainEntityOfPage":{"@id":"https:\/\/news.save.ch\/lernendenbarometer-2016-von-berufslehre-ueberzeugt\/"},"wordCount":513,"commentCount":2,"publisher":{"@id":"https:\/\/news.save.ch\/de\/#organization"},"image":{"@id":"https:\/\/news.save.ch\/lernendenbarometer-2016-von-berufslehre-ueberzeugt\/#primaryimage"},"thumbnailUrl":"https:\/\/news.save.ch\/wp-content\/uploads\/2016\/12\/Lernendenbarometer-2016-von-Berufslehre-ueberzeugt_safety-plus-scaled-1.jpg","keywords":["Arbeitsplatzgestaltung","Aus- &amp; Weiterbildung"],"articleSection":["ALLGEMEIN"],"inLanguage":"de"},{"@type":"WebPage","@id":"https:\/\/news.save.ch\/lernendenbarometer-2016-von-berufslehre-ueberzeugt\/","url":"https:\/\/news.save.ch\/lernendenbarometer-2016-von-berufslehre-ueberzeugt\/","name":"Lernendenbarometer 2016: von Berufslehre \u00fcberzeugt - Save","isPartOf":{"@id":"https:\/\/news.save.ch\/de\/#website"},"primaryImageOfPage":{"@id":"https:\/\/news.save.ch\/lernendenbarometer-2016-von-berufslehre-ueberzeugt\/#primaryimage"},"image":{"@id":"https:\/\/news.save.ch\/lernendenbarometer-2016-von-berufslehre-ueberzeugt\/#primaryimage"},"thumbnailUrl":"https:\/\/news.save.ch\/wp-content\/uploads\/2016\/12\/Lernendenbarometer-2016-von-Berufslehre-ueberzeugt_safety-plus-scaled-1.jpg","datePublished":"2016-10-04T08:27:34+00:00","description":"Der Lernendenbarometer 2016 zeigt, dass das duale Berufsbildungsmodell in der Schweiz von den Lernenden gesch\u00e4tzt wird.","breadcrumb":{"@id":"https:\/\/news.save.ch\/lernendenbarometer-2016-von-berufslehre-ueberzeugt\/#breadcrumb"},"inLanguage":"de","potentialAction":[{"@type":"ReadAction","target":["https:\/\/news.save.ch\/lernendenbarometer-2016-von-berufslehre-ueberzeugt\/"]}]},{"@type":"ImageObject","inLanguage":"de","@id":"https:\/\/news.save.ch\/lernendenbarometer-2016-von-berufslehre-ueberzeugt\/#primaryimage","url":"https:\/\/news.save.ch\/wp-content\/uploads\/2016\/12\/Lernendenbarometer-2016-von-Berufslehre-ueberzeugt_safety-plus-scaled-1.jpg","contentUrl":"https:\/\/news.save.ch\/wp-content\/uploads\/2016\/12\/Lernendenbarometer-2016-von-Berufslehre-ueberzeugt_safety-plus-scaled-1.jpg","width":1200,"height":801,"caption":"Die Zufriedenheit der Lehrlinge ist insgesamt gestiegen."},{"@type":"BreadcrumbList","@id":"https:\/\/news.save.ch\/lernendenbarometer-2016-von-berufslehre-ueberzeugt\/#breadcrumb","itemListElement":[{"@type":"ListItem","position":1,"name":"Home","item":"https:\/\/news.save.ch\/de\/"},{"@type":"ListItem","position":2,"name":"Lernendenbarometer 2016: von Berufslehre \u00fcberzeugt"}]},{"@type":"WebSite","@id":"https:\/\/news.save.ch\/de\/#website","url":"https:\/\/news.save.ch\/de\/","name":"Save","description":"Schweizer Fachzeitschrift f\u00fcr Sicherheit","publisher":{"@id":"https:\/\/news.save.ch\/de\/#organization"},"potentialAction":[{"@type":"SearchAction","target":{"@type":"EntryPoint","urlTemplate":"https:\/\/news.save.ch\/de\/?s={search_term_string}"},"query-input":{"@type":"PropertyValueSpecification","valueRequired":true,"valueName":"search_term_string"}}],"inLanguage":"de"},{"@type":"Organization","@id":"https:\/\/news.save.ch\/de\/#organization","name":"Sicherheitsforum","url":"https:\/\/news.save.ch\/de\/","logo":{"@type":"ImageObject","inLanguage":"de","@id":"https:\/\/news.save.ch\/de\/#\/schema\/logo\/image\/","url":"https:\/\/news.save.ch\/wp-content\/uploads\/2022\/06\/Logo_SF_2012.png","contentUrl":"https:\/\/news.save.ch\/wp-content\/uploads\/2022\/06\/Logo_SF_2012.png","width":1100,"height":91,"caption":"Sicherheitsforum"},"image":{"@id":"https:\/\/news.save.ch\/de\/#\/schema\/logo\/image\/"}},{"@type":"Person","@id":"https:\/\/news.save.ch\/de\/#\/schema\/person\/d49e199490bad7c70d64b9ab51142f2b","name":"admin","image":{"@type":"ImageObject","inLanguage":"de","@id":"https:\/\/secure.gravatar.com\/avatar\/ae2f4d718e6c49043e314ce431e7e645d646302a24a5ef5a8bc8e3f5a032e319?s=96&d=mm&r=g","url":"https:\/\/secure.gravatar.com\/avatar\/ae2f4d718e6c49043e314ce431e7e645d646302a24a5ef5a8bc8e3f5a032e319?s=96&d=mm&r=g","contentUrl":"https:\/\/secure.gravatar.com\/avatar\/ae2f4d718e6c49043e314ce431e7e645d646302a24a5ef5a8bc8e3f5a032e319?s=96&d=mm&r=g","caption":"admin"},"sameAs":["https:\/\/develop.organisator.galledia.ch"],"url":"https:\/\/news.save.ch\/de\/author\/admin\/"}]}},"_links":{"self":[{"href":"https:\/\/news.save.ch\/de\/wp-json\/wp\/v2\/posts\/1240","targetHints":{"allow":["GET"]}}],"collection":[{"href":"https:\/\/news.save.ch\/de\/wp-json\/wp\/v2\/posts"}],"about":[{"href":"https:\/\/news.save.ch\/de\/wp-json\/wp\/v2\/types\/post"}],"author":[{"embeddable":true,"href":"https:\/\/news.save.ch\/de\/wp-json\/wp\/v2\/users\/1"}],"replies":[{"embeddable":true,"href":"https:\/\/news.save.ch\/de\/wp-json\/wp\/v2\/comments?post=1240"}],"version-history":[{"count":0,"href":"https:\/\/news.save.ch\/de\/wp-json\/wp\/v2\/posts\/1240\/revisions"}],"wp:featuredmedia":[{"embeddable":true,"href":"https:\/\/news.save.ch\/de\/wp-json\/wp\/v2\/media\/1241"}],"wp:attachment":[{"href":"https:\/\/news.save.ch\/de\/wp-json\/wp\/v2\/media?parent=1240"}],"wp:term":[{"taxonomy":"category","embeddable":true,"href":"https:\/\/news.save.ch\/de\/wp-json\/wp\/v2\/categories?post=1240"},{"taxonomy":"post_tag","embeddable":true,"href":"https:\/\/news.save.ch\/de\/wp-json\/wp\/v2\/tags?post=1240"}],"curies":[{"name":"wp","href":"https:\/\/api.w.org\/{rel}","templated":true}]}}