{"id":12509,"date":"2021-08-23T08:31:42","date_gmt":"2021-08-23T06:31:42","guid":{"rendered":"https:\/\/news.save.ch\/?p=12509"},"modified":"2023-07-15T16:47:03","modified_gmt":"2023-07-15T14:47:03","slug":"contact-tracing-betreiber-der-app-social-pass-setzen-empfehlungen-des-edoeb-um","status":null,"type":"post","link":"https:\/\/news.save.ch\/de\/contact-tracing-betreiber-der-app-social-pass-setzen-empfehlungen-des-edoeb-um\/","title":{"rendered":"Contact Tracing: Betreiber der App Social Pass setzen Empfehlungen des Edoeb um"},"content":{"rendered":"<figure id=\"attachment_12511\" aria-describedby=\"caption-attachment-12511\" style=\"width: 676px\" class=\"wp-caption alignnone\"><img loading=\"lazy\" decoding=\"async\" class=\"wp-image-12511 size-full\" src=\"https:\/\/news.save.ch\/wp-content\/uploads\/2021\/08\/SocialPass.jpg\" alt=\"Contact-Tracing-App\" width=\"676\" height=\"548\" srcset=\"https:\/\/news.save.ch\/wp-content\/uploads\/2021\/08\/SocialPass.jpg 676w, https:\/\/news.save.ch\/wp-content\/uploads\/2021\/08\/SocialPass-370x300.jpg 370w\" sizes=\"auto, (max-width: 676px) 100vw, 676px\" \/><figcaption id=\"caption-attachment-12511\" class=\"wp-caption-text\">Screenshot Google Play Store<\/figcaption><\/figure>\n<p>Die Applikation Social Pass wird von Gastbetrieben in der ganzen Schweiz verwendet und dient der Durchf\u00fchrung des zur Covid-19-Bek\u00e4mpfung obligatorischen \u00abContact Tracings\u00bb. Sie besteht aus den drei Systemkomponenten \u00abSocial Pass\u00bb, \u00abSocial Scan\u00bb und einer zentralen Datenbank: Mit der Mobile App Social Pass (verf\u00fcgbar f\u00fcr Android und iOS) erfassen Kundinnen und Kunden ihre Kontaktdaten auf ihrem Smartphone. Bei einem Restaurantbesuch scannen sie den QR-Code des Gastbetriebs. Die mit den Angaben des Gastbetriebs angereicherten Kontaktdaten werden anschliessend automatisch an eine zentrale Datenbank geschickt und dort gespeichert.<\/p>\n<h2>Ungew\u00f6hnlich langwierige Verhandlungen<\/h2>\n<p>Nebst der <a href=\"https:\/\/news.save.ch\/social-pass-begrenzung-der-abfragemoeglichkeiten-gefordert\/\" target=\"_blank\" rel=\"noopener\">Feststellung organisatorischer und technischer M\u00e4ngel<\/a> zeigte eine Sachverhaltsabkl\u00e4rung des Eidgen\u00f6ssischen Datenschutz- und \u00d6ffentlichkeitsbeauftragten (Edoeb) auf, dass die privaten Betreiber den Gesundheitsbeh\u00f6rden der Kantone Waadt und Wallis einen direkten Zugriff auf die zentrale Datenbank einr\u00e4umten und trotz fehlender Rechtfertigungsgr\u00fcnde f\u00fcr nahezu beliebige personenbezogene Abfragen zur Verf\u00fcgung stellten, womit sie auch gegen das Verh\u00e4ltnism\u00e4ssigkeitsprinzip verstiessen. Gem\u00e4ss Medienberichten sollen die einger\u00e4umten Abfragem\u00f6glichkeiten im Kanton Wallis zu zweckwidrigen Bearbeitungen von Personendaten gef\u00fchrt haben. Auf Empfehlung des Edoeb haben die Betreiber diese im April 2021 noch bestrittenen M\u00e4ngel inzwischen anerkannt und gem\u00e4ss eigenen Angaben auch behoben.<\/p>\n<p>Weitere Empfehlungen betrafen die Vollst\u00e4ndigkeit der Informationen gegen\u00fcber den Benutzerinnen und Benutzern, den Export von Telefonnummern in die USA im Rahmen der Nummernverifizierung sowie die Konfiguration der Plattform Microsoft Azure, auf der sich die zentrale Datenbank befindet. Diese Empfehlungen wurden nur teilweise anerkannt und erst teilweise umgesetzt. Der Edoeb beh\u00e4lt sich vor, nachzukontrollieren und allenfalls mit einer Klage ans Bundesverwaltungsgericht zu gelangen.<\/p>\n<p><em>Quelle: Edoeb<\/em><\/p>\n<p>&nbsp;<\/p>\n","protected":false},"excerpt":{"rendered":"<p>Die Applikation Social Pass wird von Gastbetrieben in der ganzen Schweiz verwendet und dient der Durchf\u00fchrung des zur Covid-19-Bek\u00e4mpfung obligatorischen \u00abContact Tracings\u00bb. Sie besteht aus den drei Systemkomponenten \u00abSocial Pass\u00bb, \u00abSocial Scan\u00bb und einer zentralen Datenbank: Mit der Mobile App Social Pass (verf\u00fcgbar f\u00fcr Android und iOS) erfassen Kundinnen und Kunden ihre Kontaktdaten auf ihrem [&hellip;]<\/p>\n","protected":false},"author":9,"featured_media":12511,"comment_status":"closed","ping_status":"closed","sticky":false,"template":"","format":"standard","meta":{"_acf_changed":false,"pgc_sgb_lightbox_settings":"","footnotes":""},"categories":[1],"tags":[5337,5338,847,5336,94],"class_list":["post-12509","post","type-post","status-publish","format-standard","has-post-thumbnail","hentry","category-allgemein","tag-contact-tracing","tag-eidgenoessischer-datenschutz-und-oeffentlichkeitsbeauftragter","tag-qr-code","tag-social-pass","tag-zentrale-datenbank"],"acf":[],"hkrextid":null,"publication":null,"issue":null,"workflow":null,"startPage":null,"spitzmarke":null,"_posts_by_tag_page_fields":{"widget_title":"","widget_tags":""},"_at_widget":"1","_yoast_wpseo_primary_category":"","_yoast_wpseo_focuskw_text_input":null,"_yoast_wpseo_opengraph-image":null,"_yoast_wpseo_opengraph-description":null,"_yoast_wpseo_opengraph-title":null,"enclosure":null,"_yoast_wpseo_twitter-title":null,"_yoast_wpseo_twitter-description":null,"_yoast_wpseo_twitter-image":null,"_wp_old_slug":null,"_yoast_wpseo_title":null,"_yoast_wpseo_canonical":null,"yoast_head":"<!-- This site is optimized with the Yoast SEO plugin v27.4 - https:\/\/yoast.com\/product\/yoast-seo-wordpress\/ -->\n<title>Contact Tracing: Betreiber der App Social Pass setzen Empfehlungen des Edoeb um - Save<\/title>\n<meta name=\"description\" content=\"Wie aus einem Schlussbericht hervorgeht, haben die Betreiber der Contact-Tracing-App Social Pass nach \u00abz\u00e4hen Verhandlungen\u00bb die zentralen Empfehlungen des Edoeb nach anf\u00e4nglicher Bestreitung angenommen und umgesetzt.\" \/>\n<meta name=\"robots\" content=\"index, follow, max-snippet:-1, max-image-preview:large, max-video-preview:-1\" \/>\n<link rel=\"canonical\" href=\"https:\/\/news.save.ch\/de\/contact-tracing-betreiber-der-app-social-pass-setzen-empfehlungen-des-edoeb-um\/\" \/>\n<meta property=\"og:locale\" content=\"de_DE\" \/>\n<meta property=\"og:type\" content=\"article\" \/>\n<meta property=\"og:title\" content=\"Contact Tracing: Betreiber der App Social Pass setzen Empfehlungen des Edoeb um - Save\" \/>\n<meta property=\"og:description\" content=\"Wie aus einem Schlussbericht hervorgeht, haben die Betreiber der Contact-Tracing-App Social Pass nach \u00abz\u00e4hen Verhandlungen\u00bb die zentralen Empfehlungen des Edoeb nach anf\u00e4nglicher Bestreitung angenommen und umgesetzt.\" \/>\n<meta property=\"og:url\" content=\"https:\/\/news.save.ch\/de\/contact-tracing-betreiber-der-app-social-pass-setzen-empfehlungen-des-edoeb-um\/\" \/>\n<meta property=\"og:site_name\" content=\"Save\" \/>\n<meta property=\"article:published_time\" content=\"2021-08-23T06:31:42+00:00\" \/>\n<meta property=\"article:modified_time\" content=\"2023-07-15T14:47:03+00:00\" \/>\n<meta property=\"og:image\" content=\"https:\/\/news.save.ch\/wp-content\/uploads\/2021\/08\/SocialPass.jpg\" \/>\n\t<meta property=\"og:image:width\" content=\"676\" \/>\n\t<meta property=\"og:image:height\" content=\"548\" \/>\n\t<meta property=\"og:image:type\" content=\"image\/jpeg\" \/>\n<meta name=\"author\" content=\"Simon Gr\u00f6flin\" \/>\n<meta name=\"twitter:card\" content=\"summary_large_image\" \/>\n<meta name=\"twitter:label1\" content=\"Geschrieben von\" \/>\n\t<meta name=\"twitter:data1\" content=\"Simon Gr\u00f6flin\" \/>\n\t<meta name=\"twitter:label2\" content=\"Gesch\u00e4tzte Lesezeit\" \/>\n\t<meta name=\"twitter:data2\" content=\"2\u00a0Minuten\" \/>\n<script type=\"application\/ld+json\" class=\"yoast-schema-graph\">{\"@context\":\"https:\\\/\\\/schema.org\",\"@graph\":[{\"@type\":\"Article\",\"@id\":\"https:\\\/\\\/news.save.ch\\\/contact-tracing-betreiber-der-app-social-pass-setzen-empfehlungen-des-edoeb-um\\\/#article\",\"isPartOf\":{\"@id\":\"https:\\\/\\\/news.save.ch\\\/contact-tracing-betreiber-der-app-social-pass-setzen-empfehlungen-des-edoeb-um\\\/\"},\"author\":{\"name\":\"Simon Gr\u00f6flin\",\"@id\":\"https:\\\/\\\/news.save.ch\\\/de\\\/#\\\/schema\\\/person\\\/ad4ef21102fd6125312409ac57d5296d\"},\"headline\":\"Contact Tracing: Betreiber der App Social Pass setzen Empfehlungen des Edoeb um\",\"datePublished\":\"2021-08-23T06:31:42+00:00\",\"dateModified\":\"2023-07-15T14:47:03+00:00\",\"mainEntityOfPage\":{\"@id\":\"https:\\\/\\\/news.save.ch\\\/contact-tracing-betreiber-der-app-social-pass-setzen-empfehlungen-des-edoeb-um\\\/\"},\"wordCount\":292,\"publisher\":{\"@id\":\"https:\\\/\\\/news.save.ch\\\/de\\\/#organization\"},\"image\":{\"@id\":\"https:\\\/\\\/news.save.ch\\\/contact-tracing-betreiber-der-app-social-pass-setzen-empfehlungen-des-edoeb-um\\\/#primaryimage\"},\"thumbnailUrl\":\"https:\\\/\\\/news.save.ch\\\/wp-content\\\/uploads\\\/2021\\\/08\\\/SocialPass.jpg\",\"keywords\":[\"Contact Tracing\",\"Eidgen\u00f6ssischer Datenschutz- und \u00d6ffentlichkeitsbeauftragter\",\"QR-Code\",\"Social Pass\",\"zentrale Datenbank\"],\"articleSection\":[\"ALLGEMEIN\"],\"inLanguage\":\"de\"},{\"@type\":\"WebPage\",\"@id\":\"https:\\\/\\\/news.save.ch\\\/contact-tracing-betreiber-der-app-social-pass-setzen-empfehlungen-des-edoeb-um\\\/\",\"url\":\"https:\\\/\\\/news.save.ch\\\/contact-tracing-betreiber-der-app-social-pass-setzen-empfehlungen-des-edoeb-um\\\/\",\"name\":\"Contact Tracing: Betreiber der App Social Pass setzen Empfehlungen des Edoeb um - Save\",\"isPartOf\":{\"@id\":\"https:\\\/\\\/news.save.ch\\\/de\\\/#website\"},\"primaryImageOfPage\":{\"@id\":\"https:\\\/\\\/news.save.ch\\\/contact-tracing-betreiber-der-app-social-pass-setzen-empfehlungen-des-edoeb-um\\\/#primaryimage\"},\"image\":{\"@id\":\"https:\\\/\\\/news.save.ch\\\/contact-tracing-betreiber-der-app-social-pass-setzen-empfehlungen-des-edoeb-um\\\/#primaryimage\"},\"thumbnailUrl\":\"https:\\\/\\\/news.save.ch\\\/wp-content\\\/uploads\\\/2021\\\/08\\\/SocialPass.jpg\",\"datePublished\":\"2021-08-23T06:31:42+00:00\",\"dateModified\":\"2023-07-15T14:47:03+00:00\",\"description\":\"Wie aus einem Schlussbericht hervorgeht, haben die Betreiber der Contact-Tracing-App Social Pass nach \u00abz\u00e4hen Verhandlungen\u00bb die zentralen Empfehlungen des Edoeb nach anf\u00e4nglicher Bestreitung angenommen und umgesetzt.\",\"breadcrumb\":{\"@id\":\"https:\\\/\\\/news.save.ch\\\/contact-tracing-betreiber-der-app-social-pass-setzen-empfehlungen-des-edoeb-um\\\/#breadcrumb\"},\"inLanguage\":\"de\",\"potentialAction\":[{\"@type\":\"ReadAction\",\"target\":[\"https:\\\/\\\/news.save.ch\\\/contact-tracing-betreiber-der-app-social-pass-setzen-empfehlungen-des-edoeb-um\\\/\"]}]},{\"@type\":\"ImageObject\",\"inLanguage\":\"de\",\"@id\":\"https:\\\/\\\/news.save.ch\\\/contact-tracing-betreiber-der-app-social-pass-setzen-empfehlungen-des-edoeb-um\\\/#primaryimage\",\"url\":\"https:\\\/\\\/news.save.ch\\\/wp-content\\\/uploads\\\/2021\\\/08\\\/SocialPass.jpg\",\"contentUrl\":\"https:\\\/\\\/news.save.ch\\\/wp-content\\\/uploads\\\/2021\\\/08\\\/SocialPass.jpg\",\"width\":676,\"height\":548,\"caption\":\"Screenshot Google Play Store\"},{\"@type\":\"BreadcrumbList\",\"@id\":\"https:\\\/\\\/news.save.ch\\\/contact-tracing-betreiber-der-app-social-pass-setzen-empfehlungen-des-edoeb-um\\\/#breadcrumb\",\"itemListElement\":[{\"@type\":\"ListItem\",\"position\":1,\"name\":\"Home\",\"item\":\"https:\\\/\\\/news.save.ch\\\/de\\\/\"},{\"@type\":\"ListItem\",\"position\":2,\"name\":\"Contact Tracing: Betreiber der App Social Pass setzen Empfehlungen des Edoeb um\"}]},{\"@type\":\"WebSite\",\"@id\":\"https:\\\/\\\/news.save.ch\\\/de\\\/#website\",\"url\":\"https:\\\/\\\/news.save.ch\\\/de\\\/\",\"name\":\"Save\",\"description\":\"Schweizer Fachzeitschrift f\u00fcr Sicherheit\",\"publisher\":{\"@id\":\"https:\\\/\\\/news.save.ch\\\/de\\\/#organization\"},\"potentialAction\":[{\"@type\":\"SearchAction\",\"target\":{\"@type\":\"EntryPoint\",\"urlTemplate\":\"https:\\\/\\\/news.save.ch\\\/de\\\/?s={search_term_string}\"},\"query-input\":{\"@type\":\"PropertyValueSpecification\",\"valueRequired\":true,\"valueName\":\"search_term_string\"}}],\"inLanguage\":\"de\"},{\"@type\":\"Organization\",\"@id\":\"https:\\\/\\\/news.save.ch\\\/de\\\/#organization\",\"name\":\"Sicherheitsforum\",\"url\":\"https:\\\/\\\/news.save.ch\\\/de\\\/\",\"logo\":{\"@type\":\"ImageObject\",\"inLanguage\":\"de\",\"@id\":\"https:\\\/\\\/news.save.ch\\\/de\\\/#\\\/schema\\\/logo\\\/image\\\/\",\"url\":\"https:\\\/\\\/news.save.ch\\\/wp-content\\\/uploads\\\/2022\\\/06\\\/Logo_SF_2012.png\",\"contentUrl\":\"https:\\\/\\\/news.save.ch\\\/wp-content\\\/uploads\\\/2022\\\/06\\\/Logo_SF_2012.png\",\"width\":1100,\"height\":91,\"caption\":\"Sicherheitsforum\"},\"image\":{\"@id\":\"https:\\\/\\\/news.save.ch\\\/de\\\/#\\\/schema\\\/logo\\\/image\\\/\"}},{\"@type\":\"Person\",\"@id\":\"https:\\\/\\\/news.save.ch\\\/de\\\/#\\\/schema\\\/person\\\/ad4ef21102fd6125312409ac57d5296d\",\"name\":\"Simon Gr\u00f6flin\",\"image\":{\"@type\":\"ImageObject\",\"inLanguage\":\"de\",\"@id\":\"https:\\\/\\\/secure.gravatar.com\\\/avatar\\\/6ddceb80eb734354635539e0ea5140bb7c41e42de7c45c9a2ab9921b5d5c9a83?s=96&d=mm&r=g\",\"url\":\"https:\\\/\\\/secure.gravatar.com\\\/avatar\\\/6ddceb80eb734354635539e0ea5140bb7c41e42de7c45c9a2ab9921b5d5c9a83?s=96&d=mm&r=g\",\"contentUrl\":\"https:\\\/\\\/secure.gravatar.com\\\/avatar\\\/6ddceb80eb734354635539e0ea5140bb7c41e42de7c45c9a2ab9921b5d5c9a83?s=96&d=mm&r=g\",\"caption\":\"Simon Gr\u00f6flin\"},\"url\":\"https:\\\/\\\/news.save.ch\\\/de\\\/author\\\/simon-groeflin\\\/\"}]}<\/script>\n<!-- \/ Yoast SEO plugin. -->","yoast_head_json":{"title":"Contact Tracing: Betreiber der App Social Pass setzen Empfehlungen des Edoeb um - Save","description":"Wie aus einem Schlussbericht hervorgeht, haben die Betreiber der Contact-Tracing-App Social Pass nach \u00abz\u00e4hen Verhandlungen\u00bb die zentralen Empfehlungen des Edoeb nach anf\u00e4nglicher Bestreitung angenommen und umgesetzt.","robots":{"index":"index","follow":"follow","max-snippet":"max-snippet:-1","max-image-preview":"max-image-preview:large","max-video-preview":"max-video-preview:-1"},"canonical":"https:\/\/news.save.ch\/de\/contact-tracing-betreiber-der-app-social-pass-setzen-empfehlungen-des-edoeb-um\/","og_locale":"de_DE","og_type":"article","og_title":"Contact Tracing: Betreiber der App Social Pass setzen Empfehlungen des Edoeb um - Save","og_description":"Wie aus einem Schlussbericht hervorgeht, haben die Betreiber der Contact-Tracing-App Social Pass nach \u00abz\u00e4hen Verhandlungen\u00bb die zentralen Empfehlungen des Edoeb nach anf\u00e4nglicher Bestreitung angenommen und umgesetzt.","og_url":"https:\/\/news.save.ch\/de\/contact-tracing-betreiber-der-app-social-pass-setzen-empfehlungen-des-edoeb-um\/","og_site_name":"Save","article_published_time":"2021-08-23T06:31:42+00:00","article_modified_time":"2023-07-15T14:47:03+00:00","og_image":[{"width":676,"height":548,"url":"https:\/\/news.save.ch\/wp-content\/uploads\/2021\/08\/SocialPass.jpg","type":"image\/jpeg"}],"author":"Simon Gr\u00f6flin","twitter_card":"summary_large_image","twitter_misc":{"Geschrieben von":"Simon Gr\u00f6flin","Gesch\u00e4tzte Lesezeit":"2\u00a0Minuten"},"schema":{"@context":"https:\/\/schema.org","@graph":[{"@type":"Article","@id":"https:\/\/news.save.ch\/contact-tracing-betreiber-der-app-social-pass-setzen-empfehlungen-des-edoeb-um\/#article","isPartOf":{"@id":"https:\/\/news.save.ch\/contact-tracing-betreiber-der-app-social-pass-setzen-empfehlungen-des-edoeb-um\/"},"author":{"name":"Simon Gr\u00f6flin","@id":"https:\/\/news.save.ch\/de\/#\/schema\/person\/ad4ef21102fd6125312409ac57d5296d"},"headline":"Contact Tracing: Betreiber der App Social Pass setzen Empfehlungen des Edoeb um","datePublished":"2021-08-23T06:31:42+00:00","dateModified":"2023-07-15T14:47:03+00:00","mainEntityOfPage":{"@id":"https:\/\/news.save.ch\/contact-tracing-betreiber-der-app-social-pass-setzen-empfehlungen-des-edoeb-um\/"},"wordCount":292,"publisher":{"@id":"https:\/\/news.save.ch\/de\/#organization"},"image":{"@id":"https:\/\/news.save.ch\/contact-tracing-betreiber-der-app-social-pass-setzen-empfehlungen-des-edoeb-um\/#primaryimage"},"thumbnailUrl":"https:\/\/news.save.ch\/wp-content\/uploads\/2021\/08\/SocialPass.jpg","keywords":["Contact Tracing","Eidgen\u00f6ssischer Datenschutz- und \u00d6ffentlichkeitsbeauftragter","QR-Code","Social Pass","zentrale Datenbank"],"articleSection":["ALLGEMEIN"],"inLanguage":"de"},{"@type":"WebPage","@id":"https:\/\/news.save.ch\/contact-tracing-betreiber-der-app-social-pass-setzen-empfehlungen-des-edoeb-um\/","url":"https:\/\/news.save.ch\/contact-tracing-betreiber-der-app-social-pass-setzen-empfehlungen-des-edoeb-um\/","name":"Contact Tracing: Betreiber der App Social Pass setzen Empfehlungen des Edoeb um - Save","isPartOf":{"@id":"https:\/\/news.save.ch\/de\/#website"},"primaryImageOfPage":{"@id":"https:\/\/news.save.ch\/contact-tracing-betreiber-der-app-social-pass-setzen-empfehlungen-des-edoeb-um\/#primaryimage"},"image":{"@id":"https:\/\/news.save.ch\/contact-tracing-betreiber-der-app-social-pass-setzen-empfehlungen-des-edoeb-um\/#primaryimage"},"thumbnailUrl":"https:\/\/news.save.ch\/wp-content\/uploads\/2021\/08\/SocialPass.jpg","datePublished":"2021-08-23T06:31:42+00:00","dateModified":"2023-07-15T14:47:03+00:00","description":"Wie aus einem Schlussbericht hervorgeht, haben die Betreiber der Contact-Tracing-App Social Pass nach \u00abz\u00e4hen Verhandlungen\u00bb die zentralen Empfehlungen des Edoeb nach anf\u00e4nglicher Bestreitung angenommen und umgesetzt.","breadcrumb":{"@id":"https:\/\/news.save.ch\/contact-tracing-betreiber-der-app-social-pass-setzen-empfehlungen-des-edoeb-um\/#breadcrumb"},"inLanguage":"de","potentialAction":[{"@type":"ReadAction","target":["https:\/\/news.save.ch\/contact-tracing-betreiber-der-app-social-pass-setzen-empfehlungen-des-edoeb-um\/"]}]},{"@type":"ImageObject","inLanguage":"de","@id":"https:\/\/news.save.ch\/contact-tracing-betreiber-der-app-social-pass-setzen-empfehlungen-des-edoeb-um\/#primaryimage","url":"https:\/\/news.save.ch\/wp-content\/uploads\/2021\/08\/SocialPass.jpg","contentUrl":"https:\/\/news.save.ch\/wp-content\/uploads\/2021\/08\/SocialPass.jpg","width":676,"height":548,"caption":"Screenshot Google Play Store"},{"@type":"BreadcrumbList","@id":"https:\/\/news.save.ch\/contact-tracing-betreiber-der-app-social-pass-setzen-empfehlungen-des-edoeb-um\/#breadcrumb","itemListElement":[{"@type":"ListItem","position":1,"name":"Home","item":"https:\/\/news.save.ch\/de\/"},{"@type":"ListItem","position":2,"name":"Contact Tracing: Betreiber der App Social Pass setzen Empfehlungen des Edoeb um"}]},{"@type":"WebSite","@id":"https:\/\/news.save.ch\/de\/#website","url":"https:\/\/news.save.ch\/de\/","name":"Save","description":"Schweizer Fachzeitschrift f\u00fcr Sicherheit","publisher":{"@id":"https:\/\/news.save.ch\/de\/#organization"},"potentialAction":[{"@type":"SearchAction","target":{"@type":"EntryPoint","urlTemplate":"https:\/\/news.save.ch\/de\/?s={search_term_string}"},"query-input":{"@type":"PropertyValueSpecification","valueRequired":true,"valueName":"search_term_string"}}],"inLanguage":"de"},{"@type":"Organization","@id":"https:\/\/news.save.ch\/de\/#organization","name":"Sicherheitsforum","url":"https:\/\/news.save.ch\/de\/","logo":{"@type":"ImageObject","inLanguage":"de","@id":"https:\/\/news.save.ch\/de\/#\/schema\/logo\/image\/","url":"https:\/\/news.save.ch\/wp-content\/uploads\/2022\/06\/Logo_SF_2012.png","contentUrl":"https:\/\/news.save.ch\/wp-content\/uploads\/2022\/06\/Logo_SF_2012.png","width":1100,"height":91,"caption":"Sicherheitsforum"},"image":{"@id":"https:\/\/news.save.ch\/de\/#\/schema\/logo\/image\/"}},{"@type":"Person","@id":"https:\/\/news.save.ch\/de\/#\/schema\/person\/ad4ef21102fd6125312409ac57d5296d","name":"Simon Gr\u00f6flin","image":{"@type":"ImageObject","inLanguage":"de","@id":"https:\/\/secure.gravatar.com\/avatar\/6ddceb80eb734354635539e0ea5140bb7c41e42de7c45c9a2ab9921b5d5c9a83?s=96&d=mm&r=g","url":"https:\/\/secure.gravatar.com\/avatar\/6ddceb80eb734354635539e0ea5140bb7c41e42de7c45c9a2ab9921b5d5c9a83?s=96&d=mm&r=g","contentUrl":"https:\/\/secure.gravatar.com\/avatar\/6ddceb80eb734354635539e0ea5140bb7c41e42de7c45c9a2ab9921b5d5c9a83?s=96&d=mm&r=g","caption":"Simon Gr\u00f6flin"},"url":"https:\/\/news.save.ch\/de\/author\/simon-groeflin\/"}]}},"_links":{"self":[{"href":"https:\/\/news.save.ch\/de\/wp-json\/wp\/v2\/posts\/12509","targetHints":{"allow":["GET"]}}],"collection":[{"href":"https:\/\/news.save.ch\/de\/wp-json\/wp\/v2\/posts"}],"about":[{"href":"https:\/\/news.save.ch\/de\/wp-json\/wp\/v2\/types\/post"}],"author":[{"embeddable":true,"href":"https:\/\/news.save.ch\/de\/wp-json\/wp\/v2\/users\/9"}],"replies":[{"embeddable":true,"href":"https:\/\/news.save.ch\/de\/wp-json\/wp\/v2\/comments?post=12509"}],"version-history":[{"count":1,"href":"https:\/\/news.save.ch\/de\/wp-json\/wp\/v2\/posts\/12509\/revisions"}],"predecessor-version":[{"id":20908,"href":"https:\/\/news.save.ch\/de\/wp-json\/wp\/v2\/posts\/12509\/revisions\/20908"}],"wp:featuredmedia":[{"embeddable":true,"href":"https:\/\/news.save.ch\/de\/wp-json\/wp\/v2\/media\/12511"}],"wp:attachment":[{"href":"https:\/\/news.save.ch\/de\/wp-json\/wp\/v2\/media?parent=12509"}],"wp:term":[{"taxonomy":"category","embeddable":true,"href":"https:\/\/news.save.ch\/de\/wp-json\/wp\/v2\/categories?post=12509"},{"taxonomy":"post_tag","embeddable":true,"href":"https:\/\/news.save.ch\/de\/wp-json\/wp\/v2\/tags?post=12509"}],"curies":[{"name":"wp","href":"https:\/\/api.w.org\/{rel}","templated":true}]}}