{"id":12552,"date":"2021-09-01T08:38:38","date_gmt":"2021-09-01T06:38:38","guid":{"rendered":"https:\/\/news.save.ch\/?p=12552"},"modified":"2023-07-14T23:01:18","modified_gmt":"2023-07-14T21:01:18","slug":"eth-mit-neuem-zentrum-fuer-quantenwissenschaften","status":null,"type":"post","link":"https:\/\/news.save.ch\/de\/eth-mit-neuem-zentrum-fuer-quantenwissenschaften\/","title":{"rendered":"ETH mit neuem Zentrum f\u00fcr Quantenwissenschaften"},"content":{"rendered":"<figure id=\"attachment_12554\" aria-describedby=\"caption-attachment-12554\" style=\"width: 680px\" class=\"wp-caption alignnone\"><img loading=\"lazy\" decoding=\"async\" class=\"wp-image-12554 size-medium\" src=\"https:\/\/news.save.ch\/wp-content\/uploads\/2021\/09\/Quantenprozessor-scaled-1.jpg\" alt=\"\" width=\"680\" height=\"453\" \/><figcaption id=\"caption-attachment-12554\" class=\"wp-caption-text\">\u00a9depositphotos<\/figcaption><\/figure>\n<p>Die angewandte Forschung im Bereich der Quantentechnologie hat bereits einige Anwendungen hervorgebracht wie beispielsweise die kryptografische Protokolle mit gleichzeitiger Nutzung von Quantenschl\u00fcsseln zur Erh\u00f6hung der Sicherheit und des Datenaustauschs, welche\u00a0 die Genauigkeit zahlreicher Messverfahren verbessert. Mit der Gr\u00fcndung eines eigenen Zentrum f\u00fcr Quantenwissenschaft und -technologie (QSE) will die ETH Lausanne (EPFL) nun eine Schl\u00fcsselrolle bei globalen Anstrengungen zur Entwicklung und Anwendung von Quantenverfahren in allen Bereichen der Wissenschaft und im Ingenieurwesen einnehmen.<\/p>\n<h2>Zwei Forschungsschwerpunkte<\/h2>\n<p>Die Forschungsaktivit\u00e4ten des Zentrums QSE sollen sich laut einer Mitteilung der Forschungsanstalt auf zwei Bereiche konzentrieren. Der erste wird dem Quantencomputing gewidmet sein. Das Ziel dabei ist die Entwicklung von Quanten-Algorithmen. Dabei handelt es sich um Software, die auf Quantenrechnern ausgef\u00fchrt wird. Die Beherrschung einer solchen Programmiersprache erfordert nicht nur fortgeschrittene Informatikkenntnisse, sodern auch in der Phyisik und Mathematik.<\/p>\n<p>\u00abDie Entwicklung, der Einsatz und die Integration dieser L\u00f6sungen werden zu einem Quantenvorteil bei allen Anwendungen beitragen, die Hochleistungsrechnen erfordern, was von der Simulation biologischer Molek\u00fcle f\u00fcr die Vorhersage von Krankheiten und die Entwicklung neuer Medikamente bis hin zu Berechnungen f\u00fcr die Vorhersage von Wetter und Klimaver\u00e4nderungen auf langen Zeitskalen reichen kann\u00bb, sagt Vincenzo Savona, Direktor des Labors f\u00fcr theoretische Nanosystemphyisik. Der Quantenvorteil soll auch den zahlreichen Forschungsaktivit\u00e4ten der EPFL in den Bereichen Physik, Chemie, Materialwissenschaften, Ingenieurwesen, Biowissenschaften, Informatik und Data Science zugutekommen.<\/p>\n<p>Der zweite Bereich wird sich auf die Untersuchung integrierter, hybrider und skalierbarer Systeme konzentrieren. Die uf dem Campus vorhandenen hochmodernen Nanofabrikationsanlagen sollen dabei genutzt werdenm, um technologische Fortschritte in den Bereichen Quantenhardware, -sensorik und -kommunikation zu erm\u00f6glichen.<\/p>\n<p>Im Bildungsbereich wird das Zentrum QSE an der EPFL einen Masterstudiengang in Quantenwissenschaften und -technologie entwickeln. Das multidisziplin\u00e4re Bildungsangebot wird Kurse in theoretischer Physik, Informatik und Ingenieurwissenschaften umfassen.<\/p>\n<p><em>Quelle: ETH Lausanne (EPFL)<\/em><\/p>\n","protected":false},"excerpt":{"rendered":"<p>Die angewandte Forschung im Bereich der Quantentechnologie hat bereits einige Anwendungen hervorgebracht wie beispielsweise die kryptografische Protokolle mit gleichzeitiger Nutzung von Quantenschl\u00fcsseln zur Erh\u00f6hung der Sicherheit und des Datenaustauschs, welche\u00a0 die Genauigkeit zahlreicher Messverfahren verbessert. Mit der Gr\u00fcndung eines eigenen Zentrum f\u00fcr Quantenwissenschaft und -technologie (QSE) will die ETH Lausanne (EPFL) nun eine Schl\u00fcsselrolle bei [&hellip;]<\/p>\n","protected":false},"author":9,"featured_media":12554,"comment_status":"closed","ping_status":"closed","sticky":false,"template":"","format":"standard","meta":{"_acf_changed":false,"pgc_sgb_lightbox_settings":"","footnotes":""},"categories":[1],"tags":[1267,1268,5314,1269,5313,5312,5315,5316],"class_list":["post-12552","post","type-post","status-publish","format-standard","has-post-thumbnail","hentry","category-allgemein","tag-epfl","tag-eth-lausanne","tag-quanten-algorithmen","tag-quantencomputer","tag-quantencomputing","tag-quantentechnologie","tag-quantenvorteil","tag-zentrum-fuer-quantenwissenschaft"],"acf":[],"hkrextid":null,"publication":null,"issue":null,"workflow":null,"startPage":null,"spitzmarke":null,"_posts_by_tag_page_fields":{"widget_title":"","widget_tags":""},"_at_widget":"1","_yoast_wpseo_primary_category":"","_yoast_wpseo_focuskw_text_input":null,"_yoast_wpseo_opengraph-image":null,"_yoast_wpseo_opengraph-description":null,"_yoast_wpseo_opengraph-title":null,"enclosure":null,"_yoast_wpseo_twitter-title":null,"_yoast_wpseo_twitter-description":null,"_yoast_wpseo_twitter-image":null,"_wp_old_slug":null,"_yoast_wpseo_title":null,"_yoast_wpseo_canonical":null,"yoast_head":"<!-- This site is optimized with the Yoast SEO plugin v27.5 - https:\/\/yoast.com\/product\/yoast-seo-wordpress\/ -->\n<title>ETH mit neuem Zentrum f\u00fcr Quantenwissenschaften - Save<\/title>\n<meta name=\"description\" content=\"Die ETH Lausanne (EPFL) hat ein neues Zentrum f\u00fcr Quantenwissenschaft und -technologie (QSE) f\u00fcr multidiszipliln\u00e4re Forschungs- und Ausbildungsaufgaben im Bereich der Quantenwissenschaft errichet.\" \/>\n<meta name=\"robots\" content=\"index, follow, max-snippet:-1, max-image-preview:large, max-video-preview:-1\" \/>\n<link rel=\"canonical\" href=\"https:\/\/news.save.ch\/de\/eth-mit-neuem-zentrum-fuer-quantenwissenschaften\/\" \/>\n<meta property=\"og:locale\" content=\"de_DE\" \/>\n<meta property=\"og:type\" content=\"article\" \/>\n<meta property=\"og:title\" content=\"ETH mit neuem Zentrum f\u00fcr Quantenwissenschaften - Save\" \/>\n<meta property=\"og:description\" content=\"Die ETH Lausanne (EPFL) hat ein neues Zentrum f\u00fcr Quantenwissenschaft und -technologie (QSE) f\u00fcr multidiszipliln\u00e4re Forschungs- und Ausbildungsaufgaben im Bereich der Quantenwissenschaft errichet.\" \/>\n<meta property=\"og:url\" content=\"https:\/\/news.save.ch\/de\/eth-mit-neuem-zentrum-fuer-quantenwissenschaften\/\" \/>\n<meta property=\"og:site_name\" content=\"Save\" \/>\n<meta property=\"article:published_time\" content=\"2021-09-01T06:38:38+00:00\" \/>\n<meta property=\"article:modified_time\" content=\"2023-07-14T21:01:18+00:00\" \/>\n<meta property=\"og:image\" content=\"https:\/\/news.save.ch\/wp-content\/uploads\/2021\/09\/Quantenprozessor-scaled-1-scaled.jpg\" \/>\n\t<meta property=\"og:image:width\" content=\"1400\" \/>\n\t<meta property=\"og:image:height\" content=\"934\" \/>\n\t<meta property=\"og:image:type\" content=\"image\/jpeg\" \/>\n<meta name=\"author\" content=\"Simon Gr\u00f6flin\" \/>\n<meta name=\"twitter:card\" content=\"summary_large_image\" \/>\n<meta name=\"twitter:label1\" content=\"Geschrieben von\" \/>\n\t<meta name=\"twitter:data1\" content=\"Simon Gr\u00f6flin\" \/>\n\t<meta name=\"twitter:label2\" content=\"Gesch\u00e4tzte Lesezeit\" \/>\n\t<meta name=\"twitter:data2\" content=\"2\u00a0Minuten\" \/>\n<script type=\"application\/ld+json\" class=\"yoast-schema-graph\">{\"@context\":\"https:\\\/\\\/schema.org\",\"@graph\":[{\"@type\":\"Article\",\"@id\":\"https:\\\/\\\/news.save.ch\\\/eth-mit-neuem-zentrum-fuer-quantenwissenschaften\\\/#article\",\"isPartOf\":{\"@id\":\"https:\\\/\\\/news.save.ch\\\/eth-mit-neuem-zentrum-fuer-quantenwissenschaften\\\/\"},\"author\":{\"name\":\"Simon Gr\u00f6flin\",\"@id\":\"https:\\\/\\\/news.save.ch\\\/de\\\/#\\\/schema\\\/person\\\/ad4ef21102fd6125312409ac57d5296d\"},\"headline\":\"ETH mit neuem Zentrum f\u00fcr Quantenwissenschaften\",\"datePublished\":\"2021-09-01T06:38:38+00:00\",\"dateModified\":\"2023-07-14T21:01:18+00:00\",\"mainEntityOfPage\":{\"@id\":\"https:\\\/\\\/news.save.ch\\\/eth-mit-neuem-zentrum-fuer-quantenwissenschaften\\\/\"},\"wordCount\":316,\"publisher\":{\"@id\":\"https:\\\/\\\/news.save.ch\\\/de\\\/#organization\"},\"image\":{\"@id\":\"https:\\\/\\\/news.save.ch\\\/eth-mit-neuem-zentrum-fuer-quantenwissenschaften\\\/#primaryimage\"},\"thumbnailUrl\":\"https:\\\/\\\/news.save.ch\\\/wp-content\\\/uploads\\\/2021\\\/09\\\/Quantenprozessor-scaled-1-scaled.jpg\",\"keywords\":[\"EPFL\",\"ETH Lausanne\",\"Quanten-Algorithmen\",\"Quantencomputer\",\"Quantencomputing\",\"Quantentechnologie\",\"Quantenvorteil\",\"Zentrum f\u00fcr Quantenwissenschaft\"],\"articleSection\":[\"ALLGEMEIN\"],\"inLanguage\":\"de\"},{\"@type\":\"WebPage\",\"@id\":\"https:\\\/\\\/news.save.ch\\\/eth-mit-neuem-zentrum-fuer-quantenwissenschaften\\\/\",\"url\":\"https:\\\/\\\/news.save.ch\\\/eth-mit-neuem-zentrum-fuer-quantenwissenschaften\\\/\",\"name\":\"ETH mit neuem Zentrum f\u00fcr Quantenwissenschaften - Save\",\"isPartOf\":{\"@id\":\"https:\\\/\\\/news.save.ch\\\/de\\\/#website\"},\"primaryImageOfPage\":{\"@id\":\"https:\\\/\\\/news.save.ch\\\/eth-mit-neuem-zentrum-fuer-quantenwissenschaften\\\/#primaryimage\"},\"image\":{\"@id\":\"https:\\\/\\\/news.save.ch\\\/eth-mit-neuem-zentrum-fuer-quantenwissenschaften\\\/#primaryimage\"},\"thumbnailUrl\":\"https:\\\/\\\/news.save.ch\\\/wp-content\\\/uploads\\\/2021\\\/09\\\/Quantenprozessor-scaled-1-scaled.jpg\",\"datePublished\":\"2021-09-01T06:38:38+00:00\",\"dateModified\":\"2023-07-14T21:01:18+00:00\",\"description\":\"Die ETH Lausanne (EPFL) hat ein neues Zentrum f\u00fcr Quantenwissenschaft und -technologie (QSE) f\u00fcr multidiszipliln\u00e4re Forschungs- und Ausbildungsaufgaben im Bereich der Quantenwissenschaft errichet.\",\"breadcrumb\":{\"@id\":\"https:\\\/\\\/news.save.ch\\\/eth-mit-neuem-zentrum-fuer-quantenwissenschaften\\\/#breadcrumb\"},\"inLanguage\":\"de\",\"potentialAction\":[{\"@type\":\"ReadAction\",\"target\":[\"https:\\\/\\\/news.save.ch\\\/eth-mit-neuem-zentrum-fuer-quantenwissenschaften\\\/\"]}]},{\"@type\":\"ImageObject\",\"inLanguage\":\"de\",\"@id\":\"https:\\\/\\\/news.save.ch\\\/eth-mit-neuem-zentrum-fuer-quantenwissenschaften\\\/#primaryimage\",\"url\":\"https:\\\/\\\/news.save.ch\\\/wp-content\\\/uploads\\\/2021\\\/09\\\/Quantenprozessor-scaled-1-scaled.jpg\",\"contentUrl\":\"https:\\\/\\\/news.save.ch\\\/wp-content\\\/uploads\\\/2021\\\/09\\\/Quantenprozessor-scaled-1-scaled.jpg\",\"width\":1400,\"height\":934},{\"@type\":\"BreadcrumbList\",\"@id\":\"https:\\\/\\\/news.save.ch\\\/eth-mit-neuem-zentrum-fuer-quantenwissenschaften\\\/#breadcrumb\",\"itemListElement\":[{\"@type\":\"ListItem\",\"position\":1,\"name\":\"Home\",\"item\":\"https:\\\/\\\/news.save.ch\\\/de\\\/\"},{\"@type\":\"ListItem\",\"position\":2,\"name\":\"ETH mit neuem Zentrum f\u00fcr Quantenwissenschaften\"}]},{\"@type\":\"WebSite\",\"@id\":\"https:\\\/\\\/news.save.ch\\\/de\\\/#website\",\"url\":\"https:\\\/\\\/news.save.ch\\\/de\\\/\",\"name\":\"Save\",\"description\":\"Schweizer Fachzeitschrift f\u00fcr Sicherheit\",\"publisher\":{\"@id\":\"https:\\\/\\\/news.save.ch\\\/de\\\/#organization\"},\"potentialAction\":[{\"@type\":\"SearchAction\",\"target\":{\"@type\":\"EntryPoint\",\"urlTemplate\":\"https:\\\/\\\/news.save.ch\\\/de\\\/?s={search_term_string}\"},\"query-input\":{\"@type\":\"PropertyValueSpecification\",\"valueRequired\":true,\"valueName\":\"search_term_string\"}}],\"inLanguage\":\"de\"},{\"@type\":\"Organization\",\"@id\":\"https:\\\/\\\/news.save.ch\\\/de\\\/#organization\",\"name\":\"Sicherheitsforum\",\"url\":\"https:\\\/\\\/news.save.ch\\\/de\\\/\",\"logo\":{\"@type\":\"ImageObject\",\"inLanguage\":\"de\",\"@id\":\"https:\\\/\\\/news.save.ch\\\/de\\\/#\\\/schema\\\/logo\\\/image\\\/\",\"url\":\"https:\\\/\\\/news.save.ch\\\/wp-content\\\/uploads\\\/2022\\\/06\\\/Logo_SF_2012.png\",\"contentUrl\":\"https:\\\/\\\/news.save.ch\\\/wp-content\\\/uploads\\\/2022\\\/06\\\/Logo_SF_2012.png\",\"width\":1100,\"height\":91,\"caption\":\"Sicherheitsforum\"},\"image\":{\"@id\":\"https:\\\/\\\/news.save.ch\\\/de\\\/#\\\/schema\\\/logo\\\/image\\\/\"}},{\"@type\":\"Person\",\"@id\":\"https:\\\/\\\/news.save.ch\\\/de\\\/#\\\/schema\\\/person\\\/ad4ef21102fd6125312409ac57d5296d\",\"name\":\"Simon Gr\u00f6flin\",\"image\":{\"@type\":\"ImageObject\",\"inLanguage\":\"de\",\"@id\":\"https:\\\/\\\/secure.gravatar.com\\\/avatar\\\/6ddceb80eb734354635539e0ea5140bb7c41e42de7c45c9a2ab9921b5d5c9a83?s=96&d=mm&r=g\",\"url\":\"https:\\\/\\\/secure.gravatar.com\\\/avatar\\\/6ddceb80eb734354635539e0ea5140bb7c41e42de7c45c9a2ab9921b5d5c9a83?s=96&d=mm&r=g\",\"contentUrl\":\"https:\\\/\\\/secure.gravatar.com\\\/avatar\\\/6ddceb80eb734354635539e0ea5140bb7c41e42de7c45c9a2ab9921b5d5c9a83?s=96&d=mm&r=g\",\"caption\":\"Simon Gr\u00f6flin\"},\"url\":\"https:\\\/\\\/news.save.ch\\\/de\\\/author\\\/simon-groeflin\\\/\"}]}<\/script>\n<!-- \/ Yoast SEO plugin. -->","yoast_head_json":{"title":"ETH mit neuem Zentrum f\u00fcr Quantenwissenschaften - Save","description":"Die ETH Lausanne (EPFL) hat ein neues Zentrum f\u00fcr Quantenwissenschaft und -technologie (QSE) f\u00fcr multidiszipliln\u00e4re Forschungs- und Ausbildungsaufgaben im Bereich der Quantenwissenschaft errichet.","robots":{"index":"index","follow":"follow","max-snippet":"max-snippet:-1","max-image-preview":"max-image-preview:large","max-video-preview":"max-video-preview:-1"},"canonical":"https:\/\/news.save.ch\/de\/eth-mit-neuem-zentrum-fuer-quantenwissenschaften\/","og_locale":"de_DE","og_type":"article","og_title":"ETH mit neuem Zentrum f\u00fcr Quantenwissenschaften - Save","og_description":"Die ETH Lausanne (EPFL) hat ein neues Zentrum f\u00fcr Quantenwissenschaft und -technologie (QSE) f\u00fcr multidiszipliln\u00e4re Forschungs- und Ausbildungsaufgaben im Bereich der Quantenwissenschaft errichet.","og_url":"https:\/\/news.save.ch\/de\/eth-mit-neuem-zentrum-fuer-quantenwissenschaften\/","og_site_name":"Save","article_published_time":"2021-09-01T06:38:38+00:00","article_modified_time":"2023-07-14T21:01:18+00:00","og_image":[{"width":1400,"height":934,"url":"https:\/\/news.save.ch\/wp-content\/uploads\/2021\/09\/Quantenprozessor-scaled-1-scaled.jpg","type":"image\/jpeg"}],"author":"Simon Gr\u00f6flin","twitter_card":"summary_large_image","twitter_misc":{"Geschrieben von":"Simon Gr\u00f6flin","Gesch\u00e4tzte Lesezeit":"2\u00a0Minuten"},"schema":{"@context":"https:\/\/schema.org","@graph":[{"@type":"Article","@id":"https:\/\/news.save.ch\/eth-mit-neuem-zentrum-fuer-quantenwissenschaften\/#article","isPartOf":{"@id":"https:\/\/news.save.ch\/eth-mit-neuem-zentrum-fuer-quantenwissenschaften\/"},"author":{"name":"Simon Gr\u00f6flin","@id":"https:\/\/news.save.ch\/de\/#\/schema\/person\/ad4ef21102fd6125312409ac57d5296d"},"headline":"ETH mit neuem Zentrum f\u00fcr Quantenwissenschaften","datePublished":"2021-09-01T06:38:38+00:00","dateModified":"2023-07-14T21:01:18+00:00","mainEntityOfPage":{"@id":"https:\/\/news.save.ch\/eth-mit-neuem-zentrum-fuer-quantenwissenschaften\/"},"wordCount":316,"publisher":{"@id":"https:\/\/news.save.ch\/de\/#organization"},"image":{"@id":"https:\/\/news.save.ch\/eth-mit-neuem-zentrum-fuer-quantenwissenschaften\/#primaryimage"},"thumbnailUrl":"https:\/\/news.save.ch\/wp-content\/uploads\/2021\/09\/Quantenprozessor-scaled-1-scaled.jpg","keywords":["EPFL","ETH Lausanne","Quanten-Algorithmen","Quantencomputer","Quantencomputing","Quantentechnologie","Quantenvorteil","Zentrum f\u00fcr Quantenwissenschaft"],"articleSection":["ALLGEMEIN"],"inLanguage":"de"},{"@type":"WebPage","@id":"https:\/\/news.save.ch\/eth-mit-neuem-zentrum-fuer-quantenwissenschaften\/","url":"https:\/\/news.save.ch\/eth-mit-neuem-zentrum-fuer-quantenwissenschaften\/","name":"ETH mit neuem Zentrum f\u00fcr Quantenwissenschaften - Save","isPartOf":{"@id":"https:\/\/news.save.ch\/de\/#website"},"primaryImageOfPage":{"@id":"https:\/\/news.save.ch\/eth-mit-neuem-zentrum-fuer-quantenwissenschaften\/#primaryimage"},"image":{"@id":"https:\/\/news.save.ch\/eth-mit-neuem-zentrum-fuer-quantenwissenschaften\/#primaryimage"},"thumbnailUrl":"https:\/\/news.save.ch\/wp-content\/uploads\/2021\/09\/Quantenprozessor-scaled-1-scaled.jpg","datePublished":"2021-09-01T06:38:38+00:00","dateModified":"2023-07-14T21:01:18+00:00","description":"Die ETH Lausanne (EPFL) hat ein neues Zentrum f\u00fcr Quantenwissenschaft und -technologie (QSE) f\u00fcr multidiszipliln\u00e4re Forschungs- und Ausbildungsaufgaben im Bereich der Quantenwissenschaft errichet.","breadcrumb":{"@id":"https:\/\/news.save.ch\/eth-mit-neuem-zentrum-fuer-quantenwissenschaften\/#breadcrumb"},"inLanguage":"de","potentialAction":[{"@type":"ReadAction","target":["https:\/\/news.save.ch\/eth-mit-neuem-zentrum-fuer-quantenwissenschaften\/"]}]},{"@type":"ImageObject","inLanguage":"de","@id":"https:\/\/news.save.ch\/eth-mit-neuem-zentrum-fuer-quantenwissenschaften\/#primaryimage","url":"https:\/\/news.save.ch\/wp-content\/uploads\/2021\/09\/Quantenprozessor-scaled-1-scaled.jpg","contentUrl":"https:\/\/news.save.ch\/wp-content\/uploads\/2021\/09\/Quantenprozessor-scaled-1-scaled.jpg","width":1400,"height":934},{"@type":"BreadcrumbList","@id":"https:\/\/news.save.ch\/eth-mit-neuem-zentrum-fuer-quantenwissenschaften\/#breadcrumb","itemListElement":[{"@type":"ListItem","position":1,"name":"Home","item":"https:\/\/news.save.ch\/de\/"},{"@type":"ListItem","position":2,"name":"ETH mit neuem Zentrum f\u00fcr Quantenwissenschaften"}]},{"@type":"WebSite","@id":"https:\/\/news.save.ch\/de\/#website","url":"https:\/\/news.save.ch\/de\/","name":"Save","description":"Schweizer Fachzeitschrift f\u00fcr Sicherheit","publisher":{"@id":"https:\/\/news.save.ch\/de\/#organization"},"potentialAction":[{"@type":"SearchAction","target":{"@type":"EntryPoint","urlTemplate":"https:\/\/news.save.ch\/de\/?s={search_term_string}"},"query-input":{"@type":"PropertyValueSpecification","valueRequired":true,"valueName":"search_term_string"}}],"inLanguage":"de"},{"@type":"Organization","@id":"https:\/\/news.save.ch\/de\/#organization","name":"Sicherheitsforum","url":"https:\/\/news.save.ch\/de\/","logo":{"@type":"ImageObject","inLanguage":"de","@id":"https:\/\/news.save.ch\/de\/#\/schema\/logo\/image\/","url":"https:\/\/news.save.ch\/wp-content\/uploads\/2022\/06\/Logo_SF_2012.png","contentUrl":"https:\/\/news.save.ch\/wp-content\/uploads\/2022\/06\/Logo_SF_2012.png","width":1100,"height":91,"caption":"Sicherheitsforum"},"image":{"@id":"https:\/\/news.save.ch\/de\/#\/schema\/logo\/image\/"}},{"@type":"Person","@id":"https:\/\/news.save.ch\/de\/#\/schema\/person\/ad4ef21102fd6125312409ac57d5296d","name":"Simon Gr\u00f6flin","image":{"@type":"ImageObject","inLanguage":"de","@id":"https:\/\/secure.gravatar.com\/avatar\/6ddceb80eb734354635539e0ea5140bb7c41e42de7c45c9a2ab9921b5d5c9a83?s=96&d=mm&r=g","url":"https:\/\/secure.gravatar.com\/avatar\/6ddceb80eb734354635539e0ea5140bb7c41e42de7c45c9a2ab9921b5d5c9a83?s=96&d=mm&r=g","contentUrl":"https:\/\/secure.gravatar.com\/avatar\/6ddceb80eb734354635539e0ea5140bb7c41e42de7c45c9a2ab9921b5d5c9a83?s=96&d=mm&r=g","caption":"Simon Gr\u00f6flin"},"url":"https:\/\/news.save.ch\/de\/author\/simon-groeflin\/"}]}},"_links":{"self":[{"href":"https:\/\/news.save.ch\/de\/wp-json\/wp\/v2\/posts\/12552","targetHints":{"allow":["GET"]}}],"collection":[{"href":"https:\/\/news.save.ch\/de\/wp-json\/wp\/v2\/posts"}],"about":[{"href":"https:\/\/news.save.ch\/de\/wp-json\/wp\/v2\/types\/post"}],"author":[{"embeddable":true,"href":"https:\/\/news.save.ch\/de\/wp-json\/wp\/v2\/users\/9"}],"replies":[{"embeddable":true,"href":"https:\/\/news.save.ch\/de\/wp-json\/wp\/v2\/comments?post=12552"}],"version-history":[{"count":1,"href":"https:\/\/news.save.ch\/de\/wp-json\/wp\/v2\/posts\/12552\/revisions"}],"predecessor-version":[{"id":20895,"href":"https:\/\/news.save.ch\/de\/wp-json\/wp\/v2\/posts\/12552\/revisions\/20895"}],"wp:featuredmedia":[{"embeddable":true,"href":"https:\/\/news.save.ch\/de\/wp-json\/wp\/v2\/media\/12554"}],"wp:attachment":[{"href":"https:\/\/news.save.ch\/de\/wp-json\/wp\/v2\/media?parent=12552"}],"wp:term":[{"taxonomy":"category","embeddable":true,"href":"https:\/\/news.save.ch\/de\/wp-json\/wp\/v2\/categories?post=12552"},{"taxonomy":"post_tag","embeddable":true,"href":"https:\/\/news.save.ch\/de\/wp-json\/wp\/v2\/tags?post=12552"}],"curies":[{"name":"wp","href":"https:\/\/api.w.org\/{rel}","templated":true}]}}