{"id":12705,"date":"2021-09-27T08:04:55","date_gmt":"2021-09-27T06:04:55","guid":{"rendered":"https:\/\/news.save.ch\/?p=12705"},"modified":"2023-08-16T04:37:59","modified_gmt":"2023-08-16T02:37:59","slug":"die-swissbau-wird-wieder-persoenlich","status":null,"type":"post","link":"https:\/\/news.save.ch\/de\/die-swissbau-wird-wieder-persoenlich\/","title":{"rendered":"Die Swissbau wird wieder pers\u00f6nlich"},"content":{"rendered":"<figure id=\"attachment_12707\" aria-describedby=\"caption-attachment-12707\" style=\"width: 600px\" class=\"wp-caption alignnone\"><img loading=\"lazy\" decoding=\"async\" class=\"wp-image-12707 size-full\" src=\"https:\/\/news.save.ch\/wp-content\/uploads\/2021\/09\/Swissbau_2022_teaser.jpg\" alt=\"Swissbau Focus\" width=\"600\" height=\"400\" srcset=\"https:\/\/news.save.ch\/wp-content\/uploads\/2021\/09\/Swissbau_2022_teaser.jpg 600w, https:\/\/news.save.ch\/wp-content\/uploads\/2021\/09\/Swissbau_2022_teaser-375x250.jpg 375w\" sizes=\"auto, (max-width: 600px) 100vw, 600px\" \/><figcaption id=\"caption-attachment-12707\" class=\"wp-caption-text\">\u00a9MCH<\/figcaption><\/figure>\n<p>Vom 18. bis 21. Januar 2022 \u00f6ffnet die Swissbau als grosse Mehrbranchenveranstalterin der Schweizer Bau- und Immobilienwirtschaft wieder ihre Pforten. Die Swissbau gilt mit ihren Formaten Messe, Swissbau Focus und Swissbau Innovation Lab als Treffpunkt f\u00fcr Entscheidungstr\u00e4ger aus der Immobilienwirtschaft.<\/p>\n<p>\u00abEs ist grossartig, dass wir die Messe trotz aller Hindernisse durchf\u00fchren k\u00f6nnen\u00bb, sagt Swissbau-Director Rudolf Pfander an einer Medienorientierung in Allschwil. Die letzten Jahre, so Pfander, seien denn auch genutzt worden, um Formate zu entwickeln \u2013 zum Beispiel den Swissbau Focus \u2013 in denen sich gewisse Brands pr\u00e4sentieren, die sonst nicht vertreten w\u00e4ren. Damit spielte er auf diverse Vertreter der Architekturbranche an. Hauptpartner im Swissbau Focus ist auch in diesem Jahr der Schweizerische Ingenieur- und Architektenverein SIA. \u00abMan muss sich heute interdisziplin\u00e4r austauschen, damit man weiterkommt\u00bb, so Pfander.<\/p>\n<h2>\u00dcber 60&#8217;000 Besucher erwartet<\/h2>\n<p>Die Veranstaltungen im Swissbau Focus werden mit \u00fcber 30 Partnern und 300 Referentinnen und Referenten aus dem In- und Ausland stattfinden. Die Veranstaltung wird hybrid, respektive live und auch aus der Ferne, \u00fcber eine Online-Kommunikationsplattform stattfinden. Mit insgesamt ca. 60&#8217;000 Besuchern rechne man an der Swissbau 2022 auf jeden Fall, obwohl der \u00abGlaskugelblick\u00bb auch mit 3G-Konzept zu diesem Zeitpunkt noch nicht gegeben sei.<\/p>\n<p>Bei den Themen dreht sich vieles um die digitale Nachhaltigkeit, um neue Prozesse, digitale Nachhaltigkeit bei der Transformation sowie um Elektromobilit\u00e4t. Mit Stolz verk\u00fcndet wird auch die Pr\u00e4senz von Holzbau Schweiz, anl\u00e4sslich derer ein ganzes Konzept eines reinen Holzhochhauses gezeigt wird. Im Swissbau Focus, der Netzwerkplattform der Swissbau sei ein \u00abvolles Programm\u00bb mit vielen Inhalten zu erwarten. Diskutiert werden viele in den 80 Veranstaltungen viele aktuelle Themen und zuk\u00fcnftige Trends. Die Plattform sei als etablierter Treffpunkt f\u00fcr alle Akteure f\u00fcr alle Akteure der Bau- und Immobilienbranche gedacht.<\/p>\n<p>Das ganze <a href=\"https:\/\/www.swissbau.ch\/de\" target=\"_blank\" rel=\"noopener\">Programm<\/a> der Swissbau 2022 l\u00e4sst sich vom 18. bis zum 21. Januar 2022 in der Messe Basel live erleben.<\/p>\n<p><em>Quelle: Swissbau<\/em><\/p>\n","protected":false},"excerpt":{"rendered":"<p>Vom 18. bis 21. Januar 2022 \u00f6ffnet die Swissbau als grosse Mehrbranchenveranstalterin der Schweizer Bau- und Immobilienwirtschaft wieder ihre Pforten. Die Swissbau gilt mit ihren Formaten Messe, Swissbau Focus und Swissbau Innovation Lab als Treffpunkt f\u00fcr Entscheidungstr\u00e4ger aus der Immobilienwirtschaft. \u00abEs ist grossartig, dass wir die Messe trotz aller Hindernisse durchf\u00fchren k\u00f6nnen\u00bb, sagt Swissbau-Director Rudolf [&hellip;]<\/p>\n","protected":false},"author":9,"featured_media":12707,"comment_status":"closed","ping_status":"closed","sticky":false,"template":"","format":"standard","meta":{"_acf_changed":false,"pgc_sgb_lightbox_settings":"","footnotes":""},"categories":[1,67,3313],"tags":[5003,6284,5234,1284,5235,1111,1285],"class_list":["post-12705","post","type-post","status-publish","format-standard","has-post-thumbnail","hentry","category-allgemein","category-brandschutz","category-digitalisierung","tag-bau-und-immobilienwirtschaft","tag-coronabeginn","tag-digitale-nachhaltigkeit","tag-holzbau","tag-holzhochhaus","tag-swissbau","tag-swissbau-focus"],"acf":[],"hkrextid":null,"publication":null,"issue":null,"workflow":null,"startPage":null,"spitzmarke":null,"_posts_by_tag_page_fields":{"widget_title":"","widget_tags":""},"_at_widget":"1","_yoast_wpseo_primary_category":"1","_yoast_wpseo_focuskw_text_input":null,"_yoast_wpseo_opengraph-image":null,"_yoast_wpseo_opengraph-description":null,"_yoast_wpseo_opengraph-title":null,"enclosure":null,"_yoast_wpseo_twitter-title":null,"_yoast_wpseo_twitter-description":null,"_yoast_wpseo_twitter-image":null,"_wp_old_slug":null,"_yoast_wpseo_title":null,"_yoast_wpseo_canonical":null,"yoast_head":"<!-- This site is optimized with the Yoast SEO plugin v27.5 - https:\/\/yoast.com\/product\/yoast-seo-wordpress\/ -->\n<title>Die Swissbau wird wieder pers\u00f6nlich - Save<\/title>\n<meta name=\"description\" content=\"Vom 18. bis 21. Januar 2022 \u00f6ffnet auch in Basel wieder eine der ersten grossen Fachmessen seit Coronabeginn. Die Swissbau zeigt alle Innovationen rund um die Schweizer Bau- und Immobilienwirtschaft.\" \/>\n<meta name=\"robots\" content=\"index, follow, max-snippet:-1, max-image-preview:large, max-video-preview:-1\" \/>\n<link rel=\"canonical\" href=\"https:\/\/news.save.ch\/de\/die-swissbau-wird-wieder-persoenlich\/\" \/>\n<meta property=\"og:locale\" content=\"de_DE\" \/>\n<meta property=\"og:type\" content=\"article\" \/>\n<meta property=\"og:title\" content=\"Die Swissbau wird wieder pers\u00f6nlich - Save\" \/>\n<meta property=\"og:description\" content=\"Vom 18. bis 21. Januar 2022 \u00f6ffnet auch in Basel wieder eine der ersten grossen Fachmessen seit Coronabeginn. Die Swissbau zeigt alle Innovationen rund um die Schweizer Bau- und Immobilienwirtschaft.\" \/>\n<meta property=\"og:url\" content=\"https:\/\/news.save.ch\/de\/die-swissbau-wird-wieder-persoenlich\/\" \/>\n<meta property=\"og:site_name\" content=\"Save\" \/>\n<meta property=\"article:published_time\" content=\"2021-09-27T06:04:55+00:00\" \/>\n<meta property=\"article:modified_time\" content=\"2023-08-16T02:37:59+00:00\" \/>\n<meta property=\"og:image\" content=\"https:\/\/news.save.ch\/wp-content\/uploads\/2021\/09\/Swissbau_2022_teaser.jpg\" \/>\n\t<meta property=\"og:image:width\" content=\"600\" \/>\n\t<meta property=\"og:image:height\" content=\"400\" \/>\n\t<meta property=\"og:image:type\" content=\"image\/jpeg\" \/>\n<meta name=\"author\" content=\"Simon Gr\u00f6flin\" \/>\n<meta name=\"twitter:card\" content=\"summary_large_image\" \/>\n<meta name=\"twitter:label1\" content=\"Geschrieben von\" \/>\n\t<meta name=\"twitter:data1\" content=\"Simon Gr\u00f6flin\" \/>\n\t<meta name=\"twitter:label2\" content=\"Gesch\u00e4tzte Lesezeit\" \/>\n\t<meta name=\"twitter:data2\" content=\"2\u00a0Minuten\" \/>\n<script type=\"application\/ld+json\" class=\"yoast-schema-graph\">{\"@context\":\"https:\\\/\\\/schema.org\",\"@graph\":[{\"@type\":\"Article\",\"@id\":\"https:\\\/\\\/news.save.ch\\\/die-swissbau-wird-wieder-persoenlich\\\/#article\",\"isPartOf\":{\"@id\":\"https:\\\/\\\/news.save.ch\\\/die-swissbau-wird-wieder-persoenlich\\\/\"},\"author\":{\"name\":\"Simon Gr\u00f6flin\",\"@id\":\"https:\\\/\\\/news.save.ch\\\/de\\\/#\\\/schema\\\/person\\\/ad4ef21102fd6125312409ac57d5296d\"},\"headline\":\"Die Swissbau wird wieder pers\u00f6nlich\",\"datePublished\":\"2021-09-27T06:04:55+00:00\",\"dateModified\":\"2023-08-16T02:37:59+00:00\",\"mainEntityOfPage\":{\"@id\":\"https:\\\/\\\/news.save.ch\\\/die-swissbau-wird-wieder-persoenlich\\\/\"},\"wordCount\":319,\"publisher\":{\"@id\":\"https:\\\/\\\/news.save.ch\\\/de\\\/#organization\"},\"image\":{\"@id\":\"https:\\\/\\\/news.save.ch\\\/die-swissbau-wird-wieder-persoenlich\\\/#primaryimage\"},\"thumbnailUrl\":\"https:\\\/\\\/news.save.ch\\\/wp-content\\\/uploads\\\/2021\\\/09\\\/Swissbau_2022_teaser.jpg\",\"keywords\":[\"Bau- und Immobilienwirtschaft\",\"Coronabeginn\",\"digitale Nachhaltigkeit\",\"Holzbau\",\"Holzhochhaus\",\"Swissbau\",\"Swissbau Focus\"],\"articleSection\":[\"ALLGEMEIN\",\"BRANDSCHUTZ\",\"DIGITALISIERUNG\"],\"inLanguage\":\"de\"},{\"@type\":\"WebPage\",\"@id\":\"https:\\\/\\\/news.save.ch\\\/die-swissbau-wird-wieder-persoenlich\\\/\",\"url\":\"https:\\\/\\\/news.save.ch\\\/die-swissbau-wird-wieder-persoenlich\\\/\",\"name\":\"Die Swissbau wird wieder pers\u00f6nlich - Save\",\"isPartOf\":{\"@id\":\"https:\\\/\\\/news.save.ch\\\/de\\\/#website\"},\"primaryImageOfPage\":{\"@id\":\"https:\\\/\\\/news.save.ch\\\/die-swissbau-wird-wieder-persoenlich\\\/#primaryimage\"},\"image\":{\"@id\":\"https:\\\/\\\/news.save.ch\\\/die-swissbau-wird-wieder-persoenlich\\\/#primaryimage\"},\"thumbnailUrl\":\"https:\\\/\\\/news.save.ch\\\/wp-content\\\/uploads\\\/2021\\\/09\\\/Swissbau_2022_teaser.jpg\",\"datePublished\":\"2021-09-27T06:04:55+00:00\",\"dateModified\":\"2023-08-16T02:37:59+00:00\",\"description\":\"Vom 18. bis 21. Januar 2022 \u00f6ffnet auch in Basel wieder eine der ersten grossen Fachmessen seit Coronabeginn. Die Swissbau zeigt alle Innovationen rund um die Schweizer Bau- und Immobilienwirtschaft.\",\"breadcrumb\":{\"@id\":\"https:\\\/\\\/news.save.ch\\\/die-swissbau-wird-wieder-persoenlich\\\/#breadcrumb\"},\"inLanguage\":\"de\",\"potentialAction\":[{\"@type\":\"ReadAction\",\"target\":[\"https:\\\/\\\/news.save.ch\\\/die-swissbau-wird-wieder-persoenlich\\\/\"]}]},{\"@type\":\"ImageObject\",\"inLanguage\":\"de\",\"@id\":\"https:\\\/\\\/news.save.ch\\\/die-swissbau-wird-wieder-persoenlich\\\/#primaryimage\",\"url\":\"https:\\\/\\\/news.save.ch\\\/wp-content\\\/uploads\\\/2021\\\/09\\\/Swissbau_2022_teaser.jpg\",\"contentUrl\":\"https:\\\/\\\/news.save.ch\\\/wp-content\\\/uploads\\\/2021\\\/09\\\/Swissbau_2022_teaser.jpg\",\"width\":600,\"height\":400,\"caption\":\"\u00a9MCH\"},{\"@type\":\"BreadcrumbList\",\"@id\":\"https:\\\/\\\/news.save.ch\\\/die-swissbau-wird-wieder-persoenlich\\\/#breadcrumb\",\"itemListElement\":[{\"@type\":\"ListItem\",\"position\":1,\"name\":\"Home\",\"item\":\"https:\\\/\\\/news.save.ch\\\/de\\\/\"},{\"@type\":\"ListItem\",\"position\":2,\"name\":\"Die Swissbau wird wieder pers\u00f6nlich\"}]},{\"@type\":\"WebSite\",\"@id\":\"https:\\\/\\\/news.save.ch\\\/de\\\/#website\",\"url\":\"https:\\\/\\\/news.save.ch\\\/de\\\/\",\"name\":\"Save\",\"description\":\"Schweizer Fachzeitschrift f\u00fcr Sicherheit\",\"publisher\":{\"@id\":\"https:\\\/\\\/news.save.ch\\\/de\\\/#organization\"},\"potentialAction\":[{\"@type\":\"SearchAction\",\"target\":{\"@type\":\"EntryPoint\",\"urlTemplate\":\"https:\\\/\\\/news.save.ch\\\/de\\\/?s={search_term_string}\"},\"query-input\":{\"@type\":\"PropertyValueSpecification\",\"valueRequired\":true,\"valueName\":\"search_term_string\"}}],\"inLanguage\":\"de\"},{\"@type\":\"Organization\",\"@id\":\"https:\\\/\\\/news.save.ch\\\/de\\\/#organization\",\"name\":\"Sicherheitsforum\",\"url\":\"https:\\\/\\\/news.save.ch\\\/de\\\/\",\"logo\":{\"@type\":\"ImageObject\",\"inLanguage\":\"de\",\"@id\":\"https:\\\/\\\/news.save.ch\\\/de\\\/#\\\/schema\\\/logo\\\/image\\\/\",\"url\":\"https:\\\/\\\/news.save.ch\\\/wp-content\\\/uploads\\\/2022\\\/06\\\/Logo_SF_2012.png\",\"contentUrl\":\"https:\\\/\\\/news.save.ch\\\/wp-content\\\/uploads\\\/2022\\\/06\\\/Logo_SF_2012.png\",\"width\":1100,\"height\":91,\"caption\":\"Sicherheitsforum\"},\"image\":{\"@id\":\"https:\\\/\\\/news.save.ch\\\/de\\\/#\\\/schema\\\/logo\\\/image\\\/\"}},{\"@type\":\"Person\",\"@id\":\"https:\\\/\\\/news.save.ch\\\/de\\\/#\\\/schema\\\/person\\\/ad4ef21102fd6125312409ac57d5296d\",\"name\":\"Simon Gr\u00f6flin\",\"image\":{\"@type\":\"ImageObject\",\"inLanguage\":\"de\",\"@id\":\"https:\\\/\\\/secure.gravatar.com\\\/avatar\\\/6ddceb80eb734354635539e0ea5140bb7c41e42de7c45c9a2ab9921b5d5c9a83?s=96&d=mm&r=g\",\"url\":\"https:\\\/\\\/secure.gravatar.com\\\/avatar\\\/6ddceb80eb734354635539e0ea5140bb7c41e42de7c45c9a2ab9921b5d5c9a83?s=96&d=mm&r=g\",\"contentUrl\":\"https:\\\/\\\/secure.gravatar.com\\\/avatar\\\/6ddceb80eb734354635539e0ea5140bb7c41e42de7c45c9a2ab9921b5d5c9a83?s=96&d=mm&r=g\",\"caption\":\"Simon Gr\u00f6flin\"},\"url\":\"https:\\\/\\\/news.save.ch\\\/de\\\/author\\\/simon-groeflin\\\/\"}]}<\/script>\n<!-- \/ Yoast SEO plugin. -->","yoast_head_json":{"title":"Die Swissbau wird wieder pers\u00f6nlich - Save","description":"Vom 18. bis 21. Januar 2022 \u00f6ffnet auch in Basel wieder eine der ersten grossen Fachmessen seit Coronabeginn. Die Swissbau zeigt alle Innovationen rund um die Schweizer Bau- und Immobilienwirtschaft.","robots":{"index":"index","follow":"follow","max-snippet":"max-snippet:-1","max-image-preview":"max-image-preview:large","max-video-preview":"max-video-preview:-1"},"canonical":"https:\/\/news.save.ch\/de\/die-swissbau-wird-wieder-persoenlich\/","og_locale":"de_DE","og_type":"article","og_title":"Die Swissbau wird wieder pers\u00f6nlich - Save","og_description":"Vom 18. bis 21. Januar 2022 \u00f6ffnet auch in Basel wieder eine der ersten grossen Fachmessen seit Coronabeginn. Die Swissbau zeigt alle Innovationen rund um die Schweizer Bau- und Immobilienwirtschaft.","og_url":"https:\/\/news.save.ch\/de\/die-swissbau-wird-wieder-persoenlich\/","og_site_name":"Save","article_published_time":"2021-09-27T06:04:55+00:00","article_modified_time":"2023-08-16T02:37:59+00:00","og_image":[{"width":600,"height":400,"url":"https:\/\/news.save.ch\/wp-content\/uploads\/2021\/09\/Swissbau_2022_teaser.jpg","type":"image\/jpeg"}],"author":"Simon Gr\u00f6flin","twitter_card":"summary_large_image","twitter_misc":{"Geschrieben von":"Simon Gr\u00f6flin","Gesch\u00e4tzte Lesezeit":"2\u00a0Minuten"},"schema":{"@context":"https:\/\/schema.org","@graph":[{"@type":"Article","@id":"https:\/\/news.save.ch\/die-swissbau-wird-wieder-persoenlich\/#article","isPartOf":{"@id":"https:\/\/news.save.ch\/die-swissbau-wird-wieder-persoenlich\/"},"author":{"name":"Simon Gr\u00f6flin","@id":"https:\/\/news.save.ch\/de\/#\/schema\/person\/ad4ef21102fd6125312409ac57d5296d"},"headline":"Die Swissbau wird wieder pers\u00f6nlich","datePublished":"2021-09-27T06:04:55+00:00","dateModified":"2023-08-16T02:37:59+00:00","mainEntityOfPage":{"@id":"https:\/\/news.save.ch\/die-swissbau-wird-wieder-persoenlich\/"},"wordCount":319,"publisher":{"@id":"https:\/\/news.save.ch\/de\/#organization"},"image":{"@id":"https:\/\/news.save.ch\/die-swissbau-wird-wieder-persoenlich\/#primaryimage"},"thumbnailUrl":"https:\/\/news.save.ch\/wp-content\/uploads\/2021\/09\/Swissbau_2022_teaser.jpg","keywords":["Bau- und Immobilienwirtschaft","Coronabeginn","digitale Nachhaltigkeit","Holzbau","Holzhochhaus","Swissbau","Swissbau Focus"],"articleSection":["ALLGEMEIN","BRANDSCHUTZ","DIGITALISIERUNG"],"inLanguage":"de"},{"@type":"WebPage","@id":"https:\/\/news.save.ch\/die-swissbau-wird-wieder-persoenlich\/","url":"https:\/\/news.save.ch\/die-swissbau-wird-wieder-persoenlich\/","name":"Die Swissbau wird wieder pers\u00f6nlich - Save","isPartOf":{"@id":"https:\/\/news.save.ch\/de\/#website"},"primaryImageOfPage":{"@id":"https:\/\/news.save.ch\/die-swissbau-wird-wieder-persoenlich\/#primaryimage"},"image":{"@id":"https:\/\/news.save.ch\/die-swissbau-wird-wieder-persoenlich\/#primaryimage"},"thumbnailUrl":"https:\/\/news.save.ch\/wp-content\/uploads\/2021\/09\/Swissbau_2022_teaser.jpg","datePublished":"2021-09-27T06:04:55+00:00","dateModified":"2023-08-16T02:37:59+00:00","description":"Vom 18. bis 21. Januar 2022 \u00f6ffnet auch in Basel wieder eine der ersten grossen Fachmessen seit Coronabeginn. Die Swissbau zeigt alle Innovationen rund um die Schweizer Bau- und Immobilienwirtschaft.","breadcrumb":{"@id":"https:\/\/news.save.ch\/die-swissbau-wird-wieder-persoenlich\/#breadcrumb"},"inLanguage":"de","potentialAction":[{"@type":"ReadAction","target":["https:\/\/news.save.ch\/die-swissbau-wird-wieder-persoenlich\/"]}]},{"@type":"ImageObject","inLanguage":"de","@id":"https:\/\/news.save.ch\/die-swissbau-wird-wieder-persoenlich\/#primaryimage","url":"https:\/\/news.save.ch\/wp-content\/uploads\/2021\/09\/Swissbau_2022_teaser.jpg","contentUrl":"https:\/\/news.save.ch\/wp-content\/uploads\/2021\/09\/Swissbau_2022_teaser.jpg","width":600,"height":400,"caption":"\u00a9MCH"},{"@type":"BreadcrumbList","@id":"https:\/\/news.save.ch\/die-swissbau-wird-wieder-persoenlich\/#breadcrumb","itemListElement":[{"@type":"ListItem","position":1,"name":"Home","item":"https:\/\/news.save.ch\/de\/"},{"@type":"ListItem","position":2,"name":"Die Swissbau wird wieder pers\u00f6nlich"}]},{"@type":"WebSite","@id":"https:\/\/news.save.ch\/de\/#website","url":"https:\/\/news.save.ch\/de\/","name":"Save","description":"Schweizer Fachzeitschrift f\u00fcr Sicherheit","publisher":{"@id":"https:\/\/news.save.ch\/de\/#organization"},"potentialAction":[{"@type":"SearchAction","target":{"@type":"EntryPoint","urlTemplate":"https:\/\/news.save.ch\/de\/?s={search_term_string}"},"query-input":{"@type":"PropertyValueSpecification","valueRequired":true,"valueName":"search_term_string"}}],"inLanguage":"de"},{"@type":"Organization","@id":"https:\/\/news.save.ch\/de\/#organization","name":"Sicherheitsforum","url":"https:\/\/news.save.ch\/de\/","logo":{"@type":"ImageObject","inLanguage":"de","@id":"https:\/\/news.save.ch\/de\/#\/schema\/logo\/image\/","url":"https:\/\/news.save.ch\/wp-content\/uploads\/2022\/06\/Logo_SF_2012.png","contentUrl":"https:\/\/news.save.ch\/wp-content\/uploads\/2022\/06\/Logo_SF_2012.png","width":1100,"height":91,"caption":"Sicherheitsforum"},"image":{"@id":"https:\/\/news.save.ch\/de\/#\/schema\/logo\/image\/"}},{"@type":"Person","@id":"https:\/\/news.save.ch\/de\/#\/schema\/person\/ad4ef21102fd6125312409ac57d5296d","name":"Simon Gr\u00f6flin","image":{"@type":"ImageObject","inLanguage":"de","@id":"https:\/\/secure.gravatar.com\/avatar\/6ddceb80eb734354635539e0ea5140bb7c41e42de7c45c9a2ab9921b5d5c9a83?s=96&d=mm&r=g","url":"https:\/\/secure.gravatar.com\/avatar\/6ddceb80eb734354635539e0ea5140bb7c41e42de7c45c9a2ab9921b5d5c9a83?s=96&d=mm&r=g","contentUrl":"https:\/\/secure.gravatar.com\/avatar\/6ddceb80eb734354635539e0ea5140bb7c41e42de7c45c9a2ab9921b5d5c9a83?s=96&d=mm&r=g","caption":"Simon Gr\u00f6flin"},"url":"https:\/\/news.save.ch\/de\/author\/simon-groeflin\/"}]}},"_links":{"self":[{"href":"https:\/\/news.save.ch\/de\/wp-json\/wp\/v2\/posts\/12705","targetHints":{"allow":["GET"]}}],"collection":[{"href":"https:\/\/news.save.ch\/de\/wp-json\/wp\/v2\/posts"}],"about":[{"href":"https:\/\/news.save.ch\/de\/wp-json\/wp\/v2\/types\/post"}],"author":[{"embeddable":true,"href":"https:\/\/news.save.ch\/de\/wp-json\/wp\/v2\/users\/9"}],"replies":[{"embeddable":true,"href":"https:\/\/news.save.ch\/de\/wp-json\/wp\/v2\/comments?post=12705"}],"version-history":[{"count":5,"href":"https:\/\/news.save.ch\/de\/wp-json\/wp\/v2\/posts\/12705\/revisions"}],"predecessor-version":[{"id":21865,"href":"https:\/\/news.save.ch\/de\/wp-json\/wp\/v2\/posts\/12705\/revisions\/21865"}],"wp:featuredmedia":[{"embeddable":true,"href":"https:\/\/news.save.ch\/de\/wp-json\/wp\/v2\/media\/12707"}],"wp:attachment":[{"href":"https:\/\/news.save.ch\/de\/wp-json\/wp\/v2\/media?parent=12705"}],"wp:term":[{"taxonomy":"category","embeddable":true,"href":"https:\/\/news.save.ch\/de\/wp-json\/wp\/v2\/categories?post=12705"},{"taxonomy":"post_tag","embeddable":true,"href":"https:\/\/news.save.ch\/de\/wp-json\/wp\/v2\/tags?post=12705"}],"curies":[{"name":"wp","href":"https:\/\/api.w.org\/{rel}","templated":true}]}}