{"id":12806,"date":"2021-10-15T09:45:58","date_gmt":"2021-10-15T07:45:58","guid":{"rendered":"https:\/\/news.save.ch\/?p=12806"},"modified":"2023-08-15T05:30:43","modified_gmt":"2023-08-15T03:30:43","slug":"patchday-adobe-schliesst-kritische-schadcode-luecken","status":null,"type":"post","link":"https:\/\/news.save.ch\/de\/patchday-adobe-schliesst-kritische-schadcode-luecken\/","title":{"rendered":"Patchday: Adobe schliesst kritische Schadcode-L\u00fccken"},"content":{"rendered":"<figure id=\"attachment_11939\" aria-describedby=\"caption-attachment-11939\" style=\"width: 1000px\" class=\"wp-caption alignnone\"><img loading=\"lazy\" decoding=\"async\" class=\"wp-image-11939 size-full\" src=\"https:\/\/news.save.ch\/wp-content\/uploads\/2021\/05\/Depositphotos_22243267_s-2019.jpg\" alt=\"Sicherheitspatches\" width=\"1000\" height=\"667\" srcset=\"https:\/\/news.save.ch\/wp-content\/uploads\/2021\/05\/Depositphotos_22243267_s-2019.jpg 1000w, https:\/\/news.save.ch\/wp-content\/uploads\/2021\/05\/Depositphotos_22243267_s-2019-375x250.jpg 375w\" sizes=\"auto, (max-width: 1000px) 100vw, 1000px\" \/><figcaption id=\"caption-attachment-11939\" class=\"wp-caption-text\">\u00a9depositphotos, bizoonSicherheitspatches<\/figcaption><\/figure>\n<p>Wie Heise <a href=\"https:\/\/www.heise.de\/news\/Patchday-Adobe-schliesst-kritische-Schadcode-Luecken-6216068.html\" target=\"_blank\" rel=\"noopener\">berichtet<\/a>, hat Adobe einige Oktober-Updates f\u00fcr sein Produkt-Portfolio bereitgestellt. Die eine L\u00fccke (CVE-2021-40744) k\u00f6nnte Code von Angreifern unter Linux und Windows einschleusen. Adobe gibt an, die Version 21.3.1 dagegen ger\u00fcstet zu haben. Weitere Sicherheitsupdate f\u00fcr Adobe Acrobat und Reader f\u00fcr Windows und macOS beheben mehrere kritische und moderate Sicherheitsl\u00fccken, wie es in einem entsprechenden Security-Bulletin-Eintrag heisst.<\/p>\n<p>Auch beim Adobe Acrobat Reader f\u00fcr Android sind die Versionen 21.8.0 und fr\u00fcher betroffen. Der Patch mit der Version 21.9.0 soll jedoch die Probleme beheben.<\/p>\n<p>Adobe empfhielt Anwendern, ihre Software-Installationen auf die jeweils<a href=\"https:\/\/helpx.adobe.com\/security\/products\/acrobat\/apsb21-104.html\"> neusten Versionen zu hieven<\/a>.<\/p>\n<p><em>Quelle: Adobe Security Bulletin\/Heise<\/em><\/p>\n<p>&nbsp;<\/p>\n","protected":false},"excerpt":{"rendered":"<p>Wie Heise berichtet, hat Adobe einige Oktober-Updates f\u00fcr sein Produkt-Portfolio bereitgestellt. Die eine L\u00fccke (CVE-2021-40744) k\u00f6nnte Code von Angreifern unter Linux und Windows einschleusen. Adobe gibt an, die Version 21.3.1 dagegen ger\u00fcstet zu haben. Weitere Sicherheitsupdate f\u00fcr Adobe Acrobat und Reader f\u00fcr Windows und macOS beheben mehrere kritische und moderate Sicherheitsl\u00fccken, wie es in einem [&hellip;]<\/p>\n","protected":false},"author":9,"featured_media":11939,"comment_status":"closed","ping_status":"closed","sticky":false,"template":"","format":"standard","meta":{"_acf_changed":false,"pgc_sgb_lightbox_settings":"","footnotes":""},"categories":[1],"tags":[5205,1225,1172,6282,5206,1229],"class_list":["post-12806","post","type-post","status-publish","format-standard","has-post-thumbnail","hentry","category-allgemein","tag-adobe","tag-android","tag-macos","tag-sicherheitspatches","tag-sicherheitsupdate","tag-windows"],"acf":[],"hkrextid":null,"publication":null,"issue":null,"workflow":null,"startPage":null,"spitzmarke":null,"_posts_by_tag_page_fields":{"widget_title":"","widget_tags":""},"_at_widget":"1","_yoast_wpseo_primary_category":"","_yoast_wpseo_focuskw_text_input":null,"_yoast_wpseo_opengraph-image":null,"_yoast_wpseo_opengraph-description":null,"_yoast_wpseo_opengraph-title":null,"enclosure":null,"_yoast_wpseo_twitter-title":null,"_yoast_wpseo_twitter-description":null,"_yoast_wpseo_twitter-image":null,"_wp_old_slug":null,"_yoast_wpseo_title":null,"_yoast_wpseo_canonical":null,"yoast_head":"<!-- This site is optimized with the Yoast SEO plugin v27.5 - https:\/\/yoast.com\/product\/yoast-seo-wordpress\/ -->\n<title>Patchday: Adobe schliesst kritische Schadcode-L\u00fccken - Save<\/title>\n<meta name=\"description\" content=\"Wichtige Sicherheitspatches im Oktober schliessen mehrere L\u00fccken in den Schnittstellen von Adobe. Einige Schwachstellen werden als kritisch eingestuft.\" \/>\n<meta name=\"robots\" content=\"index, follow, max-snippet:-1, max-image-preview:large, max-video-preview:-1\" \/>\n<link rel=\"canonical\" href=\"https:\/\/news.save.ch\/de\/patchday-adobe-schliesst-kritische-schadcode-luecken\/\" \/>\n<meta property=\"og:locale\" content=\"de_DE\" \/>\n<meta property=\"og:type\" content=\"article\" \/>\n<meta property=\"og:title\" content=\"Patchday: Adobe schliesst kritische Schadcode-L\u00fccken - Save\" \/>\n<meta property=\"og:description\" content=\"Wichtige Sicherheitspatches im Oktober schliessen mehrere L\u00fccken in den Schnittstellen von Adobe. Einige Schwachstellen werden als kritisch eingestuft.\" \/>\n<meta property=\"og:url\" content=\"https:\/\/news.save.ch\/de\/patchday-adobe-schliesst-kritische-schadcode-luecken\/\" \/>\n<meta property=\"og:site_name\" content=\"Save\" \/>\n<meta property=\"article:published_time\" content=\"2021-10-15T07:45:58+00:00\" \/>\n<meta property=\"article:modified_time\" content=\"2023-08-15T03:30:43+00:00\" \/>\n<meta property=\"og:image\" content=\"https:\/\/news.save.ch\/wp-content\/uploads\/2021\/05\/Depositphotos_22243267_s-2019.jpg\" \/>\n\t<meta property=\"og:image:width\" content=\"1000\" \/>\n\t<meta property=\"og:image:height\" content=\"667\" \/>\n\t<meta property=\"og:image:type\" content=\"image\/jpeg\" \/>\n<meta name=\"author\" content=\"Simon Gr\u00f6flin\" \/>\n<meta name=\"twitter:card\" content=\"summary_large_image\" \/>\n<meta name=\"twitter:label1\" content=\"Geschrieben von\" \/>\n\t<meta name=\"twitter:data1\" content=\"Simon Gr\u00f6flin\" \/>\n\t<meta name=\"twitter:label2\" content=\"Gesch\u00e4tzte Lesezeit\" \/>\n\t<meta name=\"twitter:data2\" content=\"1\u00a0Minute\" \/>\n<script type=\"application\/ld+json\" class=\"yoast-schema-graph\">{\"@context\":\"https:\\\/\\\/schema.org\",\"@graph\":[{\"@type\":\"Article\",\"@id\":\"https:\\\/\\\/news.save.ch\\\/patchday-adobe-schliesst-kritische-schadcode-luecken\\\/#article\",\"isPartOf\":{\"@id\":\"https:\\\/\\\/news.save.ch\\\/patchday-adobe-schliesst-kritische-schadcode-luecken\\\/\"},\"author\":{\"name\":\"Simon Gr\u00f6flin\",\"@id\":\"https:\\\/\\\/news.save.ch\\\/de\\\/#\\\/schema\\\/person\\\/ad4ef21102fd6125312409ac57d5296d\"},\"headline\":\"Patchday: Adobe schliesst kritische Schadcode-L\u00fccken\",\"datePublished\":\"2021-10-15T07:45:58+00:00\",\"dateModified\":\"2023-08-15T03:30:43+00:00\",\"mainEntityOfPage\":{\"@id\":\"https:\\\/\\\/news.save.ch\\\/patchday-adobe-schliesst-kritische-schadcode-luecken\\\/\"},\"wordCount\":123,\"publisher\":{\"@id\":\"https:\\\/\\\/news.save.ch\\\/de\\\/#organization\"},\"image\":{\"@id\":\"https:\\\/\\\/news.save.ch\\\/patchday-adobe-schliesst-kritische-schadcode-luecken\\\/#primaryimage\"},\"thumbnailUrl\":\"https:\\\/\\\/news.save.ch\\\/wp-content\\\/uploads\\\/2021\\\/05\\\/Depositphotos_22243267_s-2019.jpg\",\"keywords\":[\"Adobe\",\"Android\",\"macOS\",\"Sicherheitspatches\",\"Sicherheitsupdate\",\"Windows\"],\"articleSection\":[\"ALLGEMEIN\"],\"inLanguage\":\"de\"},{\"@type\":\"WebPage\",\"@id\":\"https:\\\/\\\/news.save.ch\\\/patchday-adobe-schliesst-kritische-schadcode-luecken\\\/\",\"url\":\"https:\\\/\\\/news.save.ch\\\/patchday-adobe-schliesst-kritische-schadcode-luecken\\\/\",\"name\":\"Patchday: Adobe schliesst kritische Schadcode-L\u00fccken - Save\",\"isPartOf\":{\"@id\":\"https:\\\/\\\/news.save.ch\\\/de\\\/#website\"},\"primaryImageOfPage\":{\"@id\":\"https:\\\/\\\/news.save.ch\\\/patchday-adobe-schliesst-kritische-schadcode-luecken\\\/#primaryimage\"},\"image\":{\"@id\":\"https:\\\/\\\/news.save.ch\\\/patchday-adobe-schliesst-kritische-schadcode-luecken\\\/#primaryimage\"},\"thumbnailUrl\":\"https:\\\/\\\/news.save.ch\\\/wp-content\\\/uploads\\\/2021\\\/05\\\/Depositphotos_22243267_s-2019.jpg\",\"datePublished\":\"2021-10-15T07:45:58+00:00\",\"dateModified\":\"2023-08-15T03:30:43+00:00\",\"description\":\"Wichtige Sicherheitspatches im Oktober schliessen mehrere L\u00fccken in den Schnittstellen von Adobe. Einige Schwachstellen werden als kritisch eingestuft.\",\"breadcrumb\":{\"@id\":\"https:\\\/\\\/news.save.ch\\\/patchday-adobe-schliesst-kritische-schadcode-luecken\\\/#breadcrumb\"},\"inLanguage\":\"de\",\"potentialAction\":[{\"@type\":\"ReadAction\",\"target\":[\"https:\\\/\\\/news.save.ch\\\/patchday-adobe-schliesst-kritische-schadcode-luecken\\\/\"]}]},{\"@type\":\"ImageObject\",\"inLanguage\":\"de\",\"@id\":\"https:\\\/\\\/news.save.ch\\\/patchday-adobe-schliesst-kritische-schadcode-luecken\\\/#primaryimage\",\"url\":\"https:\\\/\\\/news.save.ch\\\/wp-content\\\/uploads\\\/2021\\\/05\\\/Depositphotos_22243267_s-2019.jpg\",\"contentUrl\":\"https:\\\/\\\/news.save.ch\\\/wp-content\\\/uploads\\\/2021\\\/05\\\/Depositphotos_22243267_s-2019.jpg\",\"width\":1000,\"height\":667,\"caption\":\"\u00a9depositphotos, bizoon\"},{\"@type\":\"BreadcrumbList\",\"@id\":\"https:\\\/\\\/news.save.ch\\\/patchday-adobe-schliesst-kritische-schadcode-luecken\\\/#breadcrumb\",\"itemListElement\":[{\"@type\":\"ListItem\",\"position\":1,\"name\":\"Home\",\"item\":\"https:\\\/\\\/news.save.ch\\\/de\\\/\"},{\"@type\":\"ListItem\",\"position\":2,\"name\":\"Patchday: Adobe schliesst kritische Schadcode-L\u00fccken\"}]},{\"@type\":\"WebSite\",\"@id\":\"https:\\\/\\\/news.save.ch\\\/de\\\/#website\",\"url\":\"https:\\\/\\\/news.save.ch\\\/de\\\/\",\"name\":\"Save\",\"description\":\"Schweizer Fachzeitschrift f\u00fcr Sicherheit\",\"publisher\":{\"@id\":\"https:\\\/\\\/news.save.ch\\\/de\\\/#organization\"},\"potentialAction\":[{\"@type\":\"SearchAction\",\"target\":{\"@type\":\"EntryPoint\",\"urlTemplate\":\"https:\\\/\\\/news.save.ch\\\/de\\\/?s={search_term_string}\"},\"query-input\":{\"@type\":\"PropertyValueSpecification\",\"valueRequired\":true,\"valueName\":\"search_term_string\"}}],\"inLanguage\":\"de\"},{\"@type\":\"Organization\",\"@id\":\"https:\\\/\\\/news.save.ch\\\/de\\\/#organization\",\"name\":\"Sicherheitsforum\",\"url\":\"https:\\\/\\\/news.save.ch\\\/de\\\/\",\"logo\":{\"@type\":\"ImageObject\",\"inLanguage\":\"de\",\"@id\":\"https:\\\/\\\/news.save.ch\\\/de\\\/#\\\/schema\\\/logo\\\/image\\\/\",\"url\":\"https:\\\/\\\/news.save.ch\\\/wp-content\\\/uploads\\\/2022\\\/06\\\/Logo_SF_2012.png\",\"contentUrl\":\"https:\\\/\\\/news.save.ch\\\/wp-content\\\/uploads\\\/2022\\\/06\\\/Logo_SF_2012.png\",\"width\":1100,\"height\":91,\"caption\":\"Sicherheitsforum\"},\"image\":{\"@id\":\"https:\\\/\\\/news.save.ch\\\/de\\\/#\\\/schema\\\/logo\\\/image\\\/\"}},{\"@type\":\"Person\",\"@id\":\"https:\\\/\\\/news.save.ch\\\/de\\\/#\\\/schema\\\/person\\\/ad4ef21102fd6125312409ac57d5296d\",\"name\":\"Simon Gr\u00f6flin\",\"image\":{\"@type\":\"ImageObject\",\"inLanguage\":\"de\",\"@id\":\"https:\\\/\\\/secure.gravatar.com\\\/avatar\\\/6ddceb80eb734354635539e0ea5140bb7c41e42de7c45c9a2ab9921b5d5c9a83?s=96&d=mm&r=g\",\"url\":\"https:\\\/\\\/secure.gravatar.com\\\/avatar\\\/6ddceb80eb734354635539e0ea5140bb7c41e42de7c45c9a2ab9921b5d5c9a83?s=96&d=mm&r=g\",\"contentUrl\":\"https:\\\/\\\/secure.gravatar.com\\\/avatar\\\/6ddceb80eb734354635539e0ea5140bb7c41e42de7c45c9a2ab9921b5d5c9a83?s=96&d=mm&r=g\",\"caption\":\"Simon Gr\u00f6flin\"},\"url\":\"https:\\\/\\\/news.save.ch\\\/de\\\/author\\\/simon-groeflin\\\/\"}]}<\/script>\n<!-- \/ Yoast SEO plugin. -->","yoast_head_json":{"title":"Patchday: Adobe schliesst kritische Schadcode-L\u00fccken - Save","description":"Wichtige Sicherheitspatches im Oktober schliessen mehrere L\u00fccken in den Schnittstellen von Adobe. Einige Schwachstellen werden als kritisch eingestuft.","robots":{"index":"index","follow":"follow","max-snippet":"max-snippet:-1","max-image-preview":"max-image-preview:large","max-video-preview":"max-video-preview:-1"},"canonical":"https:\/\/news.save.ch\/de\/patchday-adobe-schliesst-kritische-schadcode-luecken\/","og_locale":"de_DE","og_type":"article","og_title":"Patchday: Adobe schliesst kritische Schadcode-L\u00fccken - Save","og_description":"Wichtige Sicherheitspatches im Oktober schliessen mehrere L\u00fccken in den Schnittstellen von Adobe. Einige Schwachstellen werden als kritisch eingestuft.","og_url":"https:\/\/news.save.ch\/de\/patchday-adobe-schliesst-kritische-schadcode-luecken\/","og_site_name":"Save","article_published_time":"2021-10-15T07:45:58+00:00","article_modified_time":"2023-08-15T03:30:43+00:00","og_image":[{"width":1000,"height":667,"url":"https:\/\/news.save.ch\/wp-content\/uploads\/2021\/05\/Depositphotos_22243267_s-2019.jpg","type":"image\/jpeg"}],"author":"Simon Gr\u00f6flin","twitter_card":"summary_large_image","twitter_misc":{"Geschrieben von":"Simon Gr\u00f6flin","Gesch\u00e4tzte Lesezeit":"1\u00a0Minute"},"schema":{"@context":"https:\/\/schema.org","@graph":[{"@type":"Article","@id":"https:\/\/news.save.ch\/patchday-adobe-schliesst-kritische-schadcode-luecken\/#article","isPartOf":{"@id":"https:\/\/news.save.ch\/patchday-adobe-schliesst-kritische-schadcode-luecken\/"},"author":{"name":"Simon Gr\u00f6flin","@id":"https:\/\/news.save.ch\/de\/#\/schema\/person\/ad4ef21102fd6125312409ac57d5296d"},"headline":"Patchday: Adobe schliesst kritische Schadcode-L\u00fccken","datePublished":"2021-10-15T07:45:58+00:00","dateModified":"2023-08-15T03:30:43+00:00","mainEntityOfPage":{"@id":"https:\/\/news.save.ch\/patchday-adobe-schliesst-kritische-schadcode-luecken\/"},"wordCount":123,"publisher":{"@id":"https:\/\/news.save.ch\/de\/#organization"},"image":{"@id":"https:\/\/news.save.ch\/patchday-adobe-schliesst-kritische-schadcode-luecken\/#primaryimage"},"thumbnailUrl":"https:\/\/news.save.ch\/wp-content\/uploads\/2021\/05\/Depositphotos_22243267_s-2019.jpg","keywords":["Adobe","Android","macOS","Sicherheitspatches","Sicherheitsupdate","Windows"],"articleSection":["ALLGEMEIN"],"inLanguage":"de"},{"@type":"WebPage","@id":"https:\/\/news.save.ch\/patchday-adobe-schliesst-kritische-schadcode-luecken\/","url":"https:\/\/news.save.ch\/patchday-adobe-schliesst-kritische-schadcode-luecken\/","name":"Patchday: Adobe schliesst kritische Schadcode-L\u00fccken - Save","isPartOf":{"@id":"https:\/\/news.save.ch\/de\/#website"},"primaryImageOfPage":{"@id":"https:\/\/news.save.ch\/patchday-adobe-schliesst-kritische-schadcode-luecken\/#primaryimage"},"image":{"@id":"https:\/\/news.save.ch\/patchday-adobe-schliesst-kritische-schadcode-luecken\/#primaryimage"},"thumbnailUrl":"https:\/\/news.save.ch\/wp-content\/uploads\/2021\/05\/Depositphotos_22243267_s-2019.jpg","datePublished":"2021-10-15T07:45:58+00:00","dateModified":"2023-08-15T03:30:43+00:00","description":"Wichtige Sicherheitspatches im Oktober schliessen mehrere L\u00fccken in den Schnittstellen von Adobe. Einige Schwachstellen werden als kritisch eingestuft.","breadcrumb":{"@id":"https:\/\/news.save.ch\/patchday-adobe-schliesst-kritische-schadcode-luecken\/#breadcrumb"},"inLanguage":"de","potentialAction":[{"@type":"ReadAction","target":["https:\/\/news.save.ch\/patchday-adobe-schliesst-kritische-schadcode-luecken\/"]}]},{"@type":"ImageObject","inLanguage":"de","@id":"https:\/\/news.save.ch\/patchday-adobe-schliesst-kritische-schadcode-luecken\/#primaryimage","url":"https:\/\/news.save.ch\/wp-content\/uploads\/2021\/05\/Depositphotos_22243267_s-2019.jpg","contentUrl":"https:\/\/news.save.ch\/wp-content\/uploads\/2021\/05\/Depositphotos_22243267_s-2019.jpg","width":1000,"height":667,"caption":"\u00a9depositphotos, bizoon"},{"@type":"BreadcrumbList","@id":"https:\/\/news.save.ch\/patchday-adobe-schliesst-kritische-schadcode-luecken\/#breadcrumb","itemListElement":[{"@type":"ListItem","position":1,"name":"Home","item":"https:\/\/news.save.ch\/de\/"},{"@type":"ListItem","position":2,"name":"Patchday: Adobe schliesst kritische Schadcode-L\u00fccken"}]},{"@type":"WebSite","@id":"https:\/\/news.save.ch\/de\/#website","url":"https:\/\/news.save.ch\/de\/","name":"Save","description":"Schweizer Fachzeitschrift f\u00fcr Sicherheit","publisher":{"@id":"https:\/\/news.save.ch\/de\/#organization"},"potentialAction":[{"@type":"SearchAction","target":{"@type":"EntryPoint","urlTemplate":"https:\/\/news.save.ch\/de\/?s={search_term_string}"},"query-input":{"@type":"PropertyValueSpecification","valueRequired":true,"valueName":"search_term_string"}}],"inLanguage":"de"},{"@type":"Organization","@id":"https:\/\/news.save.ch\/de\/#organization","name":"Sicherheitsforum","url":"https:\/\/news.save.ch\/de\/","logo":{"@type":"ImageObject","inLanguage":"de","@id":"https:\/\/news.save.ch\/de\/#\/schema\/logo\/image\/","url":"https:\/\/news.save.ch\/wp-content\/uploads\/2022\/06\/Logo_SF_2012.png","contentUrl":"https:\/\/news.save.ch\/wp-content\/uploads\/2022\/06\/Logo_SF_2012.png","width":1100,"height":91,"caption":"Sicherheitsforum"},"image":{"@id":"https:\/\/news.save.ch\/de\/#\/schema\/logo\/image\/"}},{"@type":"Person","@id":"https:\/\/news.save.ch\/de\/#\/schema\/person\/ad4ef21102fd6125312409ac57d5296d","name":"Simon Gr\u00f6flin","image":{"@type":"ImageObject","inLanguage":"de","@id":"https:\/\/secure.gravatar.com\/avatar\/6ddceb80eb734354635539e0ea5140bb7c41e42de7c45c9a2ab9921b5d5c9a83?s=96&d=mm&r=g","url":"https:\/\/secure.gravatar.com\/avatar\/6ddceb80eb734354635539e0ea5140bb7c41e42de7c45c9a2ab9921b5d5c9a83?s=96&d=mm&r=g","contentUrl":"https:\/\/secure.gravatar.com\/avatar\/6ddceb80eb734354635539e0ea5140bb7c41e42de7c45c9a2ab9921b5d5c9a83?s=96&d=mm&r=g","caption":"Simon Gr\u00f6flin"},"url":"https:\/\/news.save.ch\/de\/author\/simon-groeflin\/"}]}},"_links":{"self":[{"href":"https:\/\/news.save.ch\/de\/wp-json\/wp\/v2\/posts\/12806","targetHints":{"allow":["GET"]}}],"collection":[{"href":"https:\/\/news.save.ch\/de\/wp-json\/wp\/v2\/posts"}],"about":[{"href":"https:\/\/news.save.ch\/de\/wp-json\/wp\/v2\/types\/post"}],"author":[{"embeddable":true,"href":"https:\/\/news.save.ch\/de\/wp-json\/wp\/v2\/users\/9"}],"replies":[{"embeddable":true,"href":"https:\/\/news.save.ch\/de\/wp-json\/wp\/v2\/comments?post=12806"}],"version-history":[{"count":4,"href":"https:\/\/news.save.ch\/de\/wp-json\/wp\/v2\/posts\/12806\/revisions"}],"predecessor-version":[{"id":20822,"href":"https:\/\/news.save.ch\/de\/wp-json\/wp\/v2\/posts\/12806\/revisions\/20822"}],"wp:featuredmedia":[{"embeddable":true,"href":"https:\/\/news.save.ch\/de\/wp-json\/wp\/v2\/media\/11939"}],"wp:attachment":[{"href":"https:\/\/news.save.ch\/de\/wp-json\/wp\/v2\/media?parent=12806"}],"wp:term":[{"taxonomy":"category","embeddable":true,"href":"https:\/\/news.save.ch\/de\/wp-json\/wp\/v2\/categories?post=12806"},{"taxonomy":"post_tag","embeddable":true,"href":"https:\/\/news.save.ch\/de\/wp-json\/wp\/v2\/tags?post=12806"}],"curies":[{"name":"wp","href":"https:\/\/api.w.org\/{rel}","templated":true}]}}