{"id":129,"date":"2015-04-20T13:16:40","date_gmt":"2015-04-20T11:16:40","guid":{"rendered":"https:\/\/dev.sicherheitsforum.ch\/?p=129"},"modified":"2015-04-20T13:16:40","modified_gmt":"2015-04-20T11:16:40","slug":"bsv-erste-erfahrungen","status":null,"type":"post","link":"https:\/\/news.save.ch\/de\/bsv-erste-erfahrungen\/","title":{"rendered":"BSV: Erste Erfahrungen"},"content":{"rendered":"<p><img loading=\"lazy\" decoding=\"async\" class=\"alignnone size-medium wp-image-130\" src=\"https:\/\/sicherheitsforum.ch\/wp-content\/uploads\/2016\/12\/BSV-Erste-Erfahrungen_sicherheitsforum.jpg\" alt=\"Fireman fighting a raging fire with big flames\" width=\"680\" height=\"453\" \/><\/p>\n<p>Die seit Anfang Jahr schweizweit geltenden Brandschutzvorschriften der Vereinigung Kantonaler Feuerversicherungen (VKF), kurz BSV 2015, k\u00f6nnen aufgrund aktueller Projektplanungen erstmals kritisch auf ihre Wirksamkeit hin beleuchtet werden. Was haben die Anpassungen der Brandschutzanforderungen bewirkt? Wie l\u00e4uft es in der Umsetzung? Welche Erfahrungswerte liefern Beh\u00f6rden, Architekten, Brandschutzplaner, Errichter und Bauherrn? Und sind die Erfahrungen der verschiedenen Akteure deckungsgleich?<\/p>\n<p>Die <a title=\"Link zur Veranstaltung\" href=\"https:\/\/www.save.ch\" target=\"_blank\" data-cke-saved-href=\"https:\/\/www.save.ch\" rel=\"noopener\">Brandschutztagung vom 3. Juni 2015 <\/a>in Z\u00fcrich liefert Antworten. Im Vergleich zum alten Regelwerk stehen bei den BSV 2015 folgende Punkte besonders im Fokus: Einerseits die Optimierung des Kosten-Nutzen-Verh\u00e4ltnisses und andererseits die Liberalisierung des Brandschutzes ohne Einbusse beim Personenschutz.<br \/>\nAn der Tagung der Geb\u00e4udeversicherung des Kantons Z\u00fcrich wird die Umsetzung der neuen Vorschriften anhand konkreter Beispiele aufgezeigt: Die Projekte B\u00fcrohochhaus \u00abAndreasturm\u00bb in Z\u00fcrich Oerlikon, das Spital Limmattal, das Kinderspital Z\u00fcrich und \u00abThe Circle\u00bb am Flughafen Z\u00fcrich werden aus Sicht des Brandschutzes intensiv durchleuchtet.<\/p>\n<p>&nbsp;<\/p>\n","protected":false},"excerpt":{"rendered":"<p>Die seit Anfang Jahr schweizweit geltenden Brandschutzvorschriften der Vereinigung Kantonaler Feuerversicherungen (VKF), kurz BSV 2015, k\u00f6nnen aufgrund aktueller Projektplanungen erstmals kritisch auf ihre Wirksamkeit hin beleuchtet werden. Was haben die Anpassungen der Brandschutzanforderungen bewirkt? Wie l\u00e4uft es in der Umsetzung? Welche Erfahrungswerte liefern Beh\u00f6rden, Architekten, Brandschutzplaner, Errichter und Bauherrn? Und sind die Erfahrungen der verschiedenen [&hellip;]<\/p>\n","protected":false},"author":1,"featured_media":130,"comment_status":"open","ping_status":"open","sticky":false,"template":"","format":"standard","meta":{"_acf_changed":false,"pgc_sgb_lightbox_settings":"","footnotes":""},"categories":[67],"tags":[105,106,84,107,108],"class_list":["post-129","post","type-post","status-publish","format-standard","has-post-thumbnail","hentry","category-brandschutz","tag-brandbekaempfung","tag-brandschutzvorschriften","tag-fachkongressfachmesse","tag-gebaeudeschutz","tag-vkf"],"acf":[],"hkrextid":null,"publication":null,"issue":null,"workflow":null,"startPage":null,"spitzmarke":null,"_posts_by_tag_page_fields":{"widget_title":"","widget_tags":""},"_at_widget":"1","_yoast_wpseo_primary_category":"4","_yoast_wpseo_focuskw_text_input":"Brandschutzvorschriften","_yoast_wpseo_opengraph-image":"https:\/\/sicherheitsforum.ch\/wp-content\/uploads\/2016\/12\/BSV-Erste-Erfahrungen_sicherheitsforum.jpg","_yoast_wpseo_opengraph-description":"Erste Erfahrungen mit den Brandschutzvorschriften sind gemacht. Was sagen die verschiedenen Akteure?","_yoast_wpseo_opengraph-title":"BSV: Erste Erfahrungen","enclosure":null,"_yoast_wpseo_twitter-title":null,"_yoast_wpseo_twitter-description":null,"_yoast_wpseo_twitter-image":null,"_wp_old_slug":null,"_yoast_wpseo_title":null,"_yoast_wpseo_canonical":null,"yoast_head":"<!-- This site is optimized with the Yoast SEO plugin v27.4 - https:\/\/yoast.com\/product\/yoast-seo-wordpress\/ -->\n<title>BSV: Erste Erfahrungen - Save<\/title>\n<meta name=\"description\" content=\"Erste Erfahrungen mit den Brandschutzvorschriften sind gemacht. Was sagen die verschiedenen Akteure?\" \/>\n<meta name=\"robots\" content=\"index, follow, max-snippet:-1, max-image-preview:large, max-video-preview:-1\" \/>\n<link rel=\"canonical\" href=\"https:\/\/news.save.ch\/de\/bsv-erste-erfahrungen\/\" \/>\n<meta property=\"og:locale\" content=\"de_DE\" \/>\n<meta property=\"og:type\" content=\"article\" \/>\n<meta property=\"og:title\" content=\"BSV: Erste Erfahrungen\" \/>\n<meta property=\"og:description\" content=\"Erste Erfahrungen mit den Brandschutzvorschriften sind gemacht. Was sagen die verschiedenen Akteure?\" \/>\n<meta property=\"og:url\" content=\"https:\/\/news.save.ch\/de\/bsv-erste-erfahrungen\/\" \/>\n<meta property=\"og:site_name\" content=\"Save\" \/>\n<meta property=\"article:published_time\" content=\"2015-04-20T11:16:40+00:00\" \/>\n<meta property=\"og:image\" content=\"https:\/\/sicherheitsforum.ch\/wp-content\/uploads\/2016\/12\/BSV-Erste-Erfahrungen_sicherheitsforum.jpg\" \/>\n<meta name=\"author\" content=\"admin\" \/>\n<meta name=\"twitter:card\" content=\"summary_large_image\" \/>\n<meta name=\"twitter:label1\" content=\"Geschrieben von\" \/>\n\t<meta name=\"twitter:data1\" content=\"admin\" \/>\n\t<meta name=\"twitter:label2\" content=\"Gesch\u00e4tzte Lesezeit\" \/>\n\t<meta name=\"twitter:data2\" content=\"1\u00a0Minute\" \/>\n<script type=\"application\/ld+json\" class=\"yoast-schema-graph\">{\"@context\":\"https:\\\/\\\/schema.org\",\"@graph\":[{\"@type\":\"Article\",\"@id\":\"https:\\\/\\\/news.save.ch\\\/bsv-erste-erfahrungen\\\/#article\",\"isPartOf\":{\"@id\":\"https:\\\/\\\/news.save.ch\\\/bsv-erste-erfahrungen\\\/\"},\"author\":{\"name\":\"admin\",\"@id\":\"https:\\\/\\\/news.save.ch\\\/de\\\/#\\\/schema\\\/person\\\/d49e199490bad7c70d64b9ab51142f2b\"},\"headline\":\"BSV: Erste Erfahrungen\",\"datePublished\":\"2015-04-20T11:16:40+00:00\",\"mainEntityOfPage\":{\"@id\":\"https:\\\/\\\/news.save.ch\\\/bsv-erste-erfahrungen\\\/\"},\"wordCount\":152,\"commentCount\":0,\"publisher\":{\"@id\":\"https:\\\/\\\/news.save.ch\\\/de\\\/#organization\"},\"image\":{\"@id\":\"https:\\\/\\\/news.save.ch\\\/bsv-erste-erfahrungen\\\/#primaryimage\"},\"thumbnailUrl\":\"https:\\\/\\\/news.save.ch\\\/wp-content\\\/uploads\\\/2016\\\/12\\\/BSV-Erste-Erfahrungen_sicherheitsforum-scaled-1-scaled.jpg\",\"keywords\":[\"Brandbek\u00e4mpfung\",\"Brandschutzvorschriften\",\"Fachkongress\\\/Fachmesse\",\"Geb\u00e4udeschutz\",\"VKF\"],\"articleSection\":[\"BRANDSCHUTZ\"],\"inLanguage\":\"de\"},{\"@type\":\"WebPage\",\"@id\":\"https:\\\/\\\/news.save.ch\\\/bsv-erste-erfahrungen\\\/\",\"url\":\"https:\\\/\\\/news.save.ch\\\/bsv-erste-erfahrungen\\\/\",\"name\":\"BSV: Erste Erfahrungen - Save\",\"isPartOf\":{\"@id\":\"https:\\\/\\\/news.save.ch\\\/de\\\/#website\"},\"primaryImageOfPage\":{\"@id\":\"https:\\\/\\\/news.save.ch\\\/bsv-erste-erfahrungen\\\/#primaryimage\"},\"image\":{\"@id\":\"https:\\\/\\\/news.save.ch\\\/bsv-erste-erfahrungen\\\/#primaryimage\"},\"thumbnailUrl\":\"https:\\\/\\\/news.save.ch\\\/wp-content\\\/uploads\\\/2016\\\/12\\\/BSV-Erste-Erfahrungen_sicherheitsforum-scaled-1-scaled.jpg\",\"datePublished\":\"2015-04-20T11:16:40+00:00\",\"description\":\"Erste Erfahrungen mit den Brandschutzvorschriften sind gemacht. Was sagen die verschiedenen Akteure?\",\"breadcrumb\":{\"@id\":\"https:\\\/\\\/news.save.ch\\\/bsv-erste-erfahrungen\\\/#breadcrumb\"},\"inLanguage\":\"de\",\"potentialAction\":[{\"@type\":\"ReadAction\",\"target\":[\"https:\\\/\\\/news.save.ch\\\/bsv-erste-erfahrungen\\\/\"]}]},{\"@type\":\"ImageObject\",\"inLanguage\":\"de\",\"@id\":\"https:\\\/\\\/news.save.ch\\\/bsv-erste-erfahrungen\\\/#primaryimage\",\"url\":\"https:\\\/\\\/news.save.ch\\\/wp-content\\\/uploads\\\/2016\\\/12\\\/BSV-Erste-Erfahrungen_sicherheitsforum-scaled-1-scaled.jpg\",\"contentUrl\":\"https:\\\/\\\/news.save.ch\\\/wp-content\\\/uploads\\\/2016\\\/12\\\/BSV-Erste-Erfahrungen_sicherheitsforum-scaled-1-scaled.jpg\",\"width\":1400,\"height\":933},{\"@type\":\"BreadcrumbList\",\"@id\":\"https:\\\/\\\/news.save.ch\\\/bsv-erste-erfahrungen\\\/#breadcrumb\",\"itemListElement\":[{\"@type\":\"ListItem\",\"position\":1,\"name\":\"Home\",\"item\":\"https:\\\/\\\/news.save.ch\\\/de\\\/\"},{\"@type\":\"ListItem\",\"position\":2,\"name\":\"BSV: Erste Erfahrungen\"}]},{\"@type\":\"WebSite\",\"@id\":\"https:\\\/\\\/news.save.ch\\\/de\\\/#website\",\"url\":\"https:\\\/\\\/news.save.ch\\\/de\\\/\",\"name\":\"Save\",\"description\":\"Schweizer Fachzeitschrift f\u00fcr Sicherheit\",\"publisher\":{\"@id\":\"https:\\\/\\\/news.save.ch\\\/de\\\/#organization\"},\"potentialAction\":[{\"@type\":\"SearchAction\",\"target\":{\"@type\":\"EntryPoint\",\"urlTemplate\":\"https:\\\/\\\/news.save.ch\\\/de\\\/?s={search_term_string}\"},\"query-input\":{\"@type\":\"PropertyValueSpecification\",\"valueRequired\":true,\"valueName\":\"search_term_string\"}}],\"inLanguage\":\"de\"},{\"@type\":\"Organization\",\"@id\":\"https:\\\/\\\/news.save.ch\\\/de\\\/#organization\",\"name\":\"Sicherheitsforum\",\"url\":\"https:\\\/\\\/news.save.ch\\\/de\\\/\",\"logo\":{\"@type\":\"ImageObject\",\"inLanguage\":\"de\",\"@id\":\"https:\\\/\\\/news.save.ch\\\/de\\\/#\\\/schema\\\/logo\\\/image\\\/\",\"url\":\"https:\\\/\\\/news.save.ch\\\/wp-content\\\/uploads\\\/2022\\\/06\\\/Logo_SF_2012.png\",\"contentUrl\":\"https:\\\/\\\/news.save.ch\\\/wp-content\\\/uploads\\\/2022\\\/06\\\/Logo_SF_2012.png\",\"width\":1100,\"height\":91,\"caption\":\"Sicherheitsforum\"},\"image\":{\"@id\":\"https:\\\/\\\/news.save.ch\\\/de\\\/#\\\/schema\\\/logo\\\/image\\\/\"}},{\"@type\":\"Person\",\"@id\":\"https:\\\/\\\/news.save.ch\\\/de\\\/#\\\/schema\\\/person\\\/d49e199490bad7c70d64b9ab51142f2b\",\"name\":\"admin\",\"image\":{\"@type\":\"ImageObject\",\"inLanguage\":\"de\",\"@id\":\"https:\\\/\\\/secure.gravatar.com\\\/avatar\\\/ae2f4d718e6c49043e314ce431e7e645d646302a24a5ef5a8bc8e3f5a032e319?s=96&d=mm&r=g\",\"url\":\"https:\\\/\\\/secure.gravatar.com\\\/avatar\\\/ae2f4d718e6c49043e314ce431e7e645d646302a24a5ef5a8bc8e3f5a032e319?s=96&d=mm&r=g\",\"contentUrl\":\"https:\\\/\\\/secure.gravatar.com\\\/avatar\\\/ae2f4d718e6c49043e314ce431e7e645d646302a24a5ef5a8bc8e3f5a032e319?s=96&d=mm&r=g\",\"caption\":\"admin\"},\"sameAs\":[\"https:\\\/\\\/develop.organisator.galledia.ch\"],\"url\":\"https:\\\/\\\/news.save.ch\\\/de\\\/author\\\/admin\\\/\"}]}<\/script>\n<!-- \/ Yoast SEO plugin. -->","yoast_head_json":{"title":"BSV: Erste Erfahrungen - Save","description":"Erste Erfahrungen mit den Brandschutzvorschriften sind gemacht. Was sagen die verschiedenen Akteure?","robots":{"index":"index","follow":"follow","max-snippet":"max-snippet:-1","max-image-preview":"max-image-preview:large","max-video-preview":"max-video-preview:-1"},"canonical":"https:\/\/news.save.ch\/de\/bsv-erste-erfahrungen\/","og_locale":"de_DE","og_type":"article","og_title":"BSV: Erste Erfahrungen","og_description":"Erste Erfahrungen mit den Brandschutzvorschriften sind gemacht. Was sagen die verschiedenen Akteure?","og_url":"https:\/\/news.save.ch\/de\/bsv-erste-erfahrungen\/","og_site_name":"Save","article_published_time":"2015-04-20T11:16:40+00:00","og_image":[{"url":"https:\/\/sicherheitsforum.ch\/wp-content\/uploads\/2016\/12\/BSV-Erste-Erfahrungen_sicherheitsforum.jpg","type":"","width":"","height":""}],"author":"admin","twitter_card":"summary_large_image","twitter_misc":{"Geschrieben von":"admin","Gesch\u00e4tzte Lesezeit":"1\u00a0Minute"},"schema":{"@context":"https:\/\/schema.org","@graph":[{"@type":"Article","@id":"https:\/\/news.save.ch\/bsv-erste-erfahrungen\/#article","isPartOf":{"@id":"https:\/\/news.save.ch\/bsv-erste-erfahrungen\/"},"author":{"name":"admin","@id":"https:\/\/news.save.ch\/de\/#\/schema\/person\/d49e199490bad7c70d64b9ab51142f2b"},"headline":"BSV: Erste Erfahrungen","datePublished":"2015-04-20T11:16:40+00:00","mainEntityOfPage":{"@id":"https:\/\/news.save.ch\/bsv-erste-erfahrungen\/"},"wordCount":152,"commentCount":0,"publisher":{"@id":"https:\/\/news.save.ch\/de\/#organization"},"image":{"@id":"https:\/\/news.save.ch\/bsv-erste-erfahrungen\/#primaryimage"},"thumbnailUrl":"https:\/\/news.save.ch\/wp-content\/uploads\/2016\/12\/BSV-Erste-Erfahrungen_sicherheitsforum-scaled-1-scaled.jpg","keywords":["Brandbek\u00e4mpfung","Brandschutzvorschriften","Fachkongress\/Fachmesse","Geb\u00e4udeschutz","VKF"],"articleSection":["BRANDSCHUTZ"],"inLanguage":"de"},{"@type":"WebPage","@id":"https:\/\/news.save.ch\/bsv-erste-erfahrungen\/","url":"https:\/\/news.save.ch\/bsv-erste-erfahrungen\/","name":"BSV: Erste Erfahrungen - Save","isPartOf":{"@id":"https:\/\/news.save.ch\/de\/#website"},"primaryImageOfPage":{"@id":"https:\/\/news.save.ch\/bsv-erste-erfahrungen\/#primaryimage"},"image":{"@id":"https:\/\/news.save.ch\/bsv-erste-erfahrungen\/#primaryimage"},"thumbnailUrl":"https:\/\/news.save.ch\/wp-content\/uploads\/2016\/12\/BSV-Erste-Erfahrungen_sicherheitsforum-scaled-1-scaled.jpg","datePublished":"2015-04-20T11:16:40+00:00","description":"Erste Erfahrungen mit den Brandschutzvorschriften sind gemacht. Was sagen die verschiedenen Akteure?","breadcrumb":{"@id":"https:\/\/news.save.ch\/bsv-erste-erfahrungen\/#breadcrumb"},"inLanguage":"de","potentialAction":[{"@type":"ReadAction","target":["https:\/\/news.save.ch\/bsv-erste-erfahrungen\/"]}]},{"@type":"ImageObject","inLanguage":"de","@id":"https:\/\/news.save.ch\/bsv-erste-erfahrungen\/#primaryimage","url":"https:\/\/news.save.ch\/wp-content\/uploads\/2016\/12\/BSV-Erste-Erfahrungen_sicherheitsforum-scaled-1-scaled.jpg","contentUrl":"https:\/\/news.save.ch\/wp-content\/uploads\/2016\/12\/BSV-Erste-Erfahrungen_sicherheitsforum-scaled-1-scaled.jpg","width":1400,"height":933},{"@type":"BreadcrumbList","@id":"https:\/\/news.save.ch\/bsv-erste-erfahrungen\/#breadcrumb","itemListElement":[{"@type":"ListItem","position":1,"name":"Home","item":"https:\/\/news.save.ch\/de\/"},{"@type":"ListItem","position":2,"name":"BSV: Erste Erfahrungen"}]},{"@type":"WebSite","@id":"https:\/\/news.save.ch\/de\/#website","url":"https:\/\/news.save.ch\/de\/","name":"Save","description":"Schweizer Fachzeitschrift f\u00fcr Sicherheit","publisher":{"@id":"https:\/\/news.save.ch\/de\/#organization"},"potentialAction":[{"@type":"SearchAction","target":{"@type":"EntryPoint","urlTemplate":"https:\/\/news.save.ch\/de\/?s={search_term_string}"},"query-input":{"@type":"PropertyValueSpecification","valueRequired":true,"valueName":"search_term_string"}}],"inLanguage":"de"},{"@type":"Organization","@id":"https:\/\/news.save.ch\/de\/#organization","name":"Sicherheitsforum","url":"https:\/\/news.save.ch\/de\/","logo":{"@type":"ImageObject","inLanguage":"de","@id":"https:\/\/news.save.ch\/de\/#\/schema\/logo\/image\/","url":"https:\/\/news.save.ch\/wp-content\/uploads\/2022\/06\/Logo_SF_2012.png","contentUrl":"https:\/\/news.save.ch\/wp-content\/uploads\/2022\/06\/Logo_SF_2012.png","width":1100,"height":91,"caption":"Sicherheitsforum"},"image":{"@id":"https:\/\/news.save.ch\/de\/#\/schema\/logo\/image\/"}},{"@type":"Person","@id":"https:\/\/news.save.ch\/de\/#\/schema\/person\/d49e199490bad7c70d64b9ab51142f2b","name":"admin","image":{"@type":"ImageObject","inLanguage":"de","@id":"https:\/\/secure.gravatar.com\/avatar\/ae2f4d718e6c49043e314ce431e7e645d646302a24a5ef5a8bc8e3f5a032e319?s=96&d=mm&r=g","url":"https:\/\/secure.gravatar.com\/avatar\/ae2f4d718e6c49043e314ce431e7e645d646302a24a5ef5a8bc8e3f5a032e319?s=96&d=mm&r=g","contentUrl":"https:\/\/secure.gravatar.com\/avatar\/ae2f4d718e6c49043e314ce431e7e645d646302a24a5ef5a8bc8e3f5a032e319?s=96&d=mm&r=g","caption":"admin"},"sameAs":["https:\/\/develop.organisator.galledia.ch"],"url":"https:\/\/news.save.ch\/de\/author\/admin\/"}]}},"_links":{"self":[{"href":"https:\/\/news.save.ch\/de\/wp-json\/wp\/v2\/posts\/129","targetHints":{"allow":["GET"]}}],"collection":[{"href":"https:\/\/news.save.ch\/de\/wp-json\/wp\/v2\/posts"}],"about":[{"href":"https:\/\/news.save.ch\/de\/wp-json\/wp\/v2\/types\/post"}],"author":[{"embeddable":true,"href":"https:\/\/news.save.ch\/de\/wp-json\/wp\/v2\/users\/1"}],"replies":[{"embeddable":true,"href":"https:\/\/news.save.ch\/de\/wp-json\/wp\/v2\/comments?post=129"}],"version-history":[{"count":0,"href":"https:\/\/news.save.ch\/de\/wp-json\/wp\/v2\/posts\/129\/revisions"}],"wp:featuredmedia":[{"embeddable":true,"href":"https:\/\/news.save.ch\/de\/wp-json\/wp\/v2\/media\/130"}],"wp:attachment":[{"href":"https:\/\/news.save.ch\/de\/wp-json\/wp\/v2\/media?parent=129"}],"wp:term":[{"taxonomy":"category","embeddable":true,"href":"https:\/\/news.save.ch\/de\/wp-json\/wp\/v2\/categories?post=129"},{"taxonomy":"post_tag","embeddable":true,"href":"https:\/\/news.save.ch\/de\/wp-json\/wp\/v2\/tags?post=129"}],"curies":[{"name":"wp","href":"https:\/\/api.w.org\/{rel}","templated":true}]}}