{"id":12942,"date":"2021-11-10T13:24:21","date_gmt":"2021-11-10T12:24:21","guid":{"rendered":"https:\/\/news.save.ch\/?p=12942"},"modified":"2023-07-13T10:23:10","modified_gmt":"2023-07-13T08:23:10","slug":"eine-sichere-schweiz-was-wir-dafuer-tun-wollen-und-muessen","status":null,"type":"post","link":"https:\/\/news.save.ch\/de\/eine-sichere-schweiz-was-wir-dafuer-tun-wollen-und-muessen\/","title":{"rendered":"\u00abEine sichere Schweiz \u2013 was wir daf\u00fcr tun wollen und m\u00fcssen\u00bb"},"content":{"rendered":"<div>\n<figure id=\"attachment_12947\" aria-describedby=\"caption-attachment-12947\" style=\"width: 921px\" class=\"wp-caption alignnone\"><img loading=\"lazy\" decoding=\"async\" class=\"wp-image-12947 size-full\" src=\"https:\/\/news.save.ch\/wp-content\/uploads\/2021\/11\/Amherd_teaser.jpg\" alt=\"Sicherheit\" width=\"921\" height=\"550\" srcset=\"https:\/\/news.save.ch\/wp-content\/uploads\/2021\/11\/Amherd_teaser.jpg 921w, https:\/\/news.save.ch\/wp-content\/uploads\/2021\/11\/Amherd_teaser-375x224.jpg 375w\" sizes=\"auto, (max-width: 921px) 100vw, 921px\" \/><figcaption id=\"caption-attachment-12947\" class=\"wp-caption-text\">\u00a9 VBS\/DDPS\/Philipp Schmidli<\/figcaption><\/figure>\n<\/div>\n<div>\n<p>Die internationale Zusammenarbeit sei in den letzten Jahren schwieriger geworden sagte Verteidigungsministerin Viola Amherd an einer Gastrede auf Einladung des Center for Security Studies der ETH Z\u00fcrich und des Europa Instituts an der Universit\u00e4t Z\u00fcrich. Die Schweiz m\u00fcsse sich auf ein \u00abgarstigeres Umfeld\u00bb einstellen: Die f\u00fcr die Sicherheit wichtigen Organisationen seien handlungsunf\u00e4higer geworden. Daher brauche es ein enges Zusammenspiel aller wichtigen Instrumente und eine St\u00e4rkung der internationalen Kooperation, so Amherd.<\/p>\n<p>Eine fr\u00fchzeitige Erkennung von Bedrohungen und Krisen sei der Schwerpunkt. Einiges sei jedoch schon geschehen. So wurde beispielsweise in den Nachrichtendienst des Bundes investiert, der seine Beitr\u00e4ge zur Fr\u00fcherkennung und Analyse von Bedrohungen leiste. Die zweite Priorit\u00e4t, so Amherd, liege beim Schutz vor Cyberbedrohungen.<\/p>\n<p>Zudem, so Amherd, sei in den letzten Jahren einiges unternommen worden, um mit dem VBS und anderen Departementen die Cyber-Resilienz zu verbessern. Als Beispiel nannte sie den Cyberdefence-Campus, den das VBS zusammen mit der ETH Z\u00fcrich und der EPFL geschaffen habe. Nun habe auch der Ausbau der Cyber-Mittel f\u00fcr die Armee eine hohe Priorit\u00e4t. Umgesetzt wurde beispielsweise schon ein Cyber-Lehrgang, um junge talentierte Cyberspezialisten auszubilden.<\/p>\n<h2>Neuer sicherheitspolitscher Bericht<\/h2>\n<p>\u00abDie Entwicklung der Bedrohungslage zeichnet sich gerade dadurch aus, dass Angriffe und Konflikte verschiedene Formen annehmen k\u00f6nnen und die \u00dcberg\u00e4nge fliessend sind\u00bb, betonte Viola Amherd. Zu den Kernaufgaben geh\u00f6re auch der Schutz des Luftraums.<\/p>\n<p>Ein weiterer Schwerpunkt der Schweizer Sicherheitspolitik ist f\u00fcr Viola Amherd die St\u00e4rkung der internationalen Zusammenarbeit: \u00abAngesichts von zunehmender Konfrontation und Blockbildung m\u00fcssen wir uns international noch st\u00e4rker und gezielter f\u00fcr Stabilit\u00e4t und Sicherheit einsetzen.\u00bb Ein wichtiger Beitrag daf\u00fcr sei die milit\u00e4rische Friedensf\u00f6rderung.<\/p>\n<p>Die Schweiz m\u00fcsste zwar realistisch sein und d\u00fcrfe sich nicht \u00fcbersch\u00e4tzen, sagt die Verteidigungsministerin. Zu besonders nachgefragten F\u00e4higkeiten und Mitteln z\u00e4hlten beispielsweise der Lufttransport oder Aufkl\u00e4rungsarbeit mit Drohnen sowie die R\u00e4umung und Vernichtung von Minen und anderen Waffen.<\/p>\n<p>Dar\u00fcber hinaus gelte es aber auch, auf Naturkatastrophen besser vorbereitet zu sein, da diese aufgrund des Klimawandels und der Siedlungsdichte in Zukunft h\u00e4ufiger und intensiver auftreten d\u00fcrften. In diesem Zusammenhang sprach die Bundesr\u00e4tin von der Einf\u00fchrung sicherer Kommunikationskan\u00e4le f\u00fcr Krisenorgane.<\/p>\n<p>Ende November wird der Bundesrat auch einen neuen Bericht zur Schweizer Sicherheitspolitik ver\u00f6ffentlichen, der die Stossrichtung der Schweizer Sicherheitspolitik f\u00fcr die n\u00e4chsten Jahre veranschaulicht. Der Bundesrat erstellte solche Berichte bislang alle sechs bis zehn Jahre. Aufgrund der raschen Ver\u00e4nderungen soll k\u00fcnftig alle vier Jahre ein sicherheitspolitischer Bericht erscheinen.<\/p>\n<p>Anpassungen an der Sicherheitspolitik brauche es immer wieder, schloss Amherd ihre Rede. Eine m\u00f6glichst breite Abst\u00fctzung und ein Grundkonsens sei wichtig, um in der Schweiz eine gemeinsame und wirksame Sicherheitspolitik betreiben zu k\u00f6nnen.<\/p>\n<\/div>\n<p>&nbsp;<\/p>\n<p><em>Quelle: VBS\/ETH Z\u00fcrich<\/em><\/p>\n","protected":false},"excerpt":{"rendered":"<p>Die internationale Zusammenarbeit sei in den letzten Jahren schwieriger geworden sagte Verteidigungsministerin Viola Amherd an einer Gastrede auf Einladung des Center for Security Studies der ETH Z\u00fcrich und des Europa Instituts an der Universit\u00e4t Z\u00fcrich. Die Schweiz m\u00fcsse sich auf ein \u00abgarstigeres Umfeld\u00bb einstellen: Die f\u00fcr die Sicherheit wichtigen Organisationen seien handlungsunf\u00e4higer geworden. Daher brauche [&hellip;]<\/p>\n","protected":false},"author":9,"featured_media":12947,"comment_status":"closed","ping_status":"closed","sticky":false,"template":"","format":"standard","meta":{"_acf_changed":false,"pgc_sgb_lightbox_settings":"","footnotes":""},"categories":[1,3312],"tags":[1288,5141,5103,5142,1079,310,1307],"class_list":["post-12942","post","type-post","status-publish","format-standard","has-post-thumbnail","hentry","category-allgemein","category-sicherheit","tag-cyberbedrohungen","tag-cyberdefence-campus","tag-internationale-zusammenarbeit","tag-militaerische-friedensfoerderung","tag-schweiz","tag-sicherheit","tag-viola-amherd"],"acf":[],"hkrextid":null,"publication":null,"issue":null,"workflow":null,"startPage":null,"spitzmarke":null,"_posts_by_tag_page_fields":{"widget_title":"","widget_tags":""},"_at_widget":"1","_yoast_wpseo_primary_category":"","_yoast_wpseo_focuskw_text_input":null,"_yoast_wpseo_opengraph-image":null,"_yoast_wpseo_opengraph-description":null,"_yoast_wpseo_opengraph-title":null,"enclosure":null,"_yoast_wpseo_twitter-title":null,"_yoast_wpseo_twitter-description":null,"_yoast_wpseo_twitter-image":null,"_wp_old_slug":null,"_yoast_wpseo_title":null,"_yoast_wpseo_canonical":null,"yoast_head":"<!-- This site is optimized with the Yoast SEO plugin v27.5 - https:\/\/yoast.com\/product\/yoast-seo-wordpress\/ -->\n<title>\u00abEine sichere Schweiz \u2013 was wir daf\u00fcr tun wollen und m\u00fcssen\u00bb - Save<\/title>\n<meta name=\"description\" content=\"Die Welt sei instabiler und unberechenbarer geworden, sagte Viola Amherd anl\u00e4sslich eines Referats an der Universit\u00e4t Z\u00fcrich. Ein Lob geb\u00fchrte den Ausbildungsinstitutionen, die durch ihre Ausbildung von Fachkr\u00e4ften und den Wissenstransfer einen wertvollen Beitrag zur Sicherheit der Schweiz leisten.\" \/>\n<meta name=\"robots\" content=\"index, follow, max-snippet:-1, max-image-preview:large, max-video-preview:-1\" \/>\n<link rel=\"canonical\" href=\"https:\/\/news.save.ch\/de\/eine-sichere-schweiz-was-wir-dafuer-tun-wollen-und-muessen\/\" \/>\n<meta property=\"og:locale\" content=\"de_DE\" \/>\n<meta property=\"og:type\" content=\"article\" \/>\n<meta property=\"og:title\" content=\"\u00abEine sichere Schweiz \u2013 was wir daf\u00fcr tun wollen und m\u00fcssen\u00bb - Save\" \/>\n<meta property=\"og:description\" content=\"Die Welt sei instabiler und unberechenbarer geworden, sagte Viola Amherd anl\u00e4sslich eines Referats an der Universit\u00e4t Z\u00fcrich. Ein Lob geb\u00fchrte den Ausbildungsinstitutionen, die durch ihre Ausbildung von Fachkr\u00e4ften und den Wissenstransfer einen wertvollen Beitrag zur Sicherheit der Schweiz leisten.\" \/>\n<meta property=\"og:url\" content=\"https:\/\/news.save.ch\/de\/eine-sichere-schweiz-was-wir-dafuer-tun-wollen-und-muessen\/\" \/>\n<meta property=\"og:site_name\" content=\"Save\" \/>\n<meta property=\"article:published_time\" content=\"2021-11-10T12:24:21+00:00\" \/>\n<meta property=\"article:modified_time\" content=\"2023-07-13T08:23:10+00:00\" \/>\n<meta property=\"og:image\" content=\"https:\/\/news.save.ch\/wp-content\/uploads\/2021\/11\/Amherd_teaser.jpg\" \/>\n\t<meta property=\"og:image:width\" content=\"921\" \/>\n\t<meta property=\"og:image:height\" content=\"550\" \/>\n\t<meta property=\"og:image:type\" content=\"image\/jpeg\" \/>\n<meta name=\"author\" content=\"Simon Gr\u00f6flin\" \/>\n<meta name=\"twitter:card\" content=\"summary_large_image\" \/>\n<meta name=\"twitter:label1\" content=\"Geschrieben von\" \/>\n\t<meta name=\"twitter:data1\" content=\"Simon Gr\u00f6flin\" \/>\n\t<meta name=\"twitter:label2\" content=\"Gesch\u00e4tzte Lesezeit\" \/>\n\t<meta name=\"twitter:data2\" content=\"3\u00a0Minuten\" \/>\n<script type=\"application\/ld+json\" class=\"yoast-schema-graph\">{\"@context\":\"https:\\\/\\\/schema.org\",\"@graph\":[{\"@type\":\"Article\",\"@id\":\"https:\\\/\\\/news.save.ch\\\/eine-sichere-schweiz-was-wir-dafuer-tun-wollen-und-muessen\\\/#article\",\"isPartOf\":{\"@id\":\"https:\\\/\\\/news.save.ch\\\/eine-sichere-schweiz-was-wir-dafuer-tun-wollen-und-muessen\\\/\"},\"author\":{\"name\":\"Simon Gr\u00f6flin\",\"@id\":\"https:\\\/\\\/news.save.ch\\\/de\\\/#\\\/schema\\\/person\\\/ad4ef21102fd6125312409ac57d5296d\"},\"headline\":\"\u00abEine sichere Schweiz \u2013 was wir daf\u00fcr tun wollen und m\u00fcssen\u00bb\",\"datePublished\":\"2021-11-10T12:24:21+00:00\",\"dateModified\":\"2023-07-13T08:23:10+00:00\",\"mainEntityOfPage\":{\"@id\":\"https:\\\/\\\/news.save.ch\\\/eine-sichere-schweiz-was-wir-dafuer-tun-wollen-und-muessen\\\/\"},\"wordCount\":494,\"publisher\":{\"@id\":\"https:\\\/\\\/news.save.ch\\\/de\\\/#organization\"},\"image\":{\"@id\":\"https:\\\/\\\/news.save.ch\\\/eine-sichere-schweiz-was-wir-dafuer-tun-wollen-und-muessen\\\/#primaryimage\"},\"thumbnailUrl\":\"https:\\\/\\\/news.save.ch\\\/wp-content\\\/uploads\\\/2021\\\/11\\\/Amherd_teaser.jpg\",\"keywords\":[\"Cyberbedrohungen\",\"Cyberdefence-Campus\",\"internationale Zusammenarbeit\",\"milit\u00e4rische Friedensf\u00f6rderung\",\"Schweiz\",\"Sicherheit\",\"Viola Amherd\"],\"articleSection\":[\"ALLGEMEIN\",\"SICHERHEIT\"],\"inLanguage\":\"de\"},{\"@type\":\"WebPage\",\"@id\":\"https:\\\/\\\/news.save.ch\\\/eine-sichere-schweiz-was-wir-dafuer-tun-wollen-und-muessen\\\/\",\"url\":\"https:\\\/\\\/news.save.ch\\\/eine-sichere-schweiz-was-wir-dafuer-tun-wollen-und-muessen\\\/\",\"name\":\"\u00abEine sichere Schweiz \u2013 was wir daf\u00fcr tun wollen und m\u00fcssen\u00bb - Save\",\"isPartOf\":{\"@id\":\"https:\\\/\\\/news.save.ch\\\/de\\\/#website\"},\"primaryImageOfPage\":{\"@id\":\"https:\\\/\\\/news.save.ch\\\/eine-sichere-schweiz-was-wir-dafuer-tun-wollen-und-muessen\\\/#primaryimage\"},\"image\":{\"@id\":\"https:\\\/\\\/news.save.ch\\\/eine-sichere-schweiz-was-wir-dafuer-tun-wollen-und-muessen\\\/#primaryimage\"},\"thumbnailUrl\":\"https:\\\/\\\/news.save.ch\\\/wp-content\\\/uploads\\\/2021\\\/11\\\/Amherd_teaser.jpg\",\"datePublished\":\"2021-11-10T12:24:21+00:00\",\"dateModified\":\"2023-07-13T08:23:10+00:00\",\"description\":\"Die Welt sei instabiler und unberechenbarer geworden, sagte Viola Amherd anl\u00e4sslich eines Referats an der Universit\u00e4t Z\u00fcrich. Ein Lob geb\u00fchrte den Ausbildungsinstitutionen, die durch ihre Ausbildung von Fachkr\u00e4ften und den Wissenstransfer einen wertvollen Beitrag zur Sicherheit der Schweiz leisten.\",\"breadcrumb\":{\"@id\":\"https:\\\/\\\/news.save.ch\\\/eine-sichere-schweiz-was-wir-dafuer-tun-wollen-und-muessen\\\/#breadcrumb\"},\"inLanguage\":\"de\",\"potentialAction\":[{\"@type\":\"ReadAction\",\"target\":[\"https:\\\/\\\/news.save.ch\\\/eine-sichere-schweiz-was-wir-dafuer-tun-wollen-und-muessen\\\/\"]}]},{\"@type\":\"ImageObject\",\"inLanguage\":\"de\",\"@id\":\"https:\\\/\\\/news.save.ch\\\/eine-sichere-schweiz-was-wir-dafuer-tun-wollen-und-muessen\\\/#primaryimage\",\"url\":\"https:\\\/\\\/news.save.ch\\\/wp-content\\\/uploads\\\/2021\\\/11\\\/Amherd_teaser.jpg\",\"contentUrl\":\"https:\\\/\\\/news.save.ch\\\/wp-content\\\/uploads\\\/2021\\\/11\\\/Amherd_teaser.jpg\",\"width\":921,\"height\":550,\"caption\":\"\u00abEine sichere Schweiz \u2013 was wir daf\u00fcr tun wollen und m\u00fcssen\u00bb\"},{\"@type\":\"BreadcrumbList\",\"@id\":\"https:\\\/\\\/news.save.ch\\\/eine-sichere-schweiz-was-wir-dafuer-tun-wollen-und-muessen\\\/#breadcrumb\",\"itemListElement\":[{\"@type\":\"ListItem\",\"position\":1,\"name\":\"Home\",\"item\":\"https:\\\/\\\/news.save.ch\\\/de\\\/\"},{\"@type\":\"ListItem\",\"position\":2,\"name\":\"\u00abEine sichere Schweiz \u2013 was wir daf\u00fcr tun wollen und m\u00fcssen\u00bb\"}]},{\"@type\":\"WebSite\",\"@id\":\"https:\\\/\\\/news.save.ch\\\/de\\\/#website\",\"url\":\"https:\\\/\\\/news.save.ch\\\/de\\\/\",\"name\":\"Save\",\"description\":\"Schweizer Fachzeitschrift f\u00fcr Sicherheit\",\"publisher\":{\"@id\":\"https:\\\/\\\/news.save.ch\\\/de\\\/#organization\"},\"potentialAction\":[{\"@type\":\"SearchAction\",\"target\":{\"@type\":\"EntryPoint\",\"urlTemplate\":\"https:\\\/\\\/news.save.ch\\\/de\\\/?s={search_term_string}\"},\"query-input\":{\"@type\":\"PropertyValueSpecification\",\"valueRequired\":true,\"valueName\":\"search_term_string\"}}],\"inLanguage\":\"de\"},{\"@type\":\"Organization\",\"@id\":\"https:\\\/\\\/news.save.ch\\\/de\\\/#organization\",\"name\":\"Sicherheitsforum\",\"url\":\"https:\\\/\\\/news.save.ch\\\/de\\\/\",\"logo\":{\"@type\":\"ImageObject\",\"inLanguage\":\"de\",\"@id\":\"https:\\\/\\\/news.save.ch\\\/de\\\/#\\\/schema\\\/logo\\\/image\\\/\",\"url\":\"https:\\\/\\\/news.save.ch\\\/wp-content\\\/uploads\\\/2022\\\/06\\\/Logo_SF_2012.png\",\"contentUrl\":\"https:\\\/\\\/news.save.ch\\\/wp-content\\\/uploads\\\/2022\\\/06\\\/Logo_SF_2012.png\",\"width\":1100,\"height\":91,\"caption\":\"Sicherheitsforum\"},\"image\":{\"@id\":\"https:\\\/\\\/news.save.ch\\\/de\\\/#\\\/schema\\\/logo\\\/image\\\/\"}},{\"@type\":\"Person\",\"@id\":\"https:\\\/\\\/news.save.ch\\\/de\\\/#\\\/schema\\\/person\\\/ad4ef21102fd6125312409ac57d5296d\",\"name\":\"Simon Gr\u00f6flin\",\"image\":{\"@type\":\"ImageObject\",\"inLanguage\":\"de\",\"@id\":\"https:\\\/\\\/secure.gravatar.com\\\/avatar\\\/6ddceb80eb734354635539e0ea5140bb7c41e42de7c45c9a2ab9921b5d5c9a83?s=96&d=mm&r=g\",\"url\":\"https:\\\/\\\/secure.gravatar.com\\\/avatar\\\/6ddceb80eb734354635539e0ea5140bb7c41e42de7c45c9a2ab9921b5d5c9a83?s=96&d=mm&r=g\",\"contentUrl\":\"https:\\\/\\\/secure.gravatar.com\\\/avatar\\\/6ddceb80eb734354635539e0ea5140bb7c41e42de7c45c9a2ab9921b5d5c9a83?s=96&d=mm&r=g\",\"caption\":\"Simon Gr\u00f6flin\"},\"url\":\"https:\\\/\\\/news.save.ch\\\/de\\\/author\\\/simon-groeflin\\\/\"}]}<\/script>\n<!-- \/ Yoast SEO plugin. -->","yoast_head_json":{"title":"\u00abEine sichere Schweiz \u2013 was wir daf\u00fcr tun wollen und m\u00fcssen\u00bb - Save","description":"Die Welt sei instabiler und unberechenbarer geworden, sagte Viola Amherd anl\u00e4sslich eines Referats an der Universit\u00e4t Z\u00fcrich. Ein Lob geb\u00fchrte den Ausbildungsinstitutionen, die durch ihre Ausbildung von Fachkr\u00e4ften und den Wissenstransfer einen wertvollen Beitrag zur Sicherheit der Schweiz leisten.","robots":{"index":"index","follow":"follow","max-snippet":"max-snippet:-1","max-image-preview":"max-image-preview:large","max-video-preview":"max-video-preview:-1"},"canonical":"https:\/\/news.save.ch\/de\/eine-sichere-schweiz-was-wir-dafuer-tun-wollen-und-muessen\/","og_locale":"de_DE","og_type":"article","og_title":"\u00abEine sichere Schweiz \u2013 was wir daf\u00fcr tun wollen und m\u00fcssen\u00bb - Save","og_description":"Die Welt sei instabiler und unberechenbarer geworden, sagte Viola Amherd anl\u00e4sslich eines Referats an der Universit\u00e4t Z\u00fcrich. Ein Lob geb\u00fchrte den Ausbildungsinstitutionen, die durch ihre Ausbildung von Fachkr\u00e4ften und den Wissenstransfer einen wertvollen Beitrag zur Sicherheit der Schweiz leisten.","og_url":"https:\/\/news.save.ch\/de\/eine-sichere-schweiz-was-wir-dafuer-tun-wollen-und-muessen\/","og_site_name":"Save","article_published_time":"2021-11-10T12:24:21+00:00","article_modified_time":"2023-07-13T08:23:10+00:00","og_image":[{"width":921,"height":550,"url":"https:\/\/news.save.ch\/wp-content\/uploads\/2021\/11\/Amherd_teaser.jpg","type":"image\/jpeg"}],"author":"Simon Gr\u00f6flin","twitter_card":"summary_large_image","twitter_misc":{"Geschrieben von":"Simon Gr\u00f6flin","Gesch\u00e4tzte Lesezeit":"3\u00a0Minuten"},"schema":{"@context":"https:\/\/schema.org","@graph":[{"@type":"Article","@id":"https:\/\/news.save.ch\/eine-sichere-schweiz-was-wir-dafuer-tun-wollen-und-muessen\/#article","isPartOf":{"@id":"https:\/\/news.save.ch\/eine-sichere-schweiz-was-wir-dafuer-tun-wollen-und-muessen\/"},"author":{"name":"Simon Gr\u00f6flin","@id":"https:\/\/news.save.ch\/de\/#\/schema\/person\/ad4ef21102fd6125312409ac57d5296d"},"headline":"\u00abEine sichere Schweiz \u2013 was wir daf\u00fcr tun wollen und m\u00fcssen\u00bb","datePublished":"2021-11-10T12:24:21+00:00","dateModified":"2023-07-13T08:23:10+00:00","mainEntityOfPage":{"@id":"https:\/\/news.save.ch\/eine-sichere-schweiz-was-wir-dafuer-tun-wollen-und-muessen\/"},"wordCount":494,"publisher":{"@id":"https:\/\/news.save.ch\/de\/#organization"},"image":{"@id":"https:\/\/news.save.ch\/eine-sichere-schweiz-was-wir-dafuer-tun-wollen-und-muessen\/#primaryimage"},"thumbnailUrl":"https:\/\/news.save.ch\/wp-content\/uploads\/2021\/11\/Amherd_teaser.jpg","keywords":["Cyberbedrohungen","Cyberdefence-Campus","internationale Zusammenarbeit","milit\u00e4rische Friedensf\u00f6rderung","Schweiz","Sicherheit","Viola Amherd"],"articleSection":["ALLGEMEIN","SICHERHEIT"],"inLanguage":"de"},{"@type":"WebPage","@id":"https:\/\/news.save.ch\/eine-sichere-schweiz-was-wir-dafuer-tun-wollen-und-muessen\/","url":"https:\/\/news.save.ch\/eine-sichere-schweiz-was-wir-dafuer-tun-wollen-und-muessen\/","name":"\u00abEine sichere Schweiz \u2013 was wir daf\u00fcr tun wollen und m\u00fcssen\u00bb - Save","isPartOf":{"@id":"https:\/\/news.save.ch\/de\/#website"},"primaryImageOfPage":{"@id":"https:\/\/news.save.ch\/eine-sichere-schweiz-was-wir-dafuer-tun-wollen-und-muessen\/#primaryimage"},"image":{"@id":"https:\/\/news.save.ch\/eine-sichere-schweiz-was-wir-dafuer-tun-wollen-und-muessen\/#primaryimage"},"thumbnailUrl":"https:\/\/news.save.ch\/wp-content\/uploads\/2021\/11\/Amherd_teaser.jpg","datePublished":"2021-11-10T12:24:21+00:00","dateModified":"2023-07-13T08:23:10+00:00","description":"Die Welt sei instabiler und unberechenbarer geworden, sagte Viola Amherd anl\u00e4sslich eines Referats an der Universit\u00e4t Z\u00fcrich. Ein Lob geb\u00fchrte den Ausbildungsinstitutionen, die durch ihre Ausbildung von Fachkr\u00e4ften und den Wissenstransfer einen wertvollen Beitrag zur Sicherheit der Schweiz leisten.","breadcrumb":{"@id":"https:\/\/news.save.ch\/eine-sichere-schweiz-was-wir-dafuer-tun-wollen-und-muessen\/#breadcrumb"},"inLanguage":"de","potentialAction":[{"@type":"ReadAction","target":["https:\/\/news.save.ch\/eine-sichere-schweiz-was-wir-dafuer-tun-wollen-und-muessen\/"]}]},{"@type":"ImageObject","inLanguage":"de","@id":"https:\/\/news.save.ch\/eine-sichere-schweiz-was-wir-dafuer-tun-wollen-und-muessen\/#primaryimage","url":"https:\/\/news.save.ch\/wp-content\/uploads\/2021\/11\/Amherd_teaser.jpg","contentUrl":"https:\/\/news.save.ch\/wp-content\/uploads\/2021\/11\/Amherd_teaser.jpg","width":921,"height":550,"caption":"\u00abEine sichere Schweiz \u2013 was wir daf\u00fcr tun wollen und m\u00fcssen\u00bb"},{"@type":"BreadcrumbList","@id":"https:\/\/news.save.ch\/eine-sichere-schweiz-was-wir-dafuer-tun-wollen-und-muessen\/#breadcrumb","itemListElement":[{"@type":"ListItem","position":1,"name":"Home","item":"https:\/\/news.save.ch\/de\/"},{"@type":"ListItem","position":2,"name":"\u00abEine sichere Schweiz \u2013 was wir daf\u00fcr tun wollen und m\u00fcssen\u00bb"}]},{"@type":"WebSite","@id":"https:\/\/news.save.ch\/de\/#website","url":"https:\/\/news.save.ch\/de\/","name":"Save","description":"Schweizer Fachzeitschrift f\u00fcr Sicherheit","publisher":{"@id":"https:\/\/news.save.ch\/de\/#organization"},"potentialAction":[{"@type":"SearchAction","target":{"@type":"EntryPoint","urlTemplate":"https:\/\/news.save.ch\/de\/?s={search_term_string}"},"query-input":{"@type":"PropertyValueSpecification","valueRequired":true,"valueName":"search_term_string"}}],"inLanguage":"de"},{"@type":"Organization","@id":"https:\/\/news.save.ch\/de\/#organization","name":"Sicherheitsforum","url":"https:\/\/news.save.ch\/de\/","logo":{"@type":"ImageObject","inLanguage":"de","@id":"https:\/\/news.save.ch\/de\/#\/schema\/logo\/image\/","url":"https:\/\/news.save.ch\/wp-content\/uploads\/2022\/06\/Logo_SF_2012.png","contentUrl":"https:\/\/news.save.ch\/wp-content\/uploads\/2022\/06\/Logo_SF_2012.png","width":1100,"height":91,"caption":"Sicherheitsforum"},"image":{"@id":"https:\/\/news.save.ch\/de\/#\/schema\/logo\/image\/"}},{"@type":"Person","@id":"https:\/\/news.save.ch\/de\/#\/schema\/person\/ad4ef21102fd6125312409ac57d5296d","name":"Simon Gr\u00f6flin","image":{"@type":"ImageObject","inLanguage":"de","@id":"https:\/\/secure.gravatar.com\/avatar\/6ddceb80eb734354635539e0ea5140bb7c41e42de7c45c9a2ab9921b5d5c9a83?s=96&d=mm&r=g","url":"https:\/\/secure.gravatar.com\/avatar\/6ddceb80eb734354635539e0ea5140bb7c41e42de7c45c9a2ab9921b5d5c9a83?s=96&d=mm&r=g","contentUrl":"https:\/\/secure.gravatar.com\/avatar\/6ddceb80eb734354635539e0ea5140bb7c41e42de7c45c9a2ab9921b5d5c9a83?s=96&d=mm&r=g","caption":"Simon Gr\u00f6flin"},"url":"https:\/\/news.save.ch\/de\/author\/simon-groeflin\/"}]}},"_links":{"self":[{"href":"https:\/\/news.save.ch\/de\/wp-json\/wp\/v2\/posts\/12942","targetHints":{"allow":["GET"]}}],"collection":[{"href":"https:\/\/news.save.ch\/de\/wp-json\/wp\/v2\/posts"}],"about":[{"href":"https:\/\/news.save.ch\/de\/wp-json\/wp\/v2\/types\/post"}],"author":[{"embeddable":true,"href":"https:\/\/news.save.ch\/de\/wp-json\/wp\/v2\/users\/9"}],"replies":[{"embeddable":true,"href":"https:\/\/news.save.ch\/de\/wp-json\/wp\/v2\/comments?post=12942"}],"version-history":[{"count":3,"href":"https:\/\/news.save.ch\/de\/wp-json\/wp\/v2\/posts\/12942\/revisions"}],"predecessor-version":[{"id":20779,"href":"https:\/\/news.save.ch\/de\/wp-json\/wp\/v2\/posts\/12942\/revisions\/20779"}],"wp:featuredmedia":[{"embeddable":true,"href":"https:\/\/news.save.ch\/de\/wp-json\/wp\/v2\/media\/12947"}],"wp:attachment":[{"href":"https:\/\/news.save.ch\/de\/wp-json\/wp\/v2\/media?parent=12942"}],"wp:term":[{"taxonomy":"category","embeddable":true,"href":"https:\/\/news.save.ch\/de\/wp-json\/wp\/v2\/categories?post=12942"},{"taxonomy":"post_tag","embeddable":true,"href":"https:\/\/news.save.ch\/de\/wp-json\/wp\/v2\/tags?post=12942"}],"curies":[{"name":"wp","href":"https:\/\/api.w.org\/{rel}","templated":true}]}}