{"id":1298,"date":"2016-11-18T11:17:41","date_gmt":"2016-11-18T10:17:41","guid":{"rendered":"http:\/\/dev.safety-plus.ch\/?p=1298"},"modified":"2023-03-14T09:03:00","modified_gmt":"2023-03-14T08:03:00","slug":"krebsbetroffene-am-arbeitsplatz-arbeitgeber-gefordert","status":null,"type":"post","link":"https:\/\/news.save.ch\/de\/krebsbetroffene-am-arbeitsplatz-arbeitgeber-gefordert\/","title":{"rendered":"Krebsbetroffene am Arbeitsplatz: Arbeitgeber gefordert"},"content":{"rendered":"<p><img loading=\"lazy\" decoding=\"async\" class=\"alignnone wp-image-1299 size-medium\" src=\"http:\/\/develop.safety-plus.ch\/wp-content\/uploads\/2016\/12\/Krebsbetroffene-am-Arbeitsplatz-Arbeitgeber-gefordert_safety-plus.jpg\" width=\"680\" height=\"454\" srcset=\"https:\/\/news.save.ch\/wp-content\/uploads\/2016\/12\/Krebsbetroffene-am-Arbeitsplatz-Arbeitgeber-gefordert_safety-plus.jpg 999w, https:\/\/news.save.ch\/wp-content\/uploads\/2016\/12\/Krebsbetroffene-am-Arbeitsplatz-Arbeitgeber-gefordert_safety-plus-680x454.jpg 680w, https:\/\/news.save.ch\/wp-content\/uploads\/2016\/12\/Krebsbetroffene-am-Arbeitsplatz-Arbeitgeber-gefordert_safety-plus-768x513.jpg 768w, https:\/\/news.save.ch\/wp-content\/uploads\/2016\/12\/Krebsbetroffene-am-Arbeitsplatz-Arbeitgeber-gefordert_safety-plus-18x12.jpg 18w, https:\/\/news.save.ch\/wp-content\/uploads\/2016\/12\/Krebsbetroffene-am-Arbeitsplatz-Arbeitgeber-gefordert_safety-plus-375x250.jpg 375w, https:\/\/news.save.ch\/wp-content\/uploads\/2016\/12\/Krebsbetroffene-am-Arbeitsplatz-Arbeitgeber-gefordert_safety-plus-524x350.jpg 524w\" sizes=\"auto, (max-width: 680px) 100vw, 680px\" \/><\/p>\n<p>Das Verbleiben im Arbeitsprozess oder eine erfolgreiche R\u00fcckkehr an den Arbeitsplatz kann w\u00e4hrend und nach einer Krebsbehandlung den Heilungsprozess f\u00f6rdern. Arbeitgeber haben diesbez\u00fcglich eine wichtige Rolle bei der Unterst\u00fctzung Krebsbetroffener am Arbeitsplatz. Der Wille zum Handeln und die Solidarit\u00e4t mit den Betroffenen sind auf Arbeitgeberseite sp\u00fcrbar, ebenso auch die Unsicherheit. Die Krebsliga begleitet Vorgesetzte mit Informationen und unterst\u00fctzenden Angeboten und setzt sich daf\u00fcr ein, dass die Bed\u00fcrfnisse der Arbeitnehmenden Geh\u00f6r finden.<\/p>\n<p>Gemeinsam mit dem Schweizerischen Arbeitgeberverband und der Swiss Cancer Foundation hat die Krebsliga die Tagung \u00abKrebsbetroffene am Arbeitsplatz\u00bb durchgef\u00fchrt.<\/p>\n<p><strong>Krebs ist die dritth\u00e4ufigste Ursache f\u00fcr l\u00e4ngere Abwesenheiten vom Arbeitsplatz<\/strong><\/p>\n<p>In der Schweiz leben mehr als 64 000 Menschen im erwerbsf\u00e4higen Alter (20- bis 69-J\u00e4hrige), bei denen in den letzten 5 Jahren eine Krebsdiagnose gestellt wurde. Viele arbeiten nach oder gar w\u00e4hrend der Therapie weiter. Denn Arbeit schafft Normalit\u00e4t im Alltag und hilft den betroffenen Personen, ihre sozialen Kontakte und Beziehungen aufrechtzuerhalten. Dabei sind die Arbeitgeber gefordert &#8211; sei es im Umgang mit den Betroffenen, aber auch ihren Mitarbeitenden.<\/p>\n<p><strong>Unterst\u00fctzende Angebote f\u00fcr Unternehmen<\/strong><\/p>\n<p>Besonders in kleinen und mittleren Betrieben wirft eine Krebsdiagnose rechtliche, finanzielle und zwischenmenschliche Fragen auf. H\u00e4ufig sind Vorgesetzte mit der Komplexit\u00e4t \u00fcberfordert und ben\u00f6tigen Rat. \u00abMit unseren Angeboten wollen wir einen nachhaltigen Beitrag in den Unternehmen leisten. Denn neben einer achtsamen Begleitung ben\u00f6tigen Vorgesetzte ein angemessenes Wissen \u00fcber krebsrelevante Themen. Als Kompetenzzentrum stehen wir den Unternehmen unterst\u00fctzend zur Seite\u00bb, betont Dr. Kathrin Kramis-Aebischer, Gesch\u00e4ftsf\u00fchrerin der Krebsliga Schweiz.<\/p>\n<p>Mit einem telefonischen Coaching f\u00fcr Arbeitgeber schafft die Krebsliga eine neue Anlaufstelle. Ab dem 21. November 2016 bietet sie unter der Nummer 0848 114 118 Beratungen in Deutsch, Franz\u00f6sisch und Italienisch an. Zudem existieren bei einigen kantonalen Krebsligen bereits Coaching-Angebote vor Ort, bei weiteren Ligen sind Angebote im Aufbau. Die Krebsliga nimmt ihre Rolle wahr und setzt sich mit den kantonalen und regionalen Krebsligen aktiv ein, um den Herausforderungen der Zukunft zu begegnen.<\/p>\n<p><em>Quelle: Krebsliga Schweiz<\/em><\/p>\n","protected":false},"excerpt":{"rendered":"<p>Das Verbleiben im Arbeitsprozess oder eine erfolgreiche R\u00fcckkehr an den Arbeitsplatz kann w\u00e4hrend und nach einer Krebsbehandlung den Heilungsprozess f\u00f6rdern. Arbeitgeber haben diesbez\u00fcglich eine wichtige Rolle bei der Unterst\u00fctzung Krebsbetroffener am Arbeitsplatz. Der Wille zum Handeln und die Solidarit\u00e4t mit den Betroffenen sind auf Arbeitgeberseite sp\u00fcrbar, ebenso auch die Unsicherheit. Die Krebsliga begleitet Vorgesetzte mit [&hellip;]<\/p>\n","protected":false},"author":1,"featured_media":1299,"comment_status":"open","ping_status":"open","sticky":false,"template":"","format":"standard","meta":{"_acf_changed":false,"pgc_sgb_lightbox_settings":"","footnotes":""},"categories":[1,3314],"tags":[1775,149,2500],"class_list":["post-1298","post","type-post","status-publish","format-standard","has-post-thumbnail","hentry","category-allgemein","category-health-safety","tag-betriebliches-gesundheitsmanagement","tag-gesundheitsschutz","tag-management-und-unternehmensfuehrung"],"acf":[],"hkrextid":null,"publication":null,"issue":null,"workflow":null,"startPage":null,"spitzmarke":null,"_posts_by_tag_page_fields":{"widget_title":"","widget_tags":""},"_at_widget":"1","_yoast_wpseo_primary_category":"4","_yoast_wpseo_focuskw_text_input":"Krebsbetroffene am Arbeitsplatz","_yoast_wpseo_opengraph-image":null,"_yoast_wpseo_opengraph-description":null,"_yoast_wpseo_opengraph-title":null,"enclosure":null,"_yoast_wpseo_twitter-title":null,"_yoast_wpseo_twitter-description":null,"_yoast_wpseo_twitter-image":null,"_wp_old_slug":null,"_yoast_wpseo_title":null,"_yoast_wpseo_canonical":null,"yoast_head":"<!-- This site is optimized with the Yoast SEO plugin v27.4 - https:\/\/yoast.com\/product\/yoast-seo-wordpress\/ -->\n<title>Krebsbetroffene am Arbeitsplatz: Arbeitgeber gefordert - Save<\/title>\n<meta name=\"description\" content=\"Krebsbetroffene am Arbeitsplatz: Eine Krebserkrankung ist heute in vielen F\u00e4llen kein Todesurteil mehr.\" \/>\n<meta name=\"robots\" content=\"index, follow, max-snippet:-1, max-image-preview:large, max-video-preview:-1\" \/>\n<link rel=\"canonical\" href=\"https:\/\/news.save.ch\/de\/krebsbetroffene-am-arbeitsplatz-arbeitgeber-gefordert\/\" \/>\n<meta property=\"og:locale\" content=\"de_DE\" \/>\n<meta property=\"og:type\" content=\"article\" \/>\n<meta property=\"og:title\" content=\"Krebsbetroffene am Arbeitsplatz: Arbeitgeber gefordert - Save\" \/>\n<meta property=\"og:description\" content=\"Krebsbetroffene am Arbeitsplatz: Eine Krebserkrankung ist heute in vielen F\u00e4llen kein Todesurteil mehr.\" \/>\n<meta property=\"og:url\" content=\"https:\/\/news.save.ch\/de\/krebsbetroffene-am-arbeitsplatz-arbeitgeber-gefordert\/\" \/>\n<meta property=\"og:site_name\" content=\"Save\" \/>\n<meta property=\"article:published_time\" content=\"2016-11-18T10:17:41+00:00\" \/>\n<meta property=\"article:modified_time\" content=\"2023-03-14T08:03:00+00:00\" \/>\n<meta property=\"og:image\" content=\"https:\/\/news.save.ch\/wp-content\/uploads\/2016\/12\/Krebsbetroffene-am-Arbeitsplatz-Arbeitgeber-gefordert_safety-plus.jpg\" \/>\n\t<meta property=\"og:image:width\" content=\"999\" \/>\n\t<meta property=\"og:image:height\" content=\"667\" \/>\n\t<meta property=\"og:image:type\" content=\"image\/jpeg\" \/>\n<meta name=\"author\" content=\"admin\" \/>\n<meta name=\"twitter:card\" content=\"summary_large_image\" \/>\n<meta name=\"twitter:label1\" content=\"Geschrieben von\" \/>\n\t<meta name=\"twitter:data1\" content=\"admin\" \/>\n\t<meta name=\"twitter:label2\" content=\"Gesch\u00e4tzte Lesezeit\" \/>\n\t<meta name=\"twitter:data2\" content=\"2\u00a0Minuten\" \/>\n<script type=\"application\/ld+json\" class=\"yoast-schema-graph\">{\"@context\":\"https:\\\/\\\/schema.org\",\"@graph\":[{\"@type\":\"Article\",\"@id\":\"https:\\\/\\\/news.save.ch\\\/krebsbetroffene-am-arbeitsplatz-arbeitgeber-gefordert\\\/#article\",\"isPartOf\":{\"@id\":\"https:\\\/\\\/news.save.ch\\\/krebsbetroffene-am-arbeitsplatz-arbeitgeber-gefordert\\\/\"},\"author\":{\"name\":\"admin\",\"@id\":\"https:\\\/\\\/news.save.ch\\\/de\\\/#\\\/schema\\\/person\\\/d49e199490bad7c70d64b9ab51142f2b\"},\"headline\":\"Krebsbetroffene am Arbeitsplatz: Arbeitgeber gefordert\",\"datePublished\":\"2016-11-18T10:17:41+00:00\",\"dateModified\":\"2023-03-14T08:03:00+00:00\",\"mainEntityOfPage\":{\"@id\":\"https:\\\/\\\/news.save.ch\\\/krebsbetroffene-am-arbeitsplatz-arbeitgeber-gefordert\\\/\"},\"wordCount\":343,\"commentCount\":0,\"publisher\":{\"@id\":\"https:\\\/\\\/news.save.ch\\\/de\\\/#organization\"},\"image\":{\"@id\":\"https:\\\/\\\/news.save.ch\\\/krebsbetroffene-am-arbeitsplatz-arbeitgeber-gefordert\\\/#primaryimage\"},\"thumbnailUrl\":\"https:\\\/\\\/news.save.ch\\\/wp-content\\\/uploads\\\/2016\\\/12\\\/Krebsbetroffene-am-Arbeitsplatz-Arbeitgeber-gefordert_safety-plus.jpg\",\"keywords\":[\"Betriebliches Gesundheitsmanagement\",\"Gesundheitsschutz\",\"Management und Unternehmensf\u00fchrung\"],\"articleSection\":[\"ALLGEMEIN\",\"HEALTH &amp; SAFETY\"],\"inLanguage\":\"de\"},{\"@type\":\"WebPage\",\"@id\":\"https:\\\/\\\/news.save.ch\\\/krebsbetroffene-am-arbeitsplatz-arbeitgeber-gefordert\\\/\",\"url\":\"https:\\\/\\\/news.save.ch\\\/krebsbetroffene-am-arbeitsplatz-arbeitgeber-gefordert\\\/\",\"name\":\"Krebsbetroffene am Arbeitsplatz: Arbeitgeber gefordert - Save\",\"isPartOf\":{\"@id\":\"https:\\\/\\\/news.save.ch\\\/de\\\/#website\"},\"primaryImageOfPage\":{\"@id\":\"https:\\\/\\\/news.save.ch\\\/krebsbetroffene-am-arbeitsplatz-arbeitgeber-gefordert\\\/#primaryimage\"},\"image\":{\"@id\":\"https:\\\/\\\/news.save.ch\\\/krebsbetroffene-am-arbeitsplatz-arbeitgeber-gefordert\\\/#primaryimage\"},\"thumbnailUrl\":\"https:\\\/\\\/news.save.ch\\\/wp-content\\\/uploads\\\/2016\\\/12\\\/Krebsbetroffene-am-Arbeitsplatz-Arbeitgeber-gefordert_safety-plus.jpg\",\"datePublished\":\"2016-11-18T10:17:41+00:00\",\"dateModified\":\"2023-03-14T08:03:00+00:00\",\"description\":\"Krebsbetroffene am Arbeitsplatz: Eine Krebserkrankung ist heute in vielen F\u00e4llen kein Todesurteil mehr.\",\"breadcrumb\":{\"@id\":\"https:\\\/\\\/news.save.ch\\\/krebsbetroffene-am-arbeitsplatz-arbeitgeber-gefordert\\\/#breadcrumb\"},\"inLanguage\":\"de\",\"potentialAction\":[{\"@type\":\"ReadAction\",\"target\":[\"https:\\\/\\\/news.save.ch\\\/krebsbetroffene-am-arbeitsplatz-arbeitgeber-gefordert\\\/\"]}]},{\"@type\":\"ImageObject\",\"inLanguage\":\"de\",\"@id\":\"https:\\\/\\\/news.save.ch\\\/krebsbetroffene-am-arbeitsplatz-arbeitgeber-gefordert\\\/#primaryimage\",\"url\":\"https:\\\/\\\/news.save.ch\\\/wp-content\\\/uploads\\\/2016\\\/12\\\/Krebsbetroffene-am-Arbeitsplatz-Arbeitgeber-gefordert_safety-plus.jpg\",\"contentUrl\":\"https:\\\/\\\/news.save.ch\\\/wp-content\\\/uploads\\\/2016\\\/12\\\/Krebsbetroffene-am-Arbeitsplatz-Arbeitgeber-gefordert_safety-plus.jpg\",\"width\":999,\"height\":667},{\"@type\":\"BreadcrumbList\",\"@id\":\"https:\\\/\\\/news.save.ch\\\/krebsbetroffene-am-arbeitsplatz-arbeitgeber-gefordert\\\/#breadcrumb\",\"itemListElement\":[{\"@type\":\"ListItem\",\"position\":1,\"name\":\"Home\",\"item\":\"https:\\\/\\\/news.save.ch\\\/de\\\/\"},{\"@type\":\"ListItem\",\"position\":2,\"name\":\"Krebsbetroffene am Arbeitsplatz: Arbeitgeber gefordert\"}]},{\"@type\":\"WebSite\",\"@id\":\"https:\\\/\\\/news.save.ch\\\/de\\\/#website\",\"url\":\"https:\\\/\\\/news.save.ch\\\/de\\\/\",\"name\":\"Save\",\"description\":\"Schweizer Fachzeitschrift f\u00fcr Sicherheit\",\"publisher\":{\"@id\":\"https:\\\/\\\/news.save.ch\\\/de\\\/#organization\"},\"potentialAction\":[{\"@type\":\"SearchAction\",\"target\":{\"@type\":\"EntryPoint\",\"urlTemplate\":\"https:\\\/\\\/news.save.ch\\\/de\\\/?s={search_term_string}\"},\"query-input\":{\"@type\":\"PropertyValueSpecification\",\"valueRequired\":true,\"valueName\":\"search_term_string\"}}],\"inLanguage\":\"de\"},{\"@type\":\"Organization\",\"@id\":\"https:\\\/\\\/news.save.ch\\\/de\\\/#organization\",\"name\":\"Sicherheitsforum\",\"url\":\"https:\\\/\\\/news.save.ch\\\/de\\\/\",\"logo\":{\"@type\":\"ImageObject\",\"inLanguage\":\"de\",\"@id\":\"https:\\\/\\\/news.save.ch\\\/de\\\/#\\\/schema\\\/logo\\\/image\\\/\",\"url\":\"https:\\\/\\\/news.save.ch\\\/wp-content\\\/uploads\\\/2022\\\/06\\\/Logo_SF_2012.png\",\"contentUrl\":\"https:\\\/\\\/news.save.ch\\\/wp-content\\\/uploads\\\/2022\\\/06\\\/Logo_SF_2012.png\",\"width\":1100,\"height\":91,\"caption\":\"Sicherheitsforum\"},\"image\":{\"@id\":\"https:\\\/\\\/news.save.ch\\\/de\\\/#\\\/schema\\\/logo\\\/image\\\/\"}},{\"@type\":\"Person\",\"@id\":\"https:\\\/\\\/news.save.ch\\\/de\\\/#\\\/schema\\\/person\\\/d49e199490bad7c70d64b9ab51142f2b\",\"name\":\"admin\",\"image\":{\"@type\":\"ImageObject\",\"inLanguage\":\"de\",\"@id\":\"https:\\\/\\\/secure.gravatar.com\\\/avatar\\\/ae2f4d718e6c49043e314ce431e7e645d646302a24a5ef5a8bc8e3f5a032e319?s=96&d=mm&r=g\",\"url\":\"https:\\\/\\\/secure.gravatar.com\\\/avatar\\\/ae2f4d718e6c49043e314ce431e7e645d646302a24a5ef5a8bc8e3f5a032e319?s=96&d=mm&r=g\",\"contentUrl\":\"https:\\\/\\\/secure.gravatar.com\\\/avatar\\\/ae2f4d718e6c49043e314ce431e7e645d646302a24a5ef5a8bc8e3f5a032e319?s=96&d=mm&r=g\",\"caption\":\"admin\"},\"sameAs\":[\"https:\\\/\\\/develop.organisator.galledia.ch\"],\"url\":\"https:\\\/\\\/news.save.ch\\\/de\\\/author\\\/admin\\\/\"}]}<\/script>\n<!-- \/ Yoast SEO plugin. -->","yoast_head_json":{"title":"Krebsbetroffene am Arbeitsplatz: Arbeitgeber gefordert - Save","description":"Krebsbetroffene am Arbeitsplatz: Eine Krebserkrankung ist heute in vielen F\u00e4llen kein Todesurteil mehr.","robots":{"index":"index","follow":"follow","max-snippet":"max-snippet:-1","max-image-preview":"max-image-preview:large","max-video-preview":"max-video-preview:-1"},"canonical":"https:\/\/news.save.ch\/de\/krebsbetroffene-am-arbeitsplatz-arbeitgeber-gefordert\/","og_locale":"de_DE","og_type":"article","og_title":"Krebsbetroffene am Arbeitsplatz: Arbeitgeber gefordert - Save","og_description":"Krebsbetroffene am Arbeitsplatz: Eine Krebserkrankung ist heute in vielen F\u00e4llen kein Todesurteil mehr.","og_url":"https:\/\/news.save.ch\/de\/krebsbetroffene-am-arbeitsplatz-arbeitgeber-gefordert\/","og_site_name":"Save","article_published_time":"2016-11-18T10:17:41+00:00","article_modified_time":"2023-03-14T08:03:00+00:00","og_image":[{"width":999,"height":667,"url":"https:\/\/news.save.ch\/wp-content\/uploads\/2016\/12\/Krebsbetroffene-am-Arbeitsplatz-Arbeitgeber-gefordert_safety-plus.jpg","type":"image\/jpeg"}],"author":"admin","twitter_card":"summary_large_image","twitter_misc":{"Geschrieben von":"admin","Gesch\u00e4tzte Lesezeit":"2\u00a0Minuten"},"schema":{"@context":"https:\/\/schema.org","@graph":[{"@type":"Article","@id":"https:\/\/news.save.ch\/krebsbetroffene-am-arbeitsplatz-arbeitgeber-gefordert\/#article","isPartOf":{"@id":"https:\/\/news.save.ch\/krebsbetroffene-am-arbeitsplatz-arbeitgeber-gefordert\/"},"author":{"name":"admin","@id":"https:\/\/news.save.ch\/de\/#\/schema\/person\/d49e199490bad7c70d64b9ab51142f2b"},"headline":"Krebsbetroffene am Arbeitsplatz: Arbeitgeber gefordert","datePublished":"2016-11-18T10:17:41+00:00","dateModified":"2023-03-14T08:03:00+00:00","mainEntityOfPage":{"@id":"https:\/\/news.save.ch\/krebsbetroffene-am-arbeitsplatz-arbeitgeber-gefordert\/"},"wordCount":343,"commentCount":0,"publisher":{"@id":"https:\/\/news.save.ch\/de\/#organization"},"image":{"@id":"https:\/\/news.save.ch\/krebsbetroffene-am-arbeitsplatz-arbeitgeber-gefordert\/#primaryimage"},"thumbnailUrl":"https:\/\/news.save.ch\/wp-content\/uploads\/2016\/12\/Krebsbetroffene-am-Arbeitsplatz-Arbeitgeber-gefordert_safety-plus.jpg","keywords":["Betriebliches Gesundheitsmanagement","Gesundheitsschutz","Management und Unternehmensf\u00fchrung"],"articleSection":["ALLGEMEIN","HEALTH &amp; SAFETY"],"inLanguage":"de"},{"@type":"WebPage","@id":"https:\/\/news.save.ch\/krebsbetroffene-am-arbeitsplatz-arbeitgeber-gefordert\/","url":"https:\/\/news.save.ch\/krebsbetroffene-am-arbeitsplatz-arbeitgeber-gefordert\/","name":"Krebsbetroffene am Arbeitsplatz: Arbeitgeber gefordert - Save","isPartOf":{"@id":"https:\/\/news.save.ch\/de\/#website"},"primaryImageOfPage":{"@id":"https:\/\/news.save.ch\/krebsbetroffene-am-arbeitsplatz-arbeitgeber-gefordert\/#primaryimage"},"image":{"@id":"https:\/\/news.save.ch\/krebsbetroffene-am-arbeitsplatz-arbeitgeber-gefordert\/#primaryimage"},"thumbnailUrl":"https:\/\/news.save.ch\/wp-content\/uploads\/2016\/12\/Krebsbetroffene-am-Arbeitsplatz-Arbeitgeber-gefordert_safety-plus.jpg","datePublished":"2016-11-18T10:17:41+00:00","dateModified":"2023-03-14T08:03:00+00:00","description":"Krebsbetroffene am Arbeitsplatz: Eine Krebserkrankung ist heute in vielen F\u00e4llen kein Todesurteil mehr.","breadcrumb":{"@id":"https:\/\/news.save.ch\/krebsbetroffene-am-arbeitsplatz-arbeitgeber-gefordert\/#breadcrumb"},"inLanguage":"de","potentialAction":[{"@type":"ReadAction","target":["https:\/\/news.save.ch\/krebsbetroffene-am-arbeitsplatz-arbeitgeber-gefordert\/"]}]},{"@type":"ImageObject","inLanguage":"de","@id":"https:\/\/news.save.ch\/krebsbetroffene-am-arbeitsplatz-arbeitgeber-gefordert\/#primaryimage","url":"https:\/\/news.save.ch\/wp-content\/uploads\/2016\/12\/Krebsbetroffene-am-Arbeitsplatz-Arbeitgeber-gefordert_safety-plus.jpg","contentUrl":"https:\/\/news.save.ch\/wp-content\/uploads\/2016\/12\/Krebsbetroffene-am-Arbeitsplatz-Arbeitgeber-gefordert_safety-plus.jpg","width":999,"height":667},{"@type":"BreadcrumbList","@id":"https:\/\/news.save.ch\/krebsbetroffene-am-arbeitsplatz-arbeitgeber-gefordert\/#breadcrumb","itemListElement":[{"@type":"ListItem","position":1,"name":"Home","item":"https:\/\/news.save.ch\/de\/"},{"@type":"ListItem","position":2,"name":"Krebsbetroffene am Arbeitsplatz: Arbeitgeber gefordert"}]},{"@type":"WebSite","@id":"https:\/\/news.save.ch\/de\/#website","url":"https:\/\/news.save.ch\/de\/","name":"Save","description":"Schweizer Fachzeitschrift f\u00fcr Sicherheit","publisher":{"@id":"https:\/\/news.save.ch\/de\/#organization"},"potentialAction":[{"@type":"SearchAction","target":{"@type":"EntryPoint","urlTemplate":"https:\/\/news.save.ch\/de\/?s={search_term_string}"},"query-input":{"@type":"PropertyValueSpecification","valueRequired":true,"valueName":"search_term_string"}}],"inLanguage":"de"},{"@type":"Organization","@id":"https:\/\/news.save.ch\/de\/#organization","name":"Sicherheitsforum","url":"https:\/\/news.save.ch\/de\/","logo":{"@type":"ImageObject","inLanguage":"de","@id":"https:\/\/news.save.ch\/de\/#\/schema\/logo\/image\/","url":"https:\/\/news.save.ch\/wp-content\/uploads\/2022\/06\/Logo_SF_2012.png","contentUrl":"https:\/\/news.save.ch\/wp-content\/uploads\/2022\/06\/Logo_SF_2012.png","width":1100,"height":91,"caption":"Sicherheitsforum"},"image":{"@id":"https:\/\/news.save.ch\/de\/#\/schema\/logo\/image\/"}},{"@type":"Person","@id":"https:\/\/news.save.ch\/de\/#\/schema\/person\/d49e199490bad7c70d64b9ab51142f2b","name":"admin","image":{"@type":"ImageObject","inLanguage":"de","@id":"https:\/\/secure.gravatar.com\/avatar\/ae2f4d718e6c49043e314ce431e7e645d646302a24a5ef5a8bc8e3f5a032e319?s=96&d=mm&r=g","url":"https:\/\/secure.gravatar.com\/avatar\/ae2f4d718e6c49043e314ce431e7e645d646302a24a5ef5a8bc8e3f5a032e319?s=96&d=mm&r=g","contentUrl":"https:\/\/secure.gravatar.com\/avatar\/ae2f4d718e6c49043e314ce431e7e645d646302a24a5ef5a8bc8e3f5a032e319?s=96&d=mm&r=g","caption":"admin"},"sameAs":["https:\/\/develop.organisator.galledia.ch"],"url":"https:\/\/news.save.ch\/de\/author\/admin\/"}]}},"_links":{"self":[{"href":"https:\/\/news.save.ch\/de\/wp-json\/wp\/v2\/posts\/1298","targetHints":{"allow":["GET"]}}],"collection":[{"href":"https:\/\/news.save.ch\/de\/wp-json\/wp\/v2\/posts"}],"about":[{"href":"https:\/\/news.save.ch\/de\/wp-json\/wp\/v2\/types\/post"}],"author":[{"embeddable":true,"href":"https:\/\/news.save.ch\/de\/wp-json\/wp\/v2\/users\/1"}],"replies":[{"embeddable":true,"href":"https:\/\/news.save.ch\/de\/wp-json\/wp\/v2\/comments?post=1298"}],"version-history":[{"count":1,"href":"https:\/\/news.save.ch\/de\/wp-json\/wp\/v2\/posts\/1298\/revisions"}],"predecessor-version":[{"id":18805,"href":"https:\/\/news.save.ch\/de\/wp-json\/wp\/v2\/posts\/1298\/revisions\/18805"}],"wp:featuredmedia":[{"embeddable":true,"href":"https:\/\/news.save.ch\/de\/wp-json\/wp\/v2\/media\/1299"}],"wp:attachment":[{"href":"https:\/\/news.save.ch\/de\/wp-json\/wp\/v2\/media?parent=1298"}],"wp:term":[{"taxonomy":"category","embeddable":true,"href":"https:\/\/news.save.ch\/de\/wp-json\/wp\/v2\/categories?post=1298"},{"taxonomy":"post_tag","embeddable":true,"href":"https:\/\/news.save.ch\/de\/wp-json\/wp\/v2\/tags?post=1298"}],"curies":[{"name":"wp","href":"https:\/\/api.w.org\/{rel}","templated":true}]}}