{"id":1300,"date":"2016-08-24T17:24:41","date_gmt":"2016-08-24T15:24:41","guid":{"rendered":"https:\/\/dev.sicherheitsforum.ch\/?p=1300"},"modified":"2023-03-14T08:57:14","modified_gmt":"2023-03-14T07:57:14","slug":"cyber-raum-als-querschnittsbedrohung","status":null,"type":"post","link":"https:\/\/news.save.ch\/de\/cyber-raum-als-querschnittsbedrohung\/","title":{"rendered":"Cyber-Raum als Querschnittsbedrohung"},"content":{"rendered":"<figure id=\"attachment_1301\" aria-describedby=\"caption-attachment-1301\" style=\"width: 680px\" class=\"wp-caption alignnone\"><img loading=\"lazy\" decoding=\"async\" class=\"size-medium wp-image-1301\" src=\"https:\/\/sicherheitsforum.ch\/wp-content\/uploads\/2016\/12\/Cyber-Raum-als-Querschnittsbedrohung-it-security.jpg\" alt=\"\" width=\"680\" height=\"680\" srcset=\"https:\/\/news.save.ch\/wp-content\/uploads\/2016\/12\/Cyber-Raum-als-Querschnittsbedrohung-it-security.jpg 1104w, https:\/\/news.save.ch\/wp-content\/uploads\/2016\/12\/Cyber-Raum-als-Querschnittsbedrohung-it-security-300x300.jpg 300w\" sizes=\"auto, (max-width: 680px) 100vw, 680px\" \/><figcaption id=\"caption-attachment-1301\" class=\"wp-caption-text\">Cyber-Raum als Querschnittsbedrohung<\/figcaption><\/figure>\n<p>Der neue <a href=\"https:\/\/www.newsd.admin.ch\/newsd\/message\/attachments\/45068.pdf\" target=\"_blank\" rel=\"noreferrer noopener\" data-cke-saved-href=\"https:\/\/www.newsd.admin.ch\/newsd\/message\/attachments\/45068.pdf\">Bericht \u00fcber die Sicherheitspolitik der Schweiz <\/a>enth\u00e4lt eine ausf\u00fchrliche Darstellung des sicherheitspolitischen Umfelds der Schweiz. Er analysiert die globalen sicherheitspolitischen Trends und die f\u00fcr die Schweiz relevanten Bedrohungen und Gefahren. Der Bericht kommt zum Schluss, dass es in der Bedrohungslage in den letzten Jahren markante Ver\u00e4nderungen gegeben hat. Dies gilt insbesondere f\u00fcr das im Zuge der Ukraine-Krise nachhaltig verschlechterte Verh\u00e4ltnis zwischen dem Westen und Russland, die Versch\u00e4rfung der Bedrohung durch den dschihadistischen Terrorismus sowie das Ausmass an illegalen Aktivit\u00e4ten und Missbrauch im Cyber-Raum. Der Bericht h\u00e4lt fest, dass die Bedrohungen und Gefahren insgesamt noch komplexer, noch st\u00e4rker untereinander verkn\u00fcpft und un\u00fcbersichtlicher geworden sind. Eine besondere Herausforderung f\u00fcr die Sicherheit der Schweiz liegt in der Kombination oder Verkettung der verschiedenen Bedrohungen und Gefahren.<\/p>\n<p>Ebenfalls Teil der Lageanalyse sind die f\u00fcr die Schweiz sicherheitspolitisch relevanten Organisationen und Vereinbarungen. Es werden die f\u00fcr die Sicherheitspolitik der Schweiz relevanten internationalen Organisationen (OSZE, Nato, EU, Europarat, UNO, Interpol) und Vereinbarungen (z.B. im Abr\u00fcstungsbereich) beschrieben und die M\u00f6glichkeiten f\u00fcr eine verst\u00e4rkte sicherheitspolitische Kooperation aufgezeigt.<\/p>\n<p><strong>Wie wird der Cyber-Raum thematisiert?<\/strong><\/p>\n<p>Der letzte Bericht fasste die Bedrohung im Cyber-Raum unter dem Aspekt der Angriffe auf die Informatik- und Kommunikationsinfrastrukturen zusammen. In vorliegenden Bericht wird ein anderer Ansatz gew\u00e4hlt. Die Informatik durchdringt praktisch alle Lebensbereiche; und \u00fcberall dort, wo weitr\u00e4umig vernetzte Informatik angewandt wird, besteht das Risiko, dass der virtuelle Raum dieser Vernetzung, der Cyber-Raum, missbraucht wird: Die Bedrohung im Cyber-Raum ist eine Querschnittsbedrohung. Sie schafft zu einem gewissen Teil neuere Bedrohungen, vor allem aber intensiviert sie bestehende Bedrohungen. So erleichtert\u00a0sie die Spionage, verst\u00e4rkt durch die M\u00f6glichkeit von Fremdeinwirkungen auf kritische Infrastrukturen die Gefahr von Versorgungsst\u00f6rungen und gibt Kriminellen zus\u00e4tzliche Mittel in die Hand. Deshalb werden Cyber-Bedrohungen in diesem Bericht nicht als separate Kategorie dargestellt, sondern als erg\u00e4nzende und zunehmend wichtige Komponente anderer Bedrohungen und Gefahren.<\/p>\n<p>F\u00fcr einige wenige technologisch f\u00fchrende Staaten sind durch die IT-Vernetzung\u00a0praktisch aller Datenbanken und technischen Steuerungssysteme sowie insbesondere\u00a0durch die Konzentration der technischen Entwicklung von Netzwerkkomponenten\u00a0auf wenige Firmen M\u00f6glichkeiten f\u00fcr noch tiefere Eingriffe entstanden. Diese reichen von der Manipulierung von Industriesteuerungsanlagen bis zu einer praktisch weltumfassenden Kommunikations\u00fcberwachung.<\/p>\n<p>Gewisse Staaten sind in der Lage, auf die Herstellung von Hard- und Software einzuwirken. Durch den Zugriff auf die Programmierung \u2013 und hier insbesondere auf die Updates der Netzwerkkomponenten und Betriebssysteme oder die k\u00fcnstliche Schw\u00e4chung von Verschl\u00fcsselungssystemen \u2013 ist es ihnen m\u00f6glich, direkt in die\u00a0Systeme einzugreifen. Ein potenzieller Angreifer muss damit nicht mehr Netzwerkh\u00fcrden oder Firewalls \u00fcberwinden, sondern befindet sich bereits im Firmennetz, n\u00e4mlich in der durch ausl\u00e4ndische Firmen hergestellten Hard- oder Software. Da dabei kein systemfremder Schadcode eingesetzt wird und die Manipulation Teil des gelieferten Systems ist, ist es f\u00fcr das Opfer bei der heutigen Komplexit\u00e4t der Systeme sehr schwierig zu erkennen, dass \u00fcberhaupt ein Angriff stattfindet, wie es im 125 Seiten umfassenden Bericht heisst.<\/p>\n<p><strong>Sicherheitspolitischen Ziele definiert<\/strong><\/p>\n<p>Im zweiten Teil des Berichts wird die Ausrichtung der Strategie der Schweiz beschrieben (im Strategie-Teil taucht selbstverst\u00e4ndlich auch regelm\u00e4ssig \u201eCyber\u201c auf). Es geht darum, wie die sicherheitspolitischen Mittel eingesetzt werden sollen, um die Ziele zu erreichen und damit den sicherheitspolitischen Interessen zu dienen. Dazu werden zuerst die Interessen und Ziele definiert und anschliessend die Ausrichtung der sicherheitspolitischen Strategie der Schweiz beschrieben. Die inhaltlichen Bestandteile dieser Strategie sind Kooperation, Selbst\u00e4ndigkeit und Engagement. Es wird erl\u00e4utert, was diese drei Kernbegriffe in der Praxis bedeuten und wie sie angewendet und kombiniert werden f\u00fcr eine m\u00f6glichst wirksame und effiziente Sicherheitspolitik.<\/p>\n<p>Ausgehend von der Strategie werden die Mittel zu deren Umsetzung beschrieben. Es wird aufgezeigt, nach welchen Grunds\u00e4tzen die sicherheitspolitischen Instrumente eingesetzt werden und welche Beitr\u00e4ge sie zur Pr\u00e4vention, Abwehr und Bew\u00e4ltigung der einzelnen Bedrohungen und Gefahren konkret leisten. Es geht darum, einen direkten Bezug zu den einzelnen Bedrohungen und Gefahren herzustellen und die Aufgaben und das Zusammenspiel der Instrumente konkret und anschaulich zu beschreiben. Abschliessend wird aufgezeigt, welche Anpassungen und Massnahmen bei den einzelnen Instrumenten n\u00f6tig oder bereits eingeleitet sind, um auch k\u00fcnftig die geforderten Leistungen erbringen zu k\u00f6nnen.<\/p>\n<p><strong>Zusammenarbeit im Sicherheitsverbund Schweiz<\/strong><\/p>\n<p>Im letzten Teil des Berichts wird die sicherheitspolitische F\u00fchrung auf Stufe Bund und Kantone sowie die diesbez\u00fcgliche Zusammenarbeit im Sicherheitsverbund Schweiz thematisiert. Hier geht es insbesondere darum, die Erkenntnisse aus der Pilotphase und Evaluation des Sicherheitsverbunds Schweiz sowie der ersten Sicherheitsverbunds\u00fcbung abzubilden. Es wird festgehalten, dass sich der 2010 lancierte Sicherheitsverbund Schweiz grunds\u00e4tzlich bew\u00e4hrt hat, und auf punktuelle Anpassungen verwiesen, die nach der Evaluation und der Auswertung der Sicherheitsverbunds\u00fcbung 2014 vorgenommen worden sind. Ohne \u201eCyber\u201c geht es auch in diesem Abschnitt nicht. Denn: Die Bedrohung im Cyber-Raum ist eine Querschnittsbedrohung.<\/p>\n<p><em>Quelle: Bund, VBS<\/em><\/p>\n<p>&nbsp;<\/p>\n","protected":false},"excerpt":{"rendered":"<p>Der neue Bericht \u00fcber die Sicherheitspolitik der Schweiz enth\u00e4lt eine ausf\u00fchrliche Darstellung des sicherheitspolitischen Umfelds der Schweiz. Er analysiert die globalen sicherheitspolitischen Trends und die f\u00fcr die Schweiz relevanten Bedrohungen und Gefahren. Der Bericht kommt zum Schluss, dass es in der Bedrohungslage in den letzten Jahren markante Ver\u00e4nderungen gegeben hat. Dies gilt insbesondere f\u00fcr das [&hellip;]<\/p>\n","protected":false},"author":1,"featured_media":1301,"comment_status":"open","ping_status":"open","sticky":false,"template":"","format":"standard","meta":{"_acf_changed":false,"pgc_sgb_lightbox_settings":"","footnotes":""},"categories":[3313],"tags":[96,62,63],"class_list":["post-1300","post","type-post","status-publish","format-standard","has-post-thumbnail","hentry","category-digitalisierung","tag-cyber-crime","tag-ict-sicherheit","tag-it-security"],"acf":[],"hkrextid":null,"publication":null,"issue":null,"workflow":null,"startPage":null,"spitzmarke":null,"_posts_by_tag_page_fields":{"widget_title":"","widget_tags":""},"_at_widget":"1","_yoast_wpseo_primary_category":"2","_yoast_wpseo_focuskw_text_input":"Cyber-Raum","_yoast_wpseo_opengraph-image":"https:\/\/news.save.ch\/wp-content\/uploads\/2016\/12\/Cyber-Raum-als-Querschnittsbedrohung-it-security.jpg","_yoast_wpseo_opengraph-description":"Die Bedrohungslage der Schweiz hat sich in den letzten Jahren zum Teil markant ver\u00e4ndert. Der neue Bericht des Bundesrates \u00fcber die Sicherheitspolitik der Schweiz analysiert das aktuelle sicherheitspolitische Umfeld und zeigt auf, mit welchen Bedrohungen und Gefahren die Schweiz konfrontiert ist und wie sie diesen begegnen will. Auch der Cyber-Raum ist Thema.","_yoast_wpseo_opengraph-title":"Cyber-Raum als Querschnittsbedrohung","enclosure":null,"_yoast_wpseo_twitter-title":null,"_yoast_wpseo_twitter-description":null,"_yoast_wpseo_twitter-image":null,"_wp_old_slug":null,"_yoast_wpseo_title":null,"_yoast_wpseo_canonical":null,"yoast_head":"<!-- This site is optimized with the Yoast SEO plugin v27.5 - https:\/\/yoast.com\/product\/yoast-seo-wordpress\/ -->\n<title>Cyber-Raum als Querschnittsbedrohung - Save<\/title>\n<meta name=\"description\" content=\"Die Bedrohungslage der Schweiz hat sich in den letzten Jahren zum Teil markant ver\u00e4ndert. Auch der Cyber-Raum ist Thema.\" \/>\n<meta name=\"robots\" content=\"index, follow, max-snippet:-1, max-image-preview:large, max-video-preview:-1\" \/>\n<link rel=\"canonical\" href=\"https:\/\/news.save.ch\/de\/cyber-raum-als-querschnittsbedrohung\/\" \/>\n<meta property=\"og:locale\" content=\"de_DE\" \/>\n<meta property=\"og:type\" content=\"article\" \/>\n<meta property=\"og:title\" content=\"Cyber-Raum als Querschnittsbedrohung\" \/>\n<meta property=\"og:description\" content=\"Die Bedrohungslage der Schweiz hat sich in den letzten Jahren zum Teil markant ver\u00e4ndert. Der neue Bericht des Bundesrates \u00fcber die Sicherheitspolitik der Schweiz analysiert das aktuelle sicherheitspolitische Umfeld und zeigt auf, mit welchen Bedrohungen und Gefahren die Schweiz konfrontiert ist und wie sie diesen begegnen will. Auch der Cyber-Raum ist Thema.\" \/>\n<meta property=\"og:url\" content=\"https:\/\/news.save.ch\/de\/cyber-raum-als-querschnittsbedrohung\/\" \/>\n<meta property=\"og:site_name\" content=\"Save\" \/>\n<meta property=\"article:published_time\" content=\"2016-08-24T15:24:41+00:00\" \/>\n<meta property=\"article:modified_time\" content=\"2023-03-14T07:57:14+00:00\" \/>\n<meta property=\"og:image\" content=\"https:\/\/news.save.ch\/wp-content\/uploads\/2016\/12\/Cyber-Raum-als-Querschnittsbedrohung-it-security.jpg\" \/>\n<meta name=\"author\" content=\"admin\" \/>\n<meta name=\"twitter:card\" content=\"summary_large_image\" \/>\n<meta name=\"twitter:label1\" content=\"Geschrieben von\" \/>\n\t<meta name=\"twitter:data1\" content=\"admin\" \/>\n\t<meta name=\"twitter:label2\" content=\"Gesch\u00e4tzte Lesezeit\" \/>\n\t<meta name=\"twitter:data2\" content=\"4\u00a0Minuten\" \/>\n<script type=\"application\/ld+json\" class=\"yoast-schema-graph\">{\"@context\":\"https:\\\/\\\/schema.org\",\"@graph\":[{\"@type\":\"Article\",\"@id\":\"https:\\\/\\\/news.save.ch\\\/cyber-raum-als-querschnittsbedrohung\\\/#article\",\"isPartOf\":{\"@id\":\"https:\\\/\\\/news.save.ch\\\/cyber-raum-als-querschnittsbedrohung\\\/\"},\"author\":{\"name\":\"admin\",\"@id\":\"https:\\\/\\\/news.save.ch\\\/de\\\/#\\\/schema\\\/person\\\/d49e199490bad7c70d64b9ab51142f2b\"},\"headline\":\"Cyber-Raum als Querschnittsbedrohung\",\"datePublished\":\"2016-08-24T15:24:41+00:00\",\"dateModified\":\"2023-03-14T07:57:14+00:00\",\"mainEntityOfPage\":{\"@id\":\"https:\\\/\\\/news.save.ch\\\/cyber-raum-als-querschnittsbedrohung\\\/\"},\"wordCount\":819,\"commentCount\":0,\"publisher\":{\"@id\":\"https:\\\/\\\/news.save.ch\\\/de\\\/#organization\"},\"image\":{\"@id\":\"https:\\\/\\\/news.save.ch\\\/cyber-raum-als-querschnittsbedrohung\\\/#primaryimage\"},\"thumbnailUrl\":\"https:\\\/\\\/news.save.ch\\\/wp-content\\\/uploads\\\/2016\\\/12\\\/Cyber-Raum-als-Querschnittsbedrohung-it-security.jpg\",\"keywords\":[\"Cyber-Crime\",\"ICT-Sicherheit\",\"IT-SECURITY\"],\"articleSection\":[\"DIGITALISIERUNG\"],\"inLanguage\":\"de\"},{\"@type\":\"WebPage\",\"@id\":\"https:\\\/\\\/news.save.ch\\\/cyber-raum-als-querschnittsbedrohung\\\/\",\"url\":\"https:\\\/\\\/news.save.ch\\\/cyber-raum-als-querschnittsbedrohung\\\/\",\"name\":\"Cyber-Raum als Querschnittsbedrohung - Save\",\"isPartOf\":{\"@id\":\"https:\\\/\\\/news.save.ch\\\/de\\\/#website\"},\"primaryImageOfPage\":{\"@id\":\"https:\\\/\\\/news.save.ch\\\/cyber-raum-als-querschnittsbedrohung\\\/#primaryimage\"},\"image\":{\"@id\":\"https:\\\/\\\/news.save.ch\\\/cyber-raum-als-querschnittsbedrohung\\\/#primaryimage\"},\"thumbnailUrl\":\"https:\\\/\\\/news.save.ch\\\/wp-content\\\/uploads\\\/2016\\\/12\\\/Cyber-Raum-als-Querschnittsbedrohung-it-security.jpg\",\"datePublished\":\"2016-08-24T15:24:41+00:00\",\"dateModified\":\"2023-03-14T07:57:14+00:00\",\"description\":\"Die Bedrohungslage der Schweiz hat sich in den letzten Jahren zum Teil markant ver\u00e4ndert. Auch der Cyber-Raum ist Thema.\",\"breadcrumb\":{\"@id\":\"https:\\\/\\\/news.save.ch\\\/cyber-raum-als-querschnittsbedrohung\\\/#breadcrumb\"},\"inLanguage\":\"de\",\"potentialAction\":[{\"@type\":\"ReadAction\",\"target\":[\"https:\\\/\\\/news.save.ch\\\/cyber-raum-als-querschnittsbedrohung\\\/\"]}]},{\"@type\":\"ImageObject\",\"inLanguage\":\"de\",\"@id\":\"https:\\\/\\\/news.save.ch\\\/cyber-raum-als-querschnittsbedrohung\\\/#primaryimage\",\"url\":\"https:\\\/\\\/news.save.ch\\\/wp-content\\\/uploads\\\/2016\\\/12\\\/Cyber-Raum-als-Querschnittsbedrohung-it-security.jpg\",\"contentUrl\":\"https:\\\/\\\/news.save.ch\\\/wp-content\\\/uploads\\\/2016\\\/12\\\/Cyber-Raum-als-Querschnittsbedrohung-it-security.jpg\",\"width\":1104,\"height\":1104,\"caption\":\"Cyber-Raum als Querschnittsbedrohung\"},{\"@type\":\"BreadcrumbList\",\"@id\":\"https:\\\/\\\/news.save.ch\\\/cyber-raum-als-querschnittsbedrohung\\\/#breadcrumb\",\"itemListElement\":[{\"@type\":\"ListItem\",\"position\":1,\"name\":\"Home\",\"item\":\"https:\\\/\\\/news.save.ch\\\/de\\\/\"},{\"@type\":\"ListItem\",\"position\":2,\"name\":\"Cyber-Raum als Querschnittsbedrohung\"}]},{\"@type\":\"WebSite\",\"@id\":\"https:\\\/\\\/news.save.ch\\\/de\\\/#website\",\"url\":\"https:\\\/\\\/news.save.ch\\\/de\\\/\",\"name\":\"Save\",\"description\":\"Schweizer Fachzeitschrift f\u00fcr Sicherheit\",\"publisher\":{\"@id\":\"https:\\\/\\\/news.save.ch\\\/de\\\/#organization\"},\"potentialAction\":[{\"@type\":\"SearchAction\",\"target\":{\"@type\":\"EntryPoint\",\"urlTemplate\":\"https:\\\/\\\/news.save.ch\\\/de\\\/?s={search_term_string}\"},\"query-input\":{\"@type\":\"PropertyValueSpecification\",\"valueRequired\":true,\"valueName\":\"search_term_string\"}}],\"inLanguage\":\"de\"},{\"@type\":\"Organization\",\"@id\":\"https:\\\/\\\/news.save.ch\\\/de\\\/#organization\",\"name\":\"Sicherheitsforum\",\"url\":\"https:\\\/\\\/news.save.ch\\\/de\\\/\",\"logo\":{\"@type\":\"ImageObject\",\"inLanguage\":\"de\",\"@id\":\"https:\\\/\\\/news.save.ch\\\/de\\\/#\\\/schema\\\/logo\\\/image\\\/\",\"url\":\"https:\\\/\\\/news.save.ch\\\/wp-content\\\/uploads\\\/2022\\\/06\\\/Logo_SF_2012.png\",\"contentUrl\":\"https:\\\/\\\/news.save.ch\\\/wp-content\\\/uploads\\\/2022\\\/06\\\/Logo_SF_2012.png\",\"width\":1100,\"height\":91,\"caption\":\"Sicherheitsforum\"},\"image\":{\"@id\":\"https:\\\/\\\/news.save.ch\\\/de\\\/#\\\/schema\\\/logo\\\/image\\\/\"}},{\"@type\":\"Person\",\"@id\":\"https:\\\/\\\/news.save.ch\\\/de\\\/#\\\/schema\\\/person\\\/d49e199490bad7c70d64b9ab51142f2b\",\"name\":\"admin\",\"image\":{\"@type\":\"ImageObject\",\"inLanguage\":\"de\",\"@id\":\"https:\\\/\\\/secure.gravatar.com\\\/avatar\\\/ae2f4d718e6c49043e314ce431e7e645d646302a24a5ef5a8bc8e3f5a032e319?s=96&d=mm&r=g\",\"url\":\"https:\\\/\\\/secure.gravatar.com\\\/avatar\\\/ae2f4d718e6c49043e314ce431e7e645d646302a24a5ef5a8bc8e3f5a032e319?s=96&d=mm&r=g\",\"contentUrl\":\"https:\\\/\\\/secure.gravatar.com\\\/avatar\\\/ae2f4d718e6c49043e314ce431e7e645d646302a24a5ef5a8bc8e3f5a032e319?s=96&d=mm&r=g\",\"caption\":\"admin\"},\"sameAs\":[\"https:\\\/\\\/develop.organisator.galledia.ch\"],\"url\":\"https:\\\/\\\/news.save.ch\\\/de\\\/author\\\/admin\\\/\"}]}<\/script>\n<!-- \/ Yoast SEO plugin. -->","yoast_head_json":{"title":"Cyber-Raum als Querschnittsbedrohung - Save","description":"Die Bedrohungslage der Schweiz hat sich in den letzten Jahren zum Teil markant ver\u00e4ndert. Auch der Cyber-Raum ist Thema.","robots":{"index":"index","follow":"follow","max-snippet":"max-snippet:-1","max-image-preview":"max-image-preview:large","max-video-preview":"max-video-preview:-1"},"canonical":"https:\/\/news.save.ch\/de\/cyber-raum-als-querschnittsbedrohung\/","og_locale":"de_DE","og_type":"article","og_title":"Cyber-Raum als Querschnittsbedrohung","og_description":"Die Bedrohungslage der Schweiz hat sich in den letzten Jahren zum Teil markant ver\u00e4ndert. Der neue Bericht des Bundesrates \u00fcber die Sicherheitspolitik der Schweiz analysiert das aktuelle sicherheitspolitische Umfeld und zeigt auf, mit welchen Bedrohungen und Gefahren die Schweiz konfrontiert ist und wie sie diesen begegnen will. Auch der Cyber-Raum ist Thema.","og_url":"https:\/\/news.save.ch\/de\/cyber-raum-als-querschnittsbedrohung\/","og_site_name":"Save","article_published_time":"2016-08-24T15:24:41+00:00","article_modified_time":"2023-03-14T07:57:14+00:00","og_image":[{"url":"https:\/\/news.save.ch\/wp-content\/uploads\/2016\/12\/Cyber-Raum-als-Querschnittsbedrohung-it-security.jpg","type":"","width":"","height":""}],"author":"admin","twitter_card":"summary_large_image","twitter_misc":{"Geschrieben von":"admin","Gesch\u00e4tzte Lesezeit":"4\u00a0Minuten"},"schema":{"@context":"https:\/\/schema.org","@graph":[{"@type":"Article","@id":"https:\/\/news.save.ch\/cyber-raum-als-querschnittsbedrohung\/#article","isPartOf":{"@id":"https:\/\/news.save.ch\/cyber-raum-als-querschnittsbedrohung\/"},"author":{"name":"admin","@id":"https:\/\/news.save.ch\/de\/#\/schema\/person\/d49e199490bad7c70d64b9ab51142f2b"},"headline":"Cyber-Raum als Querschnittsbedrohung","datePublished":"2016-08-24T15:24:41+00:00","dateModified":"2023-03-14T07:57:14+00:00","mainEntityOfPage":{"@id":"https:\/\/news.save.ch\/cyber-raum-als-querschnittsbedrohung\/"},"wordCount":819,"commentCount":0,"publisher":{"@id":"https:\/\/news.save.ch\/de\/#organization"},"image":{"@id":"https:\/\/news.save.ch\/cyber-raum-als-querschnittsbedrohung\/#primaryimage"},"thumbnailUrl":"https:\/\/news.save.ch\/wp-content\/uploads\/2016\/12\/Cyber-Raum-als-Querschnittsbedrohung-it-security.jpg","keywords":["Cyber-Crime","ICT-Sicherheit","IT-SECURITY"],"articleSection":["DIGITALISIERUNG"],"inLanguage":"de"},{"@type":"WebPage","@id":"https:\/\/news.save.ch\/cyber-raum-als-querschnittsbedrohung\/","url":"https:\/\/news.save.ch\/cyber-raum-als-querschnittsbedrohung\/","name":"Cyber-Raum als Querschnittsbedrohung - Save","isPartOf":{"@id":"https:\/\/news.save.ch\/de\/#website"},"primaryImageOfPage":{"@id":"https:\/\/news.save.ch\/cyber-raum-als-querschnittsbedrohung\/#primaryimage"},"image":{"@id":"https:\/\/news.save.ch\/cyber-raum-als-querschnittsbedrohung\/#primaryimage"},"thumbnailUrl":"https:\/\/news.save.ch\/wp-content\/uploads\/2016\/12\/Cyber-Raum-als-Querschnittsbedrohung-it-security.jpg","datePublished":"2016-08-24T15:24:41+00:00","dateModified":"2023-03-14T07:57:14+00:00","description":"Die Bedrohungslage der Schweiz hat sich in den letzten Jahren zum Teil markant ver\u00e4ndert. Auch der Cyber-Raum ist Thema.","breadcrumb":{"@id":"https:\/\/news.save.ch\/cyber-raum-als-querschnittsbedrohung\/#breadcrumb"},"inLanguage":"de","potentialAction":[{"@type":"ReadAction","target":["https:\/\/news.save.ch\/cyber-raum-als-querschnittsbedrohung\/"]}]},{"@type":"ImageObject","inLanguage":"de","@id":"https:\/\/news.save.ch\/cyber-raum-als-querschnittsbedrohung\/#primaryimage","url":"https:\/\/news.save.ch\/wp-content\/uploads\/2016\/12\/Cyber-Raum-als-Querschnittsbedrohung-it-security.jpg","contentUrl":"https:\/\/news.save.ch\/wp-content\/uploads\/2016\/12\/Cyber-Raum-als-Querschnittsbedrohung-it-security.jpg","width":1104,"height":1104,"caption":"Cyber-Raum als Querschnittsbedrohung"},{"@type":"BreadcrumbList","@id":"https:\/\/news.save.ch\/cyber-raum-als-querschnittsbedrohung\/#breadcrumb","itemListElement":[{"@type":"ListItem","position":1,"name":"Home","item":"https:\/\/news.save.ch\/de\/"},{"@type":"ListItem","position":2,"name":"Cyber-Raum als Querschnittsbedrohung"}]},{"@type":"WebSite","@id":"https:\/\/news.save.ch\/de\/#website","url":"https:\/\/news.save.ch\/de\/","name":"Save","description":"Schweizer Fachzeitschrift f\u00fcr Sicherheit","publisher":{"@id":"https:\/\/news.save.ch\/de\/#organization"},"potentialAction":[{"@type":"SearchAction","target":{"@type":"EntryPoint","urlTemplate":"https:\/\/news.save.ch\/de\/?s={search_term_string}"},"query-input":{"@type":"PropertyValueSpecification","valueRequired":true,"valueName":"search_term_string"}}],"inLanguage":"de"},{"@type":"Organization","@id":"https:\/\/news.save.ch\/de\/#organization","name":"Sicherheitsforum","url":"https:\/\/news.save.ch\/de\/","logo":{"@type":"ImageObject","inLanguage":"de","@id":"https:\/\/news.save.ch\/de\/#\/schema\/logo\/image\/","url":"https:\/\/news.save.ch\/wp-content\/uploads\/2022\/06\/Logo_SF_2012.png","contentUrl":"https:\/\/news.save.ch\/wp-content\/uploads\/2022\/06\/Logo_SF_2012.png","width":1100,"height":91,"caption":"Sicherheitsforum"},"image":{"@id":"https:\/\/news.save.ch\/de\/#\/schema\/logo\/image\/"}},{"@type":"Person","@id":"https:\/\/news.save.ch\/de\/#\/schema\/person\/d49e199490bad7c70d64b9ab51142f2b","name":"admin","image":{"@type":"ImageObject","inLanguage":"de","@id":"https:\/\/secure.gravatar.com\/avatar\/ae2f4d718e6c49043e314ce431e7e645d646302a24a5ef5a8bc8e3f5a032e319?s=96&d=mm&r=g","url":"https:\/\/secure.gravatar.com\/avatar\/ae2f4d718e6c49043e314ce431e7e645d646302a24a5ef5a8bc8e3f5a032e319?s=96&d=mm&r=g","contentUrl":"https:\/\/secure.gravatar.com\/avatar\/ae2f4d718e6c49043e314ce431e7e645d646302a24a5ef5a8bc8e3f5a032e319?s=96&d=mm&r=g","caption":"admin"},"sameAs":["https:\/\/develop.organisator.galledia.ch"],"url":"https:\/\/news.save.ch\/de\/author\/admin\/"}]}},"_links":{"self":[{"href":"https:\/\/news.save.ch\/de\/wp-json\/wp\/v2\/posts\/1300","targetHints":{"allow":["GET"]}}],"collection":[{"href":"https:\/\/news.save.ch\/de\/wp-json\/wp\/v2\/posts"}],"about":[{"href":"https:\/\/news.save.ch\/de\/wp-json\/wp\/v2\/types\/post"}],"author":[{"embeddable":true,"href":"https:\/\/news.save.ch\/de\/wp-json\/wp\/v2\/users\/1"}],"replies":[{"embeddable":true,"href":"https:\/\/news.save.ch\/de\/wp-json\/wp\/v2\/comments?post=1300"}],"version-history":[{"count":1,"href":"https:\/\/news.save.ch\/de\/wp-json\/wp\/v2\/posts\/1300\/revisions"}],"predecessor-version":[{"id":17581,"href":"https:\/\/news.save.ch\/de\/wp-json\/wp\/v2\/posts\/1300\/revisions\/17581"}],"wp:featuredmedia":[{"embeddable":true,"href":"https:\/\/news.save.ch\/de\/wp-json\/wp\/v2\/media\/1301"}],"wp:attachment":[{"href":"https:\/\/news.save.ch\/de\/wp-json\/wp\/v2\/media?parent=1300"}],"wp:term":[{"taxonomy":"category","embeddable":true,"href":"https:\/\/news.save.ch\/de\/wp-json\/wp\/v2\/categories?post=1300"},{"taxonomy":"post_tag","embeddable":true,"href":"https:\/\/news.save.ch\/de\/wp-json\/wp\/v2\/tags?post=1300"}],"curies":[{"name":"wp","href":"https:\/\/api.w.org\/{rel}","templated":true}]}}