{"id":13083,"date":"2021-11-26T10:01:28","date_gmt":"2021-11-26T09:01:28","guid":{"rendered":"https:\/\/news.save.ch\/?p=13083"},"modified":"2023-07-12T17:50:56","modified_gmt":"2023-07-12T15:50:56","slug":"neun-ziele-fuer-die-schweizer-sicherheitspolitik","status":null,"type":"post","link":"https:\/\/news.save.ch\/de\/neun-ziele-fuer-die-schweizer-sicherheitspolitik\/","title":{"rendered":"Neun Ziele f\u00fcr die Schweizer Sicherheitspolitik"},"content":{"rendered":"<figure id=\"attachment_13088\" aria-describedby=\"caption-attachment-13088\" style=\"width: 1000px\" class=\"wp-caption alignnone\"><img loading=\"lazy\" decoding=\"async\" class=\"wp-image-13088 size-full\" src=\"https:\/\/news.save.ch\/wp-content\/uploads\/2021\/11\/Depositphotos_116305310_S.jpg\" alt=\"sicherheitspolitische Lagebericht\" width=\"1000\" height=\"582\" srcset=\"https:\/\/news.save.ch\/wp-content\/uploads\/2021\/11\/Depositphotos_116305310_S.jpg 1000w, https:\/\/news.save.ch\/wp-content\/uploads\/2021\/11\/Depositphotos_116305310_S-375x218.jpg 375w\" sizes=\"auto, (max-width: 1000px) 100vw, 1000px\" \/><figcaption id=\"caption-attachment-13088\" class=\"wp-caption-text\">\u00a9depositphotos<\/figcaption><\/figure>\n<p>Wie schon Bundesr\u00e4tin Viola Amherd anl\u00e4sslich eines Referats an der ETH vor einigen Wochen <a href=\"https:\/\/news.save.ch\/eine-sichere-schweiz-was-wir-dafuer-tun-wollen-und-muessen\/\" target=\"_blank\" rel=\"noopener\">betont hat<\/a>, sei die Welt in den letzten Jahren unsicherer geworden. Allgemein sei eine st\u00e4rkere Tendenz bei der Machtpolitik auszumachen. Die internationalen Spannungen sowie die Instabilit\u00e4t h\u00e4tten zugenommen. Diese Ausgangslage greift der Bundesrat auch in seinem <a href=\"https:\/\/www.newsd.admin.ch\/newsd\/message\/attachments\/69203.pdf\" target=\"_blank\" rel=\"noopener\">neuen sicherheitspolitischen Bericht<\/a> auf, den der Bundesrat am 24. November 2021 verabschiedet hat. Im Wesentlichen sei es wichtig, auf einen verst\u00e4rkten Cyberschutz und einen Schutz vor Desinformation zu setzen. Die St\u00e4rkung der Resilienz, der Versorgungssicherheit und der internationalen Zusammenarbeit steht ebenfalls im Fokus. Der neue sicherheitspolitische Bericht ist deutlich k\u00fcrzer gehalten als fr\u00fchere Berichte. Der Bundesrat beabsichtigt zudem, k\u00fcnftig in k\u00fcrzeren Abst\u00e4nden solche Berichte vorzulegen, n\u00e4mlich einmal pro Legislaturperiode.<\/p>\n<h2>Zunahme internationaler Spannungen<\/h2>\n<p>Die Welt ist laut dem VBS in den letzten Jahren unsicherer geworden. Es wird wieder st\u00e4rker auf Machtpolitik gesetzt und internationale Spannungen sowie Instabilit\u00e4t haben zugenommen. In seinem neuen sicherheitspolitischen Bericht analysiert der Bundesrat diese Entwicklungen und zeigt auf, wie er dem rauer gewordenen Umfeld begegnen will. Der Bericht, den der Bundesrat am 24. November 2021 verabschiedet hat, definiert neun Ziele f\u00fcr die Schweizer Sicherheitspolitik der n\u00e4chsten Jahre, darunter ein verst\u00e4rkter Schutz vor Cyberbedrohungen und Desinformation, aber auch die St\u00e4rkung von Resilienz, Versorgungssicherheit und internationaler Zusammenarbeit.<\/p>\n<h2>Neun sicherheitspolitische Ziele<\/h2>\n<p>Zugenommen habe vor allem der Einsatz von Mitteln \u00abhybrider\u00bb Konfliktf\u00fchrung, inklusive Cyberangriffen, Desinformation und Beeinflussungsaktivit\u00e4ten. Aber auch konventionelle milit\u00e4rische Mittel werden laut dem VBS wieder st\u00e4rker zur Verfolgung eigener Interessen eingesetzt. Die voranschreitende Digitalisierung habe nebst ihren positiven Aspekten auch die Verletzlichkeit von Staat, Wirtschaft und Gesellschaft erh\u00f6ht. Wetterbedingte Extremereignisse nehmen im Zuge des Klimawandels zu, die Gefahren durch Pandemien haben sich mit der Covid-19-Pandemie drastisch best\u00e4tigt. Angesichts dieser Ausgangslange formuliert der Bundesrat neun sicherheitspolitische Ziele:<\/p>\n<p>1) eine weitere St\u00e4rkung der Fr\u00fcherkennung von Bedrohungen, Gefahren und Krisen, um in der zunehmend volatilen Lage Risiken f\u00fcr die Schweiz m\u00f6glichst fr\u00fch zu erkennen;<\/p>\n<p>2) die St\u00e4rkung der internationalen Zusammenarbeit, Stabilit\u00e4t und Sicherheit, indem sich die Schweiz f\u00fcr eine regelbasierte internationale Ordnung einsetzt und mit zivilen und milit\u00e4rischen Mitteln zur F\u00f6rderung von Stabilit\u00e4t und Sicherheit im Umfeld beitr\u00e4gt;<\/p>\n<p>3) eine verst\u00e4rkte Ausrichtung auf hybride Konfliktf\u00fchrung, um Schutz und Widerstandkraft von Staat, Wirtschaft und Gesellschaft gegen\u00fcber Ph\u00e4nomenen wie Cyberangriffen und Desinformation zu erh\u00f6hen und insbesondere auch die Mittel der Armee noch st\u00e4rker auf das ver\u00e4nderte Konfliktbild auszurichten;<\/p>\n<p>4) freie Meinungsbildung und unverf\u00e4lschte Information, damit die \u00f6ffentliche und politische Diskussion in der Schweiz frei und transparent, gest\u00fctzt auf Fakten, und ohne Desinformation, Beeinflussungsversuche und Propaganda von aussen erfolgen kann;<\/p>\n<p>5) Verst\u00e4rkung des Schutzes vor Cyberbedrohungen, um die Widerstandsf\u00e4higkeit in der Schweiz gegen\u00fcber Cyberrisiken insgesamt weiter zu verbessern und dabei sowohl die Risiken wie die Chancen der Digitalisierung und der neuen Technologien zu nutzen;<\/p>\n<p>6) Verhinderung von Terrorismus, gewaltt\u00e4tigem Extremismus, organisierter und \u00fcbriger transnationaler Kriminalit\u00e4t, damit sich auf Schweizer Territorium keine terroristischen, gewaltt\u00e4tig-extremistischen oder schwerstkriminellen Gruppierungen etablieren k\u00f6nnen;<\/p>\n<p>7) St\u00e4rkung der Resilienz und Versorgungssicherheit bei internationalen Krisen, damit die Schweiz auch bei l\u00e4nger anhaltenden Versorgungsst\u00f6rungen ihre Funktions- und Handlungsf\u00e4higkeit wahren kann;<\/p>\n<p>8) Verbesserung des Schutzes vor Katastrophen und Notlagen und der Regenerationsf\u00e4higkeit, um angesichts der zunehmenden Risiken (etwa durch den Klimawandel), die Mittel zur Pr\u00e4vention und Bew\u00e4ltigung solcher Gefahren zu st\u00e4rken;<\/p>\n<p>9) St\u00e4rkung der Zusammenarbeit zwischen Beh\u00f6rden und des Krisenmanagements, damit angesichts der Volatilit\u00e4t der Lage und der Verkettung von Bedrohungen und Gefahren die Zusammenarbeit im Verbund aller Akteure weiter verbessert wird, sowohl in der normalen Lage als auch bei Krisen.<\/p>\n<p>Damit die Ziele erreicht werden k\u00f6nnen, sei eine enge Zusammenarbeit zwischen den Politikbereichen (Aussenpolitik, Wirtschaftspolitik, Information und Kommunikation) und den einzelnen sicherheitspolitischen Instrumenten (Armee, Bev\u00f6lkerungsschutz, Nachrichtendienst, Polizei, Zollverwaltung, Zivildienst) gefordert, heisst es im Bericht abschliessend.<\/p>\n<p>Der <a href=\"https:\/\/www.newsd.admin.ch\/newsd\/message\/attachments\/69203.pdf\" target=\"_blank\" rel=\"noopener\">sicherheitspolitische Bericht<\/a> wird nun dem Parlament unterbreitet.<\/p>\n<p><em>Quelle: VBS<\/em><\/p>\n<p>&nbsp;<\/p>\n","protected":false},"excerpt":{"rendered":"<p>Wie schon Bundesr\u00e4tin Viola Amherd anl\u00e4sslich eines Referats an der ETH vor einigen Wochen betont hat, sei die Welt in den letzten Jahren unsicherer geworden. Allgemein sei eine st\u00e4rkere Tendenz bei der Machtpolitik auszumachen. Die internationalen Spannungen sowie die Instabilit\u00e4t h\u00e4tten zugenommen. Diese Ausgangslage greift der Bundesrat auch in seinem neuen sicherheitspolitischen Bericht auf, den [&hellip;]<\/p>\n","protected":false},"author":9,"featured_media":13088,"comment_status":"closed","ping_status":"closed","sticky":false,"template":"","format":"standard","meta":{"_acf_changed":false,"pgc_sgb_lightbox_settings":"","footnotes":""},"categories":[1],"tags":[5085,5086,1430,1079,310,1319,1494,922,3469],"class_list":["post-13083","post","type-post","status-publish","format-standard","has-post-thumbnail","hentry","category-allgemein","tag-cyberschutz","tag-desinformation","tag-resilienz","tag-schweiz","tag-sicherheit","tag-sicherheit-schweiz","tag-sicherheitspolitik","tag-vbs","tag-versorgungssicherheit"],"acf":[],"hkrextid":null,"publication":null,"issue":null,"workflow":null,"startPage":null,"spitzmarke":null,"_posts_by_tag_page_fields":{"widget_title":"","widget_tags":""},"_at_widget":"1","_yoast_wpseo_primary_category":"","_yoast_wpseo_focuskw_text_input":null,"_yoast_wpseo_opengraph-image":null,"_yoast_wpseo_opengraph-description":null,"_yoast_wpseo_opengraph-title":null,"enclosure":null,"_yoast_wpseo_twitter-title":null,"_yoast_wpseo_twitter-description":null,"_yoast_wpseo_twitter-image":null,"_wp_old_slug":null,"_yoast_wpseo_title":null,"_yoast_wpseo_canonical":null,"yoast_head":"<!-- This site is optimized with the Yoast SEO plugin v27.5 - https:\/\/yoast.com\/product\/yoast-seo-wordpress\/ -->\n<title>Neun Ziele f\u00fcr die Schweizer Sicherheitspolitik - Save<\/title>\n<meta name=\"description\" content=\"Der neue sicherheitspolitische Lagebericht der Schweiz ist erschienen. Der Bericht, den der Bundesrat am 24. November 2021 verabschiedet hat, definiert neun sicherheitspolitische Ziele f\u00fcr die n\u00e4chsten Jahre, darunter ein verst\u00e4rkter Cyberschutz, aber auch die St\u00e4rkung von Resilienz, der Versorgungssicherheit und ein Fokus auf die internationale Zusammenarbeit.\" \/>\n<meta name=\"robots\" content=\"index, follow, max-snippet:-1, max-image-preview:large, max-video-preview:-1\" \/>\n<link rel=\"canonical\" href=\"https:\/\/news.save.ch\/de\/neun-ziele-fuer-die-schweizer-sicherheitspolitik\/\" \/>\n<meta property=\"og:locale\" content=\"de_DE\" \/>\n<meta property=\"og:type\" content=\"article\" \/>\n<meta property=\"og:title\" content=\"Neun Ziele f\u00fcr die Schweizer Sicherheitspolitik - Save\" \/>\n<meta property=\"og:description\" content=\"Der neue sicherheitspolitische Lagebericht der Schweiz ist erschienen. Der Bericht, den der Bundesrat am 24. November 2021 verabschiedet hat, definiert neun sicherheitspolitische Ziele f\u00fcr die n\u00e4chsten Jahre, darunter ein verst\u00e4rkter Cyberschutz, aber auch die St\u00e4rkung von Resilienz, der Versorgungssicherheit und ein Fokus auf die internationale Zusammenarbeit.\" \/>\n<meta property=\"og:url\" content=\"https:\/\/news.save.ch\/de\/neun-ziele-fuer-die-schweizer-sicherheitspolitik\/\" \/>\n<meta property=\"og:site_name\" content=\"Save\" \/>\n<meta property=\"article:published_time\" content=\"2021-11-26T09:01:28+00:00\" \/>\n<meta property=\"article:modified_time\" content=\"2023-07-12T15:50:56+00:00\" \/>\n<meta property=\"og:image\" content=\"https:\/\/news.save.ch\/wp-content\/uploads\/2021\/11\/Depositphotos_116305310_S.jpg\" \/>\n\t<meta property=\"og:image:width\" content=\"1000\" \/>\n\t<meta property=\"og:image:height\" content=\"582\" \/>\n\t<meta property=\"og:image:type\" content=\"image\/jpeg\" \/>\n<meta name=\"author\" content=\"Simon Gr\u00f6flin\" \/>\n<meta name=\"twitter:card\" content=\"summary_large_image\" \/>\n<meta name=\"twitter:label1\" content=\"Geschrieben von\" \/>\n\t<meta name=\"twitter:data1\" content=\"Simon Gr\u00f6flin\" \/>\n\t<meta name=\"twitter:label2\" content=\"Gesch\u00e4tzte Lesezeit\" \/>\n\t<meta name=\"twitter:data2\" content=\"4\u00a0Minuten\" \/>\n<script type=\"application\/ld+json\" class=\"yoast-schema-graph\">{\"@context\":\"https:\\\/\\\/schema.org\",\"@graph\":[{\"@type\":\"Article\",\"@id\":\"https:\\\/\\\/news.save.ch\\\/neun-ziele-fuer-die-schweizer-sicherheitspolitik\\\/#article\",\"isPartOf\":{\"@id\":\"https:\\\/\\\/news.save.ch\\\/neun-ziele-fuer-die-schweizer-sicherheitspolitik\\\/\"},\"author\":{\"name\":\"Simon Gr\u00f6flin\",\"@id\":\"https:\\\/\\\/news.save.ch\\\/de\\\/#\\\/schema\\\/person\\\/ad4ef21102fd6125312409ac57d5296d\"},\"headline\":\"Neun Ziele f\u00fcr die Schweizer Sicherheitspolitik\",\"datePublished\":\"2021-11-26T09:01:28+00:00\",\"dateModified\":\"2023-07-12T15:50:56+00:00\",\"mainEntityOfPage\":{\"@id\":\"https:\\\/\\\/news.save.ch\\\/neun-ziele-fuer-die-schweizer-sicherheitspolitik\\\/\"},\"wordCount\":681,\"publisher\":{\"@id\":\"https:\\\/\\\/news.save.ch\\\/de\\\/#organization\"},\"image\":{\"@id\":\"https:\\\/\\\/news.save.ch\\\/neun-ziele-fuer-die-schweizer-sicherheitspolitik\\\/#primaryimage\"},\"thumbnailUrl\":\"https:\\\/\\\/news.save.ch\\\/wp-content\\\/uploads\\\/2021\\\/11\\\/Depositphotos_116305310_S.jpg\",\"keywords\":[\"Cyberschutz\",\"Desinformation\",\"Resilienz\",\"Schweiz\",\"Sicherheit\",\"Sicherheit Schweiz\",\"Sicherheitspolitik\",\"VBS\",\"Versorgungssicherheit\"],\"articleSection\":[\"ALLGEMEIN\"],\"inLanguage\":\"de\"},{\"@type\":\"WebPage\",\"@id\":\"https:\\\/\\\/news.save.ch\\\/neun-ziele-fuer-die-schweizer-sicherheitspolitik\\\/\",\"url\":\"https:\\\/\\\/news.save.ch\\\/neun-ziele-fuer-die-schweizer-sicherheitspolitik\\\/\",\"name\":\"Neun Ziele f\u00fcr die Schweizer Sicherheitspolitik - Save\",\"isPartOf\":{\"@id\":\"https:\\\/\\\/news.save.ch\\\/de\\\/#website\"},\"primaryImageOfPage\":{\"@id\":\"https:\\\/\\\/news.save.ch\\\/neun-ziele-fuer-die-schweizer-sicherheitspolitik\\\/#primaryimage\"},\"image\":{\"@id\":\"https:\\\/\\\/news.save.ch\\\/neun-ziele-fuer-die-schweizer-sicherheitspolitik\\\/#primaryimage\"},\"thumbnailUrl\":\"https:\\\/\\\/news.save.ch\\\/wp-content\\\/uploads\\\/2021\\\/11\\\/Depositphotos_116305310_S.jpg\",\"datePublished\":\"2021-11-26T09:01:28+00:00\",\"dateModified\":\"2023-07-12T15:50:56+00:00\",\"description\":\"Der neue sicherheitspolitische Lagebericht der Schweiz ist erschienen. Der Bericht, den der Bundesrat am 24. November 2021 verabschiedet hat, definiert neun sicherheitspolitische Ziele f\u00fcr die n\u00e4chsten Jahre, darunter ein verst\u00e4rkter Cyberschutz, aber auch die St\u00e4rkung von Resilienz, der Versorgungssicherheit und ein Fokus auf die internationale Zusammenarbeit.\",\"breadcrumb\":{\"@id\":\"https:\\\/\\\/news.save.ch\\\/neun-ziele-fuer-die-schweizer-sicherheitspolitik\\\/#breadcrumb\"},\"inLanguage\":\"de\",\"potentialAction\":[{\"@type\":\"ReadAction\",\"target\":[\"https:\\\/\\\/news.save.ch\\\/neun-ziele-fuer-die-schweizer-sicherheitspolitik\\\/\"]}]},{\"@type\":\"ImageObject\",\"inLanguage\":\"de\",\"@id\":\"https:\\\/\\\/news.save.ch\\\/neun-ziele-fuer-die-schweizer-sicherheitspolitik\\\/#primaryimage\",\"url\":\"https:\\\/\\\/news.save.ch\\\/wp-content\\\/uploads\\\/2021\\\/11\\\/Depositphotos_116305310_S.jpg\",\"contentUrl\":\"https:\\\/\\\/news.save.ch\\\/wp-content\\\/uploads\\\/2021\\\/11\\\/Depositphotos_116305310_S.jpg\",\"width\":1000,\"height\":582,\"caption\":\"\u00a9depositphotos\"},{\"@type\":\"BreadcrumbList\",\"@id\":\"https:\\\/\\\/news.save.ch\\\/neun-ziele-fuer-die-schweizer-sicherheitspolitik\\\/#breadcrumb\",\"itemListElement\":[{\"@type\":\"ListItem\",\"position\":1,\"name\":\"Home\",\"item\":\"https:\\\/\\\/news.save.ch\\\/de\\\/\"},{\"@type\":\"ListItem\",\"position\":2,\"name\":\"Neun Ziele f\u00fcr die Schweizer Sicherheitspolitik\"}]},{\"@type\":\"WebSite\",\"@id\":\"https:\\\/\\\/news.save.ch\\\/de\\\/#website\",\"url\":\"https:\\\/\\\/news.save.ch\\\/de\\\/\",\"name\":\"Save\",\"description\":\"Schweizer Fachzeitschrift f\u00fcr Sicherheit\",\"publisher\":{\"@id\":\"https:\\\/\\\/news.save.ch\\\/de\\\/#organization\"},\"potentialAction\":[{\"@type\":\"SearchAction\",\"target\":{\"@type\":\"EntryPoint\",\"urlTemplate\":\"https:\\\/\\\/news.save.ch\\\/de\\\/?s={search_term_string}\"},\"query-input\":{\"@type\":\"PropertyValueSpecification\",\"valueRequired\":true,\"valueName\":\"search_term_string\"}}],\"inLanguage\":\"de\"},{\"@type\":\"Organization\",\"@id\":\"https:\\\/\\\/news.save.ch\\\/de\\\/#organization\",\"name\":\"Sicherheitsforum\",\"url\":\"https:\\\/\\\/news.save.ch\\\/de\\\/\",\"logo\":{\"@type\":\"ImageObject\",\"inLanguage\":\"de\",\"@id\":\"https:\\\/\\\/news.save.ch\\\/de\\\/#\\\/schema\\\/logo\\\/image\\\/\",\"url\":\"https:\\\/\\\/news.save.ch\\\/wp-content\\\/uploads\\\/2022\\\/06\\\/Logo_SF_2012.png\",\"contentUrl\":\"https:\\\/\\\/news.save.ch\\\/wp-content\\\/uploads\\\/2022\\\/06\\\/Logo_SF_2012.png\",\"width\":1100,\"height\":91,\"caption\":\"Sicherheitsforum\"},\"image\":{\"@id\":\"https:\\\/\\\/news.save.ch\\\/de\\\/#\\\/schema\\\/logo\\\/image\\\/\"}},{\"@type\":\"Person\",\"@id\":\"https:\\\/\\\/news.save.ch\\\/de\\\/#\\\/schema\\\/person\\\/ad4ef21102fd6125312409ac57d5296d\",\"name\":\"Simon Gr\u00f6flin\",\"image\":{\"@type\":\"ImageObject\",\"inLanguage\":\"de\",\"@id\":\"https:\\\/\\\/secure.gravatar.com\\\/avatar\\\/6ddceb80eb734354635539e0ea5140bb7c41e42de7c45c9a2ab9921b5d5c9a83?s=96&d=mm&r=g\",\"url\":\"https:\\\/\\\/secure.gravatar.com\\\/avatar\\\/6ddceb80eb734354635539e0ea5140bb7c41e42de7c45c9a2ab9921b5d5c9a83?s=96&d=mm&r=g\",\"contentUrl\":\"https:\\\/\\\/secure.gravatar.com\\\/avatar\\\/6ddceb80eb734354635539e0ea5140bb7c41e42de7c45c9a2ab9921b5d5c9a83?s=96&d=mm&r=g\",\"caption\":\"Simon Gr\u00f6flin\"},\"url\":\"https:\\\/\\\/news.save.ch\\\/de\\\/author\\\/simon-groeflin\\\/\"}]}<\/script>\n<!-- \/ Yoast SEO plugin. -->","yoast_head_json":{"title":"Neun Ziele f\u00fcr die Schweizer Sicherheitspolitik - Save","description":"Der neue sicherheitspolitische Lagebericht der Schweiz ist erschienen. Der Bericht, den der Bundesrat am 24. November 2021 verabschiedet hat, definiert neun sicherheitspolitische Ziele f\u00fcr die n\u00e4chsten Jahre, darunter ein verst\u00e4rkter Cyberschutz, aber auch die St\u00e4rkung von Resilienz, der Versorgungssicherheit und ein Fokus auf die internationale Zusammenarbeit.","robots":{"index":"index","follow":"follow","max-snippet":"max-snippet:-1","max-image-preview":"max-image-preview:large","max-video-preview":"max-video-preview:-1"},"canonical":"https:\/\/news.save.ch\/de\/neun-ziele-fuer-die-schweizer-sicherheitspolitik\/","og_locale":"de_DE","og_type":"article","og_title":"Neun Ziele f\u00fcr die Schweizer Sicherheitspolitik - Save","og_description":"Der neue sicherheitspolitische Lagebericht der Schweiz ist erschienen. Der Bericht, den der Bundesrat am 24. November 2021 verabschiedet hat, definiert neun sicherheitspolitische Ziele f\u00fcr die n\u00e4chsten Jahre, darunter ein verst\u00e4rkter Cyberschutz, aber auch die St\u00e4rkung von Resilienz, der Versorgungssicherheit und ein Fokus auf die internationale Zusammenarbeit.","og_url":"https:\/\/news.save.ch\/de\/neun-ziele-fuer-die-schweizer-sicherheitspolitik\/","og_site_name":"Save","article_published_time":"2021-11-26T09:01:28+00:00","article_modified_time":"2023-07-12T15:50:56+00:00","og_image":[{"width":1000,"height":582,"url":"https:\/\/news.save.ch\/wp-content\/uploads\/2021\/11\/Depositphotos_116305310_S.jpg","type":"image\/jpeg"}],"author":"Simon Gr\u00f6flin","twitter_card":"summary_large_image","twitter_misc":{"Geschrieben von":"Simon Gr\u00f6flin","Gesch\u00e4tzte Lesezeit":"4\u00a0Minuten"},"schema":{"@context":"https:\/\/schema.org","@graph":[{"@type":"Article","@id":"https:\/\/news.save.ch\/neun-ziele-fuer-die-schweizer-sicherheitspolitik\/#article","isPartOf":{"@id":"https:\/\/news.save.ch\/neun-ziele-fuer-die-schweizer-sicherheitspolitik\/"},"author":{"name":"Simon Gr\u00f6flin","@id":"https:\/\/news.save.ch\/de\/#\/schema\/person\/ad4ef21102fd6125312409ac57d5296d"},"headline":"Neun Ziele f\u00fcr die Schweizer Sicherheitspolitik","datePublished":"2021-11-26T09:01:28+00:00","dateModified":"2023-07-12T15:50:56+00:00","mainEntityOfPage":{"@id":"https:\/\/news.save.ch\/neun-ziele-fuer-die-schweizer-sicherheitspolitik\/"},"wordCount":681,"publisher":{"@id":"https:\/\/news.save.ch\/de\/#organization"},"image":{"@id":"https:\/\/news.save.ch\/neun-ziele-fuer-die-schweizer-sicherheitspolitik\/#primaryimage"},"thumbnailUrl":"https:\/\/news.save.ch\/wp-content\/uploads\/2021\/11\/Depositphotos_116305310_S.jpg","keywords":["Cyberschutz","Desinformation","Resilienz","Schweiz","Sicherheit","Sicherheit Schweiz","Sicherheitspolitik","VBS","Versorgungssicherheit"],"articleSection":["ALLGEMEIN"],"inLanguage":"de"},{"@type":"WebPage","@id":"https:\/\/news.save.ch\/neun-ziele-fuer-die-schweizer-sicherheitspolitik\/","url":"https:\/\/news.save.ch\/neun-ziele-fuer-die-schweizer-sicherheitspolitik\/","name":"Neun Ziele f\u00fcr die Schweizer Sicherheitspolitik - Save","isPartOf":{"@id":"https:\/\/news.save.ch\/de\/#website"},"primaryImageOfPage":{"@id":"https:\/\/news.save.ch\/neun-ziele-fuer-die-schweizer-sicherheitspolitik\/#primaryimage"},"image":{"@id":"https:\/\/news.save.ch\/neun-ziele-fuer-die-schweizer-sicherheitspolitik\/#primaryimage"},"thumbnailUrl":"https:\/\/news.save.ch\/wp-content\/uploads\/2021\/11\/Depositphotos_116305310_S.jpg","datePublished":"2021-11-26T09:01:28+00:00","dateModified":"2023-07-12T15:50:56+00:00","description":"Der neue sicherheitspolitische Lagebericht der Schweiz ist erschienen. Der Bericht, den der Bundesrat am 24. November 2021 verabschiedet hat, definiert neun sicherheitspolitische Ziele f\u00fcr die n\u00e4chsten Jahre, darunter ein verst\u00e4rkter Cyberschutz, aber auch die St\u00e4rkung von Resilienz, der Versorgungssicherheit und ein Fokus auf die internationale Zusammenarbeit.","breadcrumb":{"@id":"https:\/\/news.save.ch\/neun-ziele-fuer-die-schweizer-sicherheitspolitik\/#breadcrumb"},"inLanguage":"de","potentialAction":[{"@type":"ReadAction","target":["https:\/\/news.save.ch\/neun-ziele-fuer-die-schweizer-sicherheitspolitik\/"]}]},{"@type":"ImageObject","inLanguage":"de","@id":"https:\/\/news.save.ch\/neun-ziele-fuer-die-schweizer-sicherheitspolitik\/#primaryimage","url":"https:\/\/news.save.ch\/wp-content\/uploads\/2021\/11\/Depositphotos_116305310_S.jpg","contentUrl":"https:\/\/news.save.ch\/wp-content\/uploads\/2021\/11\/Depositphotos_116305310_S.jpg","width":1000,"height":582,"caption":"\u00a9depositphotos"},{"@type":"BreadcrumbList","@id":"https:\/\/news.save.ch\/neun-ziele-fuer-die-schweizer-sicherheitspolitik\/#breadcrumb","itemListElement":[{"@type":"ListItem","position":1,"name":"Home","item":"https:\/\/news.save.ch\/de\/"},{"@type":"ListItem","position":2,"name":"Neun Ziele f\u00fcr die Schweizer Sicherheitspolitik"}]},{"@type":"WebSite","@id":"https:\/\/news.save.ch\/de\/#website","url":"https:\/\/news.save.ch\/de\/","name":"Save","description":"Schweizer Fachzeitschrift f\u00fcr Sicherheit","publisher":{"@id":"https:\/\/news.save.ch\/de\/#organization"},"potentialAction":[{"@type":"SearchAction","target":{"@type":"EntryPoint","urlTemplate":"https:\/\/news.save.ch\/de\/?s={search_term_string}"},"query-input":{"@type":"PropertyValueSpecification","valueRequired":true,"valueName":"search_term_string"}}],"inLanguage":"de"},{"@type":"Organization","@id":"https:\/\/news.save.ch\/de\/#organization","name":"Sicherheitsforum","url":"https:\/\/news.save.ch\/de\/","logo":{"@type":"ImageObject","inLanguage":"de","@id":"https:\/\/news.save.ch\/de\/#\/schema\/logo\/image\/","url":"https:\/\/news.save.ch\/wp-content\/uploads\/2022\/06\/Logo_SF_2012.png","contentUrl":"https:\/\/news.save.ch\/wp-content\/uploads\/2022\/06\/Logo_SF_2012.png","width":1100,"height":91,"caption":"Sicherheitsforum"},"image":{"@id":"https:\/\/news.save.ch\/de\/#\/schema\/logo\/image\/"}},{"@type":"Person","@id":"https:\/\/news.save.ch\/de\/#\/schema\/person\/ad4ef21102fd6125312409ac57d5296d","name":"Simon Gr\u00f6flin","image":{"@type":"ImageObject","inLanguage":"de","@id":"https:\/\/secure.gravatar.com\/avatar\/6ddceb80eb734354635539e0ea5140bb7c41e42de7c45c9a2ab9921b5d5c9a83?s=96&d=mm&r=g","url":"https:\/\/secure.gravatar.com\/avatar\/6ddceb80eb734354635539e0ea5140bb7c41e42de7c45c9a2ab9921b5d5c9a83?s=96&d=mm&r=g","contentUrl":"https:\/\/secure.gravatar.com\/avatar\/6ddceb80eb734354635539e0ea5140bb7c41e42de7c45c9a2ab9921b5d5c9a83?s=96&d=mm&r=g","caption":"Simon Gr\u00f6flin"},"url":"https:\/\/news.save.ch\/de\/author\/simon-groeflin\/"}]}},"_links":{"self":[{"href":"https:\/\/news.save.ch\/de\/wp-json\/wp\/v2\/posts\/13083","targetHints":{"allow":["GET"]}}],"collection":[{"href":"https:\/\/news.save.ch\/de\/wp-json\/wp\/v2\/posts"}],"about":[{"href":"https:\/\/news.save.ch\/de\/wp-json\/wp\/v2\/types\/post"}],"author":[{"embeddable":true,"href":"https:\/\/news.save.ch\/de\/wp-json\/wp\/v2\/users\/9"}],"replies":[{"embeddable":true,"href":"https:\/\/news.save.ch\/de\/wp-json\/wp\/v2\/comments?post=13083"}],"version-history":[{"count":1,"href":"https:\/\/news.save.ch\/de\/wp-json\/wp\/v2\/posts\/13083\/revisions"}],"predecessor-version":[{"id":20739,"href":"https:\/\/news.save.ch\/de\/wp-json\/wp\/v2\/posts\/13083\/revisions\/20739"}],"wp:featuredmedia":[{"embeddable":true,"href":"https:\/\/news.save.ch\/de\/wp-json\/wp\/v2\/media\/13088"}],"wp:attachment":[{"href":"https:\/\/news.save.ch\/de\/wp-json\/wp\/v2\/media?parent=13083"}],"wp:term":[{"taxonomy":"category","embeddable":true,"href":"https:\/\/news.save.ch\/de\/wp-json\/wp\/v2\/categories?post=13083"},{"taxonomy":"post_tag","embeddable":true,"href":"https:\/\/news.save.ch\/de\/wp-json\/wp\/v2\/tags?post=13083"}],"curies":[{"name":"wp","href":"https:\/\/api.w.org\/{rel}","templated":true}]}}