{"id":1310,"date":"2016-11-25T11:28:54","date_gmt":"2016-11-25T10:28:54","guid":{"rendered":"http:\/\/dev.safety-plus.ch\/?p=1310"},"modified":"2023-03-14T09:04:25","modified_gmt":"2023-03-14T08:04:25","slug":"schweiz-verstaerkt-massnahmen-gegen-nichtuebertragbare-krankheiten","status":null,"type":"post","link":"https:\/\/news.save.ch\/de\/schweiz-verstaerkt-massnahmen-gegen-nichtuebertragbare-krankheiten\/","title":{"rendered":"Schweiz verst\u00e4rkt Massnahmen gegen nicht\u00fcbertragbare Krankheiten"},"content":{"rendered":"<figure id=\"attachment_1311\" aria-describedby=\"caption-attachment-1311\" style=\"width: 680px\" class=\"wp-caption alignnone\"><img loading=\"lazy\" decoding=\"async\" class=\"wp-image-1311 size-medium\" src=\"http:\/\/develop.safety-plus.ch\/wp-content\/uploads\/2016\/12\/Schweiz-verstaerkt-Massnahmen-gegen-nichtuebertragbare-Krankheiten_safety-plus.jpg\" width=\"680\" height=\"454\" srcset=\"https:\/\/news.save.ch\/wp-content\/uploads\/2016\/12\/Schweiz-verstaerkt-Massnahmen-gegen-nichtuebertragbare-Krankheiten_safety-plus.jpg 1000w, https:\/\/news.save.ch\/wp-content\/uploads\/2016\/12\/Schweiz-verstaerkt-Massnahmen-gegen-nichtuebertragbare-Krankheiten_safety-plus-680x454.jpg 680w, https:\/\/news.save.ch\/wp-content\/uploads\/2016\/12\/Schweiz-verstaerkt-Massnahmen-gegen-nichtuebertragbare-Krankheiten_safety-plus-768x512.jpg 768w, https:\/\/news.save.ch\/wp-content\/uploads\/2016\/12\/Schweiz-verstaerkt-Massnahmen-gegen-nichtuebertragbare-Krankheiten_safety-plus-18x12.jpg 18w, https:\/\/news.save.ch\/wp-content\/uploads\/2016\/12\/Schweiz-verstaerkt-Massnahmen-gegen-nichtuebertragbare-Krankheiten_safety-plus-375x250.jpg 375w, https:\/\/news.save.ch\/wp-content\/uploads\/2016\/12\/Schweiz-verstaerkt-Massnahmen-gegen-nichtuebertragbare-Krankheiten_safety-plus-525x350.jpg 525w\" sizes=\"auto, (max-width: 680px) 100vw, 680px\" \/><figcaption id=\"caption-attachment-1311\" class=\"wp-caption-text\">\u00c4rzte sollen ihre Patienten vermehrt \u00fcber gesunde Lebensweisen aufkl\u00e4ren<\/figcaption><\/figure>\n<p>Bund, Kantone, Gesundheitsf\u00f6rderung Schweiz und der Privatsektor gehen gemeinsam gegen die nicht\u00fcbertragbaren Krankheiten wie Krebs, Herz-Kreislauf-, Atemwegs- und Muskel-Skelett-Erkrankungen oder Diabetes vor. Der Massnahmenplan umfasst 14 Massnahmen, die in drei grosse Handlungsfelder unterteilt werden: Pr\u00e4vention und Gesundheitsf\u00f6rderung in der allgemeinen Bev\u00f6lkerung, Pr\u00e4vention in der Gesundheitsversorgung sowie Pr\u00e4vention in der Wirtschafts- und Arbeitswelt.<\/p>\n<p>Ein innovativer Ansatz soll beispielsweise die Pr\u00e4vention besser in die Gesundheitsversorgung einbinden. Die Gesundheitsfachleute und insbesondere die Haus\u00e4rztinnen und -\u00e4rzte sollen eine Schl\u00fcsselrolle spielen, indem sie die Patientinnen und Patienten bei ihren Entscheidungen systematisch unterst\u00fctzen und sie bei jedem Behandlungsschritt \u00fcber die M\u00f6glichkeiten f\u00fcr eine gesunde Lebensweise informieren.<\/p>\n<p><strong>Anstrengungen zu Gunsten von \u00e4lteren Menschen<\/strong><br \/>\nDa \u00e4ltere Menschen anf\u00e4lliger f\u00fcr nicht\u00fcbertragbare Krankheiten sind, m\u00fcssen zu ihrem Schutz besondere Anstrengungen unternommen werden. Kantonale Pr\u00e4ventionsprogramme sollen gest\u00e4rkt werden und sollen insbesondere bei dieser Zielgruppe Schwerpunkte setzen, zum Beispiel bei der Mangelern\u00e4hrung. Die Programme sollen \u00e4lteren Menschen auch helfen, m\u00f6glichst lange eine optimale Lebensqualit\u00e4t zu wahren.<\/p>\n<p>Die Zusammenarbeit mit dem Privatsektor wird ebenfalls verst\u00e4rkt, denn die Wirtschaft soll zu einem tragenden Pfeiler der Pr\u00e4vention werden. Das Ziel ist der Aufbau von Partnerschaften mit Unternehmen, um die Gesundheit von Arbeitnehmenden sowie Konsumentinnen und Konsumenten zu verbessern. Mit der Initiative actionsant\u00e9 haben sich beispielsweise Unternehmen der Lebensmittelbranche dazu verpflichtet, den Zuckergehalt bestimmter Produkte zu reduzieren.<\/p>\n<p>Die nicht\u00fcbertragbaren Krankheiten betreffen in der Schweiz einen Viertel der Bev\u00f6lkerung und verursachen 80 Prozent der Kosten im Gesundheitswesen. Dieses Leid und seine wirtschaftlichen Auswirkungen werden mit der Alterung der Bev\u00f6lkerung noch zunehmen. Es besteht somit Handlungsbedarf: In der H\u00e4lfte der F\u00e4lle k\u00f6nnte eine gesunde Lebensweise die Krankheit verhindern oder ihre Folgen mildern.<\/p>\n<p><strong>Kantonale Aktionsprogramme f\u00fcr die psychische Gesundheit<\/strong><br \/>\nAuch im Bereich der psychischen Gesundheit arbeiten der Bund, die Kantone und die Stiftung Gesundheitsf\u00f6rderung Schweiz st\u00e4rker zusammen. Im Laufe eines Jahres leidet gem\u00e4ss Sch\u00e4tzungen bis zu einem Drittel der Schweizer Bev\u00f6lkerung an einer psychischen Krankheit. Zahlreiche Kantone haben bereits Pr\u00e4ventionsprogramme gestartet. In einem Bericht zur Erf\u00fcllung eines Postulates der Kommission f\u00fcr soziale Sicherheit und Gesundheit des St\u00e4nderats (13.3370), den der Bundesrat letzte Woche verabschiedet hat, zeigt er auf, wie der Bund die Kantone bei der Umsetzung ihrer Programme unterst\u00fctzen will, um die psychische Gesundheit der Bev\u00f6lkerung zu verbessern. Die Stiftung Gesundheitsf\u00f6rderung Schweiz wird dazu ab 2017 kantonale Aktionsprogramme zur psychischen Gesundheit finanzieren.<\/p>\n<p><strong>Viele Suizide w\u00e4ren vermeidbar<\/strong><br \/>\nIn die Massnahmen des Bundes und der Kantone eingebettet ist die Suizidpr\u00e4vention. Um diese gesamtschweizerisch zu verst\u00e4rken haben Bund und Kantone aufgrund eines Vorstosses aus dem Parlament (Motion Ingold 11.3973) den Aktionsplan Suizidpr\u00e4vention verabschiedet. Ziel ist es, bis 2030 die j\u00e4hrliche Zahl der Todesf\u00e4lle um 300 F\u00e4lle zu reduzieren.<\/p>\n<p>Schliesslich haben Bund und Kantone im Rahmen des Dialogs Nationale Gesundheitspolitik beschlossen, die Nationale Demenzstrategie bis 2019 zu verl\u00e4ngern. Sie wurde 2014 gestartet und umfasst insgesamt 18 Projekte, die von verschiedenen Akteuren im Gesundheitsbereich durchgef\u00fchrt werden.<\/p>\n<p><em>Quelle: EDI<\/em><\/p>\n","protected":false},"excerpt":{"rendered":"<p>Bund, Kantone, Gesundheitsf\u00f6rderung Schweiz und der Privatsektor gehen gemeinsam gegen die nicht\u00fcbertragbaren Krankheiten wie Krebs, Herz-Kreislauf-, Atemwegs- und Muskel-Skelett-Erkrankungen oder Diabetes vor. Der Massnahmenplan umfasst 14 Massnahmen, die in drei grosse Handlungsfelder unterteilt werden: Pr\u00e4vention und Gesundheitsf\u00f6rderung in der allgemeinen Bev\u00f6lkerung, Pr\u00e4vention in der Gesundheitsversorgung sowie Pr\u00e4vention in der Wirtschafts- und Arbeitswelt. Ein innovativer Ansatz [&hellip;]<\/p>\n","protected":false},"author":1,"featured_media":1311,"comment_status":"open","ping_status":"open","sticky":false,"template":"","format":"standard","meta":{"_acf_changed":false,"pgc_sgb_lightbox_settings":"","footnotes":""},"categories":[3314],"tags":[120,149,141,2729],"class_list":["post-1310","post","type-post","status-publish","format-standard","has-post-thumbnail","hentry","category-health-safety","tag-bundesamt","tag-gesundheitsschutz","tag-praevention","tag-psychische-gesundheit"],"acf":[],"hkrextid":null,"publication":null,"issue":null,"workflow":null,"startPage":null,"spitzmarke":null,"_posts_by_tag_page_fields":{"widget_title":"","widget_tags":""},"_at_widget":"1","_yoast_wpseo_primary_category":"2","_yoast_wpseo_focuskw_text_input":"nicht\u00fcbertragbare Krankheiten","_yoast_wpseo_opengraph-image":null,"_yoast_wpseo_opengraph-description":null,"_yoast_wpseo_opengraph-title":null,"enclosure":null,"_yoast_wpseo_twitter-title":null,"_yoast_wpseo_twitter-description":null,"_yoast_wpseo_twitter-image":null,"_wp_old_slug":null,"_yoast_wpseo_title":null,"_yoast_wpseo_canonical":null,"yoast_head":"<!-- This site is optimized with the Yoast SEO plugin v27.4 - https:\/\/yoast.com\/product\/yoast-seo-wordpress\/ -->\n<title>Schweiz verst\u00e4rkt Massnahmen gegen nicht\u00fcbertragbare Krankheiten - Save<\/title>\n<meta name=\"description\" content=\"nicht\u00fcbertragbare Krankheiten: Der Bund, die Kantone und die Stiftung Gesundheitsf\u00f6rderung Schweiz verst\u00e4rken ihre Zusammenarbeit im Pr\u00e4ventionsbereich.\" \/>\n<meta name=\"robots\" content=\"index, follow, max-snippet:-1, max-image-preview:large, max-video-preview:-1\" \/>\n<link rel=\"canonical\" href=\"https:\/\/news.save.ch\/de\/schweiz-verstaerkt-massnahmen-gegen-nichtuebertragbare-krankheiten\/\" \/>\n<meta property=\"og:locale\" content=\"de_DE\" \/>\n<meta property=\"og:type\" content=\"article\" \/>\n<meta property=\"og:title\" content=\"Schweiz verst\u00e4rkt Massnahmen gegen nicht\u00fcbertragbare Krankheiten - Save\" \/>\n<meta property=\"og:description\" content=\"nicht\u00fcbertragbare Krankheiten: Der Bund, die Kantone und die Stiftung Gesundheitsf\u00f6rderung Schweiz verst\u00e4rken ihre Zusammenarbeit im Pr\u00e4ventionsbereich.\" \/>\n<meta property=\"og:url\" content=\"https:\/\/news.save.ch\/de\/schweiz-verstaerkt-massnahmen-gegen-nichtuebertragbare-krankheiten\/\" \/>\n<meta property=\"og:site_name\" content=\"Save\" \/>\n<meta property=\"article:published_time\" content=\"2016-11-25T10:28:54+00:00\" \/>\n<meta property=\"article:modified_time\" content=\"2023-03-14T08:04:25+00:00\" \/>\n<meta property=\"og:image\" content=\"https:\/\/news.save.ch\/wp-content\/uploads\/2016\/12\/Schweiz-verstaerkt-Massnahmen-gegen-nichtuebertragbare-Krankheiten_safety-plus.jpg\" \/>\n\t<meta property=\"og:image:width\" content=\"1000\" \/>\n\t<meta property=\"og:image:height\" content=\"667\" \/>\n\t<meta property=\"og:image:type\" content=\"image\/jpeg\" \/>\n<meta name=\"author\" content=\"admin\" \/>\n<meta name=\"twitter:card\" content=\"summary_large_image\" \/>\n<meta name=\"twitter:label1\" content=\"Geschrieben von\" \/>\n\t<meta name=\"twitter:data1\" content=\"admin\" \/>\n\t<meta name=\"twitter:label2\" content=\"Gesch\u00e4tzte Lesezeit\" \/>\n\t<meta name=\"twitter:data2\" content=\"3\u00a0Minuten\" \/>\n<script type=\"application\/ld+json\" class=\"yoast-schema-graph\">{\"@context\":\"https:\\\/\\\/schema.org\",\"@graph\":[{\"@type\":\"Article\",\"@id\":\"https:\\\/\\\/news.save.ch\\\/schweiz-verstaerkt-massnahmen-gegen-nichtuebertragbare-krankheiten\\\/#article\",\"isPartOf\":{\"@id\":\"https:\\\/\\\/news.save.ch\\\/schweiz-verstaerkt-massnahmen-gegen-nichtuebertragbare-krankheiten\\\/\"},\"author\":{\"name\":\"admin\",\"@id\":\"https:\\\/\\\/news.save.ch\\\/de\\\/#\\\/schema\\\/person\\\/d49e199490bad7c70d64b9ab51142f2b\"},\"headline\":\"Schweiz verst\u00e4rkt Massnahmen gegen nicht\u00fcbertragbare Krankheiten\",\"datePublished\":\"2016-11-25T10:28:54+00:00\",\"dateModified\":\"2023-03-14T08:04:25+00:00\",\"mainEntityOfPage\":{\"@id\":\"https:\\\/\\\/news.save.ch\\\/schweiz-verstaerkt-massnahmen-gegen-nichtuebertragbare-krankheiten\\\/\"},\"wordCount\":532,\"commentCount\":0,\"publisher\":{\"@id\":\"https:\\\/\\\/news.save.ch\\\/de\\\/#organization\"},\"image\":{\"@id\":\"https:\\\/\\\/news.save.ch\\\/schweiz-verstaerkt-massnahmen-gegen-nichtuebertragbare-krankheiten\\\/#primaryimage\"},\"thumbnailUrl\":\"https:\\\/\\\/news.save.ch\\\/wp-content\\\/uploads\\\/2016\\\/12\\\/Schweiz-verstaerkt-Massnahmen-gegen-nichtuebertragbare-Krankheiten_safety-plus.jpg\",\"keywords\":[\"Bundesamt\",\"Gesundheitsschutz\",\"Pr\u00e4vention\",\"Psychische Gesundheit\"],\"articleSection\":[\"HEALTH &amp; SAFETY\"],\"inLanguage\":\"de\"},{\"@type\":\"WebPage\",\"@id\":\"https:\\\/\\\/news.save.ch\\\/schweiz-verstaerkt-massnahmen-gegen-nichtuebertragbare-krankheiten\\\/\",\"url\":\"https:\\\/\\\/news.save.ch\\\/schweiz-verstaerkt-massnahmen-gegen-nichtuebertragbare-krankheiten\\\/\",\"name\":\"Schweiz verst\u00e4rkt Massnahmen gegen nicht\u00fcbertragbare Krankheiten - Save\",\"isPartOf\":{\"@id\":\"https:\\\/\\\/news.save.ch\\\/de\\\/#website\"},\"primaryImageOfPage\":{\"@id\":\"https:\\\/\\\/news.save.ch\\\/schweiz-verstaerkt-massnahmen-gegen-nichtuebertragbare-krankheiten\\\/#primaryimage\"},\"image\":{\"@id\":\"https:\\\/\\\/news.save.ch\\\/schweiz-verstaerkt-massnahmen-gegen-nichtuebertragbare-krankheiten\\\/#primaryimage\"},\"thumbnailUrl\":\"https:\\\/\\\/news.save.ch\\\/wp-content\\\/uploads\\\/2016\\\/12\\\/Schweiz-verstaerkt-Massnahmen-gegen-nichtuebertragbare-Krankheiten_safety-plus.jpg\",\"datePublished\":\"2016-11-25T10:28:54+00:00\",\"dateModified\":\"2023-03-14T08:04:25+00:00\",\"description\":\"nicht\u00fcbertragbare Krankheiten: Der Bund, die Kantone und die Stiftung Gesundheitsf\u00f6rderung Schweiz verst\u00e4rken ihre Zusammenarbeit im Pr\u00e4ventionsbereich.\",\"breadcrumb\":{\"@id\":\"https:\\\/\\\/news.save.ch\\\/schweiz-verstaerkt-massnahmen-gegen-nichtuebertragbare-krankheiten\\\/#breadcrumb\"},\"inLanguage\":\"de\",\"potentialAction\":[{\"@type\":\"ReadAction\",\"target\":[\"https:\\\/\\\/news.save.ch\\\/schweiz-verstaerkt-massnahmen-gegen-nichtuebertragbare-krankheiten\\\/\"]}]},{\"@type\":\"ImageObject\",\"inLanguage\":\"de\",\"@id\":\"https:\\\/\\\/news.save.ch\\\/schweiz-verstaerkt-massnahmen-gegen-nichtuebertragbare-krankheiten\\\/#primaryimage\",\"url\":\"https:\\\/\\\/news.save.ch\\\/wp-content\\\/uploads\\\/2016\\\/12\\\/Schweiz-verstaerkt-Massnahmen-gegen-nichtuebertragbare-Krankheiten_safety-plus.jpg\",\"contentUrl\":\"https:\\\/\\\/news.save.ch\\\/wp-content\\\/uploads\\\/2016\\\/12\\\/Schweiz-verstaerkt-Massnahmen-gegen-nichtuebertragbare-Krankheiten_safety-plus.jpg\",\"width\":1000,\"height\":667,\"caption\":\"\u00c4rzte sollen ihre Patienten vermehrt \u00fcber gesunde Lebensweisen aufkl\u00e4ren\"},{\"@type\":\"BreadcrumbList\",\"@id\":\"https:\\\/\\\/news.save.ch\\\/schweiz-verstaerkt-massnahmen-gegen-nichtuebertragbare-krankheiten\\\/#breadcrumb\",\"itemListElement\":[{\"@type\":\"ListItem\",\"position\":1,\"name\":\"Home\",\"item\":\"https:\\\/\\\/news.save.ch\\\/de\\\/\"},{\"@type\":\"ListItem\",\"position\":2,\"name\":\"Schweiz verst\u00e4rkt Massnahmen gegen nicht\u00fcbertragbare Krankheiten\"}]},{\"@type\":\"WebSite\",\"@id\":\"https:\\\/\\\/news.save.ch\\\/de\\\/#website\",\"url\":\"https:\\\/\\\/news.save.ch\\\/de\\\/\",\"name\":\"Save\",\"description\":\"Schweizer Fachzeitschrift f\u00fcr Sicherheit\",\"publisher\":{\"@id\":\"https:\\\/\\\/news.save.ch\\\/de\\\/#organization\"},\"potentialAction\":[{\"@type\":\"SearchAction\",\"target\":{\"@type\":\"EntryPoint\",\"urlTemplate\":\"https:\\\/\\\/news.save.ch\\\/de\\\/?s={search_term_string}\"},\"query-input\":{\"@type\":\"PropertyValueSpecification\",\"valueRequired\":true,\"valueName\":\"search_term_string\"}}],\"inLanguage\":\"de\"},{\"@type\":\"Organization\",\"@id\":\"https:\\\/\\\/news.save.ch\\\/de\\\/#organization\",\"name\":\"Sicherheitsforum\",\"url\":\"https:\\\/\\\/news.save.ch\\\/de\\\/\",\"logo\":{\"@type\":\"ImageObject\",\"inLanguage\":\"de\",\"@id\":\"https:\\\/\\\/news.save.ch\\\/de\\\/#\\\/schema\\\/logo\\\/image\\\/\",\"url\":\"https:\\\/\\\/news.save.ch\\\/wp-content\\\/uploads\\\/2022\\\/06\\\/Logo_SF_2012.png\",\"contentUrl\":\"https:\\\/\\\/news.save.ch\\\/wp-content\\\/uploads\\\/2022\\\/06\\\/Logo_SF_2012.png\",\"width\":1100,\"height\":91,\"caption\":\"Sicherheitsforum\"},\"image\":{\"@id\":\"https:\\\/\\\/news.save.ch\\\/de\\\/#\\\/schema\\\/logo\\\/image\\\/\"}},{\"@type\":\"Person\",\"@id\":\"https:\\\/\\\/news.save.ch\\\/de\\\/#\\\/schema\\\/person\\\/d49e199490bad7c70d64b9ab51142f2b\",\"name\":\"admin\",\"image\":{\"@type\":\"ImageObject\",\"inLanguage\":\"de\",\"@id\":\"https:\\\/\\\/secure.gravatar.com\\\/avatar\\\/ae2f4d718e6c49043e314ce431e7e645d646302a24a5ef5a8bc8e3f5a032e319?s=96&d=mm&r=g\",\"url\":\"https:\\\/\\\/secure.gravatar.com\\\/avatar\\\/ae2f4d718e6c49043e314ce431e7e645d646302a24a5ef5a8bc8e3f5a032e319?s=96&d=mm&r=g\",\"contentUrl\":\"https:\\\/\\\/secure.gravatar.com\\\/avatar\\\/ae2f4d718e6c49043e314ce431e7e645d646302a24a5ef5a8bc8e3f5a032e319?s=96&d=mm&r=g\",\"caption\":\"admin\"},\"sameAs\":[\"https:\\\/\\\/develop.organisator.galledia.ch\"],\"url\":\"https:\\\/\\\/news.save.ch\\\/de\\\/author\\\/admin\\\/\"}]}<\/script>\n<!-- \/ Yoast SEO plugin. -->","yoast_head_json":{"title":"Schweiz verst\u00e4rkt Massnahmen gegen nicht\u00fcbertragbare Krankheiten - Save","description":"nicht\u00fcbertragbare Krankheiten: Der Bund, die Kantone und die Stiftung Gesundheitsf\u00f6rderung Schweiz verst\u00e4rken ihre Zusammenarbeit im Pr\u00e4ventionsbereich.","robots":{"index":"index","follow":"follow","max-snippet":"max-snippet:-1","max-image-preview":"max-image-preview:large","max-video-preview":"max-video-preview:-1"},"canonical":"https:\/\/news.save.ch\/de\/schweiz-verstaerkt-massnahmen-gegen-nichtuebertragbare-krankheiten\/","og_locale":"de_DE","og_type":"article","og_title":"Schweiz verst\u00e4rkt Massnahmen gegen nicht\u00fcbertragbare Krankheiten - Save","og_description":"nicht\u00fcbertragbare Krankheiten: Der Bund, die Kantone und die Stiftung Gesundheitsf\u00f6rderung Schweiz verst\u00e4rken ihre Zusammenarbeit im Pr\u00e4ventionsbereich.","og_url":"https:\/\/news.save.ch\/de\/schweiz-verstaerkt-massnahmen-gegen-nichtuebertragbare-krankheiten\/","og_site_name":"Save","article_published_time":"2016-11-25T10:28:54+00:00","article_modified_time":"2023-03-14T08:04:25+00:00","og_image":[{"width":1000,"height":667,"url":"https:\/\/news.save.ch\/wp-content\/uploads\/2016\/12\/Schweiz-verstaerkt-Massnahmen-gegen-nichtuebertragbare-Krankheiten_safety-plus.jpg","type":"image\/jpeg"}],"author":"admin","twitter_card":"summary_large_image","twitter_misc":{"Geschrieben von":"admin","Gesch\u00e4tzte Lesezeit":"3\u00a0Minuten"},"schema":{"@context":"https:\/\/schema.org","@graph":[{"@type":"Article","@id":"https:\/\/news.save.ch\/schweiz-verstaerkt-massnahmen-gegen-nichtuebertragbare-krankheiten\/#article","isPartOf":{"@id":"https:\/\/news.save.ch\/schweiz-verstaerkt-massnahmen-gegen-nichtuebertragbare-krankheiten\/"},"author":{"name":"admin","@id":"https:\/\/news.save.ch\/de\/#\/schema\/person\/d49e199490bad7c70d64b9ab51142f2b"},"headline":"Schweiz verst\u00e4rkt Massnahmen gegen nicht\u00fcbertragbare Krankheiten","datePublished":"2016-11-25T10:28:54+00:00","dateModified":"2023-03-14T08:04:25+00:00","mainEntityOfPage":{"@id":"https:\/\/news.save.ch\/schweiz-verstaerkt-massnahmen-gegen-nichtuebertragbare-krankheiten\/"},"wordCount":532,"commentCount":0,"publisher":{"@id":"https:\/\/news.save.ch\/de\/#organization"},"image":{"@id":"https:\/\/news.save.ch\/schweiz-verstaerkt-massnahmen-gegen-nichtuebertragbare-krankheiten\/#primaryimage"},"thumbnailUrl":"https:\/\/news.save.ch\/wp-content\/uploads\/2016\/12\/Schweiz-verstaerkt-Massnahmen-gegen-nichtuebertragbare-Krankheiten_safety-plus.jpg","keywords":["Bundesamt","Gesundheitsschutz","Pr\u00e4vention","Psychische Gesundheit"],"articleSection":["HEALTH &amp; SAFETY"],"inLanguage":"de"},{"@type":"WebPage","@id":"https:\/\/news.save.ch\/schweiz-verstaerkt-massnahmen-gegen-nichtuebertragbare-krankheiten\/","url":"https:\/\/news.save.ch\/schweiz-verstaerkt-massnahmen-gegen-nichtuebertragbare-krankheiten\/","name":"Schweiz verst\u00e4rkt Massnahmen gegen nicht\u00fcbertragbare Krankheiten - Save","isPartOf":{"@id":"https:\/\/news.save.ch\/de\/#website"},"primaryImageOfPage":{"@id":"https:\/\/news.save.ch\/schweiz-verstaerkt-massnahmen-gegen-nichtuebertragbare-krankheiten\/#primaryimage"},"image":{"@id":"https:\/\/news.save.ch\/schweiz-verstaerkt-massnahmen-gegen-nichtuebertragbare-krankheiten\/#primaryimage"},"thumbnailUrl":"https:\/\/news.save.ch\/wp-content\/uploads\/2016\/12\/Schweiz-verstaerkt-Massnahmen-gegen-nichtuebertragbare-Krankheiten_safety-plus.jpg","datePublished":"2016-11-25T10:28:54+00:00","dateModified":"2023-03-14T08:04:25+00:00","description":"nicht\u00fcbertragbare Krankheiten: Der Bund, die Kantone und die Stiftung Gesundheitsf\u00f6rderung Schweiz verst\u00e4rken ihre Zusammenarbeit im Pr\u00e4ventionsbereich.","breadcrumb":{"@id":"https:\/\/news.save.ch\/schweiz-verstaerkt-massnahmen-gegen-nichtuebertragbare-krankheiten\/#breadcrumb"},"inLanguage":"de","potentialAction":[{"@type":"ReadAction","target":["https:\/\/news.save.ch\/schweiz-verstaerkt-massnahmen-gegen-nichtuebertragbare-krankheiten\/"]}]},{"@type":"ImageObject","inLanguage":"de","@id":"https:\/\/news.save.ch\/schweiz-verstaerkt-massnahmen-gegen-nichtuebertragbare-krankheiten\/#primaryimage","url":"https:\/\/news.save.ch\/wp-content\/uploads\/2016\/12\/Schweiz-verstaerkt-Massnahmen-gegen-nichtuebertragbare-Krankheiten_safety-plus.jpg","contentUrl":"https:\/\/news.save.ch\/wp-content\/uploads\/2016\/12\/Schweiz-verstaerkt-Massnahmen-gegen-nichtuebertragbare-Krankheiten_safety-plus.jpg","width":1000,"height":667,"caption":"\u00c4rzte sollen ihre Patienten vermehrt \u00fcber gesunde Lebensweisen aufkl\u00e4ren"},{"@type":"BreadcrumbList","@id":"https:\/\/news.save.ch\/schweiz-verstaerkt-massnahmen-gegen-nichtuebertragbare-krankheiten\/#breadcrumb","itemListElement":[{"@type":"ListItem","position":1,"name":"Home","item":"https:\/\/news.save.ch\/de\/"},{"@type":"ListItem","position":2,"name":"Schweiz verst\u00e4rkt Massnahmen gegen nicht\u00fcbertragbare Krankheiten"}]},{"@type":"WebSite","@id":"https:\/\/news.save.ch\/de\/#website","url":"https:\/\/news.save.ch\/de\/","name":"Save","description":"Schweizer Fachzeitschrift f\u00fcr Sicherheit","publisher":{"@id":"https:\/\/news.save.ch\/de\/#organization"},"potentialAction":[{"@type":"SearchAction","target":{"@type":"EntryPoint","urlTemplate":"https:\/\/news.save.ch\/de\/?s={search_term_string}"},"query-input":{"@type":"PropertyValueSpecification","valueRequired":true,"valueName":"search_term_string"}}],"inLanguage":"de"},{"@type":"Organization","@id":"https:\/\/news.save.ch\/de\/#organization","name":"Sicherheitsforum","url":"https:\/\/news.save.ch\/de\/","logo":{"@type":"ImageObject","inLanguage":"de","@id":"https:\/\/news.save.ch\/de\/#\/schema\/logo\/image\/","url":"https:\/\/news.save.ch\/wp-content\/uploads\/2022\/06\/Logo_SF_2012.png","contentUrl":"https:\/\/news.save.ch\/wp-content\/uploads\/2022\/06\/Logo_SF_2012.png","width":1100,"height":91,"caption":"Sicherheitsforum"},"image":{"@id":"https:\/\/news.save.ch\/de\/#\/schema\/logo\/image\/"}},{"@type":"Person","@id":"https:\/\/news.save.ch\/de\/#\/schema\/person\/d49e199490bad7c70d64b9ab51142f2b","name":"admin","image":{"@type":"ImageObject","inLanguage":"de","@id":"https:\/\/secure.gravatar.com\/avatar\/ae2f4d718e6c49043e314ce431e7e645d646302a24a5ef5a8bc8e3f5a032e319?s=96&d=mm&r=g","url":"https:\/\/secure.gravatar.com\/avatar\/ae2f4d718e6c49043e314ce431e7e645d646302a24a5ef5a8bc8e3f5a032e319?s=96&d=mm&r=g","contentUrl":"https:\/\/secure.gravatar.com\/avatar\/ae2f4d718e6c49043e314ce431e7e645d646302a24a5ef5a8bc8e3f5a032e319?s=96&d=mm&r=g","caption":"admin"},"sameAs":["https:\/\/develop.organisator.galledia.ch"],"url":"https:\/\/news.save.ch\/de\/author\/admin\/"}]}},"_links":{"self":[{"href":"https:\/\/news.save.ch\/de\/wp-json\/wp\/v2\/posts\/1310","targetHints":{"allow":["GET"]}}],"collection":[{"href":"https:\/\/news.save.ch\/de\/wp-json\/wp\/v2\/posts"}],"about":[{"href":"https:\/\/news.save.ch\/de\/wp-json\/wp\/v2\/types\/post"}],"author":[{"embeddable":true,"href":"https:\/\/news.save.ch\/de\/wp-json\/wp\/v2\/users\/1"}],"replies":[{"embeddable":true,"href":"https:\/\/news.save.ch\/de\/wp-json\/wp\/v2\/comments?post=1310"}],"version-history":[{"count":1,"href":"https:\/\/news.save.ch\/de\/wp-json\/wp\/v2\/posts\/1310\/revisions"}],"predecessor-version":[{"id":18961,"href":"https:\/\/news.save.ch\/de\/wp-json\/wp\/v2\/posts\/1310\/revisions\/18961"}],"wp:featuredmedia":[{"embeddable":true,"href":"https:\/\/news.save.ch\/de\/wp-json\/wp\/v2\/media\/1311"}],"wp:attachment":[{"href":"https:\/\/news.save.ch\/de\/wp-json\/wp\/v2\/media?parent=1310"}],"wp:term":[{"taxonomy":"category","embeddable":true,"href":"https:\/\/news.save.ch\/de\/wp-json\/wp\/v2\/categories?post=1310"},{"taxonomy":"post_tag","embeddable":true,"href":"https:\/\/news.save.ch\/de\/wp-json\/wp\/v2\/tags?post=1310"}],"curies":[{"name":"wp","href":"https:\/\/api.w.org\/{rel}","templated":true}]}}