{"id":13114,"date":"2021-11-29T09:29:30","date_gmt":"2021-11-29T08:29:30","guid":{"rendered":"https:\/\/news.save.ch\/?p=13114"},"modified":"2023-07-12T17:52:54","modified_gmt":"2023-07-12T15:52:54","slug":"cyberbataillon-ist-beschlossene-sache","status":null,"type":"post","link":"https:\/\/news.save.ch\/de\/cyberbataillon-ist-beschlossene-sache\/","title":{"rendered":"Cyberbataillon ist beschlossene Sache"},"content":{"rendered":"<figure id=\"attachment_13117\" aria-describedby=\"caption-attachment-13117\" style=\"width: 1000px\" class=\"wp-caption alignnone\"><img loading=\"lazy\" decoding=\"async\" class=\"wp-image-13117 size-full\" src=\"https:\/\/news.save.ch\/wp-content\/uploads\/2021\/11\/Cyber_Armee_teaser.jpg\" alt=\"Cyberabwehr\" width=\"1000\" height=\"563\" srcset=\"https:\/\/news.save.ch\/wp-content\/uploads\/2021\/11\/Cyber_Armee_teaser.jpg 1000w, https:\/\/news.save.ch\/wp-content\/uploads\/2021\/11\/Cyber_Armee_teaser-375x211.jpg 375w\" sizes=\"auto, (max-width: 1000px) 100vw, 1000px\" \/><figcaption id=\"caption-attachment-13117\" class=\"wp-caption-text\">\u00a9depositphotos<\/figcaption><\/figure>\n<p>Um den komplexen Herausforderungen im Bereich Cyber besser begegnen zu k\u00f6nnen, darf die Armee ab Januar 2022 ein eigenes \u00abCyberbataillon\u00bb errichten. Dieses soll k\u00fcnftig einen wichtigen Bestandteil des k\u00fcnftigen Kommandos \u00abCyber\u00bb bilden. Dies hat nun der Bundesrat in einer Sitzung vom 24. Januar 2021 beschlossen. Die entsprechende \u00c4nderung der Verordnung \u00fcber die Strukturen der Armee wird ab dem 1. Januar 2022 in Kraft treten.<\/p>\n<p>Bestehen soll das eigene Kommando aus dem Bereich Cyber aus Absolventinnen und Absolventen einer Informatiklehre oder angehenden Informatik-Studierenden. Die Auszubildenden erhalten w\u00e4hrend ihrer RS die M\u00f6glichkeit, einen 40-w\u00f6chtigen Cyber-Lehrgang zu absolvieren. Zusammen mit Cyberspezialisten der Armee werden diese Armeeangeh\u00f6rigen k\u00fcnftig diesem Cyberbataillon zugeteilt. Der Armeebestand soll sich dadurch jedoch nicht ver\u00e4ndern, wie es in einer Mitteilung des Bundes heisst.<\/p>\n<p>Die Transformation soll im Rahmen einer Projektorganisation erfolgen und schrittweise die F\u00e4higkeiten f\u00fcr die neuen Aufgaben aufbauen (<a href=\"https:\/\/news.save.ch\/kommando-cyber-der-armee-bundesrat-faellt-neue-entscheide\/\" target=\"_blank\" rel=\"noopener\">SicherheitsForum berichtete<\/a>). Als Projektleiter f\u00fcr die F\u00fchrungsbasisunterst\u00fctzung hat der Bundesrat den Division\u00e4r Alain Vuitel ernannt.<\/p>\n<p><em>Quelle: der Bundesrat\u00a0<\/em><\/p>\n<p>&nbsp;<\/p>\n","protected":false},"excerpt":{"rendered":"<p>Um den komplexen Herausforderungen im Bereich Cyber besser begegnen zu k\u00f6nnen, darf die Armee ab Januar 2022 ein eigenes \u00abCyberbataillon\u00bb errichten. Dieses soll k\u00fcnftig einen wichtigen Bestandteil des k\u00fcnftigen Kommandos \u00abCyber\u00bb bilden. Dies hat nun der Bundesrat in einer Sitzung vom 24. Januar 2021 beschlossen. Die entsprechende \u00c4nderung der Verordnung \u00fcber die Strukturen der Armee [&hellip;]<\/p>\n","protected":false},"author":9,"featured_media":13117,"comment_status":"closed","ping_status":"closed","sticky":false,"template":"","format":"standard","meta":{"_acf_changed":false,"pgc_sgb_lightbox_settings":"","footnotes":""},"categories":[1],"tags":[5079,620,1168,1330,1270,5077,5078,1079],"class_list":["post-13114","post","type-post","status-publish","format-standard","has-post-thumbnail","hentry","category-allgemein","tag-alain-vuitel","tag-armee","tag-cyber","tag-cyber-bataillon","tag-cyberabwehr","tag-informatiklehre","tag-projektorganisation","tag-schweiz"],"acf":[],"hkrextid":null,"publication":null,"issue":null,"workflow":null,"startPage":null,"spitzmarke":null,"_posts_by_tag_page_fields":{"widget_title":"","widget_tags":""},"_at_widget":"1","_yoast_wpseo_primary_category":"1","_yoast_wpseo_focuskw_text_input":null,"_yoast_wpseo_opengraph-image":null,"_yoast_wpseo_opengraph-description":null,"_yoast_wpseo_opengraph-title":null,"enclosure":null,"_yoast_wpseo_twitter-title":null,"_yoast_wpseo_twitter-description":null,"_yoast_wpseo_twitter-image":null,"_wp_old_slug":null,"_yoast_wpseo_title":null,"_yoast_wpseo_canonical":null,"yoast_head":"<!-- This site is optimized with the Yoast SEO plugin v27.4 - https:\/\/yoast.com\/product\/yoast-seo-wordpress\/ -->\n<title>Cyberbataillon ist beschlossene Sache - Save<\/title>\n<meta name=\"description\" content=\"Zur St\u00e4rkung der Cyberabwehr darf die Schweizer Armee ab dem Januar 2022 ein eigenes Bataillon bilden, das auf die Abwehr von Angriffen auf kritische Infrastrukturen ausgerichtet ist. Das hat der Bundesrat an einer Sitzung vom letzten Mittwoch beschlossen.\u00a0\" \/>\n<meta name=\"robots\" content=\"index, follow, max-snippet:-1, max-image-preview:large, max-video-preview:-1\" \/>\n<link rel=\"canonical\" href=\"https:\/\/news.save.ch\/de\/cyberbataillon-ist-beschlossene-sache\/\" \/>\n<meta property=\"og:locale\" content=\"de_DE\" \/>\n<meta property=\"og:type\" content=\"article\" \/>\n<meta property=\"og:title\" content=\"Cyberbataillon ist beschlossene Sache - Save\" \/>\n<meta property=\"og:description\" content=\"Zur St\u00e4rkung der Cyberabwehr darf die Schweizer Armee ab dem Januar 2022 ein eigenes Bataillon bilden, das auf die Abwehr von Angriffen auf kritische Infrastrukturen ausgerichtet ist. Das hat der Bundesrat an einer Sitzung vom letzten Mittwoch beschlossen.\u00a0\" \/>\n<meta property=\"og:url\" content=\"https:\/\/news.save.ch\/de\/cyberbataillon-ist-beschlossene-sache\/\" \/>\n<meta property=\"og:site_name\" content=\"Save\" \/>\n<meta property=\"article:published_time\" content=\"2021-11-29T08:29:30+00:00\" \/>\n<meta property=\"article:modified_time\" content=\"2023-07-12T15:52:54+00:00\" \/>\n<meta property=\"og:image\" content=\"https:\/\/news.save.ch\/wp-content\/uploads\/2021\/11\/Cyber_Armee_teaser.jpg\" \/>\n\t<meta property=\"og:image:width\" content=\"1000\" \/>\n\t<meta property=\"og:image:height\" content=\"563\" \/>\n\t<meta property=\"og:image:type\" content=\"image\/jpeg\" \/>\n<meta name=\"author\" content=\"Simon Gr\u00f6flin\" \/>\n<meta name=\"twitter:card\" content=\"summary_large_image\" \/>\n<meta name=\"twitter:label1\" content=\"Geschrieben von\" \/>\n\t<meta name=\"twitter:data1\" content=\"Simon Gr\u00f6flin\" \/>\n\t<meta name=\"twitter:label2\" content=\"Gesch\u00e4tzte Lesezeit\" \/>\n\t<meta name=\"twitter:data2\" content=\"2\u00a0Minuten\" \/>\n<script type=\"application\/ld+json\" class=\"yoast-schema-graph\">{\"@context\":\"https:\\\/\\\/schema.org\",\"@graph\":[{\"@type\":\"Article\",\"@id\":\"https:\\\/\\\/news.save.ch\\\/cyberbataillon-ist-beschlossene-sache\\\/#article\",\"isPartOf\":{\"@id\":\"https:\\\/\\\/news.save.ch\\\/cyberbataillon-ist-beschlossene-sache\\\/\"},\"author\":{\"name\":\"Simon Gr\u00f6flin\",\"@id\":\"https:\\\/\\\/news.save.ch\\\/de\\\/#\\\/schema\\\/person\\\/ad4ef21102fd6125312409ac57d5296d\"},\"headline\":\"Cyberbataillon ist beschlossene Sache\",\"datePublished\":\"2021-11-29T08:29:30+00:00\",\"dateModified\":\"2023-07-12T15:52:54+00:00\",\"mainEntityOfPage\":{\"@id\":\"https:\\\/\\\/news.save.ch\\\/cyberbataillon-ist-beschlossene-sache\\\/\"},\"wordCount\":181,\"publisher\":{\"@id\":\"https:\\\/\\\/news.save.ch\\\/de\\\/#organization\"},\"image\":{\"@id\":\"https:\\\/\\\/news.save.ch\\\/cyberbataillon-ist-beschlossene-sache\\\/#primaryimage\"},\"thumbnailUrl\":\"https:\\\/\\\/news.save.ch\\\/wp-content\\\/uploads\\\/2021\\\/11\\\/Cyber_Armee_teaser.jpg\",\"keywords\":[\"Alain Vuitel\",\"Armee\",\"cyber\",\"Cyber-Bataillon\",\"Cyberabwehr\",\"Informatiklehre\",\"Projektorganisation\",\"Schweiz\"],\"articleSection\":[\"ALLGEMEIN\"],\"inLanguage\":\"de\"},{\"@type\":\"WebPage\",\"@id\":\"https:\\\/\\\/news.save.ch\\\/cyberbataillon-ist-beschlossene-sache\\\/\",\"url\":\"https:\\\/\\\/news.save.ch\\\/cyberbataillon-ist-beschlossene-sache\\\/\",\"name\":\"Cyberbataillon ist beschlossene Sache - Save\",\"isPartOf\":{\"@id\":\"https:\\\/\\\/news.save.ch\\\/de\\\/#website\"},\"primaryImageOfPage\":{\"@id\":\"https:\\\/\\\/news.save.ch\\\/cyberbataillon-ist-beschlossene-sache\\\/#primaryimage\"},\"image\":{\"@id\":\"https:\\\/\\\/news.save.ch\\\/cyberbataillon-ist-beschlossene-sache\\\/#primaryimage\"},\"thumbnailUrl\":\"https:\\\/\\\/news.save.ch\\\/wp-content\\\/uploads\\\/2021\\\/11\\\/Cyber_Armee_teaser.jpg\",\"datePublished\":\"2021-11-29T08:29:30+00:00\",\"dateModified\":\"2023-07-12T15:52:54+00:00\",\"description\":\"Zur St\u00e4rkung der Cyberabwehr darf die Schweizer Armee ab dem Januar 2022 ein eigenes Bataillon bilden, das auf die Abwehr von Angriffen auf kritische Infrastrukturen ausgerichtet ist. Das hat der Bundesrat an einer Sitzung vom letzten Mittwoch beschlossen.\u00a0\",\"breadcrumb\":{\"@id\":\"https:\\\/\\\/news.save.ch\\\/cyberbataillon-ist-beschlossene-sache\\\/#breadcrumb\"},\"inLanguage\":\"de\",\"potentialAction\":[{\"@type\":\"ReadAction\",\"target\":[\"https:\\\/\\\/news.save.ch\\\/cyberbataillon-ist-beschlossene-sache\\\/\"]}]},{\"@type\":\"ImageObject\",\"inLanguage\":\"de\",\"@id\":\"https:\\\/\\\/news.save.ch\\\/cyberbataillon-ist-beschlossene-sache\\\/#primaryimage\",\"url\":\"https:\\\/\\\/news.save.ch\\\/wp-content\\\/uploads\\\/2021\\\/11\\\/Cyber_Armee_teaser.jpg\",\"contentUrl\":\"https:\\\/\\\/news.save.ch\\\/wp-content\\\/uploads\\\/2021\\\/11\\\/Cyber_Armee_teaser.jpg\",\"width\":1000,\"height\":563,\"caption\":\"Two Military Men Walking in Data Center Corridor. One Uses Tablet Computer, They Have Discussion. Rows of Working Data Servers by their Sides.\"},{\"@type\":\"BreadcrumbList\",\"@id\":\"https:\\\/\\\/news.save.ch\\\/cyberbataillon-ist-beschlossene-sache\\\/#breadcrumb\",\"itemListElement\":[{\"@type\":\"ListItem\",\"position\":1,\"name\":\"Home\",\"item\":\"https:\\\/\\\/news.save.ch\\\/de\\\/\"},{\"@type\":\"ListItem\",\"position\":2,\"name\":\"Cyberbataillon ist beschlossene Sache\"}]},{\"@type\":\"WebSite\",\"@id\":\"https:\\\/\\\/news.save.ch\\\/de\\\/#website\",\"url\":\"https:\\\/\\\/news.save.ch\\\/de\\\/\",\"name\":\"Save\",\"description\":\"Schweizer Fachzeitschrift f\u00fcr Sicherheit\",\"publisher\":{\"@id\":\"https:\\\/\\\/news.save.ch\\\/de\\\/#organization\"},\"potentialAction\":[{\"@type\":\"SearchAction\",\"target\":{\"@type\":\"EntryPoint\",\"urlTemplate\":\"https:\\\/\\\/news.save.ch\\\/de\\\/?s={search_term_string}\"},\"query-input\":{\"@type\":\"PropertyValueSpecification\",\"valueRequired\":true,\"valueName\":\"search_term_string\"}}],\"inLanguage\":\"de\"},{\"@type\":\"Organization\",\"@id\":\"https:\\\/\\\/news.save.ch\\\/de\\\/#organization\",\"name\":\"Sicherheitsforum\",\"url\":\"https:\\\/\\\/news.save.ch\\\/de\\\/\",\"logo\":{\"@type\":\"ImageObject\",\"inLanguage\":\"de\",\"@id\":\"https:\\\/\\\/news.save.ch\\\/de\\\/#\\\/schema\\\/logo\\\/image\\\/\",\"url\":\"https:\\\/\\\/news.save.ch\\\/wp-content\\\/uploads\\\/2022\\\/06\\\/Logo_SF_2012.png\",\"contentUrl\":\"https:\\\/\\\/news.save.ch\\\/wp-content\\\/uploads\\\/2022\\\/06\\\/Logo_SF_2012.png\",\"width\":1100,\"height\":91,\"caption\":\"Sicherheitsforum\"},\"image\":{\"@id\":\"https:\\\/\\\/news.save.ch\\\/de\\\/#\\\/schema\\\/logo\\\/image\\\/\"}},{\"@type\":\"Person\",\"@id\":\"https:\\\/\\\/news.save.ch\\\/de\\\/#\\\/schema\\\/person\\\/ad4ef21102fd6125312409ac57d5296d\",\"name\":\"Simon Gr\u00f6flin\",\"image\":{\"@type\":\"ImageObject\",\"inLanguage\":\"de\",\"@id\":\"https:\\\/\\\/secure.gravatar.com\\\/avatar\\\/6ddceb80eb734354635539e0ea5140bb7c41e42de7c45c9a2ab9921b5d5c9a83?s=96&d=mm&r=g\",\"url\":\"https:\\\/\\\/secure.gravatar.com\\\/avatar\\\/6ddceb80eb734354635539e0ea5140bb7c41e42de7c45c9a2ab9921b5d5c9a83?s=96&d=mm&r=g\",\"contentUrl\":\"https:\\\/\\\/secure.gravatar.com\\\/avatar\\\/6ddceb80eb734354635539e0ea5140bb7c41e42de7c45c9a2ab9921b5d5c9a83?s=96&d=mm&r=g\",\"caption\":\"Simon Gr\u00f6flin\"},\"url\":\"https:\\\/\\\/news.save.ch\\\/de\\\/author\\\/simon-groeflin\\\/\"}]}<\/script>\n<!-- \/ Yoast SEO plugin. -->","yoast_head_json":{"title":"Cyberbataillon ist beschlossene Sache - Save","description":"Zur St\u00e4rkung der Cyberabwehr darf die Schweizer Armee ab dem Januar 2022 ein eigenes Bataillon bilden, das auf die Abwehr von Angriffen auf kritische Infrastrukturen ausgerichtet ist. Das hat der Bundesrat an einer Sitzung vom letzten Mittwoch beschlossen.\u00a0","robots":{"index":"index","follow":"follow","max-snippet":"max-snippet:-1","max-image-preview":"max-image-preview:large","max-video-preview":"max-video-preview:-1"},"canonical":"https:\/\/news.save.ch\/de\/cyberbataillon-ist-beschlossene-sache\/","og_locale":"de_DE","og_type":"article","og_title":"Cyberbataillon ist beschlossene Sache - Save","og_description":"Zur St\u00e4rkung der Cyberabwehr darf die Schweizer Armee ab dem Januar 2022 ein eigenes Bataillon bilden, das auf die Abwehr von Angriffen auf kritische Infrastrukturen ausgerichtet ist. Das hat der Bundesrat an einer Sitzung vom letzten Mittwoch beschlossen.\u00a0","og_url":"https:\/\/news.save.ch\/de\/cyberbataillon-ist-beschlossene-sache\/","og_site_name":"Save","article_published_time":"2021-11-29T08:29:30+00:00","article_modified_time":"2023-07-12T15:52:54+00:00","og_image":[{"width":1000,"height":563,"url":"https:\/\/news.save.ch\/wp-content\/uploads\/2021\/11\/Cyber_Armee_teaser.jpg","type":"image\/jpeg"}],"author":"Simon Gr\u00f6flin","twitter_card":"summary_large_image","twitter_misc":{"Geschrieben von":"Simon Gr\u00f6flin","Gesch\u00e4tzte Lesezeit":"2\u00a0Minuten"},"schema":{"@context":"https:\/\/schema.org","@graph":[{"@type":"Article","@id":"https:\/\/news.save.ch\/cyberbataillon-ist-beschlossene-sache\/#article","isPartOf":{"@id":"https:\/\/news.save.ch\/cyberbataillon-ist-beschlossene-sache\/"},"author":{"name":"Simon Gr\u00f6flin","@id":"https:\/\/news.save.ch\/de\/#\/schema\/person\/ad4ef21102fd6125312409ac57d5296d"},"headline":"Cyberbataillon ist beschlossene Sache","datePublished":"2021-11-29T08:29:30+00:00","dateModified":"2023-07-12T15:52:54+00:00","mainEntityOfPage":{"@id":"https:\/\/news.save.ch\/cyberbataillon-ist-beschlossene-sache\/"},"wordCount":181,"publisher":{"@id":"https:\/\/news.save.ch\/de\/#organization"},"image":{"@id":"https:\/\/news.save.ch\/cyberbataillon-ist-beschlossene-sache\/#primaryimage"},"thumbnailUrl":"https:\/\/news.save.ch\/wp-content\/uploads\/2021\/11\/Cyber_Armee_teaser.jpg","keywords":["Alain Vuitel","Armee","cyber","Cyber-Bataillon","Cyberabwehr","Informatiklehre","Projektorganisation","Schweiz"],"articleSection":["ALLGEMEIN"],"inLanguage":"de"},{"@type":"WebPage","@id":"https:\/\/news.save.ch\/cyberbataillon-ist-beschlossene-sache\/","url":"https:\/\/news.save.ch\/cyberbataillon-ist-beschlossene-sache\/","name":"Cyberbataillon ist beschlossene Sache - Save","isPartOf":{"@id":"https:\/\/news.save.ch\/de\/#website"},"primaryImageOfPage":{"@id":"https:\/\/news.save.ch\/cyberbataillon-ist-beschlossene-sache\/#primaryimage"},"image":{"@id":"https:\/\/news.save.ch\/cyberbataillon-ist-beschlossene-sache\/#primaryimage"},"thumbnailUrl":"https:\/\/news.save.ch\/wp-content\/uploads\/2021\/11\/Cyber_Armee_teaser.jpg","datePublished":"2021-11-29T08:29:30+00:00","dateModified":"2023-07-12T15:52:54+00:00","description":"Zur St\u00e4rkung der Cyberabwehr darf die Schweizer Armee ab dem Januar 2022 ein eigenes Bataillon bilden, das auf die Abwehr von Angriffen auf kritische Infrastrukturen ausgerichtet ist. Das hat der Bundesrat an einer Sitzung vom letzten Mittwoch beschlossen.\u00a0","breadcrumb":{"@id":"https:\/\/news.save.ch\/cyberbataillon-ist-beschlossene-sache\/#breadcrumb"},"inLanguage":"de","potentialAction":[{"@type":"ReadAction","target":["https:\/\/news.save.ch\/cyberbataillon-ist-beschlossene-sache\/"]}]},{"@type":"ImageObject","inLanguage":"de","@id":"https:\/\/news.save.ch\/cyberbataillon-ist-beschlossene-sache\/#primaryimage","url":"https:\/\/news.save.ch\/wp-content\/uploads\/2021\/11\/Cyber_Armee_teaser.jpg","contentUrl":"https:\/\/news.save.ch\/wp-content\/uploads\/2021\/11\/Cyber_Armee_teaser.jpg","width":1000,"height":563,"caption":"Two Military Men Walking in Data Center Corridor. One Uses Tablet Computer, They Have Discussion. Rows of Working Data Servers by their Sides."},{"@type":"BreadcrumbList","@id":"https:\/\/news.save.ch\/cyberbataillon-ist-beschlossene-sache\/#breadcrumb","itemListElement":[{"@type":"ListItem","position":1,"name":"Home","item":"https:\/\/news.save.ch\/de\/"},{"@type":"ListItem","position":2,"name":"Cyberbataillon ist beschlossene Sache"}]},{"@type":"WebSite","@id":"https:\/\/news.save.ch\/de\/#website","url":"https:\/\/news.save.ch\/de\/","name":"Save","description":"Schweizer Fachzeitschrift f\u00fcr Sicherheit","publisher":{"@id":"https:\/\/news.save.ch\/de\/#organization"},"potentialAction":[{"@type":"SearchAction","target":{"@type":"EntryPoint","urlTemplate":"https:\/\/news.save.ch\/de\/?s={search_term_string}"},"query-input":{"@type":"PropertyValueSpecification","valueRequired":true,"valueName":"search_term_string"}}],"inLanguage":"de"},{"@type":"Organization","@id":"https:\/\/news.save.ch\/de\/#organization","name":"Sicherheitsforum","url":"https:\/\/news.save.ch\/de\/","logo":{"@type":"ImageObject","inLanguage":"de","@id":"https:\/\/news.save.ch\/de\/#\/schema\/logo\/image\/","url":"https:\/\/news.save.ch\/wp-content\/uploads\/2022\/06\/Logo_SF_2012.png","contentUrl":"https:\/\/news.save.ch\/wp-content\/uploads\/2022\/06\/Logo_SF_2012.png","width":1100,"height":91,"caption":"Sicherheitsforum"},"image":{"@id":"https:\/\/news.save.ch\/de\/#\/schema\/logo\/image\/"}},{"@type":"Person","@id":"https:\/\/news.save.ch\/de\/#\/schema\/person\/ad4ef21102fd6125312409ac57d5296d","name":"Simon Gr\u00f6flin","image":{"@type":"ImageObject","inLanguage":"de","@id":"https:\/\/secure.gravatar.com\/avatar\/6ddceb80eb734354635539e0ea5140bb7c41e42de7c45c9a2ab9921b5d5c9a83?s=96&d=mm&r=g","url":"https:\/\/secure.gravatar.com\/avatar\/6ddceb80eb734354635539e0ea5140bb7c41e42de7c45c9a2ab9921b5d5c9a83?s=96&d=mm&r=g","contentUrl":"https:\/\/secure.gravatar.com\/avatar\/6ddceb80eb734354635539e0ea5140bb7c41e42de7c45c9a2ab9921b5d5c9a83?s=96&d=mm&r=g","caption":"Simon Gr\u00f6flin"},"url":"https:\/\/news.save.ch\/de\/author\/simon-groeflin\/"}]}},"_links":{"self":[{"href":"https:\/\/news.save.ch\/de\/wp-json\/wp\/v2\/posts\/13114","targetHints":{"allow":["GET"]}}],"collection":[{"href":"https:\/\/news.save.ch\/de\/wp-json\/wp\/v2\/posts"}],"about":[{"href":"https:\/\/news.save.ch\/de\/wp-json\/wp\/v2\/types\/post"}],"author":[{"embeddable":true,"href":"https:\/\/news.save.ch\/de\/wp-json\/wp\/v2\/users\/9"}],"replies":[{"embeddable":true,"href":"https:\/\/news.save.ch\/de\/wp-json\/wp\/v2\/comments?post=13114"}],"version-history":[{"count":2,"href":"https:\/\/news.save.ch\/de\/wp-json\/wp\/v2\/posts\/13114\/revisions"}],"predecessor-version":[{"id":20741,"href":"https:\/\/news.save.ch\/de\/wp-json\/wp\/v2\/posts\/13114\/revisions\/20741"}],"wp:featuredmedia":[{"embeddable":true,"href":"https:\/\/news.save.ch\/de\/wp-json\/wp\/v2\/media\/13117"}],"wp:attachment":[{"href":"https:\/\/news.save.ch\/de\/wp-json\/wp\/v2\/media?parent=13114"}],"wp:term":[{"taxonomy":"category","embeddable":true,"href":"https:\/\/news.save.ch\/de\/wp-json\/wp\/v2\/categories?post=13114"},{"taxonomy":"post_tag","embeddable":true,"href":"https:\/\/news.save.ch\/de\/wp-json\/wp\/v2\/tags?post=13114"}],"curies":[{"name":"wp","href":"https:\/\/api.w.org\/{rel}","templated":true}]}}