{"id":13153,"date":"2021-12-13T10:02:47","date_gmt":"2021-12-13T09:02:47","guid":{"rendered":"https:\/\/news.save.ch\/?p=13153"},"modified":"2023-07-08T16:11:59","modified_gmt":"2023-07-08T14:11:59","slug":"windows-defender-belegt-neuen-spitzenplatz","status":null,"type":"post","link":"https:\/\/news.save.ch\/de\/windows-defender-belegt-neuen-spitzenplatz\/","title":{"rendered":"Windows Defender belegt neuen Spitzenplatz"},"content":{"rendered":"<figure id=\"attachment_13157\" aria-describedby=\"caption-attachment-13157\" style=\"width: 999px\" class=\"wp-caption alignnone\"><img loading=\"lazy\" decoding=\"async\" class=\"wp-image-13157 size-full\" src=\"https:\/\/news.save.ch\/wp-content\/uploads\/2021\/12\/Windows_Defender.jpg\" alt=\"Windows\" width=\"999\" height=\"608\" srcset=\"https:\/\/news.save.ch\/wp-content\/uploads\/2021\/12\/Windows_Defender.jpg 999w, https:\/\/news.save.ch\/wp-content\/uploads\/2021\/12\/Windows_Defender-375x228.jpg 375w\" sizes=\"auto, (max-width: 999px) 100vw, 999px\" \/><figcaption id=\"caption-attachment-13157\" class=\"wp-caption-text\">\u00a9depositphotos<\/figcaption><\/figure>\n<p>Der Windows Defender beim Microsoft-Betriebssystem ist Teil des internen Sicherheitssystems, das sowohl die Windows Firewall als auch weitere relevante Teile des Betriebssystems \u00fcberwacht und unter den Systemeinstellungen zu finden ist. Das eigene Antivirensystem, das auch in Windows 10 und Windows 11 vorzufinden ist, ist standardm\u00e4ssig installiert und aktiv. Einmal mehr hat das Programm bei den unabh\u00e4ngigen deutschen Antivirusprogramm-Tester von <a href=\"https:\/\/www.av-test.org\/de\/\" target=\"_blank\" rel=\"noopener\">AV-Test<\/a> aus Magdeburg eine Bestnote im Vergleich mit anderen Antivirusl\u00f6sungen erhalten.<\/p>\n<p><a href=\"https:\/\/www.av-test.org\/de\/antivirus\/privat-windows\/\" target=\"_blank\" rel=\"noopener\">Der Vergleich mit 21 weiteren aktuellen Antiviren-L\u00f6sungen<\/a> stammt von Ende Oktober. Beweisen konnte sich der Windows Defender in der Version 4.18 unter Windows 10 Home Edition mit einer Gesamtwertung aller 18 Punkte. Zu den Testkriterien z\u00e4hlten auch die Verteidigung gegen Cyberattacken, Malware und sch\u00e4dliche E-Mails.<\/p>\n<p>AV-Test vergibt dabei sechs Punkte pro Kategorie. Dazu z\u00e4hlen unter anderem auch die Faktoren Leistung, Schutz und Bedienbarkeit. Verbraucher k\u00f6nnen \u00fcber die Auswertungen auch Anhaltspunkte \u00fcber die aktuelle Qualit\u00e4t des Schutzes und der Verbesserungen der Schutzprogramme <a href=\"https:\/\/www.av-test.org\/de\/antivirus\/\" target=\"_blank\" rel=\"noopener\">ablesen<\/a>.<\/p>\n<p><em>Quelle: AV-Test<\/em><\/p>\n","protected":false},"excerpt":{"rendered":"<p>Der Windows Defender beim Microsoft-Betriebssystem ist Teil des internen Sicherheitssystems, das sowohl die Windows Firewall als auch weitere relevante Teile des Betriebssystems \u00fcberwacht und unter den Systemeinstellungen zu finden ist. Das eigene Antivirensystem, das auch in Windows 10 und Windows 11 vorzufinden ist, ist standardm\u00e4ssig installiert und aktiv. Einmal mehr hat das Programm bei den [&hellip;]<\/p>\n","protected":false},"author":9,"featured_media":13157,"comment_status":"closed","ping_status":"closed","sticky":false,"template":"","format":"standard","meta":{"_acf_changed":false,"pgc_sgb_lightbox_settings":"","footnotes":""},"categories":[1],"tags":[5025,5026,1244,652,1196,1333,1197],"class_list":["post-13153","post","type-post","status-publish","format-standard","has-post-thumbnail","hentry","category-allgemein","tag-antivirus","tag-av-test","tag-cyberattacken","tag-malware","tag-windows-10","tag-windows-11","tag-windows-defender"],"acf":[],"hkrextid":null,"publication":null,"issue":null,"workflow":null,"startPage":null,"spitzmarke":null,"_posts_by_tag_page_fields":{"widget_title":"","widget_tags":""},"_at_widget":"1","_yoast_wpseo_primary_category":"","_yoast_wpseo_focuskw_text_input":null,"_yoast_wpseo_opengraph-image":null,"_yoast_wpseo_opengraph-description":null,"_yoast_wpseo_opengraph-title":null,"enclosure":null,"_yoast_wpseo_twitter-title":null,"_yoast_wpseo_twitter-description":null,"_yoast_wpseo_twitter-image":null,"_wp_old_slug":null,"_yoast_wpseo_title":null,"_yoast_wpseo_canonical":null,"yoast_head":"<!-- This site is optimized with the Yoast SEO plugin v27.4 - https:\/\/yoast.com\/product\/yoast-seo-wordpress\/ -->\n<title>Windows Defender belegt neuen Spitzenplatz - Save<\/title>\n<meta name=\"description\" content=\"Das Windows-eigene Sicherheitssystem von Windows 11 und Windows 10 hat einem unabh\u00e4ngigen Antivirus-Vergleich Bestnoten erhalten.\" \/>\n<meta name=\"robots\" content=\"index, follow, max-snippet:-1, max-image-preview:large, max-video-preview:-1\" \/>\n<link rel=\"canonical\" href=\"https:\/\/news.save.ch\/de\/windows-defender-belegt-neuen-spitzenplatz\/\" \/>\n<meta property=\"og:locale\" content=\"de_DE\" \/>\n<meta property=\"og:type\" content=\"article\" \/>\n<meta property=\"og:title\" content=\"Windows Defender belegt neuen Spitzenplatz - Save\" \/>\n<meta property=\"og:description\" content=\"Das Windows-eigene Sicherheitssystem von Windows 11 und Windows 10 hat einem unabh\u00e4ngigen Antivirus-Vergleich Bestnoten erhalten.\" \/>\n<meta property=\"og:url\" content=\"https:\/\/news.save.ch\/de\/windows-defender-belegt-neuen-spitzenplatz\/\" \/>\n<meta property=\"og:site_name\" content=\"Save\" \/>\n<meta property=\"article:published_time\" content=\"2021-12-13T09:02:47+00:00\" \/>\n<meta property=\"article:modified_time\" content=\"2023-07-08T14:11:59+00:00\" \/>\n<meta property=\"og:image\" content=\"https:\/\/news.save.ch\/wp-content\/uploads\/2021\/12\/Windows_Defender.jpg\" \/>\n\t<meta property=\"og:image:width\" content=\"999\" \/>\n\t<meta property=\"og:image:height\" content=\"608\" \/>\n\t<meta property=\"og:image:type\" content=\"image\/jpeg\" \/>\n<meta name=\"author\" content=\"Simon Gr\u00f6flin\" \/>\n<meta name=\"twitter:card\" content=\"summary_large_image\" \/>\n<meta name=\"twitter:label1\" content=\"Geschrieben von\" \/>\n\t<meta name=\"twitter:data1\" content=\"Simon Gr\u00f6flin\" \/>\n\t<meta name=\"twitter:label2\" content=\"Gesch\u00e4tzte Lesezeit\" \/>\n\t<meta name=\"twitter:data2\" content=\"2\u00a0Minuten\" \/>\n<script type=\"application\/ld+json\" class=\"yoast-schema-graph\">{\"@context\":\"https:\\\/\\\/schema.org\",\"@graph\":[{\"@type\":\"Article\",\"@id\":\"https:\\\/\\\/news.save.ch\\\/windows-defender-belegt-neuen-spitzenplatz\\\/#article\",\"isPartOf\":{\"@id\":\"https:\\\/\\\/news.save.ch\\\/windows-defender-belegt-neuen-spitzenplatz\\\/\"},\"author\":{\"name\":\"Simon Gr\u00f6flin\",\"@id\":\"https:\\\/\\\/news.save.ch\\\/de\\\/#\\\/schema\\\/person\\\/ad4ef21102fd6125312409ac57d5296d\"},\"headline\":\"Windows Defender belegt neuen Spitzenplatz\",\"datePublished\":\"2021-12-13T09:02:47+00:00\",\"dateModified\":\"2023-07-08T14:11:59+00:00\",\"mainEntityOfPage\":{\"@id\":\"https:\\\/\\\/news.save.ch\\\/windows-defender-belegt-neuen-spitzenplatz\\\/\"},\"wordCount\":170,\"publisher\":{\"@id\":\"https:\\\/\\\/news.save.ch\\\/de\\\/#organization\"},\"image\":{\"@id\":\"https:\\\/\\\/news.save.ch\\\/windows-defender-belegt-neuen-spitzenplatz\\\/#primaryimage\"},\"thumbnailUrl\":\"https:\\\/\\\/news.save.ch\\\/wp-content\\\/uploads\\\/2021\\\/12\\\/Windows_Defender.jpg\",\"keywords\":[\"Antivirus\",\"AV-Test\",\"Cyberattacken\",\"Malware\",\"Windows 10\",\"Windows 11\",\"Windows Defender\"],\"articleSection\":[\"ALLGEMEIN\"],\"inLanguage\":\"de\"},{\"@type\":\"WebPage\",\"@id\":\"https:\\\/\\\/news.save.ch\\\/windows-defender-belegt-neuen-spitzenplatz\\\/\",\"url\":\"https:\\\/\\\/news.save.ch\\\/windows-defender-belegt-neuen-spitzenplatz\\\/\",\"name\":\"Windows Defender belegt neuen Spitzenplatz - Save\",\"isPartOf\":{\"@id\":\"https:\\\/\\\/news.save.ch\\\/de\\\/#website\"},\"primaryImageOfPage\":{\"@id\":\"https:\\\/\\\/news.save.ch\\\/windows-defender-belegt-neuen-spitzenplatz\\\/#primaryimage\"},\"image\":{\"@id\":\"https:\\\/\\\/news.save.ch\\\/windows-defender-belegt-neuen-spitzenplatz\\\/#primaryimage\"},\"thumbnailUrl\":\"https:\\\/\\\/news.save.ch\\\/wp-content\\\/uploads\\\/2021\\\/12\\\/Windows_Defender.jpg\",\"datePublished\":\"2021-12-13T09:02:47+00:00\",\"dateModified\":\"2023-07-08T14:11:59+00:00\",\"description\":\"Das Windows-eigene Sicherheitssystem von Windows 11 und Windows 10 hat einem unabh\u00e4ngigen Antivirus-Vergleich Bestnoten erhalten.\",\"breadcrumb\":{\"@id\":\"https:\\\/\\\/news.save.ch\\\/windows-defender-belegt-neuen-spitzenplatz\\\/#breadcrumb\"},\"inLanguage\":\"de\",\"potentialAction\":[{\"@type\":\"ReadAction\",\"target\":[\"https:\\\/\\\/news.save.ch\\\/windows-defender-belegt-neuen-spitzenplatz\\\/\"]}]},{\"@type\":\"ImageObject\",\"inLanguage\":\"de\",\"@id\":\"https:\\\/\\\/news.save.ch\\\/windows-defender-belegt-neuen-spitzenplatz\\\/#primaryimage\",\"url\":\"https:\\\/\\\/news.save.ch\\\/wp-content\\\/uploads\\\/2021\\\/12\\\/Windows_Defender.jpg\",\"contentUrl\":\"https:\\\/\\\/news.save.ch\\\/wp-content\\\/uploads\\\/2021\\\/12\\\/Windows_Defender.jpg\",\"width\":999,\"height\":608,\"caption\":\"Paris, France - May 18, 2019: man hand pointing to Virus and Threat Protection during Defender antivirus operation on modern Windows 10 computer\"},{\"@type\":\"BreadcrumbList\",\"@id\":\"https:\\\/\\\/news.save.ch\\\/windows-defender-belegt-neuen-spitzenplatz\\\/#breadcrumb\",\"itemListElement\":[{\"@type\":\"ListItem\",\"position\":1,\"name\":\"Home\",\"item\":\"https:\\\/\\\/news.save.ch\\\/de\\\/\"},{\"@type\":\"ListItem\",\"position\":2,\"name\":\"Windows Defender belegt neuen Spitzenplatz\"}]},{\"@type\":\"WebSite\",\"@id\":\"https:\\\/\\\/news.save.ch\\\/de\\\/#website\",\"url\":\"https:\\\/\\\/news.save.ch\\\/de\\\/\",\"name\":\"Save\",\"description\":\"Schweizer Fachzeitschrift f\u00fcr Sicherheit\",\"publisher\":{\"@id\":\"https:\\\/\\\/news.save.ch\\\/de\\\/#organization\"},\"potentialAction\":[{\"@type\":\"SearchAction\",\"target\":{\"@type\":\"EntryPoint\",\"urlTemplate\":\"https:\\\/\\\/news.save.ch\\\/de\\\/?s={search_term_string}\"},\"query-input\":{\"@type\":\"PropertyValueSpecification\",\"valueRequired\":true,\"valueName\":\"search_term_string\"}}],\"inLanguage\":\"de\"},{\"@type\":\"Organization\",\"@id\":\"https:\\\/\\\/news.save.ch\\\/de\\\/#organization\",\"name\":\"Sicherheitsforum\",\"url\":\"https:\\\/\\\/news.save.ch\\\/de\\\/\",\"logo\":{\"@type\":\"ImageObject\",\"inLanguage\":\"de\",\"@id\":\"https:\\\/\\\/news.save.ch\\\/de\\\/#\\\/schema\\\/logo\\\/image\\\/\",\"url\":\"https:\\\/\\\/news.save.ch\\\/wp-content\\\/uploads\\\/2022\\\/06\\\/Logo_SF_2012.png\",\"contentUrl\":\"https:\\\/\\\/news.save.ch\\\/wp-content\\\/uploads\\\/2022\\\/06\\\/Logo_SF_2012.png\",\"width\":1100,\"height\":91,\"caption\":\"Sicherheitsforum\"},\"image\":{\"@id\":\"https:\\\/\\\/news.save.ch\\\/de\\\/#\\\/schema\\\/logo\\\/image\\\/\"}},{\"@type\":\"Person\",\"@id\":\"https:\\\/\\\/news.save.ch\\\/de\\\/#\\\/schema\\\/person\\\/ad4ef21102fd6125312409ac57d5296d\",\"name\":\"Simon Gr\u00f6flin\",\"image\":{\"@type\":\"ImageObject\",\"inLanguage\":\"de\",\"@id\":\"https:\\\/\\\/secure.gravatar.com\\\/avatar\\\/6ddceb80eb734354635539e0ea5140bb7c41e42de7c45c9a2ab9921b5d5c9a83?s=96&d=mm&r=g\",\"url\":\"https:\\\/\\\/secure.gravatar.com\\\/avatar\\\/6ddceb80eb734354635539e0ea5140bb7c41e42de7c45c9a2ab9921b5d5c9a83?s=96&d=mm&r=g\",\"contentUrl\":\"https:\\\/\\\/secure.gravatar.com\\\/avatar\\\/6ddceb80eb734354635539e0ea5140bb7c41e42de7c45c9a2ab9921b5d5c9a83?s=96&d=mm&r=g\",\"caption\":\"Simon Gr\u00f6flin\"},\"url\":\"https:\\\/\\\/news.save.ch\\\/de\\\/author\\\/simon-groeflin\\\/\"}]}<\/script>\n<!-- \/ Yoast SEO plugin. -->","yoast_head_json":{"title":"Windows Defender belegt neuen Spitzenplatz - Save","description":"Das Windows-eigene Sicherheitssystem von Windows 11 und Windows 10 hat einem unabh\u00e4ngigen Antivirus-Vergleich Bestnoten erhalten.","robots":{"index":"index","follow":"follow","max-snippet":"max-snippet:-1","max-image-preview":"max-image-preview:large","max-video-preview":"max-video-preview:-1"},"canonical":"https:\/\/news.save.ch\/de\/windows-defender-belegt-neuen-spitzenplatz\/","og_locale":"de_DE","og_type":"article","og_title":"Windows Defender belegt neuen Spitzenplatz - Save","og_description":"Das Windows-eigene Sicherheitssystem von Windows 11 und Windows 10 hat einem unabh\u00e4ngigen Antivirus-Vergleich Bestnoten erhalten.","og_url":"https:\/\/news.save.ch\/de\/windows-defender-belegt-neuen-spitzenplatz\/","og_site_name":"Save","article_published_time":"2021-12-13T09:02:47+00:00","article_modified_time":"2023-07-08T14:11:59+00:00","og_image":[{"width":999,"height":608,"url":"https:\/\/news.save.ch\/wp-content\/uploads\/2021\/12\/Windows_Defender.jpg","type":"image\/jpeg"}],"author":"Simon Gr\u00f6flin","twitter_card":"summary_large_image","twitter_misc":{"Geschrieben von":"Simon Gr\u00f6flin","Gesch\u00e4tzte Lesezeit":"2\u00a0Minuten"},"schema":{"@context":"https:\/\/schema.org","@graph":[{"@type":"Article","@id":"https:\/\/news.save.ch\/windows-defender-belegt-neuen-spitzenplatz\/#article","isPartOf":{"@id":"https:\/\/news.save.ch\/windows-defender-belegt-neuen-spitzenplatz\/"},"author":{"name":"Simon Gr\u00f6flin","@id":"https:\/\/news.save.ch\/de\/#\/schema\/person\/ad4ef21102fd6125312409ac57d5296d"},"headline":"Windows Defender belegt neuen Spitzenplatz","datePublished":"2021-12-13T09:02:47+00:00","dateModified":"2023-07-08T14:11:59+00:00","mainEntityOfPage":{"@id":"https:\/\/news.save.ch\/windows-defender-belegt-neuen-spitzenplatz\/"},"wordCount":170,"publisher":{"@id":"https:\/\/news.save.ch\/de\/#organization"},"image":{"@id":"https:\/\/news.save.ch\/windows-defender-belegt-neuen-spitzenplatz\/#primaryimage"},"thumbnailUrl":"https:\/\/news.save.ch\/wp-content\/uploads\/2021\/12\/Windows_Defender.jpg","keywords":["Antivirus","AV-Test","Cyberattacken","Malware","Windows 10","Windows 11","Windows Defender"],"articleSection":["ALLGEMEIN"],"inLanguage":"de"},{"@type":"WebPage","@id":"https:\/\/news.save.ch\/windows-defender-belegt-neuen-spitzenplatz\/","url":"https:\/\/news.save.ch\/windows-defender-belegt-neuen-spitzenplatz\/","name":"Windows Defender belegt neuen Spitzenplatz - Save","isPartOf":{"@id":"https:\/\/news.save.ch\/de\/#website"},"primaryImageOfPage":{"@id":"https:\/\/news.save.ch\/windows-defender-belegt-neuen-spitzenplatz\/#primaryimage"},"image":{"@id":"https:\/\/news.save.ch\/windows-defender-belegt-neuen-spitzenplatz\/#primaryimage"},"thumbnailUrl":"https:\/\/news.save.ch\/wp-content\/uploads\/2021\/12\/Windows_Defender.jpg","datePublished":"2021-12-13T09:02:47+00:00","dateModified":"2023-07-08T14:11:59+00:00","description":"Das Windows-eigene Sicherheitssystem von Windows 11 und Windows 10 hat einem unabh\u00e4ngigen Antivirus-Vergleich Bestnoten erhalten.","breadcrumb":{"@id":"https:\/\/news.save.ch\/windows-defender-belegt-neuen-spitzenplatz\/#breadcrumb"},"inLanguage":"de","potentialAction":[{"@type":"ReadAction","target":["https:\/\/news.save.ch\/windows-defender-belegt-neuen-spitzenplatz\/"]}]},{"@type":"ImageObject","inLanguage":"de","@id":"https:\/\/news.save.ch\/windows-defender-belegt-neuen-spitzenplatz\/#primaryimage","url":"https:\/\/news.save.ch\/wp-content\/uploads\/2021\/12\/Windows_Defender.jpg","contentUrl":"https:\/\/news.save.ch\/wp-content\/uploads\/2021\/12\/Windows_Defender.jpg","width":999,"height":608,"caption":"Paris, France - May 18, 2019: man hand pointing to Virus and Threat Protection during Defender antivirus operation on modern Windows 10 computer"},{"@type":"BreadcrumbList","@id":"https:\/\/news.save.ch\/windows-defender-belegt-neuen-spitzenplatz\/#breadcrumb","itemListElement":[{"@type":"ListItem","position":1,"name":"Home","item":"https:\/\/news.save.ch\/de\/"},{"@type":"ListItem","position":2,"name":"Windows Defender belegt neuen Spitzenplatz"}]},{"@type":"WebSite","@id":"https:\/\/news.save.ch\/de\/#website","url":"https:\/\/news.save.ch\/de\/","name":"Save","description":"Schweizer Fachzeitschrift f\u00fcr Sicherheit","publisher":{"@id":"https:\/\/news.save.ch\/de\/#organization"},"potentialAction":[{"@type":"SearchAction","target":{"@type":"EntryPoint","urlTemplate":"https:\/\/news.save.ch\/de\/?s={search_term_string}"},"query-input":{"@type":"PropertyValueSpecification","valueRequired":true,"valueName":"search_term_string"}}],"inLanguage":"de"},{"@type":"Organization","@id":"https:\/\/news.save.ch\/de\/#organization","name":"Sicherheitsforum","url":"https:\/\/news.save.ch\/de\/","logo":{"@type":"ImageObject","inLanguage":"de","@id":"https:\/\/news.save.ch\/de\/#\/schema\/logo\/image\/","url":"https:\/\/news.save.ch\/wp-content\/uploads\/2022\/06\/Logo_SF_2012.png","contentUrl":"https:\/\/news.save.ch\/wp-content\/uploads\/2022\/06\/Logo_SF_2012.png","width":1100,"height":91,"caption":"Sicherheitsforum"},"image":{"@id":"https:\/\/news.save.ch\/de\/#\/schema\/logo\/image\/"}},{"@type":"Person","@id":"https:\/\/news.save.ch\/de\/#\/schema\/person\/ad4ef21102fd6125312409ac57d5296d","name":"Simon Gr\u00f6flin","image":{"@type":"ImageObject","inLanguage":"de","@id":"https:\/\/secure.gravatar.com\/avatar\/6ddceb80eb734354635539e0ea5140bb7c41e42de7c45c9a2ab9921b5d5c9a83?s=96&d=mm&r=g","url":"https:\/\/secure.gravatar.com\/avatar\/6ddceb80eb734354635539e0ea5140bb7c41e42de7c45c9a2ab9921b5d5c9a83?s=96&d=mm&r=g","contentUrl":"https:\/\/secure.gravatar.com\/avatar\/6ddceb80eb734354635539e0ea5140bb7c41e42de7c45c9a2ab9921b5d5c9a83?s=96&d=mm&r=g","caption":"Simon Gr\u00f6flin"},"url":"https:\/\/news.save.ch\/de\/author\/simon-groeflin\/"}]}},"_links":{"self":[{"href":"https:\/\/news.save.ch\/de\/wp-json\/wp\/v2\/posts\/13153","targetHints":{"allow":["GET"]}}],"collection":[{"href":"https:\/\/news.save.ch\/de\/wp-json\/wp\/v2\/posts"}],"about":[{"href":"https:\/\/news.save.ch\/de\/wp-json\/wp\/v2\/types\/post"}],"author":[{"embeddable":true,"href":"https:\/\/news.save.ch\/de\/wp-json\/wp\/v2\/users\/9"}],"replies":[{"embeddable":true,"href":"https:\/\/news.save.ch\/de\/wp-json\/wp\/v2\/comments?post=13153"}],"version-history":[{"count":2,"href":"https:\/\/news.save.ch\/de\/wp-json\/wp\/v2\/posts\/13153\/revisions"}],"predecessor-version":[{"id":20703,"href":"https:\/\/news.save.ch\/de\/wp-json\/wp\/v2\/posts\/13153\/revisions\/20703"}],"wp:featuredmedia":[{"embeddable":true,"href":"https:\/\/news.save.ch\/de\/wp-json\/wp\/v2\/media\/13157"}],"wp:attachment":[{"href":"https:\/\/news.save.ch\/de\/wp-json\/wp\/v2\/media?parent=13153"}],"wp:term":[{"taxonomy":"category","embeddable":true,"href":"https:\/\/news.save.ch\/de\/wp-json\/wp\/v2\/categories?post=13153"},{"taxonomy":"post_tag","embeddable":true,"href":"https:\/\/news.save.ch\/de\/wp-json\/wp\/v2\/tags?post=13153"}],"curies":[{"name":"wp","href":"https:\/\/api.w.org\/{rel}","templated":true}]}}