{"id":1321,"date":"2016-08-18T07:50:12","date_gmt":"2016-08-18T05:50:12","guid":{"rendered":"https:\/\/dev.sicherheitsforum.ch\/?p=1321"},"modified":"2023-03-14T08:57:14","modified_gmt":"2023-03-14T07:57:14","slug":"video-einsatz-am-arbeitsplatz-waechst","status":null,"type":"post","link":"https:\/\/news.save.ch\/de\/video-einsatz-am-arbeitsplatz-waechst\/","title":{"rendered":"Video-Einsatz am Arbeitsplatz w\u00e4chst"},"content":{"rendered":"<figure id=\"attachment_1322\" aria-describedby=\"caption-attachment-1322\" style=\"width: 680px\" class=\"wp-caption alignnone\"><img loading=\"lazy\" decoding=\"async\" class=\"size-medium wp-image-1322\" src=\"https:\/\/sicherheitsforum.ch\/wp-content\/uploads\/2016\/12\/Video-Einsatz-am-Arbeitsplatz-w\u00e4chst-it-security.jpg\" alt=\"\" width=\"680\" height=\"454\" \/><figcaption id=\"caption-attachment-1322\" class=\"wp-caption-text\">\u00a9 depositphotos<\/figcaption><\/figure>\n<p>Unternehmen setzen vermehrt auf Video-Technologien, um ihren Mitarbeitern eine effektivere Kommunikation zu erm\u00f6glichen. Das belegt eine Studie, die der Netzwerk- und IT-Dienstleister <a href=\"https:\/\/www.bt.com\/de\" target=\"_blank\" rel=\"noreferrer noopener\" data-cke-saved-href=\"https:\/\/www.bt.com\/de\">BT <\/a>gemeinsam mit <a href=\"https:\/\/www.cisco.com\/c\/de_ch\/index.html\" target=\"_blank\" rel=\"noreferrer noopener\" data-cke-saved-href=\"https:\/\/www.cisco.com\/c\/de_ch\/index.html\">Cisco<\/a> in Auftrag gegeben hat. In Kombination mit Cloud Computing und mobilen Technologien hilft der Einsatz von Video-Kommunikation dabei, eine \u201edigitale Abkoppelung\u201c (\u201eDigital Dislocation\u201c) der Mitarbeiter von ihrem Unternehmen zu vermeiden, wie Cisco schreibt.<\/p>\n<p><strong>72% wollen mehr Videofunktionen auf dem Smartphone<\/strong><br \/>\nLaut Studie entwickeln sich Technologien wie Video, Cloud Computing und mobile Anwendungen zu entscheidenden Plattformen f\u00fcr die Kommunikation innerhalb grosser Konzerne \u2013 vom Management bis hin zu den Angestellten: 85% der Befragten bezeichnen den Video-Einsatz am Arbeitsplatz als sehr hilfreich, und fast drei Viertel (72%) der IT-Entscheider w\u00fcnschen sich Videofunktionen auf dem Firmen-Smartphone oder Tablet. Gut ein Viertel der Befragten (27%) gab an, dass die Mitarbeiter in seinem Unternehmen YouTube zu beruflichen Zwecken nutzen. Damit hat sich dieser Anteil gegen\u00fcber 2013 nahezu verdoppelt.<\/p>\n<p>Die Ergebnisse der Studie legen ebenfalls nahe, dass mehr getan werden muss, um der \u201edigitalen Abkoppelung\u201c entgegenzuwirken. Zwei Drittel der IT-Entscheider (60%) beklagen, dass die Versuche, Kollegen zu kontaktieren, zu viel Zeit kosten. Und drei Viertel der Befragten w\u00fcnschen sich einfachere Wege, Informationen mit anderen zu teilen.<\/p>\n<p>Die Ergebnisse zeigen, wie sehr sich der moderne Arbeitsplatz in den letzten Jahren ver\u00e4ndert hat. Initiativen wie \u201eBring your own device\u201c (BYOD) und flexible Arbeitszeiten erfordern innovative Technologien f\u00fcr die Kommunikation und Zusammenarbeit. Allein in den letzten drei Jahren hat der Anteil der Berufst\u00e4tigen, die ihre eigenen Endger\u00e4te f\u00fcr die Arbeit nutzen wollen, um 31% zugenommen. Laut Studie arbeiten heute mehr als die H\u00e4lfte der Angestellten (52%) \u201eflexibel\u201c \u2013 also zum Beispiel von unterwegs, an einem Kundenstandort oder von zu Hause. 61% der Befragten finden, dass es einfacher sein sollte, Kollegen zu kontaktieren und mit ihnen zusammenzuarbeiten, wenn sie beruflich unterwegs sind.<\/p>\n<p><strong>Sicherheitsaspekte sind kein Hindernis<\/strong><br \/>\nMehr als drei Viertel (78%) der Befragten sind der Meinung, dass moderne Collaboration-Tools die Kommunikation verbessern w\u00fcrden. Mit Hilfe effektiver Collaboration-Tools k\u00f6nnen Mitarbeiter Informationen teilen und schnellere und bessere Entscheidungen treffen.<\/p>\n<p>Um die neuen Technologien leichter nutzen zu k\u00f6nnen, setzen viele IT-Manager auf Cloud-Services, da sie damit veraltete Legacy-Systeme abl\u00f6sen und ihr Budget schonen k\u00f6nnen. Laut der Studie konnten Firmen, die eine Cloud-Anwendung eingef\u00fchrt haben, ihre Betriebskosten um durchschnittlich 25% reduzieren. Gleichzeitig sei die Mitarbeiterzufriedenheit nach der Implementierung der Cloud-basierten Collaboration-L\u00f6sung um 30% gestiegen. Dabei sehen immer weniger IT-Entscheider Sicherheitsaspekte als Hindernis f\u00fcr die Nutzung Cloud-basierter Collaboration: Aktuell sind es 52%, vor drei Jahren waren es noch 68%.<\/p>\n<p>Dazu Andrew Small von BT: \u201eJe mehr Erfahrungen die Unternehmen mit Cloud Services sammeln, desto st\u00e4rker wird ihr Vertrauen in die Sicherheit dieser Angebote.\u201c<\/p>\n<p>&nbsp;<\/p>\n","protected":false},"excerpt":{"rendered":"<p>Unternehmen setzen vermehrt auf Video-Technologien, um ihren Mitarbeitern eine effektivere Kommunikation zu erm\u00f6glichen. Das belegt eine Studie, die der Netzwerk- und IT-Dienstleister BT gemeinsam mit Cisco in Auftrag gegeben hat. In Kombination mit Cloud Computing und mobilen Technologien hilft der Einsatz von Video-Kommunikation dabei, eine \u201edigitale Abkoppelung\u201c (\u201eDigital Dislocation\u201c) der Mitarbeiter von ihrem Unternehmen zu [&hellip;]<\/p>\n","protected":false},"author":1,"featured_media":1322,"comment_status":"open","ping_status":"open","sticky":false,"template":"","format":"standard","meta":{"_acf_changed":false,"pgc_sgb_lightbox_settings":"","footnotes":""},"categories":[3313],"tags":[63,64],"class_list":["post-1321","post","type-post","status-publish","format-standard","has-post-thumbnail","hentry","category-digitalisierung","tag-it-security","tag-studie"],"acf":[],"hkrextid":null,"publication":null,"issue":null,"workflow":null,"startPage":null,"spitzmarke":null,"_posts_by_tag_page_fields":{"widget_title":"","widget_tags":""},"_at_widget":"1","_yoast_wpseo_primary_category":"2","_yoast_wpseo_focuskw_text_input":"Video","_yoast_wpseo_opengraph-image":"https:\/\/news.save.ch\/wp-content\/uploads\/2016\/12\/Video-Einsatz-am-Arbeitsplatz-w\u00e4chst-it-security.jpg","_yoast_wpseo_opengraph-description":"Die Video-Kommunikation entwickelt sich zum zentralen Element bei der Zusammenarbeit. Cloud-basierte Collaboration-L\u00f6sungen f\u00f6rdern den Trend, zumal Sicherheitsbedenken kaum ein Thema sind.","_yoast_wpseo_opengraph-title":"Video-Einsatz am Arbeitsplatz w\u00e4chst","enclosure":null,"_yoast_wpseo_twitter-title":null,"_yoast_wpseo_twitter-description":null,"_yoast_wpseo_twitter-image":null,"_wp_old_slug":null,"_yoast_wpseo_title":null,"_yoast_wpseo_canonical":null,"yoast_head":"<!-- This site is optimized with the Yoast SEO plugin v27.5 - https:\/\/yoast.com\/product\/yoast-seo-wordpress\/ -->\n<title>Video-Einsatz am Arbeitsplatz w\u00e4chst - Save<\/title>\n<meta name=\"description\" content=\"Die Video-Kommunikation entwickelt sich zum zentralen Element bei der Zusammenarbeit.\" \/>\n<meta name=\"robots\" content=\"index, follow, max-snippet:-1, max-image-preview:large, max-video-preview:-1\" \/>\n<link rel=\"canonical\" href=\"https:\/\/news.save.ch\/de\/video-einsatz-am-arbeitsplatz-waechst\/\" \/>\n<meta property=\"og:locale\" content=\"de_DE\" \/>\n<meta property=\"og:type\" content=\"article\" \/>\n<meta property=\"og:title\" content=\"Video-Einsatz am Arbeitsplatz w\u00e4chst\" \/>\n<meta property=\"og:description\" content=\"Die Video-Kommunikation entwickelt sich zum zentralen Element bei der Zusammenarbeit. Cloud-basierte Collaboration-L\u00f6sungen f\u00f6rdern den Trend, zumal Sicherheitsbedenken kaum ein Thema sind.\" \/>\n<meta property=\"og:url\" content=\"https:\/\/news.save.ch\/de\/video-einsatz-am-arbeitsplatz-waechst\/\" \/>\n<meta property=\"og:site_name\" content=\"Save\" \/>\n<meta property=\"article:published_time\" content=\"2016-08-18T05:50:12+00:00\" \/>\n<meta property=\"article:modified_time\" content=\"2023-03-14T07:57:14+00:00\" \/>\n<meta property=\"og:image\" content=\"https:\/\/news.save.ch\/wp-content\/uploads\/2016\/12\/Video-Einsatz-am-Arbeitsplatz-w\u00e4chst-it-security.jpg\" \/>\n<meta name=\"author\" content=\"admin\" \/>\n<meta name=\"twitter:card\" content=\"summary_large_image\" \/>\n<meta name=\"twitter:label1\" content=\"Geschrieben von\" \/>\n\t<meta name=\"twitter:data1\" content=\"admin\" \/>\n\t<meta name=\"twitter:label2\" content=\"Gesch\u00e4tzte Lesezeit\" \/>\n\t<meta name=\"twitter:data2\" content=\"2\u00a0Minuten\" \/>\n<script type=\"application\/ld+json\" class=\"yoast-schema-graph\">{\"@context\":\"https:\\\/\\\/schema.org\",\"@graph\":[{\"@type\":\"Article\",\"@id\":\"https:\\\/\\\/news.save.ch\\\/video-einsatz-am-arbeitsplatz-waechst\\\/#article\",\"isPartOf\":{\"@id\":\"https:\\\/\\\/news.save.ch\\\/video-einsatz-am-arbeitsplatz-waechst\\\/\"},\"author\":{\"name\":\"admin\",\"@id\":\"https:\\\/\\\/news.save.ch\\\/de\\\/#\\\/schema\\\/person\\\/d49e199490bad7c70d64b9ab51142f2b\"},\"headline\":\"Video-Einsatz am Arbeitsplatz w\u00e4chst\",\"datePublished\":\"2016-08-18T05:50:12+00:00\",\"dateModified\":\"2023-03-14T07:57:14+00:00\",\"mainEntityOfPage\":{\"@id\":\"https:\\\/\\\/news.save.ch\\\/video-einsatz-am-arbeitsplatz-waechst\\\/\"},\"wordCount\":452,\"commentCount\":0,\"publisher\":{\"@id\":\"https:\\\/\\\/news.save.ch\\\/de\\\/#organization\"},\"image\":{\"@id\":\"https:\\\/\\\/news.save.ch\\\/video-einsatz-am-arbeitsplatz-waechst\\\/#primaryimage\"},\"thumbnailUrl\":\"https:\\\/\\\/news.save.ch\\\/wp-content\\\/uploads\\\/2016\\\/12\\\/Video-Einsatz-am-Arbeitsplatz-waechst-it-security.jpg\",\"keywords\":[\"IT-SECURITY\",\"Studie\"],\"articleSection\":[\"DIGITALISIERUNG\"],\"inLanguage\":\"de\"},{\"@type\":\"WebPage\",\"@id\":\"https:\\\/\\\/news.save.ch\\\/video-einsatz-am-arbeitsplatz-waechst\\\/\",\"url\":\"https:\\\/\\\/news.save.ch\\\/video-einsatz-am-arbeitsplatz-waechst\\\/\",\"name\":\"Video-Einsatz am Arbeitsplatz w\u00e4chst - Save\",\"isPartOf\":{\"@id\":\"https:\\\/\\\/news.save.ch\\\/de\\\/#website\"},\"primaryImageOfPage\":{\"@id\":\"https:\\\/\\\/news.save.ch\\\/video-einsatz-am-arbeitsplatz-waechst\\\/#primaryimage\"},\"image\":{\"@id\":\"https:\\\/\\\/news.save.ch\\\/video-einsatz-am-arbeitsplatz-waechst\\\/#primaryimage\"},\"thumbnailUrl\":\"https:\\\/\\\/news.save.ch\\\/wp-content\\\/uploads\\\/2016\\\/12\\\/Video-Einsatz-am-Arbeitsplatz-waechst-it-security.jpg\",\"datePublished\":\"2016-08-18T05:50:12+00:00\",\"dateModified\":\"2023-03-14T07:57:14+00:00\",\"description\":\"Die Video-Kommunikation entwickelt sich zum zentralen Element bei der Zusammenarbeit.\",\"breadcrumb\":{\"@id\":\"https:\\\/\\\/news.save.ch\\\/video-einsatz-am-arbeitsplatz-waechst\\\/#breadcrumb\"},\"inLanguage\":\"de\",\"potentialAction\":[{\"@type\":\"ReadAction\",\"target\":[\"https:\\\/\\\/news.save.ch\\\/video-einsatz-am-arbeitsplatz-waechst\\\/\"]}]},{\"@type\":\"ImageObject\",\"inLanguage\":\"de\",\"@id\":\"https:\\\/\\\/news.save.ch\\\/video-einsatz-am-arbeitsplatz-waechst\\\/#primaryimage\",\"url\":\"https:\\\/\\\/news.save.ch\\\/wp-content\\\/uploads\\\/2016\\\/12\\\/Video-Einsatz-am-Arbeitsplatz-waechst-it-security.jpg\",\"contentUrl\":\"https:\\\/\\\/news.save.ch\\\/wp-content\\\/uploads\\\/2016\\\/12\\\/Video-Einsatz-am-Arbeitsplatz-waechst-it-security.jpg\",\"width\":1000,\"height\":667,\"caption\":\"\u00a9 depositphotos\"},{\"@type\":\"BreadcrumbList\",\"@id\":\"https:\\\/\\\/news.save.ch\\\/video-einsatz-am-arbeitsplatz-waechst\\\/#breadcrumb\",\"itemListElement\":[{\"@type\":\"ListItem\",\"position\":1,\"name\":\"Home\",\"item\":\"https:\\\/\\\/news.save.ch\\\/de\\\/\"},{\"@type\":\"ListItem\",\"position\":2,\"name\":\"Video-Einsatz am Arbeitsplatz w\u00e4chst\"}]},{\"@type\":\"WebSite\",\"@id\":\"https:\\\/\\\/news.save.ch\\\/de\\\/#website\",\"url\":\"https:\\\/\\\/news.save.ch\\\/de\\\/\",\"name\":\"Save\",\"description\":\"Schweizer Fachzeitschrift f\u00fcr Sicherheit\",\"publisher\":{\"@id\":\"https:\\\/\\\/news.save.ch\\\/de\\\/#organization\"},\"potentialAction\":[{\"@type\":\"SearchAction\",\"target\":{\"@type\":\"EntryPoint\",\"urlTemplate\":\"https:\\\/\\\/news.save.ch\\\/de\\\/?s={search_term_string}\"},\"query-input\":{\"@type\":\"PropertyValueSpecification\",\"valueRequired\":true,\"valueName\":\"search_term_string\"}}],\"inLanguage\":\"de\"},{\"@type\":\"Organization\",\"@id\":\"https:\\\/\\\/news.save.ch\\\/de\\\/#organization\",\"name\":\"Sicherheitsforum\",\"url\":\"https:\\\/\\\/news.save.ch\\\/de\\\/\",\"logo\":{\"@type\":\"ImageObject\",\"inLanguage\":\"de\",\"@id\":\"https:\\\/\\\/news.save.ch\\\/de\\\/#\\\/schema\\\/logo\\\/image\\\/\",\"url\":\"https:\\\/\\\/news.save.ch\\\/wp-content\\\/uploads\\\/2022\\\/06\\\/Logo_SF_2012.png\",\"contentUrl\":\"https:\\\/\\\/news.save.ch\\\/wp-content\\\/uploads\\\/2022\\\/06\\\/Logo_SF_2012.png\",\"width\":1100,\"height\":91,\"caption\":\"Sicherheitsforum\"},\"image\":{\"@id\":\"https:\\\/\\\/news.save.ch\\\/de\\\/#\\\/schema\\\/logo\\\/image\\\/\"}},{\"@type\":\"Person\",\"@id\":\"https:\\\/\\\/news.save.ch\\\/de\\\/#\\\/schema\\\/person\\\/d49e199490bad7c70d64b9ab51142f2b\",\"name\":\"admin\",\"image\":{\"@type\":\"ImageObject\",\"inLanguage\":\"de\",\"@id\":\"https:\\\/\\\/secure.gravatar.com\\\/avatar\\\/ae2f4d718e6c49043e314ce431e7e645d646302a24a5ef5a8bc8e3f5a032e319?s=96&d=mm&r=g\",\"url\":\"https:\\\/\\\/secure.gravatar.com\\\/avatar\\\/ae2f4d718e6c49043e314ce431e7e645d646302a24a5ef5a8bc8e3f5a032e319?s=96&d=mm&r=g\",\"contentUrl\":\"https:\\\/\\\/secure.gravatar.com\\\/avatar\\\/ae2f4d718e6c49043e314ce431e7e645d646302a24a5ef5a8bc8e3f5a032e319?s=96&d=mm&r=g\",\"caption\":\"admin\"},\"sameAs\":[\"https:\\\/\\\/develop.organisator.galledia.ch\"],\"url\":\"https:\\\/\\\/news.save.ch\\\/de\\\/author\\\/admin\\\/\"}]}<\/script>\n<!-- \/ Yoast SEO plugin. -->","yoast_head_json":{"title":"Video-Einsatz am Arbeitsplatz w\u00e4chst - Save","description":"Die Video-Kommunikation entwickelt sich zum zentralen Element bei der Zusammenarbeit.","robots":{"index":"index","follow":"follow","max-snippet":"max-snippet:-1","max-image-preview":"max-image-preview:large","max-video-preview":"max-video-preview:-1"},"canonical":"https:\/\/news.save.ch\/de\/video-einsatz-am-arbeitsplatz-waechst\/","og_locale":"de_DE","og_type":"article","og_title":"Video-Einsatz am Arbeitsplatz w\u00e4chst","og_description":"Die Video-Kommunikation entwickelt sich zum zentralen Element bei der Zusammenarbeit. Cloud-basierte Collaboration-L\u00f6sungen f\u00f6rdern den Trend, zumal Sicherheitsbedenken kaum ein Thema sind.","og_url":"https:\/\/news.save.ch\/de\/video-einsatz-am-arbeitsplatz-waechst\/","og_site_name":"Save","article_published_time":"2016-08-18T05:50:12+00:00","article_modified_time":"2023-03-14T07:57:14+00:00","og_image":[{"url":"https:\/\/news.save.ch\/wp-content\/uploads\/2016\/12\/Video-Einsatz-am-Arbeitsplatz-w\u00e4chst-it-security.jpg","type":"","width":"","height":""}],"author":"admin","twitter_card":"summary_large_image","twitter_misc":{"Geschrieben von":"admin","Gesch\u00e4tzte Lesezeit":"2\u00a0Minuten"},"schema":{"@context":"https:\/\/schema.org","@graph":[{"@type":"Article","@id":"https:\/\/news.save.ch\/video-einsatz-am-arbeitsplatz-waechst\/#article","isPartOf":{"@id":"https:\/\/news.save.ch\/video-einsatz-am-arbeitsplatz-waechst\/"},"author":{"name":"admin","@id":"https:\/\/news.save.ch\/de\/#\/schema\/person\/d49e199490bad7c70d64b9ab51142f2b"},"headline":"Video-Einsatz am Arbeitsplatz w\u00e4chst","datePublished":"2016-08-18T05:50:12+00:00","dateModified":"2023-03-14T07:57:14+00:00","mainEntityOfPage":{"@id":"https:\/\/news.save.ch\/video-einsatz-am-arbeitsplatz-waechst\/"},"wordCount":452,"commentCount":0,"publisher":{"@id":"https:\/\/news.save.ch\/de\/#organization"},"image":{"@id":"https:\/\/news.save.ch\/video-einsatz-am-arbeitsplatz-waechst\/#primaryimage"},"thumbnailUrl":"https:\/\/news.save.ch\/wp-content\/uploads\/2016\/12\/Video-Einsatz-am-Arbeitsplatz-waechst-it-security.jpg","keywords":["IT-SECURITY","Studie"],"articleSection":["DIGITALISIERUNG"],"inLanguage":"de"},{"@type":"WebPage","@id":"https:\/\/news.save.ch\/video-einsatz-am-arbeitsplatz-waechst\/","url":"https:\/\/news.save.ch\/video-einsatz-am-arbeitsplatz-waechst\/","name":"Video-Einsatz am Arbeitsplatz w\u00e4chst - Save","isPartOf":{"@id":"https:\/\/news.save.ch\/de\/#website"},"primaryImageOfPage":{"@id":"https:\/\/news.save.ch\/video-einsatz-am-arbeitsplatz-waechst\/#primaryimage"},"image":{"@id":"https:\/\/news.save.ch\/video-einsatz-am-arbeitsplatz-waechst\/#primaryimage"},"thumbnailUrl":"https:\/\/news.save.ch\/wp-content\/uploads\/2016\/12\/Video-Einsatz-am-Arbeitsplatz-waechst-it-security.jpg","datePublished":"2016-08-18T05:50:12+00:00","dateModified":"2023-03-14T07:57:14+00:00","description":"Die Video-Kommunikation entwickelt sich zum zentralen Element bei der Zusammenarbeit.","breadcrumb":{"@id":"https:\/\/news.save.ch\/video-einsatz-am-arbeitsplatz-waechst\/#breadcrumb"},"inLanguage":"de","potentialAction":[{"@type":"ReadAction","target":["https:\/\/news.save.ch\/video-einsatz-am-arbeitsplatz-waechst\/"]}]},{"@type":"ImageObject","inLanguage":"de","@id":"https:\/\/news.save.ch\/video-einsatz-am-arbeitsplatz-waechst\/#primaryimage","url":"https:\/\/news.save.ch\/wp-content\/uploads\/2016\/12\/Video-Einsatz-am-Arbeitsplatz-waechst-it-security.jpg","contentUrl":"https:\/\/news.save.ch\/wp-content\/uploads\/2016\/12\/Video-Einsatz-am-Arbeitsplatz-waechst-it-security.jpg","width":1000,"height":667,"caption":"\u00a9 depositphotos"},{"@type":"BreadcrumbList","@id":"https:\/\/news.save.ch\/video-einsatz-am-arbeitsplatz-waechst\/#breadcrumb","itemListElement":[{"@type":"ListItem","position":1,"name":"Home","item":"https:\/\/news.save.ch\/de\/"},{"@type":"ListItem","position":2,"name":"Video-Einsatz am Arbeitsplatz w\u00e4chst"}]},{"@type":"WebSite","@id":"https:\/\/news.save.ch\/de\/#website","url":"https:\/\/news.save.ch\/de\/","name":"Save","description":"Schweizer Fachzeitschrift f\u00fcr Sicherheit","publisher":{"@id":"https:\/\/news.save.ch\/de\/#organization"},"potentialAction":[{"@type":"SearchAction","target":{"@type":"EntryPoint","urlTemplate":"https:\/\/news.save.ch\/de\/?s={search_term_string}"},"query-input":{"@type":"PropertyValueSpecification","valueRequired":true,"valueName":"search_term_string"}}],"inLanguage":"de"},{"@type":"Organization","@id":"https:\/\/news.save.ch\/de\/#organization","name":"Sicherheitsforum","url":"https:\/\/news.save.ch\/de\/","logo":{"@type":"ImageObject","inLanguage":"de","@id":"https:\/\/news.save.ch\/de\/#\/schema\/logo\/image\/","url":"https:\/\/news.save.ch\/wp-content\/uploads\/2022\/06\/Logo_SF_2012.png","contentUrl":"https:\/\/news.save.ch\/wp-content\/uploads\/2022\/06\/Logo_SF_2012.png","width":1100,"height":91,"caption":"Sicherheitsforum"},"image":{"@id":"https:\/\/news.save.ch\/de\/#\/schema\/logo\/image\/"}},{"@type":"Person","@id":"https:\/\/news.save.ch\/de\/#\/schema\/person\/d49e199490bad7c70d64b9ab51142f2b","name":"admin","image":{"@type":"ImageObject","inLanguage":"de","@id":"https:\/\/secure.gravatar.com\/avatar\/ae2f4d718e6c49043e314ce431e7e645d646302a24a5ef5a8bc8e3f5a032e319?s=96&d=mm&r=g","url":"https:\/\/secure.gravatar.com\/avatar\/ae2f4d718e6c49043e314ce431e7e645d646302a24a5ef5a8bc8e3f5a032e319?s=96&d=mm&r=g","contentUrl":"https:\/\/secure.gravatar.com\/avatar\/ae2f4d718e6c49043e314ce431e7e645d646302a24a5ef5a8bc8e3f5a032e319?s=96&d=mm&r=g","caption":"admin"},"sameAs":["https:\/\/develop.organisator.galledia.ch"],"url":"https:\/\/news.save.ch\/de\/author\/admin\/"}]}},"_links":{"self":[{"href":"https:\/\/news.save.ch\/de\/wp-json\/wp\/v2\/posts\/1321","targetHints":{"allow":["GET"]}}],"collection":[{"href":"https:\/\/news.save.ch\/de\/wp-json\/wp\/v2\/posts"}],"about":[{"href":"https:\/\/news.save.ch\/de\/wp-json\/wp\/v2\/types\/post"}],"author":[{"embeddable":true,"href":"https:\/\/news.save.ch\/de\/wp-json\/wp\/v2\/users\/1"}],"replies":[{"embeddable":true,"href":"https:\/\/news.save.ch\/de\/wp-json\/wp\/v2\/comments?post=1321"}],"version-history":[{"count":1,"href":"https:\/\/news.save.ch\/de\/wp-json\/wp\/v2\/posts\/1321\/revisions"}],"predecessor-version":[{"id":17587,"href":"https:\/\/news.save.ch\/de\/wp-json\/wp\/v2\/posts\/1321\/revisions\/17587"}],"wp:featuredmedia":[{"embeddable":true,"href":"https:\/\/news.save.ch\/de\/wp-json\/wp\/v2\/media\/1322"}],"wp:attachment":[{"href":"https:\/\/news.save.ch\/de\/wp-json\/wp\/v2\/media?parent=1321"}],"wp:term":[{"taxonomy":"category","embeddable":true,"href":"https:\/\/news.save.ch\/de\/wp-json\/wp\/v2\/categories?post=1321"},{"taxonomy":"post_tag","embeddable":true,"href":"https:\/\/news.save.ch\/de\/wp-json\/wp\/v2\/tags?post=1321"}],"curies":[{"name":"wp","href":"https:\/\/api.w.org\/{rel}","templated":true}]}}