{"id":13391,"date":"2022-01-20T08:25:26","date_gmt":"2022-01-20T07:25:26","guid":{"rendered":"https:\/\/news.save.ch\/?p=13391"},"modified":"2023-08-16T06:16:30","modified_gmt":"2023-08-16T04:16:30","slug":"swiss-safety-center-ag-robin-seitz-wird-neuer-qualitaetsleiter-der-svti-gruppe","status":null,"type":"post","link":"https:\/\/news.save.ch\/de\/swiss-safety-center-ag-robin-seitz-wird-neuer-qualitaetsleiter-der-svti-gruppe\/","title":{"rendered":"Robin Setz wird neuer Qualit\u00e4tsleiter der SVTI-Gruppe"},"content":{"rendered":"<figure id=\"attachment_13393\" aria-describedby=\"caption-attachment-13393\" style=\"width: 816px\" class=\"wp-caption alignleft\"><img loading=\"lazy\" decoding=\"async\" class=\"wp-image-13393 size-full\" src=\"https:\/\/news.save.ch\/wp-content\/uploads\/2022\/01\/Seitz_teaser.jpg\" alt=\"Qualit\u00e4tsmanagement\" width=\"816\" height=\"773\" srcset=\"https:\/\/news.save.ch\/wp-content\/uploads\/2022\/01\/Seitz_teaser.jpg 816w, https:\/\/news.save.ch\/wp-content\/uploads\/2022\/01\/Seitz_teaser-317x300.jpg 317w\" sizes=\"auto, (max-width: 816px) 100vw, 816px\" \/><figcaption id=\"caption-attachment-13393\" class=\"wp-caption-text\">Quelle: SVTI<\/figcaption><\/figure>\n<p>Seit November 2021 ist Robin Setz in der Unternehmens-Gruppe t\u00e4tig und hat die Verantwortung f\u00fcr s\u00e4mtliche QM-Belange sowohl f\u00fcr den SVTI Schweizerischer Verein f\u00fcr technische Inspektionen wie auch f\u00fcr die Swiss Safety Center AG \u00fcbernommen. Er tritt die Nachfolge von Dr. Elisabetta Ramsperger-Prati an. Der SVTI z\u00e4hlt zu den wichtigsten Schweizer Institutionen auf dem Gebiet der technischen Sicherheitsaufsicht. Der Zweck des SVTI liegt in der Verh\u00fctung von Unf\u00e4llen, St\u00f6rungen und Sch\u00e4den und der Beseitigung von Gefahren bei der Herstellung und dem Betrieb technischer Anlagen aller Art.<\/p>\n<p>Robin Setz ist ein Experte f\u00fcr Qualit\u00e4tsmanagement, Projekt- und Prozessmanagement. Er bringt langj\u00e4hrige Erfahrung mit und arbeitete in verschiedensten Projekt- und Qualit\u00e4tsmanagement-Funktionen bei international t\u00e4tigen Unternehmen. Zuletzt war er als Leiter Prozessmanagement und Qualit\u00e4t bei einem Industrieunternehmen f\u00fcr den Aufbau und die Einf\u00fchrung des Prozess- und Qualit\u00e4tsmanagementsystems verantwortlich. Sein Ziel ist, dass die SVTI-Gruppe \u00fcber ein modernes Qualit\u00e4tsmanagementsystem verf\u00fcgt, das von Mitarbeitenden, F\u00fchrungskr\u00e4ften, Kundinnen und Kunden wie auch Auditorinnen und Auditoren gleichermassen gesch\u00e4tzt und gelebt wird.<\/p>\n<p>Durch seine Nebent\u00e4tigkeit als Dozent in Projekt- und Prozessmanagement an der Fachhochschule Graub\u00fcnden ist es ihm m\u00f6glich, eine Br\u00fccke zwischen Theorie und Praxis zu schlagen.<\/p>\n<p><em>Quelle: Medienmitteilung<\/em><\/p>\n","protected":false},"excerpt":{"rendered":"<p>Seit November 2021 ist Robin Setz in der Unternehmens-Gruppe t\u00e4tig und hat die Verantwortung f\u00fcr s\u00e4mtliche QM-Belange sowohl f\u00fcr den SVTI Schweizerischer Verein f\u00fcr technische Inspektionen wie auch f\u00fcr die Swiss Safety Center AG \u00fcbernommen. Er tritt die Nachfolge von Dr. Elisabetta Ramsperger-Prati an. Der SVTI z\u00e4hlt zu den wichtigsten Schweizer Institutionen auf dem Gebiet [&hellip;]<\/p>\n","protected":false},"author":9,"featured_media":13393,"comment_status":"closed","ping_status":"closed","sticky":false,"template":"","format":"standard","meta":{"_acf_changed":false,"pgc_sgb_lightbox_settings":"","footnotes":""},"categories":[1],"tags":[4943,813,4942,446,1234],"class_list":["post-13391","post","type-post","status-publish","format-standard","has-post-thumbnail","hentry","category-allgemein","tag-prozessmanagement","tag-qualitaetsmanagement","tag-robin-setz","tag-svti","tag-swiss-safety-center-ag"],"acf":[],"hkrextid":null,"publication":null,"issue":null,"workflow":null,"startPage":null,"spitzmarke":null,"_posts_by_tag_page_fields":{"widget_title":"","widget_tags":""},"_at_widget":"1","_yoast_wpseo_primary_category":"","_yoast_wpseo_focuskw_text_input":null,"_yoast_wpseo_opengraph-image":null,"_yoast_wpseo_opengraph-description":null,"_yoast_wpseo_opengraph-title":null,"enclosure":null,"_yoast_wpseo_twitter-title":null,"_yoast_wpseo_twitter-description":null,"_yoast_wpseo_twitter-image":null,"_wp_old_slug":null,"_yoast_wpseo_title":null,"_yoast_wpseo_canonical":null,"yoast_head":"<!-- This site is optimized with the Yoast SEO plugin v27.5 - https:\/\/yoast.com\/product\/yoast-seo-wordpress\/ -->\n<title>Robin Setz wird neuer Qualit\u00e4tsleiter der SVTI-Gruppe - Save<\/title>\n<meta name=\"description\" content=\"Im Zuge der Nachfolgeregelung im Bereich Qualit\u00e4tsmanagement wurde Robin Setz zum neuen Qualit\u00e4tsmanagement-Beauftragten der SVTI-Gruppe ernannt. In seiner Funktion ist er auch Mitglied der erweiterten Gesch\u00e4ftsleitung.\" \/>\n<meta name=\"robots\" content=\"index, follow, max-snippet:-1, max-image-preview:large, max-video-preview:-1\" \/>\n<link rel=\"canonical\" href=\"https:\/\/news.save.ch\/de\/swiss-safety-center-ag-robin-seitz-wird-neuer-qualitaetsleiter-der-svti-gruppe\/\" \/>\n<meta property=\"og:locale\" content=\"de_DE\" \/>\n<meta property=\"og:type\" content=\"article\" \/>\n<meta property=\"og:title\" content=\"Robin Setz wird neuer Qualit\u00e4tsleiter der SVTI-Gruppe - Save\" \/>\n<meta property=\"og:description\" content=\"Im Zuge der Nachfolgeregelung im Bereich Qualit\u00e4tsmanagement wurde Robin Setz zum neuen Qualit\u00e4tsmanagement-Beauftragten der SVTI-Gruppe ernannt. In seiner Funktion ist er auch Mitglied der erweiterten Gesch\u00e4ftsleitung.\" \/>\n<meta property=\"og:url\" content=\"https:\/\/news.save.ch\/de\/swiss-safety-center-ag-robin-seitz-wird-neuer-qualitaetsleiter-der-svti-gruppe\/\" \/>\n<meta property=\"og:site_name\" content=\"Save\" \/>\n<meta property=\"article:published_time\" content=\"2022-01-20T07:25:26+00:00\" \/>\n<meta property=\"article:modified_time\" content=\"2023-08-16T04:16:30+00:00\" \/>\n<meta property=\"og:image\" content=\"https:\/\/news.save.ch\/wp-content\/uploads\/2022\/01\/Seitz_teaser.jpg\" \/>\n\t<meta property=\"og:image:width\" content=\"816\" \/>\n\t<meta property=\"og:image:height\" content=\"773\" \/>\n\t<meta property=\"og:image:type\" content=\"image\/jpeg\" \/>\n<meta name=\"author\" content=\"Simon Gr\u00f6flin\" \/>\n<meta name=\"twitter:card\" content=\"summary_large_image\" \/>\n<meta name=\"twitter:label1\" content=\"Geschrieben von\" \/>\n\t<meta name=\"twitter:data1\" content=\"Simon Gr\u00f6flin\" \/>\n\t<meta name=\"twitter:label2\" content=\"Gesch\u00e4tzte Lesezeit\" \/>\n\t<meta name=\"twitter:data2\" content=\"2\u00a0Minuten\" \/>\n<script type=\"application\/ld+json\" class=\"yoast-schema-graph\">{\"@context\":\"https:\\\/\\\/schema.org\",\"@graph\":[{\"@type\":\"Article\",\"@id\":\"https:\\\/\\\/news.save.ch\\\/swiss-safety-center-ag-robin-seitz-wird-neuer-qualitaetsleiter-der-svti-gruppe\\\/#article\",\"isPartOf\":{\"@id\":\"https:\\\/\\\/news.save.ch\\\/swiss-safety-center-ag-robin-seitz-wird-neuer-qualitaetsleiter-der-svti-gruppe\\\/\"},\"author\":{\"name\":\"Simon Gr\u00f6flin\",\"@id\":\"https:\\\/\\\/news.save.ch\\\/de\\\/#\\\/schema\\\/person\\\/ad4ef21102fd6125312409ac57d5296d\"},\"headline\":\"Robin Setz wird neuer Qualit\u00e4tsleiter der SVTI-Gruppe\",\"datePublished\":\"2022-01-20T07:25:26+00:00\",\"dateModified\":\"2023-08-16T04:16:30+00:00\",\"mainEntityOfPage\":{\"@id\":\"https:\\\/\\\/news.save.ch\\\/swiss-safety-center-ag-robin-seitz-wird-neuer-qualitaetsleiter-der-svti-gruppe\\\/\"},\"wordCount\":234,\"publisher\":{\"@id\":\"https:\\\/\\\/news.save.ch\\\/de\\\/#organization\"},\"image\":{\"@id\":\"https:\\\/\\\/news.save.ch\\\/swiss-safety-center-ag-robin-seitz-wird-neuer-qualitaetsleiter-der-svti-gruppe\\\/#primaryimage\"},\"thumbnailUrl\":\"https:\\\/\\\/news.save.ch\\\/wp-content\\\/uploads\\\/2022\\\/01\\\/Seitz_teaser.jpg\",\"keywords\":[\"Prozessmanagement\",\"Qualit\u00e4tsmanagement\",\"Robin Setz\",\"SVTI\",\"Swiss Safety Center AG\"],\"articleSection\":[\"ALLGEMEIN\"],\"inLanguage\":\"de\"},{\"@type\":\"WebPage\",\"@id\":\"https:\\\/\\\/news.save.ch\\\/swiss-safety-center-ag-robin-seitz-wird-neuer-qualitaetsleiter-der-svti-gruppe\\\/\",\"url\":\"https:\\\/\\\/news.save.ch\\\/swiss-safety-center-ag-robin-seitz-wird-neuer-qualitaetsleiter-der-svti-gruppe\\\/\",\"name\":\"Robin Setz wird neuer Qualit\u00e4tsleiter der SVTI-Gruppe - Save\",\"isPartOf\":{\"@id\":\"https:\\\/\\\/news.save.ch\\\/de\\\/#website\"},\"primaryImageOfPage\":{\"@id\":\"https:\\\/\\\/news.save.ch\\\/swiss-safety-center-ag-robin-seitz-wird-neuer-qualitaetsleiter-der-svti-gruppe\\\/#primaryimage\"},\"image\":{\"@id\":\"https:\\\/\\\/news.save.ch\\\/swiss-safety-center-ag-robin-seitz-wird-neuer-qualitaetsleiter-der-svti-gruppe\\\/#primaryimage\"},\"thumbnailUrl\":\"https:\\\/\\\/news.save.ch\\\/wp-content\\\/uploads\\\/2022\\\/01\\\/Seitz_teaser.jpg\",\"datePublished\":\"2022-01-20T07:25:26+00:00\",\"dateModified\":\"2023-08-16T04:16:30+00:00\",\"description\":\"Im Zuge der Nachfolgeregelung im Bereich Qualit\u00e4tsmanagement wurde Robin Setz zum neuen Qualit\u00e4tsmanagement-Beauftragten der SVTI-Gruppe ernannt. In seiner Funktion ist er auch Mitglied der erweiterten Gesch\u00e4ftsleitung.\",\"breadcrumb\":{\"@id\":\"https:\\\/\\\/news.save.ch\\\/swiss-safety-center-ag-robin-seitz-wird-neuer-qualitaetsleiter-der-svti-gruppe\\\/#breadcrumb\"},\"inLanguage\":\"de\",\"potentialAction\":[{\"@type\":\"ReadAction\",\"target\":[\"https:\\\/\\\/news.save.ch\\\/swiss-safety-center-ag-robin-seitz-wird-neuer-qualitaetsleiter-der-svti-gruppe\\\/\"]}]},{\"@type\":\"ImageObject\",\"inLanguage\":\"de\",\"@id\":\"https:\\\/\\\/news.save.ch\\\/swiss-safety-center-ag-robin-seitz-wird-neuer-qualitaetsleiter-der-svti-gruppe\\\/#primaryimage\",\"url\":\"https:\\\/\\\/news.save.ch\\\/wp-content\\\/uploads\\\/2022\\\/01\\\/Seitz_teaser.jpg\",\"contentUrl\":\"https:\\\/\\\/news.save.ch\\\/wp-content\\\/uploads\\\/2022\\\/01\\\/Seitz_teaser.jpg\",\"width\":816,\"height\":773,\"caption\":\"Robin Seitz wird neuer Qualit\u00e4tsleiter der SVTI-Gruppe\"},{\"@type\":\"BreadcrumbList\",\"@id\":\"https:\\\/\\\/news.save.ch\\\/swiss-safety-center-ag-robin-seitz-wird-neuer-qualitaetsleiter-der-svti-gruppe\\\/#breadcrumb\",\"itemListElement\":[{\"@type\":\"ListItem\",\"position\":1,\"name\":\"Home\",\"item\":\"https:\\\/\\\/news.save.ch\\\/de\\\/\"},{\"@type\":\"ListItem\",\"position\":2,\"name\":\"Robin Setz wird neuer Qualit\u00e4tsleiter der SVTI-Gruppe\"}]},{\"@type\":\"WebSite\",\"@id\":\"https:\\\/\\\/news.save.ch\\\/de\\\/#website\",\"url\":\"https:\\\/\\\/news.save.ch\\\/de\\\/\",\"name\":\"Save\",\"description\":\"Schweizer Fachzeitschrift f\u00fcr Sicherheit\",\"publisher\":{\"@id\":\"https:\\\/\\\/news.save.ch\\\/de\\\/#organization\"},\"potentialAction\":[{\"@type\":\"SearchAction\",\"target\":{\"@type\":\"EntryPoint\",\"urlTemplate\":\"https:\\\/\\\/news.save.ch\\\/de\\\/?s={search_term_string}\"},\"query-input\":{\"@type\":\"PropertyValueSpecification\",\"valueRequired\":true,\"valueName\":\"search_term_string\"}}],\"inLanguage\":\"de\"},{\"@type\":\"Organization\",\"@id\":\"https:\\\/\\\/news.save.ch\\\/de\\\/#organization\",\"name\":\"Sicherheitsforum\",\"url\":\"https:\\\/\\\/news.save.ch\\\/de\\\/\",\"logo\":{\"@type\":\"ImageObject\",\"inLanguage\":\"de\",\"@id\":\"https:\\\/\\\/news.save.ch\\\/de\\\/#\\\/schema\\\/logo\\\/image\\\/\",\"url\":\"https:\\\/\\\/news.save.ch\\\/wp-content\\\/uploads\\\/2022\\\/06\\\/Logo_SF_2012.png\",\"contentUrl\":\"https:\\\/\\\/news.save.ch\\\/wp-content\\\/uploads\\\/2022\\\/06\\\/Logo_SF_2012.png\",\"width\":1100,\"height\":91,\"caption\":\"Sicherheitsforum\"},\"image\":{\"@id\":\"https:\\\/\\\/news.save.ch\\\/de\\\/#\\\/schema\\\/logo\\\/image\\\/\"}},{\"@type\":\"Person\",\"@id\":\"https:\\\/\\\/news.save.ch\\\/de\\\/#\\\/schema\\\/person\\\/ad4ef21102fd6125312409ac57d5296d\",\"name\":\"Simon Gr\u00f6flin\",\"image\":{\"@type\":\"ImageObject\",\"inLanguage\":\"de\",\"@id\":\"https:\\\/\\\/secure.gravatar.com\\\/avatar\\\/6ddceb80eb734354635539e0ea5140bb7c41e42de7c45c9a2ab9921b5d5c9a83?s=96&d=mm&r=g\",\"url\":\"https:\\\/\\\/secure.gravatar.com\\\/avatar\\\/6ddceb80eb734354635539e0ea5140bb7c41e42de7c45c9a2ab9921b5d5c9a83?s=96&d=mm&r=g\",\"contentUrl\":\"https:\\\/\\\/secure.gravatar.com\\\/avatar\\\/6ddceb80eb734354635539e0ea5140bb7c41e42de7c45c9a2ab9921b5d5c9a83?s=96&d=mm&r=g\",\"caption\":\"Simon Gr\u00f6flin\"},\"url\":\"https:\\\/\\\/news.save.ch\\\/de\\\/author\\\/simon-groeflin\\\/\"}]}<\/script>\n<!-- \/ Yoast SEO plugin. -->","yoast_head_json":{"title":"Robin Setz wird neuer Qualit\u00e4tsleiter der SVTI-Gruppe - Save","description":"Im Zuge der Nachfolgeregelung im Bereich Qualit\u00e4tsmanagement wurde Robin Setz zum neuen Qualit\u00e4tsmanagement-Beauftragten der SVTI-Gruppe ernannt. In seiner Funktion ist er auch Mitglied der erweiterten Gesch\u00e4ftsleitung.","robots":{"index":"index","follow":"follow","max-snippet":"max-snippet:-1","max-image-preview":"max-image-preview:large","max-video-preview":"max-video-preview:-1"},"canonical":"https:\/\/news.save.ch\/de\/swiss-safety-center-ag-robin-seitz-wird-neuer-qualitaetsleiter-der-svti-gruppe\/","og_locale":"de_DE","og_type":"article","og_title":"Robin Setz wird neuer Qualit\u00e4tsleiter der SVTI-Gruppe - Save","og_description":"Im Zuge der Nachfolgeregelung im Bereich Qualit\u00e4tsmanagement wurde Robin Setz zum neuen Qualit\u00e4tsmanagement-Beauftragten der SVTI-Gruppe ernannt. In seiner Funktion ist er auch Mitglied der erweiterten Gesch\u00e4ftsleitung.","og_url":"https:\/\/news.save.ch\/de\/swiss-safety-center-ag-robin-seitz-wird-neuer-qualitaetsleiter-der-svti-gruppe\/","og_site_name":"Save","article_published_time":"2022-01-20T07:25:26+00:00","article_modified_time":"2023-08-16T04:16:30+00:00","og_image":[{"width":816,"height":773,"url":"https:\/\/news.save.ch\/wp-content\/uploads\/2022\/01\/Seitz_teaser.jpg","type":"image\/jpeg"}],"author":"Simon Gr\u00f6flin","twitter_card":"summary_large_image","twitter_misc":{"Geschrieben von":"Simon Gr\u00f6flin","Gesch\u00e4tzte Lesezeit":"2\u00a0Minuten"},"schema":{"@context":"https:\/\/schema.org","@graph":[{"@type":"Article","@id":"https:\/\/news.save.ch\/swiss-safety-center-ag-robin-seitz-wird-neuer-qualitaetsleiter-der-svti-gruppe\/#article","isPartOf":{"@id":"https:\/\/news.save.ch\/swiss-safety-center-ag-robin-seitz-wird-neuer-qualitaetsleiter-der-svti-gruppe\/"},"author":{"name":"Simon Gr\u00f6flin","@id":"https:\/\/news.save.ch\/de\/#\/schema\/person\/ad4ef21102fd6125312409ac57d5296d"},"headline":"Robin Setz wird neuer Qualit\u00e4tsleiter der SVTI-Gruppe","datePublished":"2022-01-20T07:25:26+00:00","dateModified":"2023-08-16T04:16:30+00:00","mainEntityOfPage":{"@id":"https:\/\/news.save.ch\/swiss-safety-center-ag-robin-seitz-wird-neuer-qualitaetsleiter-der-svti-gruppe\/"},"wordCount":234,"publisher":{"@id":"https:\/\/news.save.ch\/de\/#organization"},"image":{"@id":"https:\/\/news.save.ch\/swiss-safety-center-ag-robin-seitz-wird-neuer-qualitaetsleiter-der-svti-gruppe\/#primaryimage"},"thumbnailUrl":"https:\/\/news.save.ch\/wp-content\/uploads\/2022\/01\/Seitz_teaser.jpg","keywords":["Prozessmanagement","Qualit\u00e4tsmanagement","Robin Setz","SVTI","Swiss Safety Center AG"],"articleSection":["ALLGEMEIN"],"inLanguage":"de"},{"@type":"WebPage","@id":"https:\/\/news.save.ch\/swiss-safety-center-ag-robin-seitz-wird-neuer-qualitaetsleiter-der-svti-gruppe\/","url":"https:\/\/news.save.ch\/swiss-safety-center-ag-robin-seitz-wird-neuer-qualitaetsleiter-der-svti-gruppe\/","name":"Robin Setz wird neuer Qualit\u00e4tsleiter der SVTI-Gruppe - Save","isPartOf":{"@id":"https:\/\/news.save.ch\/de\/#website"},"primaryImageOfPage":{"@id":"https:\/\/news.save.ch\/swiss-safety-center-ag-robin-seitz-wird-neuer-qualitaetsleiter-der-svti-gruppe\/#primaryimage"},"image":{"@id":"https:\/\/news.save.ch\/swiss-safety-center-ag-robin-seitz-wird-neuer-qualitaetsleiter-der-svti-gruppe\/#primaryimage"},"thumbnailUrl":"https:\/\/news.save.ch\/wp-content\/uploads\/2022\/01\/Seitz_teaser.jpg","datePublished":"2022-01-20T07:25:26+00:00","dateModified":"2023-08-16T04:16:30+00:00","description":"Im Zuge der Nachfolgeregelung im Bereich Qualit\u00e4tsmanagement wurde Robin Setz zum neuen Qualit\u00e4tsmanagement-Beauftragten der SVTI-Gruppe ernannt. In seiner Funktion ist er auch Mitglied der erweiterten Gesch\u00e4ftsleitung.","breadcrumb":{"@id":"https:\/\/news.save.ch\/swiss-safety-center-ag-robin-seitz-wird-neuer-qualitaetsleiter-der-svti-gruppe\/#breadcrumb"},"inLanguage":"de","potentialAction":[{"@type":"ReadAction","target":["https:\/\/news.save.ch\/swiss-safety-center-ag-robin-seitz-wird-neuer-qualitaetsleiter-der-svti-gruppe\/"]}]},{"@type":"ImageObject","inLanguage":"de","@id":"https:\/\/news.save.ch\/swiss-safety-center-ag-robin-seitz-wird-neuer-qualitaetsleiter-der-svti-gruppe\/#primaryimage","url":"https:\/\/news.save.ch\/wp-content\/uploads\/2022\/01\/Seitz_teaser.jpg","contentUrl":"https:\/\/news.save.ch\/wp-content\/uploads\/2022\/01\/Seitz_teaser.jpg","width":816,"height":773,"caption":"Robin Seitz wird neuer Qualit\u00e4tsleiter der SVTI-Gruppe"},{"@type":"BreadcrumbList","@id":"https:\/\/news.save.ch\/swiss-safety-center-ag-robin-seitz-wird-neuer-qualitaetsleiter-der-svti-gruppe\/#breadcrumb","itemListElement":[{"@type":"ListItem","position":1,"name":"Home","item":"https:\/\/news.save.ch\/de\/"},{"@type":"ListItem","position":2,"name":"Robin Setz wird neuer Qualit\u00e4tsleiter der SVTI-Gruppe"}]},{"@type":"WebSite","@id":"https:\/\/news.save.ch\/de\/#website","url":"https:\/\/news.save.ch\/de\/","name":"Save","description":"Schweizer Fachzeitschrift f\u00fcr Sicherheit","publisher":{"@id":"https:\/\/news.save.ch\/de\/#organization"},"potentialAction":[{"@type":"SearchAction","target":{"@type":"EntryPoint","urlTemplate":"https:\/\/news.save.ch\/de\/?s={search_term_string}"},"query-input":{"@type":"PropertyValueSpecification","valueRequired":true,"valueName":"search_term_string"}}],"inLanguage":"de"},{"@type":"Organization","@id":"https:\/\/news.save.ch\/de\/#organization","name":"Sicherheitsforum","url":"https:\/\/news.save.ch\/de\/","logo":{"@type":"ImageObject","inLanguage":"de","@id":"https:\/\/news.save.ch\/de\/#\/schema\/logo\/image\/","url":"https:\/\/news.save.ch\/wp-content\/uploads\/2022\/06\/Logo_SF_2012.png","contentUrl":"https:\/\/news.save.ch\/wp-content\/uploads\/2022\/06\/Logo_SF_2012.png","width":1100,"height":91,"caption":"Sicherheitsforum"},"image":{"@id":"https:\/\/news.save.ch\/de\/#\/schema\/logo\/image\/"}},{"@type":"Person","@id":"https:\/\/news.save.ch\/de\/#\/schema\/person\/ad4ef21102fd6125312409ac57d5296d","name":"Simon Gr\u00f6flin","image":{"@type":"ImageObject","inLanguage":"de","@id":"https:\/\/secure.gravatar.com\/avatar\/6ddceb80eb734354635539e0ea5140bb7c41e42de7c45c9a2ab9921b5d5c9a83?s=96&d=mm&r=g","url":"https:\/\/secure.gravatar.com\/avatar\/6ddceb80eb734354635539e0ea5140bb7c41e42de7c45c9a2ab9921b5d5c9a83?s=96&d=mm&r=g","contentUrl":"https:\/\/secure.gravatar.com\/avatar\/6ddceb80eb734354635539e0ea5140bb7c41e42de7c45c9a2ab9921b5d5c9a83?s=96&d=mm&r=g","caption":"Simon Gr\u00f6flin"},"url":"https:\/\/news.save.ch\/de\/author\/simon-groeflin\/"}]}},"_links":{"self":[{"href":"https:\/\/news.save.ch\/de\/wp-json\/wp\/v2\/posts\/13391","targetHints":{"allow":["GET"]}}],"collection":[{"href":"https:\/\/news.save.ch\/de\/wp-json\/wp\/v2\/posts"}],"about":[{"href":"https:\/\/news.save.ch\/de\/wp-json\/wp\/v2\/types\/post"}],"author":[{"embeddable":true,"href":"https:\/\/news.save.ch\/de\/wp-json\/wp\/v2\/users\/9"}],"replies":[{"embeddable":true,"href":"https:\/\/news.save.ch\/de\/wp-json\/wp\/v2\/comments?post=13391"}],"version-history":[{"count":3,"href":"https:\/\/news.save.ch\/de\/wp-json\/wp\/v2\/posts\/13391\/revisions"}],"predecessor-version":[{"id":21883,"href":"https:\/\/news.save.ch\/de\/wp-json\/wp\/v2\/posts\/13391\/revisions\/21883"}],"wp:featuredmedia":[{"embeddable":true,"href":"https:\/\/news.save.ch\/de\/wp-json\/wp\/v2\/media\/13393"}],"wp:attachment":[{"href":"https:\/\/news.save.ch\/de\/wp-json\/wp\/v2\/media?parent=13391"}],"wp:term":[{"taxonomy":"category","embeddable":true,"href":"https:\/\/news.save.ch\/de\/wp-json\/wp\/v2\/categories?post=13391"},{"taxonomy":"post_tag","embeddable":true,"href":"https:\/\/news.save.ch\/de\/wp-json\/wp\/v2\/tags?post=13391"}],"curies":[{"name":"wp","href":"https:\/\/api.w.org\/{rel}","templated":true}]}}