{"id":13965,"date":"2022-04-11T09:48:41","date_gmt":"2022-04-11T07:48:41","guid":{"rendered":"https:\/\/news.save.ch\/?p=13965"},"modified":"2023-06-27T08:02:03","modified_gmt":"2023-06-27T06:02:03","slug":"eidgenoessisches-rohrleitungsinspektorat-unter-neuer-leitung","status":null,"type":"post","link":"https:\/\/news.save.ch\/de\/eidgenoessisches-rohrleitungsinspektorat-unter-neuer-leitung\/","title":{"rendered":"Eidgen\u00f6ssisches Rohrleitungsinspektorat unter neuer Leitung"},"content":{"rendered":"<figure id=\"attachment_13967\" aria-describedby=\"caption-attachment-13967\" style=\"width: 715px\" class=\"wp-caption alignleft\"><img loading=\"lazy\" decoding=\"async\" class=\"wp-image-13967 size-full\" src=\"https:\/\/news.save.ch\/wp-content\/uploads\/2022\/04\/Baechtiger.jpg\" alt=\"Rohrleitungsinspektorat\" width=\"715\" height=\"575\" srcset=\"https:\/\/news.save.ch\/wp-content\/uploads\/2022\/04\/Baechtiger.jpg 715w, https:\/\/news.save.ch\/wp-content\/uploads\/2022\/04\/Baechtiger-373x300.jpg 373w\" sizes=\"auto, (max-width: 715px) 100vw, 715px\" \/><figcaption id=\"caption-attachment-13967\" class=\"wp-caption-text\">Roger B\u00e4chtiger \u00fcbernimmt die Leitung des Eidg. Rohrinspektorats (ERI). (Bild: SVTI)<\/figcaption><\/figure>\n<p>Nach fast dreissig Jahren in der Funktion als Leiter des Eidg. Rohrleitungsinspektorates (ERI) tritt Ruedi Wendelspiess Ende M\u00e4rz 2022 in den aktiven Ruhestand. Sein umfassendes Know-how wird dem ERI, dank projektbezogener Unterst\u00fctzung, bis auf weiteres zur Verf\u00fcgung stehen. Sein Nachfolger ist Roger B\u00e4chtiger, welcher bereits seit 2019 im Eidgen\u00f6ssischen Rohrleitungsinspektorat t\u00e4tig ist. In seiner neuen Funktion ist er auch Mitglied der Gesch\u00e4ftsleitung des SVTI.<\/p>\n<p>Roger B\u00e4chtiger ist Diplomingenieur in Maschinentechnik, M.Sc. in Industrial Technologies und verf\u00fcgt \u00fcber ein Executive-MBA in General Management und Weiterbildungen u.a. in der Werkstofftechnologie. Er bringt sowohl F\u00fchrungs- wie auch Industrieerfahrung aus verschiedenen Bereichen mit, so unter anderem aus seinen vorherigen T\u00e4tigkeiten bei einem namhaften Schweizerischen Hersteller von Schienenfahrzeugen und einem b\u00f6rsenkotierten Maschinenbauunternehmen aus der Nordostschweiz. Bei Letzterem als Projektleiter und Prozessingenieur f\u00fcr Industrie- und Prozessgrossanlagen.<\/p>\n<p>Das Eidg. Rohrleitungsinspektorat (ERI) beaufsichtigt die Projektierung, den Bau und den Betrieb von Rohrleitungsanlagen zur Bef\u00f6rderung fl\u00fcssiger oder gasf\u00f6rmiger Brenn- und Treibstoffe in der Schweiz und im F\u00fcrstentum Liechtenstein, sofern diese Anlagen dem Rohrleitungsgesetz unterstellt sind. Als unabh\u00e4ngige Instanz \u2013 das ERI ist nicht dem Bundesamt f\u00fcr Energie unterstellt \u2013 ist es im SVTI, dem Schweizerischen Verein f\u00fcr technische Inspektionen, integriert. Der Zweck des SVTI liegt in der Verh\u00fctung von Unf\u00e4llen, St\u00f6rungen und Sch\u00e4den und der Beseitigung von Gefahren bei der Herstellung und dem Betrieb technischer Anlagen aller Art.<\/p>\n<p><a href=\"https:\/\/www.svti.ch\/eidg-rohrleitungsinspektorat\" target=\"_blank\" rel=\"noopener\"><em>Quelle und weitere Informationen<\/em><\/a><\/p>\n","protected":false},"excerpt":{"rendered":"<p>Nach fast dreissig Jahren in der Funktion als Leiter des Eidg. Rohrleitungsinspektorates (ERI) tritt Ruedi Wendelspiess Ende M\u00e4rz 2022 in den aktiven Ruhestand. Sein umfassendes Know-how wird dem ERI, dank projektbezogener Unterst\u00fctzung, bis auf weiteres zur Verf\u00fcgung stehen. Sein Nachfolger ist Roger B\u00e4chtiger, welcher bereits seit 2019 im Eidgen\u00f6ssischen Rohrleitungsinspektorat t\u00e4tig ist. In seiner neuen [&hellip;]<\/p>\n","protected":false},"author":9,"featured_media":13967,"comment_status":"closed","ping_status":"closed","sticky":false,"template":"","format":"standard","meta":{"_acf_changed":false,"pgc_sgb_lightbox_settings":"","footnotes":""},"categories":[1,3312],"tags":[4626,4627,4642,1403,4625,446],"class_list":["post-13965","post","type-post","status-publish","format-standard","has-post-thumbnail","hentry","category-allgemein","category-sicherheit","tag-roger-baechtiger","tag-rohrleitungsgesetz","tag-rohrleitungsinspektorat","tag-rohrleitungssysteme","tag-ruedi-wendelspiess","tag-svti"],"acf":[],"hkrextid":null,"publication":null,"issue":null,"workflow":null,"startPage":null,"spitzmarke":null,"_posts_by_tag_page_fields":{"widget_title":"","widget_tags":""},"_at_widget":"1","_yoast_wpseo_primary_category":"1","_yoast_wpseo_focuskw_text_input":null,"_yoast_wpseo_opengraph-image":null,"_yoast_wpseo_opengraph-description":null,"_yoast_wpseo_opengraph-title":null,"enclosure":null,"_yoast_wpseo_twitter-title":null,"_yoast_wpseo_twitter-description":null,"_yoast_wpseo_twitter-image":null,"_wp_old_slug":null,"_yoast_wpseo_title":null,"_yoast_wpseo_canonical":null,"yoast_head":"<!-- This site is optimized with the Yoast SEO plugin v27.5 - https:\/\/yoast.com\/product\/yoast-seo-wordpress\/ -->\n<title>Eidgen\u00f6ssisches Rohrleitungsinspektorat unter neuer Leitung - Save<\/title>\n<meta name=\"description\" content=\"Das Eidg. Rohrleitungsinspektorat steht unter neuer Leitung: Roger B\u00e4chtiger tritt die Nachfolge von Ruedi Wendelspiess an.\" \/>\n<meta name=\"robots\" content=\"index, follow, max-snippet:-1, max-image-preview:large, max-video-preview:-1\" \/>\n<link rel=\"canonical\" href=\"https:\/\/news.save.ch\/de\/eidgenoessisches-rohrleitungsinspektorat-unter-neuer-leitung\/\" \/>\n<meta property=\"og:locale\" content=\"de_DE\" \/>\n<meta property=\"og:type\" content=\"article\" \/>\n<meta property=\"og:title\" content=\"Eidgen\u00f6ssisches Rohrleitungsinspektorat unter neuer Leitung - Save\" \/>\n<meta property=\"og:description\" content=\"Das Eidg. Rohrleitungsinspektorat steht unter neuer Leitung: Roger B\u00e4chtiger tritt die Nachfolge von Ruedi Wendelspiess an.\" \/>\n<meta property=\"og:url\" content=\"https:\/\/news.save.ch\/de\/eidgenoessisches-rohrleitungsinspektorat-unter-neuer-leitung\/\" \/>\n<meta property=\"og:site_name\" content=\"Save\" \/>\n<meta property=\"article:published_time\" content=\"2022-04-11T07:48:41+00:00\" \/>\n<meta property=\"article:modified_time\" content=\"2023-06-27T06:02:03+00:00\" \/>\n<meta property=\"og:image\" content=\"https:\/\/news.save.ch\/wp-content\/uploads\/2022\/04\/Baechtiger.jpg\" \/>\n\t<meta property=\"og:image:width\" content=\"715\" \/>\n\t<meta property=\"og:image:height\" content=\"575\" \/>\n\t<meta property=\"og:image:type\" content=\"image\/jpeg\" \/>\n<meta name=\"author\" content=\"Simon Gr\u00f6flin\" \/>\n<meta name=\"twitter:card\" content=\"summary_large_image\" \/>\n<meta name=\"twitter:label1\" content=\"Geschrieben von\" \/>\n\t<meta name=\"twitter:data1\" content=\"Simon Gr\u00f6flin\" \/>\n\t<meta name=\"twitter:label2\" content=\"Gesch\u00e4tzte Lesezeit\" \/>\n\t<meta name=\"twitter:data2\" content=\"2\u00a0Minuten\" \/>\n<script type=\"application\/ld+json\" class=\"yoast-schema-graph\">{\"@context\":\"https:\\\/\\\/schema.org\",\"@graph\":[{\"@type\":\"Article\",\"@id\":\"https:\\\/\\\/news.save.ch\\\/eidgenoessisches-rohrleitungsinspektorat-unter-neuer-leitung\\\/#article\",\"isPartOf\":{\"@id\":\"https:\\\/\\\/news.save.ch\\\/eidgenoessisches-rohrleitungsinspektorat-unter-neuer-leitung\\\/\"},\"author\":{\"name\":\"Simon Gr\u00f6flin\",\"@id\":\"https:\\\/\\\/news.save.ch\\\/de\\\/#\\\/schema\\\/person\\\/ad4ef21102fd6125312409ac57d5296d\"},\"headline\":\"Eidgen\u00f6ssisches Rohrleitungsinspektorat unter neuer Leitung\",\"datePublished\":\"2022-04-11T07:48:41+00:00\",\"dateModified\":\"2023-06-27T06:02:03+00:00\",\"mainEntityOfPage\":{\"@id\":\"https:\\\/\\\/news.save.ch\\\/eidgenoessisches-rohrleitungsinspektorat-unter-neuer-leitung\\\/\"},\"wordCount\":270,\"publisher\":{\"@id\":\"https:\\\/\\\/news.save.ch\\\/de\\\/#organization\"},\"image\":{\"@id\":\"https:\\\/\\\/news.save.ch\\\/eidgenoessisches-rohrleitungsinspektorat-unter-neuer-leitung\\\/#primaryimage\"},\"thumbnailUrl\":\"https:\\\/\\\/news.save.ch\\\/wp-content\\\/uploads\\\/2022\\\/04\\\/Baechtiger.jpg\",\"keywords\":[\"Roger B\u00e4chtiger\",\"Rohrleitungsgesetz\",\"Rohrleitungsinspektorat\",\"Rohrleitungssysteme\",\"Ruedi Wendelspiess\",\"SVTI\"],\"articleSection\":[\"ALLGEMEIN\",\"SICHERHEIT\"],\"inLanguage\":\"de\"},{\"@type\":\"WebPage\",\"@id\":\"https:\\\/\\\/news.save.ch\\\/eidgenoessisches-rohrleitungsinspektorat-unter-neuer-leitung\\\/\",\"url\":\"https:\\\/\\\/news.save.ch\\\/eidgenoessisches-rohrleitungsinspektorat-unter-neuer-leitung\\\/\",\"name\":\"Eidgen\u00f6ssisches Rohrleitungsinspektorat unter neuer Leitung - Save\",\"isPartOf\":{\"@id\":\"https:\\\/\\\/news.save.ch\\\/de\\\/#website\"},\"primaryImageOfPage\":{\"@id\":\"https:\\\/\\\/news.save.ch\\\/eidgenoessisches-rohrleitungsinspektorat-unter-neuer-leitung\\\/#primaryimage\"},\"image\":{\"@id\":\"https:\\\/\\\/news.save.ch\\\/eidgenoessisches-rohrleitungsinspektorat-unter-neuer-leitung\\\/#primaryimage\"},\"thumbnailUrl\":\"https:\\\/\\\/news.save.ch\\\/wp-content\\\/uploads\\\/2022\\\/04\\\/Baechtiger.jpg\",\"datePublished\":\"2022-04-11T07:48:41+00:00\",\"dateModified\":\"2023-06-27T06:02:03+00:00\",\"description\":\"Das Eidg. Rohrleitungsinspektorat steht unter neuer Leitung: Roger B\u00e4chtiger tritt die Nachfolge von Ruedi Wendelspiess an.\",\"breadcrumb\":{\"@id\":\"https:\\\/\\\/news.save.ch\\\/eidgenoessisches-rohrleitungsinspektorat-unter-neuer-leitung\\\/#breadcrumb\"},\"inLanguage\":\"de\",\"potentialAction\":[{\"@type\":\"ReadAction\",\"target\":[\"https:\\\/\\\/news.save.ch\\\/eidgenoessisches-rohrleitungsinspektorat-unter-neuer-leitung\\\/\"]}]},{\"@type\":\"ImageObject\",\"inLanguage\":\"de\",\"@id\":\"https:\\\/\\\/news.save.ch\\\/eidgenoessisches-rohrleitungsinspektorat-unter-neuer-leitung\\\/#primaryimage\",\"url\":\"https:\\\/\\\/news.save.ch\\\/wp-content\\\/uploads\\\/2022\\\/04\\\/Baechtiger.jpg\",\"contentUrl\":\"https:\\\/\\\/news.save.ch\\\/wp-content\\\/uploads\\\/2022\\\/04\\\/Baechtiger.jpg\",\"width\":715,\"height\":575},{\"@type\":\"BreadcrumbList\",\"@id\":\"https:\\\/\\\/news.save.ch\\\/eidgenoessisches-rohrleitungsinspektorat-unter-neuer-leitung\\\/#breadcrumb\",\"itemListElement\":[{\"@type\":\"ListItem\",\"position\":1,\"name\":\"Home\",\"item\":\"https:\\\/\\\/news.save.ch\\\/de\\\/\"},{\"@type\":\"ListItem\",\"position\":2,\"name\":\"Eidgen\u00f6ssisches Rohrleitungsinspektorat unter neuer Leitung\"}]},{\"@type\":\"WebSite\",\"@id\":\"https:\\\/\\\/news.save.ch\\\/de\\\/#website\",\"url\":\"https:\\\/\\\/news.save.ch\\\/de\\\/\",\"name\":\"Save\",\"description\":\"Schweizer Fachzeitschrift f\u00fcr Sicherheit\",\"publisher\":{\"@id\":\"https:\\\/\\\/news.save.ch\\\/de\\\/#organization\"},\"potentialAction\":[{\"@type\":\"SearchAction\",\"target\":{\"@type\":\"EntryPoint\",\"urlTemplate\":\"https:\\\/\\\/news.save.ch\\\/de\\\/?s={search_term_string}\"},\"query-input\":{\"@type\":\"PropertyValueSpecification\",\"valueRequired\":true,\"valueName\":\"search_term_string\"}}],\"inLanguage\":\"de\"},{\"@type\":\"Organization\",\"@id\":\"https:\\\/\\\/news.save.ch\\\/de\\\/#organization\",\"name\":\"Sicherheitsforum\",\"url\":\"https:\\\/\\\/news.save.ch\\\/de\\\/\",\"logo\":{\"@type\":\"ImageObject\",\"inLanguage\":\"de\",\"@id\":\"https:\\\/\\\/news.save.ch\\\/de\\\/#\\\/schema\\\/logo\\\/image\\\/\",\"url\":\"https:\\\/\\\/news.save.ch\\\/wp-content\\\/uploads\\\/2022\\\/06\\\/Logo_SF_2012.png\",\"contentUrl\":\"https:\\\/\\\/news.save.ch\\\/wp-content\\\/uploads\\\/2022\\\/06\\\/Logo_SF_2012.png\",\"width\":1100,\"height\":91,\"caption\":\"Sicherheitsforum\"},\"image\":{\"@id\":\"https:\\\/\\\/news.save.ch\\\/de\\\/#\\\/schema\\\/logo\\\/image\\\/\"}},{\"@type\":\"Person\",\"@id\":\"https:\\\/\\\/news.save.ch\\\/de\\\/#\\\/schema\\\/person\\\/ad4ef21102fd6125312409ac57d5296d\",\"name\":\"Simon Gr\u00f6flin\",\"image\":{\"@type\":\"ImageObject\",\"inLanguage\":\"de\",\"@id\":\"https:\\\/\\\/secure.gravatar.com\\\/avatar\\\/6ddceb80eb734354635539e0ea5140bb7c41e42de7c45c9a2ab9921b5d5c9a83?s=96&d=mm&r=g\",\"url\":\"https:\\\/\\\/secure.gravatar.com\\\/avatar\\\/6ddceb80eb734354635539e0ea5140bb7c41e42de7c45c9a2ab9921b5d5c9a83?s=96&d=mm&r=g\",\"contentUrl\":\"https:\\\/\\\/secure.gravatar.com\\\/avatar\\\/6ddceb80eb734354635539e0ea5140bb7c41e42de7c45c9a2ab9921b5d5c9a83?s=96&d=mm&r=g\",\"caption\":\"Simon Gr\u00f6flin\"},\"url\":\"https:\\\/\\\/news.save.ch\\\/de\\\/author\\\/simon-groeflin\\\/\"}]}<\/script>\n<!-- \/ Yoast SEO plugin. -->","yoast_head_json":{"title":"Eidgen\u00f6ssisches Rohrleitungsinspektorat unter neuer Leitung - Save","description":"Das Eidg. Rohrleitungsinspektorat steht unter neuer Leitung: Roger B\u00e4chtiger tritt die Nachfolge von Ruedi Wendelspiess an.","robots":{"index":"index","follow":"follow","max-snippet":"max-snippet:-1","max-image-preview":"max-image-preview:large","max-video-preview":"max-video-preview:-1"},"canonical":"https:\/\/news.save.ch\/de\/eidgenoessisches-rohrleitungsinspektorat-unter-neuer-leitung\/","og_locale":"de_DE","og_type":"article","og_title":"Eidgen\u00f6ssisches Rohrleitungsinspektorat unter neuer Leitung - Save","og_description":"Das Eidg. Rohrleitungsinspektorat steht unter neuer Leitung: Roger B\u00e4chtiger tritt die Nachfolge von Ruedi Wendelspiess an.","og_url":"https:\/\/news.save.ch\/de\/eidgenoessisches-rohrleitungsinspektorat-unter-neuer-leitung\/","og_site_name":"Save","article_published_time":"2022-04-11T07:48:41+00:00","article_modified_time":"2023-06-27T06:02:03+00:00","og_image":[{"width":715,"height":575,"url":"https:\/\/news.save.ch\/wp-content\/uploads\/2022\/04\/Baechtiger.jpg","type":"image\/jpeg"}],"author":"Simon Gr\u00f6flin","twitter_card":"summary_large_image","twitter_misc":{"Geschrieben von":"Simon Gr\u00f6flin","Gesch\u00e4tzte Lesezeit":"2\u00a0Minuten"},"schema":{"@context":"https:\/\/schema.org","@graph":[{"@type":"Article","@id":"https:\/\/news.save.ch\/eidgenoessisches-rohrleitungsinspektorat-unter-neuer-leitung\/#article","isPartOf":{"@id":"https:\/\/news.save.ch\/eidgenoessisches-rohrleitungsinspektorat-unter-neuer-leitung\/"},"author":{"name":"Simon Gr\u00f6flin","@id":"https:\/\/news.save.ch\/de\/#\/schema\/person\/ad4ef21102fd6125312409ac57d5296d"},"headline":"Eidgen\u00f6ssisches Rohrleitungsinspektorat unter neuer Leitung","datePublished":"2022-04-11T07:48:41+00:00","dateModified":"2023-06-27T06:02:03+00:00","mainEntityOfPage":{"@id":"https:\/\/news.save.ch\/eidgenoessisches-rohrleitungsinspektorat-unter-neuer-leitung\/"},"wordCount":270,"publisher":{"@id":"https:\/\/news.save.ch\/de\/#organization"},"image":{"@id":"https:\/\/news.save.ch\/eidgenoessisches-rohrleitungsinspektorat-unter-neuer-leitung\/#primaryimage"},"thumbnailUrl":"https:\/\/news.save.ch\/wp-content\/uploads\/2022\/04\/Baechtiger.jpg","keywords":["Roger B\u00e4chtiger","Rohrleitungsgesetz","Rohrleitungsinspektorat","Rohrleitungssysteme","Ruedi Wendelspiess","SVTI"],"articleSection":["ALLGEMEIN","SICHERHEIT"],"inLanguage":"de"},{"@type":"WebPage","@id":"https:\/\/news.save.ch\/eidgenoessisches-rohrleitungsinspektorat-unter-neuer-leitung\/","url":"https:\/\/news.save.ch\/eidgenoessisches-rohrleitungsinspektorat-unter-neuer-leitung\/","name":"Eidgen\u00f6ssisches Rohrleitungsinspektorat unter neuer Leitung - Save","isPartOf":{"@id":"https:\/\/news.save.ch\/de\/#website"},"primaryImageOfPage":{"@id":"https:\/\/news.save.ch\/eidgenoessisches-rohrleitungsinspektorat-unter-neuer-leitung\/#primaryimage"},"image":{"@id":"https:\/\/news.save.ch\/eidgenoessisches-rohrleitungsinspektorat-unter-neuer-leitung\/#primaryimage"},"thumbnailUrl":"https:\/\/news.save.ch\/wp-content\/uploads\/2022\/04\/Baechtiger.jpg","datePublished":"2022-04-11T07:48:41+00:00","dateModified":"2023-06-27T06:02:03+00:00","description":"Das Eidg. Rohrleitungsinspektorat steht unter neuer Leitung: Roger B\u00e4chtiger tritt die Nachfolge von Ruedi Wendelspiess an.","breadcrumb":{"@id":"https:\/\/news.save.ch\/eidgenoessisches-rohrleitungsinspektorat-unter-neuer-leitung\/#breadcrumb"},"inLanguage":"de","potentialAction":[{"@type":"ReadAction","target":["https:\/\/news.save.ch\/eidgenoessisches-rohrleitungsinspektorat-unter-neuer-leitung\/"]}]},{"@type":"ImageObject","inLanguage":"de","@id":"https:\/\/news.save.ch\/eidgenoessisches-rohrleitungsinspektorat-unter-neuer-leitung\/#primaryimage","url":"https:\/\/news.save.ch\/wp-content\/uploads\/2022\/04\/Baechtiger.jpg","contentUrl":"https:\/\/news.save.ch\/wp-content\/uploads\/2022\/04\/Baechtiger.jpg","width":715,"height":575},{"@type":"BreadcrumbList","@id":"https:\/\/news.save.ch\/eidgenoessisches-rohrleitungsinspektorat-unter-neuer-leitung\/#breadcrumb","itemListElement":[{"@type":"ListItem","position":1,"name":"Home","item":"https:\/\/news.save.ch\/de\/"},{"@type":"ListItem","position":2,"name":"Eidgen\u00f6ssisches Rohrleitungsinspektorat unter neuer Leitung"}]},{"@type":"WebSite","@id":"https:\/\/news.save.ch\/de\/#website","url":"https:\/\/news.save.ch\/de\/","name":"Save","description":"Schweizer Fachzeitschrift f\u00fcr Sicherheit","publisher":{"@id":"https:\/\/news.save.ch\/de\/#organization"},"potentialAction":[{"@type":"SearchAction","target":{"@type":"EntryPoint","urlTemplate":"https:\/\/news.save.ch\/de\/?s={search_term_string}"},"query-input":{"@type":"PropertyValueSpecification","valueRequired":true,"valueName":"search_term_string"}}],"inLanguage":"de"},{"@type":"Organization","@id":"https:\/\/news.save.ch\/de\/#organization","name":"Sicherheitsforum","url":"https:\/\/news.save.ch\/de\/","logo":{"@type":"ImageObject","inLanguage":"de","@id":"https:\/\/news.save.ch\/de\/#\/schema\/logo\/image\/","url":"https:\/\/news.save.ch\/wp-content\/uploads\/2022\/06\/Logo_SF_2012.png","contentUrl":"https:\/\/news.save.ch\/wp-content\/uploads\/2022\/06\/Logo_SF_2012.png","width":1100,"height":91,"caption":"Sicherheitsforum"},"image":{"@id":"https:\/\/news.save.ch\/de\/#\/schema\/logo\/image\/"}},{"@type":"Person","@id":"https:\/\/news.save.ch\/de\/#\/schema\/person\/ad4ef21102fd6125312409ac57d5296d","name":"Simon Gr\u00f6flin","image":{"@type":"ImageObject","inLanguage":"de","@id":"https:\/\/secure.gravatar.com\/avatar\/6ddceb80eb734354635539e0ea5140bb7c41e42de7c45c9a2ab9921b5d5c9a83?s=96&d=mm&r=g","url":"https:\/\/secure.gravatar.com\/avatar\/6ddceb80eb734354635539e0ea5140bb7c41e42de7c45c9a2ab9921b5d5c9a83?s=96&d=mm&r=g","contentUrl":"https:\/\/secure.gravatar.com\/avatar\/6ddceb80eb734354635539e0ea5140bb7c41e42de7c45c9a2ab9921b5d5c9a83?s=96&d=mm&r=g","caption":"Simon Gr\u00f6flin"},"url":"https:\/\/news.save.ch\/de\/author\/simon-groeflin\/"}]}},"_links":{"self":[{"href":"https:\/\/news.save.ch\/de\/wp-json\/wp\/v2\/posts\/13965","targetHints":{"allow":["GET"]}}],"collection":[{"href":"https:\/\/news.save.ch\/de\/wp-json\/wp\/v2\/posts"}],"about":[{"href":"https:\/\/news.save.ch\/de\/wp-json\/wp\/v2\/types\/post"}],"author":[{"embeddable":true,"href":"https:\/\/news.save.ch\/de\/wp-json\/wp\/v2\/users\/9"}],"replies":[{"embeddable":true,"href":"https:\/\/news.save.ch\/de\/wp-json\/wp\/v2\/comments?post=13965"}],"version-history":[{"count":3,"href":"https:\/\/news.save.ch\/de\/wp-json\/wp\/v2\/posts\/13965\/revisions"}],"predecessor-version":[{"id":20387,"href":"https:\/\/news.save.ch\/de\/wp-json\/wp\/v2\/posts\/13965\/revisions\/20387"}],"wp:featuredmedia":[{"embeddable":true,"href":"https:\/\/news.save.ch\/de\/wp-json\/wp\/v2\/media\/13967"}],"wp:attachment":[{"href":"https:\/\/news.save.ch\/de\/wp-json\/wp\/v2\/media?parent=13965"}],"wp:term":[{"taxonomy":"category","embeddable":true,"href":"https:\/\/news.save.ch\/de\/wp-json\/wp\/v2\/categories?post=13965"},{"taxonomy":"post_tag","embeddable":true,"href":"https:\/\/news.save.ch\/de\/wp-json\/wp\/v2\/tags?post=13965"}],"curies":[{"name":"wp","href":"https:\/\/api.w.org\/{rel}","templated":true}]}}