{"id":14096,"date":"2022-05-06T08:44:35","date_gmt":"2022-05-06T06:44:35","guid":{"rendered":"https:\/\/news.save.ch\/?p=14096"},"modified":"2023-06-27T05:05:55","modified_gmt":"2023-06-27T03:05:55","slug":"zunahme-von-supply-chain-angriffen","status":null,"type":"post","link":"https:\/\/news.save.ch\/de\/zunahme-von-supply-chain-angriffen\/","title":{"rendered":"Zunahme von Supply-Chain-Angriffen"},"content":{"rendered":"<figure id=\"attachment_14098\" aria-describedby=\"caption-attachment-14098\" style=\"width: 640px\" class=\"wp-caption alignleft\"><img loading=\"lazy\" decoding=\"async\" class=\"wp-image-14098 size-full\" src=\"https:\/\/news.save.ch\/wp-content\/uploads\/2022\/05\/laptop-g0d260e437_640.jpg\" alt=\"IT-Versorgungsketten\" width=\"640\" height=\"426\" srcset=\"https:\/\/news.save.ch\/wp-content\/uploads\/2022\/05\/laptop-g0d260e437_640.jpg 640w, https:\/\/news.save.ch\/wp-content\/uploads\/2022\/05\/laptop-g0d260e437_640-375x250.jpg 375w\" sizes=\"auto, (max-width: 640px) 100vw, 640px\" \/><figcaption id=\"caption-attachment-14098\" class=\"wp-caption-text\">Bild: Pixabay<\/figcaption><\/figure>\n<p>Wie das Nationale Zentrum f\u00fcr Cybersicherheit (NCSC) <a href=\"https:\/\/www.ncsc.admin.ch\/dam\/ncsc\/de\/dokumente\/dokumentation\/lageberichte\/NCSC_2021-2_HJB_DE.pdf.download.pdf\/NCSC_2021-2_HJB_DE.pdf\" target=\"_blank\" rel=\"noopener\">in seinem Halbjahresbericht<\/a> schreibt, werden vermehrt Angriffe auf prozessorientierte Steuerung von Waren und Dienstleistungen ausgef\u00fchrt. Angriffe auf die sogenannte Supply Chain f\u00fchren zu folgenschweren Fehlern wie einem Produktionsstopp. Das NCSC zitiert einen Vorfall eines Supply-Chain-Angriffs auf das Software-Unternehmen Kaseya Mitte 2021. Als Folge davon waren Internetseiten der Stadt und des Kantons St. Gallen aufgrund eines DDoS-Angriffs auf Hosting-Provider l\u00e4nger nicht verf\u00fcgbar.<\/p>\n<h2>Mehr Erpressungswellen<\/h2>\n<p>Das NCSC verzeichnet \u00fcber 11&#8217;000 Cybervorf\u00e4lle. Am h\u00e4ufigsten gingen demnach Hinweise zu verschiedenen Betrugsformen ein. Betr\u00fcgerische E-Mails wurden sehr oft gemeldet. Zu weiteren Betrugsf\u00e4llen z\u00e4hlen Investment-Betrug, CEO-Fraud und Kleinanzeigen-Tricks. Gem\u00e4ss des Halbjahresberichts kam es erneut zu zahlreichen Angriffen mit Verschl\u00fcsselungstrojanern.<\/p>\n<p>Es zeichnen sich dabei vermehrt Muster der doppelten Erpressung ab. So werden beispielsweise zunehmend Daten kopiert, bevor sie verschl\u00fcsselt werden, um bei L\u00f6segelderpressung mit der Ver\u00f6ffentlichung solcher Daten zu drohen.<\/p>\n<p>Beim klassischen Phishing werden vermehrt Angriffe mit vermeintlichen Paketzustellungen gemeldet. Weitere Meldungen betrafen Phishing-Versuche im Zusammenhang mit Webmail und Office 365. Auch ein Dauerbrenner seien Phishing-Mails bez\u00fcglich angeblich doppelter Bezahlungen.<\/p>\n<p><em>Quelle: Nationales Zentrum f\u00fcr Cybersicherheit NCSC<\/em><\/p>\n","protected":false},"excerpt":{"rendered":"<p>Wie das Nationale Zentrum f\u00fcr Cybersicherheit (NCSC) in seinem Halbjahresbericht schreibt, werden vermehrt Angriffe auf prozessorientierte Steuerung von Waren und Dienstleistungen ausgef\u00fchrt. Angriffe auf die sogenannte Supply Chain f\u00fchren zu folgenschweren Fehlern wie einem Produktionsstopp. Das NCSC zitiert einen Vorfall eines Supply-Chain-Angriffs auf das Software-Unternehmen Kaseya Mitte 2021. Als Folge davon waren Internetseiten der Stadt [&hellip;]<\/p>\n","protected":false},"author":9,"featured_media":14098,"comment_status":"closed","ping_status":"closed","sticky":false,"template":"","format":"standard","meta":{"_acf_changed":false,"pgc_sgb_lightbox_settings":"","footnotes":""},"categories":[1],"tags":[4554,1055,4635,1452,1044,401,376,4553],"class_list":["post-14096","post","type-post","status-publish","format-standard","has-post-thumbnail","hentry","category-allgemein","tag-erpressungswellen","tag-halbjahresbericht","tag-it-versorgungsketten","tag-nationales-zentrum-fuer-cybersicherheit","tag-ncsc","tag-phishing","tag-ransomware","tag-supply-chain"],"acf":[],"hkrextid":null,"publication":null,"issue":null,"workflow":null,"startPage":null,"spitzmarke":null,"_posts_by_tag_page_fields":{"widget_title":"","widget_tags":""},"_at_widget":"1","_yoast_wpseo_primary_category":"","_yoast_wpseo_focuskw_text_input":null,"_yoast_wpseo_opengraph-image":null,"_yoast_wpseo_opengraph-description":null,"_yoast_wpseo_opengraph-title":null,"enclosure":null,"_yoast_wpseo_twitter-title":null,"_yoast_wpseo_twitter-description":null,"_yoast_wpseo_twitter-image":null,"_wp_old_slug":null,"_yoast_wpseo_title":null,"_yoast_wpseo_canonical":null,"yoast_head":"<!-- This site is optimized with the Yoast SEO plugin v27.4 - https:\/\/yoast.com\/product\/yoast-seo-wordpress\/ -->\n<title>Zunahme von Supply-Chain-Angriffen - Save<\/title>\n<meta name=\"description\" content=\"Das Nationale Zentrum f\u00fcr Cybersicherheit (NCSC) hat seinen Halbjahresbericht ver\u00f6ffentlicht. F\u00fcr Schlagzeilen sorgen vor allem Angriffe auf IT-Versorgungsketten von G\u00fctern und Dienstleistungen unterschiedlicher Lieferanten.\" \/>\n<meta name=\"robots\" content=\"index, follow, max-snippet:-1, max-image-preview:large, max-video-preview:-1\" \/>\n<link rel=\"canonical\" href=\"https:\/\/news.save.ch\/de\/zunahme-von-supply-chain-angriffen\/\" \/>\n<meta property=\"og:locale\" content=\"de_DE\" \/>\n<meta property=\"og:type\" content=\"article\" \/>\n<meta property=\"og:title\" content=\"Zunahme von Supply-Chain-Angriffen - Save\" \/>\n<meta property=\"og:description\" content=\"Das Nationale Zentrum f\u00fcr Cybersicherheit (NCSC) hat seinen Halbjahresbericht ver\u00f6ffentlicht. F\u00fcr Schlagzeilen sorgen vor allem Angriffe auf IT-Versorgungsketten von G\u00fctern und Dienstleistungen unterschiedlicher Lieferanten.\" \/>\n<meta property=\"og:url\" content=\"https:\/\/news.save.ch\/de\/zunahme-von-supply-chain-angriffen\/\" \/>\n<meta property=\"og:site_name\" content=\"Save\" \/>\n<meta property=\"article:published_time\" content=\"2022-05-06T06:44:35+00:00\" \/>\n<meta property=\"article:modified_time\" content=\"2023-06-27T03:05:55+00:00\" \/>\n<meta property=\"og:image\" content=\"https:\/\/news.save.ch\/wp-content\/uploads\/2022\/05\/laptop-g0d260e437_640.jpg\" \/>\n\t<meta property=\"og:image:width\" content=\"640\" \/>\n\t<meta property=\"og:image:height\" content=\"426\" \/>\n\t<meta property=\"og:image:type\" content=\"image\/jpeg\" \/>\n<meta name=\"author\" content=\"Simon Gr\u00f6flin\" \/>\n<meta name=\"twitter:card\" content=\"summary_large_image\" \/>\n<meta name=\"twitter:label1\" content=\"Geschrieben von\" \/>\n\t<meta name=\"twitter:data1\" content=\"Simon Gr\u00f6flin\" \/>\n\t<meta name=\"twitter:label2\" content=\"Gesch\u00e4tzte Lesezeit\" \/>\n\t<meta name=\"twitter:data2\" content=\"2\u00a0Minuten\" \/>\n<script type=\"application\/ld+json\" class=\"yoast-schema-graph\">{\"@context\":\"https:\\\/\\\/schema.org\",\"@graph\":[{\"@type\":\"Article\",\"@id\":\"https:\\\/\\\/news.save.ch\\\/zunahme-von-supply-chain-angriffen\\\/#article\",\"isPartOf\":{\"@id\":\"https:\\\/\\\/news.save.ch\\\/zunahme-von-supply-chain-angriffen\\\/\"},\"author\":{\"name\":\"Simon Gr\u00f6flin\",\"@id\":\"https:\\\/\\\/news.save.ch\\\/de\\\/#\\\/schema\\\/person\\\/ad4ef21102fd6125312409ac57d5296d\"},\"headline\":\"Zunahme von Supply-Chain-Angriffen\",\"datePublished\":\"2022-05-06T06:44:35+00:00\",\"dateModified\":\"2023-06-27T03:05:55+00:00\",\"mainEntityOfPage\":{\"@id\":\"https:\\\/\\\/news.save.ch\\\/zunahme-von-supply-chain-angriffen\\\/\"},\"wordCount\":202,\"publisher\":{\"@id\":\"https:\\\/\\\/news.save.ch\\\/de\\\/#organization\"},\"image\":{\"@id\":\"https:\\\/\\\/news.save.ch\\\/zunahme-von-supply-chain-angriffen\\\/#primaryimage\"},\"thumbnailUrl\":\"https:\\\/\\\/news.save.ch\\\/wp-content\\\/uploads\\\/2022\\\/05\\\/laptop-g0d260e437_640.jpg\",\"keywords\":[\"Erpressungswellen\",\"Halbjahresbericht\",\"IT-Versorgungsketten\",\"Nationales Zentrum f\u00fcr Cybersicherheit\",\"NCSC\",\"Phishing\",\"Ransomware\",\"Supply Chain\"],\"articleSection\":[\"ALLGEMEIN\"],\"inLanguage\":\"de\"},{\"@type\":\"WebPage\",\"@id\":\"https:\\\/\\\/news.save.ch\\\/zunahme-von-supply-chain-angriffen\\\/\",\"url\":\"https:\\\/\\\/news.save.ch\\\/zunahme-von-supply-chain-angriffen\\\/\",\"name\":\"Zunahme von Supply-Chain-Angriffen - Save\",\"isPartOf\":{\"@id\":\"https:\\\/\\\/news.save.ch\\\/de\\\/#website\"},\"primaryImageOfPage\":{\"@id\":\"https:\\\/\\\/news.save.ch\\\/zunahme-von-supply-chain-angriffen\\\/#primaryimage\"},\"image\":{\"@id\":\"https:\\\/\\\/news.save.ch\\\/zunahme-von-supply-chain-angriffen\\\/#primaryimage\"},\"thumbnailUrl\":\"https:\\\/\\\/news.save.ch\\\/wp-content\\\/uploads\\\/2022\\\/05\\\/laptop-g0d260e437_640.jpg\",\"datePublished\":\"2022-05-06T06:44:35+00:00\",\"dateModified\":\"2023-06-27T03:05:55+00:00\",\"description\":\"Das Nationale Zentrum f\u00fcr Cybersicherheit (NCSC) hat seinen Halbjahresbericht ver\u00f6ffentlicht. F\u00fcr Schlagzeilen sorgen vor allem Angriffe auf IT-Versorgungsketten von G\u00fctern und Dienstleistungen unterschiedlicher Lieferanten.\",\"breadcrumb\":{\"@id\":\"https:\\\/\\\/news.save.ch\\\/zunahme-von-supply-chain-angriffen\\\/#breadcrumb\"},\"inLanguage\":\"de\",\"potentialAction\":[{\"@type\":\"ReadAction\",\"target\":[\"https:\\\/\\\/news.save.ch\\\/zunahme-von-supply-chain-angriffen\\\/\"]}]},{\"@type\":\"ImageObject\",\"inLanguage\":\"de\",\"@id\":\"https:\\\/\\\/news.save.ch\\\/zunahme-von-supply-chain-angriffen\\\/#primaryimage\",\"url\":\"https:\\\/\\\/news.save.ch\\\/wp-content\\\/uploads\\\/2022\\\/05\\\/laptop-g0d260e437_640.jpg\",\"contentUrl\":\"https:\\\/\\\/news.save.ch\\\/wp-content\\\/uploads\\\/2022\\\/05\\\/laptop-g0d260e437_640.jpg\",\"width\":640,\"height\":426,\"caption\":\"Halbjahresbericht, IT-Versorgungsketten\"},{\"@type\":\"BreadcrumbList\",\"@id\":\"https:\\\/\\\/news.save.ch\\\/zunahme-von-supply-chain-angriffen\\\/#breadcrumb\",\"itemListElement\":[{\"@type\":\"ListItem\",\"position\":1,\"name\":\"Home\",\"item\":\"https:\\\/\\\/news.save.ch\\\/de\\\/\"},{\"@type\":\"ListItem\",\"position\":2,\"name\":\"Zunahme von Supply-Chain-Angriffen\"}]},{\"@type\":\"WebSite\",\"@id\":\"https:\\\/\\\/news.save.ch\\\/de\\\/#website\",\"url\":\"https:\\\/\\\/news.save.ch\\\/de\\\/\",\"name\":\"Save\",\"description\":\"Schweizer Fachzeitschrift f\u00fcr Sicherheit\",\"publisher\":{\"@id\":\"https:\\\/\\\/news.save.ch\\\/de\\\/#organization\"},\"potentialAction\":[{\"@type\":\"SearchAction\",\"target\":{\"@type\":\"EntryPoint\",\"urlTemplate\":\"https:\\\/\\\/news.save.ch\\\/de\\\/?s={search_term_string}\"},\"query-input\":{\"@type\":\"PropertyValueSpecification\",\"valueRequired\":true,\"valueName\":\"search_term_string\"}}],\"inLanguage\":\"de\"},{\"@type\":\"Organization\",\"@id\":\"https:\\\/\\\/news.save.ch\\\/de\\\/#organization\",\"name\":\"Sicherheitsforum\",\"url\":\"https:\\\/\\\/news.save.ch\\\/de\\\/\",\"logo\":{\"@type\":\"ImageObject\",\"inLanguage\":\"de\",\"@id\":\"https:\\\/\\\/news.save.ch\\\/de\\\/#\\\/schema\\\/logo\\\/image\\\/\",\"url\":\"https:\\\/\\\/news.save.ch\\\/wp-content\\\/uploads\\\/2022\\\/06\\\/Logo_SF_2012.png\",\"contentUrl\":\"https:\\\/\\\/news.save.ch\\\/wp-content\\\/uploads\\\/2022\\\/06\\\/Logo_SF_2012.png\",\"width\":1100,\"height\":91,\"caption\":\"Sicherheitsforum\"},\"image\":{\"@id\":\"https:\\\/\\\/news.save.ch\\\/de\\\/#\\\/schema\\\/logo\\\/image\\\/\"}},{\"@type\":\"Person\",\"@id\":\"https:\\\/\\\/news.save.ch\\\/de\\\/#\\\/schema\\\/person\\\/ad4ef21102fd6125312409ac57d5296d\",\"name\":\"Simon Gr\u00f6flin\",\"image\":{\"@type\":\"ImageObject\",\"inLanguage\":\"de\",\"@id\":\"https:\\\/\\\/secure.gravatar.com\\\/avatar\\\/6ddceb80eb734354635539e0ea5140bb7c41e42de7c45c9a2ab9921b5d5c9a83?s=96&d=mm&r=g\",\"url\":\"https:\\\/\\\/secure.gravatar.com\\\/avatar\\\/6ddceb80eb734354635539e0ea5140bb7c41e42de7c45c9a2ab9921b5d5c9a83?s=96&d=mm&r=g\",\"contentUrl\":\"https:\\\/\\\/secure.gravatar.com\\\/avatar\\\/6ddceb80eb734354635539e0ea5140bb7c41e42de7c45c9a2ab9921b5d5c9a83?s=96&d=mm&r=g\",\"caption\":\"Simon Gr\u00f6flin\"},\"url\":\"https:\\\/\\\/news.save.ch\\\/de\\\/author\\\/simon-groeflin\\\/\"}]}<\/script>\n<!-- \/ Yoast SEO plugin. -->","yoast_head_json":{"title":"Zunahme von Supply-Chain-Angriffen - Save","description":"Das Nationale Zentrum f\u00fcr Cybersicherheit (NCSC) hat seinen Halbjahresbericht ver\u00f6ffentlicht. F\u00fcr Schlagzeilen sorgen vor allem Angriffe auf IT-Versorgungsketten von G\u00fctern und Dienstleistungen unterschiedlicher Lieferanten.","robots":{"index":"index","follow":"follow","max-snippet":"max-snippet:-1","max-image-preview":"max-image-preview:large","max-video-preview":"max-video-preview:-1"},"canonical":"https:\/\/news.save.ch\/de\/zunahme-von-supply-chain-angriffen\/","og_locale":"de_DE","og_type":"article","og_title":"Zunahme von Supply-Chain-Angriffen - Save","og_description":"Das Nationale Zentrum f\u00fcr Cybersicherheit (NCSC) hat seinen Halbjahresbericht ver\u00f6ffentlicht. F\u00fcr Schlagzeilen sorgen vor allem Angriffe auf IT-Versorgungsketten von G\u00fctern und Dienstleistungen unterschiedlicher Lieferanten.","og_url":"https:\/\/news.save.ch\/de\/zunahme-von-supply-chain-angriffen\/","og_site_name":"Save","article_published_time":"2022-05-06T06:44:35+00:00","article_modified_time":"2023-06-27T03:05:55+00:00","og_image":[{"width":640,"height":426,"url":"https:\/\/news.save.ch\/wp-content\/uploads\/2022\/05\/laptop-g0d260e437_640.jpg","type":"image\/jpeg"}],"author":"Simon Gr\u00f6flin","twitter_card":"summary_large_image","twitter_misc":{"Geschrieben von":"Simon Gr\u00f6flin","Gesch\u00e4tzte Lesezeit":"2\u00a0Minuten"},"schema":{"@context":"https:\/\/schema.org","@graph":[{"@type":"Article","@id":"https:\/\/news.save.ch\/zunahme-von-supply-chain-angriffen\/#article","isPartOf":{"@id":"https:\/\/news.save.ch\/zunahme-von-supply-chain-angriffen\/"},"author":{"name":"Simon Gr\u00f6flin","@id":"https:\/\/news.save.ch\/de\/#\/schema\/person\/ad4ef21102fd6125312409ac57d5296d"},"headline":"Zunahme von Supply-Chain-Angriffen","datePublished":"2022-05-06T06:44:35+00:00","dateModified":"2023-06-27T03:05:55+00:00","mainEntityOfPage":{"@id":"https:\/\/news.save.ch\/zunahme-von-supply-chain-angriffen\/"},"wordCount":202,"publisher":{"@id":"https:\/\/news.save.ch\/de\/#organization"},"image":{"@id":"https:\/\/news.save.ch\/zunahme-von-supply-chain-angriffen\/#primaryimage"},"thumbnailUrl":"https:\/\/news.save.ch\/wp-content\/uploads\/2022\/05\/laptop-g0d260e437_640.jpg","keywords":["Erpressungswellen","Halbjahresbericht","IT-Versorgungsketten","Nationales Zentrum f\u00fcr Cybersicherheit","NCSC","Phishing","Ransomware","Supply Chain"],"articleSection":["ALLGEMEIN"],"inLanguage":"de"},{"@type":"WebPage","@id":"https:\/\/news.save.ch\/zunahme-von-supply-chain-angriffen\/","url":"https:\/\/news.save.ch\/zunahme-von-supply-chain-angriffen\/","name":"Zunahme von Supply-Chain-Angriffen - Save","isPartOf":{"@id":"https:\/\/news.save.ch\/de\/#website"},"primaryImageOfPage":{"@id":"https:\/\/news.save.ch\/zunahme-von-supply-chain-angriffen\/#primaryimage"},"image":{"@id":"https:\/\/news.save.ch\/zunahme-von-supply-chain-angriffen\/#primaryimage"},"thumbnailUrl":"https:\/\/news.save.ch\/wp-content\/uploads\/2022\/05\/laptop-g0d260e437_640.jpg","datePublished":"2022-05-06T06:44:35+00:00","dateModified":"2023-06-27T03:05:55+00:00","description":"Das Nationale Zentrum f\u00fcr Cybersicherheit (NCSC) hat seinen Halbjahresbericht ver\u00f6ffentlicht. F\u00fcr Schlagzeilen sorgen vor allem Angriffe auf IT-Versorgungsketten von G\u00fctern und Dienstleistungen unterschiedlicher Lieferanten.","breadcrumb":{"@id":"https:\/\/news.save.ch\/zunahme-von-supply-chain-angriffen\/#breadcrumb"},"inLanguage":"de","potentialAction":[{"@type":"ReadAction","target":["https:\/\/news.save.ch\/zunahme-von-supply-chain-angriffen\/"]}]},{"@type":"ImageObject","inLanguage":"de","@id":"https:\/\/news.save.ch\/zunahme-von-supply-chain-angriffen\/#primaryimage","url":"https:\/\/news.save.ch\/wp-content\/uploads\/2022\/05\/laptop-g0d260e437_640.jpg","contentUrl":"https:\/\/news.save.ch\/wp-content\/uploads\/2022\/05\/laptop-g0d260e437_640.jpg","width":640,"height":426,"caption":"Halbjahresbericht, IT-Versorgungsketten"},{"@type":"BreadcrumbList","@id":"https:\/\/news.save.ch\/zunahme-von-supply-chain-angriffen\/#breadcrumb","itemListElement":[{"@type":"ListItem","position":1,"name":"Home","item":"https:\/\/news.save.ch\/de\/"},{"@type":"ListItem","position":2,"name":"Zunahme von Supply-Chain-Angriffen"}]},{"@type":"WebSite","@id":"https:\/\/news.save.ch\/de\/#website","url":"https:\/\/news.save.ch\/de\/","name":"Save","description":"Schweizer Fachzeitschrift f\u00fcr Sicherheit","publisher":{"@id":"https:\/\/news.save.ch\/de\/#organization"},"potentialAction":[{"@type":"SearchAction","target":{"@type":"EntryPoint","urlTemplate":"https:\/\/news.save.ch\/de\/?s={search_term_string}"},"query-input":{"@type":"PropertyValueSpecification","valueRequired":true,"valueName":"search_term_string"}}],"inLanguage":"de"},{"@type":"Organization","@id":"https:\/\/news.save.ch\/de\/#organization","name":"Sicherheitsforum","url":"https:\/\/news.save.ch\/de\/","logo":{"@type":"ImageObject","inLanguage":"de","@id":"https:\/\/news.save.ch\/de\/#\/schema\/logo\/image\/","url":"https:\/\/news.save.ch\/wp-content\/uploads\/2022\/06\/Logo_SF_2012.png","contentUrl":"https:\/\/news.save.ch\/wp-content\/uploads\/2022\/06\/Logo_SF_2012.png","width":1100,"height":91,"caption":"Sicherheitsforum"},"image":{"@id":"https:\/\/news.save.ch\/de\/#\/schema\/logo\/image\/"}},{"@type":"Person","@id":"https:\/\/news.save.ch\/de\/#\/schema\/person\/ad4ef21102fd6125312409ac57d5296d","name":"Simon Gr\u00f6flin","image":{"@type":"ImageObject","inLanguage":"de","@id":"https:\/\/secure.gravatar.com\/avatar\/6ddceb80eb734354635539e0ea5140bb7c41e42de7c45c9a2ab9921b5d5c9a83?s=96&d=mm&r=g","url":"https:\/\/secure.gravatar.com\/avatar\/6ddceb80eb734354635539e0ea5140bb7c41e42de7c45c9a2ab9921b5d5c9a83?s=96&d=mm&r=g","contentUrl":"https:\/\/secure.gravatar.com\/avatar\/6ddceb80eb734354635539e0ea5140bb7c41e42de7c45c9a2ab9921b5d5c9a83?s=96&d=mm&r=g","caption":"Simon Gr\u00f6flin"},"url":"https:\/\/news.save.ch\/de\/author\/simon-groeflin\/"}]}},"_links":{"self":[{"href":"https:\/\/news.save.ch\/de\/wp-json\/wp\/v2\/posts\/14096","targetHints":{"allow":["GET"]}}],"collection":[{"href":"https:\/\/news.save.ch\/de\/wp-json\/wp\/v2\/posts"}],"about":[{"href":"https:\/\/news.save.ch\/de\/wp-json\/wp\/v2\/types\/post"}],"author":[{"embeddable":true,"href":"https:\/\/news.save.ch\/de\/wp-json\/wp\/v2\/users\/9"}],"replies":[{"embeddable":true,"href":"https:\/\/news.save.ch\/de\/wp-json\/wp\/v2\/comments?post=14096"}],"version-history":[{"count":2,"href":"https:\/\/news.save.ch\/de\/wp-json\/wp\/v2\/posts\/14096\/revisions"}],"predecessor-version":[{"id":20288,"href":"https:\/\/news.save.ch\/de\/wp-json\/wp\/v2\/posts\/14096\/revisions\/20288"}],"wp:featuredmedia":[{"embeddable":true,"href":"https:\/\/news.save.ch\/de\/wp-json\/wp\/v2\/media\/14098"}],"wp:attachment":[{"href":"https:\/\/news.save.ch\/de\/wp-json\/wp\/v2\/media?parent=14096"}],"wp:term":[{"taxonomy":"category","embeddable":true,"href":"https:\/\/news.save.ch\/de\/wp-json\/wp\/v2\/categories?post=14096"},{"taxonomy":"post_tag","embeddable":true,"href":"https:\/\/news.save.ch\/de\/wp-json\/wp\/v2\/tags?post=14096"}],"curies":[{"name":"wp","href":"https:\/\/api.w.org\/{rel}","templated":true}]}}