{"id":14131,"date":"2015-09-30T09:31:46","date_gmt":"2015-09-30T07:31:46","guid":{"rendered":"https:\/\/dev.sicherheitsforum.ch\/?p=648"},"modified":"2023-03-14T08:57:32","modified_gmt":"2023-03-14T07:57:32","slug":"cybersicherheit-in-25-eu-staaten","status":null,"type":"post","link":"https:\/\/news.save.ch\/de\/cybersicherheit-in-25-eu-staaten\/","title":{"rendered":"Cybersicherheit in 25 EU-Staaten"},"content":{"rendered":"<figure id=\"attachment_649\" aria-describedby=\"caption-attachment-649\" style=\"width: 680px\" class=\"wp-caption alignnone\"><img loading=\"lazy\" decoding=\"async\" class=\"wp-image-649 size-medium\" src=\"https:\/\/news.save.ch\/wp-content\/uploads\/2016\/12\/Cybersicherheit-in-25-EU-Staaten-it-security.jpg\" alt=\"Cybersicherheit ist das grosse Thema in Europa im Monat Oktober.\" width=\"680\" height=\"510\" \/><figcaption id=\"caption-attachment-649\" class=\"wp-caption-text\">Cybersicherheit ist das grosse Thema in Europa im Monat Oktober.<\/figcaption><\/figure>\n<p>Vier Wochen lang geht es bei \u00fcber <a href=\"https:\/\/cybersecuritymonth.eu\/\" target=\"_blank\" data-cke-saved-href=\"https:\/\/cybersecuritymonth.eu\/\" rel=\"noopener\">100 Veranstaltungen<\/a> in 25 EU-Staaten um die Gefahren im Internet und die M\u00f6glichkeiten, sich davor zu sch\u00fctzen.<\/p>\n<p>&#8222;Vertrauen und Sicherheit sind die Schl\u00fcsselkomponenten des europ\u00e4ischen digitalen Binnenmarktes. Wir k\u00f6nnen nicht die M\u00f6glichkeiten der digitalen Werkzeuge und Online-Netzwerke aussch\u00f6pfen, wenn wir ihnen nicht vertrauen. Das Bewusstsein f\u00fcr die Risiken und die Bedrohung zu sch\u00e4rfen und der Fakt, das Netzsicherheit eine geteilte Verantwortung ist, ist von grundlegender Bedeutung, so dass Menschen, wenn sie online sind, besser informiert sind und sich gegen Risiken sch\u00fctzen,&#8220; sagte EU-Vizekommissionspr\u00e4sident Andrus Ansip, zust\u00e4ndig f\u00fcr den Digitalen Binnenmarkt.<\/p>\n<p>In Deutschland findet unter anderem der Cybersicherheits-Kongress<a href=\"https:\/\/cybersecuritymonth.eu\/ecsm-countries\/germany\/isc-2-security-congress-emea-2015-in-partnership-with-mis-training-institute\" target=\"_blank\" data-cke-saved-href=\"https:\/\/cybersecuritymonth.eu\/ecsm-countries\/germany\/isc-2-security-congress-emea-2015-in-partnership-with-mis-training-institute\" rel=\"noopener\"> EMEA<\/a> in M\u00fcnchen statt. Am 20. und 21. Oktober diskutieren Sicherheitsfachleute aus Europa mit Kollegen aus aller Welt die Herausforderung der Cybersicherheit. Eine\u00a0 Plattform von Produkten und Dienstleistungen rund um das Thema IT-Sicherheit bietet vom 6. bis zum 8. Oktober die\u00a0 IT-Security-Messe <a href=\"https:\/\/www.it-sa.de\" target=\"_blank\" data-cke-saved-href=\"https:\/\/www.it-sa.de\" rel=\"noopener\">it-sa<\/a> IT mit Sicherheitsbeauftragten, Entwicklern und Anbietern in N\u00fcrnberg.<\/p>\n<p>Das <a href=\"https:\/\/www.bsi.bund.de\" target=\"_blank\" data-cke-saved-href=\"https:\/\/www.bsi.bund.de\" rel=\"noopener\">Bundesamt f\u00fcr Sicherheit in der Informationstechnik<\/a> (BSI) informiert auf seinen Webseiten \u00fcber die deutschen Veranstaltungen. Ausserdem stehen auf der Facebook-Seite des BSI Experten Rede und Antwort zu Fragen rund um Netzsicherheit.<\/p>\n<p>&nbsp;<\/p>\n","protected":false},"excerpt":{"rendered":"<p>Vier Wochen lang geht es bei \u00fcber 100 Veranstaltungen in 25 EU-Staaten um die Gefahren im Internet und die M\u00f6glichkeiten, sich davor zu sch\u00fctzen. &#8222;Vertrauen und Sicherheit sind die Schl\u00fcsselkomponenten des europ\u00e4ischen digitalen Binnenmarktes. Wir k\u00f6nnen nicht die M\u00f6glichkeiten der digitalen Werkzeuge und Online-Netzwerke aussch\u00f6pfen, wenn wir ihnen nicht vertrauen. Das Bewusstsein f\u00fcr die Risiken [&hellip;]<\/p>\n","protected":false},"author":1,"featured_media":13534,"comment_status":"open","ping_status":"open","sticky":false,"template":"","format":"standard","meta":{"_acf_changed":false,"pgc_sgb_lightbox_settings":"","footnotes":""},"categories":[3313],"tags":[96,62,63],"class_list":["post-14131","post","type-post","status-publish","format-standard","has-post-thumbnail","hentry","category-digitalisierung","tag-cyber-crime","tag-ict-sicherheit","tag-it-security"],"acf":[],"hkrextid":null,"publication":null,"issue":null,"workflow":null,"startPage":null,"spitzmarke":null,"_posts_by_tag_page_fields":{"widget_title":"","widget_tags":""},"_at_widget":"1","_yoast_wpseo_primary_category":"2","_yoast_wpseo_focuskw_text_input":"Cybersicherheit","_yoast_wpseo_opengraph-image":"https:\/\/news.save.ch\/wp-content\/uploads\/2016\/12\/Cybersicherheit-in-25-EU-Staaten-it-security.jpg","_yoast_wpseo_opengraph-description":"Wissen, welche Gefahren das Internet birgt, eine Kultur der Netzsicherheit schaffen, aber auch verstehen, wie die Cloud funktioniert: Diese Themen stehen im Oktober auf dem Programm des \u201eEurop\u00e4ischen Monats der Cybersicherheit\u201c.","_yoast_wpseo_opengraph-title":"Cybersicherheit in 25 EU-Staaten","enclosure":null,"_yoast_wpseo_twitter-title":null,"_yoast_wpseo_twitter-description":null,"_yoast_wpseo_twitter-image":null,"_wp_old_slug":null,"_yoast_wpseo_title":null,"_yoast_wpseo_canonical":null,"yoast_head":"<!-- This site is optimized with the Yoast SEO plugin v27.5 - https:\/\/yoast.com\/product\/yoast-seo-wordpress\/ -->\n<title>Cybersicherheit in 25 EU-Staaten - Save<\/title>\n<meta name=\"description\" content=\"Themen im Oktober des \u201eEurop\u00e4ischen Monats der Cybersicherheit\u201c: Gefahren im Internet, Netzsicherheit, und verstehen, wie die Cloud funktioniert.\" \/>\n<meta name=\"robots\" content=\"index, follow, max-snippet:-1, max-image-preview:large, max-video-preview:-1\" \/>\n<link rel=\"canonical\" href=\"https:\/\/news.save.ch\/de\/cybersicherheit-in-25-eu-staaten\/\" \/>\n<meta property=\"og:locale\" content=\"de_DE\" \/>\n<meta property=\"og:type\" content=\"article\" \/>\n<meta property=\"og:title\" content=\"Cybersicherheit in 25 EU-Staaten\" \/>\n<meta property=\"og:description\" content=\"Wissen, welche Gefahren das Internet birgt, eine Kultur der Netzsicherheit schaffen, aber auch verstehen, wie die Cloud funktioniert: Diese Themen stehen im Oktober auf dem Programm des \u201eEurop\u00e4ischen Monats der Cybersicherheit\u201c.\" \/>\n<meta property=\"og:url\" content=\"https:\/\/news.save.ch\/de\/cybersicherheit-in-25-eu-staaten\/\" \/>\n<meta property=\"og:site_name\" content=\"Save\" \/>\n<meta property=\"article:published_time\" content=\"2015-09-30T07:31:46+00:00\" \/>\n<meta property=\"article:modified_time\" content=\"2023-03-14T07:57:32+00:00\" \/>\n<meta property=\"og:image\" content=\"https:\/\/news.save.ch\/wp-content\/uploads\/2016\/12\/Cybersicherheit-in-25-EU-Staaten-it-security.jpg\" \/>\n<meta name=\"author\" content=\"admin\" \/>\n<meta name=\"twitter:card\" content=\"summary_large_image\" \/>\n<meta name=\"twitter:label1\" content=\"Geschrieben von\" \/>\n\t<meta name=\"twitter:data1\" content=\"admin\" \/>\n\t<meta name=\"twitter:label2\" content=\"Gesch\u00e4tzte Lesezeit\" \/>\n\t<meta name=\"twitter:data2\" content=\"1\u00a0Minute\" \/>\n<script type=\"application\/ld+json\" class=\"yoast-schema-graph\">{\"@context\":\"https:\\\/\\\/schema.org\",\"@graph\":[{\"@type\":\"Article\",\"@id\":\"https:\\\/\\\/news.save.ch\\\/cybersicherheit-in-25-eu-staaten\\\/#article\",\"isPartOf\":{\"@id\":\"https:\\\/\\\/news.save.ch\\\/cybersicherheit-in-25-eu-staaten\\\/\"},\"author\":{\"name\":\"admin\",\"@id\":\"https:\\\/\\\/news.save.ch\\\/de\\\/#\\\/schema\\\/person\\\/d49e199490bad7c70d64b9ab51142f2b\"},\"headline\":\"Cybersicherheit in 25 EU-Staaten\",\"datePublished\":\"2015-09-30T07:31:46+00:00\",\"dateModified\":\"2023-03-14T07:57:32+00:00\",\"mainEntityOfPage\":{\"@id\":\"https:\\\/\\\/news.save.ch\\\/cybersicherheit-in-25-eu-staaten\\\/\"},\"wordCount\":218,\"commentCount\":0,\"publisher\":{\"@id\":\"https:\\\/\\\/news.save.ch\\\/de\\\/#organization\"},\"image\":{\"@id\":\"https:\\\/\\\/news.save.ch\\\/cybersicherheit-in-25-eu-staaten\\\/#primaryimage\"},\"thumbnailUrl\":\"https:\\\/\\\/news.save.ch\\\/wp-content\\\/uploads\\\/2016\\\/12\\\/Cybersicherheit-in-25-EU-Staaten-it-security-scaled.jpg\",\"keywords\":[\"Cyber-Crime\",\"ICT-Sicherheit\",\"IT-SECURITY\"],\"articleSection\":[\"DIGITALISIERUNG\"],\"inLanguage\":\"de\"},{\"@type\":\"WebPage\",\"@id\":\"https:\\\/\\\/news.save.ch\\\/cybersicherheit-in-25-eu-staaten\\\/\",\"url\":\"https:\\\/\\\/news.save.ch\\\/cybersicherheit-in-25-eu-staaten\\\/\",\"name\":\"Cybersicherheit in 25 EU-Staaten - Save\",\"isPartOf\":{\"@id\":\"https:\\\/\\\/news.save.ch\\\/de\\\/#website\"},\"primaryImageOfPage\":{\"@id\":\"https:\\\/\\\/news.save.ch\\\/cybersicherheit-in-25-eu-staaten\\\/#primaryimage\"},\"image\":{\"@id\":\"https:\\\/\\\/news.save.ch\\\/cybersicherheit-in-25-eu-staaten\\\/#primaryimage\"},\"thumbnailUrl\":\"https:\\\/\\\/news.save.ch\\\/wp-content\\\/uploads\\\/2016\\\/12\\\/Cybersicherheit-in-25-EU-Staaten-it-security-scaled.jpg\",\"datePublished\":\"2015-09-30T07:31:46+00:00\",\"dateModified\":\"2023-03-14T07:57:32+00:00\",\"description\":\"Themen im Oktober des \u201eEurop\u00e4ischen Monats der Cybersicherheit\u201c: Gefahren im Internet, Netzsicherheit, und verstehen, wie die Cloud funktioniert.\",\"breadcrumb\":{\"@id\":\"https:\\\/\\\/news.save.ch\\\/cybersicherheit-in-25-eu-staaten\\\/#breadcrumb\"},\"inLanguage\":\"de\",\"potentialAction\":[{\"@type\":\"ReadAction\",\"target\":[\"https:\\\/\\\/news.save.ch\\\/cybersicherheit-in-25-eu-staaten\\\/\"]}]},{\"@type\":\"ImageObject\",\"inLanguage\":\"de\",\"@id\":\"https:\\\/\\\/news.save.ch\\\/cybersicherheit-in-25-eu-staaten\\\/#primaryimage\",\"url\":\"https:\\\/\\\/news.save.ch\\\/wp-content\\\/uploads\\\/2016\\\/12\\\/Cybersicherheit-in-25-EU-Staaten-it-security-scaled.jpg\",\"contentUrl\":\"https:\\\/\\\/news.save.ch\\\/wp-content\\\/uploads\\\/2016\\\/12\\\/Cybersicherheit-in-25-EU-Staaten-it-security-scaled.jpg\",\"width\":1400,\"height\":1050,\"caption\":\"Cybersicherheit ist das grosse Thema in Europa im Monat Oktober.\"},{\"@type\":\"BreadcrumbList\",\"@id\":\"https:\\\/\\\/news.save.ch\\\/cybersicherheit-in-25-eu-staaten\\\/#breadcrumb\",\"itemListElement\":[{\"@type\":\"ListItem\",\"position\":1,\"name\":\"Home\",\"item\":\"https:\\\/\\\/news.save.ch\\\/de\\\/\"},{\"@type\":\"ListItem\",\"position\":2,\"name\":\"Cybersicherheit in 25 EU-Staaten\"}]},{\"@type\":\"WebSite\",\"@id\":\"https:\\\/\\\/news.save.ch\\\/de\\\/#website\",\"url\":\"https:\\\/\\\/news.save.ch\\\/de\\\/\",\"name\":\"Save\",\"description\":\"Schweizer Fachzeitschrift f\u00fcr Sicherheit\",\"publisher\":{\"@id\":\"https:\\\/\\\/news.save.ch\\\/de\\\/#organization\"},\"potentialAction\":[{\"@type\":\"SearchAction\",\"target\":{\"@type\":\"EntryPoint\",\"urlTemplate\":\"https:\\\/\\\/news.save.ch\\\/de\\\/?s={search_term_string}\"},\"query-input\":{\"@type\":\"PropertyValueSpecification\",\"valueRequired\":true,\"valueName\":\"search_term_string\"}}],\"inLanguage\":\"de\"},{\"@type\":\"Organization\",\"@id\":\"https:\\\/\\\/news.save.ch\\\/de\\\/#organization\",\"name\":\"Sicherheitsforum\",\"url\":\"https:\\\/\\\/news.save.ch\\\/de\\\/\",\"logo\":{\"@type\":\"ImageObject\",\"inLanguage\":\"de\",\"@id\":\"https:\\\/\\\/news.save.ch\\\/de\\\/#\\\/schema\\\/logo\\\/image\\\/\",\"url\":\"https:\\\/\\\/news.save.ch\\\/wp-content\\\/uploads\\\/2022\\\/06\\\/Logo_SF_2012.png\",\"contentUrl\":\"https:\\\/\\\/news.save.ch\\\/wp-content\\\/uploads\\\/2022\\\/06\\\/Logo_SF_2012.png\",\"width\":1100,\"height\":91,\"caption\":\"Sicherheitsforum\"},\"image\":{\"@id\":\"https:\\\/\\\/news.save.ch\\\/de\\\/#\\\/schema\\\/logo\\\/image\\\/\"}},{\"@type\":\"Person\",\"@id\":\"https:\\\/\\\/news.save.ch\\\/de\\\/#\\\/schema\\\/person\\\/d49e199490bad7c70d64b9ab51142f2b\",\"name\":\"admin\",\"image\":{\"@type\":\"ImageObject\",\"inLanguage\":\"de\",\"@id\":\"https:\\\/\\\/secure.gravatar.com\\\/avatar\\\/ae2f4d718e6c49043e314ce431e7e645d646302a24a5ef5a8bc8e3f5a032e319?s=96&d=mm&r=g\",\"url\":\"https:\\\/\\\/secure.gravatar.com\\\/avatar\\\/ae2f4d718e6c49043e314ce431e7e645d646302a24a5ef5a8bc8e3f5a032e319?s=96&d=mm&r=g\",\"contentUrl\":\"https:\\\/\\\/secure.gravatar.com\\\/avatar\\\/ae2f4d718e6c49043e314ce431e7e645d646302a24a5ef5a8bc8e3f5a032e319?s=96&d=mm&r=g\",\"caption\":\"admin\"},\"sameAs\":[\"https:\\\/\\\/develop.organisator.galledia.ch\"],\"url\":\"https:\\\/\\\/news.save.ch\\\/de\\\/author\\\/admin\\\/\"}]}<\/script>\n<!-- \/ Yoast SEO plugin. -->","yoast_head_json":{"title":"Cybersicherheit in 25 EU-Staaten - Save","description":"Themen im Oktober des \u201eEurop\u00e4ischen Monats der Cybersicherheit\u201c: Gefahren im Internet, Netzsicherheit, und verstehen, wie die Cloud funktioniert.","robots":{"index":"index","follow":"follow","max-snippet":"max-snippet:-1","max-image-preview":"max-image-preview:large","max-video-preview":"max-video-preview:-1"},"canonical":"https:\/\/news.save.ch\/de\/cybersicherheit-in-25-eu-staaten\/","og_locale":"de_DE","og_type":"article","og_title":"Cybersicherheit in 25 EU-Staaten","og_description":"Wissen, welche Gefahren das Internet birgt, eine Kultur der Netzsicherheit schaffen, aber auch verstehen, wie die Cloud funktioniert: Diese Themen stehen im Oktober auf dem Programm des \u201eEurop\u00e4ischen Monats der Cybersicherheit\u201c.","og_url":"https:\/\/news.save.ch\/de\/cybersicherheit-in-25-eu-staaten\/","og_site_name":"Save","article_published_time":"2015-09-30T07:31:46+00:00","article_modified_time":"2023-03-14T07:57:32+00:00","og_image":[{"url":"https:\/\/news.save.ch\/wp-content\/uploads\/2016\/12\/Cybersicherheit-in-25-EU-Staaten-it-security.jpg","type":"","width":"","height":""}],"author":"admin","twitter_card":"summary_large_image","twitter_misc":{"Geschrieben von":"admin","Gesch\u00e4tzte Lesezeit":"1\u00a0Minute"},"schema":{"@context":"https:\/\/schema.org","@graph":[{"@type":"Article","@id":"https:\/\/news.save.ch\/cybersicherheit-in-25-eu-staaten\/#article","isPartOf":{"@id":"https:\/\/news.save.ch\/cybersicherheit-in-25-eu-staaten\/"},"author":{"name":"admin","@id":"https:\/\/news.save.ch\/de\/#\/schema\/person\/d49e199490bad7c70d64b9ab51142f2b"},"headline":"Cybersicherheit in 25 EU-Staaten","datePublished":"2015-09-30T07:31:46+00:00","dateModified":"2023-03-14T07:57:32+00:00","mainEntityOfPage":{"@id":"https:\/\/news.save.ch\/cybersicherheit-in-25-eu-staaten\/"},"wordCount":218,"commentCount":0,"publisher":{"@id":"https:\/\/news.save.ch\/de\/#organization"},"image":{"@id":"https:\/\/news.save.ch\/cybersicherheit-in-25-eu-staaten\/#primaryimage"},"thumbnailUrl":"https:\/\/news.save.ch\/wp-content\/uploads\/2016\/12\/Cybersicherheit-in-25-EU-Staaten-it-security-scaled.jpg","keywords":["Cyber-Crime","ICT-Sicherheit","IT-SECURITY"],"articleSection":["DIGITALISIERUNG"],"inLanguage":"de"},{"@type":"WebPage","@id":"https:\/\/news.save.ch\/cybersicherheit-in-25-eu-staaten\/","url":"https:\/\/news.save.ch\/cybersicherheit-in-25-eu-staaten\/","name":"Cybersicherheit in 25 EU-Staaten - Save","isPartOf":{"@id":"https:\/\/news.save.ch\/de\/#website"},"primaryImageOfPage":{"@id":"https:\/\/news.save.ch\/cybersicherheit-in-25-eu-staaten\/#primaryimage"},"image":{"@id":"https:\/\/news.save.ch\/cybersicherheit-in-25-eu-staaten\/#primaryimage"},"thumbnailUrl":"https:\/\/news.save.ch\/wp-content\/uploads\/2016\/12\/Cybersicherheit-in-25-EU-Staaten-it-security-scaled.jpg","datePublished":"2015-09-30T07:31:46+00:00","dateModified":"2023-03-14T07:57:32+00:00","description":"Themen im Oktober des \u201eEurop\u00e4ischen Monats der Cybersicherheit\u201c: Gefahren im Internet, Netzsicherheit, und verstehen, wie die Cloud funktioniert.","breadcrumb":{"@id":"https:\/\/news.save.ch\/cybersicherheit-in-25-eu-staaten\/#breadcrumb"},"inLanguage":"de","potentialAction":[{"@type":"ReadAction","target":["https:\/\/news.save.ch\/cybersicherheit-in-25-eu-staaten\/"]}]},{"@type":"ImageObject","inLanguage":"de","@id":"https:\/\/news.save.ch\/cybersicherheit-in-25-eu-staaten\/#primaryimage","url":"https:\/\/news.save.ch\/wp-content\/uploads\/2016\/12\/Cybersicherheit-in-25-EU-Staaten-it-security-scaled.jpg","contentUrl":"https:\/\/news.save.ch\/wp-content\/uploads\/2016\/12\/Cybersicherheit-in-25-EU-Staaten-it-security-scaled.jpg","width":1400,"height":1050,"caption":"Cybersicherheit ist das grosse Thema in Europa im Monat Oktober."},{"@type":"BreadcrumbList","@id":"https:\/\/news.save.ch\/cybersicherheit-in-25-eu-staaten\/#breadcrumb","itemListElement":[{"@type":"ListItem","position":1,"name":"Home","item":"https:\/\/news.save.ch\/de\/"},{"@type":"ListItem","position":2,"name":"Cybersicherheit in 25 EU-Staaten"}]},{"@type":"WebSite","@id":"https:\/\/news.save.ch\/de\/#website","url":"https:\/\/news.save.ch\/de\/","name":"Save","description":"Schweizer Fachzeitschrift f\u00fcr Sicherheit","publisher":{"@id":"https:\/\/news.save.ch\/de\/#organization"},"potentialAction":[{"@type":"SearchAction","target":{"@type":"EntryPoint","urlTemplate":"https:\/\/news.save.ch\/de\/?s={search_term_string}"},"query-input":{"@type":"PropertyValueSpecification","valueRequired":true,"valueName":"search_term_string"}}],"inLanguage":"de"},{"@type":"Organization","@id":"https:\/\/news.save.ch\/de\/#organization","name":"Sicherheitsforum","url":"https:\/\/news.save.ch\/de\/","logo":{"@type":"ImageObject","inLanguage":"de","@id":"https:\/\/news.save.ch\/de\/#\/schema\/logo\/image\/","url":"https:\/\/news.save.ch\/wp-content\/uploads\/2022\/06\/Logo_SF_2012.png","contentUrl":"https:\/\/news.save.ch\/wp-content\/uploads\/2022\/06\/Logo_SF_2012.png","width":1100,"height":91,"caption":"Sicherheitsforum"},"image":{"@id":"https:\/\/news.save.ch\/de\/#\/schema\/logo\/image\/"}},{"@type":"Person","@id":"https:\/\/news.save.ch\/de\/#\/schema\/person\/d49e199490bad7c70d64b9ab51142f2b","name":"admin","image":{"@type":"ImageObject","inLanguage":"de","@id":"https:\/\/secure.gravatar.com\/avatar\/ae2f4d718e6c49043e314ce431e7e645d646302a24a5ef5a8bc8e3f5a032e319?s=96&d=mm&r=g","url":"https:\/\/secure.gravatar.com\/avatar\/ae2f4d718e6c49043e314ce431e7e645d646302a24a5ef5a8bc8e3f5a032e319?s=96&d=mm&r=g","contentUrl":"https:\/\/secure.gravatar.com\/avatar\/ae2f4d718e6c49043e314ce431e7e645d646302a24a5ef5a8bc8e3f5a032e319?s=96&d=mm&r=g","caption":"admin"},"sameAs":["https:\/\/develop.organisator.galledia.ch"],"url":"https:\/\/news.save.ch\/de\/author\/admin\/"}]}},"_links":{"self":[{"href":"https:\/\/news.save.ch\/de\/wp-json\/wp\/v2\/posts\/14131","targetHints":{"allow":["GET"]}}],"collection":[{"href":"https:\/\/news.save.ch\/de\/wp-json\/wp\/v2\/posts"}],"about":[{"href":"https:\/\/news.save.ch\/de\/wp-json\/wp\/v2\/types\/post"}],"author":[{"embeddable":true,"href":"https:\/\/news.save.ch\/de\/wp-json\/wp\/v2\/users\/1"}],"replies":[{"embeddable":true,"href":"https:\/\/news.save.ch\/de\/wp-json\/wp\/v2\/comments?post=14131"}],"version-history":[{"count":1,"href":"https:\/\/news.save.ch\/de\/wp-json\/wp\/v2\/posts\/14131\/revisions"}],"predecessor-version":[{"id":17726,"href":"https:\/\/news.save.ch\/de\/wp-json\/wp\/v2\/posts\/14131\/revisions\/17726"}],"wp:featuredmedia":[{"embeddable":true,"href":"https:\/\/news.save.ch\/de\/wp-json\/wp\/v2\/media\/13534"}],"wp:attachment":[{"href":"https:\/\/news.save.ch\/de\/wp-json\/wp\/v2\/media?parent=14131"}],"wp:term":[{"taxonomy":"category","embeddable":true,"href":"https:\/\/news.save.ch\/de\/wp-json\/wp\/v2\/categories?post=14131"},{"taxonomy":"post_tag","embeddable":true,"href":"https:\/\/news.save.ch\/de\/wp-json\/wp\/v2\/tags?post=14131"}],"curies":[{"name":"wp","href":"https:\/\/api.w.org\/{rel}","templated":true}]}}