{"id":14132,"date":"2015-10-06T09:33:47","date_gmt":"2015-10-06T07:33:47","guid":{"rendered":"https:\/\/dev.sicherheitsforum.ch\/?p=652"},"modified":"2023-03-14T08:57:32","modified_gmt":"2023-03-14T07:57:32","slug":"nationalratskandidaten-tun-sich-schwer-mit-ict","status":null,"type":"post","link":"https:\/\/news.save.ch\/de\/nationalratskandidaten-tun-sich-schwer-mit-ict\/","title":{"rendered":"Nationalratskandidaten tun sich schwer mit ICT"},"content":{"rendered":"<p><img loading=\"lazy\" decoding=\"async\" class=\"alignnone wp-image-653 size-full\" src=\"https:\/\/news.save.ch\/wp-content\/uploads\/2016\/12\/Nationalratskandidaten-tun-sich-schwer-mit-ICT-it-security.jpg\" alt=\"nationalratskandidaten-tun-sich-schwer-mit-ict-it-security\" width=\"467\" height=\"469\" \/><\/p>\n<p>Im Vorfeld der nationalen Parlamentswahlen hat der <a href=\"https:\/\/www.swico.ch\" target=\"_blank\" data-cke-saved-href=\"https:\/\/www.swico.ch\" rel=\"noopener\">Swico<\/a> mittels Umfrage bei den Kandidierenden f\u00fcr den Nationalrat ihre ICT-Affinit\u00e4t erhoben. Rund 400 Nationalratskandidatinnen und -kandidaten, welche sich als ICT-affin bezeichnen, haben an der Umfrage des Anbieterverbands der Informations- und Kommunikationstechnologie teilgenommen. Und es zeigt sich, dass Jungpolitiker aus der Deutschschweiz die h\u00f6chste N\u00e4he zu Informatik-Themen haben, wie das Ergebnis des Swico-Parlamentarierratings ergab. Obenaus schwangen die Parteien FDP, GLP und SVP. Die ersten Pl\u00e4tze belegen Gregori Schmid (GLP), Kanton Z\u00fcrich, und Pascal Senn, Jungfreisinnige St. Gallen, gefolgt von\u00a0GLP-Nationalrat Beat Flach aus dem Kanton Aargau.<\/p>\n<p>ICT sei f\u00fcr viele Politiker, obwohl sie sich in den sozialen Medien tummeln, meist ein Buch mit sieben Siegeln, so der Swico. Die Parlamentarier mit ICT-Affinit\u00e4t k\u00f6nne man an einer Hand abz\u00e4hlen. Kein Wunder, weible die Informatik-Branche \u2013 eine der f\u00fcnf gr\u00f6ssten Sparte der Schweizer Wirtschaft \u2013 f\u00fcr mehr Vertreter im Parlament.<\/p>\n<p>Neben FDP, GLP und SVP haben auch die Kandidierenden der Gr\u00fcnen Partei in der Swico-Umfrage sehr gut abgeschnitten, wie der Verband schreibt. \u201eBei den Gr\u00fcnen ist das Segment der 20- bis 35-j\u00e4hrigen \u00fcberdurchschnittlich vertreten, welche als \u201aDigital Natives\u2018 nicht unerwartet an der Spitze liegen\u201c, so Lara K\u00f6nig, Projektleiterin bei Swico.<\/p>\n","protected":false},"excerpt":{"rendered":"<p>Im Vorfeld der nationalen Parlamentswahlen hat der Swico mittels Umfrage bei den Kandidierenden f\u00fcr den Nationalrat ihre ICT-Affinit\u00e4t erhoben. Rund 400 Nationalratskandidatinnen und -kandidaten, welche sich als ICT-affin bezeichnen, haben an der Umfrage des Anbieterverbands der Informations- und Kommunikationstechnologie teilgenommen. Und es zeigt sich, dass Jungpolitiker aus der Deutschschweiz die h\u00f6chste N\u00e4he zu Informatik-Themen haben, [&hellip;]<\/p>\n","protected":false},"author":1,"featured_media":13536,"comment_status":"open","ping_status":"open","sticky":false,"template":"","format":"standard","meta":{"_acf_changed":false,"pgc_sgb_lightbox_settings":"","footnotes":""},"categories":[3313],"tags":[62,63],"class_list":["post-14132","post","type-post","status-publish","format-standard","has-post-thumbnail","hentry","category-digitalisierung","tag-ict-sicherheit","tag-it-security"],"acf":[],"hkrextid":null,"publication":null,"issue":null,"workflow":null,"startPage":null,"spitzmarke":null,"_posts_by_tag_page_fields":{"widget_title":"","widget_tags":""},"_at_widget":"1","_yoast_wpseo_primary_category":"2","_yoast_wpseo_focuskw_text_input":"Nationalratskandidaten","_yoast_wpseo_opengraph-image":"https:\/\/news.save.ch\/wp-content\/uploads\/2016\/12\/Nationalratskandidaten-tun-sich-schwer-mit-ICT-it-security.jpg","_yoast_wpseo_opengraph-description":"Der Datenschutz, das Nachrichtendienstgesetz oder die Netzneutralit\u00e4t sind wichtige Themen. Deshalb hat der Branchenverband Swico bei den Nationalratskandidaten den Puls bez\u00fcglich Informations- und Kommunikationstechnologie gef\u00fchlt.","_yoast_wpseo_opengraph-title":"Nationalratskandidaten tun sich schwer mit ICT","enclosure":null,"_yoast_wpseo_twitter-title":null,"_yoast_wpseo_twitter-description":null,"_yoast_wpseo_twitter-image":null,"_wp_old_slug":null,"_yoast_wpseo_title":null,"_yoast_wpseo_canonical":null,"yoast_head":"<!-- This site is optimized with the Yoast SEO plugin v27.5 - https:\/\/yoast.com\/product\/yoast-seo-wordpress\/ -->\n<title>Nationalratskandidaten tun sich schwer mit ICT - Save<\/title>\n<meta name=\"description\" content=\"Der Branchenverband Swico hat bei den Nationalratskandidaten den Puls bez\u00fcglich Informations- und Kommunikationstechnologie gef\u00fchlt.\" \/>\n<meta name=\"robots\" content=\"index, follow, max-snippet:-1, max-image-preview:large, max-video-preview:-1\" \/>\n<link rel=\"canonical\" href=\"https:\/\/news.save.ch\/de\/nationalratskandidaten-tun-sich-schwer-mit-ict\/\" \/>\n<meta property=\"og:locale\" content=\"de_DE\" \/>\n<meta property=\"og:type\" content=\"article\" \/>\n<meta property=\"og:title\" content=\"Nationalratskandidaten tun sich schwer mit ICT\" \/>\n<meta property=\"og:description\" content=\"Der Datenschutz, das Nachrichtendienstgesetz oder die Netzneutralit\u00e4t sind wichtige Themen. Deshalb hat der Branchenverband Swico bei den Nationalratskandidaten den Puls bez\u00fcglich Informations- und Kommunikationstechnologie gef\u00fchlt.\" \/>\n<meta property=\"og:url\" content=\"https:\/\/news.save.ch\/de\/nationalratskandidaten-tun-sich-schwer-mit-ict\/\" \/>\n<meta property=\"og:site_name\" content=\"Save\" \/>\n<meta property=\"article:published_time\" content=\"2015-10-06T07:33:47+00:00\" \/>\n<meta property=\"article:modified_time\" content=\"2023-03-14T07:57:32+00:00\" \/>\n<meta property=\"og:image\" content=\"https:\/\/news.save.ch\/wp-content\/uploads\/2016\/12\/Nationalratskandidaten-tun-sich-schwer-mit-ICT-it-security.jpg\" \/>\n<meta name=\"author\" content=\"admin\" \/>\n<meta name=\"twitter:card\" content=\"summary_large_image\" \/>\n<meta name=\"twitter:label1\" content=\"Geschrieben von\" \/>\n\t<meta name=\"twitter:data1\" content=\"admin\" \/>\n\t<meta name=\"twitter:label2\" content=\"Gesch\u00e4tzte Lesezeit\" \/>\n\t<meta name=\"twitter:data2\" content=\"1\u00a0Minute\" \/>\n<script type=\"application\/ld+json\" class=\"yoast-schema-graph\">{\"@context\":\"https:\\\/\\\/schema.org\",\"@graph\":[{\"@type\":\"Article\",\"@id\":\"https:\\\/\\\/news.save.ch\\\/nationalratskandidaten-tun-sich-schwer-mit-ict\\\/#article\",\"isPartOf\":{\"@id\":\"https:\\\/\\\/news.save.ch\\\/nationalratskandidaten-tun-sich-schwer-mit-ict\\\/\"},\"author\":{\"name\":\"admin\",\"@id\":\"https:\\\/\\\/news.save.ch\\\/de\\\/#\\\/schema\\\/person\\\/d49e199490bad7c70d64b9ab51142f2b\"},\"headline\":\"Nationalratskandidaten tun sich schwer mit ICT\",\"datePublished\":\"2015-10-06T07:33:47+00:00\",\"dateModified\":\"2023-03-14T07:57:32+00:00\",\"mainEntityOfPage\":{\"@id\":\"https:\\\/\\\/news.save.ch\\\/nationalratskandidaten-tun-sich-schwer-mit-ict\\\/\"},\"wordCount\":215,\"commentCount\":0,\"publisher\":{\"@id\":\"https:\\\/\\\/news.save.ch\\\/de\\\/#organization\"},\"image\":{\"@id\":\"https:\\\/\\\/news.save.ch\\\/nationalratskandidaten-tun-sich-schwer-mit-ict\\\/#primaryimage\"},\"thumbnailUrl\":\"https:\\\/\\\/news.save.ch\\\/wp-content\\\/uploads\\\/2016\\\/12\\\/Nationalratskandidaten-tun-sich-schwer-mit-ICT-it-security.jpg\",\"keywords\":[\"ICT-Sicherheit\",\"IT-SECURITY\"],\"articleSection\":[\"DIGITALISIERUNG\"],\"inLanguage\":\"de\"},{\"@type\":\"WebPage\",\"@id\":\"https:\\\/\\\/news.save.ch\\\/nationalratskandidaten-tun-sich-schwer-mit-ict\\\/\",\"url\":\"https:\\\/\\\/news.save.ch\\\/nationalratskandidaten-tun-sich-schwer-mit-ict\\\/\",\"name\":\"Nationalratskandidaten tun sich schwer mit ICT - Save\",\"isPartOf\":{\"@id\":\"https:\\\/\\\/news.save.ch\\\/de\\\/#website\"},\"primaryImageOfPage\":{\"@id\":\"https:\\\/\\\/news.save.ch\\\/nationalratskandidaten-tun-sich-schwer-mit-ict\\\/#primaryimage\"},\"image\":{\"@id\":\"https:\\\/\\\/news.save.ch\\\/nationalratskandidaten-tun-sich-schwer-mit-ict\\\/#primaryimage\"},\"thumbnailUrl\":\"https:\\\/\\\/news.save.ch\\\/wp-content\\\/uploads\\\/2016\\\/12\\\/Nationalratskandidaten-tun-sich-schwer-mit-ICT-it-security.jpg\",\"datePublished\":\"2015-10-06T07:33:47+00:00\",\"dateModified\":\"2023-03-14T07:57:32+00:00\",\"description\":\"Der Branchenverband Swico hat bei den Nationalratskandidaten den Puls bez\u00fcglich Informations- und Kommunikationstechnologie gef\u00fchlt.\",\"breadcrumb\":{\"@id\":\"https:\\\/\\\/news.save.ch\\\/nationalratskandidaten-tun-sich-schwer-mit-ict\\\/#breadcrumb\"},\"inLanguage\":\"de\",\"potentialAction\":[{\"@type\":\"ReadAction\",\"target\":[\"https:\\\/\\\/news.save.ch\\\/nationalratskandidaten-tun-sich-schwer-mit-ict\\\/\"]}]},{\"@type\":\"ImageObject\",\"inLanguage\":\"de\",\"@id\":\"https:\\\/\\\/news.save.ch\\\/nationalratskandidaten-tun-sich-schwer-mit-ict\\\/#primaryimage\",\"url\":\"https:\\\/\\\/news.save.ch\\\/wp-content\\\/uploads\\\/2016\\\/12\\\/Nationalratskandidaten-tun-sich-schwer-mit-ICT-it-security.jpg\",\"contentUrl\":\"https:\\\/\\\/news.save.ch\\\/wp-content\\\/uploads\\\/2016\\\/12\\\/Nationalratskandidaten-tun-sich-schwer-mit-ICT-it-security.jpg\",\"width\":467,\"height\":469},{\"@type\":\"BreadcrumbList\",\"@id\":\"https:\\\/\\\/news.save.ch\\\/nationalratskandidaten-tun-sich-schwer-mit-ict\\\/#breadcrumb\",\"itemListElement\":[{\"@type\":\"ListItem\",\"position\":1,\"name\":\"Home\",\"item\":\"https:\\\/\\\/news.save.ch\\\/de\\\/\"},{\"@type\":\"ListItem\",\"position\":2,\"name\":\"Nationalratskandidaten tun sich schwer mit ICT\"}]},{\"@type\":\"WebSite\",\"@id\":\"https:\\\/\\\/news.save.ch\\\/de\\\/#website\",\"url\":\"https:\\\/\\\/news.save.ch\\\/de\\\/\",\"name\":\"Save\",\"description\":\"Schweizer Fachzeitschrift f\u00fcr Sicherheit\",\"publisher\":{\"@id\":\"https:\\\/\\\/news.save.ch\\\/de\\\/#organization\"},\"potentialAction\":[{\"@type\":\"SearchAction\",\"target\":{\"@type\":\"EntryPoint\",\"urlTemplate\":\"https:\\\/\\\/news.save.ch\\\/de\\\/?s={search_term_string}\"},\"query-input\":{\"@type\":\"PropertyValueSpecification\",\"valueRequired\":true,\"valueName\":\"search_term_string\"}}],\"inLanguage\":\"de\"},{\"@type\":\"Organization\",\"@id\":\"https:\\\/\\\/news.save.ch\\\/de\\\/#organization\",\"name\":\"Sicherheitsforum\",\"url\":\"https:\\\/\\\/news.save.ch\\\/de\\\/\",\"logo\":{\"@type\":\"ImageObject\",\"inLanguage\":\"de\",\"@id\":\"https:\\\/\\\/news.save.ch\\\/de\\\/#\\\/schema\\\/logo\\\/image\\\/\",\"url\":\"https:\\\/\\\/news.save.ch\\\/wp-content\\\/uploads\\\/2022\\\/06\\\/Logo_SF_2012.png\",\"contentUrl\":\"https:\\\/\\\/news.save.ch\\\/wp-content\\\/uploads\\\/2022\\\/06\\\/Logo_SF_2012.png\",\"width\":1100,\"height\":91,\"caption\":\"Sicherheitsforum\"},\"image\":{\"@id\":\"https:\\\/\\\/news.save.ch\\\/de\\\/#\\\/schema\\\/logo\\\/image\\\/\"}},{\"@type\":\"Person\",\"@id\":\"https:\\\/\\\/news.save.ch\\\/de\\\/#\\\/schema\\\/person\\\/d49e199490bad7c70d64b9ab51142f2b\",\"name\":\"admin\",\"image\":{\"@type\":\"ImageObject\",\"inLanguage\":\"de\",\"@id\":\"https:\\\/\\\/secure.gravatar.com\\\/avatar\\\/ae2f4d718e6c49043e314ce431e7e645d646302a24a5ef5a8bc8e3f5a032e319?s=96&d=mm&r=g\",\"url\":\"https:\\\/\\\/secure.gravatar.com\\\/avatar\\\/ae2f4d718e6c49043e314ce431e7e645d646302a24a5ef5a8bc8e3f5a032e319?s=96&d=mm&r=g\",\"contentUrl\":\"https:\\\/\\\/secure.gravatar.com\\\/avatar\\\/ae2f4d718e6c49043e314ce431e7e645d646302a24a5ef5a8bc8e3f5a032e319?s=96&d=mm&r=g\",\"caption\":\"admin\"},\"sameAs\":[\"https:\\\/\\\/develop.organisator.galledia.ch\"],\"url\":\"https:\\\/\\\/news.save.ch\\\/de\\\/author\\\/admin\\\/\"}]}<\/script>\n<!-- \/ Yoast SEO plugin. -->","yoast_head_json":{"title":"Nationalratskandidaten tun sich schwer mit ICT - Save","description":"Der Branchenverband Swico hat bei den Nationalratskandidaten den Puls bez\u00fcglich Informations- und Kommunikationstechnologie gef\u00fchlt.","robots":{"index":"index","follow":"follow","max-snippet":"max-snippet:-1","max-image-preview":"max-image-preview:large","max-video-preview":"max-video-preview:-1"},"canonical":"https:\/\/news.save.ch\/de\/nationalratskandidaten-tun-sich-schwer-mit-ict\/","og_locale":"de_DE","og_type":"article","og_title":"Nationalratskandidaten tun sich schwer mit ICT","og_description":"Der Datenschutz, das Nachrichtendienstgesetz oder die Netzneutralit\u00e4t sind wichtige Themen. Deshalb hat der Branchenverband Swico bei den Nationalratskandidaten den Puls bez\u00fcglich Informations- und Kommunikationstechnologie gef\u00fchlt.","og_url":"https:\/\/news.save.ch\/de\/nationalratskandidaten-tun-sich-schwer-mit-ict\/","og_site_name":"Save","article_published_time":"2015-10-06T07:33:47+00:00","article_modified_time":"2023-03-14T07:57:32+00:00","og_image":[{"url":"https:\/\/news.save.ch\/wp-content\/uploads\/2016\/12\/Nationalratskandidaten-tun-sich-schwer-mit-ICT-it-security.jpg","type":"","width":"","height":""}],"author":"admin","twitter_card":"summary_large_image","twitter_misc":{"Geschrieben von":"admin","Gesch\u00e4tzte Lesezeit":"1\u00a0Minute"},"schema":{"@context":"https:\/\/schema.org","@graph":[{"@type":"Article","@id":"https:\/\/news.save.ch\/nationalratskandidaten-tun-sich-schwer-mit-ict\/#article","isPartOf":{"@id":"https:\/\/news.save.ch\/nationalratskandidaten-tun-sich-schwer-mit-ict\/"},"author":{"name":"admin","@id":"https:\/\/news.save.ch\/de\/#\/schema\/person\/d49e199490bad7c70d64b9ab51142f2b"},"headline":"Nationalratskandidaten tun sich schwer mit ICT","datePublished":"2015-10-06T07:33:47+00:00","dateModified":"2023-03-14T07:57:32+00:00","mainEntityOfPage":{"@id":"https:\/\/news.save.ch\/nationalratskandidaten-tun-sich-schwer-mit-ict\/"},"wordCount":215,"commentCount":0,"publisher":{"@id":"https:\/\/news.save.ch\/de\/#organization"},"image":{"@id":"https:\/\/news.save.ch\/nationalratskandidaten-tun-sich-schwer-mit-ict\/#primaryimage"},"thumbnailUrl":"https:\/\/news.save.ch\/wp-content\/uploads\/2016\/12\/Nationalratskandidaten-tun-sich-schwer-mit-ICT-it-security.jpg","keywords":["ICT-Sicherheit","IT-SECURITY"],"articleSection":["DIGITALISIERUNG"],"inLanguage":"de"},{"@type":"WebPage","@id":"https:\/\/news.save.ch\/nationalratskandidaten-tun-sich-schwer-mit-ict\/","url":"https:\/\/news.save.ch\/nationalratskandidaten-tun-sich-schwer-mit-ict\/","name":"Nationalratskandidaten tun sich schwer mit ICT - Save","isPartOf":{"@id":"https:\/\/news.save.ch\/de\/#website"},"primaryImageOfPage":{"@id":"https:\/\/news.save.ch\/nationalratskandidaten-tun-sich-schwer-mit-ict\/#primaryimage"},"image":{"@id":"https:\/\/news.save.ch\/nationalratskandidaten-tun-sich-schwer-mit-ict\/#primaryimage"},"thumbnailUrl":"https:\/\/news.save.ch\/wp-content\/uploads\/2016\/12\/Nationalratskandidaten-tun-sich-schwer-mit-ICT-it-security.jpg","datePublished":"2015-10-06T07:33:47+00:00","dateModified":"2023-03-14T07:57:32+00:00","description":"Der Branchenverband Swico hat bei den Nationalratskandidaten den Puls bez\u00fcglich Informations- und Kommunikationstechnologie gef\u00fchlt.","breadcrumb":{"@id":"https:\/\/news.save.ch\/nationalratskandidaten-tun-sich-schwer-mit-ict\/#breadcrumb"},"inLanguage":"de","potentialAction":[{"@type":"ReadAction","target":["https:\/\/news.save.ch\/nationalratskandidaten-tun-sich-schwer-mit-ict\/"]}]},{"@type":"ImageObject","inLanguage":"de","@id":"https:\/\/news.save.ch\/nationalratskandidaten-tun-sich-schwer-mit-ict\/#primaryimage","url":"https:\/\/news.save.ch\/wp-content\/uploads\/2016\/12\/Nationalratskandidaten-tun-sich-schwer-mit-ICT-it-security.jpg","contentUrl":"https:\/\/news.save.ch\/wp-content\/uploads\/2016\/12\/Nationalratskandidaten-tun-sich-schwer-mit-ICT-it-security.jpg","width":467,"height":469},{"@type":"BreadcrumbList","@id":"https:\/\/news.save.ch\/nationalratskandidaten-tun-sich-schwer-mit-ict\/#breadcrumb","itemListElement":[{"@type":"ListItem","position":1,"name":"Home","item":"https:\/\/news.save.ch\/de\/"},{"@type":"ListItem","position":2,"name":"Nationalratskandidaten tun sich schwer mit ICT"}]},{"@type":"WebSite","@id":"https:\/\/news.save.ch\/de\/#website","url":"https:\/\/news.save.ch\/de\/","name":"Save","description":"Schweizer Fachzeitschrift f\u00fcr Sicherheit","publisher":{"@id":"https:\/\/news.save.ch\/de\/#organization"},"potentialAction":[{"@type":"SearchAction","target":{"@type":"EntryPoint","urlTemplate":"https:\/\/news.save.ch\/de\/?s={search_term_string}"},"query-input":{"@type":"PropertyValueSpecification","valueRequired":true,"valueName":"search_term_string"}}],"inLanguage":"de"},{"@type":"Organization","@id":"https:\/\/news.save.ch\/de\/#organization","name":"Sicherheitsforum","url":"https:\/\/news.save.ch\/de\/","logo":{"@type":"ImageObject","inLanguage":"de","@id":"https:\/\/news.save.ch\/de\/#\/schema\/logo\/image\/","url":"https:\/\/news.save.ch\/wp-content\/uploads\/2022\/06\/Logo_SF_2012.png","contentUrl":"https:\/\/news.save.ch\/wp-content\/uploads\/2022\/06\/Logo_SF_2012.png","width":1100,"height":91,"caption":"Sicherheitsforum"},"image":{"@id":"https:\/\/news.save.ch\/de\/#\/schema\/logo\/image\/"}},{"@type":"Person","@id":"https:\/\/news.save.ch\/de\/#\/schema\/person\/d49e199490bad7c70d64b9ab51142f2b","name":"admin","image":{"@type":"ImageObject","inLanguage":"de","@id":"https:\/\/secure.gravatar.com\/avatar\/ae2f4d718e6c49043e314ce431e7e645d646302a24a5ef5a8bc8e3f5a032e319?s=96&d=mm&r=g","url":"https:\/\/secure.gravatar.com\/avatar\/ae2f4d718e6c49043e314ce431e7e645d646302a24a5ef5a8bc8e3f5a032e319?s=96&d=mm&r=g","contentUrl":"https:\/\/secure.gravatar.com\/avatar\/ae2f4d718e6c49043e314ce431e7e645d646302a24a5ef5a8bc8e3f5a032e319?s=96&d=mm&r=g","caption":"admin"},"sameAs":["https:\/\/develop.organisator.galledia.ch"],"url":"https:\/\/news.save.ch\/de\/author\/admin\/"}]}},"_links":{"self":[{"href":"https:\/\/news.save.ch\/de\/wp-json\/wp\/v2\/posts\/14132","targetHints":{"allow":["GET"]}}],"collection":[{"href":"https:\/\/news.save.ch\/de\/wp-json\/wp\/v2\/posts"}],"about":[{"href":"https:\/\/news.save.ch\/de\/wp-json\/wp\/v2\/types\/post"}],"author":[{"embeddable":true,"href":"https:\/\/news.save.ch\/de\/wp-json\/wp\/v2\/users\/1"}],"replies":[{"embeddable":true,"href":"https:\/\/news.save.ch\/de\/wp-json\/wp\/v2\/comments?post=14132"}],"version-history":[{"count":1,"href":"https:\/\/news.save.ch\/de\/wp-json\/wp\/v2\/posts\/14132\/revisions"}],"predecessor-version":[{"id":17725,"href":"https:\/\/news.save.ch\/de\/wp-json\/wp\/v2\/posts\/14132\/revisions\/17725"}],"wp:featuredmedia":[{"embeddable":true,"href":"https:\/\/news.save.ch\/de\/wp-json\/wp\/v2\/media\/13536"}],"wp:attachment":[{"href":"https:\/\/news.save.ch\/de\/wp-json\/wp\/v2\/media?parent=14132"}],"wp:term":[{"taxonomy":"category","embeddable":true,"href":"https:\/\/news.save.ch\/de\/wp-json\/wp\/v2\/categories?post=14132"},{"taxonomy":"post_tag","embeddable":true,"href":"https:\/\/news.save.ch\/de\/wp-json\/wp\/v2\/tags?post=14132"}],"curies":[{"name":"wp","href":"https:\/\/api.w.org\/{rel}","templated":true}]}}