{"id":14133,"date":"2015-10-07T09:39:54","date_gmt":"2015-10-07T07:39:54","guid":{"rendered":"https:\/\/dev.sicherheitsforum.ch\/?p=657"},"modified":"2023-03-14T08:57:32","modified_gmt":"2023-03-14T07:57:32","slug":"kartellbusse-swisscom-geht-ans-bundesgericht","status":null,"type":"post","link":"https:\/\/news.save.ch\/de\/kartellbusse-swisscom-geht-ans-bundesgericht\/","title":{"rendered":"Kartellbusse: Swisscom geht ans Bundesgericht"},"content":{"rendered":"<figure id=\"attachment_658\" aria-describedby=\"caption-attachment-658\" style=\"width: 680px\" class=\"wp-caption alignnone\"><img loading=\"lazy\" decoding=\"async\" class=\"wp-image-658 size-medium\" src=\"https:\/\/news.save.ch\/wp-content\/uploads\/2016\/12\/Kartellbusse-Swisscom-geht-ans-Bundesgericht-it-security.jpg\" alt=\"Missbr\u00e4uchliche Preise f\u00fcr Breitbanddienste: Die Swisscom zieht den Fall weiter an die h\u00f6chste Instanz.\" width=\"680\" height=\"511\" \/><figcaption id=\"caption-attachment-658\" class=\"wp-caption-text\">Missbr\u00e4uchliche Preise f\u00fcr Breitbanddienste: Die Swisscom zieht den Fall weiter an die h\u00f6chste Instanz.<\/figcaption><\/figure>\n<p>In seinem Urteil best\u00e4tigt das Bundesverwaltungsgericht grunds\u00e4tzlich den Missbrauchsvorwurf der <a href=\"https:\/\/www.weko.admin.ch\" target=\"_blank\" data-cke-saved-href=\"https:\/\/www.weko.admin.ch\" rel=\"noopener\">Wettbewerbskommission<\/a> (Weko), wonach <a href=\"https:\/\/www.swisscom.ch\" target=\"_blank\" data-cke-saved-href=\"https:\/\/www.swisscom.ch\" rel=\"noopener\">Swisscom<\/a> gegen\u00fcber ihren Mitbewerbern bis zum 31. Dezember 2007 unzul\u00e4ssige Preise f\u00fcr Breitbandvorleistungsdienste (Broadband Connectivity Service, kurz BBCS) verlangt habe. Es h\u00e4lt aber fest, dass die Weko die daf\u00fcr verh\u00e4ngte Busse mit 219 Mio. Fr. zu hoch angesetzt habe und reduziert diese daher auf 186 Mio. Fr.<\/p>\n<p>Swisscom bedaure den Entscheid des Bundesverwaltungsgerichts und halte die Sanktion f\u00fcr nicht gerechtfertigt, weil:<\/p>\n<ul>\n<li>Swisscom keine marktbeherrschende Stellung erkennt, da bereits zum Zeitpunkt der Untersuchung seitens der Kabelnetze Wettbewerbs- und Preisdruck bestand;<\/li>\n<li>keine Pflicht bestand, den BBCS anzubieten. Das freiwillige Angebot von Swisscom erm\u00f6glichte jedoch den Mitbewerbern von Anfang an, eigene Breitbandinternetdienste zu vermarkten. Diesen Dienst hat Swisscom preislich und in punkto Bandbreiten laufend verbessert, weshalb er kein Mittel zur Behinderung der Konkurrenten sein konnte;<\/li>\n<li>die Untersuchung die ersten Jahre nach der Lancierung von ADSL betrifft und die von der Weko kritisierten Anfangsverluste im Breitbandgesch\u00e4ft wegen Akquisitionskosten f\u00fcr Neukunden in dieser Phase \u00fcblich waren und nicht zu beanstanden sind;<\/li>\n<li>das (Endkunden-) Breitbandinternetgesch\u00e4ft von Swisscom (und ebenso effizienten Mitbewerbern) auf Dauer profitabel ist und ein strukturelles Defizit oder eine Kosten-Preis-Schere somit nicht bestehen kann;<\/li>\n<\/ul>\n<p>Bei dieser Ausgangslage und wegen des Grundsatzcharakters des Urteils werde Swisscom beim Bundesgericht Beschwerde einreichen, betont das Unternehmen.<\/p>\n<p>&nbsp;<\/p>\n","protected":false},"excerpt":{"rendered":"<p>In seinem Urteil best\u00e4tigt das Bundesverwaltungsgericht grunds\u00e4tzlich den Missbrauchsvorwurf der Wettbewerbskommission (Weko), wonach Swisscom gegen\u00fcber ihren Mitbewerbern bis zum 31. Dezember 2007 unzul\u00e4ssige Preise f\u00fcr Breitbandvorleistungsdienste (Broadband Connectivity Service, kurz BBCS) verlangt habe. Es h\u00e4lt aber fest, dass die Weko die daf\u00fcr verh\u00e4ngte Busse mit 219 Mio. Fr. zu hoch angesetzt habe und reduziert diese [&hellip;]<\/p>\n","protected":false},"author":1,"featured_media":13538,"comment_status":"open","ping_status":"open","sticky":false,"template":"","format":"standard","meta":{"_acf_changed":false,"pgc_sgb_lightbox_settings":"","footnotes":""},"categories":[3313],"tags":[63,65],"class_list":["post-14133","post","type-post","status-publish","format-standard","has-post-thumbnail","hentry","category-digitalisierung","tag-it-security","tag-unternehmen"],"acf":[],"hkrextid":null,"publication":null,"issue":null,"workflow":null,"startPage":null,"spitzmarke":null,"_posts_by_tag_page_fields":{"widget_title":"","widget_tags":""},"_at_widget":"1","_yoast_wpseo_primary_category":"2","_yoast_wpseo_focuskw_text_input":"Kartellbusse","_yoast_wpseo_opengraph-image":"https:\/\/news.save.ch\/wp-content\/uploads\/2016\/12\/Kartellbusse-Swisscom-geht-ans-Bundesgericht-it-security.jpg","_yoast_wpseo_opengraph-description":"Das Bundesverwaltungsgericht hat den Vorwurf wegen missbr\u00e4uchlicher Preise f\u00fcr Breitbanddienste an die Adresse der Swisscom best\u00e4tigt. Die Instanz hat jedoch die Kartellbusse der Wettbewerbskommission von 219 auf 186 Mio. Franken reduziert. Die Swisscom gelangt jetzt ans Bundesgericht.","_yoast_wpseo_opengraph-title":"Kartellbusse: Swisscom geht ans Bundesgericht","enclosure":null,"_yoast_wpseo_twitter-title":null,"_yoast_wpseo_twitter-description":null,"_yoast_wpseo_twitter-image":null,"_wp_old_slug":null,"_yoast_wpseo_title":null,"_yoast_wpseo_canonical":null,"yoast_head":"<!-- This site is optimized with the Yoast SEO plugin v27.5 - https:\/\/yoast.com\/product\/yoast-seo-wordpress\/ -->\n<title>Kartellbusse: Swisscom geht ans Bundesgericht - Save<\/title>\n<meta name=\"description\" content=\"Kartellbusse: Das Bundesverwaltungsgericht hat den Vorwurf wegen missbr\u00e4uchlicher Preise f\u00fcr Breitbanddienste an die Adresse der Swisscom best\u00e4tigt.\" \/>\n<meta name=\"robots\" content=\"index, follow, max-snippet:-1, max-image-preview:large, max-video-preview:-1\" \/>\n<link rel=\"canonical\" href=\"https:\/\/news.save.ch\/de\/kartellbusse-swisscom-geht-ans-bundesgericht\/\" \/>\n<meta property=\"og:locale\" content=\"de_DE\" \/>\n<meta property=\"og:type\" content=\"article\" \/>\n<meta property=\"og:title\" content=\"Kartellbusse: Swisscom geht ans Bundesgericht\" \/>\n<meta property=\"og:description\" content=\"Das Bundesverwaltungsgericht hat den Vorwurf wegen missbr\u00e4uchlicher Preise f\u00fcr Breitbanddienste an die Adresse der Swisscom best\u00e4tigt. Die Instanz hat jedoch die Kartellbusse der Wettbewerbskommission von 219 auf 186 Mio. Franken reduziert. Die Swisscom gelangt jetzt ans Bundesgericht.\" \/>\n<meta property=\"og:url\" content=\"https:\/\/news.save.ch\/de\/kartellbusse-swisscom-geht-ans-bundesgericht\/\" \/>\n<meta property=\"og:site_name\" content=\"Save\" \/>\n<meta property=\"article:published_time\" content=\"2015-10-07T07:39:54+00:00\" \/>\n<meta property=\"article:modified_time\" content=\"2023-03-14T07:57:32+00:00\" \/>\n<meta property=\"og:image\" content=\"https:\/\/news.save.ch\/wp-content\/uploads\/2016\/12\/Kartellbusse-Swisscom-geht-ans-Bundesgericht-it-security.jpg\" \/>\n<meta name=\"author\" content=\"admin\" \/>\n<meta name=\"twitter:card\" content=\"summary_large_image\" \/>\n<meta name=\"twitter:label1\" content=\"Geschrieben von\" \/>\n\t<meta name=\"twitter:data1\" content=\"admin\" \/>\n\t<meta name=\"twitter:label2\" content=\"Gesch\u00e4tzte Lesezeit\" \/>\n\t<meta name=\"twitter:data2\" content=\"1\u00a0Minute\" \/>\n<script type=\"application\/ld+json\" class=\"yoast-schema-graph\">{\"@context\":\"https:\\\/\\\/schema.org\",\"@graph\":[{\"@type\":\"Article\",\"@id\":\"https:\\\/\\\/news.save.ch\\\/kartellbusse-swisscom-geht-ans-bundesgericht\\\/#article\",\"isPartOf\":{\"@id\":\"https:\\\/\\\/news.save.ch\\\/kartellbusse-swisscom-geht-ans-bundesgericht\\\/\"},\"author\":{\"name\":\"admin\",\"@id\":\"https:\\\/\\\/news.save.ch\\\/de\\\/#\\\/schema\\\/person\\\/d49e199490bad7c70d64b9ab51142f2b\"},\"headline\":\"Kartellbusse: Swisscom geht ans Bundesgericht\",\"datePublished\":\"2015-10-07T07:39:54+00:00\",\"dateModified\":\"2023-03-14T07:57:32+00:00\",\"mainEntityOfPage\":{\"@id\":\"https:\\\/\\\/news.save.ch\\\/kartellbusse-swisscom-geht-ans-bundesgericht\\\/\"},\"wordCount\":250,\"commentCount\":0,\"publisher\":{\"@id\":\"https:\\\/\\\/news.save.ch\\\/de\\\/#organization\"},\"image\":{\"@id\":\"https:\\\/\\\/news.save.ch\\\/kartellbusse-swisscom-geht-ans-bundesgericht\\\/#primaryimage\"},\"thumbnailUrl\":\"https:\\\/\\\/news.save.ch\\\/wp-content\\\/uploads\\\/2016\\\/12\\\/Kartellbusse-Swisscom-geht-ans-Bundesgericht-it-security.jpg\",\"keywords\":[\"IT-SECURITY\",\"Unternehmen\"],\"articleSection\":[\"DIGITALISIERUNG\"],\"inLanguage\":\"de\"},{\"@type\":\"WebPage\",\"@id\":\"https:\\\/\\\/news.save.ch\\\/kartellbusse-swisscom-geht-ans-bundesgericht\\\/\",\"url\":\"https:\\\/\\\/news.save.ch\\\/kartellbusse-swisscom-geht-ans-bundesgericht\\\/\",\"name\":\"Kartellbusse: Swisscom geht ans Bundesgericht - Save\",\"isPartOf\":{\"@id\":\"https:\\\/\\\/news.save.ch\\\/de\\\/#website\"},\"primaryImageOfPage\":{\"@id\":\"https:\\\/\\\/news.save.ch\\\/kartellbusse-swisscom-geht-ans-bundesgericht\\\/#primaryimage\"},\"image\":{\"@id\":\"https:\\\/\\\/news.save.ch\\\/kartellbusse-swisscom-geht-ans-bundesgericht\\\/#primaryimage\"},\"thumbnailUrl\":\"https:\\\/\\\/news.save.ch\\\/wp-content\\\/uploads\\\/2016\\\/12\\\/Kartellbusse-Swisscom-geht-ans-Bundesgericht-it-security.jpg\",\"datePublished\":\"2015-10-07T07:39:54+00:00\",\"dateModified\":\"2023-03-14T07:57:32+00:00\",\"description\":\"Kartellbusse: Das Bundesverwaltungsgericht hat den Vorwurf wegen missbr\u00e4uchlicher Preise f\u00fcr Breitbanddienste an die Adresse der Swisscom best\u00e4tigt.\",\"breadcrumb\":{\"@id\":\"https:\\\/\\\/news.save.ch\\\/kartellbusse-swisscom-geht-ans-bundesgericht\\\/#breadcrumb\"},\"inLanguage\":\"de\",\"potentialAction\":[{\"@type\":\"ReadAction\",\"target\":[\"https:\\\/\\\/news.save.ch\\\/kartellbusse-swisscom-geht-ans-bundesgericht\\\/\"]}]},{\"@type\":\"ImageObject\",\"inLanguage\":\"de\",\"@id\":\"https:\\\/\\\/news.save.ch\\\/kartellbusse-swisscom-geht-ans-bundesgericht\\\/#primaryimage\",\"url\":\"https:\\\/\\\/news.save.ch\\\/wp-content\\\/uploads\\\/2016\\\/12\\\/Kartellbusse-Swisscom-geht-ans-Bundesgericht-it-security.jpg\",\"contentUrl\":\"https:\\\/\\\/news.save.ch\\\/wp-content\\\/uploads\\\/2016\\\/12\\\/Kartellbusse-Swisscom-geht-ans-Bundesgericht-it-security.jpg\",\"width\":1104,\"height\":829,\"caption\":\"Missbr\u00e4uchliche Preise f\u00fcr Breitbanddienste: Die Swisscom zieht den Fall weiter an die h\u00f6chste Instanz.\"},{\"@type\":\"BreadcrumbList\",\"@id\":\"https:\\\/\\\/news.save.ch\\\/kartellbusse-swisscom-geht-ans-bundesgericht\\\/#breadcrumb\",\"itemListElement\":[{\"@type\":\"ListItem\",\"position\":1,\"name\":\"Home\",\"item\":\"https:\\\/\\\/news.save.ch\\\/de\\\/\"},{\"@type\":\"ListItem\",\"position\":2,\"name\":\"Kartellbusse: Swisscom geht ans Bundesgericht\"}]},{\"@type\":\"WebSite\",\"@id\":\"https:\\\/\\\/news.save.ch\\\/de\\\/#website\",\"url\":\"https:\\\/\\\/news.save.ch\\\/de\\\/\",\"name\":\"Save\",\"description\":\"Schweizer Fachzeitschrift f\u00fcr Sicherheit\",\"publisher\":{\"@id\":\"https:\\\/\\\/news.save.ch\\\/de\\\/#organization\"},\"potentialAction\":[{\"@type\":\"SearchAction\",\"target\":{\"@type\":\"EntryPoint\",\"urlTemplate\":\"https:\\\/\\\/news.save.ch\\\/de\\\/?s={search_term_string}\"},\"query-input\":{\"@type\":\"PropertyValueSpecification\",\"valueRequired\":true,\"valueName\":\"search_term_string\"}}],\"inLanguage\":\"de\"},{\"@type\":\"Organization\",\"@id\":\"https:\\\/\\\/news.save.ch\\\/de\\\/#organization\",\"name\":\"Sicherheitsforum\",\"url\":\"https:\\\/\\\/news.save.ch\\\/de\\\/\",\"logo\":{\"@type\":\"ImageObject\",\"inLanguage\":\"de\",\"@id\":\"https:\\\/\\\/news.save.ch\\\/de\\\/#\\\/schema\\\/logo\\\/image\\\/\",\"url\":\"https:\\\/\\\/news.save.ch\\\/wp-content\\\/uploads\\\/2022\\\/06\\\/Logo_SF_2012.png\",\"contentUrl\":\"https:\\\/\\\/news.save.ch\\\/wp-content\\\/uploads\\\/2022\\\/06\\\/Logo_SF_2012.png\",\"width\":1100,\"height\":91,\"caption\":\"Sicherheitsforum\"},\"image\":{\"@id\":\"https:\\\/\\\/news.save.ch\\\/de\\\/#\\\/schema\\\/logo\\\/image\\\/\"}},{\"@type\":\"Person\",\"@id\":\"https:\\\/\\\/news.save.ch\\\/de\\\/#\\\/schema\\\/person\\\/d49e199490bad7c70d64b9ab51142f2b\",\"name\":\"admin\",\"image\":{\"@type\":\"ImageObject\",\"inLanguage\":\"de\",\"@id\":\"https:\\\/\\\/secure.gravatar.com\\\/avatar\\\/ae2f4d718e6c49043e314ce431e7e645d646302a24a5ef5a8bc8e3f5a032e319?s=96&d=mm&r=g\",\"url\":\"https:\\\/\\\/secure.gravatar.com\\\/avatar\\\/ae2f4d718e6c49043e314ce431e7e645d646302a24a5ef5a8bc8e3f5a032e319?s=96&d=mm&r=g\",\"contentUrl\":\"https:\\\/\\\/secure.gravatar.com\\\/avatar\\\/ae2f4d718e6c49043e314ce431e7e645d646302a24a5ef5a8bc8e3f5a032e319?s=96&d=mm&r=g\",\"caption\":\"admin\"},\"sameAs\":[\"https:\\\/\\\/develop.organisator.galledia.ch\"],\"url\":\"https:\\\/\\\/news.save.ch\\\/de\\\/author\\\/admin\\\/\"}]}<\/script>\n<!-- \/ Yoast SEO plugin. -->","yoast_head_json":{"title":"Kartellbusse: Swisscom geht ans Bundesgericht - Save","description":"Kartellbusse: Das Bundesverwaltungsgericht hat den Vorwurf wegen missbr\u00e4uchlicher Preise f\u00fcr Breitbanddienste an die Adresse der Swisscom best\u00e4tigt.","robots":{"index":"index","follow":"follow","max-snippet":"max-snippet:-1","max-image-preview":"max-image-preview:large","max-video-preview":"max-video-preview:-1"},"canonical":"https:\/\/news.save.ch\/de\/kartellbusse-swisscom-geht-ans-bundesgericht\/","og_locale":"de_DE","og_type":"article","og_title":"Kartellbusse: Swisscom geht ans Bundesgericht","og_description":"Das Bundesverwaltungsgericht hat den Vorwurf wegen missbr\u00e4uchlicher Preise f\u00fcr Breitbanddienste an die Adresse der Swisscom best\u00e4tigt. Die Instanz hat jedoch die Kartellbusse der Wettbewerbskommission von 219 auf 186 Mio. Franken reduziert. Die Swisscom gelangt jetzt ans Bundesgericht.","og_url":"https:\/\/news.save.ch\/de\/kartellbusse-swisscom-geht-ans-bundesgericht\/","og_site_name":"Save","article_published_time":"2015-10-07T07:39:54+00:00","article_modified_time":"2023-03-14T07:57:32+00:00","og_image":[{"url":"https:\/\/news.save.ch\/wp-content\/uploads\/2016\/12\/Kartellbusse-Swisscom-geht-ans-Bundesgericht-it-security.jpg","type":"","width":"","height":""}],"author":"admin","twitter_card":"summary_large_image","twitter_misc":{"Geschrieben von":"admin","Gesch\u00e4tzte Lesezeit":"1\u00a0Minute"},"schema":{"@context":"https:\/\/schema.org","@graph":[{"@type":"Article","@id":"https:\/\/news.save.ch\/kartellbusse-swisscom-geht-ans-bundesgericht\/#article","isPartOf":{"@id":"https:\/\/news.save.ch\/kartellbusse-swisscom-geht-ans-bundesgericht\/"},"author":{"name":"admin","@id":"https:\/\/news.save.ch\/de\/#\/schema\/person\/d49e199490bad7c70d64b9ab51142f2b"},"headline":"Kartellbusse: Swisscom geht ans Bundesgericht","datePublished":"2015-10-07T07:39:54+00:00","dateModified":"2023-03-14T07:57:32+00:00","mainEntityOfPage":{"@id":"https:\/\/news.save.ch\/kartellbusse-swisscom-geht-ans-bundesgericht\/"},"wordCount":250,"commentCount":0,"publisher":{"@id":"https:\/\/news.save.ch\/de\/#organization"},"image":{"@id":"https:\/\/news.save.ch\/kartellbusse-swisscom-geht-ans-bundesgericht\/#primaryimage"},"thumbnailUrl":"https:\/\/news.save.ch\/wp-content\/uploads\/2016\/12\/Kartellbusse-Swisscom-geht-ans-Bundesgericht-it-security.jpg","keywords":["IT-SECURITY","Unternehmen"],"articleSection":["DIGITALISIERUNG"],"inLanguage":"de"},{"@type":"WebPage","@id":"https:\/\/news.save.ch\/kartellbusse-swisscom-geht-ans-bundesgericht\/","url":"https:\/\/news.save.ch\/kartellbusse-swisscom-geht-ans-bundesgericht\/","name":"Kartellbusse: Swisscom geht ans Bundesgericht - Save","isPartOf":{"@id":"https:\/\/news.save.ch\/de\/#website"},"primaryImageOfPage":{"@id":"https:\/\/news.save.ch\/kartellbusse-swisscom-geht-ans-bundesgericht\/#primaryimage"},"image":{"@id":"https:\/\/news.save.ch\/kartellbusse-swisscom-geht-ans-bundesgericht\/#primaryimage"},"thumbnailUrl":"https:\/\/news.save.ch\/wp-content\/uploads\/2016\/12\/Kartellbusse-Swisscom-geht-ans-Bundesgericht-it-security.jpg","datePublished":"2015-10-07T07:39:54+00:00","dateModified":"2023-03-14T07:57:32+00:00","description":"Kartellbusse: Das Bundesverwaltungsgericht hat den Vorwurf wegen missbr\u00e4uchlicher Preise f\u00fcr Breitbanddienste an die Adresse der Swisscom best\u00e4tigt.","breadcrumb":{"@id":"https:\/\/news.save.ch\/kartellbusse-swisscom-geht-ans-bundesgericht\/#breadcrumb"},"inLanguage":"de","potentialAction":[{"@type":"ReadAction","target":["https:\/\/news.save.ch\/kartellbusse-swisscom-geht-ans-bundesgericht\/"]}]},{"@type":"ImageObject","inLanguage":"de","@id":"https:\/\/news.save.ch\/kartellbusse-swisscom-geht-ans-bundesgericht\/#primaryimage","url":"https:\/\/news.save.ch\/wp-content\/uploads\/2016\/12\/Kartellbusse-Swisscom-geht-ans-Bundesgericht-it-security.jpg","contentUrl":"https:\/\/news.save.ch\/wp-content\/uploads\/2016\/12\/Kartellbusse-Swisscom-geht-ans-Bundesgericht-it-security.jpg","width":1104,"height":829,"caption":"Missbr\u00e4uchliche Preise f\u00fcr Breitbanddienste: Die Swisscom zieht den Fall weiter an die h\u00f6chste Instanz."},{"@type":"BreadcrumbList","@id":"https:\/\/news.save.ch\/kartellbusse-swisscom-geht-ans-bundesgericht\/#breadcrumb","itemListElement":[{"@type":"ListItem","position":1,"name":"Home","item":"https:\/\/news.save.ch\/de\/"},{"@type":"ListItem","position":2,"name":"Kartellbusse: Swisscom geht ans Bundesgericht"}]},{"@type":"WebSite","@id":"https:\/\/news.save.ch\/de\/#website","url":"https:\/\/news.save.ch\/de\/","name":"Save","description":"Schweizer Fachzeitschrift f\u00fcr Sicherheit","publisher":{"@id":"https:\/\/news.save.ch\/de\/#organization"},"potentialAction":[{"@type":"SearchAction","target":{"@type":"EntryPoint","urlTemplate":"https:\/\/news.save.ch\/de\/?s={search_term_string}"},"query-input":{"@type":"PropertyValueSpecification","valueRequired":true,"valueName":"search_term_string"}}],"inLanguage":"de"},{"@type":"Organization","@id":"https:\/\/news.save.ch\/de\/#organization","name":"Sicherheitsforum","url":"https:\/\/news.save.ch\/de\/","logo":{"@type":"ImageObject","inLanguage":"de","@id":"https:\/\/news.save.ch\/de\/#\/schema\/logo\/image\/","url":"https:\/\/news.save.ch\/wp-content\/uploads\/2022\/06\/Logo_SF_2012.png","contentUrl":"https:\/\/news.save.ch\/wp-content\/uploads\/2022\/06\/Logo_SF_2012.png","width":1100,"height":91,"caption":"Sicherheitsforum"},"image":{"@id":"https:\/\/news.save.ch\/de\/#\/schema\/logo\/image\/"}},{"@type":"Person","@id":"https:\/\/news.save.ch\/de\/#\/schema\/person\/d49e199490bad7c70d64b9ab51142f2b","name":"admin","image":{"@type":"ImageObject","inLanguage":"de","@id":"https:\/\/secure.gravatar.com\/avatar\/ae2f4d718e6c49043e314ce431e7e645d646302a24a5ef5a8bc8e3f5a032e319?s=96&d=mm&r=g","url":"https:\/\/secure.gravatar.com\/avatar\/ae2f4d718e6c49043e314ce431e7e645d646302a24a5ef5a8bc8e3f5a032e319?s=96&d=mm&r=g","contentUrl":"https:\/\/secure.gravatar.com\/avatar\/ae2f4d718e6c49043e314ce431e7e645d646302a24a5ef5a8bc8e3f5a032e319?s=96&d=mm&r=g","caption":"admin"},"sameAs":["https:\/\/develop.organisator.galledia.ch"],"url":"https:\/\/news.save.ch\/de\/author\/admin\/"}]}},"_links":{"self":[{"href":"https:\/\/news.save.ch\/de\/wp-json\/wp\/v2\/posts\/14133","targetHints":{"allow":["GET"]}}],"collection":[{"href":"https:\/\/news.save.ch\/de\/wp-json\/wp\/v2\/posts"}],"about":[{"href":"https:\/\/news.save.ch\/de\/wp-json\/wp\/v2\/types\/post"}],"author":[{"embeddable":true,"href":"https:\/\/news.save.ch\/de\/wp-json\/wp\/v2\/users\/1"}],"replies":[{"embeddable":true,"href":"https:\/\/news.save.ch\/de\/wp-json\/wp\/v2\/comments?post=14133"}],"version-history":[{"count":1,"href":"https:\/\/news.save.ch\/de\/wp-json\/wp\/v2\/posts\/14133\/revisions"}],"predecessor-version":[{"id":17724,"href":"https:\/\/news.save.ch\/de\/wp-json\/wp\/v2\/posts\/14133\/revisions\/17724"}],"wp:featuredmedia":[{"embeddable":true,"href":"https:\/\/news.save.ch\/de\/wp-json\/wp\/v2\/media\/13538"}],"wp:attachment":[{"href":"https:\/\/news.save.ch\/de\/wp-json\/wp\/v2\/media?parent=14133"}],"wp:term":[{"taxonomy":"category","embeddable":true,"href":"https:\/\/news.save.ch\/de\/wp-json\/wp\/v2\/categories?post=14133"},{"taxonomy":"post_tag","embeddable":true,"href":"https:\/\/news.save.ch\/de\/wp-json\/wp\/v2\/tags?post=14133"}],"curies":[{"name":"wp","href":"https:\/\/api.w.org\/{rel}","templated":true}]}}