{"id":14134,"date":"2015-10-08T10:26:05","date_gmt":"2015-10-08T08:26:05","guid":{"rendered":"https:\/\/dev.sicherheitsforum.ch\/?p=662"},"modified":"2023-03-14T08:57:32","modified_gmt":"2023-03-14T07:57:32","slug":"rechtsverbindlich-ist-neu-die-elektronische-fassung","status":null,"type":"post","link":"https:\/\/news.save.ch\/de\/rechtsverbindlich-ist-neu-die-elektronische-fassung\/","title":{"rendered":"Rechtsverbindlich ist neu die elektronische Fassung"},"content":{"rendered":"<p><img loading=\"lazy\" decoding=\"async\" class=\"alignnone wp-image-663 size-medium\" src=\"https:\/\/news.save.ch\/wp-content\/uploads\/2016\/12\/Rechtsverbindlich-ist-neu-die-elektronische-Fassung-it-security.jpg\" alt=\"Bundeshaus Facade with Swiss Flag in Bern, Switzerland\" width=\"680\" height=\"453\" \/><\/p>\n<p>Vor einem Jahr wurde eine umfangreiche Teilrevision des Publikationsgesetzes (PublG) beschlossen. Das ge\u00e4nderte Gesetz f\u00fchrte zu einem Bedarf nach Anpassung der Ausf\u00fchrungsverordnung. Mit einer Totalrevision der Publikationsverordnung werden nun n\u00f6tige Anpassungen umgesetzt.<\/p>\n<p>Das System der amtlichen Publikationen wird im Rahmen einer \u00c4nderung den technischen und gesellschaftlichen Ent\u00adwicklungen angepasst. Die Texte im Bundesblatt (BBl), in der Amtlichen (AS) und der Systematischen Sammlung des Bundesrechts (SR) werden mittlerweile \u00fcberwiegend online konsultiert, wie die Bundesverwaltung schreibt. Die Auflagezahlen der Druckprodukte habe in den letzten Jahren massiv abgenommen. Vielen Rechtssuchenden sei aber kaum bewusst, dass bis heute allein die gedruckten Ver\u00f6ffentlichungen rechtlich verbindlich seien.<\/p>\n<p><strong>Primatwechsel<\/strong><\/p>\n<p>Die weitgehende Inkraftsetzung der \u00c4nderungen des Publikationsgesetzes sowie die neue Publikationsverordnung bringen insbesondere den Primatwechsel: K\u00fcnftig soll gem\u00e4ss Bundesverwaltung nicht mehr die gedruckte Version der amtlichen Ver\u00f6ffentlichungen massgebend sein, sondern die elektronische Fassung. F\u00fcr den unwahrscheinlichen, sicher aber sehr seltenen Fall, dass Unterschiede zwischen der gedruckten und der elektronischen Ausgabe der AS bestehen sollten, gehe neu die elektronische Ausgabe vor. B\u00fcrgerinnen und B\u00fcrger k\u00f6nnten sich auf die Inhalte in dieser Form st\u00fctzen. An der Massgeblichkeit der AS gegen\u00fcber der SR \u00e4ndere sich dagegen nichts.<\/p>\n<p>Der Primatwechsel erm\u00f6glicht zudem ohne grossen Aufwand den w\u00f6chentlichen Rhythmus der rechtsg\u00fcltigen amtlichen Ver\u00f6ffentlichungen teilweise zu verlassen und auf flexiblere Ver\u00f6ffentlichungstermine \u00fcberzugehen, wie es ferner heisst. Erweise sich die Ver\u00f6ffentlichung von Erlassen als dringlich k\u00f6nnten mehrere elektronische AS-Ausgaben pro Woche erscheinen.<\/p>\n<p>Die verabschiedeten Revisionen sichere auch der Zugang der B\u00fcrgerinnen und B\u00fcrger zu den f\u00fcr sie rechtlich relevanten Texten. So wird laut Mitteilung die Zurverf\u00fcgungstellung von historischen Fassungen von SR-Texten, die f\u00fcr gewisse Sachverhalte noch relevant sein k\u00f6nnen, sowie von englischen \u00dcbersetzungen von SR-Texten als gesetzlicher Auftrag verankert.<\/p>\n<p>Schliesslich werden einige Detailbestimmungen aufgrund von praktischen Erfahrungen aus den letzten Jahren angepasst. So wird z.B. klarer geregelt, welche Textkategorien im BBl bzw. in der AS ver\u00f6ffentlich werden, wie es abschliessend heisst.<\/p>\n","protected":false},"excerpt":{"rendered":"<p>Vor einem Jahr wurde eine umfangreiche Teilrevision des Publikationsgesetzes (PublG) beschlossen. Das ge\u00e4nderte Gesetz f\u00fchrte zu einem Bedarf nach Anpassung der Ausf\u00fchrungsverordnung. Mit einer Totalrevision der Publikationsverordnung werden nun n\u00f6tige Anpassungen umgesetzt. Das System der amtlichen Publikationen wird im Rahmen einer \u00c4nderung den technischen und gesellschaftlichen Ent\u00adwicklungen angepasst. Die Texte im Bundesblatt (BBl), in der [&hellip;]<\/p>\n","protected":false},"author":1,"featured_media":13540,"comment_status":"open","ping_status":"open","sticky":false,"template":"","format":"standard","meta":{"_acf_changed":false,"pgc_sgb_lightbox_settings":"","footnotes":""},"categories":[3313],"tags":[150,62,63],"class_list":["post-14134","post","type-post","status-publish","format-standard","has-post-thumbnail","hentry","category-digitalisierung","tag-bern","tag-ict-sicherheit","tag-it-security"],"acf":[],"hkrextid":null,"publication":null,"issue":null,"workflow":null,"startPage":null,"spitzmarke":null,"_posts_by_tag_page_fields":{"widget_title":"","widget_tags":""},"_at_widget":"1","_yoast_wpseo_primary_category":"2","_yoast_wpseo_focuskw_text_input":"Rechtsverbindlich","_yoast_wpseo_opengraph-image":"https:\/\/news.save.ch\/wp-content\/uploads\/2016\/12\/Rechtsverbindlich-ist-neu-die-elektronische-Fassung-it-security.jpg","_yoast_wpseo_opengraph-description":"Der Bundesrat hat eine Totalrevision der Publikationsverordnung verabschiedet. Damit ist ab Januar 2016 k\u00fcnftig die elektronische Fassung einer amtlichen Ver\u00f6ffentlichung rechtsverbindlich.","_yoast_wpseo_opengraph-title":"Rechtsverbindlich ist neu die elektronische Fassung","enclosure":null,"_yoast_wpseo_twitter-title":null,"_yoast_wpseo_twitter-description":null,"_yoast_wpseo_twitter-image":null,"_wp_old_slug":null,"_yoast_wpseo_title":null,"_yoast_wpseo_canonical":null,"yoast_head":"<!-- This site is optimized with the Yoast SEO plugin v27.5 - https:\/\/yoast.com\/product\/yoast-seo-wordpress\/ -->\n<title>Rechtsverbindlich ist neu die elektronische Fassung - Save<\/title>\n<meta name=\"description\" content=\"Ab Januar 2016 k\u00fcnftig die elektronische Fassung einer amtlichen Ver\u00f6ffentlichung rechtsverbindlich.\" \/>\n<meta name=\"robots\" content=\"index, follow, max-snippet:-1, max-image-preview:large, max-video-preview:-1\" \/>\n<link rel=\"canonical\" href=\"https:\/\/news.save.ch\/de\/rechtsverbindlich-ist-neu-die-elektronische-fassung\/\" \/>\n<meta property=\"og:locale\" content=\"de_DE\" \/>\n<meta property=\"og:type\" content=\"article\" \/>\n<meta property=\"og:title\" content=\"Rechtsverbindlich ist neu die elektronische Fassung\" \/>\n<meta property=\"og:description\" content=\"Der Bundesrat hat eine Totalrevision der Publikationsverordnung verabschiedet. Damit ist ab Januar 2016 k\u00fcnftig die elektronische Fassung einer amtlichen Ver\u00f6ffentlichung rechtsverbindlich.\" \/>\n<meta property=\"og:url\" content=\"https:\/\/news.save.ch\/de\/rechtsverbindlich-ist-neu-die-elektronische-fassung\/\" \/>\n<meta property=\"og:site_name\" content=\"Save\" \/>\n<meta property=\"article:published_time\" content=\"2015-10-08T08:26:05+00:00\" \/>\n<meta property=\"article:modified_time\" content=\"2023-03-14T07:57:32+00:00\" \/>\n<meta property=\"og:image\" content=\"https:\/\/news.save.ch\/wp-content\/uploads\/2016\/12\/Rechtsverbindlich-ist-neu-die-elektronische-Fassung-it-security.jpg\" \/>\n<meta name=\"author\" content=\"admin\" \/>\n<meta name=\"twitter:card\" content=\"summary_large_image\" \/>\n<meta name=\"twitter:label1\" content=\"Geschrieben von\" \/>\n\t<meta name=\"twitter:data1\" content=\"admin\" \/>\n\t<meta name=\"twitter:label2\" content=\"Gesch\u00e4tzte Lesezeit\" \/>\n\t<meta name=\"twitter:data2\" content=\"2\u00a0Minuten\" \/>\n<script type=\"application\/ld+json\" class=\"yoast-schema-graph\">{\"@context\":\"https:\\\/\\\/schema.org\",\"@graph\":[{\"@type\":\"Article\",\"@id\":\"https:\\\/\\\/news.save.ch\\\/rechtsverbindlich-ist-neu-die-elektronische-fassung\\\/#article\",\"isPartOf\":{\"@id\":\"https:\\\/\\\/news.save.ch\\\/rechtsverbindlich-ist-neu-die-elektronische-fassung\\\/\"},\"author\":{\"name\":\"admin\",\"@id\":\"https:\\\/\\\/news.save.ch\\\/de\\\/#\\\/schema\\\/person\\\/d49e199490bad7c70d64b9ab51142f2b\"},\"headline\":\"Rechtsverbindlich ist neu die elektronische Fassung\",\"datePublished\":\"2015-10-08T08:26:05+00:00\",\"dateModified\":\"2023-03-14T07:57:32+00:00\",\"mainEntityOfPage\":{\"@id\":\"https:\\\/\\\/news.save.ch\\\/rechtsverbindlich-ist-neu-die-elektronische-fassung\\\/\"},\"wordCount\":341,\"commentCount\":0,\"publisher\":{\"@id\":\"https:\\\/\\\/news.save.ch\\\/de\\\/#organization\"},\"image\":{\"@id\":\"https:\\\/\\\/news.save.ch\\\/rechtsverbindlich-ist-neu-die-elektronische-fassung\\\/#primaryimage\"},\"thumbnailUrl\":\"https:\\\/\\\/news.save.ch\\\/wp-content\\\/uploads\\\/2016\\\/12\\\/Rechtsverbindlich-ist-neu-die-elektronische-Fassung-it-security-scaled.jpg\",\"keywords\":[\"Bern\",\"ICT-Sicherheit\",\"IT-SECURITY\"],\"articleSection\":[\"DIGITALISIERUNG\"],\"inLanguage\":\"de\"},{\"@type\":\"WebPage\",\"@id\":\"https:\\\/\\\/news.save.ch\\\/rechtsverbindlich-ist-neu-die-elektronische-fassung\\\/\",\"url\":\"https:\\\/\\\/news.save.ch\\\/rechtsverbindlich-ist-neu-die-elektronische-fassung\\\/\",\"name\":\"Rechtsverbindlich ist neu die elektronische Fassung - Save\",\"isPartOf\":{\"@id\":\"https:\\\/\\\/news.save.ch\\\/de\\\/#website\"},\"primaryImageOfPage\":{\"@id\":\"https:\\\/\\\/news.save.ch\\\/rechtsverbindlich-ist-neu-die-elektronische-fassung\\\/#primaryimage\"},\"image\":{\"@id\":\"https:\\\/\\\/news.save.ch\\\/rechtsverbindlich-ist-neu-die-elektronische-fassung\\\/#primaryimage\"},\"thumbnailUrl\":\"https:\\\/\\\/news.save.ch\\\/wp-content\\\/uploads\\\/2016\\\/12\\\/Rechtsverbindlich-ist-neu-die-elektronische-Fassung-it-security-scaled.jpg\",\"datePublished\":\"2015-10-08T08:26:05+00:00\",\"dateModified\":\"2023-03-14T07:57:32+00:00\",\"description\":\"Ab Januar 2016 k\u00fcnftig die elektronische Fassung einer amtlichen Ver\u00f6ffentlichung rechtsverbindlich.\",\"breadcrumb\":{\"@id\":\"https:\\\/\\\/news.save.ch\\\/rechtsverbindlich-ist-neu-die-elektronische-fassung\\\/#breadcrumb\"},\"inLanguage\":\"de\",\"potentialAction\":[{\"@type\":\"ReadAction\",\"target\":[\"https:\\\/\\\/news.save.ch\\\/rechtsverbindlich-ist-neu-die-elektronische-fassung\\\/\"]}]},{\"@type\":\"ImageObject\",\"inLanguage\":\"de\",\"@id\":\"https:\\\/\\\/news.save.ch\\\/rechtsverbindlich-ist-neu-die-elektronische-fassung\\\/#primaryimage\",\"url\":\"https:\\\/\\\/news.save.ch\\\/wp-content\\\/uploads\\\/2016\\\/12\\\/Rechtsverbindlich-ist-neu-die-elektronische-Fassung-it-security-scaled.jpg\",\"contentUrl\":\"https:\\\/\\\/news.save.ch\\\/wp-content\\\/uploads\\\/2016\\\/12\\\/Rechtsverbindlich-ist-neu-die-elektronische-Fassung-it-security-scaled.jpg\",\"width\":1400,\"height\":933},{\"@type\":\"BreadcrumbList\",\"@id\":\"https:\\\/\\\/news.save.ch\\\/rechtsverbindlich-ist-neu-die-elektronische-fassung\\\/#breadcrumb\",\"itemListElement\":[{\"@type\":\"ListItem\",\"position\":1,\"name\":\"Home\",\"item\":\"https:\\\/\\\/news.save.ch\\\/de\\\/\"},{\"@type\":\"ListItem\",\"position\":2,\"name\":\"Rechtsverbindlich ist neu die elektronische Fassung\"}]},{\"@type\":\"WebSite\",\"@id\":\"https:\\\/\\\/news.save.ch\\\/de\\\/#website\",\"url\":\"https:\\\/\\\/news.save.ch\\\/de\\\/\",\"name\":\"Save\",\"description\":\"Schweizer Fachzeitschrift f\u00fcr Sicherheit\",\"publisher\":{\"@id\":\"https:\\\/\\\/news.save.ch\\\/de\\\/#organization\"},\"potentialAction\":[{\"@type\":\"SearchAction\",\"target\":{\"@type\":\"EntryPoint\",\"urlTemplate\":\"https:\\\/\\\/news.save.ch\\\/de\\\/?s={search_term_string}\"},\"query-input\":{\"@type\":\"PropertyValueSpecification\",\"valueRequired\":true,\"valueName\":\"search_term_string\"}}],\"inLanguage\":\"de\"},{\"@type\":\"Organization\",\"@id\":\"https:\\\/\\\/news.save.ch\\\/de\\\/#organization\",\"name\":\"Sicherheitsforum\",\"url\":\"https:\\\/\\\/news.save.ch\\\/de\\\/\",\"logo\":{\"@type\":\"ImageObject\",\"inLanguage\":\"de\",\"@id\":\"https:\\\/\\\/news.save.ch\\\/de\\\/#\\\/schema\\\/logo\\\/image\\\/\",\"url\":\"https:\\\/\\\/news.save.ch\\\/wp-content\\\/uploads\\\/2022\\\/06\\\/Logo_SF_2012.png\",\"contentUrl\":\"https:\\\/\\\/news.save.ch\\\/wp-content\\\/uploads\\\/2022\\\/06\\\/Logo_SF_2012.png\",\"width\":1100,\"height\":91,\"caption\":\"Sicherheitsforum\"},\"image\":{\"@id\":\"https:\\\/\\\/news.save.ch\\\/de\\\/#\\\/schema\\\/logo\\\/image\\\/\"}},{\"@type\":\"Person\",\"@id\":\"https:\\\/\\\/news.save.ch\\\/de\\\/#\\\/schema\\\/person\\\/d49e199490bad7c70d64b9ab51142f2b\",\"name\":\"admin\",\"image\":{\"@type\":\"ImageObject\",\"inLanguage\":\"de\",\"@id\":\"https:\\\/\\\/secure.gravatar.com\\\/avatar\\\/ae2f4d718e6c49043e314ce431e7e645d646302a24a5ef5a8bc8e3f5a032e319?s=96&d=mm&r=g\",\"url\":\"https:\\\/\\\/secure.gravatar.com\\\/avatar\\\/ae2f4d718e6c49043e314ce431e7e645d646302a24a5ef5a8bc8e3f5a032e319?s=96&d=mm&r=g\",\"contentUrl\":\"https:\\\/\\\/secure.gravatar.com\\\/avatar\\\/ae2f4d718e6c49043e314ce431e7e645d646302a24a5ef5a8bc8e3f5a032e319?s=96&d=mm&r=g\",\"caption\":\"admin\"},\"sameAs\":[\"https:\\\/\\\/develop.organisator.galledia.ch\"],\"url\":\"https:\\\/\\\/news.save.ch\\\/de\\\/author\\\/admin\\\/\"}]}<\/script>\n<!-- \/ Yoast SEO plugin. -->","yoast_head_json":{"title":"Rechtsverbindlich ist neu die elektronische Fassung - Save","description":"Ab Januar 2016 k\u00fcnftig die elektronische Fassung einer amtlichen Ver\u00f6ffentlichung rechtsverbindlich.","robots":{"index":"index","follow":"follow","max-snippet":"max-snippet:-1","max-image-preview":"max-image-preview:large","max-video-preview":"max-video-preview:-1"},"canonical":"https:\/\/news.save.ch\/de\/rechtsverbindlich-ist-neu-die-elektronische-fassung\/","og_locale":"de_DE","og_type":"article","og_title":"Rechtsverbindlich ist neu die elektronische Fassung","og_description":"Der Bundesrat hat eine Totalrevision der Publikationsverordnung verabschiedet. Damit ist ab Januar 2016 k\u00fcnftig die elektronische Fassung einer amtlichen Ver\u00f6ffentlichung rechtsverbindlich.","og_url":"https:\/\/news.save.ch\/de\/rechtsverbindlich-ist-neu-die-elektronische-fassung\/","og_site_name":"Save","article_published_time":"2015-10-08T08:26:05+00:00","article_modified_time":"2023-03-14T07:57:32+00:00","og_image":[{"url":"https:\/\/news.save.ch\/wp-content\/uploads\/2016\/12\/Rechtsverbindlich-ist-neu-die-elektronische-Fassung-it-security.jpg","type":"","width":"","height":""}],"author":"admin","twitter_card":"summary_large_image","twitter_misc":{"Geschrieben von":"admin","Gesch\u00e4tzte Lesezeit":"2\u00a0Minuten"},"schema":{"@context":"https:\/\/schema.org","@graph":[{"@type":"Article","@id":"https:\/\/news.save.ch\/rechtsverbindlich-ist-neu-die-elektronische-fassung\/#article","isPartOf":{"@id":"https:\/\/news.save.ch\/rechtsverbindlich-ist-neu-die-elektronische-fassung\/"},"author":{"name":"admin","@id":"https:\/\/news.save.ch\/de\/#\/schema\/person\/d49e199490bad7c70d64b9ab51142f2b"},"headline":"Rechtsverbindlich ist neu die elektronische Fassung","datePublished":"2015-10-08T08:26:05+00:00","dateModified":"2023-03-14T07:57:32+00:00","mainEntityOfPage":{"@id":"https:\/\/news.save.ch\/rechtsverbindlich-ist-neu-die-elektronische-fassung\/"},"wordCount":341,"commentCount":0,"publisher":{"@id":"https:\/\/news.save.ch\/de\/#organization"},"image":{"@id":"https:\/\/news.save.ch\/rechtsverbindlich-ist-neu-die-elektronische-fassung\/#primaryimage"},"thumbnailUrl":"https:\/\/news.save.ch\/wp-content\/uploads\/2016\/12\/Rechtsverbindlich-ist-neu-die-elektronische-Fassung-it-security-scaled.jpg","keywords":["Bern","ICT-Sicherheit","IT-SECURITY"],"articleSection":["DIGITALISIERUNG"],"inLanguage":"de"},{"@type":"WebPage","@id":"https:\/\/news.save.ch\/rechtsverbindlich-ist-neu-die-elektronische-fassung\/","url":"https:\/\/news.save.ch\/rechtsverbindlich-ist-neu-die-elektronische-fassung\/","name":"Rechtsverbindlich ist neu die elektronische Fassung - Save","isPartOf":{"@id":"https:\/\/news.save.ch\/de\/#website"},"primaryImageOfPage":{"@id":"https:\/\/news.save.ch\/rechtsverbindlich-ist-neu-die-elektronische-fassung\/#primaryimage"},"image":{"@id":"https:\/\/news.save.ch\/rechtsverbindlich-ist-neu-die-elektronische-fassung\/#primaryimage"},"thumbnailUrl":"https:\/\/news.save.ch\/wp-content\/uploads\/2016\/12\/Rechtsverbindlich-ist-neu-die-elektronische-Fassung-it-security-scaled.jpg","datePublished":"2015-10-08T08:26:05+00:00","dateModified":"2023-03-14T07:57:32+00:00","description":"Ab Januar 2016 k\u00fcnftig die elektronische Fassung einer amtlichen Ver\u00f6ffentlichung rechtsverbindlich.","breadcrumb":{"@id":"https:\/\/news.save.ch\/rechtsverbindlich-ist-neu-die-elektronische-fassung\/#breadcrumb"},"inLanguage":"de","potentialAction":[{"@type":"ReadAction","target":["https:\/\/news.save.ch\/rechtsverbindlich-ist-neu-die-elektronische-fassung\/"]}]},{"@type":"ImageObject","inLanguage":"de","@id":"https:\/\/news.save.ch\/rechtsverbindlich-ist-neu-die-elektronische-fassung\/#primaryimage","url":"https:\/\/news.save.ch\/wp-content\/uploads\/2016\/12\/Rechtsverbindlich-ist-neu-die-elektronische-Fassung-it-security-scaled.jpg","contentUrl":"https:\/\/news.save.ch\/wp-content\/uploads\/2016\/12\/Rechtsverbindlich-ist-neu-die-elektronische-Fassung-it-security-scaled.jpg","width":1400,"height":933},{"@type":"BreadcrumbList","@id":"https:\/\/news.save.ch\/rechtsverbindlich-ist-neu-die-elektronische-fassung\/#breadcrumb","itemListElement":[{"@type":"ListItem","position":1,"name":"Home","item":"https:\/\/news.save.ch\/de\/"},{"@type":"ListItem","position":2,"name":"Rechtsverbindlich ist neu die elektronische Fassung"}]},{"@type":"WebSite","@id":"https:\/\/news.save.ch\/de\/#website","url":"https:\/\/news.save.ch\/de\/","name":"Save","description":"Schweizer Fachzeitschrift f\u00fcr Sicherheit","publisher":{"@id":"https:\/\/news.save.ch\/de\/#organization"},"potentialAction":[{"@type":"SearchAction","target":{"@type":"EntryPoint","urlTemplate":"https:\/\/news.save.ch\/de\/?s={search_term_string}"},"query-input":{"@type":"PropertyValueSpecification","valueRequired":true,"valueName":"search_term_string"}}],"inLanguage":"de"},{"@type":"Organization","@id":"https:\/\/news.save.ch\/de\/#organization","name":"Sicherheitsforum","url":"https:\/\/news.save.ch\/de\/","logo":{"@type":"ImageObject","inLanguage":"de","@id":"https:\/\/news.save.ch\/de\/#\/schema\/logo\/image\/","url":"https:\/\/news.save.ch\/wp-content\/uploads\/2022\/06\/Logo_SF_2012.png","contentUrl":"https:\/\/news.save.ch\/wp-content\/uploads\/2022\/06\/Logo_SF_2012.png","width":1100,"height":91,"caption":"Sicherheitsforum"},"image":{"@id":"https:\/\/news.save.ch\/de\/#\/schema\/logo\/image\/"}},{"@type":"Person","@id":"https:\/\/news.save.ch\/de\/#\/schema\/person\/d49e199490bad7c70d64b9ab51142f2b","name":"admin","image":{"@type":"ImageObject","inLanguage":"de","@id":"https:\/\/secure.gravatar.com\/avatar\/ae2f4d718e6c49043e314ce431e7e645d646302a24a5ef5a8bc8e3f5a032e319?s=96&d=mm&r=g","url":"https:\/\/secure.gravatar.com\/avatar\/ae2f4d718e6c49043e314ce431e7e645d646302a24a5ef5a8bc8e3f5a032e319?s=96&d=mm&r=g","contentUrl":"https:\/\/secure.gravatar.com\/avatar\/ae2f4d718e6c49043e314ce431e7e645d646302a24a5ef5a8bc8e3f5a032e319?s=96&d=mm&r=g","caption":"admin"},"sameAs":["https:\/\/develop.organisator.galledia.ch"],"url":"https:\/\/news.save.ch\/de\/author\/admin\/"}]}},"_links":{"self":[{"href":"https:\/\/news.save.ch\/de\/wp-json\/wp\/v2\/posts\/14134","targetHints":{"allow":["GET"]}}],"collection":[{"href":"https:\/\/news.save.ch\/de\/wp-json\/wp\/v2\/posts"}],"about":[{"href":"https:\/\/news.save.ch\/de\/wp-json\/wp\/v2\/types\/post"}],"author":[{"embeddable":true,"href":"https:\/\/news.save.ch\/de\/wp-json\/wp\/v2\/users\/1"}],"replies":[{"embeddable":true,"href":"https:\/\/news.save.ch\/de\/wp-json\/wp\/v2\/comments?post=14134"}],"version-history":[{"count":1,"href":"https:\/\/news.save.ch\/de\/wp-json\/wp\/v2\/posts\/14134\/revisions"}],"predecessor-version":[{"id":17723,"href":"https:\/\/news.save.ch\/de\/wp-json\/wp\/v2\/posts\/14134\/revisions\/17723"}],"wp:featuredmedia":[{"embeddable":true,"href":"https:\/\/news.save.ch\/de\/wp-json\/wp\/v2\/media\/13540"}],"wp:attachment":[{"href":"https:\/\/news.save.ch\/de\/wp-json\/wp\/v2\/media?parent=14134"}],"wp:term":[{"taxonomy":"category","embeddable":true,"href":"https:\/\/news.save.ch\/de\/wp-json\/wp\/v2\/categories?post=14134"},{"taxonomy":"post_tag","embeddable":true,"href":"https:\/\/news.save.ch\/de\/wp-json\/wp\/v2\/tags?post=14134"}],"curies":[{"name":"wp","href":"https:\/\/api.w.org\/{rel}","templated":true}]}}