{"id":14176,"date":"2016-11-08T13:08:02","date_gmt":"2016-11-08T12:08:02","guid":{"rendered":"https:\/\/dev.sicherheitsforum.ch\/?p=881"},"modified":"2016-11-08T13:08:02","modified_gmt":"2016-11-08T12:08:02","slug":"securite-lausanne-war-ein-erfolg","status":null,"type":"post","link":"https:\/\/news.save.ch\/de\/securite-lausanne-war-ein-erfolg\/","title":{"rendered":"S\u00e9curit\u00e9 Lausanne war ein Erfolg"},"content":{"rendered":"<div id='gallery-1' class='gallery galleryid-14176 gallery-columns-2 gallery-size-thumbnail'><figure class='gallery-item'>\n\t\t\t<div class='gallery-icon landscape'>\n\t\t\t\t<a href='https:\/\/news.save.ch\/de\/?attachment_id=883'><img loading=\"lazy\" decoding=\"async\" width=\"150\" height=\"85\" src=\"https:\/\/news.save.ch\/wp-content\/uploads\/2021\/07\/Sicherheistforum_2010_3.png\" class=\"attachment-thumbnail size-thumbnail\" alt=\"\" srcset=\"https:\/\/news.save.ch\/wp-content\/uploads\/2021\/07\/Sicherheistforum_2010_3.png 654w, https:\/\/news.save.ch\/wp-content\/uploads\/2021\/07\/Sicherheistforum_2010_3-375x212.png 375w\" sizes=\"auto, (max-width: 150px) 100vw, 150px\" \/><\/a>\n\t\t\t<\/div><\/figure>\n\t\t<\/div>\n\n<p>Fotos: Thomas Entzeroth<\/p>\n<p>Die <a href=\"https:\/\/www.securite-expo.ch\" target=\"_blank\" rel=\"noreferrer noopener\" data-cke-saved-href=\"https:\/\/www.securite-expo.ch\">S\u00e9curit\u00e9 Lausanne<\/a> 2016 erf\u00fcllte die hohen Erwartungen in jeder Hinsicht, wie die Exhibit &amp; More AG betont. Vom 2. bis 4. November 2016 wurde\u00a0in der Expo Beaulieu in Lausanne das gesamte Spektrum von Produkten und Dienstleistungen der Westschweizer Sicherheitsbranche gezeigt. 75 Aussteller, Verb\u00e4nde und Verlage pr\u00e4sentierten ihre Angebote auf rund 1\u2018500 Quadratmetern Nettofl\u00e4che und mit 2\u2018313 Besuchern waren es 14 Prozent mehr als noch vor zwei Jahren.<\/p>\n<p><strong>Renommiert und gesch\u00e4tzt<\/strong><\/p>\n<p>Dank einer umfassenden Rundumsicht und der breiten Anerkennung der Branche sei die S\u00e9curit\u00e9 Lausanne l\u00e4ngst zum Pflichttermin f\u00fcr die Westschweizer Sicherheitsexperten geworden, betont die Messeleitung. Zudem sei\u00a0die Fachmesse auch eine gesch\u00e4tzte Wissensplattform. \u00abNach den grossen Erfolgen der letzten Austragungen war die Erwartungshaltung nat\u00fcrlich sehr hoch\u00bb, sagt Messeleiter Heinz Salzgeber. \u00abUmso mehr freuen wir uns \u00fcber den starken Besucherzuwachs und \u00fcber die vielen positiven R\u00fcckmeldungen von Ausstellern und Besuchern. Sie best\u00e4tigen uns: wir sind in der Romandie angekommen und der Markt will und braucht die S\u00e9curit\u00e9 Lausanne.\u00bb<\/p>\n<p><strong>Quantit\u00e4t und Qualit\u00e4t der Besucher<\/strong><\/p>\n<p>\u00abWir hatten eine Menge Besucher am Stand, darunter waren sehr gute Kontakte und viele neue Kunden. Genau so sollte es sein\u00bb, sagt Jos\u00e9-Luis Mamolar von\u00a0der Motcom Communications AG. Pierre Abramowski von Aprotec\u00a0res\u00fcmiert: \u00abDie Messe, die Infrastruktur, die Kontakte, alles war perfekt. Wir sind sehr zufrieden.\u00bb Zum ersten Mal auf der S\u00e9curit\u00e9 Lausanne, aber bestimmt nicht zum letzten Mal, war Pascal Th\u00fcr von der Rotronic Secomp AG. \u00abEs hat sich gelohnt, wir hatten eine erfolgreiche und sch\u00f6ne Woche in der Westschweiz. Wir kommen wieder.\u00bb, sagt er.<\/p>\n<p>J\u00fcrg Fehlbaum,\u00a0Sch\u00e4rer+Kunz AG lobt die Gr\u00f6sse der Fachmesse und die Qualit\u00e4t der Kontakte: \u00abUnsere Erwartungen wurden klar \u00fcbertroffen. Gerade weil die Messe noch \u00fcbersichtlich ist, k\u00f6nnen sich die Besucher Zeit nehmen und sich in einem Tag einen umfassenden \u00dcberblick \u00fcber den Markt verschaffen. Und das begleitende Forum S\u00e9curit\u00e9 sorgt daf\u00fcr, dass die richtigen Besucher zur Ausstellung kommen.\u00bb<\/p>\n<p><strong>Austausch und Wissenstransfer<\/strong><\/p>\n<p>Das\u00a0Forum S\u00e9curit\u00e9 mit spannenden Fachinformationen zog das Publikum in Massen an. Am zweiten Messetag sprengten die Zuh\u00f6rer beinahe die Kapazit\u00e4ten, mehr als 500 Teilnehmende liessen sich alleine w\u00e4hrend den Vortr\u00e4gen zu den Themen Naturgefahren, Brandschutz und Big Data inspirieren, wie die Veranstalter stolz betonen. Insgesamt seien rund 1\u2018000 Fachexperten zum Forum S\u00e9curit\u00e9 2016 gekommen. Dieser Erfolg sei\u00a0kein Zufall. Die Referate seien\u00a0zwar kostenlos, aber neutral aufbereitet, qualitativ hochstehend und b\u00f6ten eine Menge an n\u00fctzlichem Know-how f\u00fcr die t\u00e4gliche Arbeit der Sicherheitsfachleute. Die Themen seien\u00a0stets gut gew\u00e4hlt und dank der Gliederung in Halbtagesmodule k\u00f6nne man\u00a0sowohl das Forum als auch die Fachmesse an einem Tag besuchen. Die breite Unterst\u00fctzung und die Anerkennung des Forums durch die verschiedensten Branchenverb\u00e4nde w\u00fcrden ebenfalls viel zum Erfolg beitragen.<\/p>\n<p><strong>Fazit und Ausblick\u00a0<\/strong><\/p>\n<p>Die S\u00e9curit\u00e9 Lausanne habe\u00a0ihren hohen Stellenwert f\u00fcr die Westschweiz unterstrichen und geniesse\u00a0die volle Anerkennung der Branche. Die f\u00fcnfte Austragung, die S\u00e9curit\u00e9 Lausanne 2018, wird gem\u00e4ss Angaben\u00a0im Sp\u00e4therbst 2018 stattfinden. Das genaue Datum wird in K\u00fcrze publiziert werden.<\/p>\n<p>Im n\u00e4chsten Jahr trifft sich die Schweizer Sicherheitsbranche in Z\u00fcrich: An der <a href=\"https:\/\/www.sicherheit-messe.ch\" target=\"_blank\" rel=\"noreferrer noopener\" data-cke-saved-href=\"https:\/\/www.sicherheit-messe.ch\">Sicherheit 2017<\/a> vom 14. bis 17. November 2017.<\/p>\n","protected":false},"excerpt":{"rendered":"<p>Fotos: Thomas Entzeroth Die S\u00e9curit\u00e9 Lausanne 2016 erf\u00fcllte die hohen Erwartungen in jeder Hinsicht, wie die Exhibit &amp; More AG betont. Vom 2. bis 4. November 2016 wurde\u00a0in der Expo Beaulieu in Lausanne das gesamte Spektrum von Produkten und Dienstleistungen der Westschweizer Sicherheitsbranche gezeigt. 75 Aussteller, Verb\u00e4nde und Verlage pr\u00e4sentierten ihre Angebote auf rund 1\u2018500 [&hellip;]<\/p>\n","protected":false},"author":1,"featured_media":13631,"comment_status":"open","ping_status":"open","sticky":false,"template":"","format":"standard","meta":{"_acf_changed":false,"pgc_sgb_lightbox_settings":"","footnotes":""},"categories":[1],"tags":[109,84],"class_list":["post-14176","post","type-post","status-publish","format-standard","has-post-thumbnail","hentry","category-allgemein","tag-aus-und-weiterbildung","tag-fachkongressfachmesse"],"acf":[],"hkrextid":null,"publication":null,"issue":null,"workflow":null,"startPage":null,"spitzmarke":null,"_posts_by_tag_page_fields":{"widget_title":"","widget_tags":""},"_at_widget":"1","_yoast_wpseo_primary_category":"","_yoast_wpseo_focuskw_text_input":"S\u00e9curit\u00e9 Lausanne","_yoast_wpseo_opengraph-image":null,"_yoast_wpseo_opengraph-description":null,"_yoast_wpseo_opengraph-title":null,"enclosure":null,"_yoast_wpseo_twitter-title":null,"_yoast_wpseo_twitter-description":null,"_yoast_wpseo_twitter-image":null,"_wp_old_slug":null,"_yoast_wpseo_title":null,"_yoast_wpseo_canonical":null,"yoast_head":"<!-- This site is optimized with the Yoast SEO plugin v27.4 - https:\/\/yoast.com\/product\/yoast-seo-wordpress\/ -->\n<title>S\u00e9curit\u00e9 Lausanne war ein Erfolg - Save<\/title>\n<meta name=\"robots\" content=\"index, follow, max-snippet:-1, max-image-preview:large, max-video-preview:-1\" \/>\n<link rel=\"canonical\" href=\"https:\/\/news.save.ch\/de\/securite-lausanne-war-ein-erfolg\/\" \/>\n<meta property=\"og:locale\" content=\"de_DE\" \/>\n<meta property=\"og:type\" content=\"article\" \/>\n<meta property=\"og:title\" content=\"S\u00e9curit\u00e9 Lausanne war ein Erfolg - Save\" \/>\n<meta property=\"og:description\" content=\"Fotos: Thomas Entzeroth Die S\u00e9curit\u00e9 Lausanne 2016 erf\u00fcllte die hohen Erwartungen in jeder Hinsicht, wie die Exhibit &amp; More AG betont. Vom 2. bis 4. November 2016 wurde\u00a0in der Expo Beaulieu in Lausanne das gesamte Spektrum von Produkten und Dienstleistungen der Westschweizer Sicherheitsbranche gezeigt. 75 Aussteller, Verb\u00e4nde und Verlage pr\u00e4sentierten ihre Angebote auf rund 1\u2018500 [&hellip;]\" \/>\n<meta property=\"og:url\" content=\"https:\/\/news.save.ch\/de\/securite-lausanne-war-ein-erfolg\/\" \/>\n<meta property=\"og:site_name\" content=\"Save\" \/>\n<meta property=\"article:published_time\" content=\"2016-11-08T12:08:02+00:00\" \/>\n<meta property=\"og:image\" content=\"https:\/\/news.save.ch\/wp-content\/uploads\/2016\/12\/Securite-Lausanne-war-ein-Erfolg_sicherheitsforum-scaled.jpg\" \/>\n\t<meta property=\"og:image:width\" content=\"1400\" \/>\n\t<meta property=\"og:image:height\" content=\"933\" \/>\n\t<meta property=\"og:image:type\" content=\"image\/jpeg\" \/>\n<meta name=\"author\" content=\"admin\" \/>\n<meta name=\"twitter:card\" content=\"summary_large_image\" \/>\n<meta name=\"twitter:label1\" content=\"Geschrieben von\" \/>\n\t<meta name=\"twitter:data1\" content=\"admin\" \/>\n\t<meta name=\"twitter:label2\" content=\"Gesch\u00e4tzte Lesezeit\" \/>\n\t<meta name=\"twitter:data2\" content=\"3\u00a0Minuten\" \/>\n<script type=\"application\/ld+json\" class=\"yoast-schema-graph\">{\"@context\":\"https:\\\/\\\/schema.org\",\"@graph\":[{\"@type\":\"Article\",\"@id\":\"https:\\\/\\\/news.save.ch\\\/securite-lausanne-war-ein-erfolg\\\/#article\",\"isPartOf\":{\"@id\":\"https:\\\/\\\/news.save.ch\\\/securite-lausanne-war-ein-erfolg\\\/\"},\"author\":{\"name\":\"admin\",\"@id\":\"https:\\\/\\\/news.save.ch\\\/de\\\/#\\\/schema\\\/person\\\/d49e199490bad7c70d64b9ab51142f2b\"},\"headline\":\"S\u00e9curit\u00e9 Lausanne war ein Erfolg\",\"datePublished\":\"2016-11-08T12:08:02+00:00\",\"mainEntityOfPage\":{\"@id\":\"https:\\\/\\\/news.save.ch\\\/securite-lausanne-war-ein-erfolg\\\/\"},\"wordCount\":549,\"commentCount\":0,\"publisher\":{\"@id\":\"https:\\\/\\\/news.save.ch\\\/de\\\/#organization\"},\"image\":{\"@id\":\"https:\\\/\\\/news.save.ch\\\/securite-lausanne-war-ein-erfolg\\\/#primaryimage\"},\"thumbnailUrl\":\"https:\\\/\\\/news.save.ch\\\/wp-content\\\/uploads\\\/2016\\\/12\\\/Securite-Lausanne-war-ein-Erfolg_sicherheitsforum-scaled.jpg\",\"keywords\":[\"Aus- und Weiterbildung\",\"Fachkongress\\\/Fachmesse\"],\"articleSection\":[\"ALLGEMEIN\"],\"inLanguage\":\"de\"},{\"@type\":\"WebPage\",\"@id\":\"https:\\\/\\\/news.save.ch\\\/securite-lausanne-war-ein-erfolg\\\/\",\"url\":\"https:\\\/\\\/news.save.ch\\\/securite-lausanne-war-ein-erfolg\\\/\",\"name\":\"S\u00e9curit\u00e9 Lausanne war ein Erfolg - Save\",\"isPartOf\":{\"@id\":\"https:\\\/\\\/news.save.ch\\\/de\\\/#website\"},\"primaryImageOfPage\":{\"@id\":\"https:\\\/\\\/news.save.ch\\\/securite-lausanne-war-ein-erfolg\\\/#primaryimage\"},\"image\":{\"@id\":\"https:\\\/\\\/news.save.ch\\\/securite-lausanne-war-ein-erfolg\\\/#primaryimage\"},\"thumbnailUrl\":\"https:\\\/\\\/news.save.ch\\\/wp-content\\\/uploads\\\/2016\\\/12\\\/Securite-Lausanne-war-ein-Erfolg_sicherheitsforum-scaled.jpg\",\"datePublished\":\"2016-11-08T12:08:02+00:00\",\"breadcrumb\":{\"@id\":\"https:\\\/\\\/news.save.ch\\\/securite-lausanne-war-ein-erfolg\\\/#breadcrumb\"},\"inLanguage\":\"de\",\"potentialAction\":[{\"@type\":\"ReadAction\",\"target\":[\"https:\\\/\\\/news.save.ch\\\/securite-lausanne-war-ein-erfolg\\\/\"]}]},{\"@type\":\"ImageObject\",\"inLanguage\":\"de\",\"@id\":\"https:\\\/\\\/news.save.ch\\\/securite-lausanne-war-ein-erfolg\\\/#primaryimage\",\"url\":\"https:\\\/\\\/news.save.ch\\\/wp-content\\\/uploads\\\/2016\\\/12\\\/Securite-Lausanne-war-ein-Erfolg_sicherheitsforum-scaled.jpg\",\"contentUrl\":\"https:\\\/\\\/news.save.ch\\\/wp-content\\\/uploads\\\/2016\\\/12\\\/Securite-Lausanne-war-ein-Erfolg_sicherheitsforum-scaled.jpg\",\"width\":1400,\"height\":933},{\"@type\":\"BreadcrumbList\",\"@id\":\"https:\\\/\\\/news.save.ch\\\/securite-lausanne-war-ein-erfolg\\\/#breadcrumb\",\"itemListElement\":[{\"@type\":\"ListItem\",\"position\":1,\"name\":\"Home\",\"item\":\"https:\\\/\\\/news.save.ch\\\/de\\\/\"},{\"@type\":\"ListItem\",\"position\":2,\"name\":\"S\u00e9curit\u00e9 Lausanne war ein Erfolg\"}]},{\"@type\":\"WebSite\",\"@id\":\"https:\\\/\\\/news.save.ch\\\/de\\\/#website\",\"url\":\"https:\\\/\\\/news.save.ch\\\/de\\\/\",\"name\":\"Save\",\"description\":\"Schweizer Fachzeitschrift f\u00fcr Sicherheit\",\"publisher\":{\"@id\":\"https:\\\/\\\/news.save.ch\\\/de\\\/#organization\"},\"potentialAction\":[{\"@type\":\"SearchAction\",\"target\":{\"@type\":\"EntryPoint\",\"urlTemplate\":\"https:\\\/\\\/news.save.ch\\\/de\\\/?s={search_term_string}\"},\"query-input\":{\"@type\":\"PropertyValueSpecification\",\"valueRequired\":true,\"valueName\":\"search_term_string\"}}],\"inLanguage\":\"de\"},{\"@type\":\"Organization\",\"@id\":\"https:\\\/\\\/news.save.ch\\\/de\\\/#organization\",\"name\":\"Sicherheitsforum\",\"url\":\"https:\\\/\\\/news.save.ch\\\/de\\\/\",\"logo\":{\"@type\":\"ImageObject\",\"inLanguage\":\"de\",\"@id\":\"https:\\\/\\\/news.save.ch\\\/de\\\/#\\\/schema\\\/logo\\\/image\\\/\",\"url\":\"https:\\\/\\\/news.save.ch\\\/wp-content\\\/uploads\\\/2022\\\/06\\\/Logo_SF_2012.png\",\"contentUrl\":\"https:\\\/\\\/news.save.ch\\\/wp-content\\\/uploads\\\/2022\\\/06\\\/Logo_SF_2012.png\",\"width\":1100,\"height\":91,\"caption\":\"Sicherheitsforum\"},\"image\":{\"@id\":\"https:\\\/\\\/news.save.ch\\\/de\\\/#\\\/schema\\\/logo\\\/image\\\/\"}},{\"@type\":\"Person\",\"@id\":\"https:\\\/\\\/news.save.ch\\\/de\\\/#\\\/schema\\\/person\\\/d49e199490bad7c70d64b9ab51142f2b\",\"name\":\"admin\",\"image\":{\"@type\":\"ImageObject\",\"inLanguage\":\"de\",\"@id\":\"https:\\\/\\\/secure.gravatar.com\\\/avatar\\\/ae2f4d718e6c49043e314ce431e7e645d646302a24a5ef5a8bc8e3f5a032e319?s=96&d=mm&r=g\",\"url\":\"https:\\\/\\\/secure.gravatar.com\\\/avatar\\\/ae2f4d718e6c49043e314ce431e7e645d646302a24a5ef5a8bc8e3f5a032e319?s=96&d=mm&r=g\",\"contentUrl\":\"https:\\\/\\\/secure.gravatar.com\\\/avatar\\\/ae2f4d718e6c49043e314ce431e7e645d646302a24a5ef5a8bc8e3f5a032e319?s=96&d=mm&r=g\",\"caption\":\"admin\"},\"sameAs\":[\"https:\\\/\\\/develop.organisator.galledia.ch\"],\"url\":\"https:\\\/\\\/news.save.ch\\\/de\\\/author\\\/admin\\\/\"}]}<\/script>\n<!-- \/ Yoast SEO plugin. -->","yoast_head_json":{"title":"S\u00e9curit\u00e9 Lausanne war ein Erfolg - Save","robots":{"index":"index","follow":"follow","max-snippet":"max-snippet:-1","max-image-preview":"max-image-preview:large","max-video-preview":"max-video-preview:-1"},"canonical":"https:\/\/news.save.ch\/de\/securite-lausanne-war-ein-erfolg\/","og_locale":"de_DE","og_type":"article","og_title":"S\u00e9curit\u00e9 Lausanne war ein Erfolg - Save","og_description":"Fotos: Thomas Entzeroth Die S\u00e9curit\u00e9 Lausanne 2016 erf\u00fcllte die hohen Erwartungen in jeder Hinsicht, wie die Exhibit &amp; More AG betont. Vom 2. bis 4. November 2016 wurde\u00a0in der Expo Beaulieu in Lausanne das gesamte Spektrum von Produkten und Dienstleistungen der Westschweizer Sicherheitsbranche gezeigt. 75 Aussteller, Verb\u00e4nde und Verlage pr\u00e4sentierten ihre Angebote auf rund 1\u2018500 [&hellip;]","og_url":"https:\/\/news.save.ch\/de\/securite-lausanne-war-ein-erfolg\/","og_site_name":"Save","article_published_time":"2016-11-08T12:08:02+00:00","og_image":[{"width":1400,"height":933,"url":"https:\/\/news.save.ch\/wp-content\/uploads\/2016\/12\/Securite-Lausanne-war-ein-Erfolg_sicherheitsforum-scaled.jpg","type":"image\/jpeg"}],"author":"admin","twitter_card":"summary_large_image","twitter_misc":{"Geschrieben von":"admin","Gesch\u00e4tzte Lesezeit":"3\u00a0Minuten"},"schema":{"@context":"https:\/\/schema.org","@graph":[{"@type":"Article","@id":"https:\/\/news.save.ch\/securite-lausanne-war-ein-erfolg\/#article","isPartOf":{"@id":"https:\/\/news.save.ch\/securite-lausanne-war-ein-erfolg\/"},"author":{"name":"admin","@id":"https:\/\/news.save.ch\/de\/#\/schema\/person\/d49e199490bad7c70d64b9ab51142f2b"},"headline":"S\u00e9curit\u00e9 Lausanne war ein Erfolg","datePublished":"2016-11-08T12:08:02+00:00","mainEntityOfPage":{"@id":"https:\/\/news.save.ch\/securite-lausanne-war-ein-erfolg\/"},"wordCount":549,"commentCount":0,"publisher":{"@id":"https:\/\/news.save.ch\/de\/#organization"},"image":{"@id":"https:\/\/news.save.ch\/securite-lausanne-war-ein-erfolg\/#primaryimage"},"thumbnailUrl":"https:\/\/news.save.ch\/wp-content\/uploads\/2016\/12\/Securite-Lausanne-war-ein-Erfolg_sicherheitsforum-scaled.jpg","keywords":["Aus- und Weiterbildung","Fachkongress\/Fachmesse"],"articleSection":["ALLGEMEIN"],"inLanguage":"de"},{"@type":"WebPage","@id":"https:\/\/news.save.ch\/securite-lausanne-war-ein-erfolg\/","url":"https:\/\/news.save.ch\/securite-lausanne-war-ein-erfolg\/","name":"S\u00e9curit\u00e9 Lausanne war ein Erfolg - Save","isPartOf":{"@id":"https:\/\/news.save.ch\/de\/#website"},"primaryImageOfPage":{"@id":"https:\/\/news.save.ch\/securite-lausanne-war-ein-erfolg\/#primaryimage"},"image":{"@id":"https:\/\/news.save.ch\/securite-lausanne-war-ein-erfolg\/#primaryimage"},"thumbnailUrl":"https:\/\/news.save.ch\/wp-content\/uploads\/2016\/12\/Securite-Lausanne-war-ein-Erfolg_sicherheitsforum-scaled.jpg","datePublished":"2016-11-08T12:08:02+00:00","breadcrumb":{"@id":"https:\/\/news.save.ch\/securite-lausanne-war-ein-erfolg\/#breadcrumb"},"inLanguage":"de","potentialAction":[{"@type":"ReadAction","target":["https:\/\/news.save.ch\/securite-lausanne-war-ein-erfolg\/"]}]},{"@type":"ImageObject","inLanguage":"de","@id":"https:\/\/news.save.ch\/securite-lausanne-war-ein-erfolg\/#primaryimage","url":"https:\/\/news.save.ch\/wp-content\/uploads\/2016\/12\/Securite-Lausanne-war-ein-Erfolg_sicherheitsforum-scaled.jpg","contentUrl":"https:\/\/news.save.ch\/wp-content\/uploads\/2016\/12\/Securite-Lausanne-war-ein-Erfolg_sicherheitsforum-scaled.jpg","width":1400,"height":933},{"@type":"BreadcrumbList","@id":"https:\/\/news.save.ch\/securite-lausanne-war-ein-erfolg\/#breadcrumb","itemListElement":[{"@type":"ListItem","position":1,"name":"Home","item":"https:\/\/news.save.ch\/de\/"},{"@type":"ListItem","position":2,"name":"S\u00e9curit\u00e9 Lausanne war ein Erfolg"}]},{"@type":"WebSite","@id":"https:\/\/news.save.ch\/de\/#website","url":"https:\/\/news.save.ch\/de\/","name":"Save","description":"Schweizer Fachzeitschrift f\u00fcr Sicherheit","publisher":{"@id":"https:\/\/news.save.ch\/de\/#organization"},"potentialAction":[{"@type":"SearchAction","target":{"@type":"EntryPoint","urlTemplate":"https:\/\/news.save.ch\/de\/?s={search_term_string}"},"query-input":{"@type":"PropertyValueSpecification","valueRequired":true,"valueName":"search_term_string"}}],"inLanguage":"de"},{"@type":"Organization","@id":"https:\/\/news.save.ch\/de\/#organization","name":"Sicherheitsforum","url":"https:\/\/news.save.ch\/de\/","logo":{"@type":"ImageObject","inLanguage":"de","@id":"https:\/\/news.save.ch\/de\/#\/schema\/logo\/image\/","url":"https:\/\/news.save.ch\/wp-content\/uploads\/2022\/06\/Logo_SF_2012.png","contentUrl":"https:\/\/news.save.ch\/wp-content\/uploads\/2022\/06\/Logo_SF_2012.png","width":1100,"height":91,"caption":"Sicherheitsforum"},"image":{"@id":"https:\/\/news.save.ch\/de\/#\/schema\/logo\/image\/"}},{"@type":"Person","@id":"https:\/\/news.save.ch\/de\/#\/schema\/person\/d49e199490bad7c70d64b9ab51142f2b","name":"admin","image":{"@type":"ImageObject","inLanguage":"de","@id":"https:\/\/secure.gravatar.com\/avatar\/ae2f4d718e6c49043e314ce431e7e645d646302a24a5ef5a8bc8e3f5a032e319?s=96&d=mm&r=g","url":"https:\/\/secure.gravatar.com\/avatar\/ae2f4d718e6c49043e314ce431e7e645d646302a24a5ef5a8bc8e3f5a032e319?s=96&d=mm&r=g","contentUrl":"https:\/\/secure.gravatar.com\/avatar\/ae2f4d718e6c49043e314ce431e7e645d646302a24a5ef5a8bc8e3f5a032e319?s=96&d=mm&r=g","caption":"admin"},"sameAs":["https:\/\/develop.organisator.galledia.ch"],"url":"https:\/\/news.save.ch\/de\/author\/admin\/"}]}},"_links":{"self":[{"href":"https:\/\/news.save.ch\/de\/wp-json\/wp\/v2\/posts\/14176","targetHints":{"allow":["GET"]}}],"collection":[{"href":"https:\/\/news.save.ch\/de\/wp-json\/wp\/v2\/posts"}],"about":[{"href":"https:\/\/news.save.ch\/de\/wp-json\/wp\/v2\/types\/post"}],"author":[{"embeddable":true,"href":"https:\/\/news.save.ch\/de\/wp-json\/wp\/v2\/users\/1"}],"replies":[{"embeddable":true,"href":"https:\/\/news.save.ch\/de\/wp-json\/wp\/v2\/comments?post=14176"}],"version-history":[{"count":0,"href":"https:\/\/news.save.ch\/de\/wp-json\/wp\/v2\/posts\/14176\/revisions"}],"wp:featuredmedia":[{"embeddable":true,"href":"https:\/\/news.save.ch\/de\/wp-json\/wp\/v2\/media\/13631"}],"wp:attachment":[{"href":"https:\/\/news.save.ch\/de\/wp-json\/wp\/v2\/media?parent=14176"}],"wp:term":[{"taxonomy":"category","embeddable":true,"href":"https:\/\/news.save.ch\/de\/wp-json\/wp\/v2\/categories?post=14176"},{"taxonomy":"post_tag","embeddable":true,"href":"https:\/\/news.save.ch\/de\/wp-json\/wp\/v2\/tags?post=14176"}],"curies":[{"name":"wp","href":"https:\/\/api.w.org\/{rel}","templated":true}]}}