{"id":14186,"date":"2016-11-01T13:40:37","date_gmt":"2016-11-01T12:40:37","guid":{"rendered":"https:\/\/dev.sicherheitsforum.ch\/?p=930"},"modified":"2016-11-01T13:40:37","modified_gmt":"2016-11-01T12:40:37","slug":"ueberwachung-am-fussgelenk-bewaehrt-sich","status":null,"type":"post","link":"https:\/\/news.save.ch\/de\/ueberwachung-am-fussgelenk-bewaehrt-sich\/","title":{"rendered":"\u00dcberwachung am Fussgelenk bew\u00e4hrt sich"},"content":{"rendered":"<figure id=\"attachment_934\" aria-describedby=\"caption-attachment-934\" style=\"width: 680px\" class=\"wp-caption alignnone\"><img loading=\"lazy\" decoding=\"async\" class=\"size-medium wp-image-934\" src=\"https:\/\/sicherheitsforum.ch\/wp-content\/uploads\/2016\/12\/\u00dcberwachung-am-Fussgelenk-bew\u00e4hrt-sich_sicherheitsforum.jpg\" alt=\"\u00a9 depositphotos\" width=\"680\" height=\"454\" \/><figcaption id=\"caption-attachment-934\" class=\"wp-caption-text\">\u00a9 depositphotos<\/figcaption><\/figure>\n<p>Electronic Monitoring (EM) steht f\u00fcr die elektronische Aufenthalts- oder Anwesenheits\u00fcberwachung von Personen (Straft\u00e4tern oder Beschuldigten). Ein Sender am Fussgelenk der Person meldet dem EM-System, wo sich die Person wann aufh\u00e4lt. Auf diese Weise l\u00e4sst sich pr\u00fcfen, ob die Person einen allf\u00e4lligen Hausarrest oder ein Rayonverbot befolgt. Bei gef\u00e4hrlichen Personen ist EM nicht einsetzbar, wie die Beh\u00f6rden schreiben. Das System dient prim\u00e4r dazu zu pr\u00fcfen, ob eine Person von ihr verlangte Auflagen einhalten kann.<\/p>\n<p><strong>Zwei Pilotbetriebe <\/strong><\/p>\n<p>Das Z\u00fcrcher Amt f\u00fcr Justizvollzug hat in einer umfangreichen Vorbereitung die Grundlagen f\u00fcr die Einf\u00fchrung von EM im Kanton Z\u00fcrich erarbeitet. Eingebunden in diese Vorbereitung waren auch die Strafverfolgung Erwachsene, die Oberjugendanwaltschaft, die Gerichte sowie die Kantonspolizei.<\/p>\n<p>Im Juli 2015 startete die Direktion der Justiz und des Innern mit praktischen Anwendungen bei der \u00dcberwachung von Vollzugslockerungen von jungen Straft\u00e4tern im Massnahmenzentrum Uitikon sowie bei jugendstrafrechtlichen Interventionen der Jugendanwaltschaften. Insgesamt 19 Jugendliche und junge Erwachsene (Beschuldigte oder Straft\u00e4ter) wurden in der Folge mit ihrem Einverst\u00e4ndnis w\u00e4hrend des Pilotbetriebes \u00fcberwacht. Der Schwerpunkt wurde dabei auf die \u00dcberwachungen auf der Basis von GPS gelegt.<\/p>\n<p><strong>Erkenntnisse aus dem Pilotbetrieb <\/strong><\/p>\n<p>Die Auswertung des Pilotbetriebs zeigt gem\u00e4ss regierungsr\u00e4tlicher Mitteilung: Die elektronische \u00dcberwachung bew\u00e4hrt sich in der Praxis. In verschiedenen beobachteten F\u00e4llen hat EM dazu beigetragen, dass Betroffene einen strukturierten Tagesablauf besser einhalten konnten als ohne EM. EM hat eine starke psychologische Wirkung und kann gut zur \u00dcberpr\u00fcfung von Auflagen eingesetzt werden. EM ist zudem schnell einsetzbar und gibt der betroffenen Person rasch eine R\u00fcckmeldung auf allf\u00e4lliges Fehlverhalten.<\/p>\n<p>Umgekehrt ist festzuhalten, dass EM Delikte nicht verhindern kann. Zudem ist EM nicht isoliert, sondern am erfolgversprechendsten zusammen mit einer sozialp\u00e4dagogischen bzw. therapeutischen Begleitung anzuwenden.<\/p>\n<p>Der Pilotbetrieb wurde im April 2016 abgeschlossen. Seither wird der Pilot regul\u00e4r weitergef\u00fchrt. Mit der erfolgreichen EM-Einf\u00fchrung ist der Kanton Z\u00fcrich bereit f\u00fcr die Umsetzung des revidierten Strafgesetzbuches per 1. Januar 2018. Dieses sieht vor, dass kurze Freiheitsstrafen in Form von Electronic Monitoring vollzogen werden k\u00f6nnen, wie es abschliessend in der Medienmitteilung heisst.<\/p>\n<p><em>Pressetext Kant. Z\u00fcrich, Direktion der Justiz und des Innern Amt f\u00fcr Justizvollzug<\/em><\/p>\n","protected":false},"excerpt":{"rendered":"<p>Electronic Monitoring (EM) steht f\u00fcr die elektronische Aufenthalts- oder Anwesenheits\u00fcberwachung von Personen (Straft\u00e4tern oder Beschuldigten). Ein Sender am Fussgelenk der Person meldet dem EM-System, wo sich die Person wann aufh\u00e4lt. Auf diese Weise l\u00e4sst sich pr\u00fcfen, ob die Person einen allf\u00e4lligen Hausarrest oder ein Rayonverbot befolgt. Bei gef\u00e4hrlichen Personen ist EM nicht einsetzbar, wie die [&hellip;]<\/p>\n","protected":false},"author":1,"featured_media":13655,"comment_status":"open","ping_status":"open","sticky":false,"template":"","format":"standard","meta":{"_acf_changed":false,"pgc_sgb_lightbox_settings":"","footnotes":""},"categories":[1],"tags":[69],"class_list":["post-14186","post","type-post","status-publish","format-standard","has-post-thumbnail","hentry","category-allgemein","tag-justiz-polizei"],"acf":[],"hkrextid":null,"publication":null,"issue":null,"workflow":null,"startPage":null,"spitzmarke":null,"_posts_by_tag_page_fields":{"widget_title":"","widget_tags":""},"_at_widget":"1","_yoast_wpseo_primary_category":"","_yoast_wpseo_focuskw_text_input":"\u00dcberwachung","_yoast_wpseo_opengraph-image":"https:\/\/sicherheitsforum.ch\/wp-content\/uploads\/2016\/12\/\u00dcberwachung-am-Fussgelenk-bew\u00e4hrt-sich_sicherheitsforum.jpg","_yoast_wpseo_opengraph-description":"Die elektronische \u00dcberwachung von Straft\u00e4tern und Beschuldigten funktioniert: Zu diesem Schluss kommen die Verantwortlichen f\u00fcr den Z\u00fcrcher Justizvollzug nach dem Abschluss eines mehrmonatigen Pilotbetriebs mit insgesamt 19 Jugendlichen und jungen Erwachsenen. Klar sind aber auch die Grenzen von Electronic Monitoring: Delikte verhindern kann das \u00dcberwachungssystem nicht.","_yoast_wpseo_opengraph-title":"\u00dcberwachung am Fussgelenk bew\u00e4hrt sich","enclosure":null,"_yoast_wpseo_twitter-title":null,"_yoast_wpseo_twitter-description":null,"_yoast_wpseo_twitter-image":null,"_wp_old_slug":null,"_yoast_wpseo_title":null,"_yoast_wpseo_canonical":null,"yoast_head":"<!-- This site is optimized with the Yoast SEO plugin v27.5 - https:\/\/yoast.com\/product\/yoast-seo-wordpress\/ -->\n<title>\u00dcberwachung am Fussgelenk bew\u00e4hrt sich - Save<\/title>\n<meta name=\"description\" content=\"Die elektronische \u00dcberwachung von Straft\u00e4tern und Beschuldigten funktioniert: Zu diesem Schluss kommen die Verantwortlichen f\u00fcr den Z\u00fcrcher Justizvollzug.\" \/>\n<meta name=\"robots\" content=\"index, follow, max-snippet:-1, max-image-preview:large, max-video-preview:-1\" \/>\n<link rel=\"canonical\" href=\"https:\/\/news.save.ch\/de\/ueberwachung-am-fussgelenk-bewaehrt-sich\/\" \/>\n<meta property=\"og:locale\" content=\"de_DE\" \/>\n<meta property=\"og:type\" content=\"article\" \/>\n<meta property=\"og:title\" content=\"\u00dcberwachung am Fussgelenk bew\u00e4hrt sich\" \/>\n<meta property=\"og:description\" content=\"Die elektronische \u00dcberwachung von Straft\u00e4tern und Beschuldigten funktioniert: Zu diesem Schluss kommen die Verantwortlichen f\u00fcr den Z\u00fcrcher Justizvollzug nach dem Abschluss eines mehrmonatigen Pilotbetriebs mit insgesamt 19 Jugendlichen und jungen Erwachsenen. Klar sind aber auch die Grenzen von Electronic Monitoring: Delikte verhindern kann das \u00dcberwachungssystem nicht.\" \/>\n<meta property=\"og:url\" content=\"https:\/\/news.save.ch\/de\/ueberwachung-am-fussgelenk-bewaehrt-sich\/\" \/>\n<meta property=\"og:site_name\" content=\"Save\" \/>\n<meta property=\"article:published_time\" content=\"2016-11-01T12:40:37+00:00\" \/>\n<meta property=\"og:image\" content=\"https:\/\/sicherheitsforum.ch\/wp-content\/uploads\/2016\/12\/\u00dcberwachung-am-Fussgelenk-bew\u00e4hrt-sich_sicherheitsforum.jpg\" \/>\n<meta name=\"author\" content=\"admin\" \/>\n<meta name=\"twitter:card\" content=\"summary_large_image\" \/>\n<meta name=\"twitter:label1\" content=\"Geschrieben von\" \/>\n\t<meta name=\"twitter:data1\" content=\"admin\" \/>\n\t<meta name=\"twitter:label2\" content=\"Gesch\u00e4tzte Lesezeit\" \/>\n\t<meta name=\"twitter:data2\" content=\"2\u00a0Minuten\" \/>\n<script type=\"application\/ld+json\" class=\"yoast-schema-graph\">{\"@context\":\"https:\\\/\\\/schema.org\",\"@graph\":[{\"@type\":\"Article\",\"@id\":\"https:\\\/\\\/news.save.ch\\\/ueberwachung-am-fussgelenk-bewaehrt-sich\\\/#article\",\"isPartOf\":{\"@id\":\"https:\\\/\\\/news.save.ch\\\/ueberwachung-am-fussgelenk-bewaehrt-sich\\\/\"},\"author\":{\"name\":\"admin\",\"@id\":\"https:\\\/\\\/news.save.ch\\\/de\\\/#\\\/schema\\\/person\\\/d49e199490bad7c70d64b9ab51142f2b\"},\"headline\":\"\u00dcberwachung am Fussgelenk bew\u00e4hrt sich\",\"datePublished\":\"2016-11-01T12:40:37+00:00\",\"mainEntityOfPage\":{\"@id\":\"https:\\\/\\\/news.save.ch\\\/ueberwachung-am-fussgelenk-bewaehrt-sich\\\/\"},\"wordCount\":381,\"commentCount\":0,\"publisher\":{\"@id\":\"https:\\\/\\\/news.save.ch\\\/de\\\/#organization\"},\"image\":{\"@id\":\"https:\\\/\\\/news.save.ch\\\/ueberwachung-am-fussgelenk-bewaehrt-sich\\\/#primaryimage\"},\"thumbnailUrl\":\"https:\\\/\\\/news.save.ch\\\/wp-content\\\/uploads\\\/2016\\\/12\\\/Ueberwachung-am-Fussgelenk-bewaehrt-sich_sicherheitsforum.jpg\",\"keywords\":[\"Justiz &amp; Polizei\"],\"articleSection\":[\"ALLGEMEIN\"],\"inLanguage\":\"de\"},{\"@type\":\"WebPage\",\"@id\":\"https:\\\/\\\/news.save.ch\\\/ueberwachung-am-fussgelenk-bewaehrt-sich\\\/\",\"url\":\"https:\\\/\\\/news.save.ch\\\/ueberwachung-am-fussgelenk-bewaehrt-sich\\\/\",\"name\":\"\u00dcberwachung am Fussgelenk bew\u00e4hrt sich - Save\",\"isPartOf\":{\"@id\":\"https:\\\/\\\/news.save.ch\\\/de\\\/#website\"},\"primaryImageOfPage\":{\"@id\":\"https:\\\/\\\/news.save.ch\\\/ueberwachung-am-fussgelenk-bewaehrt-sich\\\/#primaryimage\"},\"image\":{\"@id\":\"https:\\\/\\\/news.save.ch\\\/ueberwachung-am-fussgelenk-bewaehrt-sich\\\/#primaryimage\"},\"thumbnailUrl\":\"https:\\\/\\\/news.save.ch\\\/wp-content\\\/uploads\\\/2016\\\/12\\\/Ueberwachung-am-Fussgelenk-bewaehrt-sich_sicherheitsforum.jpg\",\"datePublished\":\"2016-11-01T12:40:37+00:00\",\"description\":\"Die elektronische \u00dcberwachung von Straft\u00e4tern und Beschuldigten funktioniert: Zu diesem Schluss kommen die Verantwortlichen f\u00fcr den Z\u00fcrcher Justizvollzug.\",\"breadcrumb\":{\"@id\":\"https:\\\/\\\/news.save.ch\\\/ueberwachung-am-fussgelenk-bewaehrt-sich\\\/#breadcrumb\"},\"inLanguage\":\"de\",\"potentialAction\":[{\"@type\":\"ReadAction\",\"target\":[\"https:\\\/\\\/news.save.ch\\\/ueberwachung-am-fussgelenk-bewaehrt-sich\\\/\"]}]},{\"@type\":\"ImageObject\",\"inLanguage\":\"de\",\"@id\":\"https:\\\/\\\/news.save.ch\\\/ueberwachung-am-fussgelenk-bewaehrt-sich\\\/#primaryimage\",\"url\":\"https:\\\/\\\/news.save.ch\\\/wp-content\\\/uploads\\\/2016\\\/12\\\/Ueberwachung-am-Fussgelenk-bewaehrt-sich_sicherheitsforum.jpg\",\"contentUrl\":\"https:\\\/\\\/news.save.ch\\\/wp-content\\\/uploads\\\/2016\\\/12\\\/Ueberwachung-am-Fussgelenk-bewaehrt-sich_sicherheitsforum.jpg\",\"width\":1000,\"height\":667,\"caption\":\"\u00a9 depositphotos\"},{\"@type\":\"BreadcrumbList\",\"@id\":\"https:\\\/\\\/news.save.ch\\\/ueberwachung-am-fussgelenk-bewaehrt-sich\\\/#breadcrumb\",\"itemListElement\":[{\"@type\":\"ListItem\",\"position\":1,\"name\":\"Home\",\"item\":\"https:\\\/\\\/news.save.ch\\\/de\\\/\"},{\"@type\":\"ListItem\",\"position\":2,\"name\":\"\u00dcberwachung am Fussgelenk bew\u00e4hrt sich\"}]},{\"@type\":\"WebSite\",\"@id\":\"https:\\\/\\\/news.save.ch\\\/de\\\/#website\",\"url\":\"https:\\\/\\\/news.save.ch\\\/de\\\/\",\"name\":\"Save\",\"description\":\"Schweizer Fachzeitschrift f\u00fcr Sicherheit\",\"publisher\":{\"@id\":\"https:\\\/\\\/news.save.ch\\\/de\\\/#organization\"},\"potentialAction\":[{\"@type\":\"SearchAction\",\"target\":{\"@type\":\"EntryPoint\",\"urlTemplate\":\"https:\\\/\\\/news.save.ch\\\/de\\\/?s={search_term_string}\"},\"query-input\":{\"@type\":\"PropertyValueSpecification\",\"valueRequired\":true,\"valueName\":\"search_term_string\"}}],\"inLanguage\":\"de\"},{\"@type\":\"Organization\",\"@id\":\"https:\\\/\\\/news.save.ch\\\/de\\\/#organization\",\"name\":\"Sicherheitsforum\",\"url\":\"https:\\\/\\\/news.save.ch\\\/de\\\/\",\"logo\":{\"@type\":\"ImageObject\",\"inLanguage\":\"de\",\"@id\":\"https:\\\/\\\/news.save.ch\\\/de\\\/#\\\/schema\\\/logo\\\/image\\\/\",\"url\":\"https:\\\/\\\/news.save.ch\\\/wp-content\\\/uploads\\\/2022\\\/06\\\/Logo_SF_2012.png\",\"contentUrl\":\"https:\\\/\\\/news.save.ch\\\/wp-content\\\/uploads\\\/2022\\\/06\\\/Logo_SF_2012.png\",\"width\":1100,\"height\":91,\"caption\":\"Sicherheitsforum\"},\"image\":{\"@id\":\"https:\\\/\\\/news.save.ch\\\/de\\\/#\\\/schema\\\/logo\\\/image\\\/\"}},{\"@type\":\"Person\",\"@id\":\"https:\\\/\\\/news.save.ch\\\/de\\\/#\\\/schema\\\/person\\\/d49e199490bad7c70d64b9ab51142f2b\",\"name\":\"admin\",\"image\":{\"@type\":\"ImageObject\",\"inLanguage\":\"de\",\"@id\":\"https:\\\/\\\/secure.gravatar.com\\\/avatar\\\/ae2f4d718e6c49043e314ce431e7e645d646302a24a5ef5a8bc8e3f5a032e319?s=96&d=mm&r=g\",\"url\":\"https:\\\/\\\/secure.gravatar.com\\\/avatar\\\/ae2f4d718e6c49043e314ce431e7e645d646302a24a5ef5a8bc8e3f5a032e319?s=96&d=mm&r=g\",\"contentUrl\":\"https:\\\/\\\/secure.gravatar.com\\\/avatar\\\/ae2f4d718e6c49043e314ce431e7e645d646302a24a5ef5a8bc8e3f5a032e319?s=96&d=mm&r=g\",\"caption\":\"admin\"},\"sameAs\":[\"https:\\\/\\\/develop.organisator.galledia.ch\"],\"url\":\"https:\\\/\\\/news.save.ch\\\/de\\\/author\\\/admin\\\/\"}]}<\/script>\n<!-- \/ Yoast SEO plugin. -->","yoast_head_json":{"title":"\u00dcberwachung am Fussgelenk bew\u00e4hrt sich - Save","description":"Die elektronische \u00dcberwachung von Straft\u00e4tern und Beschuldigten funktioniert: Zu diesem Schluss kommen die Verantwortlichen f\u00fcr den Z\u00fcrcher Justizvollzug.","robots":{"index":"index","follow":"follow","max-snippet":"max-snippet:-1","max-image-preview":"max-image-preview:large","max-video-preview":"max-video-preview:-1"},"canonical":"https:\/\/news.save.ch\/de\/ueberwachung-am-fussgelenk-bewaehrt-sich\/","og_locale":"de_DE","og_type":"article","og_title":"\u00dcberwachung am Fussgelenk bew\u00e4hrt sich","og_description":"Die elektronische \u00dcberwachung von Straft\u00e4tern und Beschuldigten funktioniert: Zu diesem Schluss kommen die Verantwortlichen f\u00fcr den Z\u00fcrcher Justizvollzug nach dem Abschluss eines mehrmonatigen Pilotbetriebs mit insgesamt 19 Jugendlichen und jungen Erwachsenen. Klar sind aber auch die Grenzen von Electronic Monitoring: Delikte verhindern kann das \u00dcberwachungssystem nicht.","og_url":"https:\/\/news.save.ch\/de\/ueberwachung-am-fussgelenk-bewaehrt-sich\/","og_site_name":"Save","article_published_time":"2016-11-01T12:40:37+00:00","og_image":[{"url":"https:\/\/sicherheitsforum.ch\/wp-content\/uploads\/2016\/12\/\u00dcberwachung-am-Fussgelenk-bew\u00e4hrt-sich_sicherheitsforum.jpg","type":"","width":"","height":""}],"author":"admin","twitter_card":"summary_large_image","twitter_misc":{"Geschrieben von":"admin","Gesch\u00e4tzte Lesezeit":"2\u00a0Minuten"},"schema":{"@context":"https:\/\/schema.org","@graph":[{"@type":"Article","@id":"https:\/\/news.save.ch\/ueberwachung-am-fussgelenk-bewaehrt-sich\/#article","isPartOf":{"@id":"https:\/\/news.save.ch\/ueberwachung-am-fussgelenk-bewaehrt-sich\/"},"author":{"name":"admin","@id":"https:\/\/news.save.ch\/de\/#\/schema\/person\/d49e199490bad7c70d64b9ab51142f2b"},"headline":"\u00dcberwachung am Fussgelenk bew\u00e4hrt sich","datePublished":"2016-11-01T12:40:37+00:00","mainEntityOfPage":{"@id":"https:\/\/news.save.ch\/ueberwachung-am-fussgelenk-bewaehrt-sich\/"},"wordCount":381,"commentCount":0,"publisher":{"@id":"https:\/\/news.save.ch\/de\/#organization"},"image":{"@id":"https:\/\/news.save.ch\/ueberwachung-am-fussgelenk-bewaehrt-sich\/#primaryimage"},"thumbnailUrl":"https:\/\/news.save.ch\/wp-content\/uploads\/2016\/12\/Ueberwachung-am-Fussgelenk-bewaehrt-sich_sicherheitsforum.jpg","keywords":["Justiz &amp; Polizei"],"articleSection":["ALLGEMEIN"],"inLanguage":"de"},{"@type":"WebPage","@id":"https:\/\/news.save.ch\/ueberwachung-am-fussgelenk-bewaehrt-sich\/","url":"https:\/\/news.save.ch\/ueberwachung-am-fussgelenk-bewaehrt-sich\/","name":"\u00dcberwachung am Fussgelenk bew\u00e4hrt sich - Save","isPartOf":{"@id":"https:\/\/news.save.ch\/de\/#website"},"primaryImageOfPage":{"@id":"https:\/\/news.save.ch\/ueberwachung-am-fussgelenk-bewaehrt-sich\/#primaryimage"},"image":{"@id":"https:\/\/news.save.ch\/ueberwachung-am-fussgelenk-bewaehrt-sich\/#primaryimage"},"thumbnailUrl":"https:\/\/news.save.ch\/wp-content\/uploads\/2016\/12\/Ueberwachung-am-Fussgelenk-bewaehrt-sich_sicherheitsforum.jpg","datePublished":"2016-11-01T12:40:37+00:00","description":"Die elektronische \u00dcberwachung von Straft\u00e4tern und Beschuldigten funktioniert: Zu diesem Schluss kommen die Verantwortlichen f\u00fcr den Z\u00fcrcher Justizvollzug.","breadcrumb":{"@id":"https:\/\/news.save.ch\/ueberwachung-am-fussgelenk-bewaehrt-sich\/#breadcrumb"},"inLanguage":"de","potentialAction":[{"@type":"ReadAction","target":["https:\/\/news.save.ch\/ueberwachung-am-fussgelenk-bewaehrt-sich\/"]}]},{"@type":"ImageObject","inLanguage":"de","@id":"https:\/\/news.save.ch\/ueberwachung-am-fussgelenk-bewaehrt-sich\/#primaryimage","url":"https:\/\/news.save.ch\/wp-content\/uploads\/2016\/12\/Ueberwachung-am-Fussgelenk-bewaehrt-sich_sicherheitsforum.jpg","contentUrl":"https:\/\/news.save.ch\/wp-content\/uploads\/2016\/12\/Ueberwachung-am-Fussgelenk-bewaehrt-sich_sicherheitsforum.jpg","width":1000,"height":667,"caption":"\u00a9 depositphotos"},{"@type":"BreadcrumbList","@id":"https:\/\/news.save.ch\/ueberwachung-am-fussgelenk-bewaehrt-sich\/#breadcrumb","itemListElement":[{"@type":"ListItem","position":1,"name":"Home","item":"https:\/\/news.save.ch\/de\/"},{"@type":"ListItem","position":2,"name":"\u00dcberwachung am Fussgelenk bew\u00e4hrt sich"}]},{"@type":"WebSite","@id":"https:\/\/news.save.ch\/de\/#website","url":"https:\/\/news.save.ch\/de\/","name":"Save","description":"Schweizer Fachzeitschrift f\u00fcr Sicherheit","publisher":{"@id":"https:\/\/news.save.ch\/de\/#organization"},"potentialAction":[{"@type":"SearchAction","target":{"@type":"EntryPoint","urlTemplate":"https:\/\/news.save.ch\/de\/?s={search_term_string}"},"query-input":{"@type":"PropertyValueSpecification","valueRequired":true,"valueName":"search_term_string"}}],"inLanguage":"de"},{"@type":"Organization","@id":"https:\/\/news.save.ch\/de\/#organization","name":"Sicherheitsforum","url":"https:\/\/news.save.ch\/de\/","logo":{"@type":"ImageObject","inLanguage":"de","@id":"https:\/\/news.save.ch\/de\/#\/schema\/logo\/image\/","url":"https:\/\/news.save.ch\/wp-content\/uploads\/2022\/06\/Logo_SF_2012.png","contentUrl":"https:\/\/news.save.ch\/wp-content\/uploads\/2022\/06\/Logo_SF_2012.png","width":1100,"height":91,"caption":"Sicherheitsforum"},"image":{"@id":"https:\/\/news.save.ch\/de\/#\/schema\/logo\/image\/"}},{"@type":"Person","@id":"https:\/\/news.save.ch\/de\/#\/schema\/person\/d49e199490bad7c70d64b9ab51142f2b","name":"admin","image":{"@type":"ImageObject","inLanguage":"de","@id":"https:\/\/secure.gravatar.com\/avatar\/ae2f4d718e6c49043e314ce431e7e645d646302a24a5ef5a8bc8e3f5a032e319?s=96&d=mm&r=g","url":"https:\/\/secure.gravatar.com\/avatar\/ae2f4d718e6c49043e314ce431e7e645d646302a24a5ef5a8bc8e3f5a032e319?s=96&d=mm&r=g","contentUrl":"https:\/\/secure.gravatar.com\/avatar\/ae2f4d718e6c49043e314ce431e7e645d646302a24a5ef5a8bc8e3f5a032e319?s=96&d=mm&r=g","caption":"admin"},"sameAs":["https:\/\/develop.organisator.galledia.ch"],"url":"https:\/\/news.save.ch\/de\/author\/admin\/"}]}},"_links":{"self":[{"href":"https:\/\/news.save.ch\/de\/wp-json\/wp\/v2\/posts\/14186","targetHints":{"allow":["GET"]}}],"collection":[{"href":"https:\/\/news.save.ch\/de\/wp-json\/wp\/v2\/posts"}],"about":[{"href":"https:\/\/news.save.ch\/de\/wp-json\/wp\/v2\/types\/post"}],"author":[{"embeddable":true,"href":"https:\/\/news.save.ch\/de\/wp-json\/wp\/v2\/users\/1"}],"replies":[{"embeddable":true,"href":"https:\/\/news.save.ch\/de\/wp-json\/wp\/v2\/comments?post=14186"}],"version-history":[{"count":0,"href":"https:\/\/news.save.ch\/de\/wp-json\/wp\/v2\/posts\/14186\/revisions"}],"wp:featuredmedia":[{"embeddable":true,"href":"https:\/\/news.save.ch\/de\/wp-json\/wp\/v2\/media\/13655"}],"wp:attachment":[{"href":"https:\/\/news.save.ch\/de\/wp-json\/wp\/v2\/media?parent=14186"}],"wp:term":[{"taxonomy":"category","embeddable":true,"href":"https:\/\/news.save.ch\/de\/wp-json\/wp\/v2\/categories?post=14186"},{"taxonomy":"post_tag","embeddable":true,"href":"https:\/\/news.save.ch\/de\/wp-json\/wp\/v2\/tags?post=14186"}],"curies":[{"name":"wp","href":"https:\/\/api.w.org\/{rel}","templated":true}]}}