{"id":14204,"date":"2022-02-15T08:37:18","date_gmt":"2022-02-15T07:37:18","guid":{"rendered":"https:\/\/news.save.ch\/?p=13572"},"modified":"2023-07-07T14:29:01","modified_gmt":"2023-07-07T12:29:01","slug":"backups-ruecken-ins-visier-der-cyberkriminellen","status":null,"type":"post","link":"https:\/\/news.save.ch\/de\/backups-ruecken-ins-visier-der-cyberkriminellen\/","title":{"rendered":"Backups r\u00fccken ins Visier der Cyberkriminellen"},"content":{"rendered":"<p><img loading=\"lazy\" decoding=\"async\" class=\"alignleft wp-image-13574 size-full\" src=\"https:\/\/news.save.ch\/wp-content\/uploads\/2022\/02\/Depositphotos_2890318_S.jpg\" alt=\"Cybersecurity\" width=\"1000\" height=\"750\" srcset=\"https:\/\/news.save.ch\/wp-content\/uploads\/2022\/02\/Depositphotos_2890318_S.jpg 1000w, https:\/\/news.save.ch\/wp-content\/uploads\/2022\/02\/Depositphotos_2890318_S-375x281.jpg 375w\" sizes=\"auto, (max-width: 1000px) 100vw, 1000px\" \/><\/p>\n<p>Sogenannte Network-Attached-Storage-Ger\u00e4te gelangen meist aus zwei Gr\u00fcnden ins Visier der Angreifer. Sicherheitsupdates sind meist optional f\u00fcr die Anwender verf\u00fcgbar und die Anwender bzw. Unternehmen geben ihre nicht ausreichend gesch\u00fctzten NAS-Ger\u00e4te oft unwissentlich f\u00fcr den Zugriff auf das Internet frei, wodurch Cyberganoven die NAS-Ger\u00e4te einfacher aufsp\u00fcren k\u00f6nnen.<\/p>\n<p>Laut einer <a href=\"https:\/\/www.trendmicro.com\/vinfo\/de\/security\/news\/internet-of-things\/reinforcing-nas-security-against-pivoting-threats\" target=\"_blank\" rel=\"noopener\">Studie von Trend Micro<\/a> sind NAS-Ger\u00e4te in letzter Zeit insbesondere von bekannten Ransomware-Familien wie <a href=\"https:\/\/news.save.ch\/schlag-gegen-hackergruppe-revil\/\" target=\"_blank\" rel=\"noopener\">REvil<\/a>, <a href=\"https:\/\/news.save.ch\/doppelt-so-viele-ransomware-vorfaelle-in-der-schweiz\/\" target=\"_blank\" rel=\"noopener\">Qlocker<\/a> oder diversen Botnetzen betroffen. Besonders zielgerichtete Angriffe (beispielsweise durch die Malware QSnatch) stellen eine Bedrohung dar. Best Practices umfassen vor allem einen Schutz vor Cyberangriffen. Dazu gibt die Studie folgende Empfehlungen ab:<\/p>\n<ul>\n<li>NAS-Ger\u00e4te niemals direkt mit dem Internet verbinden<\/li>\n<li>Regelm\u00e4ssiges \u00c4ndern der Zugangs- und Sicherheitsdaten aller angeschlossenen Ger\u00e4te. Nie die voreingestellten Standardpassw\u00f6rter der Ger\u00e4te verwenden<\/li>\n<li>Aktivierung der Zwei-Faktor-Authentifizierung (2FA), sofern verf\u00fcgbar<\/li>\n<li>Deinstallieren nicht genutzter Dienste, beispielsweise nicht ben\u00f6tigte Software und Anwendungen<\/li>\n<li>Regelm\u00e4ssiges Pr\u00fcfen der Online-Sicherheitsleitf\u00e4den der NAS-Hersteller, um einen zus\u00e4tzlichen Schutz vor Angreifern zu gew\u00e4hrleisten<\/li>\n<\/ul>\n<p>Anm. d. Redaktion: Was den ersten Punkt anbelangt, sollte der Anwender bzw. das Unternehmen auf jeden Fall nicht einfach Dienste nach aussen freigeben, sondern auf zus\u00e4tzliche Schutzfaktoren wie ein VPN setzen.<\/p>\n<p><em>Quelle: Trend Micro<\/em><\/p>\n<p><em>\u00a0<\/em><\/p>\n<p>&nbsp;<\/p>\n","protected":false},"excerpt":{"rendered":"<p>Sogenannte Network-Attached-Storage-Ger\u00e4te gelangen meist aus zwei Gr\u00fcnden ins Visier der Angreifer. Sicherheitsupdates sind meist optional f\u00fcr die Anwender verf\u00fcgbar und die Anwender bzw. Unternehmen geben ihre nicht ausreichend gesch\u00fctzten NAS-Ger\u00e4te oft unwissentlich f\u00fcr den Zugriff auf das Internet frei, wodurch Cyberganoven die NAS-Ger\u00e4te einfacher aufsp\u00fcren k\u00f6nnen. Laut einer Studie von Trend Micro sind NAS-Ger\u00e4te in [&hellip;]<\/p>\n","protected":false},"author":9,"featured_media":13574,"comment_status":"closed","ping_status":"closed","sticky":false,"template":"","format":"standard","meta":{"_acf_changed":false,"pgc_sgb_lightbox_settings":"","footnotes":""},"categories":[1,3313],"tags":[4791,4790,1379,4789,1380,376,1309,1381,913],"class_list":["post-14204","post","type-post","status-publish","format-standard","has-post-thumbnail","hentry","category-allgemein","category-digitalisierung","tag-best-practices","tag-cyberattacks","tag-nas","tag-network-attached-storage-nas-devices","tag-qlocker","tag-ransomware","tag-revil","tag-trend-micro","tag-vpn"],"acf":[],"hkrextid":null,"publication":null,"issue":null,"workflow":null,"startPage":null,"spitzmarke":null,"_posts_by_tag_page_fields":{"widget_title":"","widget_tags":""},"_at_widget":"1","_yoast_wpseo_primary_category":"1","_yoast_wpseo_focuskw_text_input":null,"_yoast_wpseo_opengraph-image":null,"_yoast_wpseo_opengraph-description":null,"_yoast_wpseo_opengraph-title":null,"enclosure":null,"_yoast_wpseo_twitter-title":null,"_yoast_wpseo_twitter-description":null,"_yoast_wpseo_twitter-image":null,"_wp_old_slug":null,"_yoast_wpseo_title":null,"_yoast_wpseo_canonical":null,"yoast_head":"<!-- This site is optimized with the Yoast SEO plugin v27.5 - https:\/\/yoast.com\/product\/yoast-seo-wordpress\/ -->\n<title>Backups r\u00fccken ins Visier der Cyberkriminellen - Save<\/title>\n<meta name=\"description\" content=\"Laut einer Studie von Trend Micro werden nicht ausreichend gesch\u00fctzte Netzwerkspeicher in letzter Zeit vermehrt zu Angriffszielen von Cyberkriminellen. Im Zweifelsfalle sollte ein NAS nicht unbedingt nach aussen freigegeben werden.\" \/>\n<meta name=\"robots\" content=\"index, follow, max-snippet:-1, max-image-preview:large, max-video-preview:-1\" \/>\n<link rel=\"canonical\" href=\"https:\/\/news.save.ch\/de\/backups-ruecken-ins-visier-der-cyberkriminellen\/\" \/>\n<meta property=\"og:locale\" content=\"de_DE\" \/>\n<meta property=\"og:type\" content=\"article\" \/>\n<meta property=\"og:title\" content=\"Backups r\u00fccken ins Visier der Cyberkriminellen - Save\" \/>\n<meta property=\"og:description\" content=\"Laut einer Studie von Trend Micro werden nicht ausreichend gesch\u00fctzte Netzwerkspeicher in letzter Zeit vermehrt zu Angriffszielen von Cyberkriminellen. Im Zweifelsfalle sollte ein NAS nicht unbedingt nach aussen freigegeben werden.\" \/>\n<meta property=\"og:url\" content=\"https:\/\/news.save.ch\/de\/backups-ruecken-ins-visier-der-cyberkriminellen\/\" \/>\n<meta property=\"og:site_name\" content=\"Save\" \/>\n<meta property=\"article:published_time\" content=\"2022-02-15T07:37:18+00:00\" \/>\n<meta property=\"article:modified_time\" content=\"2023-07-07T12:29:01+00:00\" \/>\n<meta property=\"og:image\" content=\"https:\/\/news.save.ch\/wp-content\/uploads\/2022\/02\/Depositphotos_2890318_S.jpg\" \/>\n\t<meta property=\"og:image:width\" content=\"1000\" \/>\n\t<meta property=\"og:image:height\" content=\"750\" \/>\n\t<meta property=\"og:image:type\" content=\"image\/jpeg\" \/>\n<meta name=\"author\" content=\"Simon Gr\u00f6flin\" \/>\n<meta name=\"twitter:card\" content=\"summary_large_image\" \/>\n<meta name=\"twitter:label1\" content=\"Geschrieben von\" \/>\n\t<meta name=\"twitter:data1\" content=\"Simon Gr\u00f6flin\" \/>\n\t<meta name=\"twitter:label2\" content=\"Gesch\u00e4tzte Lesezeit\" \/>\n\t<meta name=\"twitter:data2\" content=\"2\u00a0Minuten\" \/>\n<script type=\"application\/ld+json\" class=\"yoast-schema-graph\">{\"@context\":\"https:\\\/\\\/schema.org\",\"@graph\":[{\"@type\":\"Article\",\"@id\":\"https:\\\/\\\/news.save.ch\\\/backups-ruecken-ins-visier-der-cyberkriminellen\\\/#article\",\"isPartOf\":{\"@id\":\"https:\\\/\\\/news.save.ch\\\/backups-ruecken-ins-visier-der-cyberkriminellen\\\/\"},\"author\":{\"name\":\"Simon Gr\u00f6flin\",\"@id\":\"https:\\\/\\\/news.save.ch\\\/de\\\/#\\\/schema\\\/person\\\/ad4ef21102fd6125312409ac57d5296d\"},\"headline\":\"Backups r\u00fccken ins Visier der Cyberkriminellen\",\"datePublished\":\"2022-02-15T07:37:18+00:00\",\"dateModified\":\"2023-07-07T12:29:01+00:00\",\"mainEntityOfPage\":{\"@id\":\"https:\\\/\\\/news.save.ch\\\/backups-ruecken-ins-visier-der-cyberkriminellen\\\/\"},\"wordCount\":215,\"publisher\":{\"@id\":\"https:\\\/\\\/news.save.ch\\\/de\\\/#organization\"},\"image\":{\"@id\":\"https:\\\/\\\/news.save.ch\\\/backups-ruecken-ins-visier-der-cyberkriminellen\\\/#primaryimage\"},\"thumbnailUrl\":\"https:\\\/\\\/news.save.ch\\\/wp-content\\\/uploads\\\/2022\\\/02\\\/Depositphotos_2890318_S.jpg\",\"keywords\":[\"Best practices\",\"Cyberattacks\",\"NAS\",\"Network-Attached-Storage (NAS) devices\",\"Qlocker\",\"Ransomware\",\"Revil\",\"Trend Micro\",\"VPN\"],\"articleSection\":[\"ALLGEMEIN\",\"DIGITALISIERUNG\"],\"inLanguage\":\"de\"},{\"@type\":\"WebPage\",\"@id\":\"https:\\\/\\\/news.save.ch\\\/backups-ruecken-ins-visier-der-cyberkriminellen\\\/\",\"url\":\"https:\\\/\\\/news.save.ch\\\/backups-ruecken-ins-visier-der-cyberkriminellen\\\/\",\"name\":\"Backups r\u00fccken ins Visier der Cyberkriminellen - Save\",\"isPartOf\":{\"@id\":\"https:\\\/\\\/news.save.ch\\\/de\\\/#website\"},\"primaryImageOfPage\":{\"@id\":\"https:\\\/\\\/news.save.ch\\\/backups-ruecken-ins-visier-der-cyberkriminellen\\\/#primaryimage\"},\"image\":{\"@id\":\"https:\\\/\\\/news.save.ch\\\/backups-ruecken-ins-visier-der-cyberkriminellen\\\/#primaryimage\"},\"thumbnailUrl\":\"https:\\\/\\\/news.save.ch\\\/wp-content\\\/uploads\\\/2022\\\/02\\\/Depositphotos_2890318_S.jpg\",\"datePublished\":\"2022-02-15T07:37:18+00:00\",\"dateModified\":\"2023-07-07T12:29:01+00:00\",\"description\":\"Laut einer Studie von Trend Micro werden nicht ausreichend gesch\u00fctzte Netzwerkspeicher in letzter Zeit vermehrt zu Angriffszielen von Cyberkriminellen. Im Zweifelsfalle sollte ein NAS nicht unbedingt nach aussen freigegeben werden.\",\"breadcrumb\":{\"@id\":\"https:\\\/\\\/news.save.ch\\\/backups-ruecken-ins-visier-der-cyberkriminellen\\\/#breadcrumb\"},\"inLanguage\":\"de\",\"potentialAction\":[{\"@type\":\"ReadAction\",\"target\":[\"https:\\\/\\\/news.save.ch\\\/backups-ruecken-ins-visier-der-cyberkriminellen\\\/\"]}]},{\"@type\":\"ImageObject\",\"inLanguage\":\"de\",\"@id\":\"https:\\\/\\\/news.save.ch\\\/backups-ruecken-ins-visier-der-cyberkriminellen\\\/#primaryimage\",\"url\":\"https:\\\/\\\/news.save.ch\\\/wp-content\\\/uploads\\\/2022\\\/02\\\/Depositphotos_2890318_S.jpg\",\"contentUrl\":\"https:\\\/\\\/news.save.ch\\\/wp-content\\\/uploads\\\/2022\\\/02\\\/Depositphotos_2890318_S.jpg\",\"width\":1000,\"height\":750,\"caption\":\"Backups r\u00fccken ins Visier der Cyberkriminellen\"},{\"@type\":\"BreadcrumbList\",\"@id\":\"https:\\\/\\\/news.save.ch\\\/backups-ruecken-ins-visier-der-cyberkriminellen\\\/#breadcrumb\",\"itemListElement\":[{\"@type\":\"ListItem\",\"position\":1,\"name\":\"Home\",\"item\":\"https:\\\/\\\/news.save.ch\\\/de\\\/\"},{\"@type\":\"ListItem\",\"position\":2,\"name\":\"Backups r\u00fccken ins Visier der Cyberkriminellen\"}]},{\"@type\":\"WebSite\",\"@id\":\"https:\\\/\\\/news.save.ch\\\/de\\\/#website\",\"url\":\"https:\\\/\\\/news.save.ch\\\/de\\\/\",\"name\":\"Save\",\"description\":\"Schweizer Fachzeitschrift f\u00fcr Sicherheit\",\"publisher\":{\"@id\":\"https:\\\/\\\/news.save.ch\\\/de\\\/#organization\"},\"potentialAction\":[{\"@type\":\"SearchAction\",\"target\":{\"@type\":\"EntryPoint\",\"urlTemplate\":\"https:\\\/\\\/news.save.ch\\\/de\\\/?s={search_term_string}\"},\"query-input\":{\"@type\":\"PropertyValueSpecification\",\"valueRequired\":true,\"valueName\":\"search_term_string\"}}],\"inLanguage\":\"de\"},{\"@type\":\"Organization\",\"@id\":\"https:\\\/\\\/news.save.ch\\\/de\\\/#organization\",\"name\":\"Sicherheitsforum\",\"url\":\"https:\\\/\\\/news.save.ch\\\/de\\\/\",\"logo\":{\"@type\":\"ImageObject\",\"inLanguage\":\"de\",\"@id\":\"https:\\\/\\\/news.save.ch\\\/de\\\/#\\\/schema\\\/logo\\\/image\\\/\",\"url\":\"https:\\\/\\\/news.save.ch\\\/wp-content\\\/uploads\\\/2022\\\/06\\\/Logo_SF_2012.png\",\"contentUrl\":\"https:\\\/\\\/news.save.ch\\\/wp-content\\\/uploads\\\/2022\\\/06\\\/Logo_SF_2012.png\",\"width\":1100,\"height\":91,\"caption\":\"Sicherheitsforum\"},\"image\":{\"@id\":\"https:\\\/\\\/news.save.ch\\\/de\\\/#\\\/schema\\\/logo\\\/image\\\/\"}},{\"@type\":\"Person\",\"@id\":\"https:\\\/\\\/news.save.ch\\\/de\\\/#\\\/schema\\\/person\\\/ad4ef21102fd6125312409ac57d5296d\",\"name\":\"Simon Gr\u00f6flin\",\"image\":{\"@type\":\"ImageObject\",\"inLanguage\":\"de\",\"@id\":\"https:\\\/\\\/secure.gravatar.com\\\/avatar\\\/6ddceb80eb734354635539e0ea5140bb7c41e42de7c45c9a2ab9921b5d5c9a83?s=96&d=mm&r=g\",\"url\":\"https:\\\/\\\/secure.gravatar.com\\\/avatar\\\/6ddceb80eb734354635539e0ea5140bb7c41e42de7c45c9a2ab9921b5d5c9a83?s=96&d=mm&r=g\",\"contentUrl\":\"https:\\\/\\\/secure.gravatar.com\\\/avatar\\\/6ddceb80eb734354635539e0ea5140bb7c41e42de7c45c9a2ab9921b5d5c9a83?s=96&d=mm&r=g\",\"caption\":\"Simon Gr\u00f6flin\"},\"url\":\"https:\\\/\\\/news.save.ch\\\/de\\\/author\\\/simon-groeflin\\\/\"}]}<\/script>\n<!-- \/ Yoast SEO plugin. -->","yoast_head_json":{"title":"Backups r\u00fccken ins Visier der Cyberkriminellen - Save","description":"Laut einer Studie von Trend Micro werden nicht ausreichend gesch\u00fctzte Netzwerkspeicher in letzter Zeit vermehrt zu Angriffszielen von Cyberkriminellen. Im Zweifelsfalle sollte ein NAS nicht unbedingt nach aussen freigegeben werden.","robots":{"index":"index","follow":"follow","max-snippet":"max-snippet:-1","max-image-preview":"max-image-preview:large","max-video-preview":"max-video-preview:-1"},"canonical":"https:\/\/news.save.ch\/de\/backups-ruecken-ins-visier-der-cyberkriminellen\/","og_locale":"de_DE","og_type":"article","og_title":"Backups r\u00fccken ins Visier der Cyberkriminellen - Save","og_description":"Laut einer Studie von Trend Micro werden nicht ausreichend gesch\u00fctzte Netzwerkspeicher in letzter Zeit vermehrt zu Angriffszielen von Cyberkriminellen. Im Zweifelsfalle sollte ein NAS nicht unbedingt nach aussen freigegeben werden.","og_url":"https:\/\/news.save.ch\/de\/backups-ruecken-ins-visier-der-cyberkriminellen\/","og_site_name":"Save","article_published_time":"2022-02-15T07:37:18+00:00","article_modified_time":"2023-07-07T12:29:01+00:00","og_image":[{"width":1000,"height":750,"url":"https:\/\/news.save.ch\/wp-content\/uploads\/2022\/02\/Depositphotos_2890318_S.jpg","type":"image\/jpeg"}],"author":"Simon Gr\u00f6flin","twitter_card":"summary_large_image","twitter_misc":{"Geschrieben von":"Simon Gr\u00f6flin","Gesch\u00e4tzte Lesezeit":"2\u00a0Minuten"},"schema":{"@context":"https:\/\/schema.org","@graph":[{"@type":"Article","@id":"https:\/\/news.save.ch\/backups-ruecken-ins-visier-der-cyberkriminellen\/#article","isPartOf":{"@id":"https:\/\/news.save.ch\/backups-ruecken-ins-visier-der-cyberkriminellen\/"},"author":{"name":"Simon Gr\u00f6flin","@id":"https:\/\/news.save.ch\/de\/#\/schema\/person\/ad4ef21102fd6125312409ac57d5296d"},"headline":"Backups r\u00fccken ins Visier der Cyberkriminellen","datePublished":"2022-02-15T07:37:18+00:00","dateModified":"2023-07-07T12:29:01+00:00","mainEntityOfPage":{"@id":"https:\/\/news.save.ch\/backups-ruecken-ins-visier-der-cyberkriminellen\/"},"wordCount":215,"publisher":{"@id":"https:\/\/news.save.ch\/de\/#organization"},"image":{"@id":"https:\/\/news.save.ch\/backups-ruecken-ins-visier-der-cyberkriminellen\/#primaryimage"},"thumbnailUrl":"https:\/\/news.save.ch\/wp-content\/uploads\/2022\/02\/Depositphotos_2890318_S.jpg","keywords":["Best practices","Cyberattacks","NAS","Network-Attached-Storage (NAS) devices","Qlocker","Ransomware","Revil","Trend Micro","VPN"],"articleSection":["ALLGEMEIN","DIGITALISIERUNG"],"inLanguage":"de"},{"@type":"WebPage","@id":"https:\/\/news.save.ch\/backups-ruecken-ins-visier-der-cyberkriminellen\/","url":"https:\/\/news.save.ch\/backups-ruecken-ins-visier-der-cyberkriminellen\/","name":"Backups r\u00fccken ins Visier der Cyberkriminellen - Save","isPartOf":{"@id":"https:\/\/news.save.ch\/de\/#website"},"primaryImageOfPage":{"@id":"https:\/\/news.save.ch\/backups-ruecken-ins-visier-der-cyberkriminellen\/#primaryimage"},"image":{"@id":"https:\/\/news.save.ch\/backups-ruecken-ins-visier-der-cyberkriminellen\/#primaryimage"},"thumbnailUrl":"https:\/\/news.save.ch\/wp-content\/uploads\/2022\/02\/Depositphotos_2890318_S.jpg","datePublished":"2022-02-15T07:37:18+00:00","dateModified":"2023-07-07T12:29:01+00:00","description":"Laut einer Studie von Trend Micro werden nicht ausreichend gesch\u00fctzte Netzwerkspeicher in letzter Zeit vermehrt zu Angriffszielen von Cyberkriminellen. Im Zweifelsfalle sollte ein NAS nicht unbedingt nach aussen freigegeben werden.","breadcrumb":{"@id":"https:\/\/news.save.ch\/backups-ruecken-ins-visier-der-cyberkriminellen\/#breadcrumb"},"inLanguage":"de","potentialAction":[{"@type":"ReadAction","target":["https:\/\/news.save.ch\/backups-ruecken-ins-visier-der-cyberkriminellen\/"]}]},{"@type":"ImageObject","inLanguage":"de","@id":"https:\/\/news.save.ch\/backups-ruecken-ins-visier-der-cyberkriminellen\/#primaryimage","url":"https:\/\/news.save.ch\/wp-content\/uploads\/2022\/02\/Depositphotos_2890318_S.jpg","contentUrl":"https:\/\/news.save.ch\/wp-content\/uploads\/2022\/02\/Depositphotos_2890318_S.jpg","width":1000,"height":750,"caption":"Backups r\u00fccken ins Visier der Cyberkriminellen"},{"@type":"BreadcrumbList","@id":"https:\/\/news.save.ch\/backups-ruecken-ins-visier-der-cyberkriminellen\/#breadcrumb","itemListElement":[{"@type":"ListItem","position":1,"name":"Home","item":"https:\/\/news.save.ch\/de\/"},{"@type":"ListItem","position":2,"name":"Backups r\u00fccken ins Visier der Cyberkriminellen"}]},{"@type":"WebSite","@id":"https:\/\/news.save.ch\/de\/#website","url":"https:\/\/news.save.ch\/de\/","name":"Save","description":"Schweizer Fachzeitschrift f\u00fcr Sicherheit","publisher":{"@id":"https:\/\/news.save.ch\/de\/#organization"},"potentialAction":[{"@type":"SearchAction","target":{"@type":"EntryPoint","urlTemplate":"https:\/\/news.save.ch\/de\/?s={search_term_string}"},"query-input":{"@type":"PropertyValueSpecification","valueRequired":true,"valueName":"search_term_string"}}],"inLanguage":"de"},{"@type":"Organization","@id":"https:\/\/news.save.ch\/de\/#organization","name":"Sicherheitsforum","url":"https:\/\/news.save.ch\/de\/","logo":{"@type":"ImageObject","inLanguage":"de","@id":"https:\/\/news.save.ch\/de\/#\/schema\/logo\/image\/","url":"https:\/\/news.save.ch\/wp-content\/uploads\/2022\/06\/Logo_SF_2012.png","contentUrl":"https:\/\/news.save.ch\/wp-content\/uploads\/2022\/06\/Logo_SF_2012.png","width":1100,"height":91,"caption":"Sicherheitsforum"},"image":{"@id":"https:\/\/news.save.ch\/de\/#\/schema\/logo\/image\/"}},{"@type":"Person","@id":"https:\/\/news.save.ch\/de\/#\/schema\/person\/ad4ef21102fd6125312409ac57d5296d","name":"Simon Gr\u00f6flin","image":{"@type":"ImageObject","inLanguage":"de","@id":"https:\/\/secure.gravatar.com\/avatar\/6ddceb80eb734354635539e0ea5140bb7c41e42de7c45c9a2ab9921b5d5c9a83?s=96&d=mm&r=g","url":"https:\/\/secure.gravatar.com\/avatar\/6ddceb80eb734354635539e0ea5140bb7c41e42de7c45c9a2ab9921b5d5c9a83?s=96&d=mm&r=g","contentUrl":"https:\/\/secure.gravatar.com\/avatar\/6ddceb80eb734354635539e0ea5140bb7c41e42de7c45c9a2ab9921b5d5c9a83?s=96&d=mm&r=g","caption":"Simon Gr\u00f6flin"},"url":"https:\/\/news.save.ch\/de\/author\/simon-groeflin\/"}]}},"_links":{"self":[{"href":"https:\/\/news.save.ch\/de\/wp-json\/wp\/v2\/posts\/14204","targetHints":{"allow":["GET"]}}],"collection":[{"href":"https:\/\/news.save.ch\/de\/wp-json\/wp\/v2\/posts"}],"about":[{"href":"https:\/\/news.save.ch\/de\/wp-json\/wp\/v2\/types\/post"}],"author":[{"embeddable":true,"href":"https:\/\/news.save.ch\/de\/wp-json\/wp\/v2\/users\/9"}],"replies":[{"embeddable":true,"href":"https:\/\/news.save.ch\/de\/wp-json\/wp\/v2\/comments?post=14204"}],"version-history":[{"count":3,"href":"https:\/\/news.save.ch\/de\/wp-json\/wp\/v2\/posts\/14204\/revisions"}],"predecessor-version":[{"id":20554,"href":"https:\/\/news.save.ch\/de\/wp-json\/wp\/v2\/posts\/14204\/revisions\/20554"}],"wp:featuredmedia":[{"embeddable":true,"href":"https:\/\/news.save.ch\/de\/wp-json\/wp\/v2\/media\/13574"}],"wp:attachment":[{"href":"https:\/\/news.save.ch\/de\/wp-json\/wp\/v2\/media?parent=14204"}],"wp:term":[{"taxonomy":"category","embeddable":true,"href":"https:\/\/news.save.ch\/de\/wp-json\/wp\/v2\/categories?post=14204"},{"taxonomy":"post_tag","embeddable":true,"href":"https:\/\/news.save.ch\/de\/wp-json\/wp\/v2\/tags?post=14204"}],"curies":[{"name":"wp","href":"https:\/\/api.w.org\/{rel}","templated":true}]}}