{"id":1442,"date":"2016-07-05T15:47:29","date_gmt":"2016-07-05T13:47:29","guid":{"rendered":"http:\/\/dev.safety-plus.ch\/?p=939"},"modified":"2023-03-14T09:05:36","modified_gmt":"2023-03-14T08:05:36","slug":"sind-sie-arbeitssuechtig","status":null,"type":"post","link":"https:\/\/news.save.ch\/de\/sind-sie-arbeitssuechtig\/","title":{"rendered":"Sind Sie Arbeitss\u00fcchtig?"},"content":{"rendered":"<figure id=\"attachment_940\" aria-describedby=\"caption-attachment-940\" style=\"width: 680px\" class=\"wp-caption alignnone\"><img loading=\"lazy\" decoding=\"async\" class=\"wp-image-940 size-medium\" src=\"http:\/\/develop.safety-plus.ch\/wp-content\/uploads\/2016\/12\/Sind-Sie-Arbeitssuechtig_safety-plus.jpg\" width=\"680\" height=\"454\" \/><figcaption id=\"caption-attachment-940\" class=\"wp-caption-text\">Arbeitss\u00fcchtige k\u00f6nnen oft selbst in den Ferien nicht mehr abschalten.<\/figcaption><\/figure>\n<p>Hochmotivierte Mitarbeiter erfreuen jeden Arbeitgeber &#8211; doch exzessives Arbeiten kann krank machen. Wer sich ausschliesslich mit seiner Arbeit befasst, kann psychische und physische Sch\u00e4den davontragen. Dank\u00a0Handy, Tablet und Laptop dringt die Arbeit zunehmend auch in den privaten Bereich ein &#8211; wer sich nicht bewusst sch\u00fctzt, ist etwa versucht, auch in der Freizeit, am Wochenende und gar in den Ferien weiterzuarbeiten.<\/p>\n<p>Dies kann gravierende Auswirkungen haben: Das Sozialleben zerf\u00e4llt, Depressionen, Burn-Out und Herz-Kreislauf-St\u00f6rungen drohen.<\/p>\n<p>Doch was unterscheidet jemanden, der mit Begeisterung arbeitet von einem Workaholic? Norwegische Forscher von der <a href=\"http:\/\/www.uib.no\/en\/news\/80026\/workaholism-addiction-century\" target=\"_blank\" data-cke-saved-href=\"http:\/\/www.uib.no\/en\/news\/80026\/workaholism-addiction-century\" rel=\"noopener\">Universit\u00e4t Bergen<\/a> haben spezifische Symptome definiert und eine Skala erschaffen, in der Betroffene ihren Grad an Arbeitssucht absch\u00e4tzen k\u00f6nnen. Sieben Kriterien sind dabei ausschlaggebend:<\/p>\n<ol>\n<li>Denken Sie\u00a0st\u00e4ndig dar\u00fcber nach, wie Sie mehr Zeit f\u00fcr Arbeit schaffen k\u00f6nnen?<\/li>\n<li>Verbringen Sie\u00a0mehr Zeit mit Arbeit als geplant?<\/li>\n<li>Arbeiten Sie, um negative Gef\u00fchle wie Angst, Schuld oder Depression zu verdr\u00e4ngen?<\/li>\n<li>Werden Sie von\u00a0Kollegen, Freunden oder Familie\u00a0dazu aufgefordert, weniger zu arbeiten &#8211; aber h\u00f6ren Sie nicht darauf?<\/li>\n<li>F\u00fchlen Sie sich gestresst, wenn Sie vom\u00a0Arbeiten abgehalten werden?<\/li>\n<li>Priorisieren Sie\u00a0Arbeit \u00fcber Hobbies, Freizeitaktivit\u00e4ten, sozialen Kontakten\u00a0und k\u00f6rperliche Bet\u00e4tigung?<\/li>\n<li>Arbeiten Sie so viel, dass es sich negativ auf Ihre Gesundheit auswirkt?<\/li>\n<\/ol>\n<p>Wer vier oder mehr\u00a0Kriterien mit &#8222;h\u00e4ufig&#8220; oder &#8222;immer&#8220; beantwortet, ist in Gefahr, von Arbeitssucht betroffen zu sein. H\u00f6chste Zeit, die Notbremse zu ziehen!<\/p>\n<p>In einer Therapie k\u00f6nnen Betroffene lernen, sich von der Arbeit zu l\u00f6sen und ihre Work-Life-Balance wiederzufinden.<\/p>\n","protected":false},"excerpt":{"rendered":"<p>Hochmotivierte Mitarbeiter erfreuen jeden Arbeitgeber &#8211; doch exzessives Arbeiten kann krank machen. Wer sich ausschliesslich mit seiner Arbeit befasst, kann psychische und physische Sch\u00e4den davontragen. Dank\u00a0Handy, Tablet und Laptop dringt die Arbeit zunehmend auch in den privaten Bereich ein &#8211; wer sich nicht bewusst sch\u00fctzt, ist etwa versucht, auch in der Freizeit, am Wochenende und [&hellip;]<\/p>\n","protected":false},"author":1,"featured_media":16113,"comment_status":"open","ping_status":"open","sticky":false,"template":"","format":"standard","meta":{"_acf_changed":false,"pgc_sgb_lightbox_settings":"","footnotes":""},"categories":[1,3314],"tags":[1678,2729],"class_list":["post-1442","post","type-post","status-publish","format-standard","has-post-thumbnail","hentry","category-allgemein","category-health-safety","tag-arbeitszeit","tag-psychische-gesundheit"],"acf":[],"hkrextid":null,"publication":null,"issue":null,"workflow":null,"startPage":null,"spitzmarke":null,"_posts_by_tag_page_fields":{"widget_title":"","widget_tags":""},"_at_widget":"1","_yoast_wpseo_primary_category":"3303","_yoast_wpseo_focuskw_text_input":"Arbeitss\u00fcchtig","_yoast_wpseo_opengraph-image":null,"_yoast_wpseo_opengraph-description":null,"_yoast_wpseo_opengraph-title":null,"enclosure":null,"_yoast_wpseo_twitter-title":null,"_yoast_wpseo_twitter-description":null,"_yoast_wpseo_twitter-image":null,"_wp_old_slug":null,"_yoast_wpseo_title":null,"_yoast_wpseo_canonical":null,"yoast_head":"<!-- This site is optimized with the Yoast SEO plugin v27.5 - https:\/\/yoast.com\/product\/yoast-seo-wordpress\/ -->\n<title>Sind Sie Arbeitss\u00fcchtig? - Save<\/title>\n<meta name=\"description\" content=\"Arbeitss\u00fcchtig: Wo h\u00f6rt die Freude am Job auf und wo f\u00e4ngt die Arbeitssucht an? Eine \u00dcbersicht zum heutigen internationalen Tag der Workaholics.\" \/>\n<meta name=\"robots\" content=\"index, follow, max-snippet:-1, max-image-preview:large, max-video-preview:-1\" \/>\n<link rel=\"canonical\" href=\"https:\/\/news.save.ch\/de\/sind-sie-arbeitssuechtig\/\" \/>\n<meta property=\"og:locale\" content=\"de_DE\" \/>\n<meta property=\"og:type\" content=\"article\" \/>\n<meta property=\"og:title\" content=\"Sind Sie Arbeitss\u00fcchtig? - Save\" \/>\n<meta property=\"og:description\" content=\"Arbeitss\u00fcchtig: Wo h\u00f6rt die Freude am Job auf und wo f\u00e4ngt die Arbeitssucht an? Eine \u00dcbersicht zum heutigen internationalen Tag der Workaholics.\" \/>\n<meta property=\"og:url\" content=\"https:\/\/news.save.ch\/de\/sind-sie-arbeitssuechtig\/\" \/>\n<meta property=\"og:site_name\" content=\"Save\" \/>\n<meta property=\"article:published_time\" content=\"2016-07-05T13:47:29+00:00\" \/>\n<meta property=\"article:modified_time\" content=\"2023-03-14T08:05:36+00:00\" \/>\n<meta property=\"og:image\" content=\"https:\/\/news.save.ch\/wp-content\/uploads\/2016\/12\/Sind-Sie-Arbeitssuechtig_safety-plus.jpg\" \/>\n\t<meta property=\"og:image:width\" content=\"1000\" \/>\n\t<meta property=\"og:image:height\" content=\"667\" \/>\n\t<meta property=\"og:image:type\" content=\"image\/jpeg\" \/>\n<meta name=\"author\" content=\"admin\" \/>\n<meta name=\"twitter:card\" content=\"summary_large_image\" \/>\n<meta name=\"twitter:label1\" content=\"Geschrieben von\" \/>\n\t<meta name=\"twitter:data1\" content=\"admin\" \/>\n\t<meta name=\"twitter:label2\" content=\"Gesch\u00e4tzte Lesezeit\" \/>\n\t<meta name=\"twitter:data2\" content=\"1\u00a0Minute\" \/>\n<script type=\"application\/ld+json\" class=\"yoast-schema-graph\">{\"@context\":\"https:\\\/\\\/schema.org\",\"@graph\":[{\"@type\":\"Article\",\"@id\":\"https:\\\/\\\/news.save.ch\\\/sind-sie-arbeitssuechtig\\\/#article\",\"isPartOf\":{\"@id\":\"https:\\\/\\\/news.save.ch\\\/sind-sie-arbeitssuechtig\\\/\"},\"author\":{\"name\":\"admin\",\"@id\":\"https:\\\/\\\/news.save.ch\\\/de\\\/#\\\/schema\\\/person\\\/d49e199490bad7c70d64b9ab51142f2b\"},\"headline\":\"Sind Sie Arbeitss\u00fcchtig?\",\"datePublished\":\"2016-07-05T13:47:29+00:00\",\"dateModified\":\"2023-03-14T08:05:36+00:00\",\"mainEntityOfPage\":{\"@id\":\"https:\\\/\\\/news.save.ch\\\/sind-sie-arbeitssuechtig\\\/\"},\"wordCount\":282,\"commentCount\":0,\"publisher\":{\"@id\":\"https:\\\/\\\/news.save.ch\\\/de\\\/#organization\"},\"image\":{\"@id\":\"https:\\\/\\\/news.save.ch\\\/sind-sie-arbeitssuechtig\\\/#primaryimage\"},\"thumbnailUrl\":\"https:\\\/\\\/news.save.ch\\\/wp-content\\\/uploads\\\/2016\\\/12\\\/Sind-Sie-Arbeitssuechtig_safety-plus.jpg\",\"keywords\":[\"Arbeitszeit\",\"Psychische Gesundheit\"],\"articleSection\":[\"ALLGEMEIN\",\"HEALTH &amp; SAFETY\"],\"inLanguage\":\"de\"},{\"@type\":\"WebPage\",\"@id\":\"https:\\\/\\\/news.save.ch\\\/sind-sie-arbeitssuechtig\\\/\",\"url\":\"https:\\\/\\\/news.save.ch\\\/sind-sie-arbeitssuechtig\\\/\",\"name\":\"Sind Sie Arbeitss\u00fcchtig? - Save\",\"isPartOf\":{\"@id\":\"https:\\\/\\\/news.save.ch\\\/de\\\/#website\"},\"primaryImageOfPage\":{\"@id\":\"https:\\\/\\\/news.save.ch\\\/sind-sie-arbeitssuechtig\\\/#primaryimage\"},\"image\":{\"@id\":\"https:\\\/\\\/news.save.ch\\\/sind-sie-arbeitssuechtig\\\/#primaryimage\"},\"thumbnailUrl\":\"https:\\\/\\\/news.save.ch\\\/wp-content\\\/uploads\\\/2016\\\/12\\\/Sind-Sie-Arbeitssuechtig_safety-plus.jpg\",\"datePublished\":\"2016-07-05T13:47:29+00:00\",\"dateModified\":\"2023-03-14T08:05:36+00:00\",\"description\":\"Arbeitss\u00fcchtig: Wo h\u00f6rt die Freude am Job auf und wo f\u00e4ngt die Arbeitssucht an? Eine \u00dcbersicht zum heutigen internationalen Tag der Workaholics.\",\"breadcrumb\":{\"@id\":\"https:\\\/\\\/news.save.ch\\\/sind-sie-arbeitssuechtig\\\/#breadcrumb\"},\"inLanguage\":\"de\",\"potentialAction\":[{\"@type\":\"ReadAction\",\"target\":[\"https:\\\/\\\/news.save.ch\\\/sind-sie-arbeitssuechtig\\\/\"]}]},{\"@type\":\"ImageObject\",\"inLanguage\":\"de\",\"@id\":\"https:\\\/\\\/news.save.ch\\\/sind-sie-arbeitssuechtig\\\/#primaryimage\",\"url\":\"https:\\\/\\\/news.save.ch\\\/wp-content\\\/uploads\\\/2016\\\/12\\\/Sind-Sie-Arbeitssuechtig_safety-plus.jpg\",\"contentUrl\":\"https:\\\/\\\/news.save.ch\\\/wp-content\\\/uploads\\\/2016\\\/12\\\/Sind-Sie-Arbeitssuechtig_safety-plus.jpg\",\"width\":1000,\"height\":667,\"caption\":\"Arbeitss\u00fcchtige k\u00f6nnen oft selbst in den Ferien nicht mehr abschalten.\"},{\"@type\":\"BreadcrumbList\",\"@id\":\"https:\\\/\\\/news.save.ch\\\/sind-sie-arbeitssuechtig\\\/#breadcrumb\",\"itemListElement\":[{\"@type\":\"ListItem\",\"position\":1,\"name\":\"Home\",\"item\":\"https:\\\/\\\/news.save.ch\\\/de\\\/\"},{\"@type\":\"ListItem\",\"position\":2,\"name\":\"Sind Sie Arbeitss\u00fcchtig?\"}]},{\"@type\":\"WebSite\",\"@id\":\"https:\\\/\\\/news.save.ch\\\/de\\\/#website\",\"url\":\"https:\\\/\\\/news.save.ch\\\/de\\\/\",\"name\":\"Save\",\"description\":\"Schweizer Fachzeitschrift f\u00fcr Sicherheit\",\"publisher\":{\"@id\":\"https:\\\/\\\/news.save.ch\\\/de\\\/#organization\"},\"potentialAction\":[{\"@type\":\"SearchAction\",\"target\":{\"@type\":\"EntryPoint\",\"urlTemplate\":\"https:\\\/\\\/news.save.ch\\\/de\\\/?s={search_term_string}\"},\"query-input\":{\"@type\":\"PropertyValueSpecification\",\"valueRequired\":true,\"valueName\":\"search_term_string\"}}],\"inLanguage\":\"de\"},{\"@type\":\"Organization\",\"@id\":\"https:\\\/\\\/news.save.ch\\\/de\\\/#organization\",\"name\":\"Sicherheitsforum\",\"url\":\"https:\\\/\\\/news.save.ch\\\/de\\\/\",\"logo\":{\"@type\":\"ImageObject\",\"inLanguage\":\"de\",\"@id\":\"https:\\\/\\\/news.save.ch\\\/de\\\/#\\\/schema\\\/logo\\\/image\\\/\",\"url\":\"https:\\\/\\\/news.save.ch\\\/wp-content\\\/uploads\\\/2022\\\/06\\\/Logo_SF_2012.png\",\"contentUrl\":\"https:\\\/\\\/news.save.ch\\\/wp-content\\\/uploads\\\/2022\\\/06\\\/Logo_SF_2012.png\",\"width\":1100,\"height\":91,\"caption\":\"Sicherheitsforum\"},\"image\":{\"@id\":\"https:\\\/\\\/news.save.ch\\\/de\\\/#\\\/schema\\\/logo\\\/image\\\/\"}},{\"@type\":\"Person\",\"@id\":\"https:\\\/\\\/news.save.ch\\\/de\\\/#\\\/schema\\\/person\\\/d49e199490bad7c70d64b9ab51142f2b\",\"name\":\"admin\",\"image\":{\"@type\":\"ImageObject\",\"inLanguage\":\"de\",\"@id\":\"https:\\\/\\\/secure.gravatar.com\\\/avatar\\\/ae2f4d718e6c49043e314ce431e7e645d646302a24a5ef5a8bc8e3f5a032e319?s=96&d=mm&r=g\",\"url\":\"https:\\\/\\\/secure.gravatar.com\\\/avatar\\\/ae2f4d718e6c49043e314ce431e7e645d646302a24a5ef5a8bc8e3f5a032e319?s=96&d=mm&r=g\",\"contentUrl\":\"https:\\\/\\\/secure.gravatar.com\\\/avatar\\\/ae2f4d718e6c49043e314ce431e7e645d646302a24a5ef5a8bc8e3f5a032e319?s=96&d=mm&r=g\",\"caption\":\"admin\"},\"sameAs\":[\"https:\\\/\\\/develop.organisator.galledia.ch\"],\"url\":\"https:\\\/\\\/news.save.ch\\\/de\\\/author\\\/admin\\\/\"}]}<\/script>\n<!-- \/ Yoast SEO plugin. -->","yoast_head_json":{"title":"Sind Sie Arbeitss\u00fcchtig? - Save","description":"Arbeitss\u00fcchtig: Wo h\u00f6rt die Freude am Job auf und wo f\u00e4ngt die Arbeitssucht an? Eine \u00dcbersicht zum heutigen internationalen Tag der Workaholics.","robots":{"index":"index","follow":"follow","max-snippet":"max-snippet:-1","max-image-preview":"max-image-preview:large","max-video-preview":"max-video-preview:-1"},"canonical":"https:\/\/news.save.ch\/de\/sind-sie-arbeitssuechtig\/","og_locale":"de_DE","og_type":"article","og_title":"Sind Sie Arbeitss\u00fcchtig? - Save","og_description":"Arbeitss\u00fcchtig: Wo h\u00f6rt die Freude am Job auf und wo f\u00e4ngt die Arbeitssucht an? Eine \u00dcbersicht zum heutigen internationalen Tag der Workaholics.","og_url":"https:\/\/news.save.ch\/de\/sind-sie-arbeitssuechtig\/","og_site_name":"Save","article_published_time":"2016-07-05T13:47:29+00:00","article_modified_time":"2023-03-14T08:05:36+00:00","og_image":[{"width":1000,"height":667,"url":"https:\/\/news.save.ch\/wp-content\/uploads\/2016\/12\/Sind-Sie-Arbeitssuechtig_safety-plus.jpg","type":"image\/jpeg"}],"author":"admin","twitter_card":"summary_large_image","twitter_misc":{"Geschrieben von":"admin","Gesch\u00e4tzte Lesezeit":"1\u00a0Minute"},"schema":{"@context":"https:\/\/schema.org","@graph":[{"@type":"Article","@id":"https:\/\/news.save.ch\/sind-sie-arbeitssuechtig\/#article","isPartOf":{"@id":"https:\/\/news.save.ch\/sind-sie-arbeitssuechtig\/"},"author":{"name":"admin","@id":"https:\/\/news.save.ch\/de\/#\/schema\/person\/d49e199490bad7c70d64b9ab51142f2b"},"headline":"Sind Sie Arbeitss\u00fcchtig?","datePublished":"2016-07-05T13:47:29+00:00","dateModified":"2023-03-14T08:05:36+00:00","mainEntityOfPage":{"@id":"https:\/\/news.save.ch\/sind-sie-arbeitssuechtig\/"},"wordCount":282,"commentCount":0,"publisher":{"@id":"https:\/\/news.save.ch\/de\/#organization"},"image":{"@id":"https:\/\/news.save.ch\/sind-sie-arbeitssuechtig\/#primaryimage"},"thumbnailUrl":"https:\/\/news.save.ch\/wp-content\/uploads\/2016\/12\/Sind-Sie-Arbeitssuechtig_safety-plus.jpg","keywords":["Arbeitszeit","Psychische Gesundheit"],"articleSection":["ALLGEMEIN","HEALTH &amp; SAFETY"],"inLanguage":"de"},{"@type":"WebPage","@id":"https:\/\/news.save.ch\/sind-sie-arbeitssuechtig\/","url":"https:\/\/news.save.ch\/sind-sie-arbeitssuechtig\/","name":"Sind Sie Arbeitss\u00fcchtig? - Save","isPartOf":{"@id":"https:\/\/news.save.ch\/de\/#website"},"primaryImageOfPage":{"@id":"https:\/\/news.save.ch\/sind-sie-arbeitssuechtig\/#primaryimage"},"image":{"@id":"https:\/\/news.save.ch\/sind-sie-arbeitssuechtig\/#primaryimage"},"thumbnailUrl":"https:\/\/news.save.ch\/wp-content\/uploads\/2016\/12\/Sind-Sie-Arbeitssuechtig_safety-plus.jpg","datePublished":"2016-07-05T13:47:29+00:00","dateModified":"2023-03-14T08:05:36+00:00","description":"Arbeitss\u00fcchtig: Wo h\u00f6rt die Freude am Job auf und wo f\u00e4ngt die Arbeitssucht an? Eine \u00dcbersicht zum heutigen internationalen Tag der Workaholics.","breadcrumb":{"@id":"https:\/\/news.save.ch\/sind-sie-arbeitssuechtig\/#breadcrumb"},"inLanguage":"de","potentialAction":[{"@type":"ReadAction","target":["https:\/\/news.save.ch\/sind-sie-arbeitssuechtig\/"]}]},{"@type":"ImageObject","inLanguage":"de","@id":"https:\/\/news.save.ch\/sind-sie-arbeitssuechtig\/#primaryimage","url":"https:\/\/news.save.ch\/wp-content\/uploads\/2016\/12\/Sind-Sie-Arbeitssuechtig_safety-plus.jpg","contentUrl":"https:\/\/news.save.ch\/wp-content\/uploads\/2016\/12\/Sind-Sie-Arbeitssuechtig_safety-plus.jpg","width":1000,"height":667,"caption":"Arbeitss\u00fcchtige k\u00f6nnen oft selbst in den Ferien nicht mehr abschalten."},{"@type":"BreadcrumbList","@id":"https:\/\/news.save.ch\/sind-sie-arbeitssuechtig\/#breadcrumb","itemListElement":[{"@type":"ListItem","position":1,"name":"Home","item":"https:\/\/news.save.ch\/de\/"},{"@type":"ListItem","position":2,"name":"Sind Sie Arbeitss\u00fcchtig?"}]},{"@type":"WebSite","@id":"https:\/\/news.save.ch\/de\/#website","url":"https:\/\/news.save.ch\/de\/","name":"Save","description":"Schweizer Fachzeitschrift f\u00fcr Sicherheit","publisher":{"@id":"https:\/\/news.save.ch\/de\/#organization"},"potentialAction":[{"@type":"SearchAction","target":{"@type":"EntryPoint","urlTemplate":"https:\/\/news.save.ch\/de\/?s={search_term_string}"},"query-input":{"@type":"PropertyValueSpecification","valueRequired":true,"valueName":"search_term_string"}}],"inLanguage":"de"},{"@type":"Organization","@id":"https:\/\/news.save.ch\/de\/#organization","name":"Sicherheitsforum","url":"https:\/\/news.save.ch\/de\/","logo":{"@type":"ImageObject","inLanguage":"de","@id":"https:\/\/news.save.ch\/de\/#\/schema\/logo\/image\/","url":"https:\/\/news.save.ch\/wp-content\/uploads\/2022\/06\/Logo_SF_2012.png","contentUrl":"https:\/\/news.save.ch\/wp-content\/uploads\/2022\/06\/Logo_SF_2012.png","width":1100,"height":91,"caption":"Sicherheitsforum"},"image":{"@id":"https:\/\/news.save.ch\/de\/#\/schema\/logo\/image\/"}},{"@type":"Person","@id":"https:\/\/news.save.ch\/de\/#\/schema\/person\/d49e199490bad7c70d64b9ab51142f2b","name":"admin","image":{"@type":"ImageObject","inLanguage":"de","@id":"https:\/\/secure.gravatar.com\/avatar\/ae2f4d718e6c49043e314ce431e7e645d646302a24a5ef5a8bc8e3f5a032e319?s=96&d=mm&r=g","url":"https:\/\/secure.gravatar.com\/avatar\/ae2f4d718e6c49043e314ce431e7e645d646302a24a5ef5a8bc8e3f5a032e319?s=96&d=mm&r=g","contentUrl":"https:\/\/secure.gravatar.com\/avatar\/ae2f4d718e6c49043e314ce431e7e645d646302a24a5ef5a8bc8e3f5a032e319?s=96&d=mm&r=g","caption":"admin"},"sameAs":["https:\/\/develop.organisator.galledia.ch"],"url":"https:\/\/news.save.ch\/de\/author\/admin\/"}]}},"_links":{"self":[{"href":"https:\/\/news.save.ch\/de\/wp-json\/wp\/v2\/posts\/1442","targetHints":{"allow":["GET"]}}],"collection":[{"href":"https:\/\/news.save.ch\/de\/wp-json\/wp\/v2\/posts"}],"about":[{"href":"https:\/\/news.save.ch\/de\/wp-json\/wp\/v2\/types\/post"}],"author":[{"embeddable":true,"href":"https:\/\/news.save.ch\/de\/wp-json\/wp\/v2\/users\/1"}],"replies":[{"embeddable":true,"href":"https:\/\/news.save.ch\/de\/wp-json\/wp\/v2\/comments?post=1442"}],"version-history":[{"count":1,"href":"https:\/\/news.save.ch\/de\/wp-json\/wp\/v2\/posts\/1442\/revisions"}],"predecessor-version":[{"id":19022,"href":"https:\/\/news.save.ch\/de\/wp-json\/wp\/v2\/posts\/1442\/revisions\/19022"}],"wp:featuredmedia":[{"embeddable":true,"href":"https:\/\/news.save.ch\/de\/wp-json\/wp\/v2\/media\/16113"}],"wp:attachment":[{"href":"https:\/\/news.save.ch\/de\/wp-json\/wp\/v2\/media?parent=1442"}],"wp:term":[{"taxonomy":"category","embeddable":true,"href":"https:\/\/news.save.ch\/de\/wp-json\/wp\/v2\/categories?post=1442"},{"taxonomy":"post_tag","embeddable":true,"href":"https:\/\/news.save.ch\/de\/wp-json\/wp\/v2\/tags?post=1442"}],"curies":[{"name":"wp","href":"https:\/\/api.w.org\/{rel}","templated":true}]}}