{"id":14574,"date":"2022-07-14T09:03:51","date_gmt":"2022-07-14T07:03:51","guid":{"rendered":"https:\/\/news.save.ch\/?p=14574"},"modified":"2023-06-22T10:35:27","modified_gmt":"2023-06-22T08:35:27","slug":"uni-zuerich-und-zhaw-tuefteln-an-cyber-praxislaboren","status":null,"type":"post","link":"https:\/\/news.save.ch\/de\/uni-zuerich-und-zhaw-tuefteln-an-cyber-praxislaboren\/","title":{"rendered":"Uni Z\u00fcrich und ZHAW t\u00fcfteln an Cyber-Praxislaboren"},"content":{"rendered":"<figure id=\"attachment_14578\" aria-describedby=\"caption-attachment-14578\" style=\"width: 640px\" class=\"wp-caption alignleft\"><img loading=\"lazy\" decoding=\"async\" class=\"wp-image-14578 size-full\" src=\"https:\/\/news.save.ch\/wp-content\/uploads\/2022\/07\/network-g5c7358529_640.jpg\" alt=\"Uni Z\u00fcrich und ZHAW t\u00fcfteln an Cyber-Praxislaboren\" width=\"640\" height=\"426\" srcset=\"https:\/\/news.save.ch\/wp-content\/uploads\/2022\/07\/network-g5c7358529_640.jpg 640w, https:\/\/news.save.ch\/wp-content\/uploads\/2022\/07\/network-g5c7358529_640-375x250.jpg 375w\" sizes=\"auto, (max-width: 640px) 100vw, 640px\" \/><figcaption id=\"caption-attachment-14578\" class=\"wp-caption-text\">Bild: Pixabay<\/figcaption><\/figure>\n<p>Im Innovationspark D\u00fcbendorf soll k\u00fcnftig im Rahmen einer Digitalisierungsinitiative mit der ZHAW und Hochschulen des Kantons ein Ort entstehen, an dem Expertinnen und Experten aus Wissenschaft und Industrie interdisziplin\u00e4r die Zukunft autonomer Systeme, etwa selbst\u00e4ndig navigierende Drohnen, gestalten und die Gesellschaft \u00fcber die zivilen Anwendungen in diesem Bereich aufkl\u00e4ren. In einem ersten sogenannten Struktur-Call f\u00f6rdern der Kanton und die DIZH vier Strukturen mit 8 Millionen Franken. Der Betrag soll f\u00fcr die n\u00e4chsten f\u00fcnf Jahre auf mindestens 16 Millionen Franken verdoppelt werden, wie die Universit\u00e4t Z\u00fcrich in einer <a href=\"https:\/\/www.media.uzh.ch\/de\/medienmitteilungen\/2022\/DIZH.html\" target=\"_blank\" rel=\"noopener\">Mitteilung<\/a> schreibt.<\/p>\n<p>Eingebettet in die Innovationsstrukturen sind mehrere Programme, darunter das \u00abZurich Applied Digital Health Center\u00bb, welches digitale Gesundheitsl\u00f6sungen im Spitalkontext erforscht. Das Zentrum soll Expertinnen und Experten aus Klinik, Forschung, Entwicklung und Industrie n\u00e4her zusammenbringen. Weiter soll ein neues Cyber-Reslience-Netzwerk des Kantons Z\u00fcrich den zunehmenden Bedrohungen aus dem Internet entgegenwirken. Ziel sei es, die Reslienz des Wirtschaftsstandortes Z\u00fcrich und seiner Bev\u00f6lkerung gegen Cyber-Risiken zu erh\u00f6hen. Durch eine interdisziplin\u00e4re Forschung im Kontext von Digitalisierung, Gesundheit, Ethik und Design an einem eigenen \u00abDigital Health Design Living Lab\u00bb soll schliesslich das Vertrauen, Bewusstsein und Wissen der Bev\u00f6lkerung \u00fcber Gesundheitskompetenz sowie Digitalisierung gesteigert werden.<\/p>\n<p><em>Quelle: UZH<\/em><\/p>\n","protected":false},"excerpt":{"rendered":"<p>Im Innovationspark D\u00fcbendorf soll k\u00fcnftig im Rahmen einer Digitalisierungsinitiative mit der ZHAW und Hochschulen des Kantons ein Ort entstehen, an dem Expertinnen und Experten aus Wissenschaft und Industrie interdisziplin\u00e4r die Zukunft autonomer Systeme, etwa selbst\u00e4ndig navigierende Drohnen, gestalten und die Gesellschaft \u00fcber die zivilen Anwendungen in diesem Bereich aufkl\u00e4ren. In einem ersten sogenannten Struktur-Call f\u00f6rdern [&hellip;]<\/p>\n","protected":false},"author":9,"featured_media":14578,"comment_status":"closed","ping_status":"closed","sticky":false,"template":"","format":"standard","meta":{"_acf_changed":false,"pgc_sgb_lightbox_settings":"","footnotes":""},"categories":[1],"tags":[4358,4359,4356,4355,63,1460,1160,4357],"class_list":["post-14574","post","type-post","status-publish","format-standard","has-post-thumbnail","hentry","category-allgemein","tag-cyber-reslience-netzwerk","tag-digital-health-design-living-lab","tag-dizh","tag-innovationspark-duebendorf","tag-it-security","tag-universitaet-zuerich","tag-zhaw","tag-zurich-applied-digital-health-center"],"acf":[],"hkrextid":null,"publication":null,"issue":null,"workflow":null,"startPage":null,"spitzmarke":null,"_posts_by_tag_page_fields":{"widget_title":"","widget_tags":""},"_at_widget":"1","_yoast_wpseo_primary_category":"","_yoast_wpseo_focuskw_text_input":null,"_yoast_wpseo_opengraph-image":null,"_yoast_wpseo_opengraph-description":null,"_yoast_wpseo_opengraph-title":null,"enclosure":null,"_yoast_wpseo_twitter-title":null,"_yoast_wpseo_twitter-description":null,"_yoast_wpseo_twitter-image":null,"_wp_old_slug":null,"_yoast_wpseo_title":null,"_yoast_wpseo_canonical":null,"yoast_head":"<!-- This site is optimized with the Yoast SEO plugin v27.4 - https:\/\/yoast.com\/product\/yoast-seo-wordpress\/ -->\n<title>Uni Z\u00fcrich und ZHAW t\u00fcfteln an Cyber-Praxislaboren - Save<\/title>\n<meta name=\"description\" content=\"Im Rahmen der Digitalisierungsinitiative (DIZH) wollen die Z\u00fcrcher Hochschule f\u00fcr Angewandte Wissenschaften (ZHAW) und Hochschulen des Kantons Z\u00fcrich den Austausch mit der Praxis und der \u00d6ffentlichkeit zum Thema Autonome Systeme, klinische Innovation, Cybersicherheit und Digital Health vorantreiben.\" \/>\n<meta name=\"robots\" content=\"index, follow, max-snippet:-1, max-image-preview:large, max-video-preview:-1\" \/>\n<link rel=\"canonical\" href=\"https:\/\/news.save.ch\/de\/uni-zuerich-und-zhaw-tuefteln-an-cyber-praxislaboren\/\" \/>\n<meta property=\"og:locale\" content=\"de_DE\" \/>\n<meta property=\"og:type\" content=\"article\" \/>\n<meta property=\"og:title\" content=\"Uni Z\u00fcrich und ZHAW t\u00fcfteln an Cyber-Praxislaboren - Save\" \/>\n<meta property=\"og:description\" content=\"Im Rahmen der Digitalisierungsinitiative (DIZH) wollen die Z\u00fcrcher Hochschule f\u00fcr Angewandte Wissenschaften (ZHAW) und Hochschulen des Kantons Z\u00fcrich den Austausch mit der Praxis und der \u00d6ffentlichkeit zum Thema Autonome Systeme, klinische Innovation, Cybersicherheit und Digital Health vorantreiben.\" \/>\n<meta property=\"og:url\" content=\"https:\/\/news.save.ch\/de\/uni-zuerich-und-zhaw-tuefteln-an-cyber-praxislaboren\/\" \/>\n<meta property=\"og:site_name\" content=\"Save\" \/>\n<meta property=\"article:published_time\" content=\"2022-07-14T07:03:51+00:00\" \/>\n<meta property=\"article:modified_time\" content=\"2023-06-22T08:35:27+00:00\" \/>\n<meta property=\"og:image\" content=\"https:\/\/news.save.ch\/wp-content\/uploads\/2022\/07\/network-g5c7358529_640.jpg\" \/>\n\t<meta property=\"og:image:width\" content=\"640\" \/>\n\t<meta property=\"og:image:height\" content=\"426\" \/>\n\t<meta property=\"og:image:type\" content=\"image\/jpeg\" \/>\n<meta name=\"author\" content=\"Simon Gr\u00f6flin\" \/>\n<meta name=\"twitter:card\" content=\"summary_large_image\" \/>\n<meta name=\"twitter:label1\" content=\"Geschrieben von\" \/>\n\t<meta name=\"twitter:data1\" content=\"Simon Gr\u00f6flin\" \/>\n\t<meta name=\"twitter:label2\" content=\"Gesch\u00e4tzte Lesezeit\" \/>\n\t<meta name=\"twitter:data2\" content=\"2\u00a0Minuten\" \/>\n<script type=\"application\/ld+json\" class=\"yoast-schema-graph\">{\"@context\":\"https:\\\/\\\/schema.org\",\"@graph\":[{\"@type\":\"Article\",\"@id\":\"https:\\\/\\\/news.save.ch\\\/uni-zuerich-und-zhaw-tuefteln-an-cyber-praxislaboren\\\/#article\",\"isPartOf\":{\"@id\":\"https:\\\/\\\/news.save.ch\\\/uni-zuerich-und-zhaw-tuefteln-an-cyber-praxislaboren\\\/\"},\"author\":{\"name\":\"Simon Gr\u00f6flin\",\"@id\":\"https:\\\/\\\/news.save.ch\\\/de\\\/#\\\/schema\\\/person\\\/ad4ef21102fd6125312409ac57d5296d\"},\"headline\":\"Uni Z\u00fcrich und ZHAW t\u00fcfteln an Cyber-Praxislaboren\",\"datePublished\":\"2022-07-14T07:03:51+00:00\",\"dateModified\":\"2023-06-22T08:35:27+00:00\",\"mainEntityOfPage\":{\"@id\":\"https:\\\/\\\/news.save.ch\\\/uni-zuerich-und-zhaw-tuefteln-an-cyber-praxislaboren\\\/\"},\"wordCount\":225,\"publisher\":{\"@id\":\"https:\\\/\\\/news.save.ch\\\/de\\\/#organization\"},\"image\":{\"@id\":\"https:\\\/\\\/news.save.ch\\\/uni-zuerich-und-zhaw-tuefteln-an-cyber-praxislaboren\\\/#primaryimage\"},\"thumbnailUrl\":\"https:\\\/\\\/news.save.ch\\\/wp-content\\\/uploads\\\/2022\\\/07\\\/network-g5c7358529_640.jpg\",\"keywords\":[\"Cyber-Reslience-Netzwerk\",\"Digital Health Design Living Lab\",\"DIZH\",\"Innovationspark D\u00fcbendorf\",\"IT-SECURITY\",\"Universit\u00e4t Z\u00fcrich\",\"ZHAW\",\"Zurich Applied Digital Health Center\"],\"articleSection\":[\"ALLGEMEIN\"],\"inLanguage\":\"de\"},{\"@type\":\"WebPage\",\"@id\":\"https:\\\/\\\/news.save.ch\\\/uni-zuerich-und-zhaw-tuefteln-an-cyber-praxislaboren\\\/\",\"url\":\"https:\\\/\\\/news.save.ch\\\/uni-zuerich-und-zhaw-tuefteln-an-cyber-praxislaboren\\\/\",\"name\":\"Uni Z\u00fcrich und ZHAW t\u00fcfteln an Cyber-Praxislaboren - Save\",\"isPartOf\":{\"@id\":\"https:\\\/\\\/news.save.ch\\\/de\\\/#website\"},\"primaryImageOfPage\":{\"@id\":\"https:\\\/\\\/news.save.ch\\\/uni-zuerich-und-zhaw-tuefteln-an-cyber-praxislaboren\\\/#primaryimage\"},\"image\":{\"@id\":\"https:\\\/\\\/news.save.ch\\\/uni-zuerich-und-zhaw-tuefteln-an-cyber-praxislaboren\\\/#primaryimage\"},\"thumbnailUrl\":\"https:\\\/\\\/news.save.ch\\\/wp-content\\\/uploads\\\/2022\\\/07\\\/network-g5c7358529_640.jpg\",\"datePublished\":\"2022-07-14T07:03:51+00:00\",\"dateModified\":\"2023-06-22T08:35:27+00:00\",\"description\":\"Im Rahmen der Digitalisierungsinitiative (DIZH) wollen die Z\u00fcrcher Hochschule f\u00fcr Angewandte Wissenschaften (ZHAW) und Hochschulen des Kantons Z\u00fcrich den Austausch mit der Praxis und der \u00d6ffentlichkeit zum Thema Autonome Systeme, klinische Innovation, Cybersicherheit und Digital Health vorantreiben.\",\"breadcrumb\":{\"@id\":\"https:\\\/\\\/news.save.ch\\\/uni-zuerich-und-zhaw-tuefteln-an-cyber-praxislaboren\\\/#breadcrumb\"},\"inLanguage\":\"de\",\"potentialAction\":[{\"@type\":\"ReadAction\",\"target\":[\"https:\\\/\\\/news.save.ch\\\/uni-zuerich-und-zhaw-tuefteln-an-cyber-praxislaboren\\\/\"]}]},{\"@type\":\"ImageObject\",\"inLanguage\":\"de\",\"@id\":\"https:\\\/\\\/news.save.ch\\\/uni-zuerich-und-zhaw-tuefteln-an-cyber-praxislaboren\\\/#primaryimage\",\"url\":\"https:\\\/\\\/news.save.ch\\\/wp-content\\\/uploads\\\/2022\\\/07\\\/network-g5c7358529_640.jpg\",\"contentUrl\":\"https:\\\/\\\/news.save.ch\\\/wp-content\\\/uploads\\\/2022\\\/07\\\/network-g5c7358529_640.jpg\",\"width\":640,\"height\":426},{\"@type\":\"BreadcrumbList\",\"@id\":\"https:\\\/\\\/news.save.ch\\\/uni-zuerich-und-zhaw-tuefteln-an-cyber-praxislaboren\\\/#breadcrumb\",\"itemListElement\":[{\"@type\":\"ListItem\",\"position\":1,\"name\":\"Home\",\"item\":\"https:\\\/\\\/news.save.ch\\\/de\\\/\"},{\"@type\":\"ListItem\",\"position\":2,\"name\":\"Uni Z\u00fcrich und ZHAW t\u00fcfteln an Cyber-Praxislaboren\"}]},{\"@type\":\"WebSite\",\"@id\":\"https:\\\/\\\/news.save.ch\\\/de\\\/#website\",\"url\":\"https:\\\/\\\/news.save.ch\\\/de\\\/\",\"name\":\"Save\",\"description\":\"Schweizer Fachzeitschrift f\u00fcr Sicherheit\",\"publisher\":{\"@id\":\"https:\\\/\\\/news.save.ch\\\/de\\\/#organization\"},\"potentialAction\":[{\"@type\":\"SearchAction\",\"target\":{\"@type\":\"EntryPoint\",\"urlTemplate\":\"https:\\\/\\\/news.save.ch\\\/de\\\/?s={search_term_string}\"},\"query-input\":{\"@type\":\"PropertyValueSpecification\",\"valueRequired\":true,\"valueName\":\"search_term_string\"}}],\"inLanguage\":\"de\"},{\"@type\":\"Organization\",\"@id\":\"https:\\\/\\\/news.save.ch\\\/de\\\/#organization\",\"name\":\"Sicherheitsforum\",\"url\":\"https:\\\/\\\/news.save.ch\\\/de\\\/\",\"logo\":{\"@type\":\"ImageObject\",\"inLanguage\":\"de\",\"@id\":\"https:\\\/\\\/news.save.ch\\\/de\\\/#\\\/schema\\\/logo\\\/image\\\/\",\"url\":\"https:\\\/\\\/news.save.ch\\\/wp-content\\\/uploads\\\/2022\\\/06\\\/Logo_SF_2012.png\",\"contentUrl\":\"https:\\\/\\\/news.save.ch\\\/wp-content\\\/uploads\\\/2022\\\/06\\\/Logo_SF_2012.png\",\"width\":1100,\"height\":91,\"caption\":\"Sicherheitsforum\"},\"image\":{\"@id\":\"https:\\\/\\\/news.save.ch\\\/de\\\/#\\\/schema\\\/logo\\\/image\\\/\"}},{\"@type\":\"Person\",\"@id\":\"https:\\\/\\\/news.save.ch\\\/de\\\/#\\\/schema\\\/person\\\/ad4ef21102fd6125312409ac57d5296d\",\"name\":\"Simon Gr\u00f6flin\",\"image\":{\"@type\":\"ImageObject\",\"inLanguage\":\"de\",\"@id\":\"https:\\\/\\\/secure.gravatar.com\\\/avatar\\\/6ddceb80eb734354635539e0ea5140bb7c41e42de7c45c9a2ab9921b5d5c9a83?s=96&d=mm&r=g\",\"url\":\"https:\\\/\\\/secure.gravatar.com\\\/avatar\\\/6ddceb80eb734354635539e0ea5140bb7c41e42de7c45c9a2ab9921b5d5c9a83?s=96&d=mm&r=g\",\"contentUrl\":\"https:\\\/\\\/secure.gravatar.com\\\/avatar\\\/6ddceb80eb734354635539e0ea5140bb7c41e42de7c45c9a2ab9921b5d5c9a83?s=96&d=mm&r=g\",\"caption\":\"Simon Gr\u00f6flin\"},\"url\":\"https:\\\/\\\/news.save.ch\\\/de\\\/author\\\/simon-groeflin\\\/\"}]}<\/script>\n<!-- \/ Yoast SEO plugin. -->","yoast_head_json":{"title":"Uni Z\u00fcrich und ZHAW t\u00fcfteln an Cyber-Praxislaboren - Save","description":"Im Rahmen der Digitalisierungsinitiative (DIZH) wollen die Z\u00fcrcher Hochschule f\u00fcr Angewandte Wissenschaften (ZHAW) und Hochschulen des Kantons Z\u00fcrich den Austausch mit der Praxis und der \u00d6ffentlichkeit zum Thema Autonome Systeme, klinische Innovation, Cybersicherheit und Digital Health vorantreiben.","robots":{"index":"index","follow":"follow","max-snippet":"max-snippet:-1","max-image-preview":"max-image-preview:large","max-video-preview":"max-video-preview:-1"},"canonical":"https:\/\/news.save.ch\/de\/uni-zuerich-und-zhaw-tuefteln-an-cyber-praxislaboren\/","og_locale":"de_DE","og_type":"article","og_title":"Uni Z\u00fcrich und ZHAW t\u00fcfteln an Cyber-Praxislaboren - Save","og_description":"Im Rahmen der Digitalisierungsinitiative (DIZH) wollen die Z\u00fcrcher Hochschule f\u00fcr Angewandte Wissenschaften (ZHAW) und Hochschulen des Kantons Z\u00fcrich den Austausch mit der Praxis und der \u00d6ffentlichkeit zum Thema Autonome Systeme, klinische Innovation, Cybersicherheit und Digital Health vorantreiben.","og_url":"https:\/\/news.save.ch\/de\/uni-zuerich-und-zhaw-tuefteln-an-cyber-praxislaboren\/","og_site_name":"Save","article_published_time":"2022-07-14T07:03:51+00:00","article_modified_time":"2023-06-22T08:35:27+00:00","og_image":[{"width":640,"height":426,"url":"https:\/\/news.save.ch\/wp-content\/uploads\/2022\/07\/network-g5c7358529_640.jpg","type":"image\/jpeg"}],"author":"Simon Gr\u00f6flin","twitter_card":"summary_large_image","twitter_misc":{"Geschrieben von":"Simon Gr\u00f6flin","Gesch\u00e4tzte Lesezeit":"2\u00a0Minuten"},"schema":{"@context":"https:\/\/schema.org","@graph":[{"@type":"Article","@id":"https:\/\/news.save.ch\/uni-zuerich-und-zhaw-tuefteln-an-cyber-praxislaboren\/#article","isPartOf":{"@id":"https:\/\/news.save.ch\/uni-zuerich-und-zhaw-tuefteln-an-cyber-praxislaboren\/"},"author":{"name":"Simon Gr\u00f6flin","@id":"https:\/\/news.save.ch\/de\/#\/schema\/person\/ad4ef21102fd6125312409ac57d5296d"},"headline":"Uni Z\u00fcrich und ZHAW t\u00fcfteln an Cyber-Praxislaboren","datePublished":"2022-07-14T07:03:51+00:00","dateModified":"2023-06-22T08:35:27+00:00","mainEntityOfPage":{"@id":"https:\/\/news.save.ch\/uni-zuerich-und-zhaw-tuefteln-an-cyber-praxislaboren\/"},"wordCount":225,"publisher":{"@id":"https:\/\/news.save.ch\/de\/#organization"},"image":{"@id":"https:\/\/news.save.ch\/uni-zuerich-und-zhaw-tuefteln-an-cyber-praxislaboren\/#primaryimage"},"thumbnailUrl":"https:\/\/news.save.ch\/wp-content\/uploads\/2022\/07\/network-g5c7358529_640.jpg","keywords":["Cyber-Reslience-Netzwerk","Digital Health Design Living Lab","DIZH","Innovationspark D\u00fcbendorf","IT-SECURITY","Universit\u00e4t Z\u00fcrich","ZHAW","Zurich Applied Digital Health Center"],"articleSection":["ALLGEMEIN"],"inLanguage":"de"},{"@type":"WebPage","@id":"https:\/\/news.save.ch\/uni-zuerich-und-zhaw-tuefteln-an-cyber-praxislaboren\/","url":"https:\/\/news.save.ch\/uni-zuerich-und-zhaw-tuefteln-an-cyber-praxislaboren\/","name":"Uni Z\u00fcrich und ZHAW t\u00fcfteln an Cyber-Praxislaboren - Save","isPartOf":{"@id":"https:\/\/news.save.ch\/de\/#website"},"primaryImageOfPage":{"@id":"https:\/\/news.save.ch\/uni-zuerich-und-zhaw-tuefteln-an-cyber-praxislaboren\/#primaryimage"},"image":{"@id":"https:\/\/news.save.ch\/uni-zuerich-und-zhaw-tuefteln-an-cyber-praxislaboren\/#primaryimage"},"thumbnailUrl":"https:\/\/news.save.ch\/wp-content\/uploads\/2022\/07\/network-g5c7358529_640.jpg","datePublished":"2022-07-14T07:03:51+00:00","dateModified":"2023-06-22T08:35:27+00:00","description":"Im Rahmen der Digitalisierungsinitiative (DIZH) wollen die Z\u00fcrcher Hochschule f\u00fcr Angewandte Wissenschaften (ZHAW) und Hochschulen des Kantons Z\u00fcrich den Austausch mit der Praxis und der \u00d6ffentlichkeit zum Thema Autonome Systeme, klinische Innovation, Cybersicherheit und Digital Health vorantreiben.","breadcrumb":{"@id":"https:\/\/news.save.ch\/uni-zuerich-und-zhaw-tuefteln-an-cyber-praxislaboren\/#breadcrumb"},"inLanguage":"de","potentialAction":[{"@type":"ReadAction","target":["https:\/\/news.save.ch\/uni-zuerich-und-zhaw-tuefteln-an-cyber-praxislaboren\/"]}]},{"@type":"ImageObject","inLanguage":"de","@id":"https:\/\/news.save.ch\/uni-zuerich-und-zhaw-tuefteln-an-cyber-praxislaboren\/#primaryimage","url":"https:\/\/news.save.ch\/wp-content\/uploads\/2022\/07\/network-g5c7358529_640.jpg","contentUrl":"https:\/\/news.save.ch\/wp-content\/uploads\/2022\/07\/network-g5c7358529_640.jpg","width":640,"height":426},{"@type":"BreadcrumbList","@id":"https:\/\/news.save.ch\/uni-zuerich-und-zhaw-tuefteln-an-cyber-praxislaboren\/#breadcrumb","itemListElement":[{"@type":"ListItem","position":1,"name":"Home","item":"https:\/\/news.save.ch\/de\/"},{"@type":"ListItem","position":2,"name":"Uni Z\u00fcrich und ZHAW t\u00fcfteln an Cyber-Praxislaboren"}]},{"@type":"WebSite","@id":"https:\/\/news.save.ch\/de\/#website","url":"https:\/\/news.save.ch\/de\/","name":"Save","description":"Schweizer Fachzeitschrift f\u00fcr Sicherheit","publisher":{"@id":"https:\/\/news.save.ch\/de\/#organization"},"potentialAction":[{"@type":"SearchAction","target":{"@type":"EntryPoint","urlTemplate":"https:\/\/news.save.ch\/de\/?s={search_term_string}"},"query-input":{"@type":"PropertyValueSpecification","valueRequired":true,"valueName":"search_term_string"}}],"inLanguage":"de"},{"@type":"Organization","@id":"https:\/\/news.save.ch\/de\/#organization","name":"Sicherheitsforum","url":"https:\/\/news.save.ch\/de\/","logo":{"@type":"ImageObject","inLanguage":"de","@id":"https:\/\/news.save.ch\/de\/#\/schema\/logo\/image\/","url":"https:\/\/news.save.ch\/wp-content\/uploads\/2022\/06\/Logo_SF_2012.png","contentUrl":"https:\/\/news.save.ch\/wp-content\/uploads\/2022\/06\/Logo_SF_2012.png","width":1100,"height":91,"caption":"Sicherheitsforum"},"image":{"@id":"https:\/\/news.save.ch\/de\/#\/schema\/logo\/image\/"}},{"@type":"Person","@id":"https:\/\/news.save.ch\/de\/#\/schema\/person\/ad4ef21102fd6125312409ac57d5296d","name":"Simon Gr\u00f6flin","image":{"@type":"ImageObject","inLanguage":"de","@id":"https:\/\/secure.gravatar.com\/avatar\/6ddceb80eb734354635539e0ea5140bb7c41e42de7c45c9a2ab9921b5d5c9a83?s=96&d=mm&r=g","url":"https:\/\/secure.gravatar.com\/avatar\/6ddceb80eb734354635539e0ea5140bb7c41e42de7c45c9a2ab9921b5d5c9a83?s=96&d=mm&r=g","contentUrl":"https:\/\/secure.gravatar.com\/avatar\/6ddceb80eb734354635539e0ea5140bb7c41e42de7c45c9a2ab9921b5d5c9a83?s=96&d=mm&r=g","caption":"Simon Gr\u00f6flin"},"url":"https:\/\/news.save.ch\/de\/author\/simon-groeflin\/"}]}},"_links":{"self":[{"href":"https:\/\/news.save.ch\/de\/wp-json\/wp\/v2\/posts\/14574","targetHints":{"allow":["GET"]}}],"collection":[{"href":"https:\/\/news.save.ch\/de\/wp-json\/wp\/v2\/posts"}],"about":[{"href":"https:\/\/news.save.ch\/de\/wp-json\/wp\/v2\/types\/post"}],"author":[{"embeddable":true,"href":"https:\/\/news.save.ch\/de\/wp-json\/wp\/v2\/users\/9"}],"replies":[{"embeddable":true,"href":"https:\/\/news.save.ch\/de\/wp-json\/wp\/v2\/comments?post=14574"}],"version-history":[{"count":1,"href":"https:\/\/news.save.ch\/de\/wp-json\/wp\/v2\/posts\/14574\/revisions"}],"predecessor-version":[{"id":20138,"href":"https:\/\/news.save.ch\/de\/wp-json\/wp\/v2\/posts\/14574\/revisions\/20138"}],"wp:featuredmedia":[{"embeddable":true,"href":"https:\/\/news.save.ch\/de\/wp-json\/wp\/v2\/media\/14578"}],"wp:attachment":[{"href":"https:\/\/news.save.ch\/de\/wp-json\/wp\/v2\/media?parent=14574"}],"wp:term":[{"taxonomy":"category","embeddable":true,"href":"https:\/\/news.save.ch\/de\/wp-json\/wp\/v2\/categories?post=14574"},{"taxonomy":"post_tag","embeddable":true,"href":"https:\/\/news.save.ch\/de\/wp-json\/wp\/v2\/tags?post=14574"}],"curies":[{"name":"wp","href":"https:\/\/api.w.org\/{rel}","templated":true}]}}