{"id":14605,"date":"2022-07-19T08:25:33","date_gmt":"2022-07-19T06:25:33","guid":{"rendered":"https:\/\/news.save.ch\/?p=14605"},"modified":"2023-06-22T09:42:33","modified_gmt":"2023-06-22T07:42:33","slug":"stadt-zuerich-testet-riesige-kuehl-nebelwolke","status":null,"type":"post","link":"https:\/\/news.save.ch\/de\/stadt-zuerich-testet-riesige-kuehl-nebelwolke\/","title":{"rendered":"Stadt Z\u00fcrich testet riesige K\u00fchl-Nebelwolke"},"content":{"rendered":"<figure id=\"attachment_14607\" aria-describedby=\"caption-attachment-14607\" style=\"width: 680px\" class=\"wp-caption alignleft\"><img loading=\"lazy\" decoding=\"async\" class=\"wp-image-14607 size-medium\" src=\"https:\/\/news.save.ch\/wp-content\/uploads\/2022\/07\/Stadt_Zuerich_teaser-scaled-1.jpg\" alt=\"\" width=\"680\" height=\"453\" srcset=\"https:\/\/news.save.ch\/wp-content\/uploads\/2022\/07\/Stadt_Zuerich_teaser-scaled-1.jpg 1200w, https:\/\/news.save.ch\/wp-content\/uploads\/2022\/07\/Stadt_Zuerich_teaser-scaled-1-375x250.jpg 375w\" sizes=\"auto, (max-width: 680px) 100vw, 680px\" \/><figcaption id=\"caption-attachment-14607\" class=\"wp-caption-text\">Nebelwolke Gr\u00fcn Stadt Z\u00fcrich, Turbinenplatz, Fotografin Tabea Vogel<\/figcaption><\/figure>\n<p>Laut der Stadt Z\u00fcrich zeigten auch die Klimaszenarien im Kanton, dass sich die Hitzetage k\u00fcnftig verdoppeln und die Zahl der Tropennn\u00e4chte noch weiter ansteigen werden. Laut einer <a href=\"https:\/\/www.stadt-zuerich.ch\/ted\/de\/index\/departement\/medien\/medienmitteilungen\/2022\/juli\/220705.html\" target=\"_blank\" rel=\"noopener\">Mitteilung<\/a> ist allein in der Stadt Z\u00fcrich bis 2040 mit bis zu 44 Hitzetagen pro Jahr, bei Temperaturen von \u00fcber 30 Grad Celsius, zu rechnen.<\/p>\n<h2>Feinste Wasserpartikel sollen der Umgebung W\u00e4rme entziehen<\/h2>\n<p>Noch bis im September 2024 verspr\u00fcht \u00fcber dem Z\u00fcrcher Turbinenplatz eine riesige Wasserwolke ihren nebeligen Dunst. \u00abPunktuell k\u00f6nnten technische Neuerungen wie diese k\u00fchlende Wolke eine sinnvolle Erg\u00e4nzung sein, um die Hitze zu mindern\u00bb, sagte Stadtr\u00e4tin Simone Brander Anfang Juli anl\u00e4sslich der Einweihung von \u00abAlto Z\u00fcrrus\u00bb.<\/p>\n<h2>Bund warnt vor markanter Hitze<\/h2>\n<p>Die Wasserdunstwolke wird \u00fcber einen auf f\u00fcnf Metern H\u00f6he aufgeh\u00e4ngten Aliniumring mit neun Metern aus 180 Hochdruckd\u00fcsen erzeugt. Die dabei entstehenden Wasserpartikel seien so klein, dass sie an heissen Sommertagen sofort verdunsten und der Umgebungsluft die W\u00e4rme entziehen k\u00f6nnen. Die Umgebungsluft k\u00f6nne sich dadurch um bis zu 10 Grad Celsius abk\u00fchlen.<\/p>\n<p>Die Idee f\u00fcr die Nebelwolke stammt von einem Mitarbeiter von Gr\u00fcn Stadt Z\u00fcrich und wurde im Rahmen des Innovationskredits \u00ab<a class=\"icon intern\" href=\"https:\/\/www.stadt-zuerich.ch\/prd\/de\/index\/stadtentwicklung\/smart-city.html\" target=\"_blank\" rel=\"noopener\">Smart City Z\u00fcrich<\/a>\u00bb unterst\u00fctzt. Die Kosten belaufen sich auf rund 140&#8217;000 Franken.<\/p>\n<p><strong>Update, 26.7.2022:<\/strong> Der Wasserverbrauch liege bei 7,5 Litern pro Minute, wie es bei der Stadt Z\u00fcrich auf Anfrage heisst: laut Mediensprecherin Tanja Huber etwa ein Zehntel des j\u00e4hrlichen Verbrauchs eines herk\u00f6mmlichen Trinkbrunnens. Die Wolke werde, \u00fcber entsprechende Temperatur- und Feuchtigkeitssensoren gesteuert, voraussichtlich an 44 trockenen und heissen Tagen betrieben.<\/p>\n<p>Seit letzten Montag haben mehrere Regionen Europas ihre Alarmstufen wegen extremer Hitze ausgerufen. Nach wie vor wird erwartet, dass an einigen Orten H\u00f6chsttemperaturen erreicht werden. Auch der Bund hat am letzten Montag die Alarmstufe 3 von 4 f\u00fcr fast die ganze Schweiz ausgerufen. Die Beh\u00f6rden erwarten Temperaturen von bis zu 37 Grad.<\/p>\n<p><em>Quelle: Stadt Z\u00fcrich<\/em><\/p>\n","protected":false},"excerpt":{"rendered":"<p>Laut der Stadt Z\u00fcrich zeigten auch die Klimaszenarien im Kanton, dass sich die Hitzetage k\u00fcnftig verdoppeln und die Zahl der Tropennn\u00e4chte noch weiter ansteigen werden. Laut einer Mitteilung ist allein in der Stadt Z\u00fcrich bis 2040 mit bis zu 44 Hitzetagen pro Jahr, bei Temperaturen von \u00fcber 30 Grad Celsius, zu rechnen. Feinste Wasserpartikel sollen [&hellip;]<\/p>\n","protected":false},"author":9,"featured_media":14607,"comment_status":"closed","ping_status":"closed","sticky":false,"template":"","format":"standard","meta":{"_acf_changed":false,"pgc_sgb_lightbox_settings":"","footnotes":""},"categories":[1,3315],"tags":[4339,4338,1448,4337,4332,1449,1450,4340],"class_list":["post-14605","post","type-post","status-publish","format-standard","has-post-thumbnail","hentry","category-allgemein","category-infrastruktur","tag-alarmstufe-3-wegen-extremer-hitze","tag-alto-zuerrus-nebelwolke","tag-hitze","tag-hitzebelastung-in-zuerich","tag-klimawandel-und-arbeitsschutz","tag-stadt-zuerich","tag-wasser","tag-wasserverbrauch-und-kuehltechniken"],"acf":[],"hkrextid":null,"publication":null,"issue":null,"workflow":null,"startPage":null,"spitzmarke":null,"_posts_by_tag_page_fields":{"widget_title":"","widget_tags":""},"_at_widget":"1","_yoast_wpseo_primary_category":"3315","_yoast_wpseo_focuskw_text_input":null,"_yoast_wpseo_opengraph-image":null,"_yoast_wpseo_opengraph-description":null,"_yoast_wpseo_opengraph-title":null,"enclosure":null,"_yoast_wpseo_twitter-title":null,"_yoast_wpseo_twitter-description":null,"_yoast_wpseo_twitter-image":null,"_wp_old_slug":null,"_yoast_wpseo_title":null,"_yoast_wpseo_canonical":null,"yoast_head":"<!-- This site is optimized with the Yoast SEO plugin v27.5 - https:\/\/yoast.com\/product\/yoast-seo-wordpress\/ -->\n<title>Stadt Z\u00fcrich testet riesige K\u00fchl-Nebelwolke - Save<\/title>\n<meta name=\"description\" content=\"Seit Anfang Juli thront \u00fcber dem Turbinenplatz eine grosse k\u00fchlende Nebelwolke. Das Pilotprojekt \u00abAlto Z\u00fcrrus\u00bb soll an Tagen wie diesen nebst den B\u00e4umen f\u00fcr Abk\u00fchlung sorgen.\u00a0\" \/>\n<meta name=\"robots\" content=\"index, follow, max-snippet:-1, max-image-preview:large, max-video-preview:-1\" \/>\n<link rel=\"canonical\" href=\"https:\/\/news.save.ch\/de\/stadt-zuerich-testet-riesige-kuehl-nebelwolke\/\" \/>\n<meta property=\"og:locale\" content=\"de_DE\" \/>\n<meta property=\"og:type\" content=\"article\" \/>\n<meta property=\"og:title\" content=\"Stadt Z\u00fcrich testet riesige K\u00fchl-Nebelwolke - Save\" \/>\n<meta property=\"og:description\" content=\"Seit Anfang Juli thront \u00fcber dem Turbinenplatz eine grosse k\u00fchlende Nebelwolke. Das Pilotprojekt \u00abAlto Z\u00fcrrus\u00bb soll an Tagen wie diesen nebst den B\u00e4umen f\u00fcr Abk\u00fchlung sorgen.\u00a0\" \/>\n<meta property=\"og:url\" content=\"https:\/\/news.save.ch\/de\/stadt-zuerich-testet-riesige-kuehl-nebelwolke\/\" \/>\n<meta property=\"og:site_name\" content=\"Save\" \/>\n<meta property=\"article:published_time\" content=\"2022-07-19T06:25:33+00:00\" \/>\n<meta property=\"article:modified_time\" content=\"2023-06-22T07:42:33+00:00\" \/>\n<meta property=\"og:image\" content=\"https:\/\/news.save.ch\/wp-content\/uploads\/2022\/07\/Stadt_Zuerich_teaser-scaled-1-scaled.jpg\" \/>\n\t<meta property=\"og:image:width\" content=\"1200\" \/>\n\t<meta property=\"og:image:height\" content=\"800\" \/>\n\t<meta property=\"og:image:type\" content=\"image\/jpeg\" \/>\n<meta name=\"author\" content=\"Simon Gr\u00f6flin\" \/>\n<meta name=\"twitter:card\" content=\"summary_large_image\" \/>\n<meta name=\"twitter:label1\" content=\"Geschrieben von\" \/>\n\t<meta name=\"twitter:data1\" content=\"Simon Gr\u00f6flin\" \/>\n\t<meta name=\"twitter:label2\" content=\"Gesch\u00e4tzte Lesezeit\" \/>\n\t<meta name=\"twitter:data2\" content=\"2\u00a0Minuten\" \/>\n<script type=\"application\/ld+json\" class=\"yoast-schema-graph\">{\"@context\":\"https:\\\/\\\/schema.org\",\"@graph\":[{\"@type\":\"Article\",\"@id\":\"https:\\\/\\\/news.save.ch\\\/stadt-zuerich-testet-riesige-kuehl-nebelwolke\\\/#article\",\"isPartOf\":{\"@id\":\"https:\\\/\\\/news.save.ch\\\/stadt-zuerich-testet-riesige-kuehl-nebelwolke\\\/\"},\"author\":{\"name\":\"Simon Gr\u00f6flin\",\"@id\":\"https:\\\/\\\/news.save.ch\\\/de\\\/#\\\/schema\\\/person\\\/ad4ef21102fd6125312409ac57d5296d\"},\"headline\":\"Stadt Z\u00fcrich testet riesige K\u00fchl-Nebelwolke\",\"datePublished\":\"2022-07-19T06:25:33+00:00\",\"dateModified\":\"2023-06-22T07:42:33+00:00\",\"mainEntityOfPage\":{\"@id\":\"https:\\\/\\\/news.save.ch\\\/stadt-zuerich-testet-riesige-kuehl-nebelwolke\\\/\"},\"wordCount\":339,\"publisher\":{\"@id\":\"https:\\\/\\\/news.save.ch\\\/de\\\/#organization\"},\"image\":{\"@id\":\"https:\\\/\\\/news.save.ch\\\/stadt-zuerich-testet-riesige-kuehl-nebelwolke\\\/#primaryimage\"},\"thumbnailUrl\":\"https:\\\/\\\/news.save.ch\\\/wp-content\\\/uploads\\\/2022\\\/07\\\/Stadt_Zuerich_teaser-scaled-1-scaled.jpg\",\"keywords\":[\"Alarmstufe 3 wegen extremer Hitze\",\"Alto Z\u00fcrrus Nebelwolke\",\"Hitze\",\"Hitzebelastung in Z\u00fcrich\",\"Klimawandel und Arbeitsschutz\",\"Stadt Z\u00fcrich\",\"Wasser\",\"Wasserverbrauch und K\u00fchltechniken\"],\"articleSection\":[\"ALLGEMEIN\",\"INFRASTRUKTUREN\"],\"inLanguage\":\"de\"},{\"@type\":\"WebPage\",\"@id\":\"https:\\\/\\\/news.save.ch\\\/stadt-zuerich-testet-riesige-kuehl-nebelwolke\\\/\",\"url\":\"https:\\\/\\\/news.save.ch\\\/stadt-zuerich-testet-riesige-kuehl-nebelwolke\\\/\",\"name\":\"Stadt Z\u00fcrich testet riesige K\u00fchl-Nebelwolke - Save\",\"isPartOf\":{\"@id\":\"https:\\\/\\\/news.save.ch\\\/de\\\/#website\"},\"primaryImageOfPage\":{\"@id\":\"https:\\\/\\\/news.save.ch\\\/stadt-zuerich-testet-riesige-kuehl-nebelwolke\\\/#primaryimage\"},\"image\":{\"@id\":\"https:\\\/\\\/news.save.ch\\\/stadt-zuerich-testet-riesige-kuehl-nebelwolke\\\/#primaryimage\"},\"thumbnailUrl\":\"https:\\\/\\\/news.save.ch\\\/wp-content\\\/uploads\\\/2022\\\/07\\\/Stadt_Zuerich_teaser-scaled-1-scaled.jpg\",\"datePublished\":\"2022-07-19T06:25:33+00:00\",\"dateModified\":\"2023-06-22T07:42:33+00:00\",\"description\":\"Seit Anfang Juli thront \u00fcber dem Turbinenplatz eine grosse k\u00fchlende Nebelwolke. Das Pilotprojekt \u00abAlto Z\u00fcrrus\u00bb soll an Tagen wie diesen nebst den B\u00e4umen f\u00fcr Abk\u00fchlung sorgen.\u00a0\",\"breadcrumb\":{\"@id\":\"https:\\\/\\\/news.save.ch\\\/stadt-zuerich-testet-riesige-kuehl-nebelwolke\\\/#breadcrumb\"},\"inLanguage\":\"de\",\"potentialAction\":[{\"@type\":\"ReadAction\",\"target\":[\"https:\\\/\\\/news.save.ch\\\/stadt-zuerich-testet-riesige-kuehl-nebelwolke\\\/\"]}]},{\"@type\":\"ImageObject\",\"inLanguage\":\"de\",\"@id\":\"https:\\\/\\\/news.save.ch\\\/stadt-zuerich-testet-riesige-kuehl-nebelwolke\\\/#primaryimage\",\"url\":\"https:\\\/\\\/news.save.ch\\\/wp-content\\\/uploads\\\/2022\\\/07\\\/Stadt_Zuerich_teaser-scaled-1-scaled.jpg\",\"contentUrl\":\"https:\\\/\\\/news.save.ch\\\/wp-content\\\/uploads\\\/2022\\\/07\\\/Stadt_Zuerich_teaser-scaled-1-scaled.jpg\",\"width\":1200,\"height\":800,\"caption\":\"Nebelwolke Gr\u00fcn Stadt Z\u00fcrich, Turbinenplatz, Fotografin Tabea Vogel\"},{\"@type\":\"BreadcrumbList\",\"@id\":\"https:\\\/\\\/news.save.ch\\\/stadt-zuerich-testet-riesige-kuehl-nebelwolke\\\/#breadcrumb\",\"itemListElement\":[{\"@type\":\"ListItem\",\"position\":1,\"name\":\"Home\",\"item\":\"https:\\\/\\\/news.save.ch\\\/de\\\/\"},{\"@type\":\"ListItem\",\"position\":2,\"name\":\"Stadt Z\u00fcrich testet riesige K\u00fchl-Nebelwolke\"}]},{\"@type\":\"WebSite\",\"@id\":\"https:\\\/\\\/news.save.ch\\\/de\\\/#website\",\"url\":\"https:\\\/\\\/news.save.ch\\\/de\\\/\",\"name\":\"Save\",\"description\":\"Schweizer Fachzeitschrift f\u00fcr Sicherheit\",\"publisher\":{\"@id\":\"https:\\\/\\\/news.save.ch\\\/de\\\/#organization\"},\"potentialAction\":[{\"@type\":\"SearchAction\",\"target\":{\"@type\":\"EntryPoint\",\"urlTemplate\":\"https:\\\/\\\/news.save.ch\\\/de\\\/?s={search_term_string}\"},\"query-input\":{\"@type\":\"PropertyValueSpecification\",\"valueRequired\":true,\"valueName\":\"search_term_string\"}}],\"inLanguage\":\"de\"},{\"@type\":\"Organization\",\"@id\":\"https:\\\/\\\/news.save.ch\\\/de\\\/#organization\",\"name\":\"Sicherheitsforum\",\"url\":\"https:\\\/\\\/news.save.ch\\\/de\\\/\",\"logo\":{\"@type\":\"ImageObject\",\"inLanguage\":\"de\",\"@id\":\"https:\\\/\\\/news.save.ch\\\/de\\\/#\\\/schema\\\/logo\\\/image\\\/\",\"url\":\"https:\\\/\\\/news.save.ch\\\/wp-content\\\/uploads\\\/2022\\\/06\\\/Logo_SF_2012.png\",\"contentUrl\":\"https:\\\/\\\/news.save.ch\\\/wp-content\\\/uploads\\\/2022\\\/06\\\/Logo_SF_2012.png\",\"width\":1100,\"height\":91,\"caption\":\"Sicherheitsforum\"},\"image\":{\"@id\":\"https:\\\/\\\/news.save.ch\\\/de\\\/#\\\/schema\\\/logo\\\/image\\\/\"}},{\"@type\":\"Person\",\"@id\":\"https:\\\/\\\/news.save.ch\\\/de\\\/#\\\/schema\\\/person\\\/ad4ef21102fd6125312409ac57d5296d\",\"name\":\"Simon Gr\u00f6flin\",\"image\":{\"@type\":\"ImageObject\",\"inLanguage\":\"de\",\"@id\":\"https:\\\/\\\/secure.gravatar.com\\\/avatar\\\/6ddceb80eb734354635539e0ea5140bb7c41e42de7c45c9a2ab9921b5d5c9a83?s=96&d=mm&r=g\",\"url\":\"https:\\\/\\\/secure.gravatar.com\\\/avatar\\\/6ddceb80eb734354635539e0ea5140bb7c41e42de7c45c9a2ab9921b5d5c9a83?s=96&d=mm&r=g\",\"contentUrl\":\"https:\\\/\\\/secure.gravatar.com\\\/avatar\\\/6ddceb80eb734354635539e0ea5140bb7c41e42de7c45c9a2ab9921b5d5c9a83?s=96&d=mm&r=g\",\"caption\":\"Simon Gr\u00f6flin\"},\"url\":\"https:\\\/\\\/news.save.ch\\\/de\\\/author\\\/simon-groeflin\\\/\"}]}<\/script>\n<!-- \/ Yoast SEO plugin. -->","yoast_head_json":{"title":"Stadt Z\u00fcrich testet riesige K\u00fchl-Nebelwolke - Save","description":"Seit Anfang Juli thront \u00fcber dem Turbinenplatz eine grosse k\u00fchlende Nebelwolke. Das Pilotprojekt \u00abAlto Z\u00fcrrus\u00bb soll an Tagen wie diesen nebst den B\u00e4umen f\u00fcr Abk\u00fchlung sorgen.\u00a0","robots":{"index":"index","follow":"follow","max-snippet":"max-snippet:-1","max-image-preview":"max-image-preview:large","max-video-preview":"max-video-preview:-1"},"canonical":"https:\/\/news.save.ch\/de\/stadt-zuerich-testet-riesige-kuehl-nebelwolke\/","og_locale":"de_DE","og_type":"article","og_title":"Stadt Z\u00fcrich testet riesige K\u00fchl-Nebelwolke - Save","og_description":"Seit Anfang Juli thront \u00fcber dem Turbinenplatz eine grosse k\u00fchlende Nebelwolke. Das Pilotprojekt \u00abAlto Z\u00fcrrus\u00bb soll an Tagen wie diesen nebst den B\u00e4umen f\u00fcr Abk\u00fchlung sorgen.\u00a0","og_url":"https:\/\/news.save.ch\/de\/stadt-zuerich-testet-riesige-kuehl-nebelwolke\/","og_site_name":"Save","article_published_time":"2022-07-19T06:25:33+00:00","article_modified_time":"2023-06-22T07:42:33+00:00","og_image":[{"width":1200,"height":800,"url":"https:\/\/news.save.ch\/wp-content\/uploads\/2022\/07\/Stadt_Zuerich_teaser-scaled-1-scaled.jpg","type":"image\/jpeg"}],"author":"Simon Gr\u00f6flin","twitter_card":"summary_large_image","twitter_misc":{"Geschrieben von":"Simon Gr\u00f6flin","Gesch\u00e4tzte Lesezeit":"2\u00a0Minuten"},"schema":{"@context":"https:\/\/schema.org","@graph":[{"@type":"Article","@id":"https:\/\/news.save.ch\/stadt-zuerich-testet-riesige-kuehl-nebelwolke\/#article","isPartOf":{"@id":"https:\/\/news.save.ch\/stadt-zuerich-testet-riesige-kuehl-nebelwolke\/"},"author":{"name":"Simon Gr\u00f6flin","@id":"https:\/\/news.save.ch\/de\/#\/schema\/person\/ad4ef21102fd6125312409ac57d5296d"},"headline":"Stadt Z\u00fcrich testet riesige K\u00fchl-Nebelwolke","datePublished":"2022-07-19T06:25:33+00:00","dateModified":"2023-06-22T07:42:33+00:00","mainEntityOfPage":{"@id":"https:\/\/news.save.ch\/stadt-zuerich-testet-riesige-kuehl-nebelwolke\/"},"wordCount":339,"publisher":{"@id":"https:\/\/news.save.ch\/de\/#organization"},"image":{"@id":"https:\/\/news.save.ch\/stadt-zuerich-testet-riesige-kuehl-nebelwolke\/#primaryimage"},"thumbnailUrl":"https:\/\/news.save.ch\/wp-content\/uploads\/2022\/07\/Stadt_Zuerich_teaser-scaled-1-scaled.jpg","keywords":["Alarmstufe 3 wegen extremer Hitze","Alto Z\u00fcrrus Nebelwolke","Hitze","Hitzebelastung in Z\u00fcrich","Klimawandel und Arbeitsschutz","Stadt Z\u00fcrich","Wasser","Wasserverbrauch und K\u00fchltechniken"],"articleSection":["ALLGEMEIN","INFRASTRUKTUREN"],"inLanguage":"de"},{"@type":"WebPage","@id":"https:\/\/news.save.ch\/stadt-zuerich-testet-riesige-kuehl-nebelwolke\/","url":"https:\/\/news.save.ch\/stadt-zuerich-testet-riesige-kuehl-nebelwolke\/","name":"Stadt Z\u00fcrich testet riesige K\u00fchl-Nebelwolke - Save","isPartOf":{"@id":"https:\/\/news.save.ch\/de\/#website"},"primaryImageOfPage":{"@id":"https:\/\/news.save.ch\/stadt-zuerich-testet-riesige-kuehl-nebelwolke\/#primaryimage"},"image":{"@id":"https:\/\/news.save.ch\/stadt-zuerich-testet-riesige-kuehl-nebelwolke\/#primaryimage"},"thumbnailUrl":"https:\/\/news.save.ch\/wp-content\/uploads\/2022\/07\/Stadt_Zuerich_teaser-scaled-1-scaled.jpg","datePublished":"2022-07-19T06:25:33+00:00","dateModified":"2023-06-22T07:42:33+00:00","description":"Seit Anfang Juli thront \u00fcber dem Turbinenplatz eine grosse k\u00fchlende Nebelwolke. Das Pilotprojekt \u00abAlto Z\u00fcrrus\u00bb soll an Tagen wie diesen nebst den B\u00e4umen f\u00fcr Abk\u00fchlung sorgen.\u00a0","breadcrumb":{"@id":"https:\/\/news.save.ch\/stadt-zuerich-testet-riesige-kuehl-nebelwolke\/#breadcrumb"},"inLanguage":"de","potentialAction":[{"@type":"ReadAction","target":["https:\/\/news.save.ch\/stadt-zuerich-testet-riesige-kuehl-nebelwolke\/"]}]},{"@type":"ImageObject","inLanguage":"de","@id":"https:\/\/news.save.ch\/stadt-zuerich-testet-riesige-kuehl-nebelwolke\/#primaryimage","url":"https:\/\/news.save.ch\/wp-content\/uploads\/2022\/07\/Stadt_Zuerich_teaser-scaled-1-scaled.jpg","contentUrl":"https:\/\/news.save.ch\/wp-content\/uploads\/2022\/07\/Stadt_Zuerich_teaser-scaled-1-scaled.jpg","width":1200,"height":800,"caption":"Nebelwolke Gr\u00fcn Stadt Z\u00fcrich, Turbinenplatz, Fotografin Tabea Vogel"},{"@type":"BreadcrumbList","@id":"https:\/\/news.save.ch\/stadt-zuerich-testet-riesige-kuehl-nebelwolke\/#breadcrumb","itemListElement":[{"@type":"ListItem","position":1,"name":"Home","item":"https:\/\/news.save.ch\/de\/"},{"@type":"ListItem","position":2,"name":"Stadt Z\u00fcrich testet riesige K\u00fchl-Nebelwolke"}]},{"@type":"WebSite","@id":"https:\/\/news.save.ch\/de\/#website","url":"https:\/\/news.save.ch\/de\/","name":"Save","description":"Schweizer Fachzeitschrift f\u00fcr Sicherheit","publisher":{"@id":"https:\/\/news.save.ch\/de\/#organization"},"potentialAction":[{"@type":"SearchAction","target":{"@type":"EntryPoint","urlTemplate":"https:\/\/news.save.ch\/de\/?s={search_term_string}"},"query-input":{"@type":"PropertyValueSpecification","valueRequired":true,"valueName":"search_term_string"}}],"inLanguage":"de"},{"@type":"Organization","@id":"https:\/\/news.save.ch\/de\/#organization","name":"Sicherheitsforum","url":"https:\/\/news.save.ch\/de\/","logo":{"@type":"ImageObject","inLanguage":"de","@id":"https:\/\/news.save.ch\/de\/#\/schema\/logo\/image\/","url":"https:\/\/news.save.ch\/wp-content\/uploads\/2022\/06\/Logo_SF_2012.png","contentUrl":"https:\/\/news.save.ch\/wp-content\/uploads\/2022\/06\/Logo_SF_2012.png","width":1100,"height":91,"caption":"Sicherheitsforum"},"image":{"@id":"https:\/\/news.save.ch\/de\/#\/schema\/logo\/image\/"}},{"@type":"Person","@id":"https:\/\/news.save.ch\/de\/#\/schema\/person\/ad4ef21102fd6125312409ac57d5296d","name":"Simon Gr\u00f6flin","image":{"@type":"ImageObject","inLanguage":"de","@id":"https:\/\/secure.gravatar.com\/avatar\/6ddceb80eb734354635539e0ea5140bb7c41e42de7c45c9a2ab9921b5d5c9a83?s=96&d=mm&r=g","url":"https:\/\/secure.gravatar.com\/avatar\/6ddceb80eb734354635539e0ea5140bb7c41e42de7c45c9a2ab9921b5d5c9a83?s=96&d=mm&r=g","contentUrl":"https:\/\/secure.gravatar.com\/avatar\/6ddceb80eb734354635539e0ea5140bb7c41e42de7c45c9a2ab9921b5d5c9a83?s=96&d=mm&r=g","caption":"Simon Gr\u00f6flin"},"url":"https:\/\/news.save.ch\/de\/author\/simon-groeflin\/"}]}},"_links":{"self":[{"href":"https:\/\/news.save.ch\/de\/wp-json\/wp\/v2\/posts\/14605","targetHints":{"allow":["GET"]}}],"collection":[{"href":"https:\/\/news.save.ch\/de\/wp-json\/wp\/v2\/posts"}],"about":[{"href":"https:\/\/news.save.ch\/de\/wp-json\/wp\/v2\/types\/post"}],"author":[{"embeddable":true,"href":"https:\/\/news.save.ch\/de\/wp-json\/wp\/v2\/users\/9"}],"replies":[{"embeddable":true,"href":"https:\/\/news.save.ch\/de\/wp-json\/wp\/v2\/comments?post=14605"}],"version-history":[{"count":1,"href":"https:\/\/news.save.ch\/de\/wp-json\/wp\/v2\/posts\/14605\/revisions"}],"predecessor-version":[{"id":19055,"href":"https:\/\/news.save.ch\/de\/wp-json\/wp\/v2\/posts\/14605\/revisions\/19055"}],"wp:featuredmedia":[{"embeddable":true,"href":"https:\/\/news.save.ch\/de\/wp-json\/wp\/v2\/media\/14607"}],"wp:attachment":[{"href":"https:\/\/news.save.ch\/de\/wp-json\/wp\/v2\/media?parent=14605"}],"wp:term":[{"taxonomy":"category","embeddable":true,"href":"https:\/\/news.save.ch\/de\/wp-json\/wp\/v2\/categories?post=14605"},{"taxonomy":"post_tag","embeddable":true,"href":"https:\/\/news.save.ch\/de\/wp-json\/wp\/v2\/tags?post=14605"}],"curies":[{"name":"wp","href":"https:\/\/api.w.org\/{rel}","templated":true}]}}