{"id":1463,"date":"2016-07-20T16:20:16","date_gmt":"2016-07-20T14:20:16","guid":{"rendered":"http:\/\/dev.safety-plus.ch\/?p=982"},"modified":"2023-03-14T09:04:27","modified_gmt":"2023-03-14T08:04:27","slug":"arbeit-in-der-hitze-so-bewahren-sie-einen-kuehlen-kopf","status":null,"type":"post","link":"https:\/\/news.save.ch\/de\/arbeit-in-der-hitze-so-bewahren-sie-einen-kuehlen-kopf\/","title":{"rendered":"Arbeit in der Hitze: So bewahren Sie einen k\u00fchlen Kopf"},"content":{"rendered":"<figure id=\"attachment_983\" aria-describedby=\"caption-attachment-983\" style=\"width: 1000px\" class=\"wp-caption alignnone\"><a href=\"http:\/\/develop.safety-plus.ch\/wp-content\/uploads\/2016\/12\/Arbeit-in-der-Hitze-So-bewahren-Sie-einen-kuehlen-Kopf_safety-plus.jpg\"><img loading=\"lazy\" decoding=\"async\" class=\"size-full wp-image-983\" src=\"http:\/\/develop.safety-plus.ch\/wp-content\/uploads\/2016\/12\/Arbeit-in-der-Hitze-So-bewahren-Sie-einen-kuehlen-Kopf_safety-plus.jpg\" alt=\"\" width=\"1000\" height=\"667\" \/><\/a><figcaption id=\"caption-attachment-983\" class=\"wp-caption-text\">Abk\u00fchlen, trinken und Schatten aufsuchen &#8211; so lassen sich Hitzeerkrankungen vorbeugen.<\/figcaption><\/figure>\n<p>Vom Hitzekrampf \u00fcber den Hitzekollaps bis zum lebensgef\u00e4hrlichen Hitzschlag: Erkrankungen aufgrund von \u00dcberhitzung sind keineswegs harmlos. Bei den hochsommerlichen Temperaturen, die im Moment draussen herrschen, gilt es, besonders vorsichtig zu sein.<\/p>\n<p>Verschiedene Massnahmen helfen, dass Ihre Mitarbeiter die Hitzetage unbeschadet \u00fcberstehen.<\/p>\n<ol>\n<li>Sonnenschutz: Sonnensegel, -d\u00e4cher und -schirme spenden Schatten f\u00fcr Personen, die draussen arbeiten. Ist die Arbeit in der Sonne unvermeidbar, sind Sonnencreme, Kopfbedeckung und Kleidung, die vor Sonne sch\u00fctzt ein Must.<\/li>\n<li>Klima:\u00a0L\u00fcftungen, Ventillatoren und gegebenfalls Klimaanlagen sorgen f\u00fcr Abk\u00fchlung in Innenarbeitspl\u00e4tzen<\/li>\n<li>Zeit beschr\u00e4nken: Mitarbeitende sollten wenn m\u00f6glich nicht den ganzen Tag im Hitzebereich arbeiten. Insbesondere sollten k\u00f6rperliche Arbeiten im Freien auf die k\u00fchleren Morgenstunden verlegt werden.<\/li>\n<li>Erholungspausen: Regelm\u00e4ssige Pausen in einem k\u00fchleren Bereich sind an Hitzetagen besonders wichtig. Viele kurze Pausen sind besser als wenige lange.<\/li>\n<li>Angemessene Kleidung: Arbeitskleidung muss die Verdunstung von Schweiss zulassen.<\/li>\n<li>Viel trinken: Stellen Sie den Mitarbeitern Gratisgetr\u00e4nke zu Verf\u00fcgung und ermuntern Sie sie dazu, regelm\u00e4ssig zu trinken.<\/li>\n<\/ol>\n<p>Treten trotz dieser Massnahmen bei Mitarbeitenden Hitzesymptome wie Schwindel, Kopfschmerzen, Ersch\u00f6pfung, \u00dcbelkeit oder Erbrechen auf, so gilt es, die betroffene Person aus dem Hitzebereich zu bringen, in einer k\u00fchlen Umgebung zu lagern und mit Fl\u00fcssigkeit zu versorgen. Bei Verdacht auf Hitzschlag ist sofort einen Notfallarzt beizuziehen.<\/p>\n","protected":false},"excerpt":{"rendered":"<p>Vom Hitzekrampf \u00fcber den Hitzekollaps bis zum lebensgef\u00e4hrlichen Hitzschlag: Erkrankungen aufgrund von \u00dcberhitzung sind keineswegs harmlos. Bei den hochsommerlichen Temperaturen, die im Moment draussen herrschen, gilt es, besonders vorsichtig zu sein. Verschiedene Massnahmen helfen, dass Ihre Mitarbeiter die Hitzetage unbeschadet \u00fcberstehen. Sonnenschutz: Sonnensegel, -d\u00e4cher und -schirme spenden Schatten f\u00fcr Personen, die draussen arbeiten. Ist die [&hellip;]<\/p>\n","protected":false},"author":1,"featured_media":1464,"comment_status":"open","ping_status":"open","sticky":false,"template":"","format":"standard","meta":{"_acf_changed":false,"pgc_sgb_lightbox_settings":"","footnotes":""},"categories":[3314],"tags":[149,141,167],"class_list":["post-1463","post","type-post","status-publish","format-standard","has-post-thumbnail","hentry","category-health-safety","tag-gesundheitsschutz","tag-praevention","tag-suva"],"acf":[],"hkrextid":null,"publication":null,"issue":null,"workflow":null,"startPage":null,"spitzmarke":null,"_posts_by_tag_page_fields":{"widget_title":"","widget_tags":""},"_at_widget":"1","_yoast_wpseo_primary_category":"2","_yoast_wpseo_focuskw_text_input":"Arbeit in der Hitze","_yoast_wpseo_opengraph-image":null,"_yoast_wpseo_opengraph-description":null,"_yoast_wpseo_opengraph-title":null,"enclosure":null,"_yoast_wpseo_twitter-title":null,"_yoast_wpseo_twitter-description":null,"_yoast_wpseo_twitter-image":null,"_wp_old_slug":null,"_yoast_wpseo_title":null,"_yoast_wpseo_canonical":null,"yoast_head":"<!-- This site is optimized with the Yoast SEO plugin v27.4 - https:\/\/yoast.com\/product\/yoast-seo-wordpress\/ -->\n<title>Arbeit in der Hitze: So bewahren Sie einen k\u00fchlen Kopf - Save<\/title>\n<meta name=\"description\" content=\"Arbeit in der Hitze: Arbeiten in der Sommerhitze kann gef\u00e4hrlich werden, wenn sich der K\u00f6rper nicht mehr gen\u00fcgen abk\u00fchlen kann.\" \/>\n<meta name=\"robots\" content=\"index, follow, max-snippet:-1, max-image-preview:large, max-video-preview:-1\" \/>\n<link rel=\"canonical\" href=\"https:\/\/news.save.ch\/de\/arbeit-in-der-hitze-so-bewahren-sie-einen-kuehlen-kopf\/\" \/>\n<meta property=\"og:locale\" content=\"de_DE\" \/>\n<meta property=\"og:type\" content=\"article\" \/>\n<meta property=\"og:title\" content=\"Arbeit in der Hitze: So bewahren Sie einen k\u00fchlen Kopf - Save\" \/>\n<meta property=\"og:description\" content=\"Arbeit in der Hitze: Arbeiten in der Sommerhitze kann gef\u00e4hrlich werden, wenn sich der K\u00f6rper nicht mehr gen\u00fcgen abk\u00fchlen kann.\" \/>\n<meta property=\"og:url\" content=\"https:\/\/news.save.ch\/de\/arbeit-in-der-hitze-so-bewahren-sie-einen-kuehlen-kopf\/\" \/>\n<meta property=\"og:site_name\" content=\"Save\" \/>\n<meta property=\"article:published_time\" content=\"2016-07-20T14:20:16+00:00\" \/>\n<meta property=\"article:modified_time\" content=\"2023-03-14T08:04:27+00:00\" \/>\n<meta property=\"og:image\" content=\"https:\/\/news.save.ch\/wp-content\/uploads\/2016\/12\/Arbeit-in-der-Hitze-So-bewahren-Sie-einen-kuehlen-Kopf_safety-plus.jpg\" \/>\n\t<meta property=\"og:image:width\" content=\"1000\" \/>\n\t<meta property=\"og:image:height\" content=\"667\" \/>\n\t<meta property=\"og:image:type\" content=\"image\/jpeg\" \/>\n<meta name=\"author\" content=\"admin\" \/>\n<meta name=\"twitter:card\" content=\"summary_large_image\" \/>\n<meta name=\"twitter:label1\" content=\"Geschrieben von\" \/>\n\t<meta name=\"twitter:data1\" content=\"admin\" \/>\n\t<meta name=\"twitter:label2\" content=\"Gesch\u00e4tzte Lesezeit\" \/>\n\t<meta name=\"twitter:data2\" content=\"1\u00a0Minute\" \/>\n<script type=\"application\/ld+json\" class=\"yoast-schema-graph\">{\"@context\":\"https:\\\/\\\/schema.org\",\"@graph\":[{\"@type\":\"Article\",\"@id\":\"https:\\\/\\\/news.save.ch\\\/arbeit-in-der-hitze-so-bewahren-sie-einen-kuehlen-kopf\\\/#article\",\"isPartOf\":{\"@id\":\"https:\\\/\\\/news.save.ch\\\/arbeit-in-der-hitze-so-bewahren-sie-einen-kuehlen-kopf\\\/\"},\"author\":{\"name\":\"admin\",\"@id\":\"https:\\\/\\\/news.save.ch\\\/de\\\/#\\\/schema\\\/person\\\/d49e199490bad7c70d64b9ab51142f2b\"},\"headline\":\"Arbeit in der Hitze: So bewahren Sie einen k\u00fchlen Kopf\",\"datePublished\":\"2016-07-20T14:20:16+00:00\",\"dateModified\":\"2023-03-14T08:04:27+00:00\",\"mainEntityOfPage\":{\"@id\":\"https:\\\/\\\/news.save.ch\\\/arbeit-in-der-hitze-so-bewahren-sie-einen-kuehlen-kopf\\\/\"},\"wordCount\":249,\"commentCount\":0,\"publisher\":{\"@id\":\"https:\\\/\\\/news.save.ch\\\/de\\\/#organization\"},\"image\":{\"@id\":\"https:\\\/\\\/news.save.ch\\\/arbeit-in-der-hitze-so-bewahren-sie-einen-kuehlen-kopf\\\/#primaryimage\"},\"thumbnailUrl\":\"https:\\\/\\\/news.save.ch\\\/wp-content\\\/uploads\\\/2016\\\/12\\\/Arbeit-in-der-Hitze-So-bewahren-Sie-einen-kuehlen-Kopf_safety-plus.jpg\",\"keywords\":[\"Gesundheitsschutz\",\"Pr\u00e4vention\",\"SUVA\"],\"articleSection\":[\"HEALTH &amp; SAFETY\"],\"inLanguage\":\"de\"},{\"@type\":\"WebPage\",\"@id\":\"https:\\\/\\\/news.save.ch\\\/arbeit-in-der-hitze-so-bewahren-sie-einen-kuehlen-kopf\\\/\",\"url\":\"https:\\\/\\\/news.save.ch\\\/arbeit-in-der-hitze-so-bewahren-sie-einen-kuehlen-kopf\\\/\",\"name\":\"Arbeit in der Hitze: So bewahren Sie einen k\u00fchlen Kopf - Save\",\"isPartOf\":{\"@id\":\"https:\\\/\\\/news.save.ch\\\/de\\\/#website\"},\"primaryImageOfPage\":{\"@id\":\"https:\\\/\\\/news.save.ch\\\/arbeit-in-der-hitze-so-bewahren-sie-einen-kuehlen-kopf\\\/#primaryimage\"},\"image\":{\"@id\":\"https:\\\/\\\/news.save.ch\\\/arbeit-in-der-hitze-so-bewahren-sie-einen-kuehlen-kopf\\\/#primaryimage\"},\"thumbnailUrl\":\"https:\\\/\\\/news.save.ch\\\/wp-content\\\/uploads\\\/2016\\\/12\\\/Arbeit-in-der-Hitze-So-bewahren-Sie-einen-kuehlen-Kopf_safety-plus.jpg\",\"datePublished\":\"2016-07-20T14:20:16+00:00\",\"dateModified\":\"2023-03-14T08:04:27+00:00\",\"description\":\"Arbeit in der Hitze: Arbeiten in der Sommerhitze kann gef\u00e4hrlich werden, wenn sich der K\u00f6rper nicht mehr gen\u00fcgen abk\u00fchlen kann.\",\"breadcrumb\":{\"@id\":\"https:\\\/\\\/news.save.ch\\\/arbeit-in-der-hitze-so-bewahren-sie-einen-kuehlen-kopf\\\/#breadcrumb\"},\"inLanguage\":\"de\",\"potentialAction\":[{\"@type\":\"ReadAction\",\"target\":[\"https:\\\/\\\/news.save.ch\\\/arbeit-in-der-hitze-so-bewahren-sie-einen-kuehlen-kopf\\\/\"]}]},{\"@type\":\"ImageObject\",\"inLanguage\":\"de\",\"@id\":\"https:\\\/\\\/news.save.ch\\\/arbeit-in-der-hitze-so-bewahren-sie-einen-kuehlen-kopf\\\/#primaryimage\",\"url\":\"https:\\\/\\\/news.save.ch\\\/wp-content\\\/uploads\\\/2016\\\/12\\\/Arbeit-in-der-Hitze-So-bewahren-Sie-einen-kuehlen-Kopf_safety-plus.jpg\",\"contentUrl\":\"https:\\\/\\\/news.save.ch\\\/wp-content\\\/uploads\\\/2016\\\/12\\\/Arbeit-in-der-Hitze-So-bewahren-Sie-einen-kuehlen-Kopf_safety-plus.jpg\",\"width\":1000,\"height\":667,\"caption\":\"Abk\u00fchlen, trinken und Schatten aufsuchen - so lassen sich Hitzeerkrankungen vorbeugen.\"},{\"@type\":\"BreadcrumbList\",\"@id\":\"https:\\\/\\\/news.save.ch\\\/arbeit-in-der-hitze-so-bewahren-sie-einen-kuehlen-kopf\\\/#breadcrumb\",\"itemListElement\":[{\"@type\":\"ListItem\",\"position\":1,\"name\":\"Home\",\"item\":\"https:\\\/\\\/news.save.ch\\\/de\\\/\"},{\"@type\":\"ListItem\",\"position\":2,\"name\":\"Arbeit in der Hitze: So bewahren Sie einen k\u00fchlen Kopf\"}]},{\"@type\":\"WebSite\",\"@id\":\"https:\\\/\\\/news.save.ch\\\/de\\\/#website\",\"url\":\"https:\\\/\\\/news.save.ch\\\/de\\\/\",\"name\":\"Save\",\"description\":\"Schweizer Fachzeitschrift f\u00fcr Sicherheit\",\"publisher\":{\"@id\":\"https:\\\/\\\/news.save.ch\\\/de\\\/#organization\"},\"potentialAction\":[{\"@type\":\"SearchAction\",\"target\":{\"@type\":\"EntryPoint\",\"urlTemplate\":\"https:\\\/\\\/news.save.ch\\\/de\\\/?s={search_term_string}\"},\"query-input\":{\"@type\":\"PropertyValueSpecification\",\"valueRequired\":true,\"valueName\":\"search_term_string\"}}],\"inLanguage\":\"de\"},{\"@type\":\"Organization\",\"@id\":\"https:\\\/\\\/news.save.ch\\\/de\\\/#organization\",\"name\":\"Sicherheitsforum\",\"url\":\"https:\\\/\\\/news.save.ch\\\/de\\\/\",\"logo\":{\"@type\":\"ImageObject\",\"inLanguage\":\"de\",\"@id\":\"https:\\\/\\\/news.save.ch\\\/de\\\/#\\\/schema\\\/logo\\\/image\\\/\",\"url\":\"https:\\\/\\\/news.save.ch\\\/wp-content\\\/uploads\\\/2022\\\/06\\\/Logo_SF_2012.png\",\"contentUrl\":\"https:\\\/\\\/news.save.ch\\\/wp-content\\\/uploads\\\/2022\\\/06\\\/Logo_SF_2012.png\",\"width\":1100,\"height\":91,\"caption\":\"Sicherheitsforum\"},\"image\":{\"@id\":\"https:\\\/\\\/news.save.ch\\\/de\\\/#\\\/schema\\\/logo\\\/image\\\/\"}},{\"@type\":\"Person\",\"@id\":\"https:\\\/\\\/news.save.ch\\\/de\\\/#\\\/schema\\\/person\\\/d49e199490bad7c70d64b9ab51142f2b\",\"name\":\"admin\",\"image\":{\"@type\":\"ImageObject\",\"inLanguage\":\"de\",\"@id\":\"https:\\\/\\\/secure.gravatar.com\\\/avatar\\\/ae2f4d718e6c49043e314ce431e7e645d646302a24a5ef5a8bc8e3f5a032e319?s=96&d=mm&r=g\",\"url\":\"https:\\\/\\\/secure.gravatar.com\\\/avatar\\\/ae2f4d718e6c49043e314ce431e7e645d646302a24a5ef5a8bc8e3f5a032e319?s=96&d=mm&r=g\",\"contentUrl\":\"https:\\\/\\\/secure.gravatar.com\\\/avatar\\\/ae2f4d718e6c49043e314ce431e7e645d646302a24a5ef5a8bc8e3f5a032e319?s=96&d=mm&r=g\",\"caption\":\"admin\"},\"sameAs\":[\"https:\\\/\\\/develop.organisator.galledia.ch\"],\"url\":\"https:\\\/\\\/news.save.ch\\\/de\\\/author\\\/admin\\\/\"}]}<\/script>\n<!-- \/ Yoast SEO plugin. -->","yoast_head_json":{"title":"Arbeit in der Hitze: So bewahren Sie einen k\u00fchlen Kopf - Save","description":"Arbeit in der Hitze: Arbeiten in der Sommerhitze kann gef\u00e4hrlich werden, wenn sich der K\u00f6rper nicht mehr gen\u00fcgen abk\u00fchlen kann.","robots":{"index":"index","follow":"follow","max-snippet":"max-snippet:-1","max-image-preview":"max-image-preview:large","max-video-preview":"max-video-preview:-1"},"canonical":"https:\/\/news.save.ch\/de\/arbeit-in-der-hitze-so-bewahren-sie-einen-kuehlen-kopf\/","og_locale":"de_DE","og_type":"article","og_title":"Arbeit in der Hitze: So bewahren Sie einen k\u00fchlen Kopf - Save","og_description":"Arbeit in der Hitze: Arbeiten in der Sommerhitze kann gef\u00e4hrlich werden, wenn sich der K\u00f6rper nicht mehr gen\u00fcgen abk\u00fchlen kann.","og_url":"https:\/\/news.save.ch\/de\/arbeit-in-der-hitze-so-bewahren-sie-einen-kuehlen-kopf\/","og_site_name":"Save","article_published_time":"2016-07-20T14:20:16+00:00","article_modified_time":"2023-03-14T08:04:27+00:00","og_image":[{"width":1000,"height":667,"url":"https:\/\/news.save.ch\/wp-content\/uploads\/2016\/12\/Arbeit-in-der-Hitze-So-bewahren-Sie-einen-kuehlen-Kopf_safety-plus.jpg","type":"image\/jpeg"}],"author":"admin","twitter_card":"summary_large_image","twitter_misc":{"Geschrieben von":"admin","Gesch\u00e4tzte Lesezeit":"1\u00a0Minute"},"schema":{"@context":"https:\/\/schema.org","@graph":[{"@type":"Article","@id":"https:\/\/news.save.ch\/arbeit-in-der-hitze-so-bewahren-sie-einen-kuehlen-kopf\/#article","isPartOf":{"@id":"https:\/\/news.save.ch\/arbeit-in-der-hitze-so-bewahren-sie-einen-kuehlen-kopf\/"},"author":{"name":"admin","@id":"https:\/\/news.save.ch\/de\/#\/schema\/person\/d49e199490bad7c70d64b9ab51142f2b"},"headline":"Arbeit in der Hitze: So bewahren Sie einen k\u00fchlen Kopf","datePublished":"2016-07-20T14:20:16+00:00","dateModified":"2023-03-14T08:04:27+00:00","mainEntityOfPage":{"@id":"https:\/\/news.save.ch\/arbeit-in-der-hitze-so-bewahren-sie-einen-kuehlen-kopf\/"},"wordCount":249,"commentCount":0,"publisher":{"@id":"https:\/\/news.save.ch\/de\/#organization"},"image":{"@id":"https:\/\/news.save.ch\/arbeit-in-der-hitze-so-bewahren-sie-einen-kuehlen-kopf\/#primaryimage"},"thumbnailUrl":"https:\/\/news.save.ch\/wp-content\/uploads\/2016\/12\/Arbeit-in-der-Hitze-So-bewahren-Sie-einen-kuehlen-Kopf_safety-plus.jpg","keywords":["Gesundheitsschutz","Pr\u00e4vention","SUVA"],"articleSection":["HEALTH &amp; SAFETY"],"inLanguage":"de"},{"@type":"WebPage","@id":"https:\/\/news.save.ch\/arbeit-in-der-hitze-so-bewahren-sie-einen-kuehlen-kopf\/","url":"https:\/\/news.save.ch\/arbeit-in-der-hitze-so-bewahren-sie-einen-kuehlen-kopf\/","name":"Arbeit in der Hitze: So bewahren Sie einen k\u00fchlen Kopf - Save","isPartOf":{"@id":"https:\/\/news.save.ch\/de\/#website"},"primaryImageOfPage":{"@id":"https:\/\/news.save.ch\/arbeit-in-der-hitze-so-bewahren-sie-einen-kuehlen-kopf\/#primaryimage"},"image":{"@id":"https:\/\/news.save.ch\/arbeit-in-der-hitze-so-bewahren-sie-einen-kuehlen-kopf\/#primaryimage"},"thumbnailUrl":"https:\/\/news.save.ch\/wp-content\/uploads\/2016\/12\/Arbeit-in-der-Hitze-So-bewahren-Sie-einen-kuehlen-Kopf_safety-plus.jpg","datePublished":"2016-07-20T14:20:16+00:00","dateModified":"2023-03-14T08:04:27+00:00","description":"Arbeit in der Hitze: Arbeiten in der Sommerhitze kann gef\u00e4hrlich werden, wenn sich der K\u00f6rper nicht mehr gen\u00fcgen abk\u00fchlen kann.","breadcrumb":{"@id":"https:\/\/news.save.ch\/arbeit-in-der-hitze-so-bewahren-sie-einen-kuehlen-kopf\/#breadcrumb"},"inLanguage":"de","potentialAction":[{"@type":"ReadAction","target":["https:\/\/news.save.ch\/arbeit-in-der-hitze-so-bewahren-sie-einen-kuehlen-kopf\/"]}]},{"@type":"ImageObject","inLanguage":"de","@id":"https:\/\/news.save.ch\/arbeit-in-der-hitze-so-bewahren-sie-einen-kuehlen-kopf\/#primaryimage","url":"https:\/\/news.save.ch\/wp-content\/uploads\/2016\/12\/Arbeit-in-der-Hitze-So-bewahren-Sie-einen-kuehlen-Kopf_safety-plus.jpg","contentUrl":"https:\/\/news.save.ch\/wp-content\/uploads\/2016\/12\/Arbeit-in-der-Hitze-So-bewahren-Sie-einen-kuehlen-Kopf_safety-plus.jpg","width":1000,"height":667,"caption":"Abk\u00fchlen, trinken und Schatten aufsuchen - so lassen sich Hitzeerkrankungen vorbeugen."},{"@type":"BreadcrumbList","@id":"https:\/\/news.save.ch\/arbeit-in-der-hitze-so-bewahren-sie-einen-kuehlen-kopf\/#breadcrumb","itemListElement":[{"@type":"ListItem","position":1,"name":"Home","item":"https:\/\/news.save.ch\/de\/"},{"@type":"ListItem","position":2,"name":"Arbeit in der Hitze: So bewahren Sie einen k\u00fchlen Kopf"}]},{"@type":"WebSite","@id":"https:\/\/news.save.ch\/de\/#website","url":"https:\/\/news.save.ch\/de\/","name":"Save","description":"Schweizer Fachzeitschrift f\u00fcr Sicherheit","publisher":{"@id":"https:\/\/news.save.ch\/de\/#organization"},"potentialAction":[{"@type":"SearchAction","target":{"@type":"EntryPoint","urlTemplate":"https:\/\/news.save.ch\/de\/?s={search_term_string}"},"query-input":{"@type":"PropertyValueSpecification","valueRequired":true,"valueName":"search_term_string"}}],"inLanguage":"de"},{"@type":"Organization","@id":"https:\/\/news.save.ch\/de\/#organization","name":"Sicherheitsforum","url":"https:\/\/news.save.ch\/de\/","logo":{"@type":"ImageObject","inLanguage":"de","@id":"https:\/\/news.save.ch\/de\/#\/schema\/logo\/image\/","url":"https:\/\/news.save.ch\/wp-content\/uploads\/2022\/06\/Logo_SF_2012.png","contentUrl":"https:\/\/news.save.ch\/wp-content\/uploads\/2022\/06\/Logo_SF_2012.png","width":1100,"height":91,"caption":"Sicherheitsforum"},"image":{"@id":"https:\/\/news.save.ch\/de\/#\/schema\/logo\/image\/"}},{"@type":"Person","@id":"https:\/\/news.save.ch\/de\/#\/schema\/person\/d49e199490bad7c70d64b9ab51142f2b","name":"admin","image":{"@type":"ImageObject","inLanguage":"de","@id":"https:\/\/secure.gravatar.com\/avatar\/ae2f4d718e6c49043e314ce431e7e645d646302a24a5ef5a8bc8e3f5a032e319?s=96&d=mm&r=g","url":"https:\/\/secure.gravatar.com\/avatar\/ae2f4d718e6c49043e314ce431e7e645d646302a24a5ef5a8bc8e3f5a032e319?s=96&d=mm&r=g","contentUrl":"https:\/\/secure.gravatar.com\/avatar\/ae2f4d718e6c49043e314ce431e7e645d646302a24a5ef5a8bc8e3f5a032e319?s=96&d=mm&r=g","caption":"admin"},"sameAs":["https:\/\/develop.organisator.galledia.ch"],"url":"https:\/\/news.save.ch\/de\/author\/admin\/"}]}},"_links":{"self":[{"href":"https:\/\/news.save.ch\/de\/wp-json\/wp\/v2\/posts\/1463","targetHints":{"allow":["GET"]}}],"collection":[{"href":"https:\/\/news.save.ch\/de\/wp-json\/wp\/v2\/posts"}],"about":[{"href":"https:\/\/news.save.ch\/de\/wp-json\/wp\/v2\/types\/post"}],"author":[{"embeddable":true,"href":"https:\/\/news.save.ch\/de\/wp-json\/wp\/v2\/users\/1"}],"replies":[{"embeddable":true,"href":"https:\/\/news.save.ch\/de\/wp-json\/wp\/v2\/comments?post=1463"}],"version-history":[{"count":1,"href":"https:\/\/news.save.ch\/de\/wp-json\/wp\/v2\/posts\/1463\/revisions"}],"predecessor-version":[{"id":18825,"href":"https:\/\/news.save.ch\/de\/wp-json\/wp\/v2\/posts\/1463\/revisions\/18825"}],"wp:featuredmedia":[{"embeddable":true,"href":"https:\/\/news.save.ch\/de\/wp-json\/wp\/v2\/media\/1464"}],"wp:attachment":[{"href":"https:\/\/news.save.ch\/de\/wp-json\/wp\/v2\/media?parent=1463"}],"wp:term":[{"taxonomy":"category","embeddable":true,"href":"https:\/\/news.save.ch\/de\/wp-json\/wp\/v2\/categories?post=1463"},{"taxonomy":"post_tag","embeddable":true,"href":"https:\/\/news.save.ch\/de\/wp-json\/wp\/v2\/tags?post=1463"}],"curies":[{"name":"wp","href":"https:\/\/api.w.org\/{rel}","templated":true}]}}