{"id":1475,"date":"2016-08-09T16:37:36","date_gmt":"2016-08-09T14:37:36","guid":{"rendered":"http:\/\/dev.safety-plus.ch\/?p=1000"},"modified":"2016-08-09T16:37:36","modified_gmt":"2016-08-09T14:37:36","slug":"fast-jeder-fuenfte-faehrt-alkoholisiert-auto","status":null,"type":"post","link":"https:\/\/news.save.ch\/de\/fast-jeder-fuenfte-faehrt-alkoholisiert-auto\/","title":{"rendered":"Fast jeder F\u00fcnfte f\u00e4hrt alkoholisiert Auto"},"content":{"rendered":"<figure id=\"attachment_1001\" aria-describedby=\"caption-attachment-1001\" style=\"width: 680px\" class=\"wp-caption alignnone\"><img loading=\"lazy\" decoding=\"async\" class=\"wp-image-1001 size-medium\" src=\"http:\/\/develop.safety-plus.ch\/wp-content\/uploads\/2016\/12\/Fast-jeder-Fuenfte-faehrt-alkoholisiert-Auto_safety-plus.jpg\" width=\"680\" height=\"470\" \/><figcaption id=\"caption-attachment-1001\" class=\"wp-caption-text\">Wer trinkt, f\u00e4hrt nicht: Fast jeder f\u00fcnfte Schweizer h\u00e4lt sich nicht an diesen Grundsatz.<\/figcaption><\/figure>\n<p>In der Schweiz verletzen sich jedes Jahr mehr als 1 Million Menschen bei Nichtberufsunf\u00e4llen, \u00fcber 2000 sterben dabei. Im STATUS, der Statistik der Nichtberufsunf\u00e4lle und des Sicherheitsniveaus in der Schweiz, publiziert die Beratungsstelle f\u00fcr Unfallverh\u00fctung BFU jedes Jahr nicht nur Zahlen zum Unfallgeschehen, sondern auch zu Verhalten und Einstellung. Der diesj\u00e4hrige STATUS enth\u00e4lt eine gewichtige Neuheit: Erstmals wurde in 17 europ\u00e4ischen L\u00e4ndern eine Umfrage zu Einstellungen und Verhaltensweisen im Strassenverkehr durchgef\u00fchrt. Im Rahmen dieses ESRA-Projekts (European Survey Of Road Users&#8216; Safety Attitudes) wurden pro Land 1000 Personen befragt. Dank einheitlicher Systematik lassen sich Vergleiche unter den L\u00e4ndern anstellen und so Best Practice f\u00fcr die Unfallverh\u00fctung ableiten<\/p>\n<p><strong>Alkohol im Blut<\/strong><\/p>\n<p>Insbesondere im Bereich Alkohol am Steuer sind die Zahlen aus der Schweiz besorgniserregend:\u00a017 Prozent der befragten Schweizerinnen und Schweizer geben an, mindestens einmal in den letzten 30 Tagen mit einem Blutalkoholspiegel \u00fcber dem gesetzlichen Limit von 0,5 Promille im Strassenverkehr unterwegs gewesen zu sein. Im europ\u00e4ischen Vergleich ist das der dritth\u00f6chste Wert. Nur Belgien (18 %) und Frankreich (22 %) liegen h\u00f6her. Ausserdem zeigt die ESRA-Befragung, dass Massnahmen gegen Alkohol am Steuer, z. B. 0,0 Promille f\u00fcr alle Lenkenden, von Schweizern weit weniger unterst\u00fctzt werden als im europ\u00e4ischen Durchschnitt.<\/p>\n<p><strong>Telefon am Steuer und Raser<\/strong><br \/>\nSchweizerinnen und Schweizer verhalten sich grossmehrheitlich \u00e4hnlich wie ihre europ\u00e4ischen Nachbarn: So ist beispielsweise der Anteil derer, die im letzten Jahr am Steuer telefoniert haben, gleich gross wie in den andern L\u00e4ndern Europas. W\u00e4hrend die selbst deklarierte Geschwindigkeits\u00fcberschreitung innerorts etwas tiefer ausf\u00e4llt, ist der Schweizer Anteil bei Geschwindigkeits\u00fcberschreitungen ausserorts oder auf Autobahnen im europ\u00e4ischen Vergleich leicht h\u00f6her.<\/p>\n","protected":false},"excerpt":{"rendered":"<p>In der Schweiz verletzen sich jedes Jahr mehr als 1 Million Menschen bei Nichtberufsunf\u00e4llen, \u00fcber 2000 sterben dabei. Im STATUS, der Statistik der Nichtberufsunf\u00e4lle und des Sicherheitsniveaus in der Schweiz, publiziert die Beratungsstelle f\u00fcr Unfallverh\u00fctung BFU jedes Jahr nicht nur Zahlen zum Unfallgeschehen, sondern auch zu Verhalten und Einstellung. Der diesj\u00e4hrige STATUS enth\u00e4lt eine gewichtige [&hellip;]<\/p>\n","protected":false},"author":1,"featured_media":1476,"comment_status":"open","ping_status":"open","sticky":false,"template":"","format":"standard","meta":{"_acf_changed":false,"pgc_sgb_lightbox_settings":"","footnotes":""},"categories":[1],"tags":[175],"class_list":["post-1475","post","type-post","status-publish","format-standard","has-post-thumbnail","hentry","category-allgemein","tag-nichtberufsunfaelle"],"acf":[],"hkrextid":null,"publication":null,"issue":null,"workflow":null,"startPage":null,"spitzmarke":null,"_posts_by_tag_page_fields":{"widget_title":"","widget_tags":""},"_at_widget":"1","_yoast_wpseo_primary_category":"1","_yoast_wpseo_focuskw_text_input":"alkoholisiert","_yoast_wpseo_opengraph-image":null,"_yoast_wpseo_opengraph-description":null,"_yoast_wpseo_opengraph-title":null,"enclosure":null,"_yoast_wpseo_twitter-title":null,"_yoast_wpseo_twitter-description":null,"_yoast_wpseo_twitter-image":null,"_wp_old_slug":null,"_yoast_wpseo_title":null,"_yoast_wpseo_canonical":null,"yoast_head":"<!-- This site is optimized with the Yoast SEO plugin v27.5 - https:\/\/yoast.com\/product\/yoast-seo-wordpress\/ -->\n<title>Fast jeder F\u00fcnfte f\u00e4hrt alkoholisiert Auto - Save<\/title>\n<meta name=\"description\" content=\"17% der CH-Befragten gaben an, mindestens einmal in den letzten 30 Tagen mit einem Blutalkoholspiegel von \u00fcber 0,5 Promille ein Fahrzeug gelenkt zu haben.\" \/>\n<meta name=\"robots\" content=\"index, follow, max-snippet:-1, max-image-preview:large, max-video-preview:-1\" \/>\n<link rel=\"canonical\" href=\"https:\/\/news.save.ch\/de\/fast-jeder-fuenfte-faehrt-alkoholisiert-auto\/\" \/>\n<meta property=\"og:locale\" content=\"de_DE\" \/>\n<meta property=\"og:type\" content=\"article\" \/>\n<meta property=\"og:title\" content=\"Fast jeder F\u00fcnfte f\u00e4hrt alkoholisiert Auto - Save\" \/>\n<meta property=\"og:description\" content=\"17% der CH-Befragten gaben an, mindestens einmal in den letzten 30 Tagen mit einem Blutalkoholspiegel von \u00fcber 0,5 Promille ein Fahrzeug gelenkt zu haben.\" \/>\n<meta property=\"og:url\" content=\"https:\/\/news.save.ch\/de\/fast-jeder-fuenfte-faehrt-alkoholisiert-auto\/\" \/>\n<meta property=\"og:site_name\" content=\"Save\" \/>\n<meta property=\"article:published_time\" content=\"2016-08-09T14:37:36+00:00\" \/>\n<meta property=\"og:image\" content=\"https:\/\/news.save.ch\/wp-content\/uploads\/2016\/12\/Fast-jeder-Fuenfte-faehrt-alkoholisiert-Auto_safety-plus.jpg\" \/>\n\t<meta property=\"og:image:width\" content=\"999\" \/>\n\t<meta property=\"og:image:height\" content=\"690\" \/>\n\t<meta property=\"og:image:type\" content=\"image\/jpeg\" \/>\n<meta name=\"author\" content=\"admin\" \/>\n<meta name=\"twitter:card\" content=\"summary_large_image\" \/>\n<meta name=\"twitter:label1\" content=\"Geschrieben von\" \/>\n\t<meta name=\"twitter:data1\" content=\"admin\" \/>\n\t<meta name=\"twitter:label2\" content=\"Gesch\u00e4tzte Lesezeit\" \/>\n\t<meta name=\"twitter:data2\" content=\"1\u00a0Minute\" \/>\n<script type=\"application\/ld+json\" class=\"yoast-schema-graph\">{\"@context\":\"https:\\\/\\\/schema.org\",\"@graph\":[{\"@type\":\"Article\",\"@id\":\"https:\\\/\\\/news.save.ch\\\/fast-jeder-fuenfte-faehrt-alkoholisiert-auto\\\/#article\",\"isPartOf\":{\"@id\":\"https:\\\/\\\/news.save.ch\\\/fast-jeder-fuenfte-faehrt-alkoholisiert-auto\\\/\"},\"author\":{\"name\":\"admin\",\"@id\":\"https:\\\/\\\/news.save.ch\\\/de\\\/#\\\/schema\\\/person\\\/d49e199490bad7c70d64b9ab51142f2b\"},\"headline\":\"Fast jeder F\u00fcnfte f\u00e4hrt alkoholisiert Auto\",\"datePublished\":\"2016-08-09T14:37:36+00:00\",\"mainEntityOfPage\":{\"@id\":\"https:\\\/\\\/news.save.ch\\\/fast-jeder-fuenfte-faehrt-alkoholisiert-auto\\\/\"},\"wordCount\":307,\"commentCount\":0,\"publisher\":{\"@id\":\"https:\\\/\\\/news.save.ch\\\/de\\\/#organization\"},\"image\":{\"@id\":\"https:\\\/\\\/news.save.ch\\\/fast-jeder-fuenfte-faehrt-alkoholisiert-auto\\\/#primaryimage\"},\"thumbnailUrl\":\"https:\\\/\\\/news.save.ch\\\/wp-content\\\/uploads\\\/2016\\\/12\\\/Fast-jeder-Fuenfte-faehrt-alkoholisiert-Auto_safety-plus.jpg\",\"keywords\":[\"Nichtberufsunf\u00e4lle\"],\"articleSection\":[\"ALLGEMEIN\"],\"inLanguage\":\"de\"},{\"@type\":\"WebPage\",\"@id\":\"https:\\\/\\\/news.save.ch\\\/fast-jeder-fuenfte-faehrt-alkoholisiert-auto\\\/\",\"url\":\"https:\\\/\\\/news.save.ch\\\/fast-jeder-fuenfte-faehrt-alkoholisiert-auto\\\/\",\"name\":\"Fast jeder F\u00fcnfte f\u00e4hrt alkoholisiert Auto - Save\",\"isPartOf\":{\"@id\":\"https:\\\/\\\/news.save.ch\\\/de\\\/#website\"},\"primaryImageOfPage\":{\"@id\":\"https:\\\/\\\/news.save.ch\\\/fast-jeder-fuenfte-faehrt-alkoholisiert-auto\\\/#primaryimage\"},\"image\":{\"@id\":\"https:\\\/\\\/news.save.ch\\\/fast-jeder-fuenfte-faehrt-alkoholisiert-auto\\\/#primaryimage\"},\"thumbnailUrl\":\"https:\\\/\\\/news.save.ch\\\/wp-content\\\/uploads\\\/2016\\\/12\\\/Fast-jeder-Fuenfte-faehrt-alkoholisiert-Auto_safety-plus.jpg\",\"datePublished\":\"2016-08-09T14:37:36+00:00\",\"description\":\"17% der CH-Befragten gaben an, mindestens einmal in den letzten 30 Tagen mit einem Blutalkoholspiegel von \u00fcber 0,5 Promille ein Fahrzeug gelenkt zu haben.\",\"breadcrumb\":{\"@id\":\"https:\\\/\\\/news.save.ch\\\/fast-jeder-fuenfte-faehrt-alkoholisiert-auto\\\/#breadcrumb\"},\"inLanguage\":\"de\",\"potentialAction\":[{\"@type\":\"ReadAction\",\"target\":[\"https:\\\/\\\/news.save.ch\\\/fast-jeder-fuenfte-faehrt-alkoholisiert-auto\\\/\"]}]},{\"@type\":\"ImageObject\",\"inLanguage\":\"de\",\"@id\":\"https:\\\/\\\/news.save.ch\\\/fast-jeder-fuenfte-faehrt-alkoholisiert-auto\\\/#primaryimage\",\"url\":\"https:\\\/\\\/news.save.ch\\\/wp-content\\\/uploads\\\/2016\\\/12\\\/Fast-jeder-Fuenfte-faehrt-alkoholisiert-Auto_safety-plus.jpg\",\"contentUrl\":\"https:\\\/\\\/news.save.ch\\\/wp-content\\\/uploads\\\/2016\\\/12\\\/Fast-jeder-Fuenfte-faehrt-alkoholisiert-Auto_safety-plus.jpg\",\"width\":999,\"height\":690,\"caption\":\"Wer trinkt, f\u00e4hrt nicht: Fast jeder f\u00fcnfte Schweizer h\u00e4lt sich nicht an diesen Grundsatz.\"},{\"@type\":\"BreadcrumbList\",\"@id\":\"https:\\\/\\\/news.save.ch\\\/fast-jeder-fuenfte-faehrt-alkoholisiert-auto\\\/#breadcrumb\",\"itemListElement\":[{\"@type\":\"ListItem\",\"position\":1,\"name\":\"Home\",\"item\":\"https:\\\/\\\/news.save.ch\\\/de\\\/\"},{\"@type\":\"ListItem\",\"position\":2,\"name\":\"Fast jeder F\u00fcnfte f\u00e4hrt alkoholisiert Auto\"}]},{\"@type\":\"WebSite\",\"@id\":\"https:\\\/\\\/news.save.ch\\\/de\\\/#website\",\"url\":\"https:\\\/\\\/news.save.ch\\\/de\\\/\",\"name\":\"Save\",\"description\":\"Schweizer Fachzeitschrift f\u00fcr Sicherheit\",\"publisher\":{\"@id\":\"https:\\\/\\\/news.save.ch\\\/de\\\/#organization\"},\"potentialAction\":[{\"@type\":\"SearchAction\",\"target\":{\"@type\":\"EntryPoint\",\"urlTemplate\":\"https:\\\/\\\/news.save.ch\\\/de\\\/?s={search_term_string}\"},\"query-input\":{\"@type\":\"PropertyValueSpecification\",\"valueRequired\":true,\"valueName\":\"search_term_string\"}}],\"inLanguage\":\"de\"},{\"@type\":\"Organization\",\"@id\":\"https:\\\/\\\/news.save.ch\\\/de\\\/#organization\",\"name\":\"Sicherheitsforum\",\"url\":\"https:\\\/\\\/news.save.ch\\\/de\\\/\",\"logo\":{\"@type\":\"ImageObject\",\"inLanguage\":\"de\",\"@id\":\"https:\\\/\\\/news.save.ch\\\/de\\\/#\\\/schema\\\/logo\\\/image\\\/\",\"url\":\"https:\\\/\\\/news.save.ch\\\/wp-content\\\/uploads\\\/2022\\\/06\\\/Logo_SF_2012.png\",\"contentUrl\":\"https:\\\/\\\/news.save.ch\\\/wp-content\\\/uploads\\\/2022\\\/06\\\/Logo_SF_2012.png\",\"width\":1100,\"height\":91,\"caption\":\"Sicherheitsforum\"},\"image\":{\"@id\":\"https:\\\/\\\/news.save.ch\\\/de\\\/#\\\/schema\\\/logo\\\/image\\\/\"}},{\"@type\":\"Person\",\"@id\":\"https:\\\/\\\/news.save.ch\\\/de\\\/#\\\/schema\\\/person\\\/d49e199490bad7c70d64b9ab51142f2b\",\"name\":\"admin\",\"image\":{\"@type\":\"ImageObject\",\"inLanguage\":\"de\",\"@id\":\"https:\\\/\\\/secure.gravatar.com\\\/avatar\\\/ae2f4d718e6c49043e314ce431e7e645d646302a24a5ef5a8bc8e3f5a032e319?s=96&d=mm&r=g\",\"url\":\"https:\\\/\\\/secure.gravatar.com\\\/avatar\\\/ae2f4d718e6c49043e314ce431e7e645d646302a24a5ef5a8bc8e3f5a032e319?s=96&d=mm&r=g\",\"contentUrl\":\"https:\\\/\\\/secure.gravatar.com\\\/avatar\\\/ae2f4d718e6c49043e314ce431e7e645d646302a24a5ef5a8bc8e3f5a032e319?s=96&d=mm&r=g\",\"caption\":\"admin\"},\"sameAs\":[\"https:\\\/\\\/develop.organisator.galledia.ch\"],\"url\":\"https:\\\/\\\/news.save.ch\\\/de\\\/author\\\/admin\\\/\"}]}<\/script>\n<!-- \/ Yoast SEO plugin. -->","yoast_head_json":{"title":"Fast jeder F\u00fcnfte f\u00e4hrt alkoholisiert Auto - Save","description":"17% der CH-Befragten gaben an, mindestens einmal in den letzten 30 Tagen mit einem Blutalkoholspiegel von \u00fcber 0,5 Promille ein Fahrzeug gelenkt zu haben.","robots":{"index":"index","follow":"follow","max-snippet":"max-snippet:-1","max-image-preview":"max-image-preview:large","max-video-preview":"max-video-preview:-1"},"canonical":"https:\/\/news.save.ch\/de\/fast-jeder-fuenfte-faehrt-alkoholisiert-auto\/","og_locale":"de_DE","og_type":"article","og_title":"Fast jeder F\u00fcnfte f\u00e4hrt alkoholisiert Auto - Save","og_description":"17% der CH-Befragten gaben an, mindestens einmal in den letzten 30 Tagen mit einem Blutalkoholspiegel von \u00fcber 0,5 Promille ein Fahrzeug gelenkt zu haben.","og_url":"https:\/\/news.save.ch\/de\/fast-jeder-fuenfte-faehrt-alkoholisiert-auto\/","og_site_name":"Save","article_published_time":"2016-08-09T14:37:36+00:00","og_image":[{"width":999,"height":690,"url":"https:\/\/news.save.ch\/wp-content\/uploads\/2016\/12\/Fast-jeder-Fuenfte-faehrt-alkoholisiert-Auto_safety-plus.jpg","type":"image\/jpeg"}],"author":"admin","twitter_card":"summary_large_image","twitter_misc":{"Geschrieben von":"admin","Gesch\u00e4tzte Lesezeit":"1\u00a0Minute"},"schema":{"@context":"https:\/\/schema.org","@graph":[{"@type":"Article","@id":"https:\/\/news.save.ch\/fast-jeder-fuenfte-faehrt-alkoholisiert-auto\/#article","isPartOf":{"@id":"https:\/\/news.save.ch\/fast-jeder-fuenfte-faehrt-alkoholisiert-auto\/"},"author":{"name":"admin","@id":"https:\/\/news.save.ch\/de\/#\/schema\/person\/d49e199490bad7c70d64b9ab51142f2b"},"headline":"Fast jeder F\u00fcnfte f\u00e4hrt alkoholisiert Auto","datePublished":"2016-08-09T14:37:36+00:00","mainEntityOfPage":{"@id":"https:\/\/news.save.ch\/fast-jeder-fuenfte-faehrt-alkoholisiert-auto\/"},"wordCount":307,"commentCount":0,"publisher":{"@id":"https:\/\/news.save.ch\/de\/#organization"},"image":{"@id":"https:\/\/news.save.ch\/fast-jeder-fuenfte-faehrt-alkoholisiert-auto\/#primaryimage"},"thumbnailUrl":"https:\/\/news.save.ch\/wp-content\/uploads\/2016\/12\/Fast-jeder-Fuenfte-faehrt-alkoholisiert-Auto_safety-plus.jpg","keywords":["Nichtberufsunf\u00e4lle"],"articleSection":["ALLGEMEIN"],"inLanguage":"de"},{"@type":"WebPage","@id":"https:\/\/news.save.ch\/fast-jeder-fuenfte-faehrt-alkoholisiert-auto\/","url":"https:\/\/news.save.ch\/fast-jeder-fuenfte-faehrt-alkoholisiert-auto\/","name":"Fast jeder F\u00fcnfte f\u00e4hrt alkoholisiert Auto - Save","isPartOf":{"@id":"https:\/\/news.save.ch\/de\/#website"},"primaryImageOfPage":{"@id":"https:\/\/news.save.ch\/fast-jeder-fuenfte-faehrt-alkoholisiert-auto\/#primaryimage"},"image":{"@id":"https:\/\/news.save.ch\/fast-jeder-fuenfte-faehrt-alkoholisiert-auto\/#primaryimage"},"thumbnailUrl":"https:\/\/news.save.ch\/wp-content\/uploads\/2016\/12\/Fast-jeder-Fuenfte-faehrt-alkoholisiert-Auto_safety-plus.jpg","datePublished":"2016-08-09T14:37:36+00:00","description":"17% der CH-Befragten gaben an, mindestens einmal in den letzten 30 Tagen mit einem Blutalkoholspiegel von \u00fcber 0,5 Promille ein Fahrzeug gelenkt zu haben.","breadcrumb":{"@id":"https:\/\/news.save.ch\/fast-jeder-fuenfte-faehrt-alkoholisiert-auto\/#breadcrumb"},"inLanguage":"de","potentialAction":[{"@type":"ReadAction","target":["https:\/\/news.save.ch\/fast-jeder-fuenfte-faehrt-alkoholisiert-auto\/"]}]},{"@type":"ImageObject","inLanguage":"de","@id":"https:\/\/news.save.ch\/fast-jeder-fuenfte-faehrt-alkoholisiert-auto\/#primaryimage","url":"https:\/\/news.save.ch\/wp-content\/uploads\/2016\/12\/Fast-jeder-Fuenfte-faehrt-alkoholisiert-Auto_safety-plus.jpg","contentUrl":"https:\/\/news.save.ch\/wp-content\/uploads\/2016\/12\/Fast-jeder-Fuenfte-faehrt-alkoholisiert-Auto_safety-plus.jpg","width":999,"height":690,"caption":"Wer trinkt, f\u00e4hrt nicht: Fast jeder f\u00fcnfte Schweizer h\u00e4lt sich nicht an diesen Grundsatz."},{"@type":"BreadcrumbList","@id":"https:\/\/news.save.ch\/fast-jeder-fuenfte-faehrt-alkoholisiert-auto\/#breadcrumb","itemListElement":[{"@type":"ListItem","position":1,"name":"Home","item":"https:\/\/news.save.ch\/de\/"},{"@type":"ListItem","position":2,"name":"Fast jeder F\u00fcnfte f\u00e4hrt alkoholisiert Auto"}]},{"@type":"WebSite","@id":"https:\/\/news.save.ch\/de\/#website","url":"https:\/\/news.save.ch\/de\/","name":"Save","description":"Schweizer Fachzeitschrift f\u00fcr Sicherheit","publisher":{"@id":"https:\/\/news.save.ch\/de\/#organization"},"potentialAction":[{"@type":"SearchAction","target":{"@type":"EntryPoint","urlTemplate":"https:\/\/news.save.ch\/de\/?s={search_term_string}"},"query-input":{"@type":"PropertyValueSpecification","valueRequired":true,"valueName":"search_term_string"}}],"inLanguage":"de"},{"@type":"Organization","@id":"https:\/\/news.save.ch\/de\/#organization","name":"Sicherheitsforum","url":"https:\/\/news.save.ch\/de\/","logo":{"@type":"ImageObject","inLanguage":"de","@id":"https:\/\/news.save.ch\/de\/#\/schema\/logo\/image\/","url":"https:\/\/news.save.ch\/wp-content\/uploads\/2022\/06\/Logo_SF_2012.png","contentUrl":"https:\/\/news.save.ch\/wp-content\/uploads\/2022\/06\/Logo_SF_2012.png","width":1100,"height":91,"caption":"Sicherheitsforum"},"image":{"@id":"https:\/\/news.save.ch\/de\/#\/schema\/logo\/image\/"}},{"@type":"Person","@id":"https:\/\/news.save.ch\/de\/#\/schema\/person\/d49e199490bad7c70d64b9ab51142f2b","name":"admin","image":{"@type":"ImageObject","inLanguage":"de","@id":"https:\/\/secure.gravatar.com\/avatar\/ae2f4d718e6c49043e314ce431e7e645d646302a24a5ef5a8bc8e3f5a032e319?s=96&d=mm&r=g","url":"https:\/\/secure.gravatar.com\/avatar\/ae2f4d718e6c49043e314ce431e7e645d646302a24a5ef5a8bc8e3f5a032e319?s=96&d=mm&r=g","contentUrl":"https:\/\/secure.gravatar.com\/avatar\/ae2f4d718e6c49043e314ce431e7e645d646302a24a5ef5a8bc8e3f5a032e319?s=96&d=mm&r=g","caption":"admin"},"sameAs":["https:\/\/develop.organisator.galledia.ch"],"url":"https:\/\/news.save.ch\/de\/author\/admin\/"}]}},"_links":{"self":[{"href":"https:\/\/news.save.ch\/de\/wp-json\/wp\/v2\/posts\/1475","targetHints":{"allow":["GET"]}}],"collection":[{"href":"https:\/\/news.save.ch\/de\/wp-json\/wp\/v2\/posts"}],"about":[{"href":"https:\/\/news.save.ch\/de\/wp-json\/wp\/v2\/types\/post"}],"author":[{"embeddable":true,"href":"https:\/\/news.save.ch\/de\/wp-json\/wp\/v2\/users\/1"}],"replies":[{"embeddable":true,"href":"https:\/\/news.save.ch\/de\/wp-json\/wp\/v2\/comments?post=1475"}],"version-history":[{"count":0,"href":"https:\/\/news.save.ch\/de\/wp-json\/wp\/v2\/posts\/1475\/revisions"}],"wp:featuredmedia":[{"embeddable":true,"href":"https:\/\/news.save.ch\/de\/wp-json\/wp\/v2\/media\/1476"}],"wp:attachment":[{"href":"https:\/\/news.save.ch\/de\/wp-json\/wp\/v2\/media?parent=1475"}],"wp:term":[{"taxonomy":"category","embeddable":true,"href":"https:\/\/news.save.ch\/de\/wp-json\/wp\/v2\/categories?post=1475"},{"taxonomy":"post_tag","embeddable":true,"href":"https:\/\/news.save.ch\/de\/wp-json\/wp\/v2\/tags?post=1475"}],"curies":[{"name":"wp","href":"https:\/\/api.w.org\/{rel}","templated":true}]}}