{"id":1510,"date":"2016-08-22T10:41:21","date_gmt":"2016-08-22T08:41:21","guid":{"rendered":"http:\/\/dev.safety-plus.ch\/?p=1058"},"modified":"2016-08-22T10:41:21","modified_gmt":"2016-08-22T08:41:21","slug":"work-smart-schweizer-unternehmen-setzen-zeichen","status":null,"type":"post","link":"https:\/\/news.save.ch\/de\/work-smart-schweizer-unternehmen-setzen-zeichen\/","title":{"rendered":"Work smart: Schweizer Unternehmen setzen Zeichen"},"content":{"rendered":"<figure id=\"attachment_1059\" aria-describedby=\"caption-attachment-1059\" style=\"width: 680px\" class=\"wp-caption alignnone\"><a href=\"http:\/\/develop.safety-plus.ch\/wp-content\/uploads\/2016\/12\/Smarter-arbeiten-sp-safety-plus.jpg\"><img loading=\"lazy\" decoding=\"async\" class=\"size-medium wp-image-1059\" src=\"http:\/\/develop.safety-plus.ch\/wp-content\/uploads\/2016\/12\/Smarter-arbeiten-sp-safety-plus.jpg\" alt=\"\" width=\"680\" height=\"451\" srcset=\"https:\/\/news.save.ch\/wp-content\/uploads\/2016\/12\/Smarter-arbeiten-sp-safety-plus.jpg 999w, https:\/\/news.save.ch\/wp-content\/uploads\/2016\/12\/Smarter-arbeiten-sp-safety-plus-680x451.jpg 680w, https:\/\/news.save.ch\/wp-content\/uploads\/2016\/12\/Smarter-arbeiten-sp-safety-plus-768x509.jpg 768w, https:\/\/news.save.ch\/wp-content\/uploads\/2016\/12\/Smarter-arbeiten-sp-safety-plus-18x12.jpg 18w, https:\/\/news.save.ch\/wp-content\/uploads\/2016\/12\/Smarter-arbeiten-sp-safety-plus-375x248.jpg 375w, https:\/\/news.save.ch\/wp-content\/uploads\/2016\/12\/Smarter-arbeiten-sp-safety-plus-528x350.jpg 528w\" sizes=\"auto, (max-width: 680px) 100vw, 680px\" \/><\/a><figcaption id=\"caption-attachment-1059\" class=\"wp-caption-text\">Work smart: Schweizer Unternehmen setzen Zeichen<\/figcaption><\/figure>\n<p>Die Arbeitskultur wird zunehmend flexibler. Arbeitstage lassen sich heute individueller, flexibler und ortsunabh\u00e4ngig gestalten. Doch das ist l\u00e4ngst noch nicht \u00fcberall so. Deshalb haben SBB, Microsoft, Post, Witzig &#8211; The Office Company, Swisscom und Mobiliar gemeinsam die <a href=\"http:\/\/work-smart-initiative.ch\/de\/\" target=\"_blank\" rel=\"noreferrer noopener\" data-cke-saved-href=\"http:\/\/work-smart-initiative.ch\/de\/\">\u00abWork Smart Initiative\u00bb<\/a> ins Leben gerufen. Die genannten sechs Unternehmen wollen damit erreichen, dass die Arbeitgeber mehr motivierende Rahmenbedingungen schaffen, den Arbeitsmarkt besser erschliessen und die Ressourcen und Infrastrukturen smarter nutzen. Im Rahmen dieser Initiative wurde eine Charta ausgearbeitet, die die Unternehmen unterzeichnen und sich so zu den erw\u00e4hnten Zielen verpflichten.<\/p>\n<p><strong>SBB geht mit gutem Beispiel voran<\/strong><br \/>\nDoch wie profitieren die Unternehmen letztlich von dieser Initiative? Dazu Stephan Osterwald, Co-Projektleiter f\u00fcr \u00abWork Smart\u00bb bei SBB: \u00abDie Unternehmen k\u00f6nnen sich so als attraktiver Arbeitgeber positionieren, der flexible Arbeitsformen f\u00f6rdert. Indem etwa B\u00fcrofl\u00e4chen, Geb\u00e4ude, aber auch Schiene und Strasse smarter genutzt werden, profitieren Unternehmen und Mitarbeitenden von langfristig tieferen Kosten. Etwa mit Desksharing werden Arbeitspl\u00e4tze optimaler genutzt und stehen nicht zeitweise leer. Tageweise vom Homeoffice aus zu arbeiten hilft dabei, beispielsweise die Verkehrswege zu entlasten. Die SBB AG als Unternehmen versucht, mit gutem Beispiel voranzugehen. \u00abWenn wir Mitarbeitenden am Morgen die E-Mails noch zu Hause erledigen, k\u00f6nnen wir flexibel an den eigentlichen Arbeitsort fahren. Und im Zug l\u00e4sst sich generell gut arbeiten \u2013 ausserhalb der Spitzenzeiten ungest\u00f6rter und bequemer\u00bb, so Osterwald.<\/p>\n<blockquote>\n<p>\u00abAuch bei uns ist es der CEO, der smartes Arbeiten vorlebt\u00bb &#8211; Stephan Osterwald, Co-Projektleiter f\u00fcr \u00abWork Smart\u00bb bei SBB<\/p>\n<\/blockquote>\n","protected":false},"excerpt":{"rendered":"<p>Die Arbeitskultur wird zunehmend flexibler. Arbeitstage lassen sich heute individueller, flexibler und ortsunabh\u00e4ngig gestalten. Doch das ist l\u00e4ngst noch nicht \u00fcberall so. Deshalb haben SBB, Microsoft, Post, Witzig &#8211; The Office Company, Swisscom und Mobiliar gemeinsam die \u00abWork Smart Initiative\u00bb ins Leben gerufen. Die genannten sechs Unternehmen wollen damit erreichen, dass die Arbeitgeber mehr motivierende [&hellip;]<\/p>\n","protected":false},"author":10,"featured_media":1059,"comment_status":"open","ping_status":"open","sticky":false,"template":"","format":"standard","meta":{"_acf_changed":false,"pgc_sgb_lightbox_settings":"","footnotes":""},"categories":[1],"tags":[183,1678],"class_list":["post-1510","post","type-post","status-publish","format-standard","has-post-thumbnail","hentry","category-allgemein","tag-arbeitsplatzgestaltung","tag-arbeitszeit"],"acf":[],"hkrextid":null,"publication":null,"issue":null,"workflow":null,"startPage":null,"spitzmarke":null,"_posts_by_tag_page_fields":{"widget_title":"","widget_tags":""},"_at_widget":"1","_yoast_wpseo_primary_category":"1","_yoast_wpseo_focuskw_text_input":"Work smart: Schweizer Unternehmen setzen Zeichen","_yoast_wpseo_opengraph-image":"http:\/\/dev.safety-plus.ch\/wp-content\/uploads\/2016\/12\/\u00abSmarter\u00bb-arbeiten-sp-safety-plus.jpg","_yoast_wpseo_opengraph-description":"Mobile Arbeit braucht Unterst\u00fctzung, damit sie wirklich so \u00absmart\u00bb vonstattengeht, wie propagiert. Ger\u00e4tehersteller und die SBB tun ihr M\u00f6glichstes.","_yoast_wpseo_opengraph-title":"Work smart: Schweizer Unternehmen setzen Zeichen","enclosure":null,"_yoast_wpseo_twitter-title":"Work smart: Schweizer Unternehmen setzen Zeichen","_yoast_wpseo_twitter-description":"Mobile Arbeit braucht Unterst\u00fctzung, damit sie wirklich so \u00absmart\u00bb vonstattengeht, wie propagiert. Ger\u00e4tehersteller und die SBB tun ihr M\u00f6glichstes.","_yoast_wpseo_twitter-image":"http:\/\/dev.safety-plus.ch\/wp-content\/uploads\/2016\/12\/\u00abSmarter\u00bb-arbeiten-sp-safety-plus.jpg","_wp_old_slug":null,"_yoast_wpseo_title":null,"_yoast_wpseo_canonical":null,"yoast_head":"<!-- This site is optimized with the Yoast SEO plugin v27.5 - https:\/\/yoast.com\/product\/yoast-seo-wordpress\/ -->\n<title>Work smart: Schweizer Unternehmen setzen Zeichen - Save<\/title>\n<meta name=\"description\" content=\"Mobile Arbeit braucht Unterst\u00fctzung, damit sie wirklich so \u00absmart\u00bb vonstattengeht, wie propagiert. Ger\u00e4tehersteller und die SBB tun ihr M\u00f6glichstes.\" \/>\n<meta name=\"robots\" content=\"index, follow, max-snippet:-1, max-image-preview:large, max-video-preview:-1\" \/>\n<link rel=\"canonical\" href=\"https:\/\/news.save.ch\/de\/work-smart-schweizer-unternehmen-setzen-zeichen\/\" \/>\n<meta property=\"og:locale\" content=\"de_DE\" \/>\n<meta property=\"og:type\" content=\"article\" \/>\n<meta property=\"og:title\" content=\"Work smart: Schweizer Unternehmen setzen Zeichen\" \/>\n<meta property=\"og:description\" content=\"Mobile Arbeit braucht Unterst\u00fctzung, damit sie wirklich so \u00absmart\u00bb vonstattengeht, wie propagiert. Ger\u00e4tehersteller und die SBB tun ihr M\u00f6glichstes.\" \/>\n<meta property=\"og:url\" content=\"https:\/\/news.save.ch\/de\/work-smart-schweizer-unternehmen-setzen-zeichen\/\" \/>\n<meta property=\"og:site_name\" content=\"Save\" \/>\n<meta property=\"article:published_time\" content=\"2016-08-22T08:41:21+00:00\" \/>\n<meta property=\"og:image\" content=\"http:\/\/dev.safety-plus.ch\/wp-content\/uploads\/2016\/12\/\u00abSmarter\u00bb-arbeiten-sp-safety-plus.jpg\" \/>\n<meta name=\"author\" content=\"galledia\" \/>\n<meta name=\"twitter:card\" content=\"summary_large_image\" \/>\n<meta name=\"twitter:title\" content=\"Work smart: Schweizer Unternehmen setzen Zeichen\" \/>\n<meta name=\"twitter:description\" content=\"Mobile Arbeit braucht Unterst\u00fctzung, damit sie wirklich so \u00absmart\u00bb vonstattengeht, wie propagiert. Ger\u00e4tehersteller und die SBB tun ihr M\u00f6glichstes.\" \/>\n<meta name=\"twitter:image\" content=\"http:\/\/dev.safety-plus.ch\/wp-content\/uploads\/2016\/12\/\u00abSmarter\u00bb-arbeiten-sp-safety-plus.jpg\" \/>\n<meta name=\"twitter:label1\" content=\"Geschrieben von\" \/>\n\t<meta name=\"twitter:data1\" content=\"galledia\" \/>\n\t<meta name=\"twitter:label2\" content=\"Gesch\u00e4tzte Lesezeit\" \/>\n\t<meta name=\"twitter:data2\" content=\"1\u00a0Minute\" \/>\n<script type=\"application\/ld+json\" class=\"yoast-schema-graph\">{\"@context\":\"https:\\\/\\\/schema.org\",\"@graph\":[{\"@type\":\"Article\",\"@id\":\"https:\\\/\\\/news.save.ch\\\/work-smart-schweizer-unternehmen-setzen-zeichen\\\/#article\",\"isPartOf\":{\"@id\":\"https:\\\/\\\/news.save.ch\\\/work-smart-schweizer-unternehmen-setzen-zeichen\\\/\"},\"author\":{\"name\":\"galledia\",\"@id\":\"https:\\\/\\\/news.save.ch\\\/de\\\/#\\\/schema\\\/person\\\/af1b2481d0ee02dd880e616f4534d788\"},\"headline\":\"Work smart: Schweizer Unternehmen setzen Zeichen\",\"datePublished\":\"2016-08-22T08:41:21+00:00\",\"mainEntityOfPage\":{\"@id\":\"https:\\\/\\\/news.save.ch\\\/work-smart-schweizer-unternehmen-setzen-zeichen\\\/\"},\"wordCount\":268,\"commentCount\":0,\"publisher\":{\"@id\":\"https:\\\/\\\/news.save.ch\\\/de\\\/#organization\"},\"image\":{\"@id\":\"https:\\\/\\\/news.save.ch\\\/work-smart-schweizer-unternehmen-setzen-zeichen\\\/#primaryimage\"},\"thumbnailUrl\":\"https:\\\/\\\/news.save.ch\\\/wp-content\\\/uploads\\\/2016\\\/12\\\/Smarter-arbeiten-sp-safety-plus.jpg\",\"keywords\":[\"Arbeitsplatzgestaltung\",\"Arbeitszeit\"],\"articleSection\":[\"ALLGEMEIN\"],\"inLanguage\":\"de\"},{\"@type\":\"WebPage\",\"@id\":\"https:\\\/\\\/news.save.ch\\\/work-smart-schweizer-unternehmen-setzen-zeichen\\\/\",\"url\":\"https:\\\/\\\/news.save.ch\\\/work-smart-schweizer-unternehmen-setzen-zeichen\\\/\",\"name\":\"Work smart: Schweizer Unternehmen setzen Zeichen - Save\",\"isPartOf\":{\"@id\":\"https:\\\/\\\/news.save.ch\\\/de\\\/#website\"},\"primaryImageOfPage\":{\"@id\":\"https:\\\/\\\/news.save.ch\\\/work-smart-schweizer-unternehmen-setzen-zeichen\\\/#primaryimage\"},\"image\":{\"@id\":\"https:\\\/\\\/news.save.ch\\\/work-smart-schweizer-unternehmen-setzen-zeichen\\\/#primaryimage\"},\"thumbnailUrl\":\"https:\\\/\\\/news.save.ch\\\/wp-content\\\/uploads\\\/2016\\\/12\\\/Smarter-arbeiten-sp-safety-plus.jpg\",\"datePublished\":\"2016-08-22T08:41:21+00:00\",\"description\":\"Mobile Arbeit braucht Unterst\u00fctzung, damit sie wirklich so \u00absmart\u00bb vonstattengeht, wie propagiert. Ger\u00e4tehersteller und die SBB tun ihr M\u00f6glichstes.\",\"breadcrumb\":{\"@id\":\"https:\\\/\\\/news.save.ch\\\/work-smart-schweizer-unternehmen-setzen-zeichen\\\/#breadcrumb\"},\"inLanguage\":\"de\",\"potentialAction\":[{\"@type\":\"ReadAction\",\"target\":[\"https:\\\/\\\/news.save.ch\\\/work-smart-schweizer-unternehmen-setzen-zeichen\\\/\"]}]},{\"@type\":\"ImageObject\",\"inLanguage\":\"de\",\"@id\":\"https:\\\/\\\/news.save.ch\\\/work-smart-schweizer-unternehmen-setzen-zeichen\\\/#primaryimage\",\"url\":\"https:\\\/\\\/news.save.ch\\\/wp-content\\\/uploads\\\/2016\\\/12\\\/Smarter-arbeiten-sp-safety-plus.jpg\",\"contentUrl\":\"https:\\\/\\\/news.save.ch\\\/wp-content\\\/uploads\\\/2016\\\/12\\\/Smarter-arbeiten-sp-safety-plus.jpg\",\"width\":999,\"height\":662,\"caption\":\"Work smart: Schweizer Unternehmen setzen Zeichen\"},{\"@type\":\"BreadcrumbList\",\"@id\":\"https:\\\/\\\/news.save.ch\\\/work-smart-schweizer-unternehmen-setzen-zeichen\\\/#breadcrumb\",\"itemListElement\":[{\"@type\":\"ListItem\",\"position\":1,\"name\":\"Home\",\"item\":\"https:\\\/\\\/news.save.ch\\\/de\\\/\"},{\"@type\":\"ListItem\",\"position\":2,\"name\":\"Work smart: Schweizer Unternehmen setzen Zeichen\"}]},{\"@type\":\"WebSite\",\"@id\":\"https:\\\/\\\/news.save.ch\\\/de\\\/#website\",\"url\":\"https:\\\/\\\/news.save.ch\\\/de\\\/\",\"name\":\"Save\",\"description\":\"Schweizer Fachzeitschrift f\u00fcr Sicherheit\",\"publisher\":{\"@id\":\"https:\\\/\\\/news.save.ch\\\/de\\\/#organization\"},\"potentialAction\":[{\"@type\":\"SearchAction\",\"target\":{\"@type\":\"EntryPoint\",\"urlTemplate\":\"https:\\\/\\\/news.save.ch\\\/de\\\/?s={search_term_string}\"},\"query-input\":{\"@type\":\"PropertyValueSpecification\",\"valueRequired\":true,\"valueName\":\"search_term_string\"}}],\"inLanguage\":\"de\"},{\"@type\":\"Organization\",\"@id\":\"https:\\\/\\\/news.save.ch\\\/de\\\/#organization\",\"name\":\"Sicherheitsforum\",\"url\":\"https:\\\/\\\/news.save.ch\\\/de\\\/\",\"logo\":{\"@type\":\"ImageObject\",\"inLanguage\":\"de\",\"@id\":\"https:\\\/\\\/news.save.ch\\\/de\\\/#\\\/schema\\\/logo\\\/image\\\/\",\"url\":\"https:\\\/\\\/news.save.ch\\\/wp-content\\\/uploads\\\/2022\\\/06\\\/Logo_SF_2012.png\",\"contentUrl\":\"https:\\\/\\\/news.save.ch\\\/wp-content\\\/uploads\\\/2022\\\/06\\\/Logo_SF_2012.png\",\"width\":1100,\"height\":91,\"caption\":\"Sicherheitsforum\"},\"image\":{\"@id\":\"https:\\\/\\\/news.save.ch\\\/de\\\/#\\\/schema\\\/logo\\\/image\\\/\"}},{\"@type\":\"Person\",\"@id\":\"https:\\\/\\\/news.save.ch\\\/de\\\/#\\\/schema\\\/person\\\/af1b2481d0ee02dd880e616f4534d788\",\"name\":\"galledia\",\"image\":{\"@type\":\"ImageObject\",\"inLanguage\":\"de\",\"@id\":\"https:\\\/\\\/secure.gravatar.com\\\/avatar\\\/9baa80b63641d54c66fff920086eecab2c9e64c67a448c886b8c6c946e57f4c4?s=96&d=mm&r=g\",\"url\":\"https:\\\/\\\/secure.gravatar.com\\\/avatar\\\/9baa80b63641d54c66fff920086eecab2c9e64c67a448c886b8c6c946e57f4c4?s=96&d=mm&r=g\",\"contentUrl\":\"https:\\\/\\\/secure.gravatar.com\\\/avatar\\\/9baa80b63641d54c66fff920086eecab2c9e64c67a448c886b8c6c946e57f4c4?s=96&d=mm&r=g\",\"caption\":\"galledia\"},\"url\":\"https:\\\/\\\/news.save.ch\\\/de\\\/author\\\/galledia\\\/\"}]}<\/script>\n<!-- \/ Yoast SEO plugin. -->","yoast_head_json":{"title":"Work smart: Schweizer Unternehmen setzen Zeichen - Save","description":"Mobile Arbeit braucht Unterst\u00fctzung, damit sie wirklich so \u00absmart\u00bb vonstattengeht, wie propagiert. Ger\u00e4tehersteller und die SBB tun ihr M\u00f6glichstes.","robots":{"index":"index","follow":"follow","max-snippet":"max-snippet:-1","max-image-preview":"max-image-preview:large","max-video-preview":"max-video-preview:-1"},"canonical":"https:\/\/news.save.ch\/de\/work-smart-schweizer-unternehmen-setzen-zeichen\/","og_locale":"de_DE","og_type":"article","og_title":"Work smart: Schweizer Unternehmen setzen Zeichen","og_description":"Mobile Arbeit braucht Unterst\u00fctzung, damit sie wirklich so \u00absmart\u00bb vonstattengeht, wie propagiert. Ger\u00e4tehersteller und die SBB tun ihr M\u00f6glichstes.","og_url":"https:\/\/news.save.ch\/de\/work-smart-schweizer-unternehmen-setzen-zeichen\/","og_site_name":"Save","article_published_time":"2016-08-22T08:41:21+00:00","og_image":[{"url":"http:\/\/dev.safety-plus.ch\/wp-content\/uploads\/2016\/12\/\u00abSmarter\u00bb-arbeiten-sp-safety-plus.jpg","type":"","width":"","height":""}],"author":"galledia","twitter_card":"summary_large_image","twitter_title":"Work smart: Schweizer Unternehmen setzen Zeichen","twitter_description":"Mobile Arbeit braucht Unterst\u00fctzung, damit sie wirklich so \u00absmart\u00bb vonstattengeht, wie propagiert. Ger\u00e4tehersteller und die SBB tun ihr M\u00f6glichstes.","twitter_image":"http:\/\/dev.safety-plus.ch\/wp-content\/uploads\/2016\/12\/\u00abSmarter\u00bb-arbeiten-sp-safety-plus.jpg","twitter_misc":{"Geschrieben von":"galledia","Gesch\u00e4tzte Lesezeit":"1\u00a0Minute"},"schema":{"@context":"https:\/\/schema.org","@graph":[{"@type":"Article","@id":"https:\/\/news.save.ch\/work-smart-schweizer-unternehmen-setzen-zeichen\/#article","isPartOf":{"@id":"https:\/\/news.save.ch\/work-smart-schweizer-unternehmen-setzen-zeichen\/"},"author":{"name":"galledia","@id":"https:\/\/news.save.ch\/de\/#\/schema\/person\/af1b2481d0ee02dd880e616f4534d788"},"headline":"Work smart: Schweizer Unternehmen setzen Zeichen","datePublished":"2016-08-22T08:41:21+00:00","mainEntityOfPage":{"@id":"https:\/\/news.save.ch\/work-smart-schweizer-unternehmen-setzen-zeichen\/"},"wordCount":268,"commentCount":0,"publisher":{"@id":"https:\/\/news.save.ch\/de\/#organization"},"image":{"@id":"https:\/\/news.save.ch\/work-smart-schweizer-unternehmen-setzen-zeichen\/#primaryimage"},"thumbnailUrl":"https:\/\/news.save.ch\/wp-content\/uploads\/2016\/12\/Smarter-arbeiten-sp-safety-plus.jpg","keywords":["Arbeitsplatzgestaltung","Arbeitszeit"],"articleSection":["ALLGEMEIN"],"inLanguage":"de"},{"@type":"WebPage","@id":"https:\/\/news.save.ch\/work-smart-schweizer-unternehmen-setzen-zeichen\/","url":"https:\/\/news.save.ch\/work-smart-schweizer-unternehmen-setzen-zeichen\/","name":"Work smart: Schweizer Unternehmen setzen Zeichen - Save","isPartOf":{"@id":"https:\/\/news.save.ch\/de\/#website"},"primaryImageOfPage":{"@id":"https:\/\/news.save.ch\/work-smart-schweizer-unternehmen-setzen-zeichen\/#primaryimage"},"image":{"@id":"https:\/\/news.save.ch\/work-smart-schweizer-unternehmen-setzen-zeichen\/#primaryimage"},"thumbnailUrl":"https:\/\/news.save.ch\/wp-content\/uploads\/2016\/12\/Smarter-arbeiten-sp-safety-plus.jpg","datePublished":"2016-08-22T08:41:21+00:00","description":"Mobile Arbeit braucht Unterst\u00fctzung, damit sie wirklich so \u00absmart\u00bb vonstattengeht, wie propagiert. Ger\u00e4tehersteller und die SBB tun ihr M\u00f6glichstes.","breadcrumb":{"@id":"https:\/\/news.save.ch\/work-smart-schweizer-unternehmen-setzen-zeichen\/#breadcrumb"},"inLanguage":"de","potentialAction":[{"@type":"ReadAction","target":["https:\/\/news.save.ch\/work-smart-schweizer-unternehmen-setzen-zeichen\/"]}]},{"@type":"ImageObject","inLanguage":"de","@id":"https:\/\/news.save.ch\/work-smart-schweizer-unternehmen-setzen-zeichen\/#primaryimage","url":"https:\/\/news.save.ch\/wp-content\/uploads\/2016\/12\/Smarter-arbeiten-sp-safety-plus.jpg","contentUrl":"https:\/\/news.save.ch\/wp-content\/uploads\/2016\/12\/Smarter-arbeiten-sp-safety-plus.jpg","width":999,"height":662,"caption":"Work smart: Schweizer Unternehmen setzen Zeichen"},{"@type":"BreadcrumbList","@id":"https:\/\/news.save.ch\/work-smart-schweizer-unternehmen-setzen-zeichen\/#breadcrumb","itemListElement":[{"@type":"ListItem","position":1,"name":"Home","item":"https:\/\/news.save.ch\/de\/"},{"@type":"ListItem","position":2,"name":"Work smart: Schweizer Unternehmen setzen Zeichen"}]},{"@type":"WebSite","@id":"https:\/\/news.save.ch\/de\/#website","url":"https:\/\/news.save.ch\/de\/","name":"Save","description":"Schweizer Fachzeitschrift f\u00fcr Sicherheit","publisher":{"@id":"https:\/\/news.save.ch\/de\/#organization"},"potentialAction":[{"@type":"SearchAction","target":{"@type":"EntryPoint","urlTemplate":"https:\/\/news.save.ch\/de\/?s={search_term_string}"},"query-input":{"@type":"PropertyValueSpecification","valueRequired":true,"valueName":"search_term_string"}}],"inLanguage":"de"},{"@type":"Organization","@id":"https:\/\/news.save.ch\/de\/#organization","name":"Sicherheitsforum","url":"https:\/\/news.save.ch\/de\/","logo":{"@type":"ImageObject","inLanguage":"de","@id":"https:\/\/news.save.ch\/de\/#\/schema\/logo\/image\/","url":"https:\/\/news.save.ch\/wp-content\/uploads\/2022\/06\/Logo_SF_2012.png","contentUrl":"https:\/\/news.save.ch\/wp-content\/uploads\/2022\/06\/Logo_SF_2012.png","width":1100,"height":91,"caption":"Sicherheitsforum"},"image":{"@id":"https:\/\/news.save.ch\/de\/#\/schema\/logo\/image\/"}},{"@type":"Person","@id":"https:\/\/news.save.ch\/de\/#\/schema\/person\/af1b2481d0ee02dd880e616f4534d788","name":"galledia","image":{"@type":"ImageObject","inLanguage":"de","@id":"https:\/\/secure.gravatar.com\/avatar\/9baa80b63641d54c66fff920086eecab2c9e64c67a448c886b8c6c946e57f4c4?s=96&d=mm&r=g","url":"https:\/\/secure.gravatar.com\/avatar\/9baa80b63641d54c66fff920086eecab2c9e64c67a448c886b8c6c946e57f4c4?s=96&d=mm&r=g","contentUrl":"https:\/\/secure.gravatar.com\/avatar\/9baa80b63641d54c66fff920086eecab2c9e64c67a448c886b8c6c946e57f4c4?s=96&d=mm&r=g","caption":"galledia"},"url":"https:\/\/news.save.ch\/de\/author\/galledia\/"}]}},"_links":{"self":[{"href":"https:\/\/news.save.ch\/de\/wp-json\/wp\/v2\/posts\/1510","targetHints":{"allow":["GET"]}}],"collection":[{"href":"https:\/\/news.save.ch\/de\/wp-json\/wp\/v2\/posts"}],"about":[{"href":"https:\/\/news.save.ch\/de\/wp-json\/wp\/v2\/types\/post"}],"author":[{"embeddable":true,"href":"https:\/\/news.save.ch\/de\/wp-json\/wp\/v2\/users\/10"}],"replies":[{"embeddable":true,"href":"https:\/\/news.save.ch\/de\/wp-json\/wp\/v2\/comments?post=1510"}],"version-history":[{"count":0,"href":"https:\/\/news.save.ch\/de\/wp-json\/wp\/v2\/posts\/1510\/revisions"}],"wp:featuredmedia":[{"embeddable":true,"href":"https:\/\/news.save.ch\/de\/wp-json\/wp\/v2\/media\/1059"}],"wp:attachment":[{"href":"https:\/\/news.save.ch\/de\/wp-json\/wp\/v2\/media?parent=1510"}],"wp:term":[{"taxonomy":"category","embeddable":true,"href":"https:\/\/news.save.ch\/de\/wp-json\/wp\/v2\/categories?post=1510"},{"taxonomy":"post_tag","embeddable":true,"href":"https:\/\/news.save.ch\/de\/wp-json\/wp\/v2\/tags?post=1510"}],"curies":[{"name":"wp","href":"https:\/\/api.w.org\/{rel}","templated":true}]}}