{"id":15264,"date":"2022-11-09T09:07:58","date_gmt":"2022-11-09T08:07:58","guid":{"rendered":"https:\/\/news.save.ch\/?p=15264"},"modified":"2023-06-12T03:26:01","modified_gmt":"2023-06-12T01:26:01","slug":"stromversorgungslage-im-winter-angespannt-jedoch-nicht-gefaehrdet","status":null,"type":"post","link":"https:\/\/news.save.ch\/de\/stromversorgungslage-im-winter-angespannt-jedoch-nicht-gefaehrdet\/","title":{"rendered":"Stromversorgungslage im Winter angespannt, jedoch nicht \u00abgef\u00e4hrdet\u00bb"},"content":{"rendered":"<figure id=\"attachment_15266\" aria-describedby=\"caption-attachment-15266\" style=\"width: 1000px\" class=\"wp-caption alignleft\"><img loading=\"lazy\" decoding=\"async\" class=\"wp-image-15266 size-full\" src=\"https:\/\/news.save.ch\/wp-content\/uploads\/2022\/11\/Energie_Depositphotos_619983288_S.jpg\" alt=\"Versorgungsengp\u00e4sse\" width=\"1000\" height=\"667\" srcset=\"https:\/\/news.save.ch\/wp-content\/uploads\/2022\/11\/Energie_Depositphotos_619983288_S.jpg 1000w, https:\/\/news.save.ch\/wp-content\/uploads\/2022\/11\/Energie_Depositphotos_619983288_S-375x250.jpg 375w\" sizes=\"auto, (max-width: 1000px) 100vw, 1000px\" \/><figcaption id=\"caption-attachment-15266\" class=\"wp-caption-text\">Bild: depositphotos<\/figcaption><\/figure>\n<p>Die Stromversorgungssicherheit in der Schweiz sei im Winter 2022\/2023 nicht gef\u00e4hrdet, dennoch liessen sich Versorgungsengp\u00e4sse nicht ganz ausschliessen. Dies das <a href=\"https:\/\/www.newsd.admin.ch\/newsd\/message\/attachments\/73671.pdf\" target=\"_blank\" rel=\"noopener\">Fazit einer Studie<\/a> im Auftrag des Bundesamts f\u00fcr Energie in Begleitung der Elektrizit\u00e4tskommission Elcom und das Bundesamts f\u00fcr wirtschaftliche Landversorgung (BWL).<\/p>\n<p>In der Studie wurden verschiedene Szenarien mit unterschiedlichen Verf\u00fcgbarkeiten von Gas und Kernkraftwerken untersucht und simuliert. Auch die Kombination von meterologischen Bedingungen und Kraftwerksausf\u00e4llen wurde durchgespielt und die Wahrscheinlichkeit von Engp\u00e4ssen berechnet. Der Bundesrat kommt jedoch zum Schluss, dass mit den bisher beschlossenen Massnahmen bereits ein signifikanter Beitrag zur Energieversorgung im Winter geleistet werde.<\/p>\n<p>Mit einer Wasserkraftreserve k\u00f6nne Energie in die kritische Zeit am Ende des Winters verschoben werden. Die Bereitstellung eines tempor\u00e4ren Reservekraftwerks im aargauischen Birr und weitere Reservekraftwerke sowie Notstrom\u00adgruppen k\u00f6nnten ebenfalls zus\u00e4tzliche Energie ins System bef\u00f6rdern. Zu weiteren Massnahmen z\u00e4hlen die Erh\u00f6hung der Kapazit\u00e4ten im \u00dcbertragungsnetz, der Rettungsschirm f\u00fcr systemkritische Stromunternehmen und die tempor\u00e4re Reduktion der Restwasserabgabe.<\/p>\n<h2>Verschiedene Modellszenarien<\/h2>\n<p>Das Referenzszenario geht davon aus, dass die Verf\u00fcgbarkeit der franz\u00f6sischen Kernkraftwerke im Winter 2022\/2023 um 35 Prozent reduziert ist, europaweit aber gen\u00fcgend Gas zur Verstromung zur Verf\u00fcgung steht. Die Berechnungen zeigten, dass in diesem Szenario ausreichend Energie aus in- und ausl\u00e4ndischer Produktion zur Deckung der Schweizer Stromnachfrage zur Verf\u00fcgung stehe. Voraussetzung sei jedoch, dass der marktbasierte Stromhandel in Europa weiterhin funktioniert und die gegenseitige St\u00fctzung in Knappheitssituationen gew\u00e4hrleistet ist.<\/p>\n<p><b>Gasknappheitsszenario<\/b>: Hierbei wird angenommen, dass die Stromproduktion europaweit um rund 15 Prozent eingeschr\u00e4nkt ist. In einer Mehrheit (87 Prozent) der rund 2400 Simulationen f\u00fcr dieses Szenario kommt es in der Schweiz zu keinem Stromversorgungsengpass. In 8 Prozent der Simulationen entspricht die fehlende Strommenge mehr als einem Wintertagesverbrauch (ENS: Energy Not Served), der bei rund 170 GWh liegt. In f\u00fcnf Prozent fehlt im Winter eine Strommenge von \u00fcber zweieinhalb Wintertagesverbr\u00e4uchen. F\u00fcr die Bew\u00e4ltigung solcher F\u00e4lle stehen die Wasserkraftreserve, die Reservekraftwerke und Notstromgruppen bereit und auch die Sparbem\u00fchungen tragen ihren Teil dazu bei.<\/p>\n<p><b>Kernkraftausfallszenario<\/b>: W\u00fcrden im Winter sogar 50 Prozent des nuklearen Kraftwerkparks in Frankreich und zus\u00e4tzlich die Schweizer Kernkraftwerke Leibstadt und Beznau 1 ausfallen, kann es in Europa zu regional angespannten Situationen kommen, die sich laut dem Bund jedoch nicht auf die Schweiz ausdehnen w\u00fcrden, dank der zur Verf\u00fcgung stehenden Wasserkraft und ausreichenden Importkapazit\u00e4ten aus den \u00fcbrigen Nachbarzonen.<\/p>\n<p><b>Extremszenario<\/b>: Die Kombination aus einer europaweit eingeschr\u00e4nkten Gasverf\u00fcgbarkeit und der Nichtverf\u00fcgbarkeit aller Schweizer Kernkraftwerke h\u00e4tte erhebliche Auswirkungen auf die Schweiz. In einem solchen, allerdings sehr unwahrscheinlichen Szenario fehlt im Winter im Durchschnitt eine Strommenge von knapp sechs typischen Wintertagesverbr\u00e4uchen.<\/p>\n<p><em>Quelle: Bund\/Redaktion<\/em><\/p>\n","protected":false},"excerpt":{"rendered":"<p>Die Stromversorgungssicherheit in der Schweiz sei im Winter 2022\/2023 nicht gef\u00e4hrdet, dennoch liessen sich Versorgungsengp\u00e4sse nicht ganz ausschliessen. Dies das Fazit einer Studie im Auftrag des Bundesamts f\u00fcr Energie in Begleitung der Elektrizit\u00e4tskommission Elcom und das Bundesamts f\u00fcr wirtschaftliche Landversorgung (BWL). In der Studie wurden verschiedene Szenarien mit unterschiedlichen Verf\u00fcgbarkeiten von Gas und Kernkraftwerken untersucht [&hellip;]<\/p>\n","protected":false},"author":9,"featured_media":15266,"comment_status":"closed","ping_status":"closed","sticky":false,"template":"","format":"standard","meta":{"_acf_changed":false,"pgc_sgb_lightbox_settings":"","footnotes":""},"categories":[1,3312],"tags":[319,262,3909,3911,3910,3912,3908],"class_list":["post-15264","post","type-post","status-publish","format-standard","has-post-thumbnail","hentry","category-allgemein","category-sicherheit","tag-bundesamt-fuer-energie","tag-energie","tag-energieversorgung","tag-gasknappheitsszenario","tag-reservekraftwerke","tag-stromversorgungsengpass","tag-stromversorgungssicherheit"],"acf":[],"hkrextid":null,"publication":null,"issue":null,"workflow":null,"startPage":null,"spitzmarke":null,"_posts_by_tag_page_fields":null,"_at_widget":"1","_yoast_wpseo_primary_category":"1","_yoast_wpseo_focuskw_text_input":null,"_yoast_wpseo_opengraph-image":null,"_yoast_wpseo_opengraph-description":null,"_yoast_wpseo_opengraph-title":null,"enclosure":null,"_yoast_wpseo_twitter-title":null,"_yoast_wpseo_twitter-description":null,"_yoast_wpseo_twitter-image":null,"_wp_old_slug":null,"_yoast_wpseo_title":null,"_yoast_wpseo_canonical":null,"yoast_head":"<!-- This site is optimized with the Yoast SEO plugin v27.5 - https:\/\/yoast.com\/product\/yoast-seo-wordpress\/ -->\n<title>Stromversorgungslage im Winter angespannt, jedoch nicht \u00abgef\u00e4hrdet\u00bb - Save<\/title>\n<meta name=\"description\" content=\"Die Stromversorgungssicherheit der Schweiz im Winter dieses und n\u00e4chsten Jahres ist laut dem Bund nicht gravierend gef\u00e4hrdet, dennoch k\u00f6nnen Versorgungsengp\u00e4sse nicht ausgeschlossen werden.\" \/>\n<meta name=\"robots\" content=\"index, follow, max-snippet:-1, max-image-preview:large, max-video-preview:-1\" \/>\n<link rel=\"canonical\" href=\"https:\/\/news.save.ch\/de\/stromversorgungslage-im-winter-angespannt-jedoch-nicht-gefaehrdet\/\" \/>\n<meta property=\"og:locale\" content=\"de_DE\" \/>\n<meta property=\"og:type\" content=\"article\" \/>\n<meta property=\"og:title\" content=\"Stromversorgungslage im Winter angespannt, jedoch nicht \u00abgef\u00e4hrdet\u00bb - Save\" \/>\n<meta property=\"og:description\" content=\"Die Stromversorgungssicherheit der Schweiz im Winter dieses und n\u00e4chsten Jahres ist laut dem Bund nicht gravierend gef\u00e4hrdet, dennoch k\u00f6nnen Versorgungsengp\u00e4sse nicht ausgeschlossen werden.\" \/>\n<meta property=\"og:url\" content=\"https:\/\/news.save.ch\/de\/stromversorgungslage-im-winter-angespannt-jedoch-nicht-gefaehrdet\/\" \/>\n<meta property=\"og:site_name\" content=\"Save\" \/>\n<meta property=\"article:published_time\" content=\"2022-11-09T08:07:58+00:00\" \/>\n<meta property=\"article:modified_time\" content=\"2023-06-12T01:26:01+00:00\" \/>\n<meta property=\"og:image\" content=\"https:\/\/news.save.ch\/wp-content\/uploads\/2022\/11\/Energie_Depositphotos_619983288_S.jpg\" \/>\n\t<meta property=\"og:image:width\" content=\"1000\" \/>\n\t<meta property=\"og:image:height\" content=\"667\" \/>\n\t<meta property=\"og:image:type\" content=\"image\/jpeg\" \/>\n<meta name=\"author\" content=\"Simon Gr\u00f6flin\" \/>\n<meta name=\"twitter:card\" content=\"summary_large_image\" \/>\n<meta name=\"twitter:label1\" content=\"Geschrieben von\" \/>\n\t<meta name=\"twitter:data1\" content=\"Simon Gr\u00f6flin\" \/>\n\t<meta name=\"twitter:label2\" content=\"Gesch\u00e4tzte Lesezeit\" \/>\n\t<meta name=\"twitter:data2\" content=\"3\u00a0Minuten\" \/>\n<script type=\"application\/ld+json\" class=\"yoast-schema-graph\">{\"@context\":\"https:\\\/\\\/schema.org\",\"@graph\":[{\"@type\":\"Article\",\"@id\":\"https:\\\/\\\/news.save.ch\\\/stromversorgungslage-im-winter-angespannt-jedoch-nicht-gefaehrdet\\\/#article\",\"isPartOf\":{\"@id\":\"https:\\\/\\\/news.save.ch\\\/stromversorgungslage-im-winter-angespannt-jedoch-nicht-gefaehrdet\\\/\"},\"author\":{\"name\":\"Simon Gr\u00f6flin\",\"@id\":\"https:\\\/\\\/news.save.ch\\\/de\\\/#\\\/schema\\\/person\\\/ad4ef21102fd6125312409ac57d5296d\"},\"headline\":\"Stromversorgungslage im Winter angespannt, jedoch nicht \u00abgef\u00e4hrdet\u00bb\",\"datePublished\":\"2022-11-09T08:07:58+00:00\",\"dateModified\":\"2023-06-12T01:26:01+00:00\",\"mainEntityOfPage\":{\"@id\":\"https:\\\/\\\/news.save.ch\\\/stromversorgungslage-im-winter-angespannt-jedoch-nicht-gefaehrdet\\\/\"},\"wordCount\":463,\"publisher\":{\"@id\":\"https:\\\/\\\/news.save.ch\\\/de\\\/#organization\"},\"image\":{\"@id\":\"https:\\\/\\\/news.save.ch\\\/stromversorgungslage-im-winter-angespannt-jedoch-nicht-gefaehrdet\\\/#primaryimage\"},\"thumbnailUrl\":\"https:\\\/\\\/news.save.ch\\\/wp-content\\\/uploads\\\/2022\\\/11\\\/Energie_Depositphotos_619983288_S.jpg\",\"keywords\":[\"Bundesamt f\u00fcr Energie\",\"Energie\",\"Energieversorgung\",\"Gasknappheitsszenario\",\"Reservekraftwerke\",\"Stromversorgungsengpass\",\"Stromversorgungssicherheit\"],\"articleSection\":[\"ALLGEMEIN\",\"SICHERHEIT\"],\"inLanguage\":\"de\"},{\"@type\":\"WebPage\",\"@id\":\"https:\\\/\\\/news.save.ch\\\/stromversorgungslage-im-winter-angespannt-jedoch-nicht-gefaehrdet\\\/\",\"url\":\"https:\\\/\\\/news.save.ch\\\/stromversorgungslage-im-winter-angespannt-jedoch-nicht-gefaehrdet\\\/\",\"name\":\"Stromversorgungslage im Winter angespannt, jedoch nicht \u00abgef\u00e4hrdet\u00bb - Save\",\"isPartOf\":{\"@id\":\"https:\\\/\\\/news.save.ch\\\/de\\\/#website\"},\"primaryImageOfPage\":{\"@id\":\"https:\\\/\\\/news.save.ch\\\/stromversorgungslage-im-winter-angespannt-jedoch-nicht-gefaehrdet\\\/#primaryimage\"},\"image\":{\"@id\":\"https:\\\/\\\/news.save.ch\\\/stromversorgungslage-im-winter-angespannt-jedoch-nicht-gefaehrdet\\\/#primaryimage\"},\"thumbnailUrl\":\"https:\\\/\\\/news.save.ch\\\/wp-content\\\/uploads\\\/2022\\\/11\\\/Energie_Depositphotos_619983288_S.jpg\",\"datePublished\":\"2022-11-09T08:07:58+00:00\",\"dateModified\":\"2023-06-12T01:26:01+00:00\",\"description\":\"Die Stromversorgungssicherheit der Schweiz im Winter dieses und n\u00e4chsten Jahres ist laut dem Bund nicht gravierend gef\u00e4hrdet, dennoch k\u00f6nnen Versorgungsengp\u00e4sse nicht ausgeschlossen werden.\",\"breadcrumb\":{\"@id\":\"https:\\\/\\\/news.save.ch\\\/stromversorgungslage-im-winter-angespannt-jedoch-nicht-gefaehrdet\\\/#breadcrumb\"},\"inLanguage\":\"de\",\"potentialAction\":[{\"@type\":\"ReadAction\",\"target\":[\"https:\\\/\\\/news.save.ch\\\/stromversorgungslage-im-winter-angespannt-jedoch-nicht-gefaehrdet\\\/\"]}]},{\"@type\":\"ImageObject\",\"inLanguage\":\"de\",\"@id\":\"https:\\\/\\\/news.save.ch\\\/stromversorgungslage-im-winter-angespannt-jedoch-nicht-gefaehrdet\\\/#primaryimage\",\"url\":\"https:\\\/\\\/news.save.ch\\\/wp-content\\\/uploads\\\/2022\\\/11\\\/Energie_Depositphotos_619983288_S.jpg\",\"contentUrl\":\"https:\\\/\\\/news.save.ch\\\/wp-content\\\/uploads\\\/2022\\\/11\\\/Energie_Depositphotos_619983288_S.jpg\",\"width\":1000,\"height\":667,\"caption\":\"Power line and flag of Switzerland. Energy crisis. Concept of global energy crisis. Decreased electricity generation. Graph arrow is down. Increase in electricity consumption\"},{\"@type\":\"BreadcrumbList\",\"@id\":\"https:\\\/\\\/news.save.ch\\\/stromversorgungslage-im-winter-angespannt-jedoch-nicht-gefaehrdet\\\/#breadcrumb\",\"itemListElement\":[{\"@type\":\"ListItem\",\"position\":1,\"name\":\"Home\",\"item\":\"https:\\\/\\\/news.save.ch\\\/de\\\/\"},{\"@type\":\"ListItem\",\"position\":2,\"name\":\"Stromversorgungslage im Winter angespannt, jedoch nicht \u00abgef\u00e4hrdet\u00bb\"}]},{\"@type\":\"WebSite\",\"@id\":\"https:\\\/\\\/news.save.ch\\\/de\\\/#website\",\"url\":\"https:\\\/\\\/news.save.ch\\\/de\\\/\",\"name\":\"Save\",\"description\":\"Schweizer Fachzeitschrift f\u00fcr Sicherheit\",\"publisher\":{\"@id\":\"https:\\\/\\\/news.save.ch\\\/de\\\/#organization\"},\"potentialAction\":[{\"@type\":\"SearchAction\",\"target\":{\"@type\":\"EntryPoint\",\"urlTemplate\":\"https:\\\/\\\/news.save.ch\\\/de\\\/?s={search_term_string}\"},\"query-input\":{\"@type\":\"PropertyValueSpecification\",\"valueRequired\":true,\"valueName\":\"search_term_string\"}}],\"inLanguage\":\"de\"},{\"@type\":\"Organization\",\"@id\":\"https:\\\/\\\/news.save.ch\\\/de\\\/#organization\",\"name\":\"Sicherheitsforum\",\"url\":\"https:\\\/\\\/news.save.ch\\\/de\\\/\",\"logo\":{\"@type\":\"ImageObject\",\"inLanguage\":\"de\",\"@id\":\"https:\\\/\\\/news.save.ch\\\/de\\\/#\\\/schema\\\/logo\\\/image\\\/\",\"url\":\"https:\\\/\\\/news.save.ch\\\/wp-content\\\/uploads\\\/2022\\\/06\\\/Logo_SF_2012.png\",\"contentUrl\":\"https:\\\/\\\/news.save.ch\\\/wp-content\\\/uploads\\\/2022\\\/06\\\/Logo_SF_2012.png\",\"width\":1100,\"height\":91,\"caption\":\"Sicherheitsforum\"},\"image\":{\"@id\":\"https:\\\/\\\/news.save.ch\\\/de\\\/#\\\/schema\\\/logo\\\/image\\\/\"}},{\"@type\":\"Person\",\"@id\":\"https:\\\/\\\/news.save.ch\\\/de\\\/#\\\/schema\\\/person\\\/ad4ef21102fd6125312409ac57d5296d\",\"name\":\"Simon Gr\u00f6flin\",\"image\":{\"@type\":\"ImageObject\",\"inLanguage\":\"de\",\"@id\":\"https:\\\/\\\/secure.gravatar.com\\\/avatar\\\/6ddceb80eb734354635539e0ea5140bb7c41e42de7c45c9a2ab9921b5d5c9a83?s=96&d=mm&r=g\",\"url\":\"https:\\\/\\\/secure.gravatar.com\\\/avatar\\\/6ddceb80eb734354635539e0ea5140bb7c41e42de7c45c9a2ab9921b5d5c9a83?s=96&d=mm&r=g\",\"contentUrl\":\"https:\\\/\\\/secure.gravatar.com\\\/avatar\\\/6ddceb80eb734354635539e0ea5140bb7c41e42de7c45c9a2ab9921b5d5c9a83?s=96&d=mm&r=g\",\"caption\":\"Simon Gr\u00f6flin\"},\"url\":\"https:\\\/\\\/news.save.ch\\\/de\\\/author\\\/simon-groeflin\\\/\"}]}<\/script>\n<!-- \/ Yoast SEO plugin. -->","yoast_head_json":{"title":"Stromversorgungslage im Winter angespannt, jedoch nicht \u00abgef\u00e4hrdet\u00bb - Save","description":"Die Stromversorgungssicherheit der Schweiz im Winter dieses und n\u00e4chsten Jahres ist laut dem Bund nicht gravierend gef\u00e4hrdet, dennoch k\u00f6nnen Versorgungsengp\u00e4sse nicht ausgeschlossen werden.","robots":{"index":"index","follow":"follow","max-snippet":"max-snippet:-1","max-image-preview":"max-image-preview:large","max-video-preview":"max-video-preview:-1"},"canonical":"https:\/\/news.save.ch\/de\/stromversorgungslage-im-winter-angespannt-jedoch-nicht-gefaehrdet\/","og_locale":"de_DE","og_type":"article","og_title":"Stromversorgungslage im Winter angespannt, jedoch nicht \u00abgef\u00e4hrdet\u00bb - Save","og_description":"Die Stromversorgungssicherheit der Schweiz im Winter dieses und n\u00e4chsten Jahres ist laut dem Bund nicht gravierend gef\u00e4hrdet, dennoch k\u00f6nnen Versorgungsengp\u00e4sse nicht ausgeschlossen werden.","og_url":"https:\/\/news.save.ch\/de\/stromversorgungslage-im-winter-angespannt-jedoch-nicht-gefaehrdet\/","og_site_name":"Save","article_published_time":"2022-11-09T08:07:58+00:00","article_modified_time":"2023-06-12T01:26:01+00:00","og_image":[{"width":1000,"height":667,"url":"https:\/\/news.save.ch\/wp-content\/uploads\/2022\/11\/Energie_Depositphotos_619983288_S.jpg","type":"image\/jpeg"}],"author":"Simon Gr\u00f6flin","twitter_card":"summary_large_image","twitter_misc":{"Geschrieben von":"Simon Gr\u00f6flin","Gesch\u00e4tzte Lesezeit":"3\u00a0Minuten"},"schema":{"@context":"https:\/\/schema.org","@graph":[{"@type":"Article","@id":"https:\/\/news.save.ch\/stromversorgungslage-im-winter-angespannt-jedoch-nicht-gefaehrdet\/#article","isPartOf":{"@id":"https:\/\/news.save.ch\/stromversorgungslage-im-winter-angespannt-jedoch-nicht-gefaehrdet\/"},"author":{"name":"Simon Gr\u00f6flin","@id":"https:\/\/news.save.ch\/de\/#\/schema\/person\/ad4ef21102fd6125312409ac57d5296d"},"headline":"Stromversorgungslage im Winter angespannt, jedoch nicht \u00abgef\u00e4hrdet\u00bb","datePublished":"2022-11-09T08:07:58+00:00","dateModified":"2023-06-12T01:26:01+00:00","mainEntityOfPage":{"@id":"https:\/\/news.save.ch\/stromversorgungslage-im-winter-angespannt-jedoch-nicht-gefaehrdet\/"},"wordCount":463,"publisher":{"@id":"https:\/\/news.save.ch\/de\/#organization"},"image":{"@id":"https:\/\/news.save.ch\/stromversorgungslage-im-winter-angespannt-jedoch-nicht-gefaehrdet\/#primaryimage"},"thumbnailUrl":"https:\/\/news.save.ch\/wp-content\/uploads\/2022\/11\/Energie_Depositphotos_619983288_S.jpg","keywords":["Bundesamt f\u00fcr Energie","Energie","Energieversorgung","Gasknappheitsszenario","Reservekraftwerke","Stromversorgungsengpass","Stromversorgungssicherheit"],"articleSection":["ALLGEMEIN","SICHERHEIT"],"inLanguage":"de"},{"@type":"WebPage","@id":"https:\/\/news.save.ch\/stromversorgungslage-im-winter-angespannt-jedoch-nicht-gefaehrdet\/","url":"https:\/\/news.save.ch\/stromversorgungslage-im-winter-angespannt-jedoch-nicht-gefaehrdet\/","name":"Stromversorgungslage im Winter angespannt, jedoch nicht \u00abgef\u00e4hrdet\u00bb - Save","isPartOf":{"@id":"https:\/\/news.save.ch\/de\/#website"},"primaryImageOfPage":{"@id":"https:\/\/news.save.ch\/stromversorgungslage-im-winter-angespannt-jedoch-nicht-gefaehrdet\/#primaryimage"},"image":{"@id":"https:\/\/news.save.ch\/stromversorgungslage-im-winter-angespannt-jedoch-nicht-gefaehrdet\/#primaryimage"},"thumbnailUrl":"https:\/\/news.save.ch\/wp-content\/uploads\/2022\/11\/Energie_Depositphotos_619983288_S.jpg","datePublished":"2022-11-09T08:07:58+00:00","dateModified":"2023-06-12T01:26:01+00:00","description":"Die Stromversorgungssicherheit der Schweiz im Winter dieses und n\u00e4chsten Jahres ist laut dem Bund nicht gravierend gef\u00e4hrdet, dennoch k\u00f6nnen Versorgungsengp\u00e4sse nicht ausgeschlossen werden.","breadcrumb":{"@id":"https:\/\/news.save.ch\/stromversorgungslage-im-winter-angespannt-jedoch-nicht-gefaehrdet\/#breadcrumb"},"inLanguage":"de","potentialAction":[{"@type":"ReadAction","target":["https:\/\/news.save.ch\/stromversorgungslage-im-winter-angespannt-jedoch-nicht-gefaehrdet\/"]}]},{"@type":"ImageObject","inLanguage":"de","@id":"https:\/\/news.save.ch\/stromversorgungslage-im-winter-angespannt-jedoch-nicht-gefaehrdet\/#primaryimage","url":"https:\/\/news.save.ch\/wp-content\/uploads\/2022\/11\/Energie_Depositphotos_619983288_S.jpg","contentUrl":"https:\/\/news.save.ch\/wp-content\/uploads\/2022\/11\/Energie_Depositphotos_619983288_S.jpg","width":1000,"height":667,"caption":"Power line and flag of Switzerland. Energy crisis. Concept of global energy crisis. Decreased electricity generation. Graph arrow is down. Increase in electricity consumption"},{"@type":"BreadcrumbList","@id":"https:\/\/news.save.ch\/stromversorgungslage-im-winter-angespannt-jedoch-nicht-gefaehrdet\/#breadcrumb","itemListElement":[{"@type":"ListItem","position":1,"name":"Home","item":"https:\/\/news.save.ch\/de\/"},{"@type":"ListItem","position":2,"name":"Stromversorgungslage im Winter angespannt, jedoch nicht \u00abgef\u00e4hrdet\u00bb"}]},{"@type":"WebSite","@id":"https:\/\/news.save.ch\/de\/#website","url":"https:\/\/news.save.ch\/de\/","name":"Save","description":"Schweizer Fachzeitschrift f\u00fcr Sicherheit","publisher":{"@id":"https:\/\/news.save.ch\/de\/#organization"},"potentialAction":[{"@type":"SearchAction","target":{"@type":"EntryPoint","urlTemplate":"https:\/\/news.save.ch\/de\/?s={search_term_string}"},"query-input":{"@type":"PropertyValueSpecification","valueRequired":true,"valueName":"search_term_string"}}],"inLanguage":"de"},{"@type":"Organization","@id":"https:\/\/news.save.ch\/de\/#organization","name":"Sicherheitsforum","url":"https:\/\/news.save.ch\/de\/","logo":{"@type":"ImageObject","inLanguage":"de","@id":"https:\/\/news.save.ch\/de\/#\/schema\/logo\/image\/","url":"https:\/\/news.save.ch\/wp-content\/uploads\/2022\/06\/Logo_SF_2012.png","contentUrl":"https:\/\/news.save.ch\/wp-content\/uploads\/2022\/06\/Logo_SF_2012.png","width":1100,"height":91,"caption":"Sicherheitsforum"},"image":{"@id":"https:\/\/news.save.ch\/de\/#\/schema\/logo\/image\/"}},{"@type":"Person","@id":"https:\/\/news.save.ch\/de\/#\/schema\/person\/ad4ef21102fd6125312409ac57d5296d","name":"Simon Gr\u00f6flin","image":{"@type":"ImageObject","inLanguage":"de","@id":"https:\/\/secure.gravatar.com\/avatar\/6ddceb80eb734354635539e0ea5140bb7c41e42de7c45c9a2ab9921b5d5c9a83?s=96&d=mm&r=g","url":"https:\/\/secure.gravatar.com\/avatar\/6ddceb80eb734354635539e0ea5140bb7c41e42de7c45c9a2ab9921b5d5c9a83?s=96&d=mm&r=g","contentUrl":"https:\/\/secure.gravatar.com\/avatar\/6ddceb80eb734354635539e0ea5140bb7c41e42de7c45c9a2ab9921b5d5c9a83?s=96&d=mm&r=g","caption":"Simon Gr\u00f6flin"},"url":"https:\/\/news.save.ch\/de\/author\/simon-groeflin\/"}]}},"_links":{"self":[{"href":"https:\/\/news.save.ch\/de\/wp-json\/wp\/v2\/posts\/15264","targetHints":{"allow":["GET"]}}],"collection":[{"href":"https:\/\/news.save.ch\/de\/wp-json\/wp\/v2\/posts"}],"about":[{"href":"https:\/\/news.save.ch\/de\/wp-json\/wp\/v2\/types\/post"}],"author":[{"embeddable":true,"href":"https:\/\/news.save.ch\/de\/wp-json\/wp\/v2\/users\/9"}],"replies":[{"embeddable":true,"href":"https:\/\/news.save.ch\/de\/wp-json\/wp\/v2\/comments?post=15264"}],"version-history":[{"count":3,"href":"https:\/\/news.save.ch\/de\/wp-json\/wp\/v2\/posts\/15264\/revisions"}],"predecessor-version":[{"id":19793,"href":"https:\/\/news.save.ch\/de\/wp-json\/wp\/v2\/posts\/15264\/revisions\/19793"}],"wp:featuredmedia":[{"embeddable":true,"href":"https:\/\/news.save.ch\/de\/wp-json\/wp\/v2\/media\/15266"}],"wp:attachment":[{"href":"https:\/\/news.save.ch\/de\/wp-json\/wp\/v2\/media?parent=15264"}],"wp:term":[{"taxonomy":"category","embeddable":true,"href":"https:\/\/news.save.ch\/de\/wp-json\/wp\/v2\/categories?post=15264"},{"taxonomy":"post_tag","embeddable":true,"href":"https:\/\/news.save.ch\/de\/wp-json\/wp\/v2\/tags?post=15264"}],"curies":[{"name":"wp","href":"https:\/\/api.w.org\/{rel}","templated":true}]}}