{"id":15288,"date":"2022-11-11T09:37:18","date_gmt":"2022-11-11T08:37:18","guid":{"rendered":"https:\/\/news.save.ch\/?p=15288"},"modified":"2023-06-12T03:03:42","modified_gmt":"2023-06-12T01:03:42","slug":"eu-will-hastig-neues-cyber-center-aufbauen","status":null,"type":"post","link":"https:\/\/news.save.ch\/de\/eu-will-hastig-neues-cyber-center-aufbauen\/","title":{"rendered":"EU will hastig neues Cyber Center aufbauen"},"content":{"rendered":"<figure id=\"attachment_15290\" aria-describedby=\"caption-attachment-15290\" style=\"width: 1000px\" class=\"wp-caption alignnone\"><img loading=\"lazy\" decoding=\"async\" class=\"wp-image-15290 size-full\" src=\"https:\/\/news.save.ch\/wp-content\/uploads\/2022\/11\/Depositphotos_163522680_S.jpg\" alt=\"EU-Kommission\" width=\"1000\" height=\"563\" srcset=\"https:\/\/news.save.ch\/wp-content\/uploads\/2022\/11\/Depositphotos_163522680_S.jpg 1000w, https:\/\/news.save.ch\/wp-content\/uploads\/2022\/11\/Depositphotos_163522680_S-375x211.jpg 375w\" sizes=\"auto, (max-width: 1000px) 100vw, 1000px\" \/><figcaption id=\"caption-attachment-15290\" class=\"wp-caption-text\">Bild: depositphotos<\/figcaption><\/figure>\n<p>Russlands Angriffskrieg veranlasst die EU-Kommission, ein neues Beobachtungszentrum f\u00fcr den Cyberraum einzurichten. In einer Ausschreibung vom 25. Oktober sucht sie daher einen Anbieter, der die neue Einrichtung \u00abEU Cybersecurity situational awareness and analysis centre\u00bb aufbaut. Die Ausschreibung lief lediglich drei Wochen.<\/p>\n<p>Begr\u00fcndet wurde die Ausschreibung vom 25. Oktober bis 14. November mit der aktuellen, anhaltenden Hybrid-Bedrohung durch Russlands Angriff auf die Ukraine und des Risikos des \u00dcberschwappens auf die EU. Erw\u00e4hnt wird auch eine \u00abgesteigerte Bedrohung einer Eskalation\u00bb, und die \u00abDrohungen und Warnungen vor direkten Angriffen auf EU-Mitgliedsstaaten und wichtige Infrastruktur\u00bb (Kritis).<\/p>\n<p>22 Millionen Euro budgetiert die EU-Kommission laut \u00abHeise\u00bb den Schnellauftrag, der 48 Monate lang laufen soll. Binnen einer Woche ab Vertrags\u00adbeginn soll der Auftragnehmer ein \u00abDashboard\u00bb programmiert haben, um mehr Echtzeitdaten \u00fcber\u00a0IT-\u00adVorf\u00e4lle und -Bedrohung zu sammeln. Das neue Cyber Centre der EU-Kommission muss \u00abvoll\u00a0interoperabel mit EU-Einrichtungen\u00bb sein.<\/p>\n<p><em>Quelle: Redaktion\/Heise<\/em><\/p>\n","protected":false},"excerpt":{"rendered":"<p>Russlands Angriffskrieg veranlasst die EU-Kommission, ein neues Beobachtungszentrum f\u00fcr den Cyberraum einzurichten. In einer Ausschreibung vom 25. Oktober sucht sie daher einen Anbieter, der die neue Einrichtung \u00abEU Cybersecurity situational awareness and analysis centre\u00bb aufbaut. Die Ausschreibung lief lediglich drei Wochen. Begr\u00fcndet wurde die Ausschreibung vom 25. Oktober bis 14. November mit der aktuellen, anhaltenden [&hellip;]<\/p>\n","protected":false},"author":9,"featured_media":15290,"comment_status":"closed","ping_status":"closed","sticky":false,"template":"","format":"standard","meta":{"_acf_changed":false,"pgc_sgb_lightbox_settings":"","footnotes":""},"categories":[1],"tags":[1518,657,3905,1077,3904,3906,63,1246],"class_list":["post-15288","post","type-post","status-publish","format-standard","has-post-thumbnail","hentry","category-allgemein","tag-ausschreibung","tag-cyber-security","tag-cyberraum","tag-eu","tag-eu-kommission","tag-hybrid-bedrohung","tag-it-security","tag-russland"],"acf":[],"hkrextid":null,"publication":null,"issue":null,"workflow":null,"startPage":null,"spitzmarke":null,"_posts_by_tag_page_fields":null,"_at_widget":null,"_yoast_wpseo_primary_category":"","_yoast_wpseo_focuskw_text_input":null,"_yoast_wpseo_opengraph-image":null,"_yoast_wpseo_opengraph-description":null,"_yoast_wpseo_opengraph-title":null,"enclosure":null,"_yoast_wpseo_twitter-title":null,"_yoast_wpseo_twitter-description":null,"_yoast_wpseo_twitter-image":null,"_wp_old_slug":null,"_yoast_wpseo_title":null,"_yoast_wpseo_canonical":null,"yoast_head":"<!-- This site is optimized with the Yoast SEO plugin v27.4 - https:\/\/yoast.com\/product\/yoast-seo-wordpress\/ -->\n<title>EU will hastig neues Cyber Center aufbauen - Save<\/title>\n<meta name=\"description\" content=\"Erst seit wenigen Wochen l\u00e4uft bei der EU-Kommission eine Ausschreibung zu einem Schnellauftrag zur Errichtung eines neuen Cyber Centers f\u00fcr Europa. Seit drei Wochen wird emsig eine eigene Stelle zur Beobachtung des virtuellen Raums evaluiert.\u00a0\" \/>\n<meta name=\"robots\" content=\"index, follow, max-snippet:-1, max-image-preview:large, max-video-preview:-1\" \/>\n<link rel=\"canonical\" href=\"https:\/\/news.save.ch\/de\/eu-will-hastig-neues-cyber-center-aufbauen\/\" \/>\n<meta property=\"og:locale\" content=\"de_DE\" \/>\n<meta property=\"og:type\" content=\"article\" \/>\n<meta property=\"og:title\" content=\"EU will hastig neues Cyber Center aufbauen - Save\" \/>\n<meta property=\"og:description\" content=\"Erst seit wenigen Wochen l\u00e4uft bei der EU-Kommission eine Ausschreibung zu einem Schnellauftrag zur Errichtung eines neuen Cyber Centers f\u00fcr Europa. Seit drei Wochen wird emsig eine eigene Stelle zur Beobachtung des virtuellen Raums evaluiert.\u00a0\" \/>\n<meta property=\"og:url\" content=\"https:\/\/news.save.ch\/de\/eu-will-hastig-neues-cyber-center-aufbauen\/\" \/>\n<meta property=\"og:site_name\" content=\"Save\" \/>\n<meta property=\"article:published_time\" content=\"2022-11-11T08:37:18+00:00\" \/>\n<meta property=\"article:modified_time\" content=\"2023-06-12T01:03:42+00:00\" \/>\n<meta property=\"og:image\" content=\"https:\/\/news.save.ch\/wp-content\/uploads\/2022\/11\/Depositphotos_163522680_S.jpg\" \/>\n\t<meta property=\"og:image:width\" content=\"1000\" \/>\n\t<meta property=\"og:image:height\" content=\"563\" \/>\n\t<meta property=\"og:image:type\" content=\"image\/jpeg\" \/>\n<meta name=\"author\" content=\"Simon Gr\u00f6flin\" \/>\n<meta name=\"twitter:card\" content=\"summary_large_image\" \/>\n<meta name=\"twitter:label1\" content=\"Geschrieben von\" \/>\n\t<meta name=\"twitter:data1\" content=\"Simon Gr\u00f6flin\" \/>\n\t<meta name=\"twitter:label2\" content=\"Gesch\u00e4tzte Lesezeit\" \/>\n\t<meta name=\"twitter:data2\" content=\"2\u00a0Minuten\" \/>\n<script type=\"application\/ld+json\" class=\"yoast-schema-graph\">{\"@context\":\"https:\\\/\\\/schema.org\",\"@graph\":[{\"@type\":\"Article\",\"@id\":\"https:\\\/\\\/news.save.ch\\\/eu-will-hastig-neues-cyber-center-aufbauen\\\/#article\",\"isPartOf\":{\"@id\":\"https:\\\/\\\/news.save.ch\\\/eu-will-hastig-neues-cyber-center-aufbauen\\\/\"},\"author\":{\"name\":\"Simon Gr\u00f6flin\",\"@id\":\"https:\\\/\\\/news.save.ch\\\/de\\\/#\\\/schema\\\/person\\\/ad4ef21102fd6125312409ac57d5296d\"},\"headline\":\"EU will hastig neues Cyber Center aufbauen\",\"datePublished\":\"2022-11-11T08:37:18+00:00\",\"dateModified\":\"2023-06-12T01:03:42+00:00\",\"mainEntityOfPage\":{\"@id\":\"https:\\\/\\\/news.save.ch\\\/eu-will-hastig-neues-cyber-center-aufbauen\\\/\"},\"wordCount\":161,\"publisher\":{\"@id\":\"https:\\\/\\\/news.save.ch\\\/de\\\/#organization\"},\"image\":{\"@id\":\"https:\\\/\\\/news.save.ch\\\/eu-will-hastig-neues-cyber-center-aufbauen\\\/#primaryimage\"},\"thumbnailUrl\":\"https:\\\/\\\/news.save.ch\\\/wp-content\\\/uploads\\\/2022\\\/11\\\/Depositphotos_163522680_S.jpg\",\"keywords\":[\"Ausschreibung\",\"Cyber-Security\",\"Cyberraum\",\"EU\",\"EU-Kommission\",\"Hybrid-Bedrohung\",\"IT-SECURITY\",\"Russland\"],\"articleSection\":[\"ALLGEMEIN\"],\"inLanguage\":\"de\"},{\"@type\":\"WebPage\",\"@id\":\"https:\\\/\\\/news.save.ch\\\/eu-will-hastig-neues-cyber-center-aufbauen\\\/\",\"url\":\"https:\\\/\\\/news.save.ch\\\/eu-will-hastig-neues-cyber-center-aufbauen\\\/\",\"name\":\"EU will hastig neues Cyber Center aufbauen - Save\",\"isPartOf\":{\"@id\":\"https:\\\/\\\/news.save.ch\\\/de\\\/#website\"},\"primaryImageOfPage\":{\"@id\":\"https:\\\/\\\/news.save.ch\\\/eu-will-hastig-neues-cyber-center-aufbauen\\\/#primaryimage\"},\"image\":{\"@id\":\"https:\\\/\\\/news.save.ch\\\/eu-will-hastig-neues-cyber-center-aufbauen\\\/#primaryimage\"},\"thumbnailUrl\":\"https:\\\/\\\/news.save.ch\\\/wp-content\\\/uploads\\\/2022\\\/11\\\/Depositphotos_163522680_S.jpg\",\"datePublished\":\"2022-11-11T08:37:18+00:00\",\"dateModified\":\"2023-06-12T01:03:42+00:00\",\"description\":\"Erst seit wenigen Wochen l\u00e4uft bei der EU-Kommission eine Ausschreibung zu einem Schnellauftrag zur Errichtung eines neuen Cyber Centers f\u00fcr Europa. Seit drei Wochen wird emsig eine eigene Stelle zur Beobachtung des virtuellen Raums evaluiert.\u00a0\",\"breadcrumb\":{\"@id\":\"https:\\\/\\\/news.save.ch\\\/eu-will-hastig-neues-cyber-center-aufbauen\\\/#breadcrumb\"},\"inLanguage\":\"de\",\"potentialAction\":[{\"@type\":\"ReadAction\",\"target\":[\"https:\\\/\\\/news.save.ch\\\/eu-will-hastig-neues-cyber-center-aufbauen\\\/\"]}]},{\"@type\":\"ImageObject\",\"inLanguage\":\"de\",\"@id\":\"https:\\\/\\\/news.save.ch\\\/eu-will-hastig-neues-cyber-center-aufbauen\\\/#primaryimage\",\"url\":\"https:\\\/\\\/news.save.ch\\\/wp-content\\\/uploads\\\/2022\\\/11\\\/Depositphotos_163522680_S.jpg\",\"contentUrl\":\"https:\\\/\\\/news.save.ch\\\/wp-content\\\/uploads\\\/2022\\\/11\\\/Depositphotos_163522680_S.jpg\",\"width\":1000,\"height\":563,\"caption\":\"Close-up Shot of Hacker using Keyboard. There is Coffee Cups and Computer Monitors with Various Information.\"},{\"@type\":\"BreadcrumbList\",\"@id\":\"https:\\\/\\\/news.save.ch\\\/eu-will-hastig-neues-cyber-center-aufbauen\\\/#breadcrumb\",\"itemListElement\":[{\"@type\":\"ListItem\",\"position\":1,\"name\":\"Home\",\"item\":\"https:\\\/\\\/news.save.ch\\\/de\\\/\"},{\"@type\":\"ListItem\",\"position\":2,\"name\":\"EU will hastig neues Cyber Center aufbauen\"}]},{\"@type\":\"WebSite\",\"@id\":\"https:\\\/\\\/news.save.ch\\\/de\\\/#website\",\"url\":\"https:\\\/\\\/news.save.ch\\\/de\\\/\",\"name\":\"Save\",\"description\":\"Schweizer Fachzeitschrift f\u00fcr Sicherheit\",\"publisher\":{\"@id\":\"https:\\\/\\\/news.save.ch\\\/de\\\/#organization\"},\"potentialAction\":[{\"@type\":\"SearchAction\",\"target\":{\"@type\":\"EntryPoint\",\"urlTemplate\":\"https:\\\/\\\/news.save.ch\\\/de\\\/?s={search_term_string}\"},\"query-input\":{\"@type\":\"PropertyValueSpecification\",\"valueRequired\":true,\"valueName\":\"search_term_string\"}}],\"inLanguage\":\"de\"},{\"@type\":\"Organization\",\"@id\":\"https:\\\/\\\/news.save.ch\\\/de\\\/#organization\",\"name\":\"Sicherheitsforum\",\"url\":\"https:\\\/\\\/news.save.ch\\\/de\\\/\",\"logo\":{\"@type\":\"ImageObject\",\"inLanguage\":\"de\",\"@id\":\"https:\\\/\\\/news.save.ch\\\/de\\\/#\\\/schema\\\/logo\\\/image\\\/\",\"url\":\"https:\\\/\\\/news.save.ch\\\/wp-content\\\/uploads\\\/2022\\\/06\\\/Logo_SF_2012.png\",\"contentUrl\":\"https:\\\/\\\/news.save.ch\\\/wp-content\\\/uploads\\\/2022\\\/06\\\/Logo_SF_2012.png\",\"width\":1100,\"height\":91,\"caption\":\"Sicherheitsforum\"},\"image\":{\"@id\":\"https:\\\/\\\/news.save.ch\\\/de\\\/#\\\/schema\\\/logo\\\/image\\\/\"}},{\"@type\":\"Person\",\"@id\":\"https:\\\/\\\/news.save.ch\\\/de\\\/#\\\/schema\\\/person\\\/ad4ef21102fd6125312409ac57d5296d\",\"name\":\"Simon Gr\u00f6flin\",\"image\":{\"@type\":\"ImageObject\",\"inLanguage\":\"de\",\"@id\":\"https:\\\/\\\/secure.gravatar.com\\\/avatar\\\/6ddceb80eb734354635539e0ea5140bb7c41e42de7c45c9a2ab9921b5d5c9a83?s=96&d=mm&r=g\",\"url\":\"https:\\\/\\\/secure.gravatar.com\\\/avatar\\\/6ddceb80eb734354635539e0ea5140bb7c41e42de7c45c9a2ab9921b5d5c9a83?s=96&d=mm&r=g\",\"contentUrl\":\"https:\\\/\\\/secure.gravatar.com\\\/avatar\\\/6ddceb80eb734354635539e0ea5140bb7c41e42de7c45c9a2ab9921b5d5c9a83?s=96&d=mm&r=g\",\"caption\":\"Simon Gr\u00f6flin\"},\"url\":\"https:\\\/\\\/news.save.ch\\\/de\\\/author\\\/simon-groeflin\\\/\"}]}<\/script>\n<!-- \/ Yoast SEO plugin. -->","yoast_head_json":{"title":"EU will hastig neues Cyber Center aufbauen - Save","description":"Erst seit wenigen Wochen l\u00e4uft bei der EU-Kommission eine Ausschreibung zu einem Schnellauftrag zur Errichtung eines neuen Cyber Centers f\u00fcr Europa. Seit drei Wochen wird emsig eine eigene Stelle zur Beobachtung des virtuellen Raums evaluiert.\u00a0","robots":{"index":"index","follow":"follow","max-snippet":"max-snippet:-1","max-image-preview":"max-image-preview:large","max-video-preview":"max-video-preview:-1"},"canonical":"https:\/\/news.save.ch\/de\/eu-will-hastig-neues-cyber-center-aufbauen\/","og_locale":"de_DE","og_type":"article","og_title":"EU will hastig neues Cyber Center aufbauen - Save","og_description":"Erst seit wenigen Wochen l\u00e4uft bei der EU-Kommission eine Ausschreibung zu einem Schnellauftrag zur Errichtung eines neuen Cyber Centers f\u00fcr Europa. Seit drei Wochen wird emsig eine eigene Stelle zur Beobachtung des virtuellen Raums evaluiert.\u00a0","og_url":"https:\/\/news.save.ch\/de\/eu-will-hastig-neues-cyber-center-aufbauen\/","og_site_name":"Save","article_published_time":"2022-11-11T08:37:18+00:00","article_modified_time":"2023-06-12T01:03:42+00:00","og_image":[{"width":1000,"height":563,"url":"https:\/\/news.save.ch\/wp-content\/uploads\/2022\/11\/Depositphotos_163522680_S.jpg","type":"image\/jpeg"}],"author":"Simon Gr\u00f6flin","twitter_card":"summary_large_image","twitter_misc":{"Geschrieben von":"Simon Gr\u00f6flin","Gesch\u00e4tzte Lesezeit":"2\u00a0Minuten"},"schema":{"@context":"https:\/\/schema.org","@graph":[{"@type":"Article","@id":"https:\/\/news.save.ch\/eu-will-hastig-neues-cyber-center-aufbauen\/#article","isPartOf":{"@id":"https:\/\/news.save.ch\/eu-will-hastig-neues-cyber-center-aufbauen\/"},"author":{"name":"Simon Gr\u00f6flin","@id":"https:\/\/news.save.ch\/de\/#\/schema\/person\/ad4ef21102fd6125312409ac57d5296d"},"headline":"EU will hastig neues Cyber Center aufbauen","datePublished":"2022-11-11T08:37:18+00:00","dateModified":"2023-06-12T01:03:42+00:00","mainEntityOfPage":{"@id":"https:\/\/news.save.ch\/eu-will-hastig-neues-cyber-center-aufbauen\/"},"wordCount":161,"publisher":{"@id":"https:\/\/news.save.ch\/de\/#organization"},"image":{"@id":"https:\/\/news.save.ch\/eu-will-hastig-neues-cyber-center-aufbauen\/#primaryimage"},"thumbnailUrl":"https:\/\/news.save.ch\/wp-content\/uploads\/2022\/11\/Depositphotos_163522680_S.jpg","keywords":["Ausschreibung","Cyber-Security","Cyberraum","EU","EU-Kommission","Hybrid-Bedrohung","IT-SECURITY","Russland"],"articleSection":["ALLGEMEIN"],"inLanguage":"de"},{"@type":"WebPage","@id":"https:\/\/news.save.ch\/eu-will-hastig-neues-cyber-center-aufbauen\/","url":"https:\/\/news.save.ch\/eu-will-hastig-neues-cyber-center-aufbauen\/","name":"EU will hastig neues Cyber Center aufbauen - Save","isPartOf":{"@id":"https:\/\/news.save.ch\/de\/#website"},"primaryImageOfPage":{"@id":"https:\/\/news.save.ch\/eu-will-hastig-neues-cyber-center-aufbauen\/#primaryimage"},"image":{"@id":"https:\/\/news.save.ch\/eu-will-hastig-neues-cyber-center-aufbauen\/#primaryimage"},"thumbnailUrl":"https:\/\/news.save.ch\/wp-content\/uploads\/2022\/11\/Depositphotos_163522680_S.jpg","datePublished":"2022-11-11T08:37:18+00:00","dateModified":"2023-06-12T01:03:42+00:00","description":"Erst seit wenigen Wochen l\u00e4uft bei der EU-Kommission eine Ausschreibung zu einem Schnellauftrag zur Errichtung eines neuen Cyber Centers f\u00fcr Europa. Seit drei Wochen wird emsig eine eigene Stelle zur Beobachtung des virtuellen Raums evaluiert.\u00a0","breadcrumb":{"@id":"https:\/\/news.save.ch\/eu-will-hastig-neues-cyber-center-aufbauen\/#breadcrumb"},"inLanguage":"de","potentialAction":[{"@type":"ReadAction","target":["https:\/\/news.save.ch\/eu-will-hastig-neues-cyber-center-aufbauen\/"]}]},{"@type":"ImageObject","inLanguage":"de","@id":"https:\/\/news.save.ch\/eu-will-hastig-neues-cyber-center-aufbauen\/#primaryimage","url":"https:\/\/news.save.ch\/wp-content\/uploads\/2022\/11\/Depositphotos_163522680_S.jpg","contentUrl":"https:\/\/news.save.ch\/wp-content\/uploads\/2022\/11\/Depositphotos_163522680_S.jpg","width":1000,"height":563,"caption":"Close-up Shot of Hacker using Keyboard. There is Coffee Cups and Computer Monitors with Various Information."},{"@type":"BreadcrumbList","@id":"https:\/\/news.save.ch\/eu-will-hastig-neues-cyber-center-aufbauen\/#breadcrumb","itemListElement":[{"@type":"ListItem","position":1,"name":"Home","item":"https:\/\/news.save.ch\/de\/"},{"@type":"ListItem","position":2,"name":"EU will hastig neues Cyber Center aufbauen"}]},{"@type":"WebSite","@id":"https:\/\/news.save.ch\/de\/#website","url":"https:\/\/news.save.ch\/de\/","name":"Save","description":"Schweizer Fachzeitschrift f\u00fcr Sicherheit","publisher":{"@id":"https:\/\/news.save.ch\/de\/#organization"},"potentialAction":[{"@type":"SearchAction","target":{"@type":"EntryPoint","urlTemplate":"https:\/\/news.save.ch\/de\/?s={search_term_string}"},"query-input":{"@type":"PropertyValueSpecification","valueRequired":true,"valueName":"search_term_string"}}],"inLanguage":"de"},{"@type":"Organization","@id":"https:\/\/news.save.ch\/de\/#organization","name":"Sicherheitsforum","url":"https:\/\/news.save.ch\/de\/","logo":{"@type":"ImageObject","inLanguage":"de","@id":"https:\/\/news.save.ch\/de\/#\/schema\/logo\/image\/","url":"https:\/\/news.save.ch\/wp-content\/uploads\/2022\/06\/Logo_SF_2012.png","contentUrl":"https:\/\/news.save.ch\/wp-content\/uploads\/2022\/06\/Logo_SF_2012.png","width":1100,"height":91,"caption":"Sicherheitsforum"},"image":{"@id":"https:\/\/news.save.ch\/de\/#\/schema\/logo\/image\/"}},{"@type":"Person","@id":"https:\/\/news.save.ch\/de\/#\/schema\/person\/ad4ef21102fd6125312409ac57d5296d","name":"Simon Gr\u00f6flin","image":{"@type":"ImageObject","inLanguage":"de","@id":"https:\/\/secure.gravatar.com\/avatar\/6ddceb80eb734354635539e0ea5140bb7c41e42de7c45c9a2ab9921b5d5c9a83?s=96&d=mm&r=g","url":"https:\/\/secure.gravatar.com\/avatar\/6ddceb80eb734354635539e0ea5140bb7c41e42de7c45c9a2ab9921b5d5c9a83?s=96&d=mm&r=g","contentUrl":"https:\/\/secure.gravatar.com\/avatar\/6ddceb80eb734354635539e0ea5140bb7c41e42de7c45c9a2ab9921b5d5c9a83?s=96&d=mm&r=g","caption":"Simon Gr\u00f6flin"},"url":"https:\/\/news.save.ch\/de\/author\/simon-groeflin\/"}]}},"_links":{"self":[{"href":"https:\/\/news.save.ch\/de\/wp-json\/wp\/v2\/posts\/15288","targetHints":{"allow":["GET"]}}],"collection":[{"href":"https:\/\/news.save.ch\/de\/wp-json\/wp\/v2\/posts"}],"about":[{"href":"https:\/\/news.save.ch\/de\/wp-json\/wp\/v2\/types\/post"}],"author":[{"embeddable":true,"href":"https:\/\/news.save.ch\/de\/wp-json\/wp\/v2\/users\/9"}],"replies":[{"embeddable":true,"href":"https:\/\/news.save.ch\/de\/wp-json\/wp\/v2\/comments?post=15288"}],"version-history":[{"count":5,"href":"https:\/\/news.save.ch\/de\/wp-json\/wp\/v2\/posts\/15288\/revisions"}],"predecessor-version":[{"id":19790,"href":"https:\/\/news.save.ch\/de\/wp-json\/wp\/v2\/posts\/15288\/revisions\/19790"}],"wp:featuredmedia":[{"embeddable":true,"href":"https:\/\/news.save.ch\/de\/wp-json\/wp\/v2\/media\/15290"}],"wp:attachment":[{"href":"https:\/\/news.save.ch\/de\/wp-json\/wp\/v2\/media?parent=15288"}],"wp:term":[{"taxonomy":"category","embeddable":true,"href":"https:\/\/news.save.ch\/de\/wp-json\/wp\/v2\/categories?post=15288"},{"taxonomy":"post_tag","embeddable":true,"href":"https:\/\/news.save.ch\/de\/wp-json\/wp\/v2\/tags?post=15288"}],"curies":[{"name":"wp","href":"https:\/\/api.w.org\/{rel}","templated":true}]}}